{"id":23232,"date":"2020-02-26T13:16:45","date_gmt":"2020-02-26T16:16:45","guid":{"rendered":"http:\/\/noticiasemdestaque.com\/cd\/?p=23232"},"modified":"2020-02-26T13:16:45","modified_gmt":"2020-02-26T16:16:45","slug":"prouni-selecionados-na-2a-chamada-podem-comprovar-dados-ate-sexta","status":"publish","type":"post","link":"https:\/\/noticiasemdestaque.com\/cd\/?p=23232","title":{"rendered":"ProUni: selecionados na 2\u00aa chamada podem comprovar dados at\u00e9 sexta"},"content":{"rendered":"<p><a href=\"https:\/\/noticiasemdestaque.com\/cd\/wp-content\/uploads\/2017\/06\/prouni.png\"><img fetchpriority=\"high\" decoding=\"async\" class=\"alignnone size-large wp-image-297\" src=\"https:\/\/noticiasemdestaque.com\/cd\/wp-content\/uploads\/2017\/06\/prouni-1024x539.png\" alt=\"\" width=\"1024\" height=\"539\" srcset=\"https:\/\/noticiasemdestaque.com\/cd\/wp-content\/uploads\/2017\/06\/prouni-1024x539.png 1024w, https:\/\/noticiasemdestaque.com\/cd\/wp-content\/uploads\/2017\/06\/prouni-300x158.png 300w, https:\/\/noticiasemdestaque.com\/cd\/wp-content\/uploads\/2017\/06\/prouni-768x404.png 768w, https:\/\/noticiasemdestaque.com\/cd\/wp-content\/uploads\/2017\/06\/prouni.png 1300w\" sizes=\"(max-width: 1024px) 100vw, 1024px\" \/><\/a><\/p>\n<p>Os estudantes selecionados em\u00a0<span id=\"OBJ_PREFIX_DWT674_com_zimbra_date\" role=\"link\">segunda<\/span>\u00a0chamada para o Programa Universidade para Todos (ProUni) t\u00eam at\u00e9\u00a0<span id=\"OBJ_PREFIX_DWT675_com_zimbra_date\" role=\"link\">sexta<\/span>-feira (28) para comprovar as informa\u00e7\u00f5es fornecidas no ato da inscri\u00e7\u00e3o. A documenta\u00e7\u00e3o deve ser apresentada diretamente \u00e0s institui\u00e7\u00f5es de ensino.<\/p>\n<p>As bolsas de estudo n\u00e3o solicitadas ser\u00e3o destinadas aos participantes da lista de espera. O prazo para se inscrever na lista de espera \u00e9 de 6 a\u00a0<span id=\"OBJ_PREFIX_DWT676_com_zimbra_date\" role=\"link\">9 de mar<\/span>\u00e7o e a divulga\u00e7\u00e3o ser\u00e1 feita no dia\u00a0<span id=\"OBJ_PREFIX_DWT677_com_zimbra_date\" role=\"link\">12 de mar<\/span>\u00e7o.<\/p>\n<p>Neste semestre, o ProUni est\u00e1 oferecendo 252.534 bolsas. O sistema registrou mais de 1,5 milh\u00e3o de inscri\u00e7\u00f5es, feitas por 782.497 estudantes. O n\u00famero de inscri\u00e7\u00f5es \u00e9 maior que o de inscritos porque cada participante pode escolher at\u00e9 duas op\u00e7\u00f5es de institui\u00e7\u00e3o, curso e turno.<\/p>\n<p><strong><em>ProUni<\/em><\/strong><\/p>\n<p>O ProUni \u00e9 um programa do Minist\u00e9rio da Educa\u00e7\u00e3o que oferece bolsas de estudos, integrais e parciais (50%), em institui\u00e7\u00f5es particulares de educa\u00e7\u00e3o superior.<\/p>\n<p>Podem participar estudantes que tenham cursado todo o ensino m\u00e9dio na rede p\u00fablica, ou na rede particular na condi\u00e7\u00e3o de bolsista integral; estudantes com defici\u00eancia; professores da rede p\u00fablica de ensino, no efetivo exerc\u00edcio do magist\u00e9rio da educa\u00e7\u00e3o b\u00e1sica, integrantes de quadro de pessoal permanente de institui\u00e7\u00e3o p\u00fablica.<\/p>\n<p>Para concorrer \u00e0s bolsas integrais, o estudante deve comprovar renda familiar bruta mensal, por pessoa, de at\u00e9 um sal\u00e1rio m\u00ednimo e meio. Para as parciais, a renda familiar bruta mensal deve ser de at\u00e9 tr\u00eas sal\u00e1rios m\u00ednimos por pessoa.<\/p>\n<p>S\u00f3 pode se inscrever no ProUni o estudante que n\u00e3o tiver diploma de curso superior, que tenha participado do Enem mais recente e obtido, no m\u00ednimo, 450 pontos de m\u00e9dia das notas, e nota acima de zero na reda\u00e7\u00e3o.<\/p>\n<p>Fonte: Ag\u00eancia Brasil<\/p>\n","protected":false},"excerpt":{"rendered":"<p>Os estudantes selecionados em\u00a0segunda\u00a0chamada para o Programa Universidade para Todos (ProUni) t\u00eam at\u00e9\u00a0sexta-feira (28) para comprovar as informa\u00e7\u00f5es fornecidas no ato da inscri\u00e7\u00e3o. A documenta\u00e7\u00e3o deve ser apresentada diretamente \u00e0s institui\u00e7\u00f5es de ensino. As bolsas de estudo n\u00e3o solicitadas ser\u00e3o destinadas aos participantes da lista de espera. O prazo para se inscrever na lista de espera \u00e9 de 6 a\u00a09 de mar\u00e7o e a divulga\u00e7\u00e3o ser\u00e1 feita no dia\u00a012 de mar\u00e7o. Neste semestre, o ProUni est\u00e1 oferecendo 252.534 bolsas. O sistema registrou mais de 1,5 milh\u00e3o de inscri\u00e7\u00f5es, feitas por 782.497 estudantes. O n\u00famero de inscri\u00e7\u00f5es \u00e9 maior que o de inscritos porque cada participante pode escolher at\u00e9 duas op\u00e7\u00f5es de institui\u00e7\u00e3o, curso e turno. ProUni O ProUni \u00e9 um programa do Minist\u00e9rio da Educa\u00e7\u00e3o que oferece bolsas de estudos, integrais e parciais (50%), em institui\u00e7\u00f5es particulares de educa\u00e7\u00e3o superior. Podem participar estudantes que tenham cursado todo o ensino m\u00e9dio na rede p\u00fablica, ou na rede particular na condi\u00e7\u00e3o de bolsista integral; estudantes com defici\u00eancia; professores da rede p\u00fablica de ensino, no efetivo exerc\u00edcio do magist\u00e9rio da educa\u00e7\u00e3o b\u00e1sica, integrantes de quadro de pessoal permanente de institui\u00e7\u00e3o p\u00fablica. Para concorrer \u00e0s bolsas integrais, o estudante deve comprovar renda familiar bruta mensal, por pessoa, de at\u00e9 um sal\u00e1rio m\u00ednimo e meio. Para as parciais, a renda familiar bruta mensal deve ser de at\u00e9 tr\u00eas sal\u00e1rios m\u00ednimos por pessoa. S\u00f3 pode se inscrever no ProUni o estudante que n\u00e3o tiver diploma de curso superior, que tenha participado do Enem mais recente e obtido, no m\u00ednimo, 450 pontos de m\u00e9dia das notas, e nota acima de zero na reda\u00e7\u00e3o. Fonte: Ag\u00eancia Brasil<\/p>\n","protected":false},"author":2,"featured_media":297,"comment_status":"closed","ping_status":"open","sticky":false,"template":"","format":"standard","meta":{"_eb_attr":"","_jetpack_memberships_contains_paid_content":false,"footnotes":""},"categories":[6],"tags":[],"class_list":["post-23232","post","type-post","status-publish","format-standard","has-post-thumbnail","hentry","category-educacao"],"yoast_head":"<!-- This site is optimized with the Yoast SEO plugin v26.5 - https:\/\/yoast.com\/wordpress\/plugins\/seo\/ -->\n<title>ProUni: selecionados na 2\u00aa chamada podem comprovar dados at\u00e9 sexta - Not&iacute;cias em Destaque<\/title>\n<meta name=\"robots\" content=\"index, follow, max-snippet:-1, max-image-preview:large, max-video-preview:-1\" \/>\n<link rel=\"canonical\" href=\"https:\/\/noticiasemdestaque.com\/cd\/?p=23232\" \/>\n<meta property=\"og:locale\" content=\"pt_BR\" \/>\n<meta property=\"og:type\" content=\"article\" \/>\n<meta property=\"og:title\" content=\"ProUni: selecionados na 2\u00aa chamada podem comprovar dados at\u00e9 sexta - Not&iacute;cias em Destaque\" \/>\n<meta property=\"og:description\" content=\"Os estudantes selecionados em\u00a0segunda\u00a0chamada para o Programa Universidade para Todos (ProUni) t\u00eam at\u00e9\u00a0sexta-feira (28) para comprovar as informa\u00e7\u00f5es fornecidas no ato da inscri\u00e7\u00e3o. A documenta\u00e7\u00e3o deve ser apresentada diretamente \u00e0s institui\u00e7\u00f5es de ensino. As bolsas de estudo n\u00e3o solicitadas ser\u00e3o destinadas aos participantes da lista de espera. O prazo para se inscrever na lista de espera \u00e9 de 6 a\u00a09 de mar\u00e7o e a divulga\u00e7\u00e3o ser\u00e1 feita no dia\u00a012 de mar\u00e7o. Neste semestre, o ProUni est\u00e1 oferecendo 252.534 bolsas. O sistema registrou mais de 1,5 milh\u00e3o de inscri\u00e7\u00f5es, feitas por 782.497 estudantes. O n\u00famero de inscri\u00e7\u00f5es \u00e9 maior que o de inscritos porque cada participante pode escolher at\u00e9 duas op\u00e7\u00f5es de institui\u00e7\u00e3o, curso e turno. ProUni O ProUni \u00e9 um programa do Minist\u00e9rio da Educa\u00e7\u00e3o que oferece bolsas de estudos, integrais e parciais (50%), em institui\u00e7\u00f5es particulares de educa\u00e7\u00e3o superior. Podem participar estudantes que tenham cursado todo o ensino m\u00e9dio na rede p\u00fablica, ou na rede particular na condi\u00e7\u00e3o de bolsista integral; estudantes com defici\u00eancia; professores da rede p\u00fablica de ensino, no efetivo exerc\u00edcio do magist\u00e9rio da educa\u00e7\u00e3o b\u00e1sica, integrantes de quadro de pessoal permanente de institui\u00e7\u00e3o p\u00fablica. Para concorrer \u00e0s bolsas integrais, o estudante deve comprovar renda familiar bruta mensal, por pessoa, de at\u00e9 um sal\u00e1rio m\u00ednimo e meio. Para as parciais, a renda familiar bruta mensal deve ser de at\u00e9 tr\u00eas sal\u00e1rios m\u00ednimos por pessoa. S\u00f3 pode se inscrever no ProUni o estudante que n\u00e3o tiver diploma de curso superior, que tenha participado do Enem mais recente e obtido, no m\u00ednimo, 450 pontos de m\u00e9dia das notas, e nota acima de zero na reda\u00e7\u00e3o. Fonte: Ag\u00eancia Brasil\" \/>\n<meta property=\"og:url\" content=\"https:\/\/noticiasemdestaque.com\/cd\/?p=23232\" \/>\n<meta property=\"og:site_name\" content=\"Not&iacute;cias em Destaque\" \/>\n<meta property=\"article:published_time\" content=\"2020-02-26T16:16:45+00:00\" \/>\n<meta property=\"og:image\" content=\"https:\/\/noticiasemdestaque.com\/cd\/wp-content\/uploads\/2017\/06\/prouni.png\" \/>\n\t<meta property=\"og:image:width\" content=\"1300\" \/>\n\t<meta property=\"og:image:height\" content=\"684\" \/>\n\t<meta property=\"og:image:type\" content=\"image\/png\" \/>\n<meta name=\"author\" content=\"Not\u00edcias em Destaque\" \/>\n<meta name=\"twitter:card\" content=\"summary_large_image\" \/>\n<meta name=\"twitter:label1\" content=\"Escrito por\" \/>\n\t<meta name=\"twitter:data1\" content=\"Not\u00edcias em Destaque\" \/>\n\t<meta name=\"twitter:label2\" content=\"Est. tempo de leitura\" \/>\n\t<meta name=\"twitter:data2\" content=\"2 minutos\" \/>\n<script type=\"application\/ld+json\" class=\"yoast-schema-graph\">{\"@context\":\"https:\/\/schema.org\",\"@graph\":[{\"@type\":\"Article\",\"@id\":\"https:\/\/noticiasemdestaque.com\/cd\/?p=23232#article\",\"isPartOf\":{\"@id\":\"https:\/\/noticiasemdestaque.com\/cd\/?p=23232\"},\"author\":{\"name\":\"Not\u00edcias em Destaque\",\"@id\":\"https:\/\/noticiasemdestaque.com\/cd\/#\/schema\/person\/3e6ba396ff5664a69c392f09a8e1504c\"},\"headline\":\"ProUni: selecionados na 2\u00aa chamada podem comprovar dados at\u00e9 sexta\",\"datePublished\":\"2020-02-26T16:16:45+00:00\",\"mainEntityOfPage\":{\"@id\":\"https:\/\/noticiasemdestaque.com\/cd\/?p=23232\"},\"wordCount\":312,\"publisher\":{\"@id\":\"https:\/\/noticiasemdestaque.com\/cd\/#organization\"},\"image\":{\"@id\":\"https:\/\/noticiasemdestaque.com\/cd\/?p=23232#primaryimage\"},\"thumbnailUrl\":\"https:\/\/noticiasemdestaque.com\/cd\/wp-content\/uploads\/2017\/06\/prouni.png\",\"articleSection\":[\"Educa\u00e7\u00e3o\"],\"inLanguage\":\"pt-BR\"},{\"@type\":\"WebPage\",\"@id\":\"https:\/\/noticiasemdestaque.com\/cd\/?p=23232\",\"url\":\"https:\/\/noticiasemdestaque.com\/cd\/?p=23232\",\"name\":\"ProUni: selecionados na 2\u00aa chamada podem comprovar dados at\u00e9 sexta - Not&iacute;cias em Destaque\",\"isPartOf\":{\"@id\":\"https:\/\/noticiasemdestaque.com\/cd\/#website\"},\"primaryImageOfPage\":{\"@id\":\"https:\/\/noticiasemdestaque.com\/cd\/?p=23232#primaryimage\"},\"image\":{\"@id\":\"https:\/\/noticiasemdestaque.com\/cd\/?p=23232#primaryimage\"},\"thumbnailUrl\":\"https:\/\/noticiasemdestaque.com\/cd\/wp-content\/uploads\/2017\/06\/prouni.png\",\"datePublished\":\"2020-02-26T16:16:45+00:00\",\"breadcrumb\":{\"@id\":\"https:\/\/noticiasemdestaque.com\/cd\/?p=23232#breadcrumb\"},\"inLanguage\":\"pt-BR\",\"potentialAction\":[{\"@type\":\"ReadAction\",\"target\":[\"https:\/\/noticiasemdestaque.com\/cd\/?p=23232\"]}]},{\"@type\":\"ImageObject\",\"inLanguage\":\"pt-BR\",\"@id\":\"https:\/\/noticiasemdestaque.com\/cd\/?p=23232#primaryimage\",\"url\":\"https:\/\/noticiasemdestaque.com\/cd\/wp-content\/uploads\/2017\/06\/prouni.png\",\"contentUrl\":\"https:\/\/noticiasemdestaque.com\/cd\/wp-content\/uploads\/2017\/06\/prouni.png\",\"width\":1300,\"height\":684},{\"@type\":\"BreadcrumbList\",\"@id\":\"https:\/\/noticiasemdestaque.com\/cd\/?p=23232#breadcrumb\",\"itemListElement\":[{\"@type\":\"ListItem\",\"position\":1,\"name\":\"In\u00edcio\",\"item\":\"https:\/\/noticiasemdestaque.com\/cd\/\"},{\"@type\":\"ListItem\",\"position\":2,\"name\":\"ProUni: selecionados na 2\u00aa chamada podem comprovar dados at\u00e9 sexta\"}]},{\"@type\":\"WebSite\",\"@id\":\"https:\/\/noticiasemdestaque.com\/cd\/#website\",\"url\":\"https:\/\/noticiasemdestaque.com\/cd\/\",\"name\":\"Not&iacute;cias em Destaque\",\"description\":\"\",\"publisher\":{\"@id\":\"https:\/\/noticiasemdestaque.com\/cd\/#organization\"},\"potentialAction\":[{\"@type\":\"SearchAction\",\"target\":{\"@type\":\"EntryPoint\",\"urlTemplate\":\"https:\/\/noticiasemdestaque.com\/cd\/?s={search_term_string}\"},\"query-input\":{\"@type\":\"PropertyValueSpecification\",\"valueRequired\":true,\"valueName\":\"search_term_string\"}}],\"inLanguage\":\"pt-BR\"},{\"@type\":\"Organization\",\"@id\":\"https:\/\/noticiasemdestaque.com\/cd\/#organization\",\"name\":\"Not\u00edcias em Destaque\",\"url\":\"https:\/\/noticiasemdestaque.com\/cd\/\",\"logo\":{\"@type\":\"ImageObject\",\"inLanguage\":\"pt-BR\",\"@id\":\"https:\/\/noticiasemdestaque.com\/cd\/#\/schema\/logo\/image\/\",\"url\":\"https:\/\/noticiasemdestaque.com\/cd\/wp-content\/uploads\/2022\/05\/imagem-base-noticiasemdestaque.png\",\"contentUrl\":\"https:\/\/noticiasemdestaque.com\/cd\/wp-content\/uploads\/2022\/05\/imagem-base-noticiasemdestaque.png\",\"width\":1200,\"height\":630,\"caption\":\"Not\u00edcias em Destaque\"},\"image\":{\"@id\":\"https:\/\/noticiasemdestaque.com\/cd\/#\/schema\/logo\/image\/\"}},{\"@type\":\"Person\",\"@id\":\"https:\/\/noticiasemdestaque.com\/cd\/#\/schema\/person\/3e6ba396ff5664a69c392f09a8e1504c\",\"name\":\"Not\u00edcias em Destaque\",\"url\":\"https:\/\/noticiasemdestaque.com\/cd\/?author=2\"}]}<\/script>\n<!-- \/ Yoast SEO plugin. -->","yoast_head_json":{"title":"ProUni: selecionados na 2\u00aa chamada podem comprovar dados at\u00e9 sexta - Not&iacute;cias em Destaque","robots":{"index":"index","follow":"follow","max-snippet":"max-snippet:-1","max-image-preview":"max-image-preview:large","max-video-preview":"max-video-preview:-1"},"canonical":"https:\/\/noticiasemdestaque.com\/cd\/?p=23232","og_locale":"pt_BR","og_type":"article","og_title":"ProUni: selecionados na 2\u00aa chamada podem comprovar dados at\u00e9 sexta - Not&iacute;cias em Destaque","og_description":"Os estudantes selecionados em\u00a0segunda\u00a0chamada para o Programa Universidade para Todos (ProUni) t\u00eam at\u00e9\u00a0sexta-feira (28) para comprovar as informa\u00e7\u00f5es fornecidas no ato da inscri\u00e7\u00e3o. A documenta\u00e7\u00e3o deve ser apresentada diretamente \u00e0s institui\u00e7\u00f5es de ensino. As bolsas de estudo n\u00e3o solicitadas ser\u00e3o destinadas aos participantes da lista de espera. O prazo para se inscrever na lista de espera \u00e9 de 6 a\u00a09 de mar\u00e7o e a divulga\u00e7\u00e3o ser\u00e1 feita no dia\u00a012 de mar\u00e7o. Neste semestre, o ProUni est\u00e1 oferecendo 252.534 bolsas. O sistema registrou mais de 1,5 milh\u00e3o de inscri\u00e7\u00f5es, feitas por 782.497 estudantes. O n\u00famero de inscri\u00e7\u00f5es \u00e9 maior que o de inscritos porque cada participante pode escolher at\u00e9 duas op\u00e7\u00f5es de institui\u00e7\u00e3o, curso e turno. ProUni O ProUni \u00e9 um programa do Minist\u00e9rio da Educa\u00e7\u00e3o que oferece bolsas de estudos, integrais e parciais (50%), em institui\u00e7\u00f5es particulares de educa\u00e7\u00e3o superior. Podem participar estudantes que tenham cursado todo o ensino m\u00e9dio na rede p\u00fablica, ou na rede particular na condi\u00e7\u00e3o de bolsista integral; estudantes com defici\u00eancia; professores da rede p\u00fablica de ensino, no efetivo exerc\u00edcio do magist\u00e9rio da educa\u00e7\u00e3o b\u00e1sica, integrantes de quadro de pessoal permanente de institui\u00e7\u00e3o p\u00fablica. Para concorrer \u00e0s bolsas integrais, o estudante deve comprovar renda familiar bruta mensal, por pessoa, de at\u00e9 um sal\u00e1rio m\u00ednimo e meio. Para as parciais, a renda familiar bruta mensal deve ser de at\u00e9 tr\u00eas sal\u00e1rios m\u00ednimos por pessoa. S\u00f3 pode se inscrever no ProUni o estudante que n\u00e3o tiver diploma de curso superior, que tenha participado do Enem mais recente e obtido, no m\u00ednimo, 450 pontos de m\u00e9dia das notas, e nota acima de zero na reda\u00e7\u00e3o. Fonte: Ag\u00eancia Brasil","og_url":"https:\/\/noticiasemdestaque.com\/cd\/?p=23232","og_site_name":"Not&iacute;cias em Destaque","article_published_time":"2020-02-26T16:16:45+00:00","og_image":[{"width":1300,"height":684,"url":"https:\/\/noticiasemdestaque.com\/cd\/wp-content\/uploads\/2017\/06\/prouni.png","type":"image\/png"}],"author":"Not\u00edcias em Destaque","twitter_card":"summary_large_image","twitter_misc":{"Escrito por":"Not\u00edcias em Destaque","Est. tempo de leitura":"2 minutos"},"schema":{"@context":"https:\/\/schema.org","@graph":[{"@type":"Article","@id":"https:\/\/noticiasemdestaque.com\/cd\/?p=23232#article","isPartOf":{"@id":"https:\/\/noticiasemdestaque.com\/cd\/?p=23232"},"author":{"name":"Not\u00edcias em Destaque","@id":"https:\/\/noticiasemdestaque.com\/cd\/#\/schema\/person\/3e6ba396ff5664a69c392f09a8e1504c"},"headline":"ProUni: selecionados na 2\u00aa chamada podem comprovar dados at\u00e9 sexta","datePublished":"2020-02-26T16:16:45+00:00","mainEntityOfPage":{"@id":"https:\/\/noticiasemdestaque.com\/cd\/?p=23232"},"wordCount":312,"publisher":{"@id":"https:\/\/noticiasemdestaque.com\/cd\/#organization"},"image":{"@id":"https:\/\/noticiasemdestaque.com\/cd\/?p=23232#primaryimage"},"thumbnailUrl":"https:\/\/noticiasemdestaque.com\/cd\/wp-content\/uploads\/2017\/06\/prouni.png","articleSection":["Educa\u00e7\u00e3o"],"inLanguage":"pt-BR"},{"@type":"WebPage","@id":"https:\/\/noticiasemdestaque.com\/cd\/?p=23232","url":"https:\/\/noticiasemdestaque.com\/cd\/?p=23232","name":"ProUni: selecionados na 2\u00aa chamada podem comprovar dados at\u00e9 sexta - Not&iacute;cias em Destaque","isPartOf":{"@id":"https:\/\/noticiasemdestaque.com\/cd\/#website"},"primaryImageOfPage":{"@id":"https:\/\/noticiasemdestaque.com\/cd\/?p=23232#primaryimage"},"image":{"@id":"https:\/\/noticiasemdestaque.com\/cd\/?p=23232#primaryimage"},"thumbnailUrl":"https:\/\/noticiasemdestaque.com\/cd\/wp-content\/uploads\/2017\/06\/prouni.png","datePublished":"2020-02-26T16:16:45+00:00","breadcrumb":{"@id":"https:\/\/noticiasemdestaque.com\/cd\/?p=23232#breadcrumb"},"inLanguage":"pt-BR","potentialAction":[{"@type":"ReadAction","target":["https:\/\/noticiasemdestaque.com\/cd\/?p=23232"]}]},{"@type":"ImageObject","inLanguage":"pt-BR","@id":"https:\/\/noticiasemdestaque.com\/cd\/?p=23232#primaryimage","url":"https:\/\/noticiasemdestaque.com\/cd\/wp-content\/uploads\/2017\/06\/prouni.png","contentUrl":"https:\/\/noticiasemdestaque.com\/cd\/wp-content\/uploads\/2017\/06\/prouni.png","width":1300,"height":684},{"@type":"BreadcrumbList","@id":"https:\/\/noticiasemdestaque.com\/cd\/?p=23232#breadcrumb","itemListElement":[{"@type":"ListItem","position":1,"name":"In\u00edcio","item":"https:\/\/noticiasemdestaque.com\/cd\/"},{"@type":"ListItem","position":2,"name":"ProUni: selecionados na 2\u00aa chamada podem comprovar dados at\u00e9 sexta"}]},{"@type":"WebSite","@id":"https:\/\/noticiasemdestaque.com\/cd\/#website","url":"https:\/\/noticiasemdestaque.com\/cd\/","name":"Not&iacute;cias em Destaque","description":"","publisher":{"@id":"https:\/\/noticiasemdestaque.com\/cd\/#organization"},"potentialAction":[{"@type":"SearchAction","target":{"@type":"EntryPoint","urlTemplate":"https:\/\/noticiasemdestaque.com\/cd\/?s={search_term_string}"},"query-input":{"@type":"PropertyValueSpecification","valueRequired":true,"valueName":"search_term_string"}}],"inLanguage":"pt-BR"},{"@type":"Organization","@id":"https:\/\/noticiasemdestaque.com\/cd\/#organization","name":"Not\u00edcias em Destaque","url":"https:\/\/noticiasemdestaque.com\/cd\/","logo":{"@type":"ImageObject","inLanguage":"pt-BR","@id":"https:\/\/noticiasemdestaque.com\/cd\/#\/schema\/logo\/image\/","url":"https:\/\/noticiasemdestaque.com\/cd\/wp-content\/uploads\/2022\/05\/imagem-base-noticiasemdestaque.png","contentUrl":"https:\/\/noticiasemdestaque.com\/cd\/wp-content\/uploads\/2022\/05\/imagem-base-noticiasemdestaque.png","width":1200,"height":630,"caption":"Not\u00edcias em Destaque"},"image":{"@id":"https:\/\/noticiasemdestaque.com\/cd\/#\/schema\/logo\/image\/"}},{"@type":"Person","@id":"https:\/\/noticiasemdestaque.com\/cd\/#\/schema\/person\/3e6ba396ff5664a69c392f09a8e1504c","name":"Not\u00edcias em Destaque","url":"https:\/\/noticiasemdestaque.com\/cd\/?author=2"}]}},"jetpack_featured_media_url":"https:\/\/noticiasemdestaque.com\/cd\/wp-content\/uploads\/2017\/06\/prouni.png","jetpack_sharing_enabled":true,"_links":{"self":[{"href":"https:\/\/noticiasemdestaque.com\/cd\/index.php?rest_route=\/wp\/v2\/posts\/23232","targetHints":{"allow":["GET"]}}],"collection":[{"href":"https:\/\/noticiasemdestaque.com\/cd\/index.php?rest_route=\/wp\/v2\/posts"}],"about":[{"href":"https:\/\/noticiasemdestaque.com\/cd\/index.php?rest_route=\/wp\/v2\/types\/post"}],"author":[{"embeddable":true,"href":"https:\/\/noticiasemdestaque.com\/cd\/index.php?rest_route=\/wp\/v2\/users\/2"}],"replies":[{"embeddable":true,"href":"https:\/\/noticiasemdestaque.com\/cd\/index.php?rest_route=%2Fwp%2Fv2%2Fcomments&post=23232"}],"version-history":[{"count":1,"href":"https:\/\/noticiasemdestaque.com\/cd\/index.php?rest_route=\/wp\/v2\/posts\/23232\/revisions"}],"predecessor-version":[{"id":23233,"href":"https:\/\/noticiasemdestaque.com\/cd\/index.php?rest_route=\/wp\/v2\/posts\/23232\/revisions\/23233"}],"wp:featuredmedia":[{"embeddable":true,"href":"https:\/\/noticiasemdestaque.com\/cd\/index.php?rest_route=\/wp\/v2\/media\/297"}],"wp:attachment":[{"href":"https:\/\/noticiasemdestaque.com\/cd\/index.php?rest_route=%2Fwp%2Fv2%2Fmedia&parent=23232"}],"wp:term":[{"taxonomy":"category","embeddable":true,"href":"https:\/\/noticiasemdestaque.com\/cd\/index.php?rest_route=%2Fwp%2Fv2%2Fcategories&post=23232"},{"taxonomy":"post_tag","embeddable":true,"href":"https:\/\/noticiasemdestaque.com\/cd\/index.php?rest_route=%2Fwp%2Fv2%2Ftags&post=23232"}],"curies":[{"name":"wp","href":"https:\/\/api.w.org\/{rel}","templated":true}]}}