{"id":23229,"date":"2020-02-26T13:14:24","date_gmt":"2020-02-26T16:14:24","guid":{"rendered":"http:\/\/noticiasemdestaque.com\/cd\/?p=23229"},"modified":"2020-02-26T13:14:39","modified_gmt":"2020-02-26T16:14:39","slug":"aovivo-ministerio-da-saude-confirma-primeiro-caso-de-coronavirus-no-brasil","status":"publish","type":"post","link":"https:\/\/noticiasemdestaque.com\/cd\/?p=23229","title":{"rendered":"#AOVIVO: Minist\u00e9rio da Sa\u00fade confirma primeiro caso de coronav\u00edrus no Brasil"},"content":{"rendered":"<p><a href=\"https:\/\/noticiasemdestaque.com\/cd\/wp-content\/uploads\/2020\/02\/Coronavirus-1.jpg\"><img fetchpriority=\"high\" decoding=\"async\" class=\"alignnone size-full wp-image-23225\" src=\"https:\/\/noticiasemdestaque.com\/cd\/wp-content\/uploads\/2020\/02\/Coronavirus-1.jpg\" alt=\"\" width=\"865\" height=\"480\" srcset=\"https:\/\/noticiasemdestaque.com\/cd\/wp-content\/uploads\/2020\/02\/Coronavirus-1.jpg 865w, https:\/\/noticiasemdestaque.com\/cd\/wp-content\/uploads\/2020\/02\/Coronavirus-1-300x166.jpg 300w, https:\/\/noticiasemdestaque.com\/cd\/wp-content\/uploads\/2020\/02\/Coronavirus-1-768x426.jpg 768w\" sizes=\"(max-width: 865px) 100vw, 865px\" \/><\/a><\/p>\n<p>O Minist\u00e9rio da Sa\u00fade confirmou, hoje (26), o primeiro caso de um brasileiro infectado pelo v\u00edrus causador do novo coronav\u00edrus (Covid-19).<\/p>\n<p>De acordo com o ministro da Sa\u00fade, Luiz Henrique Mandetta, o Brasil tem 20 casos suspeitos, e 59 descartados da doen\u00e7a. Dos casos suspeitos, a maioria, 11 casos, \u00e9 de pacientes de S\u00e3o Paulo. Um caso \u00e9\u00a0<a href=\"https:\/\/www.clickpb.com.br\/paraiba\/paraiba-tem-primeiro-caso-suspeito-de-coronavirus-paciente-esta-internado-no-hospital-clementino-fraga-278665.html\">investigado na Para\u00edba<\/a>.<\/p>\n<p>O caso confirmado trata-se de um homem de 61 anos, morador da cidade de S\u00e3o Paulo, que esteve na regi\u00e3o da Lombardia, no norte da It\u00e1lia, entre os dias 9 e 21 de fevereiro. Ao retornar da viagem, na \u00faltima sexta-feira (21), o paciente apresentou os sinais e sintomas compat\u00edveis com a doen\u00e7a (febre, tosse seca, dor de garganta e coriza).<\/p>\n<p>Atendido no Hospital Israelita Albert Einstein na segunda-feira (24), o homem foi submetido a exames cl\u00ednicos que apontaram a suspeita de infec\u00e7\u00e3o pelo v\u00edrus. Com resultados preliminares realizados pela unidade de sa\u00fade e de acordo com o Plano de Conting\u00eancia Nacional, o hospital enviou a amostra para o laborat\u00f3rio de refer\u00eancia nacional, Instituto Adolfo Lutz, para contraprova. \u201cAgora \u00e9 que vamos ver como este v\u00edrus vai se comportar em um pa\u00eds tropical, durante o ver\u00e3o\u201d, disse hoje o ministro da Sa\u00fade, Luiz Henrique Mandetta.<\/p>\n<p>\u201cAgora \u00e9 que vamos ver como este v\u00edrus vai se comportar em uma situa\u00e7\u00e3o de um pa\u00eds tropical, em pleno ver\u00e3o. Como vai ser o padr\u00e3o de comportamento deste v\u00edrus, que \u00e9 novo e tanto pode manter o mesmo padr\u00e3o de comportamento de transmiss\u00e3o que apresentou no hemisf\u00e9rio Norte, onde, nesta \u00e9poca, est\u00e1 fazendo frio\u201d, disse hoje o ministro da Sa\u00fade, Luiz Henrique Mandetta.<\/p>\n<p>Na \u00faltima sexta-feira, as autoridades italianas notificaram nove \u00f3bitos, o que levou o governo brasileiro a incluir a It\u00e1lia entre os pa\u00edses onde a doen\u00e7a est\u00e1 se espalhando e h\u00e1 risco de infec\u00e7\u00e3o.<\/p>\n<p>Acompanhe a coletiva ao vivo:<\/p>\n<div class=\"fb-video\" data-allowfullscreen=\"true\" data-href=\"https:\/\/www.facebook.com\/tvbrasilgov\/videos\/581971182398573\/\" style=\"background-color: #fff; display: inline-block;\"><\/div>\n","protected":false},"excerpt":{"rendered":"<p>O Minist\u00e9rio da Sa\u00fade confirmou, hoje (26), o primeiro caso de um brasileiro infectado pelo v\u00edrus causador do novo coronav\u00edrus (Covid-19). De acordo com o ministro da Sa\u00fade, Luiz Henrique Mandetta, o Brasil tem 20 casos suspeitos, e 59 descartados da doen\u00e7a. Dos casos suspeitos, a maioria, 11 casos, \u00e9 de pacientes de S\u00e3o Paulo. Um caso \u00e9\u00a0investigado na Para\u00edba. O caso confirmado trata-se de um homem de 61 anos, morador da cidade de S\u00e3o Paulo, que esteve na regi\u00e3o da Lombardia, no norte da It\u00e1lia, entre os dias 9 e 21 de fevereiro. Ao retornar da viagem, na \u00faltima sexta-feira (21), o paciente apresentou os sinais e sintomas compat\u00edveis com a doen\u00e7a (febre, tosse seca, dor de garganta e coriza). Atendido no Hospital Israelita Albert Einstein na segunda-feira (24), o homem foi submetido a exames cl\u00ednicos que apontaram a suspeita de infec\u00e7\u00e3o pelo v\u00edrus. Com resultados preliminares realizados pela unidade de sa\u00fade e de acordo com o Plano de Conting\u00eancia Nacional, o hospital enviou a amostra para o laborat\u00f3rio de refer\u00eancia nacional, Instituto Adolfo Lutz, para contraprova. \u201cAgora \u00e9 que vamos ver como este v\u00edrus vai se comportar em um pa\u00eds tropical, durante o ver\u00e3o\u201d, disse hoje o ministro da Sa\u00fade, Luiz Henrique Mandetta. \u201cAgora \u00e9 que vamos ver como este v\u00edrus vai se comportar em uma situa\u00e7\u00e3o de um pa\u00eds tropical, em pleno ver\u00e3o. Como vai ser o padr\u00e3o de comportamento deste v\u00edrus, que \u00e9 novo e tanto pode manter o mesmo padr\u00e3o de comportamento de transmiss\u00e3o que apresentou no hemisf\u00e9rio Norte, onde, nesta \u00e9poca, est\u00e1 fazendo frio\u201d, disse hoje o ministro da Sa\u00fade, Luiz Henrique Mandetta. Na \u00faltima sexta-feira, as autoridades italianas notificaram nove \u00f3bitos, o que levou o governo brasileiro a incluir a It\u00e1lia entre os pa\u00edses onde a doen\u00e7a est\u00e1 se espalhando e h\u00e1 risco de infec\u00e7\u00e3o. Acompanhe a coletiva ao vivo:<\/p>\n","protected":false},"author":2,"featured_media":0,"comment_status":"closed","ping_status":"open","sticky":false,"template":"","format":"standard","meta":{"_eb_attr":"","_jetpack_memberships_contains_paid_content":false,"footnotes":""},"categories":[3],"tags":[],"class_list":["post-23229","post","type-post","status-publish","format-standard","hentry","category-cidades"],"yoast_head":"<!-- This site is optimized with the Yoast SEO plugin v26.5 - https:\/\/yoast.com\/wordpress\/plugins\/seo\/ -->\n<title>#AOVIVO: Minist\u00e9rio da Sa\u00fade confirma primeiro caso de coronav\u00edrus no Brasil - Not&iacute;cias em Destaque<\/title>\n<meta name=\"robots\" content=\"index, follow, max-snippet:-1, max-image-preview:large, max-video-preview:-1\" \/>\n<link rel=\"canonical\" href=\"https:\/\/noticiasemdestaque.com\/cd\/?p=23229\" \/>\n<meta property=\"og:locale\" content=\"pt_BR\" \/>\n<meta property=\"og:type\" content=\"article\" \/>\n<meta property=\"og:title\" content=\"#AOVIVO: Minist\u00e9rio da Sa\u00fade confirma primeiro caso de coronav\u00edrus no Brasil - Not&iacute;cias em Destaque\" \/>\n<meta property=\"og:description\" content=\"O Minist\u00e9rio da Sa\u00fade confirmou, hoje (26), o primeiro caso de um brasileiro infectado pelo v\u00edrus causador do novo coronav\u00edrus (Covid-19). De acordo com o ministro da Sa\u00fade, Luiz Henrique Mandetta, o Brasil tem 20 casos suspeitos, e 59 descartados da doen\u00e7a. Dos casos suspeitos, a maioria, 11 casos, \u00e9 de pacientes de S\u00e3o Paulo. Um caso \u00e9\u00a0investigado na Para\u00edba. O caso confirmado trata-se de um homem de 61 anos, morador da cidade de S\u00e3o Paulo, que esteve na regi\u00e3o da Lombardia, no norte da It\u00e1lia, entre os dias 9 e 21 de fevereiro. Ao retornar da viagem, na \u00faltima sexta-feira (21), o paciente apresentou os sinais e sintomas compat\u00edveis com a doen\u00e7a (febre, tosse seca, dor de garganta e coriza). Atendido no Hospital Israelita Albert Einstein na segunda-feira (24), o homem foi submetido a exames cl\u00ednicos que apontaram a suspeita de infec\u00e7\u00e3o pelo v\u00edrus. Com resultados preliminares realizados pela unidade de sa\u00fade e de acordo com o Plano de Conting\u00eancia Nacional, o hospital enviou a amostra para o laborat\u00f3rio de refer\u00eancia nacional, Instituto Adolfo Lutz, para contraprova. \u201cAgora \u00e9 que vamos ver como este v\u00edrus vai se comportar em um pa\u00eds tropical, durante o ver\u00e3o\u201d, disse hoje o ministro da Sa\u00fade, Luiz Henrique Mandetta. \u201cAgora \u00e9 que vamos ver como este v\u00edrus vai se comportar em uma situa\u00e7\u00e3o de um pa\u00eds tropical, em pleno ver\u00e3o. Como vai ser o padr\u00e3o de comportamento deste v\u00edrus, que \u00e9 novo e tanto pode manter o mesmo padr\u00e3o de comportamento de transmiss\u00e3o que apresentou no hemisf\u00e9rio Norte, onde, nesta \u00e9poca, est\u00e1 fazendo frio\u201d, disse hoje o ministro da Sa\u00fade, Luiz Henrique Mandetta. Na \u00faltima sexta-feira, as autoridades italianas notificaram nove \u00f3bitos, o que levou o governo brasileiro a incluir a It\u00e1lia entre os pa\u00edses onde a doen\u00e7a est\u00e1 se espalhando e h\u00e1 risco de infec\u00e7\u00e3o. Acompanhe a coletiva ao vivo:\" \/>\n<meta property=\"og:url\" content=\"https:\/\/noticiasemdestaque.com\/cd\/?p=23229\" \/>\n<meta property=\"og:site_name\" content=\"Not&iacute;cias em Destaque\" \/>\n<meta property=\"article:published_time\" content=\"2020-02-26T16:14:24+00:00\" \/>\n<meta property=\"article:modified_time\" content=\"2020-02-26T16:14:39+00:00\" \/>\n<meta property=\"og:image\" content=\"http:\/\/noticiasemdestaque.com\/cd\/wp-content\/uploads\/2020\/02\/Coronavirus-1.jpg\" \/>\n<meta name=\"author\" content=\"Not\u00edcias em Destaque\" \/>\n<meta name=\"twitter:card\" content=\"summary_large_image\" \/>\n<meta name=\"twitter:label1\" content=\"Escrito por\" \/>\n\t<meta name=\"twitter:data1\" content=\"Not\u00edcias em Destaque\" \/>\n\t<meta name=\"twitter:label2\" content=\"Est. tempo de leitura\" \/>\n\t<meta name=\"twitter:data2\" content=\"2 minutos\" \/>\n<script type=\"application\/ld+json\" class=\"yoast-schema-graph\">{\"@context\":\"https:\/\/schema.org\",\"@graph\":[{\"@type\":\"Article\",\"@id\":\"https:\/\/noticiasemdestaque.com\/cd\/?p=23229#article\",\"isPartOf\":{\"@id\":\"https:\/\/noticiasemdestaque.com\/cd\/?p=23229\"},\"author\":{\"name\":\"Not\u00edcias em Destaque\",\"@id\":\"https:\/\/noticiasemdestaque.com\/cd\/#\/schema\/person\/3e6ba396ff5664a69c392f09a8e1504c\"},\"headline\":\"#AOVIVO: Minist\u00e9rio da Sa\u00fade confirma primeiro caso de coronav\u00edrus no Brasil\",\"datePublished\":\"2020-02-26T16:14:24+00:00\",\"dateModified\":\"2020-02-26T16:14:39+00:00\",\"mainEntityOfPage\":{\"@id\":\"https:\/\/noticiasemdestaque.com\/cd\/?p=23229\"},\"wordCount\":352,\"publisher\":{\"@id\":\"https:\/\/noticiasemdestaque.com\/cd\/#organization\"},\"image\":{\"@id\":\"https:\/\/noticiasemdestaque.com\/cd\/?p=23229#primaryimage\"},\"thumbnailUrl\":\"http:\/\/noticiasemdestaque.com\/cd\/wp-content\/uploads\/2020\/02\/Coronavirus-1.jpg\",\"articleSection\":[\"Cidades\"],\"inLanguage\":\"pt-BR\"},{\"@type\":\"WebPage\",\"@id\":\"https:\/\/noticiasemdestaque.com\/cd\/?p=23229\",\"url\":\"https:\/\/noticiasemdestaque.com\/cd\/?p=23229\",\"name\":\"#AOVIVO: Minist\u00e9rio da Sa\u00fade confirma primeiro caso de coronav\u00edrus no Brasil - Not&iacute;cias em Destaque\",\"isPartOf\":{\"@id\":\"https:\/\/noticiasemdestaque.com\/cd\/#website\"},\"primaryImageOfPage\":{\"@id\":\"https:\/\/noticiasemdestaque.com\/cd\/?p=23229#primaryimage\"},\"image\":{\"@id\":\"https:\/\/noticiasemdestaque.com\/cd\/?p=23229#primaryimage\"},\"thumbnailUrl\":\"http:\/\/noticiasemdestaque.com\/cd\/wp-content\/uploads\/2020\/02\/Coronavirus-1.jpg\",\"datePublished\":\"2020-02-26T16:14:24+00:00\",\"dateModified\":\"2020-02-26T16:14:39+00:00\",\"breadcrumb\":{\"@id\":\"https:\/\/noticiasemdestaque.com\/cd\/?p=23229#breadcrumb\"},\"inLanguage\":\"pt-BR\",\"potentialAction\":[{\"@type\":\"ReadAction\",\"target\":[\"https:\/\/noticiasemdestaque.com\/cd\/?p=23229\"]}]},{\"@type\":\"ImageObject\",\"inLanguage\":\"pt-BR\",\"@id\":\"https:\/\/noticiasemdestaque.com\/cd\/?p=23229#primaryimage\",\"url\":\"https:\/\/noticiasemdestaque.com\/cd\/wp-content\/uploads\/2020\/02\/Coronavirus-1.jpg\",\"contentUrl\":\"https:\/\/noticiasemdestaque.com\/cd\/wp-content\/uploads\/2020\/02\/Coronavirus-1.jpg\",\"width\":865,\"height\":480},{\"@type\":\"BreadcrumbList\",\"@id\":\"https:\/\/noticiasemdestaque.com\/cd\/?p=23229#breadcrumb\",\"itemListElement\":[{\"@type\":\"ListItem\",\"position\":1,\"name\":\"In\u00edcio\",\"item\":\"https:\/\/noticiasemdestaque.com\/cd\/\"},{\"@type\":\"ListItem\",\"position\":2,\"name\":\"#AOVIVO: Minist\u00e9rio da Sa\u00fade confirma primeiro caso de coronav\u00edrus no Brasil\"}]},{\"@type\":\"WebSite\",\"@id\":\"https:\/\/noticiasemdestaque.com\/cd\/#website\",\"url\":\"https:\/\/noticiasemdestaque.com\/cd\/\",\"name\":\"Not&iacute;cias em Destaque\",\"description\":\"\",\"publisher\":{\"@id\":\"https:\/\/noticiasemdestaque.com\/cd\/#organization\"},\"potentialAction\":[{\"@type\":\"SearchAction\",\"target\":{\"@type\":\"EntryPoint\",\"urlTemplate\":\"https:\/\/noticiasemdestaque.com\/cd\/?s={search_term_string}\"},\"query-input\":{\"@type\":\"PropertyValueSpecification\",\"valueRequired\":true,\"valueName\":\"search_term_string\"}}],\"inLanguage\":\"pt-BR\"},{\"@type\":\"Organization\",\"@id\":\"https:\/\/noticiasemdestaque.com\/cd\/#organization\",\"name\":\"Not\u00edcias em Destaque\",\"url\":\"https:\/\/noticiasemdestaque.com\/cd\/\",\"logo\":{\"@type\":\"ImageObject\",\"inLanguage\":\"pt-BR\",\"@id\":\"https:\/\/noticiasemdestaque.com\/cd\/#\/schema\/logo\/image\/\",\"url\":\"https:\/\/noticiasemdestaque.com\/cd\/wp-content\/uploads\/2022\/05\/imagem-base-noticiasemdestaque.png\",\"contentUrl\":\"https:\/\/noticiasemdestaque.com\/cd\/wp-content\/uploads\/2022\/05\/imagem-base-noticiasemdestaque.png\",\"width\":1200,\"height\":630,\"caption\":\"Not\u00edcias em Destaque\"},\"image\":{\"@id\":\"https:\/\/noticiasemdestaque.com\/cd\/#\/schema\/logo\/image\/\"}},{\"@type\":\"Person\",\"@id\":\"https:\/\/noticiasemdestaque.com\/cd\/#\/schema\/person\/3e6ba396ff5664a69c392f09a8e1504c\",\"name\":\"Not\u00edcias em Destaque\",\"url\":\"https:\/\/noticiasemdestaque.com\/cd\/?author=2\"}]}<\/script>\n<!-- \/ Yoast SEO plugin. -->","yoast_head_json":{"title":"#AOVIVO: Minist\u00e9rio da Sa\u00fade confirma primeiro caso de coronav\u00edrus no Brasil - Not&iacute;cias em Destaque","robots":{"index":"index","follow":"follow","max-snippet":"max-snippet:-1","max-image-preview":"max-image-preview:large","max-video-preview":"max-video-preview:-1"},"canonical":"https:\/\/noticiasemdestaque.com\/cd\/?p=23229","og_locale":"pt_BR","og_type":"article","og_title":"#AOVIVO: Minist\u00e9rio da Sa\u00fade confirma primeiro caso de coronav\u00edrus no Brasil - Not&iacute;cias em Destaque","og_description":"O Minist\u00e9rio da Sa\u00fade confirmou, hoje (26), o primeiro caso de um brasileiro infectado pelo v\u00edrus causador do novo coronav\u00edrus (Covid-19). De acordo com o ministro da Sa\u00fade, Luiz Henrique Mandetta, o Brasil tem 20 casos suspeitos, e 59 descartados da doen\u00e7a. Dos casos suspeitos, a maioria, 11 casos, \u00e9 de pacientes de S\u00e3o Paulo. Um caso \u00e9\u00a0investigado na Para\u00edba. O caso confirmado trata-se de um homem de 61 anos, morador da cidade de S\u00e3o Paulo, que esteve na regi\u00e3o da Lombardia, no norte da It\u00e1lia, entre os dias 9 e 21 de fevereiro. Ao retornar da viagem, na \u00faltima sexta-feira (21), o paciente apresentou os sinais e sintomas compat\u00edveis com a doen\u00e7a (febre, tosse seca, dor de garganta e coriza). Atendido no Hospital Israelita Albert Einstein na segunda-feira (24), o homem foi submetido a exames cl\u00ednicos que apontaram a suspeita de infec\u00e7\u00e3o pelo v\u00edrus. Com resultados preliminares realizados pela unidade de sa\u00fade e de acordo com o Plano de Conting\u00eancia Nacional, o hospital enviou a amostra para o laborat\u00f3rio de refer\u00eancia nacional, Instituto Adolfo Lutz, para contraprova. \u201cAgora \u00e9 que vamos ver como este v\u00edrus vai se comportar em um pa\u00eds tropical, durante o ver\u00e3o\u201d, disse hoje o ministro da Sa\u00fade, Luiz Henrique Mandetta. \u201cAgora \u00e9 que vamos ver como este v\u00edrus vai se comportar em uma situa\u00e7\u00e3o de um pa\u00eds tropical, em pleno ver\u00e3o. Como vai ser o padr\u00e3o de comportamento deste v\u00edrus, que \u00e9 novo e tanto pode manter o mesmo padr\u00e3o de comportamento de transmiss\u00e3o que apresentou no hemisf\u00e9rio Norte, onde, nesta \u00e9poca, est\u00e1 fazendo frio\u201d, disse hoje o ministro da Sa\u00fade, Luiz Henrique Mandetta. Na \u00faltima sexta-feira, as autoridades italianas notificaram nove \u00f3bitos, o que levou o governo brasileiro a incluir a It\u00e1lia entre os pa\u00edses onde a doen\u00e7a est\u00e1 se espalhando e h\u00e1 risco de infec\u00e7\u00e3o. Acompanhe a coletiva ao vivo:","og_url":"https:\/\/noticiasemdestaque.com\/cd\/?p=23229","og_site_name":"Not&iacute;cias em Destaque","article_published_time":"2020-02-26T16:14:24+00:00","article_modified_time":"2020-02-26T16:14:39+00:00","og_image":[{"url":"http:\/\/noticiasemdestaque.com\/cd\/wp-content\/uploads\/2020\/02\/Coronavirus-1.jpg","type":"","width":"","height":""}],"author":"Not\u00edcias em Destaque","twitter_card":"summary_large_image","twitter_misc":{"Escrito por":"Not\u00edcias em Destaque","Est. tempo de leitura":"2 minutos"},"schema":{"@context":"https:\/\/schema.org","@graph":[{"@type":"Article","@id":"https:\/\/noticiasemdestaque.com\/cd\/?p=23229#article","isPartOf":{"@id":"https:\/\/noticiasemdestaque.com\/cd\/?p=23229"},"author":{"name":"Not\u00edcias em Destaque","@id":"https:\/\/noticiasemdestaque.com\/cd\/#\/schema\/person\/3e6ba396ff5664a69c392f09a8e1504c"},"headline":"#AOVIVO: Minist\u00e9rio da Sa\u00fade confirma primeiro caso de coronav\u00edrus no Brasil","datePublished":"2020-02-26T16:14:24+00:00","dateModified":"2020-02-26T16:14:39+00:00","mainEntityOfPage":{"@id":"https:\/\/noticiasemdestaque.com\/cd\/?p=23229"},"wordCount":352,"publisher":{"@id":"https:\/\/noticiasemdestaque.com\/cd\/#organization"},"image":{"@id":"https:\/\/noticiasemdestaque.com\/cd\/?p=23229#primaryimage"},"thumbnailUrl":"http:\/\/noticiasemdestaque.com\/cd\/wp-content\/uploads\/2020\/02\/Coronavirus-1.jpg","articleSection":["Cidades"],"inLanguage":"pt-BR"},{"@type":"WebPage","@id":"https:\/\/noticiasemdestaque.com\/cd\/?p=23229","url":"https:\/\/noticiasemdestaque.com\/cd\/?p=23229","name":"#AOVIVO: Minist\u00e9rio da Sa\u00fade confirma primeiro caso de coronav\u00edrus no Brasil - Not&iacute;cias em Destaque","isPartOf":{"@id":"https:\/\/noticiasemdestaque.com\/cd\/#website"},"primaryImageOfPage":{"@id":"https:\/\/noticiasemdestaque.com\/cd\/?p=23229#primaryimage"},"image":{"@id":"https:\/\/noticiasemdestaque.com\/cd\/?p=23229#primaryimage"},"thumbnailUrl":"http:\/\/noticiasemdestaque.com\/cd\/wp-content\/uploads\/2020\/02\/Coronavirus-1.jpg","datePublished":"2020-02-26T16:14:24+00:00","dateModified":"2020-02-26T16:14:39+00:00","breadcrumb":{"@id":"https:\/\/noticiasemdestaque.com\/cd\/?p=23229#breadcrumb"},"inLanguage":"pt-BR","potentialAction":[{"@type":"ReadAction","target":["https:\/\/noticiasemdestaque.com\/cd\/?p=23229"]}]},{"@type":"ImageObject","inLanguage":"pt-BR","@id":"https:\/\/noticiasemdestaque.com\/cd\/?p=23229#primaryimage","url":"https:\/\/noticiasemdestaque.com\/cd\/wp-content\/uploads\/2020\/02\/Coronavirus-1.jpg","contentUrl":"https:\/\/noticiasemdestaque.com\/cd\/wp-content\/uploads\/2020\/02\/Coronavirus-1.jpg","width":865,"height":480},{"@type":"BreadcrumbList","@id":"https:\/\/noticiasemdestaque.com\/cd\/?p=23229#breadcrumb","itemListElement":[{"@type":"ListItem","position":1,"name":"In\u00edcio","item":"https:\/\/noticiasemdestaque.com\/cd\/"},{"@type":"ListItem","position":2,"name":"#AOVIVO: Minist\u00e9rio da Sa\u00fade confirma primeiro caso de coronav\u00edrus no Brasil"}]},{"@type":"WebSite","@id":"https:\/\/noticiasemdestaque.com\/cd\/#website","url":"https:\/\/noticiasemdestaque.com\/cd\/","name":"Not&iacute;cias em Destaque","description":"","publisher":{"@id":"https:\/\/noticiasemdestaque.com\/cd\/#organization"},"potentialAction":[{"@type":"SearchAction","target":{"@type":"EntryPoint","urlTemplate":"https:\/\/noticiasemdestaque.com\/cd\/?s={search_term_string}"},"query-input":{"@type":"PropertyValueSpecification","valueRequired":true,"valueName":"search_term_string"}}],"inLanguage":"pt-BR"},{"@type":"Organization","@id":"https:\/\/noticiasemdestaque.com\/cd\/#organization","name":"Not\u00edcias em Destaque","url":"https:\/\/noticiasemdestaque.com\/cd\/","logo":{"@type":"ImageObject","inLanguage":"pt-BR","@id":"https:\/\/noticiasemdestaque.com\/cd\/#\/schema\/logo\/image\/","url":"https:\/\/noticiasemdestaque.com\/cd\/wp-content\/uploads\/2022\/05\/imagem-base-noticiasemdestaque.png","contentUrl":"https:\/\/noticiasemdestaque.com\/cd\/wp-content\/uploads\/2022\/05\/imagem-base-noticiasemdestaque.png","width":1200,"height":630,"caption":"Not\u00edcias em Destaque"},"image":{"@id":"https:\/\/noticiasemdestaque.com\/cd\/#\/schema\/logo\/image\/"}},{"@type":"Person","@id":"https:\/\/noticiasemdestaque.com\/cd\/#\/schema\/person\/3e6ba396ff5664a69c392f09a8e1504c","name":"Not\u00edcias em Destaque","url":"https:\/\/noticiasemdestaque.com\/cd\/?author=2"}]}},"jetpack_featured_media_url":"","jetpack_sharing_enabled":true,"_links":{"self":[{"href":"https:\/\/noticiasemdestaque.com\/cd\/index.php?rest_route=\/wp\/v2\/posts\/23229","targetHints":{"allow":["GET"]}}],"collection":[{"href":"https:\/\/noticiasemdestaque.com\/cd\/index.php?rest_route=\/wp\/v2\/posts"}],"about":[{"href":"https:\/\/noticiasemdestaque.com\/cd\/index.php?rest_route=\/wp\/v2\/types\/post"}],"author":[{"embeddable":true,"href":"https:\/\/noticiasemdestaque.com\/cd\/index.php?rest_route=\/wp\/v2\/users\/2"}],"replies":[{"embeddable":true,"href":"https:\/\/noticiasemdestaque.com\/cd\/index.php?rest_route=%2Fwp%2Fv2%2Fcomments&post=23229"}],"version-history":[{"count":2,"href":"https:\/\/noticiasemdestaque.com\/cd\/index.php?rest_route=\/wp\/v2\/posts\/23229\/revisions"}],"predecessor-version":[{"id":23231,"href":"https:\/\/noticiasemdestaque.com\/cd\/index.php?rest_route=\/wp\/v2\/posts\/23229\/revisions\/23231"}],"wp:attachment":[{"href":"https:\/\/noticiasemdestaque.com\/cd\/index.php?rest_route=%2Fwp%2Fv2%2Fmedia&parent=23229"}],"wp:term":[{"taxonomy":"category","embeddable":true,"href":"https:\/\/noticiasemdestaque.com\/cd\/index.php?rest_route=%2Fwp%2Fv2%2Fcategories&post=23229"},{"taxonomy":"post_tag","embeddable":true,"href":"https:\/\/noticiasemdestaque.com\/cd\/index.php?rest_route=%2Fwp%2Fv2%2Ftags&post=23229"}],"curies":[{"name":"wp","href":"https:\/\/api.w.org\/{rel}","templated":true}]}}