{"id":23227,"date":"2020-02-26T13:12:37","date_gmt":"2020-02-26T16:12:37","guid":{"rendered":"http:\/\/noticiasemdestaque.com\/cd\/?p=23227"},"modified":"2020-02-26T13:12:37","modified_gmt":"2020-02-26T16:12:37","slug":"mesmo-apos-fim-de-pensao-ex-governadores-da-pb-continuam-a-receber","status":"publish","type":"post","link":"https:\/\/noticiasemdestaque.com\/cd\/?p=23227","title":{"rendered":"Mesmo ap\u00f3s fim de pens\u00e3o, ex-governadores da PB continuam a receber"},"content":{"rendered":"<p><a href=\"https:\/\/noticiasemdestaque.com\/cd\/wp-content\/uploads\/2019\/10\/1476464827355-tribunal-de-justica-da-paraiba-1985668070.jpg\"><img fetchpriority=\"high\" decoding=\"async\" class=\"alignnone size-full wp-image-20269\" src=\"https:\/\/noticiasemdestaque.com\/cd\/wp-content\/uploads\/2019\/10\/1476464827355-tribunal-de-justica-da-paraiba-1985668070.jpg\" alt=\"\" width=\"692\" height=\"463\" srcset=\"https:\/\/noticiasemdestaque.com\/cd\/wp-content\/uploads\/2019\/10\/1476464827355-tribunal-de-justica-da-paraiba-1985668070.jpg 692w, https:\/\/noticiasemdestaque.com\/cd\/wp-content\/uploads\/2019\/10\/1476464827355-tribunal-de-justica-da-paraiba-1985668070-300x201.jpg 300w, https:\/\/noticiasemdestaque.com\/cd\/wp-content\/uploads\/2019\/10\/1476464827355-tribunal-de-justica-da-paraiba-1985668070-480x320.jpg 480w\" sizes=\"(max-width: 692px) 100vw, 692px\" \/><\/a><\/p>\n<p>Em 2018, o Supremo Tribunal Federal (STF) decretou, em julgamento ocorrido, o fim do pagamento de pens\u00f5es a ex-governadores e vi\u00favas de ex-governadores da Para\u00edba. O benef\u00edcio havia sido aprovado em 2006 pela Assembleia Legislativa e beneficiava atualmente seis ex-governadores e oito vi\u00favas de ex-gestores. A medida foi questionada pelo Conselho Federal da Ordem dos Advogados do Brasil (OAB) que ajuizou uma A\u00e7\u00e3o Direta de Inconstitucionalidade (ADI) para questionar a concess\u00e3o do benef\u00edcio que equivale \u00e0 remunera\u00e7\u00e3o do governador em exerc\u00edcio.<\/p>\n<p>A OAB tamb\u00e9m ajuizou ADIs semelhantes para contestar a constitucionalidade do pagamento de aposentadorias a ex-governadores dos estados do Par\u00e1, Acre, Amazonas, Rond\u00f4nia, Sergipe, Paran\u00e1, Rio Grande do Sul e Piau\u00ed. Ocorre que durante todo o ano de 2018 e 2019, segundo consta no portal do Tribunal de Contas do Estado (TCE-PB), todos os beneficiados continuam a receber seus vencimentos at\u00e9 dezembro de 2019.<\/p>\n<p>As folhas de pagamento referentes aos meses de 2020, ainda n\u00e3o constam no Sagres Online:\u00a0<a href=\"https:\/\/sagres.tce.pb.gov.br\/estado_pessoal05.php?poder=1&amp;ano=2019&amp;competencia=122019&amp;descricao=Dezembro&amp;cargo=000001385&amp;cargonome=EX+GOVERNADOR&amp;tipo=PENSIONISTA&amp;orgao=PENSAO+DO+TESOURO\">https:\/\/sagres.tce.pb.gov.br\/estado_pessoal05.php?poder=1&amp;ano=2019&amp;competencia=122019&amp;descricao=Dezembro&amp;cargo=000001385&amp;cargonome=EX+GOVERNADOR&amp;tipo=PENSIONISTA&amp;orgao=PENSAO+DO+TESOURO<\/a><\/p>\n<p>Atualmente a pens\u00e3o \u00e9 pago aos ex-governadores Roberto Paulino, C\u00e1ssio Cunha Lima, C\u00edcero Lucena, Jos\u00e9 Maranh\u00e3o, Milton Cabral e Wilson Braga. Cada um recebe a quantia de R$ 23.500,82. Oito vi\u00favas de ex-governadores tamb\u00e9m recebem o benef\u00edcio que variam entre R$ 2.850,75 a R$ 12.661,75.<\/p>\n<p>Fonte: PBAgora<\/p>\n","protected":false},"excerpt":{"rendered":"<p>Em 2018, o Supremo Tribunal Federal (STF) decretou, em julgamento ocorrido, o fim do pagamento de pens\u00f5es a ex-governadores e vi\u00favas de ex-governadores da Para\u00edba. O benef\u00edcio havia sido aprovado em 2006 pela Assembleia Legislativa e beneficiava atualmente seis ex-governadores e oito vi\u00favas de ex-gestores. A medida foi questionada pelo Conselho Federal da Ordem dos Advogados do Brasil (OAB) que ajuizou uma A\u00e7\u00e3o Direta de Inconstitucionalidade (ADI) para questionar a concess\u00e3o do benef\u00edcio que equivale \u00e0 remunera\u00e7\u00e3o do governador em exerc\u00edcio. A OAB tamb\u00e9m ajuizou ADIs semelhantes para contestar a constitucionalidade do pagamento de aposentadorias a ex-governadores dos estados do Par\u00e1, Acre, Amazonas, Rond\u00f4nia, Sergipe, Paran\u00e1, Rio Grande do Sul e Piau\u00ed. Ocorre que durante todo o ano de 2018 e 2019, segundo consta no portal do Tribunal de Contas do Estado (TCE-PB), todos os beneficiados continuam a receber seus vencimentos at\u00e9 dezembro de 2019. As folhas de pagamento referentes aos meses de 2020, ainda n\u00e3o constam no Sagres Online:\u00a0https:\/\/sagres.tce.pb.gov.br\/estado_pessoal05.php?poder=1&amp;ano=2019&amp;competencia=122019&amp;descricao=Dezembro&amp;cargo=000001385&amp;cargonome=EX+GOVERNADOR&amp;tipo=PENSIONISTA&amp;orgao=PENSAO+DO+TESOURO Atualmente a pens\u00e3o \u00e9 pago aos ex-governadores Roberto Paulino, C\u00e1ssio Cunha Lima, C\u00edcero Lucena, Jos\u00e9 Maranh\u00e3o, Milton Cabral e Wilson Braga. Cada um recebe a quantia de R$ 23.500,82. Oito vi\u00favas de ex-governadores tamb\u00e9m recebem o benef\u00edcio que variam entre R$ 2.850,75 a R$ 12.661,75. Fonte: PBAgora<\/p>\n","protected":false},"author":2,"featured_media":20269,"comment_status":"closed","ping_status":"open","sticky":false,"template":"","format":"standard","meta":{"_eb_attr":"","_jetpack_memberships_contains_paid_content":false,"footnotes":""},"categories":[4],"tags":[],"class_list":["post-23227","post","type-post","status-publish","format-standard","has-post-thumbnail","hentry","category-politica"],"yoast_head":"<!-- This site is optimized with the Yoast SEO plugin v26.5 - https:\/\/yoast.com\/wordpress\/plugins\/seo\/ -->\n<title>Mesmo ap\u00f3s fim de pens\u00e3o, ex-governadores da PB continuam a receber - Not&iacute;cias em Destaque<\/title>\n<meta name=\"robots\" content=\"index, follow, max-snippet:-1, max-image-preview:large, max-video-preview:-1\" \/>\n<link rel=\"canonical\" href=\"https:\/\/noticiasemdestaque.com\/cd\/?p=23227\" \/>\n<meta property=\"og:locale\" content=\"pt_BR\" \/>\n<meta property=\"og:type\" content=\"article\" \/>\n<meta property=\"og:title\" content=\"Mesmo ap\u00f3s fim de pens\u00e3o, ex-governadores da PB continuam a receber - Not&iacute;cias em Destaque\" \/>\n<meta property=\"og:description\" content=\"Em 2018, o Supremo Tribunal Federal (STF) decretou, em julgamento ocorrido, o fim do pagamento de pens\u00f5es a ex-governadores e vi\u00favas de ex-governadores da Para\u00edba. O benef\u00edcio havia sido aprovado em 2006 pela Assembleia Legislativa e beneficiava atualmente seis ex-governadores e oito vi\u00favas de ex-gestores. A medida foi questionada pelo Conselho Federal da Ordem dos Advogados do Brasil (OAB) que ajuizou uma A\u00e7\u00e3o Direta de Inconstitucionalidade (ADI) para questionar a concess\u00e3o do benef\u00edcio que equivale \u00e0 remunera\u00e7\u00e3o do governador em exerc\u00edcio. A OAB tamb\u00e9m ajuizou ADIs semelhantes para contestar a constitucionalidade do pagamento de aposentadorias a ex-governadores dos estados do Par\u00e1, Acre, Amazonas, Rond\u00f4nia, Sergipe, Paran\u00e1, Rio Grande do Sul e Piau\u00ed. Ocorre que durante todo o ano de 2018 e 2019, segundo consta no portal do Tribunal de Contas do Estado (TCE-PB), todos os beneficiados continuam a receber seus vencimentos at\u00e9 dezembro de 2019. As folhas de pagamento referentes aos meses de 2020, ainda n\u00e3o constam no Sagres Online:\u00a0https:\/\/sagres.tce.pb.gov.br\/estado_pessoal05.php?poder=1&amp;ano=2019&amp;competencia=122019&amp;descricao=Dezembro&amp;cargo=000001385&amp;cargonome=EX+GOVERNADOR&amp;tipo=PENSIONISTA&amp;orgao=PENSAO+DO+TESOURO Atualmente a pens\u00e3o \u00e9 pago aos ex-governadores Roberto Paulino, C\u00e1ssio Cunha Lima, C\u00edcero Lucena, Jos\u00e9 Maranh\u00e3o, Milton Cabral e Wilson Braga. Cada um recebe a quantia de R$ 23.500,82. Oito vi\u00favas de ex-governadores tamb\u00e9m recebem o benef\u00edcio que variam entre R$ 2.850,75 a R$ 12.661,75. Fonte: PBAgora\" \/>\n<meta property=\"og:url\" content=\"https:\/\/noticiasemdestaque.com\/cd\/?p=23227\" \/>\n<meta property=\"og:site_name\" content=\"Not&iacute;cias em Destaque\" \/>\n<meta property=\"article:published_time\" content=\"2020-02-26T16:12:37+00:00\" \/>\n<meta property=\"og:image\" content=\"https:\/\/noticiasemdestaque.com\/cd\/wp-content\/uploads\/2019\/10\/1476464827355-tribunal-de-justica-da-paraiba-1985668070.jpg\" \/>\n\t<meta property=\"og:image:width\" content=\"692\" \/>\n\t<meta property=\"og:image:height\" content=\"463\" \/>\n\t<meta property=\"og:image:type\" content=\"image\/jpeg\" \/>\n<meta name=\"author\" content=\"Not\u00edcias em Destaque\" \/>\n<meta name=\"twitter:card\" content=\"summary_large_image\" \/>\n<meta name=\"twitter:label1\" content=\"Escrito por\" \/>\n\t<meta name=\"twitter:data1\" content=\"Not\u00edcias em Destaque\" \/>\n\t<meta name=\"twitter:label2\" content=\"Est. tempo de leitura\" \/>\n\t<meta name=\"twitter:data2\" content=\"1 minuto\" \/>\n<script type=\"application\/ld+json\" class=\"yoast-schema-graph\">{\"@context\":\"https:\/\/schema.org\",\"@graph\":[{\"@type\":\"Article\",\"@id\":\"https:\/\/noticiasemdestaque.com\/cd\/?p=23227#article\",\"isPartOf\":{\"@id\":\"https:\/\/noticiasemdestaque.com\/cd\/?p=23227\"},\"author\":{\"name\":\"Not\u00edcias em Destaque\",\"@id\":\"https:\/\/noticiasemdestaque.com\/cd\/#\/schema\/person\/3e6ba396ff5664a69c392f09a8e1504c\"},\"headline\":\"Mesmo ap\u00f3s fim de pens\u00e3o, ex-governadores da PB continuam a receber\",\"datePublished\":\"2020-02-26T16:12:37+00:00\",\"mainEntityOfPage\":{\"@id\":\"https:\/\/noticiasemdestaque.com\/cd\/?p=23227\"},\"wordCount\":260,\"publisher\":{\"@id\":\"https:\/\/noticiasemdestaque.com\/cd\/#organization\"},\"image\":{\"@id\":\"https:\/\/noticiasemdestaque.com\/cd\/?p=23227#primaryimage\"},\"thumbnailUrl\":\"https:\/\/noticiasemdestaque.com\/cd\/wp-content\/uploads\/2019\/10\/1476464827355-tribunal-de-justica-da-paraiba-1985668070.jpg\",\"articleSection\":[\"Pol\u00edtica\"],\"inLanguage\":\"pt-BR\"},{\"@type\":\"WebPage\",\"@id\":\"https:\/\/noticiasemdestaque.com\/cd\/?p=23227\",\"url\":\"https:\/\/noticiasemdestaque.com\/cd\/?p=23227\",\"name\":\"Mesmo ap\u00f3s fim de pens\u00e3o, ex-governadores da PB continuam a receber - Not&iacute;cias em Destaque\",\"isPartOf\":{\"@id\":\"https:\/\/noticiasemdestaque.com\/cd\/#website\"},\"primaryImageOfPage\":{\"@id\":\"https:\/\/noticiasemdestaque.com\/cd\/?p=23227#primaryimage\"},\"image\":{\"@id\":\"https:\/\/noticiasemdestaque.com\/cd\/?p=23227#primaryimage\"},\"thumbnailUrl\":\"https:\/\/noticiasemdestaque.com\/cd\/wp-content\/uploads\/2019\/10\/1476464827355-tribunal-de-justica-da-paraiba-1985668070.jpg\",\"datePublished\":\"2020-02-26T16:12:37+00:00\",\"breadcrumb\":{\"@id\":\"https:\/\/noticiasemdestaque.com\/cd\/?p=23227#breadcrumb\"},\"inLanguage\":\"pt-BR\",\"potentialAction\":[{\"@type\":\"ReadAction\",\"target\":[\"https:\/\/noticiasemdestaque.com\/cd\/?p=23227\"]}]},{\"@type\":\"ImageObject\",\"inLanguage\":\"pt-BR\",\"@id\":\"https:\/\/noticiasemdestaque.com\/cd\/?p=23227#primaryimage\",\"url\":\"https:\/\/noticiasemdestaque.com\/cd\/wp-content\/uploads\/2019\/10\/1476464827355-tribunal-de-justica-da-paraiba-1985668070.jpg\",\"contentUrl\":\"https:\/\/noticiasemdestaque.com\/cd\/wp-content\/uploads\/2019\/10\/1476464827355-tribunal-de-justica-da-paraiba-1985668070.jpg\",\"width\":692,\"height\":463},{\"@type\":\"BreadcrumbList\",\"@id\":\"https:\/\/noticiasemdestaque.com\/cd\/?p=23227#breadcrumb\",\"itemListElement\":[{\"@type\":\"ListItem\",\"position\":1,\"name\":\"In\u00edcio\",\"item\":\"https:\/\/noticiasemdestaque.com\/cd\/\"},{\"@type\":\"ListItem\",\"position\":2,\"name\":\"Mesmo ap\u00f3s fim de pens\u00e3o, ex-governadores da PB continuam a receber\"}]},{\"@type\":\"WebSite\",\"@id\":\"https:\/\/noticiasemdestaque.com\/cd\/#website\",\"url\":\"https:\/\/noticiasemdestaque.com\/cd\/\",\"name\":\"Not&iacute;cias em Destaque\",\"description\":\"\",\"publisher\":{\"@id\":\"https:\/\/noticiasemdestaque.com\/cd\/#organization\"},\"potentialAction\":[{\"@type\":\"SearchAction\",\"target\":{\"@type\":\"EntryPoint\",\"urlTemplate\":\"https:\/\/noticiasemdestaque.com\/cd\/?s={search_term_string}\"},\"query-input\":{\"@type\":\"PropertyValueSpecification\",\"valueRequired\":true,\"valueName\":\"search_term_string\"}}],\"inLanguage\":\"pt-BR\"},{\"@type\":\"Organization\",\"@id\":\"https:\/\/noticiasemdestaque.com\/cd\/#organization\",\"name\":\"Not\u00edcias em Destaque\",\"url\":\"https:\/\/noticiasemdestaque.com\/cd\/\",\"logo\":{\"@type\":\"ImageObject\",\"inLanguage\":\"pt-BR\",\"@id\":\"https:\/\/noticiasemdestaque.com\/cd\/#\/schema\/logo\/image\/\",\"url\":\"https:\/\/noticiasemdestaque.com\/cd\/wp-content\/uploads\/2022\/05\/imagem-base-noticiasemdestaque.png\",\"contentUrl\":\"https:\/\/noticiasemdestaque.com\/cd\/wp-content\/uploads\/2022\/05\/imagem-base-noticiasemdestaque.png\",\"width\":1200,\"height\":630,\"caption\":\"Not\u00edcias em Destaque\"},\"image\":{\"@id\":\"https:\/\/noticiasemdestaque.com\/cd\/#\/schema\/logo\/image\/\"}},{\"@type\":\"Person\",\"@id\":\"https:\/\/noticiasemdestaque.com\/cd\/#\/schema\/person\/3e6ba396ff5664a69c392f09a8e1504c\",\"name\":\"Not\u00edcias em Destaque\",\"url\":\"https:\/\/noticiasemdestaque.com\/cd\/?author=2\"}]}<\/script>\n<!-- \/ Yoast SEO plugin. -->","yoast_head_json":{"title":"Mesmo ap\u00f3s fim de pens\u00e3o, ex-governadores da PB continuam a receber - Not&iacute;cias em Destaque","robots":{"index":"index","follow":"follow","max-snippet":"max-snippet:-1","max-image-preview":"max-image-preview:large","max-video-preview":"max-video-preview:-1"},"canonical":"https:\/\/noticiasemdestaque.com\/cd\/?p=23227","og_locale":"pt_BR","og_type":"article","og_title":"Mesmo ap\u00f3s fim de pens\u00e3o, ex-governadores da PB continuam a receber - Not&iacute;cias em Destaque","og_description":"Em 2018, o Supremo Tribunal Federal (STF) decretou, em julgamento ocorrido, o fim do pagamento de pens\u00f5es a ex-governadores e vi\u00favas de ex-governadores da Para\u00edba. O benef\u00edcio havia sido aprovado em 2006 pela Assembleia Legislativa e beneficiava atualmente seis ex-governadores e oito vi\u00favas de ex-gestores. A medida foi questionada pelo Conselho Federal da Ordem dos Advogados do Brasil (OAB) que ajuizou uma A\u00e7\u00e3o Direta de Inconstitucionalidade (ADI) para questionar a concess\u00e3o do benef\u00edcio que equivale \u00e0 remunera\u00e7\u00e3o do governador em exerc\u00edcio. A OAB tamb\u00e9m ajuizou ADIs semelhantes para contestar a constitucionalidade do pagamento de aposentadorias a ex-governadores dos estados do Par\u00e1, Acre, Amazonas, Rond\u00f4nia, Sergipe, Paran\u00e1, Rio Grande do Sul e Piau\u00ed. Ocorre que durante todo o ano de 2018 e 2019, segundo consta no portal do Tribunal de Contas do Estado (TCE-PB), todos os beneficiados continuam a receber seus vencimentos at\u00e9 dezembro de 2019. As folhas de pagamento referentes aos meses de 2020, ainda n\u00e3o constam no Sagres Online:\u00a0https:\/\/sagres.tce.pb.gov.br\/estado_pessoal05.php?poder=1&amp;ano=2019&amp;competencia=122019&amp;descricao=Dezembro&amp;cargo=000001385&amp;cargonome=EX+GOVERNADOR&amp;tipo=PENSIONISTA&amp;orgao=PENSAO+DO+TESOURO Atualmente a pens\u00e3o \u00e9 pago aos ex-governadores Roberto Paulino, C\u00e1ssio Cunha Lima, C\u00edcero Lucena, Jos\u00e9 Maranh\u00e3o, Milton Cabral e Wilson Braga. Cada um recebe a quantia de R$ 23.500,82. Oito vi\u00favas de ex-governadores tamb\u00e9m recebem o benef\u00edcio que variam entre R$ 2.850,75 a R$ 12.661,75. Fonte: PBAgora","og_url":"https:\/\/noticiasemdestaque.com\/cd\/?p=23227","og_site_name":"Not&iacute;cias em Destaque","article_published_time":"2020-02-26T16:12:37+00:00","og_image":[{"width":692,"height":463,"url":"https:\/\/noticiasemdestaque.com\/cd\/wp-content\/uploads\/2019\/10\/1476464827355-tribunal-de-justica-da-paraiba-1985668070.jpg","type":"image\/jpeg"}],"author":"Not\u00edcias em Destaque","twitter_card":"summary_large_image","twitter_misc":{"Escrito por":"Not\u00edcias em Destaque","Est. tempo de leitura":"1 minuto"},"schema":{"@context":"https:\/\/schema.org","@graph":[{"@type":"Article","@id":"https:\/\/noticiasemdestaque.com\/cd\/?p=23227#article","isPartOf":{"@id":"https:\/\/noticiasemdestaque.com\/cd\/?p=23227"},"author":{"name":"Not\u00edcias em Destaque","@id":"https:\/\/noticiasemdestaque.com\/cd\/#\/schema\/person\/3e6ba396ff5664a69c392f09a8e1504c"},"headline":"Mesmo ap\u00f3s fim de pens\u00e3o, ex-governadores da PB continuam a receber","datePublished":"2020-02-26T16:12:37+00:00","mainEntityOfPage":{"@id":"https:\/\/noticiasemdestaque.com\/cd\/?p=23227"},"wordCount":260,"publisher":{"@id":"https:\/\/noticiasemdestaque.com\/cd\/#organization"},"image":{"@id":"https:\/\/noticiasemdestaque.com\/cd\/?p=23227#primaryimage"},"thumbnailUrl":"https:\/\/noticiasemdestaque.com\/cd\/wp-content\/uploads\/2019\/10\/1476464827355-tribunal-de-justica-da-paraiba-1985668070.jpg","articleSection":["Pol\u00edtica"],"inLanguage":"pt-BR"},{"@type":"WebPage","@id":"https:\/\/noticiasemdestaque.com\/cd\/?p=23227","url":"https:\/\/noticiasemdestaque.com\/cd\/?p=23227","name":"Mesmo ap\u00f3s fim de pens\u00e3o, ex-governadores da PB continuam a receber - Not&iacute;cias em Destaque","isPartOf":{"@id":"https:\/\/noticiasemdestaque.com\/cd\/#website"},"primaryImageOfPage":{"@id":"https:\/\/noticiasemdestaque.com\/cd\/?p=23227#primaryimage"},"image":{"@id":"https:\/\/noticiasemdestaque.com\/cd\/?p=23227#primaryimage"},"thumbnailUrl":"https:\/\/noticiasemdestaque.com\/cd\/wp-content\/uploads\/2019\/10\/1476464827355-tribunal-de-justica-da-paraiba-1985668070.jpg","datePublished":"2020-02-26T16:12:37+00:00","breadcrumb":{"@id":"https:\/\/noticiasemdestaque.com\/cd\/?p=23227#breadcrumb"},"inLanguage":"pt-BR","potentialAction":[{"@type":"ReadAction","target":["https:\/\/noticiasemdestaque.com\/cd\/?p=23227"]}]},{"@type":"ImageObject","inLanguage":"pt-BR","@id":"https:\/\/noticiasemdestaque.com\/cd\/?p=23227#primaryimage","url":"https:\/\/noticiasemdestaque.com\/cd\/wp-content\/uploads\/2019\/10\/1476464827355-tribunal-de-justica-da-paraiba-1985668070.jpg","contentUrl":"https:\/\/noticiasemdestaque.com\/cd\/wp-content\/uploads\/2019\/10\/1476464827355-tribunal-de-justica-da-paraiba-1985668070.jpg","width":692,"height":463},{"@type":"BreadcrumbList","@id":"https:\/\/noticiasemdestaque.com\/cd\/?p=23227#breadcrumb","itemListElement":[{"@type":"ListItem","position":1,"name":"In\u00edcio","item":"https:\/\/noticiasemdestaque.com\/cd\/"},{"@type":"ListItem","position":2,"name":"Mesmo ap\u00f3s fim de pens\u00e3o, ex-governadores da PB continuam a receber"}]},{"@type":"WebSite","@id":"https:\/\/noticiasemdestaque.com\/cd\/#website","url":"https:\/\/noticiasemdestaque.com\/cd\/","name":"Not&iacute;cias em Destaque","description":"","publisher":{"@id":"https:\/\/noticiasemdestaque.com\/cd\/#organization"},"potentialAction":[{"@type":"SearchAction","target":{"@type":"EntryPoint","urlTemplate":"https:\/\/noticiasemdestaque.com\/cd\/?s={search_term_string}"},"query-input":{"@type":"PropertyValueSpecification","valueRequired":true,"valueName":"search_term_string"}}],"inLanguage":"pt-BR"},{"@type":"Organization","@id":"https:\/\/noticiasemdestaque.com\/cd\/#organization","name":"Not\u00edcias em Destaque","url":"https:\/\/noticiasemdestaque.com\/cd\/","logo":{"@type":"ImageObject","inLanguage":"pt-BR","@id":"https:\/\/noticiasemdestaque.com\/cd\/#\/schema\/logo\/image\/","url":"https:\/\/noticiasemdestaque.com\/cd\/wp-content\/uploads\/2022\/05\/imagem-base-noticiasemdestaque.png","contentUrl":"https:\/\/noticiasemdestaque.com\/cd\/wp-content\/uploads\/2022\/05\/imagem-base-noticiasemdestaque.png","width":1200,"height":630,"caption":"Not\u00edcias em Destaque"},"image":{"@id":"https:\/\/noticiasemdestaque.com\/cd\/#\/schema\/logo\/image\/"}},{"@type":"Person","@id":"https:\/\/noticiasemdestaque.com\/cd\/#\/schema\/person\/3e6ba396ff5664a69c392f09a8e1504c","name":"Not\u00edcias em Destaque","url":"https:\/\/noticiasemdestaque.com\/cd\/?author=2"}]}},"jetpack_featured_media_url":"https:\/\/noticiasemdestaque.com\/cd\/wp-content\/uploads\/2019\/10\/1476464827355-tribunal-de-justica-da-paraiba-1985668070.jpg","jetpack_sharing_enabled":true,"_links":{"self":[{"href":"https:\/\/noticiasemdestaque.com\/cd\/index.php?rest_route=\/wp\/v2\/posts\/23227","targetHints":{"allow":["GET"]}}],"collection":[{"href":"https:\/\/noticiasemdestaque.com\/cd\/index.php?rest_route=\/wp\/v2\/posts"}],"about":[{"href":"https:\/\/noticiasemdestaque.com\/cd\/index.php?rest_route=\/wp\/v2\/types\/post"}],"author":[{"embeddable":true,"href":"https:\/\/noticiasemdestaque.com\/cd\/index.php?rest_route=\/wp\/v2\/users\/2"}],"replies":[{"embeddable":true,"href":"https:\/\/noticiasemdestaque.com\/cd\/index.php?rest_route=%2Fwp%2Fv2%2Fcomments&post=23227"}],"version-history":[{"count":1,"href":"https:\/\/noticiasemdestaque.com\/cd\/index.php?rest_route=\/wp\/v2\/posts\/23227\/revisions"}],"predecessor-version":[{"id":23228,"href":"https:\/\/noticiasemdestaque.com\/cd\/index.php?rest_route=\/wp\/v2\/posts\/23227\/revisions\/23228"}],"wp:featuredmedia":[{"embeddable":true,"href":"https:\/\/noticiasemdestaque.com\/cd\/index.php?rest_route=\/wp\/v2\/media\/20269"}],"wp:attachment":[{"href":"https:\/\/noticiasemdestaque.com\/cd\/index.php?rest_route=%2Fwp%2Fv2%2Fmedia&parent=23227"}],"wp:term":[{"taxonomy":"category","embeddable":true,"href":"https:\/\/noticiasemdestaque.com\/cd\/index.php?rest_route=%2Fwp%2Fv2%2Fcategories&post=23227"},{"taxonomy":"post_tag","embeddable":true,"href":"https:\/\/noticiasemdestaque.com\/cd\/index.php?rest_route=%2Fwp%2Fv2%2Ftags&post=23227"}],"curies":[{"name":"wp","href":"https:\/\/api.w.org\/{rel}","templated":true}]}}