{"id":23184,"date":"2020-02-24T11:08:24","date_gmt":"2020-02-24T14:08:24","guid":{"rendered":"http:\/\/noticiasemdestaque.com\/cd\/?p=23184"},"modified":"2020-02-24T11:08:24","modified_gmt":"2020-02-24T14:08:24","slug":"vereador-guilherme-gaudencio-vai-assumir-o-comando-do-pdt-em-serra-branca","status":"publish","type":"post","link":"https:\/\/noticiasemdestaque.com\/cd\/?p=23184","title":{"rendered":"Vereador Guilherme Gaud\u00eancio vai assumir o comando do PDT em Serra Branca"},"content":{"rendered":"<figure id=\"attachment_19257\" aria-describedby=\"caption-attachment-19257\" style=\"width: 486px\" class=\"wp-caption aligncenter\"><a href=\"https:\/\/noticiasemdestaque.com\/cd\/wp-content\/uploads\/2019\/08\/IMG_5486.jpg\"><img fetchpriority=\"high\" decoding=\"async\" class=\" wp-image-19257\" src=\"https:\/\/noticiasemdestaque.com\/cd\/wp-content\/uploads\/2019\/08\/IMG_5486-1024x683.jpg\" alt=\"\" width=\"486\" height=\"324\" srcset=\"https:\/\/noticiasemdestaque.com\/cd\/wp-content\/uploads\/2019\/08\/IMG_5486-1024x683.jpg 1024w, https:\/\/noticiasemdestaque.com\/cd\/wp-content\/uploads\/2019\/08\/IMG_5486-300x200.jpg 300w, https:\/\/noticiasemdestaque.com\/cd\/wp-content\/uploads\/2019\/08\/IMG_5486-768x512.jpg 768w, https:\/\/noticiasemdestaque.com\/cd\/wp-content\/uploads\/2019\/08\/IMG_5486-480x320.jpg 480w\" sizes=\"(max-width: 486px) 100vw, 486px\" \/><\/a><figcaption id=\"caption-attachment-19257\" class=\"wp-caption-text\">Vereador Guilherme<\/figcaption><\/figure>\n<p>O pr\u00e9-candidato a prefeito, e vereador de Serra Branca Guilherme Gaud\u00eancio (atualmente PSB), ir\u00e1 assumir \u00e0 presid\u00eancia do PDT e tomar a frente da legenda com vistas ao pleito de 2020. Ele ir\u00e1 comandar o futuro do partido em Serra Branca, uma das principais cidades do Cariri, com mais de 13 mil habitantes.<\/p>\n<p>Desde as \u00faltimas elei\u00e7\u00f5es em 2018, que Guilherme j\u00e1 havia recebido o convite do deputado federal Dami\u00e3o Feliciano (PDT) para ingressar na legenda, mas s\u00f3 agora as conversa\u00e7\u00f5es se consolidaram e o vereador decidiu deixar o PSB e partir para o novo partido.<\/p>\n<p>H\u00e1 24 anos na pol\u00edtica serra-branquense, Guilherme pretende disputar a prefeitura municipal ou fazer composi\u00e7\u00e3o com os blocos de oposi\u00e7\u00e3o e n\u00e3o mais disputar vaga no legislativo.<\/p>\n<p>Em entrevista, nesta sexta-feira, 21, a radio Independente FM, ele disse que s\u00f3 h\u00e1 interesse na disputa pela majorit\u00e1ria. \u201cS\u00f3 serei candidato a prefeito ou, do contr\u00e1rio, apoiaremos algum outro candidato do grupo de oposi\u00e7\u00e3o, mas n\u00e3o serei mais candidato a vereador. Acho que j\u00e1 dei minha colabora\u00e7\u00e3o no legislativo, chegou a hora de dirigir os destinos da cidade\u201d, pontuou Guilherme.<\/p>\n<p>O vereador Guilherme tem sido cortejado por outros grupos pol\u00edticos que fazem oposi\u00e7\u00e3o ao atual gestor. O ex-prefeito de Serra Branca, Zizo Mamede (PT), afirmou recentemente que o partido n\u00e3o tem qualquer problema em votar no vereador Guilherme Gaud\u00eancio para prefeito de Serra Branca. \u201cApesar de Guilherme n\u00e3o ser do PT, mas \u00e9 do nosso campo pol\u00edtico, e n\u00e3o temos nenhum problema de votar nele para prefeito porque \u00e9 um grande nome e faz uma boa pol\u00edtica\u201d.<\/p>\n<p>O outro grupo de oposi\u00e7\u00e3o comandado pelo vice-prefeito Joda Zuza e Fl\u00e1vio Torre\u00e3o, tamb\u00e9m tem buscado atrair o parlamentar, mas Guilherme tem dito que est\u00e1 satisfeito com a poss\u00edvel alian\u00e7a com o PT. \u201cN\u00f3s somos diferentes, mas temos muitas coisas em comum, como n\u00e3o aceitar as pr\u00e1ticas pol\u00edticas que imperam hoje em Serra Branca\u201d, acrescentou.<\/p>\n<p>Segundo Guilherme Gaud\u00eancio j\u00e1 est\u00e1 tudo organizado para que o PDT, seja mais um partido a somar nas elei\u00e7\u00f5es deste ano.<\/p>\n<p>Por Sandoval Vieira<\/p>\n","protected":false},"excerpt":{"rendered":"<p>O pr\u00e9-candidato a prefeito, e vereador de Serra Branca Guilherme Gaud\u00eancio (atualmente PSB), ir\u00e1 assumir \u00e0 presid\u00eancia do PDT e tomar a frente da legenda com vistas ao pleito de 2020. Ele ir\u00e1 comandar o futuro do partido em Serra Branca, uma das principais cidades do Cariri, com mais de 13 mil habitantes. Desde as \u00faltimas elei\u00e7\u00f5es em 2018, que Guilherme j\u00e1 havia recebido o convite do deputado federal Dami\u00e3o Feliciano (PDT) para ingressar na legenda, mas s\u00f3 agora as conversa\u00e7\u00f5es se consolidaram e o vereador decidiu deixar o PSB e partir para o novo partido. H\u00e1 24 anos na pol\u00edtica serra-branquense, Guilherme pretende disputar a prefeitura municipal ou fazer composi\u00e7\u00e3o com os blocos de oposi\u00e7\u00e3o e n\u00e3o mais disputar vaga no legislativo. Em entrevista, nesta sexta-feira, 21, a radio Independente FM, ele disse que s\u00f3 h\u00e1 interesse na disputa pela majorit\u00e1ria. \u201cS\u00f3 serei candidato a prefeito ou, do contr\u00e1rio, apoiaremos algum outro candidato do grupo de oposi\u00e7\u00e3o, mas n\u00e3o serei mais candidato a vereador. Acho que j\u00e1 dei minha colabora\u00e7\u00e3o no legislativo, chegou a hora de dirigir os destinos da cidade\u201d, pontuou Guilherme. O vereador Guilherme tem sido cortejado por outros grupos pol\u00edticos que fazem oposi\u00e7\u00e3o ao atual gestor. O ex-prefeito de Serra Branca, Zizo Mamede (PT), afirmou recentemente que o partido n\u00e3o tem qualquer problema em votar no vereador Guilherme Gaud\u00eancio para prefeito de Serra Branca. \u201cApesar de Guilherme n\u00e3o ser do PT, mas \u00e9 do nosso campo pol\u00edtico, e n\u00e3o temos nenhum problema de votar nele para prefeito porque \u00e9 um grande nome e faz uma boa pol\u00edtica\u201d. O outro grupo de oposi\u00e7\u00e3o comandado pelo vice-prefeito Joda Zuza e Fl\u00e1vio Torre\u00e3o, tamb\u00e9m tem buscado atrair o parlamentar, mas Guilherme tem dito que est\u00e1 satisfeito com a poss\u00edvel alian\u00e7a com o PT. \u201cN\u00f3s somos diferentes, mas temos muitas coisas em comum, como n\u00e3o aceitar as pr\u00e1ticas pol\u00edticas que imperam hoje em Serra Branca\u201d, acrescentou. Segundo Guilherme Gaud\u00eancio j\u00e1 est\u00e1 tudo organizado para que o PDT, seja mais um partido a somar nas elei\u00e7\u00f5es deste ano. Por Sandoval Vieira<\/p>\n","protected":false},"author":2,"featured_media":19257,"comment_status":"closed","ping_status":"open","sticky":false,"template":"","format":"standard","meta":{"_eb_attr":"","_jetpack_memberships_contains_paid_content":false,"footnotes":""},"categories":[4],"tags":[],"class_list":["post-23184","post","type-post","status-publish","format-standard","has-post-thumbnail","hentry","category-politica"],"yoast_head":"<!-- This site is optimized with the Yoast SEO plugin v26.5 - https:\/\/yoast.com\/wordpress\/plugins\/seo\/ -->\n<title>Vereador Guilherme Gaud\u00eancio vai assumir o comando do PDT em Serra Branca - Not&iacute;cias em Destaque<\/title>\n<meta name=\"robots\" content=\"index, follow, max-snippet:-1, max-image-preview:large, max-video-preview:-1\" \/>\n<link rel=\"canonical\" href=\"https:\/\/noticiasemdestaque.com\/cd\/?p=23184\" \/>\n<meta property=\"og:locale\" content=\"pt_BR\" \/>\n<meta property=\"og:type\" content=\"article\" \/>\n<meta property=\"og:title\" content=\"Vereador Guilherme Gaud\u00eancio vai assumir o comando do PDT em Serra Branca - Not&iacute;cias em Destaque\" \/>\n<meta property=\"og:description\" content=\"O pr\u00e9-candidato a prefeito, e vereador de Serra Branca Guilherme Gaud\u00eancio (atualmente PSB), ir\u00e1 assumir \u00e0 presid\u00eancia do PDT e tomar a frente da legenda com vistas ao pleito de 2020. Ele ir\u00e1 comandar o futuro do partido em Serra Branca, uma das principais cidades do Cariri, com mais de 13 mil habitantes. Desde as \u00faltimas elei\u00e7\u00f5es em 2018, que Guilherme j\u00e1 havia recebido o convite do deputado federal Dami\u00e3o Feliciano (PDT) para ingressar na legenda, mas s\u00f3 agora as conversa\u00e7\u00f5es se consolidaram e o vereador decidiu deixar o PSB e partir para o novo partido. H\u00e1 24 anos na pol\u00edtica serra-branquense, Guilherme pretende disputar a prefeitura municipal ou fazer composi\u00e7\u00e3o com os blocos de oposi\u00e7\u00e3o e n\u00e3o mais disputar vaga no legislativo. Em entrevista, nesta sexta-feira, 21, a radio Independente FM, ele disse que s\u00f3 h\u00e1 interesse na disputa pela majorit\u00e1ria. \u201cS\u00f3 serei candidato a prefeito ou, do contr\u00e1rio, apoiaremos algum outro candidato do grupo de oposi\u00e7\u00e3o, mas n\u00e3o serei mais candidato a vereador. Acho que j\u00e1 dei minha colabora\u00e7\u00e3o no legislativo, chegou a hora de dirigir os destinos da cidade\u201d, pontuou Guilherme. O vereador Guilherme tem sido cortejado por outros grupos pol\u00edticos que fazem oposi\u00e7\u00e3o ao atual gestor. O ex-prefeito de Serra Branca, Zizo Mamede (PT), afirmou recentemente que o partido n\u00e3o tem qualquer problema em votar no vereador Guilherme Gaud\u00eancio para prefeito de Serra Branca. \u201cApesar de Guilherme n\u00e3o ser do PT, mas \u00e9 do nosso campo pol\u00edtico, e n\u00e3o temos nenhum problema de votar nele para prefeito porque \u00e9 um grande nome e faz uma boa pol\u00edtica\u201d. O outro grupo de oposi\u00e7\u00e3o comandado pelo vice-prefeito Joda Zuza e Fl\u00e1vio Torre\u00e3o, tamb\u00e9m tem buscado atrair o parlamentar, mas Guilherme tem dito que est\u00e1 satisfeito com a poss\u00edvel alian\u00e7a com o PT. \u201cN\u00f3s somos diferentes, mas temos muitas coisas em comum, como n\u00e3o aceitar as pr\u00e1ticas pol\u00edticas que imperam hoje em Serra Branca\u201d, acrescentou. Segundo Guilherme Gaud\u00eancio j\u00e1 est\u00e1 tudo organizado para que o PDT, seja mais um partido a somar nas elei\u00e7\u00f5es deste ano. Por Sandoval Vieira\" \/>\n<meta property=\"og:url\" content=\"https:\/\/noticiasemdestaque.com\/cd\/?p=23184\" \/>\n<meta property=\"og:site_name\" content=\"Not&iacute;cias em Destaque\" \/>\n<meta property=\"article:published_time\" content=\"2020-02-24T14:08:24+00:00\" \/>\n<meta property=\"og:image\" content=\"https:\/\/noticiasemdestaque.com\/cd\/wp-content\/uploads\/2019\/08\/IMG_5486.jpg\" \/>\n\t<meta property=\"og:image:width\" content=\"2592\" \/>\n\t<meta property=\"og:image:height\" content=\"1728\" \/>\n\t<meta property=\"og:image:type\" content=\"image\/jpeg\" \/>\n<meta name=\"author\" content=\"Not\u00edcias em Destaque\" \/>\n<meta name=\"twitter:card\" content=\"summary_large_image\" \/>\n<meta name=\"twitter:label1\" content=\"Escrito por\" \/>\n\t<meta name=\"twitter:data1\" content=\"Not\u00edcias em Destaque\" \/>\n\t<meta name=\"twitter:label2\" content=\"Est. tempo de leitura\" \/>\n\t<meta name=\"twitter:data2\" content=\"2 minutos\" \/>\n<script type=\"application\/ld+json\" class=\"yoast-schema-graph\">{\"@context\":\"https:\/\/schema.org\",\"@graph\":[{\"@type\":\"Article\",\"@id\":\"https:\/\/noticiasemdestaque.com\/cd\/?p=23184#article\",\"isPartOf\":{\"@id\":\"https:\/\/noticiasemdestaque.com\/cd\/?p=23184\"},\"author\":{\"name\":\"Not\u00edcias em Destaque\",\"@id\":\"https:\/\/noticiasemdestaque.com\/cd\/#\/schema\/person\/21320b03a7e8bb90128938dafc9b908a\"},\"headline\":\"Vereador Guilherme Gaud\u00eancio vai assumir o comando do PDT em Serra Branca\",\"datePublished\":\"2020-02-24T14:08:24+00:00\",\"mainEntityOfPage\":{\"@id\":\"https:\/\/noticiasemdestaque.com\/cd\/?p=23184\"},\"wordCount\":389,\"publisher\":{\"@id\":\"https:\/\/noticiasemdestaque.com\/cd\/#organization\"},\"image\":{\"@id\":\"https:\/\/noticiasemdestaque.com\/cd\/?p=23184#primaryimage\"},\"thumbnailUrl\":\"https:\/\/noticiasemdestaque.com\/cd\/wp-content\/uploads\/2019\/08\/IMG_5486.jpg\",\"articleSection\":[\"Pol\u00edtica\"],\"inLanguage\":\"pt-BR\"},{\"@type\":\"WebPage\",\"@id\":\"https:\/\/noticiasemdestaque.com\/cd\/?p=23184\",\"url\":\"https:\/\/noticiasemdestaque.com\/cd\/?p=23184\",\"name\":\"Vereador Guilherme Gaud\u00eancio vai assumir o comando do PDT em Serra Branca - Not&iacute;cias em Destaque\",\"isPartOf\":{\"@id\":\"https:\/\/noticiasemdestaque.com\/cd\/#website\"},\"primaryImageOfPage\":{\"@id\":\"https:\/\/noticiasemdestaque.com\/cd\/?p=23184#primaryimage\"},\"image\":{\"@id\":\"https:\/\/noticiasemdestaque.com\/cd\/?p=23184#primaryimage\"},\"thumbnailUrl\":\"https:\/\/noticiasemdestaque.com\/cd\/wp-content\/uploads\/2019\/08\/IMG_5486.jpg\",\"datePublished\":\"2020-02-24T14:08:24+00:00\",\"breadcrumb\":{\"@id\":\"https:\/\/noticiasemdestaque.com\/cd\/?p=23184#breadcrumb\"},\"inLanguage\":\"pt-BR\",\"potentialAction\":[{\"@type\":\"ReadAction\",\"target\":[\"https:\/\/noticiasemdestaque.com\/cd\/?p=23184\"]}]},{\"@type\":\"ImageObject\",\"inLanguage\":\"pt-BR\",\"@id\":\"https:\/\/noticiasemdestaque.com\/cd\/?p=23184#primaryimage\",\"url\":\"https:\/\/noticiasemdestaque.com\/cd\/wp-content\/uploads\/2019\/08\/IMG_5486.jpg\",\"contentUrl\":\"https:\/\/noticiasemdestaque.com\/cd\/wp-content\/uploads\/2019\/08\/IMG_5486.jpg\",\"width\":2592,\"height\":1728,\"caption\":\"Vereador Guilherme\"},{\"@type\":\"BreadcrumbList\",\"@id\":\"https:\/\/noticiasemdestaque.com\/cd\/?p=23184#breadcrumb\",\"itemListElement\":[{\"@type\":\"ListItem\",\"position\":1,\"name\":\"In\u00edcio\",\"item\":\"https:\/\/noticiasemdestaque.com\/cd\/\"},{\"@type\":\"ListItem\",\"position\":2,\"name\":\"Vereador Guilherme Gaud\u00eancio vai assumir o comando do PDT em Serra Branca\"}]},{\"@type\":\"WebSite\",\"@id\":\"https:\/\/noticiasemdestaque.com\/cd\/#website\",\"url\":\"https:\/\/noticiasemdestaque.com\/cd\/\",\"name\":\"Not&iacute;cias em Destaque\",\"description\":\"\",\"publisher\":{\"@id\":\"https:\/\/noticiasemdestaque.com\/cd\/#organization\"},\"potentialAction\":[{\"@type\":\"SearchAction\",\"target\":{\"@type\":\"EntryPoint\",\"urlTemplate\":\"https:\/\/noticiasemdestaque.com\/cd\/?s={search_term_string}\"},\"query-input\":{\"@type\":\"PropertyValueSpecification\",\"valueRequired\":true,\"valueName\":\"search_term_string\"}}],\"inLanguage\":\"pt-BR\"},{\"@type\":\"Organization\",\"@id\":\"https:\/\/noticiasemdestaque.com\/cd\/#organization\",\"name\":\"Not\u00edcias em Destaque\",\"url\":\"https:\/\/noticiasemdestaque.com\/cd\/\",\"logo\":{\"@type\":\"ImageObject\",\"inLanguage\":\"pt-BR\",\"@id\":\"https:\/\/noticiasemdestaque.com\/cd\/#\/schema\/logo\/image\/\",\"url\":\"https:\/\/noticiasemdestaque.com\/cd\/wp-content\/uploads\/2022\/05\/imagem-base-noticiasemdestaque.png\",\"contentUrl\":\"https:\/\/noticiasemdestaque.com\/cd\/wp-content\/uploads\/2022\/05\/imagem-base-noticiasemdestaque.png\",\"width\":1200,\"height\":630,\"caption\":\"Not\u00edcias em Destaque\"},\"image\":{\"@id\":\"https:\/\/noticiasemdestaque.com\/cd\/#\/schema\/logo\/image\/\"}},{\"@type\":\"Person\",\"@id\":\"https:\/\/noticiasemdestaque.com\/cd\/#\/schema\/person\/21320b03a7e8bb90128938dafc9b908a\",\"name\":\"Not\u00edcias em Destaque\",\"url\":\"https:\/\/noticiasemdestaque.com\/cd\/?author=2\"}]}<\/script>\n<!-- \/ Yoast SEO plugin. -->","yoast_head_json":{"title":"Vereador Guilherme Gaud\u00eancio vai assumir o comando do PDT em Serra Branca - Not&iacute;cias em Destaque","robots":{"index":"index","follow":"follow","max-snippet":"max-snippet:-1","max-image-preview":"max-image-preview:large","max-video-preview":"max-video-preview:-1"},"canonical":"https:\/\/noticiasemdestaque.com\/cd\/?p=23184","og_locale":"pt_BR","og_type":"article","og_title":"Vereador Guilherme Gaud\u00eancio vai assumir o comando do PDT em Serra Branca - Not&iacute;cias em Destaque","og_description":"O pr\u00e9-candidato a prefeito, e vereador de Serra Branca Guilherme Gaud\u00eancio (atualmente PSB), ir\u00e1 assumir \u00e0 presid\u00eancia do PDT e tomar a frente da legenda com vistas ao pleito de 2020. Ele ir\u00e1 comandar o futuro do partido em Serra Branca, uma das principais cidades do Cariri, com mais de 13 mil habitantes. Desde as \u00faltimas elei\u00e7\u00f5es em 2018, que Guilherme j\u00e1 havia recebido o convite do deputado federal Dami\u00e3o Feliciano (PDT) para ingressar na legenda, mas s\u00f3 agora as conversa\u00e7\u00f5es se consolidaram e o vereador decidiu deixar o PSB e partir para o novo partido. H\u00e1 24 anos na pol\u00edtica serra-branquense, Guilherme pretende disputar a prefeitura municipal ou fazer composi\u00e7\u00e3o com os blocos de oposi\u00e7\u00e3o e n\u00e3o mais disputar vaga no legislativo. Em entrevista, nesta sexta-feira, 21, a radio Independente FM, ele disse que s\u00f3 h\u00e1 interesse na disputa pela majorit\u00e1ria. \u201cS\u00f3 serei candidato a prefeito ou, do contr\u00e1rio, apoiaremos algum outro candidato do grupo de oposi\u00e7\u00e3o, mas n\u00e3o serei mais candidato a vereador. Acho que j\u00e1 dei minha colabora\u00e7\u00e3o no legislativo, chegou a hora de dirigir os destinos da cidade\u201d, pontuou Guilherme. O vereador Guilherme tem sido cortejado por outros grupos pol\u00edticos que fazem oposi\u00e7\u00e3o ao atual gestor. O ex-prefeito de Serra Branca, Zizo Mamede (PT), afirmou recentemente que o partido n\u00e3o tem qualquer problema em votar no vereador Guilherme Gaud\u00eancio para prefeito de Serra Branca. \u201cApesar de Guilherme n\u00e3o ser do PT, mas \u00e9 do nosso campo pol\u00edtico, e n\u00e3o temos nenhum problema de votar nele para prefeito porque \u00e9 um grande nome e faz uma boa pol\u00edtica\u201d. O outro grupo de oposi\u00e7\u00e3o comandado pelo vice-prefeito Joda Zuza e Fl\u00e1vio Torre\u00e3o, tamb\u00e9m tem buscado atrair o parlamentar, mas Guilherme tem dito que est\u00e1 satisfeito com a poss\u00edvel alian\u00e7a com o PT. \u201cN\u00f3s somos diferentes, mas temos muitas coisas em comum, como n\u00e3o aceitar as pr\u00e1ticas pol\u00edticas que imperam hoje em Serra Branca\u201d, acrescentou. Segundo Guilherme Gaud\u00eancio j\u00e1 est\u00e1 tudo organizado para que o PDT, seja mais um partido a somar nas elei\u00e7\u00f5es deste ano. Por Sandoval Vieira","og_url":"https:\/\/noticiasemdestaque.com\/cd\/?p=23184","og_site_name":"Not&iacute;cias em Destaque","article_published_time":"2020-02-24T14:08:24+00:00","og_image":[{"width":2592,"height":1728,"url":"https:\/\/noticiasemdestaque.com\/cd\/wp-content\/uploads\/2019\/08\/IMG_5486.jpg","type":"image\/jpeg"}],"author":"Not\u00edcias em Destaque","twitter_card":"summary_large_image","twitter_misc":{"Escrito por":"Not\u00edcias em Destaque","Est. tempo de leitura":"2 minutos"},"schema":{"@context":"https:\/\/schema.org","@graph":[{"@type":"Article","@id":"https:\/\/noticiasemdestaque.com\/cd\/?p=23184#article","isPartOf":{"@id":"https:\/\/noticiasemdestaque.com\/cd\/?p=23184"},"author":{"name":"Not\u00edcias em Destaque","@id":"https:\/\/noticiasemdestaque.com\/cd\/#\/schema\/person\/21320b03a7e8bb90128938dafc9b908a"},"headline":"Vereador Guilherme Gaud\u00eancio vai assumir o comando do PDT em Serra Branca","datePublished":"2020-02-24T14:08:24+00:00","mainEntityOfPage":{"@id":"https:\/\/noticiasemdestaque.com\/cd\/?p=23184"},"wordCount":389,"publisher":{"@id":"https:\/\/noticiasemdestaque.com\/cd\/#organization"},"image":{"@id":"https:\/\/noticiasemdestaque.com\/cd\/?p=23184#primaryimage"},"thumbnailUrl":"https:\/\/noticiasemdestaque.com\/cd\/wp-content\/uploads\/2019\/08\/IMG_5486.jpg","articleSection":["Pol\u00edtica"],"inLanguage":"pt-BR"},{"@type":"WebPage","@id":"https:\/\/noticiasemdestaque.com\/cd\/?p=23184","url":"https:\/\/noticiasemdestaque.com\/cd\/?p=23184","name":"Vereador Guilherme Gaud\u00eancio vai assumir o comando do PDT em Serra Branca - Not&iacute;cias em Destaque","isPartOf":{"@id":"https:\/\/noticiasemdestaque.com\/cd\/#website"},"primaryImageOfPage":{"@id":"https:\/\/noticiasemdestaque.com\/cd\/?p=23184#primaryimage"},"image":{"@id":"https:\/\/noticiasemdestaque.com\/cd\/?p=23184#primaryimage"},"thumbnailUrl":"https:\/\/noticiasemdestaque.com\/cd\/wp-content\/uploads\/2019\/08\/IMG_5486.jpg","datePublished":"2020-02-24T14:08:24+00:00","breadcrumb":{"@id":"https:\/\/noticiasemdestaque.com\/cd\/?p=23184#breadcrumb"},"inLanguage":"pt-BR","potentialAction":[{"@type":"ReadAction","target":["https:\/\/noticiasemdestaque.com\/cd\/?p=23184"]}]},{"@type":"ImageObject","inLanguage":"pt-BR","@id":"https:\/\/noticiasemdestaque.com\/cd\/?p=23184#primaryimage","url":"https:\/\/noticiasemdestaque.com\/cd\/wp-content\/uploads\/2019\/08\/IMG_5486.jpg","contentUrl":"https:\/\/noticiasemdestaque.com\/cd\/wp-content\/uploads\/2019\/08\/IMG_5486.jpg","width":2592,"height":1728,"caption":"Vereador Guilherme"},{"@type":"BreadcrumbList","@id":"https:\/\/noticiasemdestaque.com\/cd\/?p=23184#breadcrumb","itemListElement":[{"@type":"ListItem","position":1,"name":"In\u00edcio","item":"https:\/\/noticiasemdestaque.com\/cd\/"},{"@type":"ListItem","position":2,"name":"Vereador Guilherme Gaud\u00eancio vai assumir o comando do PDT em Serra Branca"}]},{"@type":"WebSite","@id":"https:\/\/noticiasemdestaque.com\/cd\/#website","url":"https:\/\/noticiasemdestaque.com\/cd\/","name":"Not&iacute;cias em Destaque","description":"","publisher":{"@id":"https:\/\/noticiasemdestaque.com\/cd\/#organization"},"potentialAction":[{"@type":"SearchAction","target":{"@type":"EntryPoint","urlTemplate":"https:\/\/noticiasemdestaque.com\/cd\/?s={search_term_string}"},"query-input":{"@type":"PropertyValueSpecification","valueRequired":true,"valueName":"search_term_string"}}],"inLanguage":"pt-BR"},{"@type":"Organization","@id":"https:\/\/noticiasemdestaque.com\/cd\/#organization","name":"Not\u00edcias em Destaque","url":"https:\/\/noticiasemdestaque.com\/cd\/","logo":{"@type":"ImageObject","inLanguage":"pt-BR","@id":"https:\/\/noticiasemdestaque.com\/cd\/#\/schema\/logo\/image\/","url":"https:\/\/noticiasemdestaque.com\/cd\/wp-content\/uploads\/2022\/05\/imagem-base-noticiasemdestaque.png","contentUrl":"https:\/\/noticiasemdestaque.com\/cd\/wp-content\/uploads\/2022\/05\/imagem-base-noticiasemdestaque.png","width":1200,"height":630,"caption":"Not\u00edcias em Destaque"},"image":{"@id":"https:\/\/noticiasemdestaque.com\/cd\/#\/schema\/logo\/image\/"}},{"@type":"Person","@id":"https:\/\/noticiasemdestaque.com\/cd\/#\/schema\/person\/21320b03a7e8bb90128938dafc9b908a","name":"Not\u00edcias em Destaque","url":"https:\/\/noticiasemdestaque.com\/cd\/?author=2"}]}},"jetpack_featured_media_url":"https:\/\/noticiasemdestaque.com\/cd\/wp-content\/uploads\/2019\/08\/IMG_5486.jpg","jetpack_sharing_enabled":true,"_links":{"self":[{"href":"https:\/\/noticiasemdestaque.com\/cd\/index.php?rest_route=\/wp\/v2\/posts\/23184","targetHints":{"allow":["GET"]}}],"collection":[{"href":"https:\/\/noticiasemdestaque.com\/cd\/index.php?rest_route=\/wp\/v2\/posts"}],"about":[{"href":"https:\/\/noticiasemdestaque.com\/cd\/index.php?rest_route=\/wp\/v2\/types\/post"}],"author":[{"embeddable":true,"href":"https:\/\/noticiasemdestaque.com\/cd\/index.php?rest_route=\/wp\/v2\/users\/2"}],"replies":[{"embeddable":true,"href":"https:\/\/noticiasemdestaque.com\/cd\/index.php?rest_route=%2Fwp%2Fv2%2Fcomments&post=23184"}],"version-history":[{"count":1,"href":"https:\/\/noticiasemdestaque.com\/cd\/index.php?rest_route=\/wp\/v2\/posts\/23184\/revisions"}],"predecessor-version":[{"id":23185,"href":"https:\/\/noticiasemdestaque.com\/cd\/index.php?rest_route=\/wp\/v2\/posts\/23184\/revisions\/23185"}],"wp:featuredmedia":[{"embeddable":true,"href":"https:\/\/noticiasemdestaque.com\/cd\/index.php?rest_route=\/wp\/v2\/media\/19257"}],"wp:attachment":[{"href":"https:\/\/noticiasemdestaque.com\/cd\/index.php?rest_route=%2Fwp%2Fv2%2Fmedia&parent=23184"}],"wp:term":[{"taxonomy":"category","embeddable":true,"href":"https:\/\/noticiasemdestaque.com\/cd\/index.php?rest_route=%2Fwp%2Fv2%2Fcategories&post=23184"},{"taxonomy":"post_tag","embeddable":true,"href":"https:\/\/noticiasemdestaque.com\/cd\/index.php?rest_route=%2Fwp%2Fv2%2Ftags&post=23184"}],"curies":[{"name":"wp","href":"https:\/\/api.w.org\/{rel}","templated":true}]}}