{"id":23110,"date":"2020-02-20T18:09:41","date_gmt":"2020-02-20T21:09:41","guid":{"rendered":"http:\/\/noticiasemdestaque.com\/cd\/?p=23110"},"modified":"2020-02-20T18:09:41","modified_gmt":"2020-02-20T21:09:41","slug":"nos-70-anos-da-lbv-mobiliza-a-sociedade-paraibana-em-prol-da-educacao","status":"publish","type":"post","link":"https:\/\/noticiasemdestaque.com\/cd\/?p=23110","title":{"rendered":"Nos 70 anos da LBV, mobiliza a sociedade paraibana em prol da educa\u00e7\u00e3o"},"content":{"rendered":"<p><a href=\"https:\/\/noticiasemdestaque.com\/cd\/wp-content\/uploads\/2020\/02\/Garotada-da-LBV-em-JP-feliz-com-os-kits-pedagoicos.jpeg\"><img fetchpriority=\"high\" decoding=\"async\" class=\"wp-image-23111 aligncenter\" src=\"https:\/\/noticiasemdestaque.com\/cd\/wp-content\/uploads\/2020\/02\/Garotada-da-LBV-em-JP-feliz-com-os-kits-pedagoicos-1024x682.jpeg\" alt=\"\" width=\"492\" height=\"328\" srcset=\"https:\/\/noticiasemdestaque.com\/cd\/wp-content\/uploads\/2020\/02\/Garotada-da-LBV-em-JP-feliz-com-os-kits-pedagoicos-1024x682.jpeg 1024w, https:\/\/noticiasemdestaque.com\/cd\/wp-content\/uploads\/2020\/02\/Garotada-da-LBV-em-JP-feliz-com-os-kits-pedagoicos-300x200.jpeg 300w, https:\/\/noticiasemdestaque.com\/cd\/wp-content\/uploads\/2020\/02\/Garotada-da-LBV-em-JP-feliz-com-os-kits-pedagoicos-768x512.jpeg 768w, https:\/\/noticiasemdestaque.com\/cd\/wp-content\/uploads\/2020\/02\/Garotada-da-LBV-em-JP-feliz-com-os-kits-pedagoicos-480x320.jpeg 480w, https:\/\/noticiasemdestaque.com\/cd\/wp-content\/uploads\/2020\/02\/Garotada-da-LBV-em-JP-feliz-com-os-kits-pedagoicos.jpeg 1280w\" sizes=\"(max-width: 492px) 100vw, 492px\" \/><\/a><\/p>\n<p style=\"font-weight: 400;\">A Legi\u00e3o da Boa Vontade (LBV) promove \u00e0 sua tradicional mobiliza\u00e7\u00e3o social em prol da educa\u00e7\u00e3o. A campanha\u00a0<em>Crian\u00e7a Nota 10 \u2014 Proteger a inf\u00e2ncia \u00e9 acreditar no futuro!,<\/em>\u00a0entrega at\u00e9 o m\u00eas de mar\u00e7o, mais de 15 mil\u00a0<em>kits\u00a0<\/em>de material escolar a crian\u00e7as, adolescentes e jovens atendidos pela Institui\u00e7\u00e3o em 67 cidades do Brasil.<\/p>\n<p style=\"font-weight: 400;\">A campanha tem como objetivos principais auxiliar as fam\u00edlias que n\u00e3o disp\u00f5em de recursos financeiros para a compra dos artigos escolares e motivar meninas e meninos, a frequentar as salas de aula e a dar prosseguimento aos estudos. De acordo com o Instituto Brasileiro de Geografia e Estat\u00edstica (IBGE), a evas\u00e3o escolar abrange, sobretudo, jovens que t\u00eam entre 15 e 17 anos de idade. Os dados indicam que, em 2018, 11,8% dos jovens nessa faixa et\u00e1ria estavam fora da escola, n\u00famero equivalente a 1,1 milh\u00e3o de pessoas.<\/p>\n<p style=\"font-weight: 400;\">Constantemente preocupada com a educa\u00e7\u00e3o, a LBV, conta com a contribui\u00e7\u00e3o de seus colaboradores, volunt\u00e1rios, amigos e parceiros, bem como com o suporte imprescind\u00edvel dos meios de comunica\u00e7\u00e3o na divulga\u00e7\u00e3o dessa a\u00e7\u00e3o solid\u00e1ria. Os referidos\u00a0<em>kits\u00a0<\/em>s\u00e3o compostos de mochila, cadernos, l\u00e1pis, r\u00e9gua, canetas, estojo, entre outros itens.<\/p>\n<p style=\"font-weight: 400;\">Cabe destacar que as capas dos cadernos cont\u00eam as ilustra\u00e7\u00f5es ganhadoras da edi\u00e7\u00e3o 2019 do Concurso Nacional de Desenhos da Legi\u00e3o da Boa Vontade, edi\u00e7\u00e3o essa que teve como foco o tema \u201cA LBV em minha vida\u201d, em homenagem \u00e0 Institui\u00e7\u00e3o por seus 70 anos de exist\u00eancia, ao longo dos quais vem promovendo, ininterruptamente, a Caridade Completa, ou seja, a do corpo e da Alma.<\/p>\n<p style=\"font-weight: 400;\">As doa\u00e7\u00f5es para a campanha\u00a0<em>Crian\u00e7a Nota 10 \u2014 Proteger a inf\u00e2ncia \u00e9 acreditar no futuro!<\/em>\u00a0podem ser feitas pelo\u00a0<em>site<\/em>\u00a0<strong><a href=\"http:\/\/www.lbv.org\/\" data-saferedirecturl=\"https:\/\/www.google.com\/url?q=http:\/\/www.lbv.org&amp;source=gmail&amp;ust=1582316110805000&amp;usg=AFQjCNG2J9Zfwlog2ZkP_6MjQ0t4B8F3zw\">www.lbv.org<\/a><\/strong>\u00a0ou pelo telefone\u00a0<strong>0800 055 50 99<\/strong>.<\/p>\n<p style=\"font-weight: 400;\">As crian\u00e7as e adolescentes, assistidas pela Institui\u00e7\u00e3o\u00a0<strong>em Jo\u00e3o Pessoa\/PB<\/strong>, receber\u00e3o seus kits, no pr\u00f3ximo\u00a0<strong>dia 06 de mar\u00e7o de 2020,<\/strong>\u00a0na Unidade de Jaguaribe, que est\u00e1 localizada na Rua das Trincheiras, 703. Para outras informa\u00e7\u00f5es sobre essa merit\u00f3ria iniciativa, basta acessar as p\u00e1ginas oficiais da LBV no Facebook, no Instagram e no Youtube, por meio do endere\u00e7o LBVBrasil.<\/p>\n","protected":false},"excerpt":{"rendered":"<p>A Legi\u00e3o da Boa Vontade (LBV) promove \u00e0 sua tradicional mobiliza\u00e7\u00e3o social em prol da educa\u00e7\u00e3o. A campanha\u00a0Crian\u00e7a Nota 10 \u2014 Proteger a inf\u00e2ncia \u00e9 acreditar no futuro!,\u00a0entrega at\u00e9 o m\u00eas de mar\u00e7o, mais de 15 mil\u00a0kits\u00a0de material escolar a crian\u00e7as, adolescentes e jovens atendidos pela Institui\u00e7\u00e3o em 67 cidades do Brasil. A campanha tem como objetivos principais auxiliar as fam\u00edlias que n\u00e3o disp\u00f5em de recursos financeiros para a compra dos artigos escolares e motivar meninas e meninos, a frequentar as salas de aula e a dar prosseguimento aos estudos. De acordo com o Instituto Brasileiro de Geografia e Estat\u00edstica (IBGE), a evas\u00e3o escolar abrange, sobretudo, jovens que t\u00eam entre 15 e 17 anos de idade. Os dados indicam que, em 2018, 11,8% dos jovens nessa faixa et\u00e1ria estavam fora da escola, n\u00famero equivalente a 1,1 milh\u00e3o de pessoas. Constantemente preocupada com a educa\u00e7\u00e3o, a LBV, conta com a contribui\u00e7\u00e3o de seus colaboradores, volunt\u00e1rios, amigos e parceiros, bem como com o suporte imprescind\u00edvel dos meios de comunica\u00e7\u00e3o na divulga\u00e7\u00e3o dessa a\u00e7\u00e3o solid\u00e1ria. Os referidos\u00a0kits\u00a0s\u00e3o compostos de mochila, cadernos, l\u00e1pis, r\u00e9gua, canetas, estojo, entre outros itens. Cabe destacar que as capas dos cadernos cont\u00eam as ilustra\u00e7\u00f5es ganhadoras da edi\u00e7\u00e3o 2019 do Concurso Nacional de Desenhos da Legi\u00e3o da Boa Vontade, edi\u00e7\u00e3o essa que teve como foco o tema \u201cA LBV em minha vida\u201d, em homenagem \u00e0 Institui\u00e7\u00e3o por seus 70 anos de exist\u00eancia, ao longo dos quais vem promovendo, ininterruptamente, a Caridade Completa, ou seja, a do corpo e da Alma. As doa\u00e7\u00f5es para a campanha\u00a0Crian\u00e7a Nota 10 \u2014 Proteger a inf\u00e2ncia \u00e9 acreditar no futuro!\u00a0podem ser feitas pelo\u00a0site\u00a0www.lbv.org\u00a0ou pelo telefone\u00a00800 055 50 99. As crian\u00e7as e adolescentes, assistidas pela Institui\u00e7\u00e3o\u00a0em Jo\u00e3o Pessoa\/PB, receber\u00e3o seus kits, no pr\u00f3ximo\u00a0dia 06 de mar\u00e7o de 2020,\u00a0na Unidade de Jaguaribe, que est\u00e1 localizada na Rua das Trincheiras, 703. Para outras informa\u00e7\u00f5es sobre essa merit\u00f3ria iniciativa, basta acessar as p\u00e1ginas oficiais da LBV no Facebook, no Instagram e no Youtube, por meio do endere\u00e7o LBVBrasil.<\/p>\n","protected":false},"author":2,"featured_media":23111,"comment_status":"closed","ping_status":"open","sticky":false,"template":"","format":"standard","meta":{"_eb_attr":"","_jetpack_memberships_contains_paid_content":false,"footnotes":""},"categories":[12],"tags":[],"class_list":["post-23110","post","type-post","status-publish","format-standard","has-post-thumbnail","hentry","category-geral"],"yoast_head":"<!-- This site is optimized with the Yoast SEO plugin v26.5 - https:\/\/yoast.com\/wordpress\/plugins\/seo\/ -->\n<title>Nos 70 anos da LBV, mobiliza a sociedade paraibana em prol da educa\u00e7\u00e3o - Not&iacute;cias em Destaque<\/title>\n<meta name=\"robots\" content=\"index, follow, max-snippet:-1, max-image-preview:large, max-video-preview:-1\" \/>\n<link rel=\"canonical\" href=\"https:\/\/noticiasemdestaque.com\/cd\/?p=23110\" \/>\n<meta property=\"og:locale\" content=\"pt_BR\" \/>\n<meta property=\"og:type\" content=\"article\" \/>\n<meta property=\"og:title\" content=\"Nos 70 anos da LBV, mobiliza a sociedade paraibana em prol da educa\u00e7\u00e3o - Not&iacute;cias em Destaque\" \/>\n<meta property=\"og:description\" content=\"A Legi\u00e3o da Boa Vontade (LBV) promove \u00e0 sua tradicional mobiliza\u00e7\u00e3o social em prol da educa\u00e7\u00e3o. A campanha\u00a0Crian\u00e7a Nota 10 \u2014 Proteger a inf\u00e2ncia \u00e9 acreditar no futuro!,\u00a0entrega at\u00e9 o m\u00eas de mar\u00e7o, mais de 15 mil\u00a0kits\u00a0de material escolar a crian\u00e7as, adolescentes e jovens atendidos pela Institui\u00e7\u00e3o em 67 cidades do Brasil. A campanha tem como objetivos principais auxiliar as fam\u00edlias que n\u00e3o disp\u00f5em de recursos financeiros para a compra dos artigos escolares e motivar meninas e meninos, a frequentar as salas de aula e a dar prosseguimento aos estudos. De acordo com o Instituto Brasileiro de Geografia e Estat\u00edstica (IBGE), a evas\u00e3o escolar abrange, sobretudo, jovens que t\u00eam entre 15 e 17 anos de idade. Os dados indicam que, em 2018, 11,8% dos jovens nessa faixa et\u00e1ria estavam fora da escola, n\u00famero equivalente a 1,1 milh\u00e3o de pessoas. Constantemente preocupada com a educa\u00e7\u00e3o, a LBV, conta com a contribui\u00e7\u00e3o de seus colaboradores, volunt\u00e1rios, amigos e parceiros, bem como com o suporte imprescind\u00edvel dos meios de comunica\u00e7\u00e3o na divulga\u00e7\u00e3o dessa a\u00e7\u00e3o solid\u00e1ria. Os referidos\u00a0kits\u00a0s\u00e3o compostos de mochila, cadernos, l\u00e1pis, r\u00e9gua, canetas, estojo, entre outros itens. Cabe destacar que as capas dos cadernos cont\u00eam as ilustra\u00e7\u00f5es ganhadoras da edi\u00e7\u00e3o 2019 do Concurso Nacional de Desenhos da Legi\u00e3o da Boa Vontade, edi\u00e7\u00e3o essa que teve como foco o tema \u201cA LBV em minha vida\u201d, em homenagem \u00e0 Institui\u00e7\u00e3o por seus 70 anos de exist\u00eancia, ao longo dos quais vem promovendo, ininterruptamente, a Caridade Completa, ou seja, a do corpo e da Alma. As doa\u00e7\u00f5es para a campanha\u00a0Crian\u00e7a Nota 10 \u2014 Proteger a inf\u00e2ncia \u00e9 acreditar no futuro!\u00a0podem ser feitas pelo\u00a0site\u00a0www.lbv.org\u00a0ou pelo telefone\u00a00800 055 50 99. As crian\u00e7as e adolescentes, assistidas pela Institui\u00e7\u00e3o\u00a0em Jo\u00e3o Pessoa\/PB, receber\u00e3o seus kits, no pr\u00f3ximo\u00a0dia 06 de mar\u00e7o de 2020,\u00a0na Unidade de Jaguaribe, que est\u00e1 localizada na Rua das Trincheiras, 703. Para outras informa\u00e7\u00f5es sobre essa merit\u00f3ria iniciativa, basta acessar as p\u00e1ginas oficiais da LBV no Facebook, no Instagram e no Youtube, por meio do endere\u00e7o LBVBrasil.\" \/>\n<meta property=\"og:url\" content=\"https:\/\/noticiasemdestaque.com\/cd\/?p=23110\" \/>\n<meta property=\"og:site_name\" content=\"Not&iacute;cias em Destaque\" \/>\n<meta property=\"article:published_time\" content=\"2020-02-20T21:09:41+00:00\" \/>\n<meta property=\"og:image\" content=\"https:\/\/noticiasemdestaque.com\/cd\/wp-content\/uploads\/2020\/02\/Garotada-da-LBV-em-JP-feliz-com-os-kits-pedagoicos.jpeg\" \/>\n\t<meta property=\"og:image:width\" content=\"1280\" \/>\n\t<meta property=\"og:image:height\" content=\"853\" \/>\n\t<meta property=\"og:image:type\" content=\"image\/jpeg\" \/>\n<meta name=\"author\" content=\"Not\u00edcias em Destaque\" \/>\n<meta name=\"twitter:card\" content=\"summary_large_image\" \/>\n<meta name=\"twitter:label1\" content=\"Escrito por\" \/>\n\t<meta name=\"twitter:data1\" content=\"Not\u00edcias em Destaque\" \/>\n\t<meta name=\"twitter:label2\" content=\"Est. tempo de leitura\" \/>\n\t<meta name=\"twitter:data2\" content=\"2 minutos\" \/>\n<script type=\"application\/ld+json\" class=\"yoast-schema-graph\">{\"@context\":\"https:\/\/schema.org\",\"@graph\":[{\"@type\":\"Article\",\"@id\":\"https:\/\/noticiasemdestaque.com\/cd\/?p=23110#article\",\"isPartOf\":{\"@id\":\"https:\/\/noticiasemdestaque.com\/cd\/?p=23110\"},\"author\":{\"name\":\"Not\u00edcias em Destaque\",\"@id\":\"https:\/\/noticiasemdestaque.com\/cd\/#\/schema\/person\/3e6ba396ff5664a69c392f09a8e1504c\"},\"headline\":\"Nos 70 anos da LBV, mobiliza a sociedade paraibana em prol da educa\u00e7\u00e3o\",\"datePublished\":\"2020-02-20T21:09:41+00:00\",\"mainEntityOfPage\":{\"@id\":\"https:\/\/noticiasemdestaque.com\/cd\/?p=23110\"},\"wordCount\":385,\"publisher\":{\"@id\":\"https:\/\/noticiasemdestaque.com\/cd\/#organization\"},\"image\":{\"@id\":\"https:\/\/noticiasemdestaque.com\/cd\/?p=23110#primaryimage\"},\"thumbnailUrl\":\"https:\/\/noticiasemdestaque.com\/cd\/wp-content\/uploads\/2020\/02\/Garotada-da-LBV-em-JP-feliz-com-os-kits-pedagoicos.jpeg\",\"articleSection\":[\"Geral\"],\"inLanguage\":\"pt-BR\"},{\"@type\":\"WebPage\",\"@id\":\"https:\/\/noticiasemdestaque.com\/cd\/?p=23110\",\"url\":\"https:\/\/noticiasemdestaque.com\/cd\/?p=23110\",\"name\":\"Nos 70 anos da LBV, mobiliza a sociedade paraibana em prol da educa\u00e7\u00e3o - Not&iacute;cias em Destaque\",\"isPartOf\":{\"@id\":\"https:\/\/noticiasemdestaque.com\/cd\/#website\"},\"primaryImageOfPage\":{\"@id\":\"https:\/\/noticiasemdestaque.com\/cd\/?p=23110#primaryimage\"},\"image\":{\"@id\":\"https:\/\/noticiasemdestaque.com\/cd\/?p=23110#primaryimage\"},\"thumbnailUrl\":\"https:\/\/noticiasemdestaque.com\/cd\/wp-content\/uploads\/2020\/02\/Garotada-da-LBV-em-JP-feliz-com-os-kits-pedagoicos.jpeg\",\"datePublished\":\"2020-02-20T21:09:41+00:00\",\"breadcrumb\":{\"@id\":\"https:\/\/noticiasemdestaque.com\/cd\/?p=23110#breadcrumb\"},\"inLanguage\":\"pt-BR\",\"potentialAction\":[{\"@type\":\"ReadAction\",\"target\":[\"https:\/\/noticiasemdestaque.com\/cd\/?p=23110\"]}]},{\"@type\":\"ImageObject\",\"inLanguage\":\"pt-BR\",\"@id\":\"https:\/\/noticiasemdestaque.com\/cd\/?p=23110#primaryimage\",\"url\":\"https:\/\/noticiasemdestaque.com\/cd\/wp-content\/uploads\/2020\/02\/Garotada-da-LBV-em-JP-feliz-com-os-kits-pedagoicos.jpeg\",\"contentUrl\":\"https:\/\/noticiasemdestaque.com\/cd\/wp-content\/uploads\/2020\/02\/Garotada-da-LBV-em-JP-feliz-com-os-kits-pedagoicos.jpeg\",\"width\":1280,\"height\":853},{\"@type\":\"BreadcrumbList\",\"@id\":\"https:\/\/noticiasemdestaque.com\/cd\/?p=23110#breadcrumb\",\"itemListElement\":[{\"@type\":\"ListItem\",\"position\":1,\"name\":\"In\u00edcio\",\"item\":\"https:\/\/noticiasemdestaque.com\/cd\/\"},{\"@type\":\"ListItem\",\"position\":2,\"name\":\"Nos 70 anos da LBV, mobiliza a sociedade paraibana em prol da educa\u00e7\u00e3o\"}]},{\"@type\":\"WebSite\",\"@id\":\"https:\/\/noticiasemdestaque.com\/cd\/#website\",\"url\":\"https:\/\/noticiasemdestaque.com\/cd\/\",\"name\":\"Not&iacute;cias em Destaque\",\"description\":\"\",\"publisher\":{\"@id\":\"https:\/\/noticiasemdestaque.com\/cd\/#organization\"},\"potentialAction\":[{\"@type\":\"SearchAction\",\"target\":{\"@type\":\"EntryPoint\",\"urlTemplate\":\"https:\/\/noticiasemdestaque.com\/cd\/?s={search_term_string}\"},\"query-input\":{\"@type\":\"PropertyValueSpecification\",\"valueRequired\":true,\"valueName\":\"search_term_string\"}}],\"inLanguage\":\"pt-BR\"},{\"@type\":\"Organization\",\"@id\":\"https:\/\/noticiasemdestaque.com\/cd\/#organization\",\"name\":\"Not\u00edcias em Destaque\",\"url\":\"https:\/\/noticiasemdestaque.com\/cd\/\",\"logo\":{\"@type\":\"ImageObject\",\"inLanguage\":\"pt-BR\",\"@id\":\"https:\/\/noticiasemdestaque.com\/cd\/#\/schema\/logo\/image\/\",\"url\":\"https:\/\/noticiasemdestaque.com\/cd\/wp-content\/uploads\/2022\/05\/imagem-base-noticiasemdestaque.png\",\"contentUrl\":\"https:\/\/noticiasemdestaque.com\/cd\/wp-content\/uploads\/2022\/05\/imagem-base-noticiasemdestaque.png\",\"width\":1200,\"height\":630,\"caption\":\"Not\u00edcias em Destaque\"},\"image\":{\"@id\":\"https:\/\/noticiasemdestaque.com\/cd\/#\/schema\/logo\/image\/\"}},{\"@type\":\"Person\",\"@id\":\"https:\/\/noticiasemdestaque.com\/cd\/#\/schema\/person\/3e6ba396ff5664a69c392f09a8e1504c\",\"name\":\"Not\u00edcias em Destaque\",\"url\":\"https:\/\/noticiasemdestaque.com\/cd\/?author=2\"}]}<\/script>\n<!-- \/ Yoast SEO plugin. -->","yoast_head_json":{"title":"Nos 70 anos da LBV, mobiliza a sociedade paraibana em prol da educa\u00e7\u00e3o - Not&iacute;cias em Destaque","robots":{"index":"index","follow":"follow","max-snippet":"max-snippet:-1","max-image-preview":"max-image-preview:large","max-video-preview":"max-video-preview:-1"},"canonical":"https:\/\/noticiasemdestaque.com\/cd\/?p=23110","og_locale":"pt_BR","og_type":"article","og_title":"Nos 70 anos da LBV, mobiliza a sociedade paraibana em prol da educa\u00e7\u00e3o - Not&iacute;cias em Destaque","og_description":"A Legi\u00e3o da Boa Vontade (LBV) promove \u00e0 sua tradicional mobiliza\u00e7\u00e3o social em prol da educa\u00e7\u00e3o. A campanha\u00a0Crian\u00e7a Nota 10 \u2014 Proteger a inf\u00e2ncia \u00e9 acreditar no futuro!,\u00a0entrega at\u00e9 o m\u00eas de mar\u00e7o, mais de 15 mil\u00a0kits\u00a0de material escolar a crian\u00e7as, adolescentes e jovens atendidos pela Institui\u00e7\u00e3o em 67 cidades do Brasil. A campanha tem como objetivos principais auxiliar as fam\u00edlias que n\u00e3o disp\u00f5em de recursos financeiros para a compra dos artigos escolares e motivar meninas e meninos, a frequentar as salas de aula e a dar prosseguimento aos estudos. De acordo com o Instituto Brasileiro de Geografia e Estat\u00edstica (IBGE), a evas\u00e3o escolar abrange, sobretudo, jovens que t\u00eam entre 15 e 17 anos de idade. Os dados indicam que, em 2018, 11,8% dos jovens nessa faixa et\u00e1ria estavam fora da escola, n\u00famero equivalente a 1,1 milh\u00e3o de pessoas. Constantemente preocupada com a educa\u00e7\u00e3o, a LBV, conta com a contribui\u00e7\u00e3o de seus colaboradores, volunt\u00e1rios, amigos e parceiros, bem como com o suporte imprescind\u00edvel dos meios de comunica\u00e7\u00e3o na divulga\u00e7\u00e3o dessa a\u00e7\u00e3o solid\u00e1ria. Os referidos\u00a0kits\u00a0s\u00e3o compostos de mochila, cadernos, l\u00e1pis, r\u00e9gua, canetas, estojo, entre outros itens. Cabe destacar que as capas dos cadernos cont\u00eam as ilustra\u00e7\u00f5es ganhadoras da edi\u00e7\u00e3o 2019 do Concurso Nacional de Desenhos da Legi\u00e3o da Boa Vontade, edi\u00e7\u00e3o essa que teve como foco o tema \u201cA LBV em minha vida\u201d, em homenagem \u00e0 Institui\u00e7\u00e3o por seus 70 anos de exist\u00eancia, ao longo dos quais vem promovendo, ininterruptamente, a Caridade Completa, ou seja, a do corpo e da Alma. As doa\u00e7\u00f5es para a campanha\u00a0Crian\u00e7a Nota 10 \u2014 Proteger a inf\u00e2ncia \u00e9 acreditar no futuro!\u00a0podem ser feitas pelo\u00a0site\u00a0www.lbv.org\u00a0ou pelo telefone\u00a00800 055 50 99. As crian\u00e7as e adolescentes, assistidas pela Institui\u00e7\u00e3o\u00a0em Jo\u00e3o Pessoa\/PB, receber\u00e3o seus kits, no pr\u00f3ximo\u00a0dia 06 de mar\u00e7o de 2020,\u00a0na Unidade de Jaguaribe, que est\u00e1 localizada na Rua das Trincheiras, 703. Para outras informa\u00e7\u00f5es sobre essa merit\u00f3ria iniciativa, basta acessar as p\u00e1ginas oficiais da LBV no Facebook, no Instagram e no Youtube, por meio do endere\u00e7o LBVBrasil.","og_url":"https:\/\/noticiasemdestaque.com\/cd\/?p=23110","og_site_name":"Not&iacute;cias em Destaque","article_published_time":"2020-02-20T21:09:41+00:00","og_image":[{"width":1280,"height":853,"url":"https:\/\/noticiasemdestaque.com\/cd\/wp-content\/uploads\/2020\/02\/Garotada-da-LBV-em-JP-feliz-com-os-kits-pedagoicos.jpeg","type":"image\/jpeg"}],"author":"Not\u00edcias em Destaque","twitter_card":"summary_large_image","twitter_misc":{"Escrito por":"Not\u00edcias em Destaque","Est. tempo de leitura":"2 minutos"},"schema":{"@context":"https:\/\/schema.org","@graph":[{"@type":"Article","@id":"https:\/\/noticiasemdestaque.com\/cd\/?p=23110#article","isPartOf":{"@id":"https:\/\/noticiasemdestaque.com\/cd\/?p=23110"},"author":{"name":"Not\u00edcias em Destaque","@id":"https:\/\/noticiasemdestaque.com\/cd\/#\/schema\/person\/3e6ba396ff5664a69c392f09a8e1504c"},"headline":"Nos 70 anos da LBV, mobiliza a sociedade paraibana em prol da educa\u00e7\u00e3o","datePublished":"2020-02-20T21:09:41+00:00","mainEntityOfPage":{"@id":"https:\/\/noticiasemdestaque.com\/cd\/?p=23110"},"wordCount":385,"publisher":{"@id":"https:\/\/noticiasemdestaque.com\/cd\/#organization"},"image":{"@id":"https:\/\/noticiasemdestaque.com\/cd\/?p=23110#primaryimage"},"thumbnailUrl":"https:\/\/noticiasemdestaque.com\/cd\/wp-content\/uploads\/2020\/02\/Garotada-da-LBV-em-JP-feliz-com-os-kits-pedagoicos.jpeg","articleSection":["Geral"],"inLanguage":"pt-BR"},{"@type":"WebPage","@id":"https:\/\/noticiasemdestaque.com\/cd\/?p=23110","url":"https:\/\/noticiasemdestaque.com\/cd\/?p=23110","name":"Nos 70 anos da LBV, mobiliza a sociedade paraibana em prol da educa\u00e7\u00e3o - Not&iacute;cias em Destaque","isPartOf":{"@id":"https:\/\/noticiasemdestaque.com\/cd\/#website"},"primaryImageOfPage":{"@id":"https:\/\/noticiasemdestaque.com\/cd\/?p=23110#primaryimage"},"image":{"@id":"https:\/\/noticiasemdestaque.com\/cd\/?p=23110#primaryimage"},"thumbnailUrl":"https:\/\/noticiasemdestaque.com\/cd\/wp-content\/uploads\/2020\/02\/Garotada-da-LBV-em-JP-feliz-com-os-kits-pedagoicos.jpeg","datePublished":"2020-02-20T21:09:41+00:00","breadcrumb":{"@id":"https:\/\/noticiasemdestaque.com\/cd\/?p=23110#breadcrumb"},"inLanguage":"pt-BR","potentialAction":[{"@type":"ReadAction","target":["https:\/\/noticiasemdestaque.com\/cd\/?p=23110"]}]},{"@type":"ImageObject","inLanguage":"pt-BR","@id":"https:\/\/noticiasemdestaque.com\/cd\/?p=23110#primaryimage","url":"https:\/\/noticiasemdestaque.com\/cd\/wp-content\/uploads\/2020\/02\/Garotada-da-LBV-em-JP-feliz-com-os-kits-pedagoicos.jpeg","contentUrl":"https:\/\/noticiasemdestaque.com\/cd\/wp-content\/uploads\/2020\/02\/Garotada-da-LBV-em-JP-feliz-com-os-kits-pedagoicos.jpeg","width":1280,"height":853},{"@type":"BreadcrumbList","@id":"https:\/\/noticiasemdestaque.com\/cd\/?p=23110#breadcrumb","itemListElement":[{"@type":"ListItem","position":1,"name":"In\u00edcio","item":"https:\/\/noticiasemdestaque.com\/cd\/"},{"@type":"ListItem","position":2,"name":"Nos 70 anos da LBV, mobiliza a sociedade paraibana em prol da educa\u00e7\u00e3o"}]},{"@type":"WebSite","@id":"https:\/\/noticiasemdestaque.com\/cd\/#website","url":"https:\/\/noticiasemdestaque.com\/cd\/","name":"Not&iacute;cias em Destaque","description":"","publisher":{"@id":"https:\/\/noticiasemdestaque.com\/cd\/#organization"},"potentialAction":[{"@type":"SearchAction","target":{"@type":"EntryPoint","urlTemplate":"https:\/\/noticiasemdestaque.com\/cd\/?s={search_term_string}"},"query-input":{"@type":"PropertyValueSpecification","valueRequired":true,"valueName":"search_term_string"}}],"inLanguage":"pt-BR"},{"@type":"Organization","@id":"https:\/\/noticiasemdestaque.com\/cd\/#organization","name":"Not\u00edcias em Destaque","url":"https:\/\/noticiasemdestaque.com\/cd\/","logo":{"@type":"ImageObject","inLanguage":"pt-BR","@id":"https:\/\/noticiasemdestaque.com\/cd\/#\/schema\/logo\/image\/","url":"https:\/\/noticiasemdestaque.com\/cd\/wp-content\/uploads\/2022\/05\/imagem-base-noticiasemdestaque.png","contentUrl":"https:\/\/noticiasemdestaque.com\/cd\/wp-content\/uploads\/2022\/05\/imagem-base-noticiasemdestaque.png","width":1200,"height":630,"caption":"Not\u00edcias em Destaque"},"image":{"@id":"https:\/\/noticiasemdestaque.com\/cd\/#\/schema\/logo\/image\/"}},{"@type":"Person","@id":"https:\/\/noticiasemdestaque.com\/cd\/#\/schema\/person\/3e6ba396ff5664a69c392f09a8e1504c","name":"Not\u00edcias em Destaque","url":"https:\/\/noticiasemdestaque.com\/cd\/?author=2"}]}},"jetpack_featured_media_url":"https:\/\/noticiasemdestaque.com\/cd\/wp-content\/uploads\/2020\/02\/Garotada-da-LBV-em-JP-feliz-com-os-kits-pedagoicos.jpeg","jetpack_sharing_enabled":true,"_links":{"self":[{"href":"https:\/\/noticiasemdestaque.com\/cd\/index.php?rest_route=\/wp\/v2\/posts\/23110","targetHints":{"allow":["GET"]}}],"collection":[{"href":"https:\/\/noticiasemdestaque.com\/cd\/index.php?rest_route=\/wp\/v2\/posts"}],"about":[{"href":"https:\/\/noticiasemdestaque.com\/cd\/index.php?rest_route=\/wp\/v2\/types\/post"}],"author":[{"embeddable":true,"href":"https:\/\/noticiasemdestaque.com\/cd\/index.php?rest_route=\/wp\/v2\/users\/2"}],"replies":[{"embeddable":true,"href":"https:\/\/noticiasemdestaque.com\/cd\/index.php?rest_route=%2Fwp%2Fv2%2Fcomments&post=23110"}],"version-history":[{"count":1,"href":"https:\/\/noticiasemdestaque.com\/cd\/index.php?rest_route=\/wp\/v2\/posts\/23110\/revisions"}],"predecessor-version":[{"id":23112,"href":"https:\/\/noticiasemdestaque.com\/cd\/index.php?rest_route=\/wp\/v2\/posts\/23110\/revisions\/23112"}],"wp:featuredmedia":[{"embeddable":true,"href":"https:\/\/noticiasemdestaque.com\/cd\/index.php?rest_route=\/wp\/v2\/media\/23111"}],"wp:attachment":[{"href":"https:\/\/noticiasemdestaque.com\/cd\/index.php?rest_route=%2Fwp%2Fv2%2Fmedia&parent=23110"}],"wp:term":[{"taxonomy":"category","embeddable":true,"href":"https:\/\/noticiasemdestaque.com\/cd\/index.php?rest_route=%2Fwp%2Fv2%2Fcategories&post=23110"},{"taxonomy":"post_tag","embeddable":true,"href":"https:\/\/noticiasemdestaque.com\/cd\/index.php?rest_route=%2Fwp%2Fv2%2Ftags&post=23110"}],"curies":[{"name":"wp","href":"https:\/\/api.w.org\/{rel}","templated":true}]}}