{"id":23105,"date":"2020-02-27T07:00:27","date_gmt":"2020-02-27T10:00:27","guid":{"rendered":"http:\/\/noticiasemdestaque.com\/cd\/?p=23105"},"modified":"2020-02-27T07:36:00","modified_gmt":"2020-02-27T10:36:00","slug":"prefeitura-de-sume-abre-processo-seletivo-para-professor-de-educacao-fisica-2","status":"publish","type":"post","link":"https:\/\/noticiasemdestaque.com\/cd\/?p=23105","title":{"rendered":"Prefeitura de Sum\u00e9 abre Processo Seletivo para professor de Educa\u00e7\u00e3o F\u00edsica"},"content":{"rendered":"<p><a href=\"https:\/\/noticiasemdestaque.com\/cd\/wp-content\/uploads\/2018\/05\/PREFEITURA-DE-SUM\u00c9-768x511.jpg\"><img fetchpriority=\"high\" decoding=\"async\" class=\"wp-image-10226 aligncenter\" src=\"https:\/\/noticiasemdestaque.com\/cd\/wp-content\/uploads\/2018\/05\/PREFEITURA-DE-SUM\u00c9-768x511.jpg\" alt=\"\" width=\"579\" height=\"385\" srcset=\"https:\/\/noticiasemdestaque.com\/cd\/wp-content\/uploads\/2018\/05\/PREFEITURA-DE-SUM\u00c9-768x511.jpg 768w, https:\/\/noticiasemdestaque.com\/cd\/wp-content\/uploads\/2018\/05\/PREFEITURA-DE-SUM\u00c9-768x511-300x200.jpg 300w, https:\/\/noticiasemdestaque.com\/cd\/wp-content\/uploads\/2018\/05\/PREFEITURA-DE-SUM\u00c9-768x511-480x320.jpg 480w\" sizes=\"(max-width: 579px) 100vw, 579px\" \/><\/a><\/p>\n<p>O Processo Seletivo P\u00fablico destina-se ao provimento de (1) uma vaga (e cadastro de reserva) para contrata\u00e7\u00e3o tempor\u00e1ria em car\u00e1ter excepcional de profissional habilitado para o cargo de<strong>\u00a0Professor de Educa\u00e7\u00e3o F\u00edsica\u00a0<\/strong>do Ensino Fundamental II, em regime de 30 horas\/aulas nas unidades municipais de ensino de Sum\u00e9. O sal\u00e1rio \u00e9 de R$ 1.400,00.<\/p>\n<p>As inscri\u00e7\u00f5es acontecem nesta quinta e amanh\u00e3 sexta-feira, das 08h \u00e0s 14h, na sede da Secretaria de Educa\u00e7\u00e3o.<\/p>\n<p>O processo de sele\u00e7\u00e3o ser\u00e1 constitu\u00eddo em duas etapas \u2013 an\u00e1lise curricular e entrevista (car\u00e1ter eliminat\u00f3rio e classificat\u00f3rio).<\/p>\n<p>No ato da inscri\u00e7\u00e3o, o candidato dever\u00e1:<\/p>\n<p>\u2013 Preencher o formul\u00e1rio de inscri\u00e7\u00e3o (letra leg\u00edvel ou digitado), e apresentar assinado pelo candidato \u00e0 comiss\u00e3o ou equipe designada.<\/p>\n<p>\u2013 As inscri\u00e7\u00f5es ser\u00e3o identificadas por n\u00famero de protocolo.<\/p>\n<p>A rela\u00e7\u00e3o dos candidatos aptos para a entrevista ser\u00e1 divulgada no dia 02 de mar\u00e7o de 2020, no site oficial do munic\u00edpio (<a href=\"http:\/\/www.sume.pb.gov.br\/\">www.sume.pb.gov.br<\/a>). Os candidatos devem comparecer para a entrevista, na Secretaria Municipal de Educa\u00e7\u00e3o no dia 03\/03\/2020, das 08h \u00e0s 08h30min, seguindo por ordem de chegada. O candidato que n\u00e3o comparecer ser\u00e1 desclassificado.<\/p>\n<p>A validade do Processo Seletivo \u00e9 de (1) um ano, podendo ser prorrog\u00e1vel por igual per\u00edodo.<\/p>\n<p>Confira o Edital:\u00a0<a href=\"http:\/\/www.sume.pb.gov.br\/wp-content\/uploads\/2020\/02\/Edital-de-Lan%C3%A7amento-Professor-de-Educa%C3%A7%C3%A3o-F%C3%ADsica.pdf\">Edital de Lan\u00e7amento Professor de Educa\u00e7\u00e3o F\u00edsica<\/a><\/p>\n<p>Ascom<\/p>\n","protected":false},"excerpt":{"rendered":"<p>O Processo Seletivo P\u00fablico destina-se ao provimento de (1) uma vaga (e cadastro de reserva) para contrata\u00e7\u00e3o tempor\u00e1ria em car\u00e1ter excepcional de profissional habilitado para o cargo de\u00a0Professor de Educa\u00e7\u00e3o F\u00edsica\u00a0do Ensino Fundamental II, em regime de 30 horas\/aulas nas unidades municipais de ensino de Sum\u00e9. O sal\u00e1rio \u00e9 de R$ 1.400,00. As inscri\u00e7\u00f5es acontecem nesta quinta e amanh\u00e3 sexta-feira, das 08h \u00e0s 14h, na sede da Secretaria de Educa\u00e7\u00e3o. O processo de sele\u00e7\u00e3o ser\u00e1 constitu\u00eddo em duas etapas \u2013 an\u00e1lise curricular e entrevista (car\u00e1ter eliminat\u00f3rio e classificat\u00f3rio). No ato da inscri\u00e7\u00e3o, o candidato dever\u00e1: \u2013 Preencher o formul\u00e1rio de inscri\u00e7\u00e3o (letra leg\u00edvel ou digitado), e apresentar assinado pelo candidato \u00e0 comiss\u00e3o ou equipe designada. \u2013 As inscri\u00e7\u00f5es ser\u00e3o identificadas por n\u00famero de protocolo. A rela\u00e7\u00e3o dos candidatos aptos para a entrevista ser\u00e1 divulgada no dia 02 de mar\u00e7o de 2020, no site oficial do munic\u00edpio (www.sume.pb.gov.br). Os candidatos devem comparecer para a entrevista, na Secretaria Municipal de Educa\u00e7\u00e3o no dia 03\/03\/2020, das 08h \u00e0s 08h30min, seguindo por ordem de chegada. O candidato que n\u00e3o comparecer ser\u00e1 desclassificado. A validade do Processo Seletivo \u00e9 de (1) um ano, podendo ser prorrog\u00e1vel por igual per\u00edodo. Confira o Edital:\u00a0Edital de Lan\u00e7amento Professor de Educa\u00e7\u00e3o F\u00edsica Ascom<\/p>\n","protected":false},"author":2,"featured_media":10226,"comment_status":"closed","ping_status":"open","sticky":false,"template":"","format":"standard","meta":{"_eb_attr":"","_jetpack_memberships_contains_paid_content":false,"footnotes":""},"categories":[3],"tags":[],"class_list":["post-23105","post","type-post","status-publish","format-standard","has-post-thumbnail","hentry","category-cidades"],"yoast_head":"<!-- This site is optimized with the Yoast SEO plugin v26.5 - https:\/\/yoast.com\/wordpress\/plugins\/seo\/ -->\n<title>Prefeitura de Sum\u00e9 abre Processo Seletivo para professor de Educa\u00e7\u00e3o F\u00edsica - Not&iacute;cias em Destaque<\/title>\n<meta name=\"robots\" content=\"index, follow, max-snippet:-1, max-image-preview:large, max-video-preview:-1\" \/>\n<link rel=\"canonical\" href=\"https:\/\/noticiasemdestaque.com\/cd\/?p=23105\" \/>\n<meta property=\"og:locale\" content=\"pt_BR\" \/>\n<meta property=\"og:type\" content=\"article\" \/>\n<meta property=\"og:title\" content=\"Prefeitura de Sum\u00e9 abre Processo Seletivo para professor de Educa\u00e7\u00e3o F\u00edsica - Not&iacute;cias em Destaque\" \/>\n<meta property=\"og:description\" content=\"O Processo Seletivo P\u00fablico destina-se ao provimento de (1) uma vaga (e cadastro de reserva) para contrata\u00e7\u00e3o tempor\u00e1ria em car\u00e1ter excepcional de profissional habilitado para o cargo de\u00a0Professor de Educa\u00e7\u00e3o F\u00edsica\u00a0do Ensino Fundamental II, em regime de 30 horas\/aulas nas unidades municipais de ensino de Sum\u00e9. O sal\u00e1rio \u00e9 de R$ 1.400,00. As inscri\u00e7\u00f5es acontecem nesta quinta e amanh\u00e3 sexta-feira, das 08h \u00e0s 14h, na sede da Secretaria de Educa\u00e7\u00e3o. O processo de sele\u00e7\u00e3o ser\u00e1 constitu\u00eddo em duas etapas \u2013 an\u00e1lise curricular e entrevista (car\u00e1ter eliminat\u00f3rio e classificat\u00f3rio). No ato da inscri\u00e7\u00e3o, o candidato dever\u00e1: \u2013 Preencher o formul\u00e1rio de inscri\u00e7\u00e3o (letra leg\u00edvel ou digitado), e apresentar assinado pelo candidato \u00e0 comiss\u00e3o ou equipe designada. \u2013 As inscri\u00e7\u00f5es ser\u00e3o identificadas por n\u00famero de protocolo. A rela\u00e7\u00e3o dos candidatos aptos para a entrevista ser\u00e1 divulgada no dia 02 de mar\u00e7o de 2020, no site oficial do munic\u00edpio (www.sume.pb.gov.br). Os candidatos devem comparecer para a entrevista, na Secretaria Municipal de Educa\u00e7\u00e3o no dia 03\/03\/2020, das 08h \u00e0s 08h30min, seguindo por ordem de chegada. O candidato que n\u00e3o comparecer ser\u00e1 desclassificado. A validade do Processo Seletivo \u00e9 de (1) um ano, podendo ser prorrog\u00e1vel por igual per\u00edodo. Confira o Edital:\u00a0Edital de Lan\u00e7amento Professor de Educa\u00e7\u00e3o F\u00edsica Ascom\" \/>\n<meta property=\"og:url\" content=\"https:\/\/noticiasemdestaque.com\/cd\/?p=23105\" \/>\n<meta property=\"og:site_name\" content=\"Not&iacute;cias em Destaque\" \/>\n<meta property=\"article:published_time\" content=\"2020-02-27T10:00:27+00:00\" \/>\n<meta property=\"article:modified_time\" content=\"2020-02-27T10:36:00+00:00\" \/>\n<meta property=\"og:image\" content=\"https:\/\/noticiasemdestaque.com\/cd\/wp-content\/uploads\/2018\/05\/PREFEITURA-DE-SUM\u00c9-768x511.jpg\" \/>\n\t<meta property=\"og:image:width\" content=\"768\" \/>\n\t<meta property=\"og:image:height\" content=\"511\" \/>\n\t<meta property=\"og:image:type\" content=\"image\/jpeg\" \/>\n<meta name=\"author\" content=\"Not\u00edcias em Destaque\" \/>\n<meta name=\"twitter:card\" content=\"summary_large_image\" \/>\n<meta name=\"twitter:label1\" content=\"Escrito por\" \/>\n\t<meta name=\"twitter:data1\" content=\"Not\u00edcias em Destaque\" \/>\n\t<meta name=\"twitter:label2\" content=\"Est. tempo de leitura\" \/>\n\t<meta name=\"twitter:data2\" content=\"1 minuto\" \/>\n<script type=\"application\/ld+json\" class=\"yoast-schema-graph\">{\"@context\":\"https:\/\/schema.org\",\"@graph\":[{\"@type\":\"Article\",\"@id\":\"https:\/\/noticiasemdestaque.com\/cd\/?p=23105#article\",\"isPartOf\":{\"@id\":\"https:\/\/noticiasemdestaque.com\/cd\/?p=23105\"},\"author\":{\"name\":\"Not\u00edcias em Destaque\",\"@id\":\"https:\/\/noticiasemdestaque.com\/cd\/#\/schema\/person\/3e6ba396ff5664a69c392f09a8e1504c\"},\"headline\":\"Prefeitura de Sum\u00e9 abre Processo Seletivo para professor de Educa\u00e7\u00e3o F\u00edsica\",\"datePublished\":\"2020-02-27T10:00:27+00:00\",\"dateModified\":\"2020-02-27T10:36:00+00:00\",\"mainEntityOfPage\":{\"@id\":\"https:\/\/noticiasemdestaque.com\/cd\/?p=23105\"},\"wordCount\":246,\"publisher\":{\"@id\":\"https:\/\/noticiasemdestaque.com\/cd\/#organization\"},\"image\":{\"@id\":\"https:\/\/noticiasemdestaque.com\/cd\/?p=23105#primaryimage\"},\"thumbnailUrl\":\"https:\/\/noticiasemdestaque.com\/cd\/wp-content\/uploads\/2018\/05\/PREFEITURA-DE-SUM\u00c9-768x511.jpg\",\"articleSection\":[\"Cidades\"],\"inLanguage\":\"pt-BR\"},{\"@type\":\"WebPage\",\"@id\":\"https:\/\/noticiasemdestaque.com\/cd\/?p=23105\",\"url\":\"https:\/\/noticiasemdestaque.com\/cd\/?p=23105\",\"name\":\"Prefeitura de Sum\u00e9 abre Processo Seletivo para professor de Educa\u00e7\u00e3o F\u00edsica - Not&iacute;cias em Destaque\",\"isPartOf\":{\"@id\":\"https:\/\/noticiasemdestaque.com\/cd\/#website\"},\"primaryImageOfPage\":{\"@id\":\"https:\/\/noticiasemdestaque.com\/cd\/?p=23105#primaryimage\"},\"image\":{\"@id\":\"https:\/\/noticiasemdestaque.com\/cd\/?p=23105#primaryimage\"},\"thumbnailUrl\":\"https:\/\/noticiasemdestaque.com\/cd\/wp-content\/uploads\/2018\/05\/PREFEITURA-DE-SUM\u00c9-768x511.jpg\",\"datePublished\":\"2020-02-27T10:00:27+00:00\",\"dateModified\":\"2020-02-27T10:36:00+00:00\",\"breadcrumb\":{\"@id\":\"https:\/\/noticiasemdestaque.com\/cd\/?p=23105#breadcrumb\"},\"inLanguage\":\"pt-BR\",\"potentialAction\":[{\"@type\":\"ReadAction\",\"target\":[\"https:\/\/noticiasemdestaque.com\/cd\/?p=23105\"]}]},{\"@type\":\"ImageObject\",\"inLanguage\":\"pt-BR\",\"@id\":\"https:\/\/noticiasemdestaque.com\/cd\/?p=23105#primaryimage\",\"url\":\"https:\/\/noticiasemdestaque.com\/cd\/wp-content\/uploads\/2018\/05\/PREFEITURA-DE-SUM\u00c9-768x511.jpg\",\"contentUrl\":\"https:\/\/noticiasemdestaque.com\/cd\/wp-content\/uploads\/2018\/05\/PREFEITURA-DE-SUM\u00c9-768x511.jpg\",\"width\":768,\"height\":511},{\"@type\":\"BreadcrumbList\",\"@id\":\"https:\/\/noticiasemdestaque.com\/cd\/?p=23105#breadcrumb\",\"itemListElement\":[{\"@type\":\"ListItem\",\"position\":1,\"name\":\"In\u00edcio\",\"item\":\"https:\/\/noticiasemdestaque.com\/cd\/\"},{\"@type\":\"ListItem\",\"position\":2,\"name\":\"Prefeitura de Sum\u00e9 abre Processo Seletivo para professor de Educa\u00e7\u00e3o F\u00edsica\"}]},{\"@type\":\"WebSite\",\"@id\":\"https:\/\/noticiasemdestaque.com\/cd\/#website\",\"url\":\"https:\/\/noticiasemdestaque.com\/cd\/\",\"name\":\"Not&iacute;cias em Destaque\",\"description\":\"\",\"publisher\":{\"@id\":\"https:\/\/noticiasemdestaque.com\/cd\/#organization\"},\"potentialAction\":[{\"@type\":\"SearchAction\",\"target\":{\"@type\":\"EntryPoint\",\"urlTemplate\":\"https:\/\/noticiasemdestaque.com\/cd\/?s={search_term_string}\"},\"query-input\":{\"@type\":\"PropertyValueSpecification\",\"valueRequired\":true,\"valueName\":\"search_term_string\"}}],\"inLanguage\":\"pt-BR\"},{\"@type\":\"Organization\",\"@id\":\"https:\/\/noticiasemdestaque.com\/cd\/#organization\",\"name\":\"Not\u00edcias em Destaque\",\"url\":\"https:\/\/noticiasemdestaque.com\/cd\/\",\"logo\":{\"@type\":\"ImageObject\",\"inLanguage\":\"pt-BR\",\"@id\":\"https:\/\/noticiasemdestaque.com\/cd\/#\/schema\/logo\/image\/\",\"url\":\"https:\/\/noticiasemdestaque.com\/cd\/wp-content\/uploads\/2022\/05\/imagem-base-noticiasemdestaque.png\",\"contentUrl\":\"https:\/\/noticiasemdestaque.com\/cd\/wp-content\/uploads\/2022\/05\/imagem-base-noticiasemdestaque.png\",\"width\":1200,\"height\":630,\"caption\":\"Not\u00edcias em Destaque\"},\"image\":{\"@id\":\"https:\/\/noticiasemdestaque.com\/cd\/#\/schema\/logo\/image\/\"}},{\"@type\":\"Person\",\"@id\":\"https:\/\/noticiasemdestaque.com\/cd\/#\/schema\/person\/3e6ba396ff5664a69c392f09a8e1504c\",\"name\":\"Not\u00edcias em Destaque\",\"url\":\"https:\/\/noticiasemdestaque.com\/cd\/?author=2\"}]}<\/script>\n<!-- \/ Yoast SEO plugin. -->","yoast_head_json":{"title":"Prefeitura de Sum\u00e9 abre Processo Seletivo para professor de Educa\u00e7\u00e3o F\u00edsica - Not&iacute;cias em Destaque","robots":{"index":"index","follow":"follow","max-snippet":"max-snippet:-1","max-image-preview":"max-image-preview:large","max-video-preview":"max-video-preview:-1"},"canonical":"https:\/\/noticiasemdestaque.com\/cd\/?p=23105","og_locale":"pt_BR","og_type":"article","og_title":"Prefeitura de Sum\u00e9 abre Processo Seletivo para professor de Educa\u00e7\u00e3o F\u00edsica - Not&iacute;cias em Destaque","og_description":"O Processo Seletivo P\u00fablico destina-se ao provimento de (1) uma vaga (e cadastro de reserva) para contrata\u00e7\u00e3o tempor\u00e1ria em car\u00e1ter excepcional de profissional habilitado para o cargo de\u00a0Professor de Educa\u00e7\u00e3o F\u00edsica\u00a0do Ensino Fundamental II, em regime de 30 horas\/aulas nas unidades municipais de ensino de Sum\u00e9. O sal\u00e1rio \u00e9 de R$ 1.400,00. As inscri\u00e7\u00f5es acontecem nesta quinta e amanh\u00e3 sexta-feira, das 08h \u00e0s 14h, na sede da Secretaria de Educa\u00e7\u00e3o. O processo de sele\u00e7\u00e3o ser\u00e1 constitu\u00eddo em duas etapas \u2013 an\u00e1lise curricular e entrevista (car\u00e1ter eliminat\u00f3rio e classificat\u00f3rio). No ato da inscri\u00e7\u00e3o, o candidato dever\u00e1: \u2013 Preencher o formul\u00e1rio de inscri\u00e7\u00e3o (letra leg\u00edvel ou digitado), e apresentar assinado pelo candidato \u00e0 comiss\u00e3o ou equipe designada. \u2013 As inscri\u00e7\u00f5es ser\u00e3o identificadas por n\u00famero de protocolo. A rela\u00e7\u00e3o dos candidatos aptos para a entrevista ser\u00e1 divulgada no dia 02 de mar\u00e7o de 2020, no site oficial do munic\u00edpio (www.sume.pb.gov.br). Os candidatos devem comparecer para a entrevista, na Secretaria Municipal de Educa\u00e7\u00e3o no dia 03\/03\/2020, das 08h \u00e0s 08h30min, seguindo por ordem de chegada. O candidato que n\u00e3o comparecer ser\u00e1 desclassificado. A validade do Processo Seletivo \u00e9 de (1) um ano, podendo ser prorrog\u00e1vel por igual per\u00edodo. Confira o Edital:\u00a0Edital de Lan\u00e7amento Professor de Educa\u00e7\u00e3o F\u00edsica Ascom","og_url":"https:\/\/noticiasemdestaque.com\/cd\/?p=23105","og_site_name":"Not&iacute;cias em Destaque","article_published_time":"2020-02-27T10:00:27+00:00","article_modified_time":"2020-02-27T10:36:00+00:00","og_image":[{"width":768,"height":511,"url":"https:\/\/noticiasemdestaque.com\/cd\/wp-content\/uploads\/2018\/05\/PREFEITURA-DE-SUM\u00c9-768x511.jpg","type":"image\/jpeg"}],"author":"Not\u00edcias em Destaque","twitter_card":"summary_large_image","twitter_misc":{"Escrito por":"Not\u00edcias em Destaque","Est. tempo de leitura":"1 minuto"},"schema":{"@context":"https:\/\/schema.org","@graph":[{"@type":"Article","@id":"https:\/\/noticiasemdestaque.com\/cd\/?p=23105#article","isPartOf":{"@id":"https:\/\/noticiasemdestaque.com\/cd\/?p=23105"},"author":{"name":"Not\u00edcias em Destaque","@id":"https:\/\/noticiasemdestaque.com\/cd\/#\/schema\/person\/3e6ba396ff5664a69c392f09a8e1504c"},"headline":"Prefeitura de Sum\u00e9 abre Processo Seletivo para professor de Educa\u00e7\u00e3o F\u00edsica","datePublished":"2020-02-27T10:00:27+00:00","dateModified":"2020-02-27T10:36:00+00:00","mainEntityOfPage":{"@id":"https:\/\/noticiasemdestaque.com\/cd\/?p=23105"},"wordCount":246,"publisher":{"@id":"https:\/\/noticiasemdestaque.com\/cd\/#organization"},"image":{"@id":"https:\/\/noticiasemdestaque.com\/cd\/?p=23105#primaryimage"},"thumbnailUrl":"https:\/\/noticiasemdestaque.com\/cd\/wp-content\/uploads\/2018\/05\/PREFEITURA-DE-SUM\u00c9-768x511.jpg","articleSection":["Cidades"],"inLanguage":"pt-BR"},{"@type":"WebPage","@id":"https:\/\/noticiasemdestaque.com\/cd\/?p=23105","url":"https:\/\/noticiasemdestaque.com\/cd\/?p=23105","name":"Prefeitura de Sum\u00e9 abre Processo Seletivo para professor de Educa\u00e7\u00e3o F\u00edsica - Not&iacute;cias em Destaque","isPartOf":{"@id":"https:\/\/noticiasemdestaque.com\/cd\/#website"},"primaryImageOfPage":{"@id":"https:\/\/noticiasemdestaque.com\/cd\/?p=23105#primaryimage"},"image":{"@id":"https:\/\/noticiasemdestaque.com\/cd\/?p=23105#primaryimage"},"thumbnailUrl":"https:\/\/noticiasemdestaque.com\/cd\/wp-content\/uploads\/2018\/05\/PREFEITURA-DE-SUM\u00c9-768x511.jpg","datePublished":"2020-02-27T10:00:27+00:00","dateModified":"2020-02-27T10:36:00+00:00","breadcrumb":{"@id":"https:\/\/noticiasemdestaque.com\/cd\/?p=23105#breadcrumb"},"inLanguage":"pt-BR","potentialAction":[{"@type":"ReadAction","target":["https:\/\/noticiasemdestaque.com\/cd\/?p=23105"]}]},{"@type":"ImageObject","inLanguage":"pt-BR","@id":"https:\/\/noticiasemdestaque.com\/cd\/?p=23105#primaryimage","url":"https:\/\/noticiasemdestaque.com\/cd\/wp-content\/uploads\/2018\/05\/PREFEITURA-DE-SUM\u00c9-768x511.jpg","contentUrl":"https:\/\/noticiasemdestaque.com\/cd\/wp-content\/uploads\/2018\/05\/PREFEITURA-DE-SUM\u00c9-768x511.jpg","width":768,"height":511},{"@type":"BreadcrumbList","@id":"https:\/\/noticiasemdestaque.com\/cd\/?p=23105#breadcrumb","itemListElement":[{"@type":"ListItem","position":1,"name":"In\u00edcio","item":"https:\/\/noticiasemdestaque.com\/cd\/"},{"@type":"ListItem","position":2,"name":"Prefeitura de Sum\u00e9 abre Processo Seletivo para professor de Educa\u00e7\u00e3o F\u00edsica"}]},{"@type":"WebSite","@id":"https:\/\/noticiasemdestaque.com\/cd\/#website","url":"https:\/\/noticiasemdestaque.com\/cd\/","name":"Not&iacute;cias em Destaque","description":"","publisher":{"@id":"https:\/\/noticiasemdestaque.com\/cd\/#organization"},"potentialAction":[{"@type":"SearchAction","target":{"@type":"EntryPoint","urlTemplate":"https:\/\/noticiasemdestaque.com\/cd\/?s={search_term_string}"},"query-input":{"@type":"PropertyValueSpecification","valueRequired":true,"valueName":"search_term_string"}}],"inLanguage":"pt-BR"},{"@type":"Organization","@id":"https:\/\/noticiasemdestaque.com\/cd\/#organization","name":"Not\u00edcias em Destaque","url":"https:\/\/noticiasemdestaque.com\/cd\/","logo":{"@type":"ImageObject","inLanguage":"pt-BR","@id":"https:\/\/noticiasemdestaque.com\/cd\/#\/schema\/logo\/image\/","url":"https:\/\/noticiasemdestaque.com\/cd\/wp-content\/uploads\/2022\/05\/imagem-base-noticiasemdestaque.png","contentUrl":"https:\/\/noticiasemdestaque.com\/cd\/wp-content\/uploads\/2022\/05\/imagem-base-noticiasemdestaque.png","width":1200,"height":630,"caption":"Not\u00edcias em Destaque"},"image":{"@id":"https:\/\/noticiasemdestaque.com\/cd\/#\/schema\/logo\/image\/"}},{"@type":"Person","@id":"https:\/\/noticiasemdestaque.com\/cd\/#\/schema\/person\/3e6ba396ff5664a69c392f09a8e1504c","name":"Not\u00edcias em Destaque","url":"https:\/\/noticiasemdestaque.com\/cd\/?author=2"}]}},"jetpack_featured_media_url":"https:\/\/noticiasemdestaque.com\/cd\/wp-content\/uploads\/2018\/05\/PREFEITURA-DE-SUM\u00c9-768x511.jpg","jetpack_sharing_enabled":true,"_links":{"self":[{"href":"https:\/\/noticiasemdestaque.com\/cd\/index.php?rest_route=\/wp\/v2\/posts\/23105","targetHints":{"allow":["GET"]}}],"collection":[{"href":"https:\/\/noticiasemdestaque.com\/cd\/index.php?rest_route=\/wp\/v2\/posts"}],"about":[{"href":"https:\/\/noticiasemdestaque.com\/cd\/index.php?rest_route=\/wp\/v2\/types\/post"}],"author":[{"embeddable":true,"href":"https:\/\/noticiasemdestaque.com\/cd\/index.php?rest_route=\/wp\/v2\/users\/2"}],"replies":[{"embeddable":true,"href":"https:\/\/noticiasemdestaque.com\/cd\/index.php?rest_route=%2Fwp%2Fv2%2Fcomments&post=23105"}],"version-history":[{"count":2,"href":"https:\/\/noticiasemdestaque.com\/cd\/index.php?rest_route=\/wp\/v2\/posts\/23105\/revisions"}],"predecessor-version":[{"id":23270,"href":"https:\/\/noticiasemdestaque.com\/cd\/index.php?rest_route=\/wp\/v2\/posts\/23105\/revisions\/23270"}],"wp:featuredmedia":[{"embeddable":true,"href":"https:\/\/noticiasemdestaque.com\/cd\/index.php?rest_route=\/wp\/v2\/media\/10226"}],"wp:attachment":[{"href":"https:\/\/noticiasemdestaque.com\/cd\/index.php?rest_route=%2Fwp%2Fv2%2Fmedia&parent=23105"}],"wp:term":[{"taxonomy":"category","embeddable":true,"href":"https:\/\/noticiasemdestaque.com\/cd\/index.php?rest_route=%2Fwp%2Fv2%2Fcategories&post=23105"},{"taxonomy":"post_tag","embeddable":true,"href":"https:\/\/noticiasemdestaque.com\/cd\/index.php?rest_route=%2Fwp%2Fv2%2Ftags&post=23105"}],"curies":[{"name":"wp","href":"https:\/\/api.w.org\/{rel}","templated":true}]}}