{"id":22747,"date":"2020-02-07T20:42:48","date_gmt":"2020-02-07T23:42:48","guid":{"rendered":"http:\/\/noticiasemdestaque.com\/cd\/?p=22747"},"modified":"2020-02-07T20:42:48","modified_gmt":"2020-02-07T23:42:48","slug":"programa-de-melhorias-sanitarias-domiciliar-atende-comunidades-rurais-em-amparo","status":"publish","type":"post","link":"https:\/\/noticiasemdestaque.com\/cd\/?p=22747","title":{"rendered":"Programa de Melhorias Sanit\u00e1rias Domiciliar atende comunidades rurais em Amparo"},"content":{"rendered":"<p><a href=\"https:\/\/noticiasemdestaque.com\/cd\/wp-content\/uploads\/2020\/02\/cats.jpg\"><img fetchpriority=\"high\" decoding=\"async\" class=\"size-full wp-image-22748 aligncenter\" src=\"https:\/\/noticiasemdestaque.com\/cd\/wp-content\/uploads\/2020\/02\/cats.jpg\" alt=\"\" width=\"477\" height=\"472\" srcset=\"https:\/\/noticiasemdestaque.com\/cd\/wp-content\/uploads\/2020\/02\/cats.jpg 477w, https:\/\/noticiasemdestaque.com\/cd\/wp-content\/uploads\/2020\/02\/cats-300x297.jpg 300w\" sizes=\"(max-width: 477px) 100vw, 477px\" \/><\/a><\/p>\n<p>A prefeitura municipal de Amparo por meio de conv\u00eanio celebrado com a Funda\u00e7\u00e3o Nacional de Sa\u00fade (Funasa), est\u00e1 implantando no munic\u00edpio o Programa de Melhorias Sanit\u00e1rias.<\/p>\n<p>O Programa de Melhorias Sanit\u00e1rias \u00e9 uma interven\u00e7\u00e3o promovida nos domic\u00edlios, com objetivo de atender \u00e0s necessidades b\u00e1sicas de saneamento das fam\u00edlias, por meio de instala\u00e7\u00f5es hidrossanit\u00e1rias m\u00ednimas, relacionadas ao uso da \u00e1gua, \u00e0 higiene e ao destino adequado dos esgotos domiciliares.<\/p>\n<p>O programa atender\u00e1 diversas comunidades da \u00e1rea rural do munic\u00edpio. Para o prefeito In\u00e1cio N\u00f3brega, sua gest\u00e3o tem o prop\u00f3sito de levar dignidade \u00e0 todos os mun\u00edcipes de forma igualit\u00e1ria.<\/p>\n<p><strong><em>Not\u00edcias em Destaque<\/em><\/strong><\/p>\n<p>Com Ascom<\/p>\n","protected":false},"excerpt":{"rendered":"<p>A prefeitura municipal de Amparo por meio de conv\u00eanio celebrado com a Funda\u00e7\u00e3o Nacional de Sa\u00fade (Funasa), est\u00e1 implantando no munic\u00edpio o Programa de Melhorias Sanit\u00e1rias. O Programa de Melhorias Sanit\u00e1rias \u00e9 uma interven\u00e7\u00e3o promovida nos domic\u00edlios, com objetivo de atender \u00e0s necessidades b\u00e1sicas de saneamento das fam\u00edlias, por meio de instala\u00e7\u00f5es hidrossanit\u00e1rias m\u00ednimas, relacionadas ao uso da \u00e1gua, \u00e0 higiene e ao destino adequado dos esgotos domiciliares. O programa atender\u00e1 diversas comunidades da \u00e1rea rural do munic\u00edpio. Para o prefeito In\u00e1cio N\u00f3brega, sua gest\u00e3o tem o prop\u00f3sito de levar dignidade \u00e0 todos os mun\u00edcipes de forma igualit\u00e1ria. Not\u00edcias em Destaque Com Ascom<\/p>\n","protected":false},"author":2,"featured_media":22748,"comment_status":"closed","ping_status":"open","sticky":false,"template":"","format":"standard","meta":{"_eb_attr":"","_jetpack_memberships_contains_paid_content":false,"footnotes":""},"categories":[12],"tags":[],"class_list":["post-22747","post","type-post","status-publish","format-standard","has-post-thumbnail","hentry","category-geral"],"yoast_head":"<!-- This site is optimized with the Yoast SEO plugin v26.5 - https:\/\/yoast.com\/wordpress\/plugins\/seo\/ -->\n<title>Programa de Melhorias Sanit\u00e1rias Domiciliar atende comunidades rurais em Amparo - Not&iacute;cias em Destaque<\/title>\n<meta name=\"robots\" content=\"index, follow, max-snippet:-1, max-image-preview:large, max-video-preview:-1\" \/>\n<link rel=\"canonical\" href=\"https:\/\/noticiasemdestaque.com\/cd\/?p=22747\" \/>\n<meta property=\"og:locale\" content=\"pt_BR\" \/>\n<meta property=\"og:type\" content=\"article\" \/>\n<meta property=\"og:title\" content=\"Programa de Melhorias Sanit\u00e1rias Domiciliar atende comunidades rurais em Amparo - Not&iacute;cias em Destaque\" \/>\n<meta property=\"og:description\" content=\"A prefeitura municipal de Amparo por meio de conv\u00eanio celebrado com a Funda\u00e7\u00e3o Nacional de Sa\u00fade (Funasa), est\u00e1 implantando no munic\u00edpio o Programa de Melhorias Sanit\u00e1rias. O Programa de Melhorias Sanit\u00e1rias \u00e9 uma interven\u00e7\u00e3o promovida nos domic\u00edlios, com objetivo de atender \u00e0s necessidades b\u00e1sicas de saneamento das fam\u00edlias, por meio de instala\u00e7\u00f5es hidrossanit\u00e1rias m\u00ednimas, relacionadas ao uso da \u00e1gua, \u00e0 higiene e ao destino adequado dos esgotos domiciliares. O programa atender\u00e1 diversas comunidades da \u00e1rea rural do munic\u00edpio. Para o prefeito In\u00e1cio N\u00f3brega, sua gest\u00e3o tem o prop\u00f3sito de levar dignidade \u00e0 todos os mun\u00edcipes de forma igualit\u00e1ria. Not\u00edcias em Destaque Com Ascom\" \/>\n<meta property=\"og:url\" content=\"https:\/\/noticiasemdestaque.com\/cd\/?p=22747\" \/>\n<meta property=\"og:site_name\" content=\"Not&iacute;cias em Destaque\" \/>\n<meta property=\"article:published_time\" content=\"2020-02-07T23:42:48+00:00\" \/>\n<meta property=\"og:image\" content=\"https:\/\/noticiasemdestaque.com\/cd\/wp-content\/uploads\/2020\/02\/cats.jpg\" \/>\n\t<meta property=\"og:image:width\" content=\"477\" \/>\n\t<meta property=\"og:image:height\" content=\"472\" \/>\n\t<meta property=\"og:image:type\" content=\"image\/jpeg\" \/>\n<meta name=\"author\" content=\"Not\u00edcias em Destaque\" \/>\n<meta name=\"twitter:card\" content=\"summary_large_image\" \/>\n<meta name=\"twitter:label1\" content=\"Escrito por\" \/>\n\t<meta name=\"twitter:data1\" content=\"Not\u00edcias em Destaque\" \/>\n\t<meta name=\"twitter:label2\" content=\"Est. tempo de leitura\" \/>\n\t<meta name=\"twitter:data2\" content=\"1 minuto\" \/>\n<script type=\"application\/ld+json\" class=\"yoast-schema-graph\">{\"@context\":\"https:\/\/schema.org\",\"@graph\":[{\"@type\":\"Article\",\"@id\":\"https:\/\/noticiasemdestaque.com\/cd\/?p=22747#article\",\"isPartOf\":{\"@id\":\"https:\/\/noticiasemdestaque.com\/cd\/?p=22747\"},\"author\":{\"name\":\"Not\u00edcias em Destaque\",\"@id\":\"https:\/\/noticiasemdestaque.com\/cd\/#\/schema\/person\/3e6ba396ff5664a69c392f09a8e1504c\"},\"headline\":\"Programa de Melhorias Sanit\u00e1rias Domiciliar atende comunidades rurais em Amparo\",\"datePublished\":\"2020-02-07T23:42:48+00:00\",\"mainEntityOfPage\":{\"@id\":\"https:\/\/noticiasemdestaque.com\/cd\/?p=22747\"},\"wordCount\":132,\"publisher\":{\"@id\":\"https:\/\/noticiasemdestaque.com\/cd\/#organization\"},\"image\":{\"@id\":\"https:\/\/noticiasemdestaque.com\/cd\/?p=22747#primaryimage\"},\"thumbnailUrl\":\"https:\/\/noticiasemdestaque.com\/cd\/wp-content\/uploads\/2020\/02\/cats.jpg\",\"articleSection\":[\"Geral\"],\"inLanguage\":\"pt-BR\"},{\"@type\":\"WebPage\",\"@id\":\"https:\/\/noticiasemdestaque.com\/cd\/?p=22747\",\"url\":\"https:\/\/noticiasemdestaque.com\/cd\/?p=22747\",\"name\":\"Programa de Melhorias Sanit\u00e1rias Domiciliar atende comunidades rurais em Amparo - Not&iacute;cias em Destaque\",\"isPartOf\":{\"@id\":\"https:\/\/noticiasemdestaque.com\/cd\/#website\"},\"primaryImageOfPage\":{\"@id\":\"https:\/\/noticiasemdestaque.com\/cd\/?p=22747#primaryimage\"},\"image\":{\"@id\":\"https:\/\/noticiasemdestaque.com\/cd\/?p=22747#primaryimage\"},\"thumbnailUrl\":\"https:\/\/noticiasemdestaque.com\/cd\/wp-content\/uploads\/2020\/02\/cats.jpg\",\"datePublished\":\"2020-02-07T23:42:48+00:00\",\"breadcrumb\":{\"@id\":\"https:\/\/noticiasemdestaque.com\/cd\/?p=22747#breadcrumb\"},\"inLanguage\":\"pt-BR\",\"potentialAction\":[{\"@type\":\"ReadAction\",\"target\":[\"https:\/\/noticiasemdestaque.com\/cd\/?p=22747\"]}]},{\"@type\":\"ImageObject\",\"inLanguage\":\"pt-BR\",\"@id\":\"https:\/\/noticiasemdestaque.com\/cd\/?p=22747#primaryimage\",\"url\":\"https:\/\/noticiasemdestaque.com\/cd\/wp-content\/uploads\/2020\/02\/cats.jpg\",\"contentUrl\":\"https:\/\/noticiasemdestaque.com\/cd\/wp-content\/uploads\/2020\/02\/cats.jpg\",\"width\":477,\"height\":472},{\"@type\":\"BreadcrumbList\",\"@id\":\"https:\/\/noticiasemdestaque.com\/cd\/?p=22747#breadcrumb\",\"itemListElement\":[{\"@type\":\"ListItem\",\"position\":1,\"name\":\"In\u00edcio\",\"item\":\"https:\/\/noticiasemdestaque.com\/cd\/\"},{\"@type\":\"ListItem\",\"position\":2,\"name\":\"Programa de Melhorias Sanit\u00e1rias Domiciliar atende comunidades rurais em Amparo\"}]},{\"@type\":\"WebSite\",\"@id\":\"https:\/\/noticiasemdestaque.com\/cd\/#website\",\"url\":\"https:\/\/noticiasemdestaque.com\/cd\/\",\"name\":\"Not&iacute;cias em Destaque\",\"description\":\"\",\"publisher\":{\"@id\":\"https:\/\/noticiasemdestaque.com\/cd\/#organization\"},\"potentialAction\":[{\"@type\":\"SearchAction\",\"target\":{\"@type\":\"EntryPoint\",\"urlTemplate\":\"https:\/\/noticiasemdestaque.com\/cd\/?s={search_term_string}\"},\"query-input\":{\"@type\":\"PropertyValueSpecification\",\"valueRequired\":true,\"valueName\":\"search_term_string\"}}],\"inLanguage\":\"pt-BR\"},{\"@type\":\"Organization\",\"@id\":\"https:\/\/noticiasemdestaque.com\/cd\/#organization\",\"name\":\"Not\u00edcias em Destaque\",\"url\":\"https:\/\/noticiasemdestaque.com\/cd\/\",\"logo\":{\"@type\":\"ImageObject\",\"inLanguage\":\"pt-BR\",\"@id\":\"https:\/\/noticiasemdestaque.com\/cd\/#\/schema\/logo\/image\/\",\"url\":\"https:\/\/noticiasemdestaque.com\/cd\/wp-content\/uploads\/2022\/05\/imagem-base-noticiasemdestaque.png\",\"contentUrl\":\"https:\/\/noticiasemdestaque.com\/cd\/wp-content\/uploads\/2022\/05\/imagem-base-noticiasemdestaque.png\",\"width\":1200,\"height\":630,\"caption\":\"Not\u00edcias em Destaque\"},\"image\":{\"@id\":\"https:\/\/noticiasemdestaque.com\/cd\/#\/schema\/logo\/image\/\"}},{\"@type\":\"Person\",\"@id\":\"https:\/\/noticiasemdestaque.com\/cd\/#\/schema\/person\/3e6ba396ff5664a69c392f09a8e1504c\",\"name\":\"Not\u00edcias em Destaque\",\"url\":\"https:\/\/noticiasemdestaque.com\/cd\/?author=2\"}]}<\/script>\n<!-- \/ Yoast SEO plugin. -->","yoast_head_json":{"title":"Programa de Melhorias Sanit\u00e1rias Domiciliar atende comunidades rurais em Amparo - Not&iacute;cias em Destaque","robots":{"index":"index","follow":"follow","max-snippet":"max-snippet:-1","max-image-preview":"max-image-preview:large","max-video-preview":"max-video-preview:-1"},"canonical":"https:\/\/noticiasemdestaque.com\/cd\/?p=22747","og_locale":"pt_BR","og_type":"article","og_title":"Programa de Melhorias Sanit\u00e1rias Domiciliar atende comunidades rurais em Amparo - Not&iacute;cias em Destaque","og_description":"A prefeitura municipal de Amparo por meio de conv\u00eanio celebrado com a Funda\u00e7\u00e3o Nacional de Sa\u00fade (Funasa), est\u00e1 implantando no munic\u00edpio o Programa de Melhorias Sanit\u00e1rias. O Programa de Melhorias Sanit\u00e1rias \u00e9 uma interven\u00e7\u00e3o promovida nos domic\u00edlios, com objetivo de atender \u00e0s necessidades b\u00e1sicas de saneamento das fam\u00edlias, por meio de instala\u00e7\u00f5es hidrossanit\u00e1rias m\u00ednimas, relacionadas ao uso da \u00e1gua, \u00e0 higiene e ao destino adequado dos esgotos domiciliares. O programa atender\u00e1 diversas comunidades da \u00e1rea rural do munic\u00edpio. Para o prefeito In\u00e1cio N\u00f3brega, sua gest\u00e3o tem o prop\u00f3sito de levar dignidade \u00e0 todos os mun\u00edcipes de forma igualit\u00e1ria. Not\u00edcias em Destaque Com Ascom","og_url":"https:\/\/noticiasemdestaque.com\/cd\/?p=22747","og_site_name":"Not&iacute;cias em Destaque","article_published_time":"2020-02-07T23:42:48+00:00","og_image":[{"width":477,"height":472,"url":"https:\/\/noticiasemdestaque.com\/cd\/wp-content\/uploads\/2020\/02\/cats.jpg","type":"image\/jpeg"}],"author":"Not\u00edcias em Destaque","twitter_card":"summary_large_image","twitter_misc":{"Escrito por":"Not\u00edcias em Destaque","Est. tempo de leitura":"1 minuto"},"schema":{"@context":"https:\/\/schema.org","@graph":[{"@type":"Article","@id":"https:\/\/noticiasemdestaque.com\/cd\/?p=22747#article","isPartOf":{"@id":"https:\/\/noticiasemdestaque.com\/cd\/?p=22747"},"author":{"name":"Not\u00edcias em Destaque","@id":"https:\/\/noticiasemdestaque.com\/cd\/#\/schema\/person\/3e6ba396ff5664a69c392f09a8e1504c"},"headline":"Programa de Melhorias Sanit\u00e1rias Domiciliar atende comunidades rurais em Amparo","datePublished":"2020-02-07T23:42:48+00:00","mainEntityOfPage":{"@id":"https:\/\/noticiasemdestaque.com\/cd\/?p=22747"},"wordCount":132,"publisher":{"@id":"https:\/\/noticiasemdestaque.com\/cd\/#organization"},"image":{"@id":"https:\/\/noticiasemdestaque.com\/cd\/?p=22747#primaryimage"},"thumbnailUrl":"https:\/\/noticiasemdestaque.com\/cd\/wp-content\/uploads\/2020\/02\/cats.jpg","articleSection":["Geral"],"inLanguage":"pt-BR"},{"@type":"WebPage","@id":"https:\/\/noticiasemdestaque.com\/cd\/?p=22747","url":"https:\/\/noticiasemdestaque.com\/cd\/?p=22747","name":"Programa de Melhorias Sanit\u00e1rias Domiciliar atende comunidades rurais em Amparo - Not&iacute;cias em Destaque","isPartOf":{"@id":"https:\/\/noticiasemdestaque.com\/cd\/#website"},"primaryImageOfPage":{"@id":"https:\/\/noticiasemdestaque.com\/cd\/?p=22747#primaryimage"},"image":{"@id":"https:\/\/noticiasemdestaque.com\/cd\/?p=22747#primaryimage"},"thumbnailUrl":"https:\/\/noticiasemdestaque.com\/cd\/wp-content\/uploads\/2020\/02\/cats.jpg","datePublished":"2020-02-07T23:42:48+00:00","breadcrumb":{"@id":"https:\/\/noticiasemdestaque.com\/cd\/?p=22747#breadcrumb"},"inLanguage":"pt-BR","potentialAction":[{"@type":"ReadAction","target":["https:\/\/noticiasemdestaque.com\/cd\/?p=22747"]}]},{"@type":"ImageObject","inLanguage":"pt-BR","@id":"https:\/\/noticiasemdestaque.com\/cd\/?p=22747#primaryimage","url":"https:\/\/noticiasemdestaque.com\/cd\/wp-content\/uploads\/2020\/02\/cats.jpg","contentUrl":"https:\/\/noticiasemdestaque.com\/cd\/wp-content\/uploads\/2020\/02\/cats.jpg","width":477,"height":472},{"@type":"BreadcrumbList","@id":"https:\/\/noticiasemdestaque.com\/cd\/?p=22747#breadcrumb","itemListElement":[{"@type":"ListItem","position":1,"name":"In\u00edcio","item":"https:\/\/noticiasemdestaque.com\/cd\/"},{"@type":"ListItem","position":2,"name":"Programa de Melhorias Sanit\u00e1rias Domiciliar atende comunidades rurais em Amparo"}]},{"@type":"WebSite","@id":"https:\/\/noticiasemdestaque.com\/cd\/#website","url":"https:\/\/noticiasemdestaque.com\/cd\/","name":"Not&iacute;cias em Destaque","description":"","publisher":{"@id":"https:\/\/noticiasemdestaque.com\/cd\/#organization"},"potentialAction":[{"@type":"SearchAction","target":{"@type":"EntryPoint","urlTemplate":"https:\/\/noticiasemdestaque.com\/cd\/?s={search_term_string}"},"query-input":{"@type":"PropertyValueSpecification","valueRequired":true,"valueName":"search_term_string"}}],"inLanguage":"pt-BR"},{"@type":"Organization","@id":"https:\/\/noticiasemdestaque.com\/cd\/#organization","name":"Not\u00edcias em Destaque","url":"https:\/\/noticiasemdestaque.com\/cd\/","logo":{"@type":"ImageObject","inLanguage":"pt-BR","@id":"https:\/\/noticiasemdestaque.com\/cd\/#\/schema\/logo\/image\/","url":"https:\/\/noticiasemdestaque.com\/cd\/wp-content\/uploads\/2022\/05\/imagem-base-noticiasemdestaque.png","contentUrl":"https:\/\/noticiasemdestaque.com\/cd\/wp-content\/uploads\/2022\/05\/imagem-base-noticiasemdestaque.png","width":1200,"height":630,"caption":"Not\u00edcias em Destaque"},"image":{"@id":"https:\/\/noticiasemdestaque.com\/cd\/#\/schema\/logo\/image\/"}},{"@type":"Person","@id":"https:\/\/noticiasemdestaque.com\/cd\/#\/schema\/person\/3e6ba396ff5664a69c392f09a8e1504c","name":"Not\u00edcias em Destaque","url":"https:\/\/noticiasemdestaque.com\/cd\/?author=2"}]}},"jetpack_featured_media_url":"https:\/\/noticiasemdestaque.com\/cd\/wp-content\/uploads\/2020\/02\/cats.jpg","jetpack_sharing_enabled":true,"_links":{"self":[{"href":"https:\/\/noticiasemdestaque.com\/cd\/index.php?rest_route=\/wp\/v2\/posts\/22747","targetHints":{"allow":["GET"]}}],"collection":[{"href":"https:\/\/noticiasemdestaque.com\/cd\/index.php?rest_route=\/wp\/v2\/posts"}],"about":[{"href":"https:\/\/noticiasemdestaque.com\/cd\/index.php?rest_route=\/wp\/v2\/types\/post"}],"author":[{"embeddable":true,"href":"https:\/\/noticiasemdestaque.com\/cd\/index.php?rest_route=\/wp\/v2\/users\/2"}],"replies":[{"embeddable":true,"href":"https:\/\/noticiasemdestaque.com\/cd\/index.php?rest_route=%2Fwp%2Fv2%2Fcomments&post=22747"}],"version-history":[{"count":1,"href":"https:\/\/noticiasemdestaque.com\/cd\/index.php?rest_route=\/wp\/v2\/posts\/22747\/revisions"}],"predecessor-version":[{"id":22749,"href":"https:\/\/noticiasemdestaque.com\/cd\/index.php?rest_route=\/wp\/v2\/posts\/22747\/revisions\/22749"}],"wp:featuredmedia":[{"embeddable":true,"href":"https:\/\/noticiasemdestaque.com\/cd\/index.php?rest_route=\/wp\/v2\/media\/22748"}],"wp:attachment":[{"href":"https:\/\/noticiasemdestaque.com\/cd\/index.php?rest_route=%2Fwp%2Fv2%2Fmedia&parent=22747"}],"wp:term":[{"taxonomy":"category","embeddable":true,"href":"https:\/\/noticiasemdestaque.com\/cd\/index.php?rest_route=%2Fwp%2Fv2%2Fcategories&post=22747"},{"taxonomy":"post_tag","embeddable":true,"href":"https:\/\/noticiasemdestaque.com\/cd\/index.php?rest_route=%2Fwp%2Fv2%2Ftags&post=22747"}],"curies":[{"name":"wp","href":"https:\/\/api.w.org\/{rel}","templated":true}]}}