{"id":22742,"date":"2020-02-07T20:32:18","date_gmt":"2020-02-07T23:32:18","guid":{"rendered":"http:\/\/noticiasemdestaque.com\/cd\/?p=22742"},"modified":"2020-02-07T20:32:18","modified_gmt":"2020-02-07T23:32:18","slug":"escola-agrotecnica-inaugura-sala-de-aula-para-professores-em-homenagem-ao-professor-jose-adelmo","status":"publish","type":"post","link":"https:\/\/noticiasemdestaque.com\/cd\/?p=22742","title":{"rendered":"Escola Agrot\u00e9cnica inaugura sala de aula para professores em homenagem ao professor Jos\u00e9 Adelmo"},"content":{"rendered":"<p><a href=\"https:\/\/noticiasemdestaque.com\/cd\/wp-content\/uploads\/2020\/02\/IMG_1109.jpg\"><img fetchpriority=\"high\" decoding=\"async\" class=\"wp-image-22745 aligncenter\" src=\"https:\/\/noticiasemdestaque.com\/cd\/wp-content\/uploads\/2020\/02\/IMG_1109.jpg\" alt=\"\" width=\"472\" height=\"315\" srcset=\"https:\/\/noticiasemdestaque.com\/cd\/wp-content\/uploads\/2020\/02\/IMG_1109.jpg 700w, https:\/\/noticiasemdestaque.com\/cd\/wp-content\/uploads\/2020\/02\/IMG_1109-300x200.jpg 300w, https:\/\/noticiasemdestaque.com\/cd\/wp-content\/uploads\/2020\/02\/IMG_1109-480x320.jpg 480w\" sizes=\"(max-width: 472px) 100vw, 472px\" \/><\/a><\/p>\n<p>Nesta quinta-feira (06), primeiro dia de planejamento com os professores para o ano letivo de 2020, a dire\u00e7\u00e3o da escola Agrot\u00e9cnica em Sum\u00e9 inaugurou o novo e moderno espa\u00e7o para os professores.<\/p>\n<p>A sala conta com climatiza\u00e7\u00e3o, TV, arm\u00e1rios para os professores, tudo preparado para o conforto dos profissionais.<\/p>\n<p>O espa\u00e7o recebeu o nome do professor Jos\u00e9 Adelmo da Silva, que morreu em 2013, v\u00edtima de um acidente entre Congo e Sum\u00e9.<\/p>\n<p><a href=\"https:\/\/noticiasemdestaque.com\/cd\/wp-content\/uploads\/2020\/02\/IMG_1104.jpg\"><img decoding=\"async\" class=\"wp-image-22744 aligncenter\" src=\"https:\/\/noticiasemdestaque.com\/cd\/wp-content\/uploads\/2020\/02\/IMG_1104.jpg\" alt=\"\" width=\"498\" height=\"332\" srcset=\"https:\/\/noticiasemdestaque.com\/cd\/wp-content\/uploads\/2020\/02\/IMG_1104.jpg 700w, https:\/\/noticiasemdestaque.com\/cd\/wp-content\/uploads\/2020\/02\/IMG_1104-300x200.jpg 300w, https:\/\/noticiasemdestaque.com\/cd\/wp-content\/uploads\/2020\/02\/IMG_1104-480x320.jpg 480w\" sizes=\"(max-width: 498px) 100vw, 498px\" \/><\/a><\/p>\n<p>Na oportunidade a diretora da escola, Raquel Batista, convidou os familiares para a homenagem e destacou a contribui\u00e7\u00e3o de Adelmo a institui\u00e7\u00e3o como aluno e depois como professor.<\/p>\n<p><a href=\"https:\/\/noticiasemdestaque.com\/cd\/wp-content\/uploads\/2020\/02\/IMG_1100.jpg\"><img decoding=\"async\" class=\"wp-image-22743 aligncenter\" src=\"https:\/\/noticiasemdestaque.com\/cd\/wp-content\/uploads\/2020\/02\/IMG_1100.jpg\" alt=\"\" width=\"498\" height=\"332\" srcset=\"https:\/\/noticiasemdestaque.com\/cd\/wp-content\/uploads\/2020\/02\/IMG_1100.jpg 700w, https:\/\/noticiasemdestaque.com\/cd\/wp-content\/uploads\/2020\/02\/IMG_1100-300x200.jpg 300w, https:\/\/noticiasemdestaque.com\/cd\/wp-content\/uploads\/2020\/02\/IMG_1100-480x320.jpg 480w\" sizes=\"(max-width: 498px) 100vw, 498px\" \/><\/a><\/p>\n<p>Dona L\u00facia da Concei\u00e7\u00e3o, m\u00e3e do professor Adelmo, disse que estava surpresa pela lembran\u00e7a, \u201c A felicidade que estou sentindo \u00e9 enorme, eu pensava que meu filho j\u00e1 estava esquecido, \u00e9 bom saber que as pessoas gostam do Adelmo\u201d, afirmou dona L\u00facia.<\/p>\n<p><strong><em>Not\u00edcias em Destaque<\/em><\/strong><\/p>\n","protected":false},"excerpt":{"rendered":"<p>Nesta quinta-feira (06), primeiro dia de planejamento com os professores para o ano letivo de 2020, a dire\u00e7\u00e3o da escola Agrot\u00e9cnica em Sum\u00e9 inaugurou o novo e moderno espa\u00e7o para os professores. A sala conta com climatiza\u00e7\u00e3o, TV, arm\u00e1rios para os professores, tudo preparado para o conforto dos profissionais. O espa\u00e7o recebeu o nome do professor Jos\u00e9 Adelmo da Silva, que morreu em 2013, v\u00edtima de um acidente entre Congo e Sum\u00e9. Na oportunidade a diretora da escola, Raquel Batista, convidou os familiares para a homenagem e destacou a contribui\u00e7\u00e3o de Adelmo a institui\u00e7\u00e3o como aluno e depois como professor. Dona L\u00facia da Concei\u00e7\u00e3o, m\u00e3e do professor Adelmo, disse que estava surpresa pela lembran\u00e7a, \u201c A felicidade que estou sentindo \u00e9 enorme, eu pensava que meu filho j\u00e1 estava esquecido, \u00e9 bom saber que as pessoas gostam do Adelmo\u201d, afirmou dona L\u00facia. Not\u00edcias em Destaque<\/p>\n","protected":false},"author":2,"featured_media":22745,"comment_status":"closed","ping_status":"open","sticky":false,"template":"","format":"standard","meta":{"_eb_attr":"","_jetpack_memberships_contains_paid_content":false,"footnotes":""},"categories":[12],"tags":[],"class_list":["post-22742","post","type-post","status-publish","format-standard","has-post-thumbnail","hentry","category-geral"],"yoast_head":"<!-- This site is optimized with the Yoast SEO plugin v26.5 - https:\/\/yoast.com\/wordpress\/plugins\/seo\/ -->\n<title>Escola Agrot\u00e9cnica inaugura sala de aula para professores em homenagem ao professor Jos\u00e9 Adelmo - Not&iacute;cias em Destaque<\/title>\n<meta name=\"robots\" content=\"index, follow, max-snippet:-1, max-image-preview:large, max-video-preview:-1\" \/>\n<link rel=\"canonical\" href=\"https:\/\/noticiasemdestaque.com\/cd\/?p=22742\" \/>\n<meta property=\"og:locale\" content=\"pt_BR\" \/>\n<meta property=\"og:type\" content=\"article\" \/>\n<meta property=\"og:title\" content=\"Escola Agrot\u00e9cnica inaugura sala de aula para professores em homenagem ao professor Jos\u00e9 Adelmo - Not&iacute;cias em Destaque\" \/>\n<meta property=\"og:description\" content=\"Nesta quinta-feira (06), primeiro dia de planejamento com os professores para o ano letivo de 2020, a dire\u00e7\u00e3o da escola Agrot\u00e9cnica em Sum\u00e9 inaugurou o novo e moderno espa\u00e7o para os professores. A sala conta com climatiza\u00e7\u00e3o, TV, arm\u00e1rios para os professores, tudo preparado para o conforto dos profissionais. O espa\u00e7o recebeu o nome do professor Jos\u00e9 Adelmo da Silva, que morreu em 2013, v\u00edtima de um acidente entre Congo e Sum\u00e9. Na oportunidade a diretora da escola, Raquel Batista, convidou os familiares para a homenagem e destacou a contribui\u00e7\u00e3o de Adelmo a institui\u00e7\u00e3o como aluno e depois como professor. Dona L\u00facia da Concei\u00e7\u00e3o, m\u00e3e do professor Adelmo, disse que estava surpresa pela lembran\u00e7a, \u201c A felicidade que estou sentindo \u00e9 enorme, eu pensava que meu filho j\u00e1 estava esquecido, \u00e9 bom saber que as pessoas gostam do Adelmo\u201d, afirmou dona L\u00facia. Not\u00edcias em Destaque\" \/>\n<meta property=\"og:url\" content=\"https:\/\/noticiasemdestaque.com\/cd\/?p=22742\" \/>\n<meta property=\"og:site_name\" content=\"Not&iacute;cias em Destaque\" \/>\n<meta property=\"article:published_time\" content=\"2020-02-07T23:32:18+00:00\" \/>\n<meta property=\"og:image\" content=\"https:\/\/noticiasemdestaque.com\/cd\/wp-content\/uploads\/2020\/02\/IMG_1109.jpg\" \/>\n\t<meta property=\"og:image:width\" content=\"700\" \/>\n\t<meta property=\"og:image:height\" content=\"467\" \/>\n\t<meta property=\"og:image:type\" content=\"image\/jpeg\" \/>\n<meta name=\"author\" content=\"Not\u00edcias em Destaque\" \/>\n<meta name=\"twitter:card\" content=\"summary_large_image\" \/>\n<meta name=\"twitter:label1\" content=\"Escrito por\" \/>\n\t<meta name=\"twitter:data1\" content=\"Not\u00edcias em Destaque\" \/>\n\t<meta name=\"twitter:label2\" content=\"Est. tempo de leitura\" \/>\n\t<meta name=\"twitter:data2\" content=\"1 minuto\" \/>\n<script type=\"application\/ld+json\" class=\"yoast-schema-graph\">{\"@context\":\"https:\/\/schema.org\",\"@graph\":[{\"@type\":\"Article\",\"@id\":\"https:\/\/noticiasemdestaque.com\/cd\/?p=22742#article\",\"isPartOf\":{\"@id\":\"https:\/\/noticiasemdestaque.com\/cd\/?p=22742\"},\"author\":{\"name\":\"Not\u00edcias em Destaque\",\"@id\":\"https:\/\/noticiasemdestaque.com\/cd\/#\/schema\/person\/3e6ba396ff5664a69c392f09a8e1504c\"},\"headline\":\"Escola Agrot\u00e9cnica inaugura sala de aula para professores em homenagem ao professor Jos\u00e9 Adelmo\",\"datePublished\":\"2020-02-07T23:32:18+00:00\",\"mainEntityOfPage\":{\"@id\":\"https:\/\/noticiasemdestaque.com\/cd\/?p=22742\"},\"wordCount\":169,\"publisher\":{\"@id\":\"https:\/\/noticiasemdestaque.com\/cd\/#organization\"},\"image\":{\"@id\":\"https:\/\/noticiasemdestaque.com\/cd\/?p=22742#primaryimage\"},\"thumbnailUrl\":\"https:\/\/noticiasemdestaque.com\/cd\/wp-content\/uploads\/2020\/02\/IMG_1109.jpg\",\"articleSection\":[\"Geral\"],\"inLanguage\":\"pt-BR\"},{\"@type\":\"WebPage\",\"@id\":\"https:\/\/noticiasemdestaque.com\/cd\/?p=22742\",\"url\":\"https:\/\/noticiasemdestaque.com\/cd\/?p=22742\",\"name\":\"Escola Agrot\u00e9cnica inaugura sala de aula para professores em homenagem ao professor Jos\u00e9 Adelmo - Not&iacute;cias em Destaque\",\"isPartOf\":{\"@id\":\"https:\/\/noticiasemdestaque.com\/cd\/#website\"},\"primaryImageOfPage\":{\"@id\":\"https:\/\/noticiasemdestaque.com\/cd\/?p=22742#primaryimage\"},\"image\":{\"@id\":\"https:\/\/noticiasemdestaque.com\/cd\/?p=22742#primaryimage\"},\"thumbnailUrl\":\"https:\/\/noticiasemdestaque.com\/cd\/wp-content\/uploads\/2020\/02\/IMG_1109.jpg\",\"datePublished\":\"2020-02-07T23:32:18+00:00\",\"breadcrumb\":{\"@id\":\"https:\/\/noticiasemdestaque.com\/cd\/?p=22742#breadcrumb\"},\"inLanguage\":\"pt-BR\",\"potentialAction\":[{\"@type\":\"ReadAction\",\"target\":[\"https:\/\/noticiasemdestaque.com\/cd\/?p=22742\"]}]},{\"@type\":\"ImageObject\",\"inLanguage\":\"pt-BR\",\"@id\":\"https:\/\/noticiasemdestaque.com\/cd\/?p=22742#primaryimage\",\"url\":\"https:\/\/noticiasemdestaque.com\/cd\/wp-content\/uploads\/2020\/02\/IMG_1109.jpg\",\"contentUrl\":\"https:\/\/noticiasemdestaque.com\/cd\/wp-content\/uploads\/2020\/02\/IMG_1109.jpg\",\"width\":700,\"height\":467},{\"@type\":\"BreadcrumbList\",\"@id\":\"https:\/\/noticiasemdestaque.com\/cd\/?p=22742#breadcrumb\",\"itemListElement\":[{\"@type\":\"ListItem\",\"position\":1,\"name\":\"In\u00edcio\",\"item\":\"https:\/\/noticiasemdestaque.com\/cd\/\"},{\"@type\":\"ListItem\",\"position\":2,\"name\":\"Escola Agrot\u00e9cnica inaugura sala de aula para professores em homenagem ao professor Jos\u00e9 Adelmo\"}]},{\"@type\":\"WebSite\",\"@id\":\"https:\/\/noticiasemdestaque.com\/cd\/#website\",\"url\":\"https:\/\/noticiasemdestaque.com\/cd\/\",\"name\":\"Not&iacute;cias em Destaque\",\"description\":\"\",\"publisher\":{\"@id\":\"https:\/\/noticiasemdestaque.com\/cd\/#organization\"},\"potentialAction\":[{\"@type\":\"SearchAction\",\"target\":{\"@type\":\"EntryPoint\",\"urlTemplate\":\"https:\/\/noticiasemdestaque.com\/cd\/?s={search_term_string}\"},\"query-input\":{\"@type\":\"PropertyValueSpecification\",\"valueRequired\":true,\"valueName\":\"search_term_string\"}}],\"inLanguage\":\"pt-BR\"},{\"@type\":\"Organization\",\"@id\":\"https:\/\/noticiasemdestaque.com\/cd\/#organization\",\"name\":\"Not\u00edcias em Destaque\",\"url\":\"https:\/\/noticiasemdestaque.com\/cd\/\",\"logo\":{\"@type\":\"ImageObject\",\"inLanguage\":\"pt-BR\",\"@id\":\"https:\/\/noticiasemdestaque.com\/cd\/#\/schema\/logo\/image\/\",\"url\":\"https:\/\/noticiasemdestaque.com\/cd\/wp-content\/uploads\/2022\/05\/imagem-base-noticiasemdestaque.png\",\"contentUrl\":\"https:\/\/noticiasemdestaque.com\/cd\/wp-content\/uploads\/2022\/05\/imagem-base-noticiasemdestaque.png\",\"width\":1200,\"height\":630,\"caption\":\"Not\u00edcias em Destaque\"},\"image\":{\"@id\":\"https:\/\/noticiasemdestaque.com\/cd\/#\/schema\/logo\/image\/\"}},{\"@type\":\"Person\",\"@id\":\"https:\/\/noticiasemdestaque.com\/cd\/#\/schema\/person\/3e6ba396ff5664a69c392f09a8e1504c\",\"name\":\"Not\u00edcias em Destaque\",\"url\":\"https:\/\/noticiasemdestaque.com\/cd\/?author=2\"}]}<\/script>\n<!-- \/ Yoast SEO plugin. -->","yoast_head_json":{"title":"Escola Agrot\u00e9cnica inaugura sala de aula para professores em homenagem ao professor Jos\u00e9 Adelmo - Not&iacute;cias em Destaque","robots":{"index":"index","follow":"follow","max-snippet":"max-snippet:-1","max-image-preview":"max-image-preview:large","max-video-preview":"max-video-preview:-1"},"canonical":"https:\/\/noticiasemdestaque.com\/cd\/?p=22742","og_locale":"pt_BR","og_type":"article","og_title":"Escola Agrot\u00e9cnica inaugura sala de aula para professores em homenagem ao professor Jos\u00e9 Adelmo - Not&iacute;cias em Destaque","og_description":"Nesta quinta-feira (06), primeiro dia de planejamento com os professores para o ano letivo de 2020, a dire\u00e7\u00e3o da escola Agrot\u00e9cnica em Sum\u00e9 inaugurou o novo e moderno espa\u00e7o para os professores. A sala conta com climatiza\u00e7\u00e3o, TV, arm\u00e1rios para os professores, tudo preparado para o conforto dos profissionais. O espa\u00e7o recebeu o nome do professor Jos\u00e9 Adelmo da Silva, que morreu em 2013, v\u00edtima de um acidente entre Congo e Sum\u00e9. Na oportunidade a diretora da escola, Raquel Batista, convidou os familiares para a homenagem e destacou a contribui\u00e7\u00e3o de Adelmo a institui\u00e7\u00e3o como aluno e depois como professor. Dona L\u00facia da Concei\u00e7\u00e3o, m\u00e3e do professor Adelmo, disse que estava surpresa pela lembran\u00e7a, \u201c A felicidade que estou sentindo \u00e9 enorme, eu pensava que meu filho j\u00e1 estava esquecido, \u00e9 bom saber que as pessoas gostam do Adelmo\u201d, afirmou dona L\u00facia. Not\u00edcias em Destaque","og_url":"https:\/\/noticiasemdestaque.com\/cd\/?p=22742","og_site_name":"Not&iacute;cias em Destaque","article_published_time":"2020-02-07T23:32:18+00:00","og_image":[{"width":700,"height":467,"url":"https:\/\/noticiasemdestaque.com\/cd\/wp-content\/uploads\/2020\/02\/IMG_1109.jpg","type":"image\/jpeg"}],"author":"Not\u00edcias em Destaque","twitter_card":"summary_large_image","twitter_misc":{"Escrito por":"Not\u00edcias em Destaque","Est. tempo de leitura":"1 minuto"},"schema":{"@context":"https:\/\/schema.org","@graph":[{"@type":"Article","@id":"https:\/\/noticiasemdestaque.com\/cd\/?p=22742#article","isPartOf":{"@id":"https:\/\/noticiasemdestaque.com\/cd\/?p=22742"},"author":{"name":"Not\u00edcias em Destaque","@id":"https:\/\/noticiasemdestaque.com\/cd\/#\/schema\/person\/3e6ba396ff5664a69c392f09a8e1504c"},"headline":"Escola Agrot\u00e9cnica inaugura sala de aula para professores em homenagem ao professor Jos\u00e9 Adelmo","datePublished":"2020-02-07T23:32:18+00:00","mainEntityOfPage":{"@id":"https:\/\/noticiasemdestaque.com\/cd\/?p=22742"},"wordCount":169,"publisher":{"@id":"https:\/\/noticiasemdestaque.com\/cd\/#organization"},"image":{"@id":"https:\/\/noticiasemdestaque.com\/cd\/?p=22742#primaryimage"},"thumbnailUrl":"https:\/\/noticiasemdestaque.com\/cd\/wp-content\/uploads\/2020\/02\/IMG_1109.jpg","articleSection":["Geral"],"inLanguage":"pt-BR"},{"@type":"WebPage","@id":"https:\/\/noticiasemdestaque.com\/cd\/?p=22742","url":"https:\/\/noticiasemdestaque.com\/cd\/?p=22742","name":"Escola Agrot\u00e9cnica inaugura sala de aula para professores em homenagem ao professor Jos\u00e9 Adelmo - Not&iacute;cias em Destaque","isPartOf":{"@id":"https:\/\/noticiasemdestaque.com\/cd\/#website"},"primaryImageOfPage":{"@id":"https:\/\/noticiasemdestaque.com\/cd\/?p=22742#primaryimage"},"image":{"@id":"https:\/\/noticiasemdestaque.com\/cd\/?p=22742#primaryimage"},"thumbnailUrl":"https:\/\/noticiasemdestaque.com\/cd\/wp-content\/uploads\/2020\/02\/IMG_1109.jpg","datePublished":"2020-02-07T23:32:18+00:00","breadcrumb":{"@id":"https:\/\/noticiasemdestaque.com\/cd\/?p=22742#breadcrumb"},"inLanguage":"pt-BR","potentialAction":[{"@type":"ReadAction","target":["https:\/\/noticiasemdestaque.com\/cd\/?p=22742"]}]},{"@type":"ImageObject","inLanguage":"pt-BR","@id":"https:\/\/noticiasemdestaque.com\/cd\/?p=22742#primaryimage","url":"https:\/\/noticiasemdestaque.com\/cd\/wp-content\/uploads\/2020\/02\/IMG_1109.jpg","contentUrl":"https:\/\/noticiasemdestaque.com\/cd\/wp-content\/uploads\/2020\/02\/IMG_1109.jpg","width":700,"height":467},{"@type":"BreadcrumbList","@id":"https:\/\/noticiasemdestaque.com\/cd\/?p=22742#breadcrumb","itemListElement":[{"@type":"ListItem","position":1,"name":"In\u00edcio","item":"https:\/\/noticiasemdestaque.com\/cd\/"},{"@type":"ListItem","position":2,"name":"Escola Agrot\u00e9cnica inaugura sala de aula para professores em homenagem ao professor Jos\u00e9 Adelmo"}]},{"@type":"WebSite","@id":"https:\/\/noticiasemdestaque.com\/cd\/#website","url":"https:\/\/noticiasemdestaque.com\/cd\/","name":"Not&iacute;cias em Destaque","description":"","publisher":{"@id":"https:\/\/noticiasemdestaque.com\/cd\/#organization"},"potentialAction":[{"@type":"SearchAction","target":{"@type":"EntryPoint","urlTemplate":"https:\/\/noticiasemdestaque.com\/cd\/?s={search_term_string}"},"query-input":{"@type":"PropertyValueSpecification","valueRequired":true,"valueName":"search_term_string"}}],"inLanguage":"pt-BR"},{"@type":"Organization","@id":"https:\/\/noticiasemdestaque.com\/cd\/#organization","name":"Not\u00edcias em Destaque","url":"https:\/\/noticiasemdestaque.com\/cd\/","logo":{"@type":"ImageObject","inLanguage":"pt-BR","@id":"https:\/\/noticiasemdestaque.com\/cd\/#\/schema\/logo\/image\/","url":"https:\/\/noticiasemdestaque.com\/cd\/wp-content\/uploads\/2022\/05\/imagem-base-noticiasemdestaque.png","contentUrl":"https:\/\/noticiasemdestaque.com\/cd\/wp-content\/uploads\/2022\/05\/imagem-base-noticiasemdestaque.png","width":1200,"height":630,"caption":"Not\u00edcias em Destaque"},"image":{"@id":"https:\/\/noticiasemdestaque.com\/cd\/#\/schema\/logo\/image\/"}},{"@type":"Person","@id":"https:\/\/noticiasemdestaque.com\/cd\/#\/schema\/person\/3e6ba396ff5664a69c392f09a8e1504c","name":"Not\u00edcias em Destaque","url":"https:\/\/noticiasemdestaque.com\/cd\/?author=2"}]}},"jetpack_featured_media_url":"https:\/\/noticiasemdestaque.com\/cd\/wp-content\/uploads\/2020\/02\/IMG_1109.jpg","jetpack_sharing_enabled":true,"_links":{"self":[{"href":"https:\/\/noticiasemdestaque.com\/cd\/index.php?rest_route=\/wp\/v2\/posts\/22742","targetHints":{"allow":["GET"]}}],"collection":[{"href":"https:\/\/noticiasemdestaque.com\/cd\/index.php?rest_route=\/wp\/v2\/posts"}],"about":[{"href":"https:\/\/noticiasemdestaque.com\/cd\/index.php?rest_route=\/wp\/v2\/types\/post"}],"author":[{"embeddable":true,"href":"https:\/\/noticiasemdestaque.com\/cd\/index.php?rest_route=\/wp\/v2\/users\/2"}],"replies":[{"embeddable":true,"href":"https:\/\/noticiasemdestaque.com\/cd\/index.php?rest_route=%2Fwp%2Fv2%2Fcomments&post=22742"}],"version-history":[{"count":1,"href":"https:\/\/noticiasemdestaque.com\/cd\/index.php?rest_route=\/wp\/v2\/posts\/22742\/revisions"}],"predecessor-version":[{"id":22746,"href":"https:\/\/noticiasemdestaque.com\/cd\/index.php?rest_route=\/wp\/v2\/posts\/22742\/revisions\/22746"}],"wp:featuredmedia":[{"embeddable":true,"href":"https:\/\/noticiasemdestaque.com\/cd\/index.php?rest_route=\/wp\/v2\/media\/22745"}],"wp:attachment":[{"href":"https:\/\/noticiasemdestaque.com\/cd\/index.php?rest_route=%2Fwp%2Fv2%2Fmedia&parent=22742"}],"wp:term":[{"taxonomy":"category","embeddable":true,"href":"https:\/\/noticiasemdestaque.com\/cd\/index.php?rest_route=%2Fwp%2Fv2%2Fcategories&post=22742"},{"taxonomy":"post_tag","embeddable":true,"href":"https:\/\/noticiasemdestaque.com\/cd\/index.php?rest_route=%2Fwp%2Fv2%2Ftags&post=22742"}],"curies":[{"name":"wp","href":"https:\/\/api.w.org\/{rel}","templated":true}]}}