{"id":22740,"date":"2020-02-07T13:30:29","date_gmt":"2020-02-07T16:30:29","guid":{"rendered":"http:\/\/noticiasemdestaque.com\/cd\/?p=22740"},"modified":"2020-02-07T13:30:29","modified_gmt":"2020-02-07T16:30:29","slug":"primeiro-ano-de-bolsonaro-mostra-queda-de-beneficiarios-no-bolsa-familia","status":"publish","type":"post","link":"https:\/\/noticiasemdestaque.com\/cd\/?p=22740","title":{"rendered":"Primeiro ano de Bolsonaro mostra queda de benefici\u00e1rios no Bolsa Fam\u00edlia"},"content":{"rendered":"<p><a href=\"https:\/\/noticiasemdestaque.com\/cd\/wp-content\/uploads\/2017\/06\/bolsa-familia-1.jpg\"><img fetchpriority=\"high\" decoding=\"async\" class=\"size-full wp-image-686 aligncenter\" src=\"https:\/\/noticiasemdestaque.com\/cd\/wp-content\/uploads\/2017\/06\/bolsa-familia-1.jpg\" alt=\"\" width=\"362\" height=\"271\" srcset=\"https:\/\/noticiasemdestaque.com\/cd\/wp-content\/uploads\/2017\/06\/bolsa-familia-1.jpg 362w, https:\/\/noticiasemdestaque.com\/cd\/wp-content\/uploads\/2017\/06\/bolsa-familia-1-300x225.jpg 300w, https:\/\/noticiasemdestaque.com\/cd\/wp-content\/uploads\/2017\/06\/bolsa-familia-1-200x150.jpg 200w\" sizes=\"(max-width: 362px) 100vw, 362px\" \/><\/a><\/p>\n<p>A quantidade de pessoas que recebem benef\u00edcios do Bolsa Fam\u00edlia diminuiu em 590 mil, no primeiro ano de Governo do presidente da Rep\u00fablica, Jair Bolsonaro.<\/p>\n<p>Em janeiro de 2019, havia 13,760 milh\u00f5es nomes na folha de pagamento do programa e em dezembro o valor caiu para 13,170 milh\u00f5es. A queda corresponde a 4,3% do total de usu\u00e1rios.<\/p>\n<p>Os dados divulgados s\u00e3o dos N\u00fameros de Identifica\u00e7\u00e3o Social (NIS) \u00fanicos nas folhas de pagamento do Bolsa Fam\u00edlia, disponibilizados no Portal da Transpar\u00eancia.<\/p>\n<p>&nbsp;<\/p>\n","protected":false},"excerpt":{"rendered":"<p>A quantidade de pessoas que recebem benef\u00edcios do Bolsa Fam\u00edlia diminuiu em 590 mil, no primeiro ano de Governo do presidente da Rep\u00fablica, Jair Bolsonaro. Em janeiro de 2019, havia 13,760 milh\u00f5es nomes na folha de pagamento do programa e em dezembro o valor caiu para 13,170 milh\u00f5es. A queda corresponde a 4,3% do total de usu\u00e1rios. Os dados divulgados s\u00e3o dos N\u00fameros de Identifica\u00e7\u00e3o Social (NIS) \u00fanicos nas folhas de pagamento do Bolsa Fam\u00edlia, disponibilizados no Portal da Transpar\u00eancia. &nbsp;<\/p>\n","protected":false},"author":2,"featured_media":686,"comment_status":"closed","ping_status":"open","sticky":false,"template":"","format":"standard","meta":{"_eb_attr":"","_jetpack_memberships_contains_paid_content":false,"footnotes":""},"categories":[3],"tags":[],"class_list":["post-22740","post","type-post","status-publish","format-standard","has-post-thumbnail","hentry","category-cidades"],"yoast_head":"<!-- This site is optimized with the Yoast SEO plugin v26.5 - https:\/\/yoast.com\/wordpress\/plugins\/seo\/ -->\n<title>Primeiro ano de Bolsonaro mostra queda de benefici\u00e1rios no Bolsa Fam\u00edlia - Not&iacute;cias em Destaque<\/title>\n<meta name=\"robots\" content=\"index, follow, max-snippet:-1, max-image-preview:large, max-video-preview:-1\" \/>\n<link rel=\"canonical\" href=\"https:\/\/noticiasemdestaque.com\/cd\/?p=22740\" \/>\n<meta property=\"og:locale\" content=\"pt_BR\" \/>\n<meta property=\"og:type\" content=\"article\" \/>\n<meta property=\"og:title\" content=\"Primeiro ano de Bolsonaro mostra queda de benefici\u00e1rios no Bolsa Fam\u00edlia - Not&iacute;cias em Destaque\" \/>\n<meta property=\"og:description\" content=\"A quantidade de pessoas que recebem benef\u00edcios do Bolsa Fam\u00edlia diminuiu em 590 mil, no primeiro ano de Governo do presidente da Rep\u00fablica, Jair Bolsonaro. Em janeiro de 2019, havia 13,760 milh\u00f5es nomes na folha de pagamento do programa e em dezembro o valor caiu para 13,170 milh\u00f5es. A queda corresponde a 4,3% do total de usu\u00e1rios. Os dados divulgados s\u00e3o dos N\u00fameros de Identifica\u00e7\u00e3o Social (NIS) \u00fanicos nas folhas de pagamento do Bolsa Fam\u00edlia, disponibilizados no Portal da Transpar\u00eancia. &nbsp;\" \/>\n<meta property=\"og:url\" content=\"https:\/\/noticiasemdestaque.com\/cd\/?p=22740\" \/>\n<meta property=\"og:site_name\" content=\"Not&iacute;cias em Destaque\" \/>\n<meta property=\"article:published_time\" content=\"2020-02-07T16:30:29+00:00\" \/>\n<meta property=\"og:image\" content=\"https:\/\/noticiasemdestaque.com\/cd\/wp-content\/uploads\/2017\/06\/bolsa-familia-1.jpg\" \/>\n\t<meta property=\"og:image:width\" content=\"362\" \/>\n\t<meta property=\"og:image:height\" content=\"271\" \/>\n\t<meta property=\"og:image:type\" content=\"image\/jpeg\" \/>\n<meta name=\"author\" content=\"Not\u00edcias em Destaque\" \/>\n<meta name=\"twitter:card\" content=\"summary_large_image\" \/>\n<meta name=\"twitter:label1\" content=\"Escrito por\" \/>\n\t<meta name=\"twitter:data1\" content=\"Not\u00edcias em Destaque\" \/>\n<script type=\"application\/ld+json\" class=\"yoast-schema-graph\">{\"@context\":\"https:\/\/schema.org\",\"@graph\":[{\"@type\":\"Article\",\"@id\":\"https:\/\/noticiasemdestaque.com\/cd\/?p=22740#article\",\"isPartOf\":{\"@id\":\"https:\/\/noticiasemdestaque.com\/cd\/?p=22740\"},\"author\":{\"name\":\"Not\u00edcias em Destaque\",\"@id\":\"https:\/\/noticiasemdestaque.com\/cd\/#\/schema\/person\/3e6ba396ff5664a69c392f09a8e1504c\"},\"headline\":\"Primeiro ano de Bolsonaro mostra queda de benefici\u00e1rios no Bolsa Fam\u00edlia\",\"datePublished\":\"2020-02-07T16:30:29+00:00\",\"mainEntityOfPage\":{\"@id\":\"https:\/\/noticiasemdestaque.com\/cd\/?p=22740\"},\"wordCount\":100,\"publisher\":{\"@id\":\"https:\/\/noticiasemdestaque.com\/cd\/#organization\"},\"image\":{\"@id\":\"https:\/\/noticiasemdestaque.com\/cd\/?p=22740#primaryimage\"},\"thumbnailUrl\":\"https:\/\/noticiasemdestaque.com\/cd\/wp-content\/uploads\/2017\/06\/bolsa-familia-1.jpg\",\"articleSection\":[\"Cidades\"],\"inLanguage\":\"pt-BR\"},{\"@type\":\"WebPage\",\"@id\":\"https:\/\/noticiasemdestaque.com\/cd\/?p=22740\",\"url\":\"https:\/\/noticiasemdestaque.com\/cd\/?p=22740\",\"name\":\"Primeiro ano de Bolsonaro mostra queda de benefici\u00e1rios no Bolsa Fam\u00edlia - Not&iacute;cias em Destaque\",\"isPartOf\":{\"@id\":\"https:\/\/noticiasemdestaque.com\/cd\/#website\"},\"primaryImageOfPage\":{\"@id\":\"https:\/\/noticiasemdestaque.com\/cd\/?p=22740#primaryimage\"},\"image\":{\"@id\":\"https:\/\/noticiasemdestaque.com\/cd\/?p=22740#primaryimage\"},\"thumbnailUrl\":\"https:\/\/noticiasemdestaque.com\/cd\/wp-content\/uploads\/2017\/06\/bolsa-familia-1.jpg\",\"datePublished\":\"2020-02-07T16:30:29+00:00\",\"breadcrumb\":{\"@id\":\"https:\/\/noticiasemdestaque.com\/cd\/?p=22740#breadcrumb\"},\"inLanguage\":\"pt-BR\",\"potentialAction\":[{\"@type\":\"ReadAction\",\"target\":[\"https:\/\/noticiasemdestaque.com\/cd\/?p=22740\"]}]},{\"@type\":\"ImageObject\",\"inLanguage\":\"pt-BR\",\"@id\":\"https:\/\/noticiasemdestaque.com\/cd\/?p=22740#primaryimage\",\"url\":\"https:\/\/noticiasemdestaque.com\/cd\/wp-content\/uploads\/2017\/06\/bolsa-familia-1.jpg\",\"contentUrl\":\"https:\/\/noticiasemdestaque.com\/cd\/wp-content\/uploads\/2017\/06\/bolsa-familia-1.jpg\",\"width\":362,\"height\":271},{\"@type\":\"BreadcrumbList\",\"@id\":\"https:\/\/noticiasemdestaque.com\/cd\/?p=22740#breadcrumb\",\"itemListElement\":[{\"@type\":\"ListItem\",\"position\":1,\"name\":\"In\u00edcio\",\"item\":\"https:\/\/noticiasemdestaque.com\/cd\/\"},{\"@type\":\"ListItem\",\"position\":2,\"name\":\"Primeiro ano de Bolsonaro mostra queda de benefici\u00e1rios no Bolsa Fam\u00edlia\"}]},{\"@type\":\"WebSite\",\"@id\":\"https:\/\/noticiasemdestaque.com\/cd\/#website\",\"url\":\"https:\/\/noticiasemdestaque.com\/cd\/\",\"name\":\"Not&iacute;cias em Destaque\",\"description\":\"\",\"publisher\":{\"@id\":\"https:\/\/noticiasemdestaque.com\/cd\/#organization\"},\"potentialAction\":[{\"@type\":\"SearchAction\",\"target\":{\"@type\":\"EntryPoint\",\"urlTemplate\":\"https:\/\/noticiasemdestaque.com\/cd\/?s={search_term_string}\"},\"query-input\":{\"@type\":\"PropertyValueSpecification\",\"valueRequired\":true,\"valueName\":\"search_term_string\"}}],\"inLanguage\":\"pt-BR\"},{\"@type\":\"Organization\",\"@id\":\"https:\/\/noticiasemdestaque.com\/cd\/#organization\",\"name\":\"Not\u00edcias em Destaque\",\"url\":\"https:\/\/noticiasemdestaque.com\/cd\/\",\"logo\":{\"@type\":\"ImageObject\",\"inLanguage\":\"pt-BR\",\"@id\":\"https:\/\/noticiasemdestaque.com\/cd\/#\/schema\/logo\/image\/\",\"url\":\"https:\/\/noticiasemdestaque.com\/cd\/wp-content\/uploads\/2022\/05\/imagem-base-noticiasemdestaque.png\",\"contentUrl\":\"https:\/\/noticiasemdestaque.com\/cd\/wp-content\/uploads\/2022\/05\/imagem-base-noticiasemdestaque.png\",\"width\":1200,\"height\":630,\"caption\":\"Not\u00edcias em Destaque\"},\"image\":{\"@id\":\"https:\/\/noticiasemdestaque.com\/cd\/#\/schema\/logo\/image\/\"}},{\"@type\":\"Person\",\"@id\":\"https:\/\/noticiasemdestaque.com\/cd\/#\/schema\/person\/3e6ba396ff5664a69c392f09a8e1504c\",\"name\":\"Not\u00edcias em Destaque\",\"url\":\"https:\/\/noticiasemdestaque.com\/cd\/?author=2\"}]}<\/script>\n<!-- \/ Yoast SEO plugin. -->","yoast_head_json":{"title":"Primeiro ano de Bolsonaro mostra queda de benefici\u00e1rios no Bolsa Fam\u00edlia - Not&iacute;cias em Destaque","robots":{"index":"index","follow":"follow","max-snippet":"max-snippet:-1","max-image-preview":"max-image-preview:large","max-video-preview":"max-video-preview:-1"},"canonical":"https:\/\/noticiasemdestaque.com\/cd\/?p=22740","og_locale":"pt_BR","og_type":"article","og_title":"Primeiro ano de Bolsonaro mostra queda de benefici\u00e1rios no Bolsa Fam\u00edlia - Not&iacute;cias em Destaque","og_description":"A quantidade de pessoas que recebem benef\u00edcios do Bolsa Fam\u00edlia diminuiu em 590 mil, no primeiro ano de Governo do presidente da Rep\u00fablica, Jair Bolsonaro. Em janeiro de 2019, havia 13,760 milh\u00f5es nomes na folha de pagamento do programa e em dezembro o valor caiu para 13,170 milh\u00f5es. A queda corresponde a 4,3% do total de usu\u00e1rios. Os dados divulgados s\u00e3o dos N\u00fameros de Identifica\u00e7\u00e3o Social (NIS) \u00fanicos nas folhas de pagamento do Bolsa Fam\u00edlia, disponibilizados no Portal da Transpar\u00eancia. &nbsp;","og_url":"https:\/\/noticiasemdestaque.com\/cd\/?p=22740","og_site_name":"Not&iacute;cias em Destaque","article_published_time":"2020-02-07T16:30:29+00:00","og_image":[{"width":362,"height":271,"url":"https:\/\/noticiasemdestaque.com\/cd\/wp-content\/uploads\/2017\/06\/bolsa-familia-1.jpg","type":"image\/jpeg"}],"author":"Not\u00edcias em Destaque","twitter_card":"summary_large_image","twitter_misc":{"Escrito por":"Not\u00edcias em Destaque"},"schema":{"@context":"https:\/\/schema.org","@graph":[{"@type":"Article","@id":"https:\/\/noticiasemdestaque.com\/cd\/?p=22740#article","isPartOf":{"@id":"https:\/\/noticiasemdestaque.com\/cd\/?p=22740"},"author":{"name":"Not\u00edcias em Destaque","@id":"https:\/\/noticiasemdestaque.com\/cd\/#\/schema\/person\/3e6ba396ff5664a69c392f09a8e1504c"},"headline":"Primeiro ano de Bolsonaro mostra queda de benefici\u00e1rios no Bolsa Fam\u00edlia","datePublished":"2020-02-07T16:30:29+00:00","mainEntityOfPage":{"@id":"https:\/\/noticiasemdestaque.com\/cd\/?p=22740"},"wordCount":100,"publisher":{"@id":"https:\/\/noticiasemdestaque.com\/cd\/#organization"},"image":{"@id":"https:\/\/noticiasemdestaque.com\/cd\/?p=22740#primaryimage"},"thumbnailUrl":"https:\/\/noticiasemdestaque.com\/cd\/wp-content\/uploads\/2017\/06\/bolsa-familia-1.jpg","articleSection":["Cidades"],"inLanguage":"pt-BR"},{"@type":"WebPage","@id":"https:\/\/noticiasemdestaque.com\/cd\/?p=22740","url":"https:\/\/noticiasemdestaque.com\/cd\/?p=22740","name":"Primeiro ano de Bolsonaro mostra queda de benefici\u00e1rios no Bolsa Fam\u00edlia - Not&iacute;cias em Destaque","isPartOf":{"@id":"https:\/\/noticiasemdestaque.com\/cd\/#website"},"primaryImageOfPage":{"@id":"https:\/\/noticiasemdestaque.com\/cd\/?p=22740#primaryimage"},"image":{"@id":"https:\/\/noticiasemdestaque.com\/cd\/?p=22740#primaryimage"},"thumbnailUrl":"https:\/\/noticiasemdestaque.com\/cd\/wp-content\/uploads\/2017\/06\/bolsa-familia-1.jpg","datePublished":"2020-02-07T16:30:29+00:00","breadcrumb":{"@id":"https:\/\/noticiasemdestaque.com\/cd\/?p=22740#breadcrumb"},"inLanguage":"pt-BR","potentialAction":[{"@type":"ReadAction","target":["https:\/\/noticiasemdestaque.com\/cd\/?p=22740"]}]},{"@type":"ImageObject","inLanguage":"pt-BR","@id":"https:\/\/noticiasemdestaque.com\/cd\/?p=22740#primaryimage","url":"https:\/\/noticiasemdestaque.com\/cd\/wp-content\/uploads\/2017\/06\/bolsa-familia-1.jpg","contentUrl":"https:\/\/noticiasemdestaque.com\/cd\/wp-content\/uploads\/2017\/06\/bolsa-familia-1.jpg","width":362,"height":271},{"@type":"BreadcrumbList","@id":"https:\/\/noticiasemdestaque.com\/cd\/?p=22740#breadcrumb","itemListElement":[{"@type":"ListItem","position":1,"name":"In\u00edcio","item":"https:\/\/noticiasemdestaque.com\/cd\/"},{"@type":"ListItem","position":2,"name":"Primeiro ano de Bolsonaro mostra queda de benefici\u00e1rios no Bolsa Fam\u00edlia"}]},{"@type":"WebSite","@id":"https:\/\/noticiasemdestaque.com\/cd\/#website","url":"https:\/\/noticiasemdestaque.com\/cd\/","name":"Not&iacute;cias em Destaque","description":"","publisher":{"@id":"https:\/\/noticiasemdestaque.com\/cd\/#organization"},"potentialAction":[{"@type":"SearchAction","target":{"@type":"EntryPoint","urlTemplate":"https:\/\/noticiasemdestaque.com\/cd\/?s={search_term_string}"},"query-input":{"@type":"PropertyValueSpecification","valueRequired":true,"valueName":"search_term_string"}}],"inLanguage":"pt-BR"},{"@type":"Organization","@id":"https:\/\/noticiasemdestaque.com\/cd\/#organization","name":"Not\u00edcias em Destaque","url":"https:\/\/noticiasemdestaque.com\/cd\/","logo":{"@type":"ImageObject","inLanguage":"pt-BR","@id":"https:\/\/noticiasemdestaque.com\/cd\/#\/schema\/logo\/image\/","url":"https:\/\/noticiasemdestaque.com\/cd\/wp-content\/uploads\/2022\/05\/imagem-base-noticiasemdestaque.png","contentUrl":"https:\/\/noticiasemdestaque.com\/cd\/wp-content\/uploads\/2022\/05\/imagem-base-noticiasemdestaque.png","width":1200,"height":630,"caption":"Not\u00edcias em Destaque"},"image":{"@id":"https:\/\/noticiasemdestaque.com\/cd\/#\/schema\/logo\/image\/"}},{"@type":"Person","@id":"https:\/\/noticiasemdestaque.com\/cd\/#\/schema\/person\/3e6ba396ff5664a69c392f09a8e1504c","name":"Not\u00edcias em Destaque","url":"https:\/\/noticiasemdestaque.com\/cd\/?author=2"}]}},"jetpack_featured_media_url":"https:\/\/noticiasemdestaque.com\/cd\/wp-content\/uploads\/2017\/06\/bolsa-familia-1.jpg","jetpack_sharing_enabled":true,"_links":{"self":[{"href":"https:\/\/noticiasemdestaque.com\/cd\/index.php?rest_route=\/wp\/v2\/posts\/22740","targetHints":{"allow":["GET"]}}],"collection":[{"href":"https:\/\/noticiasemdestaque.com\/cd\/index.php?rest_route=\/wp\/v2\/posts"}],"about":[{"href":"https:\/\/noticiasemdestaque.com\/cd\/index.php?rest_route=\/wp\/v2\/types\/post"}],"author":[{"embeddable":true,"href":"https:\/\/noticiasemdestaque.com\/cd\/index.php?rest_route=\/wp\/v2\/users\/2"}],"replies":[{"embeddable":true,"href":"https:\/\/noticiasemdestaque.com\/cd\/index.php?rest_route=%2Fwp%2Fv2%2Fcomments&post=22740"}],"version-history":[{"count":1,"href":"https:\/\/noticiasemdestaque.com\/cd\/index.php?rest_route=\/wp\/v2\/posts\/22740\/revisions"}],"predecessor-version":[{"id":22741,"href":"https:\/\/noticiasemdestaque.com\/cd\/index.php?rest_route=\/wp\/v2\/posts\/22740\/revisions\/22741"}],"wp:featuredmedia":[{"embeddable":true,"href":"https:\/\/noticiasemdestaque.com\/cd\/index.php?rest_route=\/wp\/v2\/media\/686"}],"wp:attachment":[{"href":"https:\/\/noticiasemdestaque.com\/cd\/index.php?rest_route=%2Fwp%2Fv2%2Fmedia&parent=22740"}],"wp:term":[{"taxonomy":"category","embeddable":true,"href":"https:\/\/noticiasemdestaque.com\/cd\/index.php?rest_route=%2Fwp%2Fv2%2Fcategories&post=22740"},{"taxonomy":"post_tag","embeddable":true,"href":"https:\/\/noticiasemdestaque.com\/cd\/index.php?rest_route=%2Fwp%2Fv2%2Ftags&post=22740"}],"curies":[{"name":"wp","href":"https:\/\/api.w.org\/{rel}","templated":true}]}}