{"id":22737,"date":"2020-02-07T13:23:23","date_gmt":"2020-02-07T16:23:23","guid":{"rendered":"http:\/\/noticiasemdestaque.com\/cd\/?p=22737"},"modified":"2020-02-07T13:23:34","modified_gmt":"2020-02-07T16:23:34","slug":"governo-federal-cria-comissao-para-inspecionar-presidio-da-paraiba","status":"publish","type":"post","link":"https:\/\/noticiasemdestaque.com\/cd\/?p=22737","title":{"rendered":"Governo Federal cria comiss\u00e3o para inspecionar pres\u00eddio da Para\u00edba"},"content":{"rendered":"<figure id=\"attachment_22738\" aria-describedby=\"caption-attachment-22738\" style=\"width: 590px\" class=\"wp-caption alignnone\"><a href=\"https:\/\/noticiasemdestaque.com\/cd\/wp-content\/uploads\/2020\/02\/presidio.roger_.jpg\"><img fetchpriority=\"high\" decoding=\"async\" class=\"size-full wp-image-22738\" src=\"https:\/\/noticiasemdestaque.com\/cd\/wp-content\/uploads\/2020\/02\/presidio.roger_.jpg\" alt=\"\" width=\"590\" height=\"443\" srcset=\"https:\/\/noticiasemdestaque.com\/cd\/wp-content\/uploads\/2020\/02\/presidio.roger_.jpg 590w, https:\/\/noticiasemdestaque.com\/cd\/wp-content\/uploads\/2020\/02\/presidio.roger_-300x225.jpg 300w\" sizes=\"(max-width: 590px) 100vw, 590px\" \/><\/a><figcaption id=\"caption-attachment-22738\" class=\"wp-caption-text\">Pres\u00eddio do R\u00f3ger, em Jo\u00e3o Pessoa<\/figcaption><\/figure>\n<p>Os pres\u00eddios da Para\u00edba v\u00e3o passar por inspe\u00e7\u00f5es realizadas por representantes do Minist\u00e9rio da Justi\u00e7a e Seguran\u00e7a P\u00fablica, comandado pelo ex-juiz S\u00e9rgio Moro.<\/p>\n<p>De acordo com Portaria publicada, nesta sexta-feira (7),\u00a0<a href=\"http:\/\/www.in.gov.br\/web\/dou\/-\/portaria-n-1-de-6-de-fevereiro-de-2020-242092511\">no Di\u00e1rio Oficial da Uni\u00e3o<\/a>, o presidente do Conselho Nacional de Pol\u00edtica Criminal e Penitenci\u00e1ria, Cesar Mecchi Morales, nomeou os representantes da comiss\u00e3o que dever\u00e1 se encarregar da visita as casas de deten\u00e7\u00e3o no Estado.<\/p>\n<p>A comiss\u00e3o na Para\u00edba ser\u00e1 composta por Juliana Zappal\u00e1 Porcaro Bisol e Wilson Salles Damazio. Os conselheiros designados dever\u00e3o apresentar relat\u00f3rio circunstanciado sobre a visita de inspe\u00e7\u00e3o que ser\u00e1 encaminhado ao Departamento Penitenci\u00e1rio Nacional, do Minist\u00e9rio da Justi\u00e7a.<\/p>\n<p>Al\u00e9m da Para\u00edba, presididos de Alagoas, Pernambuco, Acre, Sergipe, Par\u00e1, Cear\u00e1, Esp\u00edrito Santo, Rio Grande do Sul, Goi\u00e1s, Santa Catarina, Maranh\u00e3o, Bahia, Mato Grosso, S\u00e3o Paulo, Amap\u00e1, Rio Grande do Norte, Rio de Janeiro, Paran\u00e1, Piau\u00ed, Amazonas, Rond\u00f4nia, Distrito Federal, Mato Grosso do Sul e Tocantins passar\u00e3o pelas inspe\u00e7\u00f5es.<\/p>\n<p>Fonte: Roberto Targino -MaisPB<\/p>\n","protected":false},"excerpt":{"rendered":"<p>Os pres\u00eddios da Para\u00edba v\u00e3o passar por inspe\u00e7\u00f5es realizadas por representantes do Minist\u00e9rio da Justi\u00e7a e Seguran\u00e7a P\u00fablica, comandado pelo ex-juiz S\u00e9rgio Moro. De acordo com Portaria publicada, nesta sexta-feira (7),\u00a0no Di\u00e1rio Oficial da Uni\u00e3o, o presidente do Conselho Nacional de Pol\u00edtica Criminal e Penitenci\u00e1ria, Cesar Mecchi Morales, nomeou os representantes da comiss\u00e3o que dever\u00e1 se encarregar da visita as casas de deten\u00e7\u00e3o no Estado. A comiss\u00e3o na Para\u00edba ser\u00e1 composta por Juliana Zappal\u00e1 Porcaro Bisol e Wilson Salles Damazio. Os conselheiros designados dever\u00e3o apresentar relat\u00f3rio circunstanciado sobre a visita de inspe\u00e7\u00e3o que ser\u00e1 encaminhado ao Departamento Penitenci\u00e1rio Nacional, do Minist\u00e9rio da Justi\u00e7a. Al\u00e9m da Para\u00edba, presididos de Alagoas, Pernambuco, Acre, Sergipe, Par\u00e1, Cear\u00e1, Esp\u00edrito Santo, Rio Grande do Sul, Goi\u00e1s, Santa Catarina, Maranh\u00e3o, Bahia, Mato Grosso, S\u00e3o Paulo, Amap\u00e1, Rio Grande do Norte, Rio de Janeiro, Paran\u00e1, Piau\u00ed, Amazonas, Rond\u00f4nia, Distrito Federal, Mato Grosso do Sul e Tocantins passar\u00e3o pelas inspe\u00e7\u00f5es. Fonte: Roberto Targino -MaisPB<\/p>\n","protected":false},"author":2,"featured_media":22738,"comment_status":"closed","ping_status":"open","sticky":false,"template":"","format":"standard","meta":{"_eb_attr":"","_jetpack_memberships_contains_paid_content":false,"footnotes":""},"categories":[4],"tags":[],"class_list":["post-22737","post","type-post","status-publish","format-standard","has-post-thumbnail","hentry","category-politica"],"yoast_head":"<!-- This site is optimized with the Yoast SEO plugin v26.5 - https:\/\/yoast.com\/wordpress\/plugins\/seo\/ -->\n<title>Governo Federal cria comiss\u00e3o para inspecionar pres\u00eddio da Para\u00edba - Not&iacute;cias em Destaque<\/title>\n<meta name=\"robots\" content=\"index, follow, max-snippet:-1, max-image-preview:large, max-video-preview:-1\" \/>\n<link rel=\"canonical\" href=\"https:\/\/noticiasemdestaque.com\/cd\/?p=22737\" \/>\n<meta property=\"og:locale\" content=\"pt_BR\" \/>\n<meta property=\"og:type\" content=\"article\" \/>\n<meta property=\"og:title\" content=\"Governo Federal cria comiss\u00e3o para inspecionar pres\u00eddio da Para\u00edba - Not&iacute;cias em Destaque\" \/>\n<meta property=\"og:description\" content=\"Os pres\u00eddios da Para\u00edba v\u00e3o passar por inspe\u00e7\u00f5es realizadas por representantes do Minist\u00e9rio da Justi\u00e7a e Seguran\u00e7a P\u00fablica, comandado pelo ex-juiz S\u00e9rgio Moro. De acordo com Portaria publicada, nesta sexta-feira (7),\u00a0no Di\u00e1rio Oficial da Uni\u00e3o, o presidente do Conselho Nacional de Pol\u00edtica Criminal e Penitenci\u00e1ria, Cesar Mecchi Morales, nomeou os representantes da comiss\u00e3o que dever\u00e1 se encarregar da visita as casas de deten\u00e7\u00e3o no Estado. A comiss\u00e3o na Para\u00edba ser\u00e1 composta por Juliana Zappal\u00e1 Porcaro Bisol e Wilson Salles Damazio. Os conselheiros designados dever\u00e3o apresentar relat\u00f3rio circunstanciado sobre a visita de inspe\u00e7\u00e3o que ser\u00e1 encaminhado ao Departamento Penitenci\u00e1rio Nacional, do Minist\u00e9rio da Justi\u00e7a. Al\u00e9m da Para\u00edba, presididos de Alagoas, Pernambuco, Acre, Sergipe, Par\u00e1, Cear\u00e1, Esp\u00edrito Santo, Rio Grande do Sul, Goi\u00e1s, Santa Catarina, Maranh\u00e3o, Bahia, Mato Grosso, S\u00e3o Paulo, Amap\u00e1, Rio Grande do Norte, Rio de Janeiro, Paran\u00e1, Piau\u00ed, Amazonas, Rond\u00f4nia, Distrito Federal, Mato Grosso do Sul e Tocantins passar\u00e3o pelas inspe\u00e7\u00f5es. Fonte: Roberto Targino -MaisPB\" \/>\n<meta property=\"og:url\" content=\"https:\/\/noticiasemdestaque.com\/cd\/?p=22737\" \/>\n<meta property=\"og:site_name\" content=\"Not&iacute;cias em Destaque\" \/>\n<meta property=\"article:published_time\" content=\"2020-02-07T16:23:23+00:00\" \/>\n<meta property=\"article:modified_time\" content=\"2020-02-07T16:23:34+00:00\" \/>\n<meta property=\"og:image\" content=\"https:\/\/noticiasemdestaque.com\/cd\/wp-content\/uploads\/2020\/02\/presidio.roger_.jpg\" \/>\n\t<meta property=\"og:image:width\" content=\"590\" \/>\n\t<meta property=\"og:image:height\" content=\"443\" \/>\n\t<meta property=\"og:image:type\" content=\"image\/jpeg\" \/>\n<meta name=\"author\" content=\"Not\u00edcias em Destaque\" \/>\n<meta name=\"twitter:card\" content=\"summary_large_image\" \/>\n<meta name=\"twitter:label1\" content=\"Escrito por\" \/>\n\t<meta name=\"twitter:data1\" content=\"Not\u00edcias em Destaque\" \/>\n\t<meta name=\"twitter:label2\" content=\"Est. tempo de leitura\" \/>\n\t<meta name=\"twitter:data2\" content=\"1 minuto\" \/>\n<script type=\"application\/ld+json\" class=\"yoast-schema-graph\">{\"@context\":\"https:\/\/schema.org\",\"@graph\":[{\"@type\":\"Article\",\"@id\":\"https:\/\/noticiasemdestaque.com\/cd\/?p=22737#article\",\"isPartOf\":{\"@id\":\"https:\/\/noticiasemdestaque.com\/cd\/?p=22737\"},\"author\":{\"name\":\"Not\u00edcias em Destaque\",\"@id\":\"https:\/\/noticiasemdestaque.com\/cd\/#\/schema\/person\/3e6ba396ff5664a69c392f09a8e1504c\"},\"headline\":\"Governo Federal cria comiss\u00e3o para inspecionar pres\u00eddio da Para\u00edba\",\"datePublished\":\"2020-02-07T16:23:23+00:00\",\"dateModified\":\"2020-02-07T16:23:34+00:00\",\"mainEntityOfPage\":{\"@id\":\"https:\/\/noticiasemdestaque.com\/cd\/?p=22737\"},\"wordCount\":216,\"publisher\":{\"@id\":\"https:\/\/noticiasemdestaque.com\/cd\/#organization\"},\"image\":{\"@id\":\"https:\/\/noticiasemdestaque.com\/cd\/?p=22737#primaryimage\"},\"thumbnailUrl\":\"https:\/\/noticiasemdestaque.com\/cd\/wp-content\/uploads\/2020\/02\/presidio.roger_.jpg\",\"articleSection\":[\"Pol\u00edtica\"],\"inLanguage\":\"pt-BR\"},{\"@type\":\"WebPage\",\"@id\":\"https:\/\/noticiasemdestaque.com\/cd\/?p=22737\",\"url\":\"https:\/\/noticiasemdestaque.com\/cd\/?p=22737\",\"name\":\"Governo Federal cria comiss\u00e3o para inspecionar pres\u00eddio da Para\u00edba - Not&iacute;cias em Destaque\",\"isPartOf\":{\"@id\":\"https:\/\/noticiasemdestaque.com\/cd\/#website\"},\"primaryImageOfPage\":{\"@id\":\"https:\/\/noticiasemdestaque.com\/cd\/?p=22737#primaryimage\"},\"image\":{\"@id\":\"https:\/\/noticiasemdestaque.com\/cd\/?p=22737#primaryimage\"},\"thumbnailUrl\":\"https:\/\/noticiasemdestaque.com\/cd\/wp-content\/uploads\/2020\/02\/presidio.roger_.jpg\",\"datePublished\":\"2020-02-07T16:23:23+00:00\",\"dateModified\":\"2020-02-07T16:23:34+00:00\",\"breadcrumb\":{\"@id\":\"https:\/\/noticiasemdestaque.com\/cd\/?p=22737#breadcrumb\"},\"inLanguage\":\"pt-BR\",\"potentialAction\":[{\"@type\":\"ReadAction\",\"target\":[\"https:\/\/noticiasemdestaque.com\/cd\/?p=22737\"]}]},{\"@type\":\"ImageObject\",\"inLanguage\":\"pt-BR\",\"@id\":\"https:\/\/noticiasemdestaque.com\/cd\/?p=22737#primaryimage\",\"url\":\"https:\/\/noticiasemdestaque.com\/cd\/wp-content\/uploads\/2020\/02\/presidio.roger_.jpg\",\"contentUrl\":\"https:\/\/noticiasemdestaque.com\/cd\/wp-content\/uploads\/2020\/02\/presidio.roger_.jpg\",\"width\":590,\"height\":443,\"caption\":\"Pres\u00eddio do R\u00f3ger, em Jo\u00e3o Pessoa\"},{\"@type\":\"BreadcrumbList\",\"@id\":\"https:\/\/noticiasemdestaque.com\/cd\/?p=22737#breadcrumb\",\"itemListElement\":[{\"@type\":\"ListItem\",\"position\":1,\"name\":\"In\u00edcio\",\"item\":\"https:\/\/noticiasemdestaque.com\/cd\/\"},{\"@type\":\"ListItem\",\"position\":2,\"name\":\"Governo Federal cria comiss\u00e3o para inspecionar pres\u00eddio da Para\u00edba\"}]},{\"@type\":\"WebSite\",\"@id\":\"https:\/\/noticiasemdestaque.com\/cd\/#website\",\"url\":\"https:\/\/noticiasemdestaque.com\/cd\/\",\"name\":\"Not&iacute;cias em Destaque\",\"description\":\"\",\"publisher\":{\"@id\":\"https:\/\/noticiasemdestaque.com\/cd\/#organization\"},\"potentialAction\":[{\"@type\":\"SearchAction\",\"target\":{\"@type\":\"EntryPoint\",\"urlTemplate\":\"https:\/\/noticiasemdestaque.com\/cd\/?s={search_term_string}\"},\"query-input\":{\"@type\":\"PropertyValueSpecification\",\"valueRequired\":true,\"valueName\":\"search_term_string\"}}],\"inLanguage\":\"pt-BR\"},{\"@type\":\"Organization\",\"@id\":\"https:\/\/noticiasemdestaque.com\/cd\/#organization\",\"name\":\"Not\u00edcias em Destaque\",\"url\":\"https:\/\/noticiasemdestaque.com\/cd\/\",\"logo\":{\"@type\":\"ImageObject\",\"inLanguage\":\"pt-BR\",\"@id\":\"https:\/\/noticiasemdestaque.com\/cd\/#\/schema\/logo\/image\/\",\"url\":\"https:\/\/noticiasemdestaque.com\/cd\/wp-content\/uploads\/2022\/05\/imagem-base-noticiasemdestaque.png\",\"contentUrl\":\"https:\/\/noticiasemdestaque.com\/cd\/wp-content\/uploads\/2022\/05\/imagem-base-noticiasemdestaque.png\",\"width\":1200,\"height\":630,\"caption\":\"Not\u00edcias em Destaque\"},\"image\":{\"@id\":\"https:\/\/noticiasemdestaque.com\/cd\/#\/schema\/logo\/image\/\"}},{\"@type\":\"Person\",\"@id\":\"https:\/\/noticiasemdestaque.com\/cd\/#\/schema\/person\/3e6ba396ff5664a69c392f09a8e1504c\",\"name\":\"Not\u00edcias em Destaque\",\"url\":\"https:\/\/noticiasemdestaque.com\/cd\/?author=2\"}]}<\/script>\n<!-- \/ Yoast SEO plugin. -->","yoast_head_json":{"title":"Governo Federal cria comiss\u00e3o para inspecionar pres\u00eddio da Para\u00edba - Not&iacute;cias em Destaque","robots":{"index":"index","follow":"follow","max-snippet":"max-snippet:-1","max-image-preview":"max-image-preview:large","max-video-preview":"max-video-preview:-1"},"canonical":"https:\/\/noticiasemdestaque.com\/cd\/?p=22737","og_locale":"pt_BR","og_type":"article","og_title":"Governo Federal cria comiss\u00e3o para inspecionar pres\u00eddio da Para\u00edba - Not&iacute;cias em Destaque","og_description":"Os pres\u00eddios da Para\u00edba v\u00e3o passar por inspe\u00e7\u00f5es realizadas por representantes do Minist\u00e9rio da Justi\u00e7a e Seguran\u00e7a P\u00fablica, comandado pelo ex-juiz S\u00e9rgio Moro. De acordo com Portaria publicada, nesta sexta-feira (7),\u00a0no Di\u00e1rio Oficial da Uni\u00e3o, o presidente do Conselho Nacional de Pol\u00edtica Criminal e Penitenci\u00e1ria, Cesar Mecchi Morales, nomeou os representantes da comiss\u00e3o que dever\u00e1 se encarregar da visita as casas de deten\u00e7\u00e3o no Estado. A comiss\u00e3o na Para\u00edba ser\u00e1 composta por Juliana Zappal\u00e1 Porcaro Bisol e Wilson Salles Damazio. Os conselheiros designados dever\u00e3o apresentar relat\u00f3rio circunstanciado sobre a visita de inspe\u00e7\u00e3o que ser\u00e1 encaminhado ao Departamento Penitenci\u00e1rio Nacional, do Minist\u00e9rio da Justi\u00e7a. Al\u00e9m da Para\u00edba, presididos de Alagoas, Pernambuco, Acre, Sergipe, Par\u00e1, Cear\u00e1, Esp\u00edrito Santo, Rio Grande do Sul, Goi\u00e1s, Santa Catarina, Maranh\u00e3o, Bahia, Mato Grosso, S\u00e3o Paulo, Amap\u00e1, Rio Grande do Norte, Rio de Janeiro, Paran\u00e1, Piau\u00ed, Amazonas, Rond\u00f4nia, Distrito Federal, Mato Grosso do Sul e Tocantins passar\u00e3o pelas inspe\u00e7\u00f5es. Fonte: Roberto Targino -MaisPB","og_url":"https:\/\/noticiasemdestaque.com\/cd\/?p=22737","og_site_name":"Not&iacute;cias em Destaque","article_published_time":"2020-02-07T16:23:23+00:00","article_modified_time":"2020-02-07T16:23:34+00:00","og_image":[{"width":590,"height":443,"url":"https:\/\/noticiasemdestaque.com\/cd\/wp-content\/uploads\/2020\/02\/presidio.roger_.jpg","type":"image\/jpeg"}],"author":"Not\u00edcias em Destaque","twitter_card":"summary_large_image","twitter_misc":{"Escrito por":"Not\u00edcias em Destaque","Est. tempo de leitura":"1 minuto"},"schema":{"@context":"https:\/\/schema.org","@graph":[{"@type":"Article","@id":"https:\/\/noticiasemdestaque.com\/cd\/?p=22737#article","isPartOf":{"@id":"https:\/\/noticiasemdestaque.com\/cd\/?p=22737"},"author":{"name":"Not\u00edcias em Destaque","@id":"https:\/\/noticiasemdestaque.com\/cd\/#\/schema\/person\/3e6ba396ff5664a69c392f09a8e1504c"},"headline":"Governo Federal cria comiss\u00e3o para inspecionar pres\u00eddio da Para\u00edba","datePublished":"2020-02-07T16:23:23+00:00","dateModified":"2020-02-07T16:23:34+00:00","mainEntityOfPage":{"@id":"https:\/\/noticiasemdestaque.com\/cd\/?p=22737"},"wordCount":216,"publisher":{"@id":"https:\/\/noticiasemdestaque.com\/cd\/#organization"},"image":{"@id":"https:\/\/noticiasemdestaque.com\/cd\/?p=22737#primaryimage"},"thumbnailUrl":"https:\/\/noticiasemdestaque.com\/cd\/wp-content\/uploads\/2020\/02\/presidio.roger_.jpg","articleSection":["Pol\u00edtica"],"inLanguage":"pt-BR"},{"@type":"WebPage","@id":"https:\/\/noticiasemdestaque.com\/cd\/?p=22737","url":"https:\/\/noticiasemdestaque.com\/cd\/?p=22737","name":"Governo Federal cria comiss\u00e3o para inspecionar pres\u00eddio da Para\u00edba - Not&iacute;cias em Destaque","isPartOf":{"@id":"https:\/\/noticiasemdestaque.com\/cd\/#website"},"primaryImageOfPage":{"@id":"https:\/\/noticiasemdestaque.com\/cd\/?p=22737#primaryimage"},"image":{"@id":"https:\/\/noticiasemdestaque.com\/cd\/?p=22737#primaryimage"},"thumbnailUrl":"https:\/\/noticiasemdestaque.com\/cd\/wp-content\/uploads\/2020\/02\/presidio.roger_.jpg","datePublished":"2020-02-07T16:23:23+00:00","dateModified":"2020-02-07T16:23:34+00:00","breadcrumb":{"@id":"https:\/\/noticiasemdestaque.com\/cd\/?p=22737#breadcrumb"},"inLanguage":"pt-BR","potentialAction":[{"@type":"ReadAction","target":["https:\/\/noticiasemdestaque.com\/cd\/?p=22737"]}]},{"@type":"ImageObject","inLanguage":"pt-BR","@id":"https:\/\/noticiasemdestaque.com\/cd\/?p=22737#primaryimage","url":"https:\/\/noticiasemdestaque.com\/cd\/wp-content\/uploads\/2020\/02\/presidio.roger_.jpg","contentUrl":"https:\/\/noticiasemdestaque.com\/cd\/wp-content\/uploads\/2020\/02\/presidio.roger_.jpg","width":590,"height":443,"caption":"Pres\u00eddio do R\u00f3ger, em Jo\u00e3o Pessoa"},{"@type":"BreadcrumbList","@id":"https:\/\/noticiasemdestaque.com\/cd\/?p=22737#breadcrumb","itemListElement":[{"@type":"ListItem","position":1,"name":"In\u00edcio","item":"https:\/\/noticiasemdestaque.com\/cd\/"},{"@type":"ListItem","position":2,"name":"Governo Federal cria comiss\u00e3o para inspecionar pres\u00eddio da Para\u00edba"}]},{"@type":"WebSite","@id":"https:\/\/noticiasemdestaque.com\/cd\/#website","url":"https:\/\/noticiasemdestaque.com\/cd\/","name":"Not&iacute;cias em Destaque","description":"","publisher":{"@id":"https:\/\/noticiasemdestaque.com\/cd\/#organization"},"potentialAction":[{"@type":"SearchAction","target":{"@type":"EntryPoint","urlTemplate":"https:\/\/noticiasemdestaque.com\/cd\/?s={search_term_string}"},"query-input":{"@type":"PropertyValueSpecification","valueRequired":true,"valueName":"search_term_string"}}],"inLanguage":"pt-BR"},{"@type":"Organization","@id":"https:\/\/noticiasemdestaque.com\/cd\/#organization","name":"Not\u00edcias em Destaque","url":"https:\/\/noticiasemdestaque.com\/cd\/","logo":{"@type":"ImageObject","inLanguage":"pt-BR","@id":"https:\/\/noticiasemdestaque.com\/cd\/#\/schema\/logo\/image\/","url":"https:\/\/noticiasemdestaque.com\/cd\/wp-content\/uploads\/2022\/05\/imagem-base-noticiasemdestaque.png","contentUrl":"https:\/\/noticiasemdestaque.com\/cd\/wp-content\/uploads\/2022\/05\/imagem-base-noticiasemdestaque.png","width":1200,"height":630,"caption":"Not\u00edcias em Destaque"},"image":{"@id":"https:\/\/noticiasemdestaque.com\/cd\/#\/schema\/logo\/image\/"}},{"@type":"Person","@id":"https:\/\/noticiasemdestaque.com\/cd\/#\/schema\/person\/3e6ba396ff5664a69c392f09a8e1504c","name":"Not\u00edcias em Destaque","url":"https:\/\/noticiasemdestaque.com\/cd\/?author=2"}]}},"jetpack_featured_media_url":"https:\/\/noticiasemdestaque.com\/cd\/wp-content\/uploads\/2020\/02\/presidio.roger_.jpg","jetpack_sharing_enabled":true,"_links":{"self":[{"href":"https:\/\/noticiasemdestaque.com\/cd\/index.php?rest_route=\/wp\/v2\/posts\/22737","targetHints":{"allow":["GET"]}}],"collection":[{"href":"https:\/\/noticiasemdestaque.com\/cd\/index.php?rest_route=\/wp\/v2\/posts"}],"about":[{"href":"https:\/\/noticiasemdestaque.com\/cd\/index.php?rest_route=\/wp\/v2\/types\/post"}],"author":[{"embeddable":true,"href":"https:\/\/noticiasemdestaque.com\/cd\/index.php?rest_route=\/wp\/v2\/users\/2"}],"replies":[{"embeddable":true,"href":"https:\/\/noticiasemdestaque.com\/cd\/index.php?rest_route=%2Fwp%2Fv2%2Fcomments&post=22737"}],"version-history":[{"count":1,"href":"https:\/\/noticiasemdestaque.com\/cd\/index.php?rest_route=\/wp\/v2\/posts\/22737\/revisions"}],"predecessor-version":[{"id":22739,"href":"https:\/\/noticiasemdestaque.com\/cd\/index.php?rest_route=\/wp\/v2\/posts\/22737\/revisions\/22739"}],"wp:featuredmedia":[{"embeddable":true,"href":"https:\/\/noticiasemdestaque.com\/cd\/index.php?rest_route=\/wp\/v2\/media\/22738"}],"wp:attachment":[{"href":"https:\/\/noticiasemdestaque.com\/cd\/index.php?rest_route=%2Fwp%2Fv2%2Fmedia&parent=22737"}],"wp:term":[{"taxonomy":"category","embeddable":true,"href":"https:\/\/noticiasemdestaque.com\/cd\/index.php?rest_route=%2Fwp%2Fv2%2Fcategories&post=22737"},{"taxonomy":"post_tag","embeddable":true,"href":"https:\/\/noticiasemdestaque.com\/cd\/index.php?rest_route=%2Fwp%2Fv2%2Ftags&post=22737"}],"curies":[{"name":"wp","href":"https:\/\/api.w.org\/{rel}","templated":true}]}}