{"id":22735,"date":"2020-02-07T13:07:32","date_gmt":"2020-02-07T16:07:32","guid":{"rendered":"http:\/\/noticiasemdestaque.com\/cd\/?p=22735"},"modified":"2020-02-07T13:07:32","modified_gmt":"2020-02-07T16:07:32","slug":"pacientes-com-cancer-perdem-gratuidade-em-onibus-intermunicipais-na-pb","status":"publish","type":"post","link":"https:\/\/noticiasemdestaque.com\/cd\/?p=22735","title":{"rendered":"Pacientes com c\u00e2ncer perdem gratuidade em \u00f4nibus intermunicipais na PB"},"content":{"rendered":"<p><a href=\"https:\/\/noticiasemdestaque.com\/cd\/wp-content\/uploads\/2017\/08\/rodoviaria-300x200.jpg\"><img fetchpriority=\"high\" decoding=\"async\" class=\"size-full wp-image-2867 alignleft\" src=\"https:\/\/noticiasemdestaque.com\/cd\/wp-content\/uploads\/2017\/08\/rodoviaria-300x200.jpg\" alt=\"\" width=\"300\" height=\"200\" \/><\/a><\/p>\n<p>Uma decis\u00e3o do Supremo Tribunal Federal (STF) tornou inconstitucional a lei estadual 9.115\/10 que garantia gratuidade em \u00f4nibus intermunicipais dentro da Para\u00edba a pacientes com c\u00e2ncer e acompanhantes.<\/p>\n<p>As informa\u00e7\u00f5es foram repercutidas nesta sexta-feira (7), pela\u00a0TV Correio, a partir do v\u00eddeo da telespectadora Edlane Palmeira, que questionou o porqu\u00ea do benef\u00edcio n\u00e3o estar mais dispon\u00edvel nos guich\u00eas das empresas.<\/p>\n<p>A lei do \u2018Passe Livre\u2019, que valia desde 2010, dizia que o benef\u00edcio atendia um portador de c\u00e2ncer e at\u00e9 tr\u00eas acompanhantes, sendo um acompanhante por viagem; apenas para o servi\u00e7o regular convencional e ainda garantia que o transporte deveria ser sempre feito em acomoda\u00e7\u00e3o adequada.<\/p>\n<p>Em 2018, o Sindicato das Empresas de Transporte de Passageiros do Estado da Para\u00edba (Setrans-PB) acionou a Justi\u00e7a contra a medida. No STF, a lei foi declarada inconstitucional por \u201cv\u00edcio de iniciativa\u201d, ou seja, deveria ter sido criada por um Poder, mas foi elaborada por outro.\u00a0A lei foi criada em 2010 pelo ent\u00e3o deputado Quinto de Santa Rita e sancionada pelo governador da Para\u00edba na \u00e9poca, o atual senador Jos\u00e9 Maranh\u00e3o (MDB).<\/p>\n<p>A partir de agora, pacientes com c\u00e2ncer que precisem viajar dentro da Para\u00edba, junto com o acompanhante, dever\u00e3o pagar passagens normalmente, seja pre\u00e7o inteiro ou valor de estudante, a depender da condi\u00e7\u00e3o do passageiro.<\/p>\n<p>Fonte: Portal Correio<\/p>\n","protected":false},"excerpt":{"rendered":"<p>Uma decis\u00e3o do Supremo Tribunal Federal (STF) tornou inconstitucional a lei estadual 9.115\/10 que garantia gratuidade em \u00f4nibus intermunicipais dentro da Para\u00edba a pacientes com c\u00e2ncer e acompanhantes. As informa\u00e7\u00f5es foram repercutidas nesta sexta-feira (7), pela\u00a0TV Correio, a partir do v\u00eddeo da telespectadora Edlane Palmeira, que questionou o porqu\u00ea do benef\u00edcio n\u00e3o estar mais dispon\u00edvel nos guich\u00eas das empresas. A lei do \u2018Passe Livre\u2019, que valia desde 2010, dizia que o benef\u00edcio atendia um portador de c\u00e2ncer e at\u00e9 tr\u00eas acompanhantes, sendo um acompanhante por viagem; apenas para o servi\u00e7o regular convencional e ainda garantia que o transporte deveria ser sempre feito em acomoda\u00e7\u00e3o adequada. Em 2018, o Sindicato das Empresas de Transporte de Passageiros do Estado da Para\u00edba (Setrans-PB) acionou a Justi\u00e7a contra a medida. No STF, a lei foi declarada inconstitucional por \u201cv\u00edcio de iniciativa\u201d, ou seja, deveria ter sido criada por um Poder, mas foi elaborada por outro.\u00a0A lei foi criada em 2010 pelo ent\u00e3o deputado Quinto de Santa Rita e sancionada pelo governador da Para\u00edba na \u00e9poca, o atual senador Jos\u00e9 Maranh\u00e3o (MDB). A partir de agora, pacientes com c\u00e2ncer que precisem viajar dentro da Para\u00edba, junto com o acompanhante, dever\u00e3o pagar passagens normalmente, seja pre\u00e7o inteiro ou valor de estudante, a depender da condi\u00e7\u00e3o do passageiro. Fonte: Portal Correio<\/p>\n","protected":false},"author":2,"featured_media":2867,"comment_status":"closed","ping_status":"open","sticky":false,"template":"","format":"standard","meta":{"_eb_attr":"","_jetpack_memberships_contains_paid_content":false,"footnotes":""},"categories":[12],"tags":[],"class_list":["post-22735","post","type-post","status-publish","format-standard","has-post-thumbnail","hentry","category-geral"],"yoast_head":"<!-- This site is optimized with the Yoast SEO plugin v26.5 - https:\/\/yoast.com\/wordpress\/plugins\/seo\/ -->\n<title>Pacientes com c\u00e2ncer perdem gratuidade em \u00f4nibus intermunicipais na PB - Not&iacute;cias em Destaque<\/title>\n<meta name=\"robots\" content=\"index, follow, max-snippet:-1, max-image-preview:large, max-video-preview:-1\" \/>\n<link rel=\"canonical\" href=\"https:\/\/noticiasemdestaque.com\/cd\/?p=22735\" \/>\n<meta property=\"og:locale\" content=\"pt_BR\" \/>\n<meta property=\"og:type\" content=\"article\" \/>\n<meta property=\"og:title\" content=\"Pacientes com c\u00e2ncer perdem gratuidade em \u00f4nibus intermunicipais na PB - Not&iacute;cias em Destaque\" \/>\n<meta property=\"og:description\" content=\"Uma decis\u00e3o do Supremo Tribunal Federal (STF) tornou inconstitucional a lei estadual 9.115\/10 que garantia gratuidade em \u00f4nibus intermunicipais dentro da Para\u00edba a pacientes com c\u00e2ncer e acompanhantes. As informa\u00e7\u00f5es foram repercutidas nesta sexta-feira (7), pela\u00a0TV Correio, a partir do v\u00eddeo da telespectadora Edlane Palmeira, que questionou o porqu\u00ea do benef\u00edcio n\u00e3o estar mais dispon\u00edvel nos guich\u00eas das empresas. A lei do \u2018Passe Livre\u2019, que valia desde 2010, dizia que o benef\u00edcio atendia um portador de c\u00e2ncer e at\u00e9 tr\u00eas acompanhantes, sendo um acompanhante por viagem; apenas para o servi\u00e7o regular convencional e ainda garantia que o transporte deveria ser sempre feito em acomoda\u00e7\u00e3o adequada. Em 2018, o Sindicato das Empresas de Transporte de Passageiros do Estado da Para\u00edba (Setrans-PB) acionou a Justi\u00e7a contra a medida. No STF, a lei foi declarada inconstitucional por \u201cv\u00edcio de iniciativa\u201d, ou seja, deveria ter sido criada por um Poder, mas foi elaborada por outro.\u00a0A lei foi criada em 2010 pelo ent\u00e3o deputado Quinto de Santa Rita e sancionada pelo governador da Para\u00edba na \u00e9poca, o atual senador Jos\u00e9 Maranh\u00e3o (MDB). A partir de agora, pacientes com c\u00e2ncer que precisem viajar dentro da Para\u00edba, junto com o acompanhante, dever\u00e3o pagar passagens normalmente, seja pre\u00e7o inteiro ou valor de estudante, a depender da condi\u00e7\u00e3o do passageiro. Fonte: Portal Correio\" \/>\n<meta property=\"og:url\" content=\"https:\/\/noticiasemdestaque.com\/cd\/?p=22735\" \/>\n<meta property=\"og:site_name\" content=\"Not&iacute;cias em Destaque\" \/>\n<meta property=\"article:published_time\" content=\"2020-02-07T16:07:32+00:00\" \/>\n<meta property=\"og:image\" content=\"https:\/\/noticiasemdestaque.com\/cd\/wp-content\/uploads\/2017\/08\/rodoviaria-300x200.jpg\" \/>\n\t<meta property=\"og:image:width\" content=\"300\" \/>\n\t<meta property=\"og:image:height\" content=\"200\" \/>\n\t<meta property=\"og:image:type\" content=\"image\/jpeg\" \/>\n<meta name=\"author\" content=\"Not\u00edcias em Destaque\" \/>\n<meta name=\"twitter:card\" content=\"summary_large_image\" \/>\n<meta name=\"twitter:label1\" content=\"Escrito por\" \/>\n\t<meta name=\"twitter:data1\" content=\"Not\u00edcias em Destaque\" \/>\n\t<meta name=\"twitter:label2\" content=\"Est. tempo de leitura\" \/>\n\t<meta name=\"twitter:data2\" content=\"1 minuto\" \/>\n<script type=\"application\/ld+json\" class=\"yoast-schema-graph\">{\"@context\":\"https:\/\/schema.org\",\"@graph\":[{\"@type\":\"Article\",\"@id\":\"https:\/\/noticiasemdestaque.com\/cd\/?p=22735#article\",\"isPartOf\":{\"@id\":\"https:\/\/noticiasemdestaque.com\/cd\/?p=22735\"},\"author\":{\"name\":\"Not\u00edcias em Destaque\",\"@id\":\"https:\/\/noticiasemdestaque.com\/cd\/#\/schema\/person\/3e6ba396ff5664a69c392f09a8e1504c\"},\"headline\":\"Pacientes com c\u00e2ncer perdem gratuidade em \u00f4nibus intermunicipais na PB\",\"datePublished\":\"2020-02-07T16:07:32+00:00\",\"mainEntityOfPage\":{\"@id\":\"https:\/\/noticiasemdestaque.com\/cd\/?p=22735\"},\"wordCount\":247,\"publisher\":{\"@id\":\"https:\/\/noticiasemdestaque.com\/cd\/#organization\"},\"image\":{\"@id\":\"https:\/\/noticiasemdestaque.com\/cd\/?p=22735#primaryimage\"},\"thumbnailUrl\":\"https:\/\/noticiasemdestaque.com\/cd\/wp-content\/uploads\/2017\/08\/rodoviaria-300x200.jpg\",\"articleSection\":[\"Geral\"],\"inLanguage\":\"pt-BR\"},{\"@type\":\"WebPage\",\"@id\":\"https:\/\/noticiasemdestaque.com\/cd\/?p=22735\",\"url\":\"https:\/\/noticiasemdestaque.com\/cd\/?p=22735\",\"name\":\"Pacientes com c\u00e2ncer perdem gratuidade em \u00f4nibus intermunicipais na PB - Not&iacute;cias em Destaque\",\"isPartOf\":{\"@id\":\"https:\/\/noticiasemdestaque.com\/cd\/#website\"},\"primaryImageOfPage\":{\"@id\":\"https:\/\/noticiasemdestaque.com\/cd\/?p=22735#primaryimage\"},\"image\":{\"@id\":\"https:\/\/noticiasemdestaque.com\/cd\/?p=22735#primaryimage\"},\"thumbnailUrl\":\"https:\/\/noticiasemdestaque.com\/cd\/wp-content\/uploads\/2017\/08\/rodoviaria-300x200.jpg\",\"datePublished\":\"2020-02-07T16:07:32+00:00\",\"breadcrumb\":{\"@id\":\"https:\/\/noticiasemdestaque.com\/cd\/?p=22735#breadcrumb\"},\"inLanguage\":\"pt-BR\",\"potentialAction\":[{\"@type\":\"ReadAction\",\"target\":[\"https:\/\/noticiasemdestaque.com\/cd\/?p=22735\"]}]},{\"@type\":\"ImageObject\",\"inLanguage\":\"pt-BR\",\"@id\":\"https:\/\/noticiasemdestaque.com\/cd\/?p=22735#primaryimage\",\"url\":\"https:\/\/noticiasemdestaque.com\/cd\/wp-content\/uploads\/2017\/08\/rodoviaria-300x200.jpg\",\"contentUrl\":\"https:\/\/noticiasemdestaque.com\/cd\/wp-content\/uploads\/2017\/08\/rodoviaria-300x200.jpg\",\"width\":300,\"height\":200},{\"@type\":\"BreadcrumbList\",\"@id\":\"https:\/\/noticiasemdestaque.com\/cd\/?p=22735#breadcrumb\",\"itemListElement\":[{\"@type\":\"ListItem\",\"position\":1,\"name\":\"In\u00edcio\",\"item\":\"https:\/\/noticiasemdestaque.com\/cd\/\"},{\"@type\":\"ListItem\",\"position\":2,\"name\":\"Pacientes com c\u00e2ncer perdem gratuidade em \u00f4nibus intermunicipais na PB\"}]},{\"@type\":\"WebSite\",\"@id\":\"https:\/\/noticiasemdestaque.com\/cd\/#website\",\"url\":\"https:\/\/noticiasemdestaque.com\/cd\/\",\"name\":\"Not&iacute;cias em Destaque\",\"description\":\"\",\"publisher\":{\"@id\":\"https:\/\/noticiasemdestaque.com\/cd\/#organization\"},\"potentialAction\":[{\"@type\":\"SearchAction\",\"target\":{\"@type\":\"EntryPoint\",\"urlTemplate\":\"https:\/\/noticiasemdestaque.com\/cd\/?s={search_term_string}\"},\"query-input\":{\"@type\":\"PropertyValueSpecification\",\"valueRequired\":true,\"valueName\":\"search_term_string\"}}],\"inLanguage\":\"pt-BR\"},{\"@type\":\"Organization\",\"@id\":\"https:\/\/noticiasemdestaque.com\/cd\/#organization\",\"name\":\"Not\u00edcias em Destaque\",\"url\":\"https:\/\/noticiasemdestaque.com\/cd\/\",\"logo\":{\"@type\":\"ImageObject\",\"inLanguage\":\"pt-BR\",\"@id\":\"https:\/\/noticiasemdestaque.com\/cd\/#\/schema\/logo\/image\/\",\"url\":\"https:\/\/noticiasemdestaque.com\/cd\/wp-content\/uploads\/2022\/05\/imagem-base-noticiasemdestaque.png\",\"contentUrl\":\"https:\/\/noticiasemdestaque.com\/cd\/wp-content\/uploads\/2022\/05\/imagem-base-noticiasemdestaque.png\",\"width\":1200,\"height\":630,\"caption\":\"Not\u00edcias em Destaque\"},\"image\":{\"@id\":\"https:\/\/noticiasemdestaque.com\/cd\/#\/schema\/logo\/image\/\"}},{\"@type\":\"Person\",\"@id\":\"https:\/\/noticiasemdestaque.com\/cd\/#\/schema\/person\/3e6ba396ff5664a69c392f09a8e1504c\",\"name\":\"Not\u00edcias em Destaque\",\"url\":\"https:\/\/noticiasemdestaque.com\/cd\/?author=2\"}]}<\/script>\n<!-- \/ Yoast SEO plugin. -->","yoast_head_json":{"title":"Pacientes com c\u00e2ncer perdem gratuidade em \u00f4nibus intermunicipais na PB - Not&iacute;cias em Destaque","robots":{"index":"index","follow":"follow","max-snippet":"max-snippet:-1","max-image-preview":"max-image-preview:large","max-video-preview":"max-video-preview:-1"},"canonical":"https:\/\/noticiasemdestaque.com\/cd\/?p=22735","og_locale":"pt_BR","og_type":"article","og_title":"Pacientes com c\u00e2ncer perdem gratuidade em \u00f4nibus intermunicipais na PB - Not&iacute;cias em Destaque","og_description":"Uma decis\u00e3o do Supremo Tribunal Federal (STF) tornou inconstitucional a lei estadual 9.115\/10 que garantia gratuidade em \u00f4nibus intermunicipais dentro da Para\u00edba a pacientes com c\u00e2ncer e acompanhantes. As informa\u00e7\u00f5es foram repercutidas nesta sexta-feira (7), pela\u00a0TV Correio, a partir do v\u00eddeo da telespectadora Edlane Palmeira, que questionou o porqu\u00ea do benef\u00edcio n\u00e3o estar mais dispon\u00edvel nos guich\u00eas das empresas. A lei do \u2018Passe Livre\u2019, que valia desde 2010, dizia que o benef\u00edcio atendia um portador de c\u00e2ncer e at\u00e9 tr\u00eas acompanhantes, sendo um acompanhante por viagem; apenas para o servi\u00e7o regular convencional e ainda garantia que o transporte deveria ser sempre feito em acomoda\u00e7\u00e3o adequada. Em 2018, o Sindicato das Empresas de Transporte de Passageiros do Estado da Para\u00edba (Setrans-PB) acionou a Justi\u00e7a contra a medida. No STF, a lei foi declarada inconstitucional por \u201cv\u00edcio de iniciativa\u201d, ou seja, deveria ter sido criada por um Poder, mas foi elaborada por outro.\u00a0A lei foi criada em 2010 pelo ent\u00e3o deputado Quinto de Santa Rita e sancionada pelo governador da Para\u00edba na \u00e9poca, o atual senador Jos\u00e9 Maranh\u00e3o (MDB). A partir de agora, pacientes com c\u00e2ncer que precisem viajar dentro da Para\u00edba, junto com o acompanhante, dever\u00e3o pagar passagens normalmente, seja pre\u00e7o inteiro ou valor de estudante, a depender da condi\u00e7\u00e3o do passageiro. Fonte: Portal Correio","og_url":"https:\/\/noticiasemdestaque.com\/cd\/?p=22735","og_site_name":"Not&iacute;cias em Destaque","article_published_time":"2020-02-07T16:07:32+00:00","og_image":[{"width":300,"height":200,"url":"https:\/\/noticiasemdestaque.com\/cd\/wp-content\/uploads\/2017\/08\/rodoviaria-300x200.jpg","type":"image\/jpeg"}],"author":"Not\u00edcias em Destaque","twitter_card":"summary_large_image","twitter_misc":{"Escrito por":"Not\u00edcias em Destaque","Est. tempo de leitura":"1 minuto"},"schema":{"@context":"https:\/\/schema.org","@graph":[{"@type":"Article","@id":"https:\/\/noticiasemdestaque.com\/cd\/?p=22735#article","isPartOf":{"@id":"https:\/\/noticiasemdestaque.com\/cd\/?p=22735"},"author":{"name":"Not\u00edcias em Destaque","@id":"https:\/\/noticiasemdestaque.com\/cd\/#\/schema\/person\/3e6ba396ff5664a69c392f09a8e1504c"},"headline":"Pacientes com c\u00e2ncer perdem gratuidade em \u00f4nibus intermunicipais na PB","datePublished":"2020-02-07T16:07:32+00:00","mainEntityOfPage":{"@id":"https:\/\/noticiasemdestaque.com\/cd\/?p=22735"},"wordCount":247,"publisher":{"@id":"https:\/\/noticiasemdestaque.com\/cd\/#organization"},"image":{"@id":"https:\/\/noticiasemdestaque.com\/cd\/?p=22735#primaryimage"},"thumbnailUrl":"https:\/\/noticiasemdestaque.com\/cd\/wp-content\/uploads\/2017\/08\/rodoviaria-300x200.jpg","articleSection":["Geral"],"inLanguage":"pt-BR"},{"@type":"WebPage","@id":"https:\/\/noticiasemdestaque.com\/cd\/?p=22735","url":"https:\/\/noticiasemdestaque.com\/cd\/?p=22735","name":"Pacientes com c\u00e2ncer perdem gratuidade em \u00f4nibus intermunicipais na PB - Not&iacute;cias em Destaque","isPartOf":{"@id":"https:\/\/noticiasemdestaque.com\/cd\/#website"},"primaryImageOfPage":{"@id":"https:\/\/noticiasemdestaque.com\/cd\/?p=22735#primaryimage"},"image":{"@id":"https:\/\/noticiasemdestaque.com\/cd\/?p=22735#primaryimage"},"thumbnailUrl":"https:\/\/noticiasemdestaque.com\/cd\/wp-content\/uploads\/2017\/08\/rodoviaria-300x200.jpg","datePublished":"2020-02-07T16:07:32+00:00","breadcrumb":{"@id":"https:\/\/noticiasemdestaque.com\/cd\/?p=22735#breadcrumb"},"inLanguage":"pt-BR","potentialAction":[{"@type":"ReadAction","target":["https:\/\/noticiasemdestaque.com\/cd\/?p=22735"]}]},{"@type":"ImageObject","inLanguage":"pt-BR","@id":"https:\/\/noticiasemdestaque.com\/cd\/?p=22735#primaryimage","url":"https:\/\/noticiasemdestaque.com\/cd\/wp-content\/uploads\/2017\/08\/rodoviaria-300x200.jpg","contentUrl":"https:\/\/noticiasemdestaque.com\/cd\/wp-content\/uploads\/2017\/08\/rodoviaria-300x200.jpg","width":300,"height":200},{"@type":"BreadcrumbList","@id":"https:\/\/noticiasemdestaque.com\/cd\/?p=22735#breadcrumb","itemListElement":[{"@type":"ListItem","position":1,"name":"In\u00edcio","item":"https:\/\/noticiasemdestaque.com\/cd\/"},{"@type":"ListItem","position":2,"name":"Pacientes com c\u00e2ncer perdem gratuidade em \u00f4nibus intermunicipais na PB"}]},{"@type":"WebSite","@id":"https:\/\/noticiasemdestaque.com\/cd\/#website","url":"https:\/\/noticiasemdestaque.com\/cd\/","name":"Not&iacute;cias em Destaque","description":"","publisher":{"@id":"https:\/\/noticiasemdestaque.com\/cd\/#organization"},"potentialAction":[{"@type":"SearchAction","target":{"@type":"EntryPoint","urlTemplate":"https:\/\/noticiasemdestaque.com\/cd\/?s={search_term_string}"},"query-input":{"@type":"PropertyValueSpecification","valueRequired":true,"valueName":"search_term_string"}}],"inLanguage":"pt-BR"},{"@type":"Organization","@id":"https:\/\/noticiasemdestaque.com\/cd\/#organization","name":"Not\u00edcias em Destaque","url":"https:\/\/noticiasemdestaque.com\/cd\/","logo":{"@type":"ImageObject","inLanguage":"pt-BR","@id":"https:\/\/noticiasemdestaque.com\/cd\/#\/schema\/logo\/image\/","url":"https:\/\/noticiasemdestaque.com\/cd\/wp-content\/uploads\/2022\/05\/imagem-base-noticiasemdestaque.png","contentUrl":"https:\/\/noticiasemdestaque.com\/cd\/wp-content\/uploads\/2022\/05\/imagem-base-noticiasemdestaque.png","width":1200,"height":630,"caption":"Not\u00edcias em Destaque"},"image":{"@id":"https:\/\/noticiasemdestaque.com\/cd\/#\/schema\/logo\/image\/"}},{"@type":"Person","@id":"https:\/\/noticiasemdestaque.com\/cd\/#\/schema\/person\/3e6ba396ff5664a69c392f09a8e1504c","name":"Not\u00edcias em Destaque","url":"https:\/\/noticiasemdestaque.com\/cd\/?author=2"}]}},"jetpack_featured_media_url":"https:\/\/noticiasemdestaque.com\/cd\/wp-content\/uploads\/2017\/08\/rodoviaria-300x200.jpg","jetpack_sharing_enabled":true,"_links":{"self":[{"href":"https:\/\/noticiasemdestaque.com\/cd\/index.php?rest_route=\/wp\/v2\/posts\/22735","targetHints":{"allow":["GET"]}}],"collection":[{"href":"https:\/\/noticiasemdestaque.com\/cd\/index.php?rest_route=\/wp\/v2\/posts"}],"about":[{"href":"https:\/\/noticiasemdestaque.com\/cd\/index.php?rest_route=\/wp\/v2\/types\/post"}],"author":[{"embeddable":true,"href":"https:\/\/noticiasemdestaque.com\/cd\/index.php?rest_route=\/wp\/v2\/users\/2"}],"replies":[{"embeddable":true,"href":"https:\/\/noticiasemdestaque.com\/cd\/index.php?rest_route=%2Fwp%2Fv2%2Fcomments&post=22735"}],"version-history":[{"count":1,"href":"https:\/\/noticiasemdestaque.com\/cd\/index.php?rest_route=\/wp\/v2\/posts\/22735\/revisions"}],"predecessor-version":[{"id":22736,"href":"https:\/\/noticiasemdestaque.com\/cd\/index.php?rest_route=\/wp\/v2\/posts\/22735\/revisions\/22736"}],"wp:featuredmedia":[{"embeddable":true,"href":"https:\/\/noticiasemdestaque.com\/cd\/index.php?rest_route=\/wp\/v2\/media\/2867"}],"wp:attachment":[{"href":"https:\/\/noticiasemdestaque.com\/cd\/index.php?rest_route=%2Fwp%2Fv2%2Fmedia&parent=22735"}],"wp:term":[{"taxonomy":"category","embeddable":true,"href":"https:\/\/noticiasemdestaque.com\/cd\/index.php?rest_route=%2Fwp%2Fv2%2Fcategories&post=22735"},{"taxonomy":"post_tag","embeddable":true,"href":"https:\/\/noticiasemdestaque.com\/cd\/index.php?rest_route=%2Fwp%2Fv2%2Ftags&post=22735"}],"curies":[{"name":"wp","href":"https:\/\/api.w.org\/{rel}","templated":true}]}}