{"id":22728,"date":"2020-02-07T11:50:34","date_gmt":"2020-02-07T14:50:34","guid":{"rendered":"http:\/\/noticiasemdestaque.com\/cd\/?p=22728"},"modified":"2020-02-07T12:08:58","modified_gmt":"2020-02-07T15:08:58","slug":"jornada-pedagogica-prepara-profissionais-da-educacao-para-o-inicio-do-ano-letivo","status":"publish","type":"post","link":"https:\/\/noticiasemdestaque.com\/cd\/?p=22728","title":{"rendered":"Jornada Pedag\u00f3gica prepara profissionais da Educa\u00e7\u00e3o para o in\u00edcio do ano letivo"},"content":{"rendered":"<p><a href=\"https:\/\/noticiasemdestaque.com\/cd\/wp-content\/uploads\/2020\/02\/IMG_1024.jpg\"><img fetchpriority=\"high\" decoding=\"async\" class=\"wp-image-22731 aligncenter\" src=\"https:\/\/noticiasemdestaque.com\/cd\/wp-content\/uploads\/2020\/02\/IMG_1024-1024x683.jpg\" alt=\"\" width=\"493\" height=\"329\" srcset=\"https:\/\/noticiasemdestaque.com\/cd\/wp-content\/uploads\/2020\/02\/IMG_1024-1024x683.jpg 1024w, https:\/\/noticiasemdestaque.com\/cd\/wp-content\/uploads\/2020\/02\/IMG_1024-300x200.jpg 300w, https:\/\/noticiasemdestaque.com\/cd\/wp-content\/uploads\/2020\/02\/IMG_1024-768x512.jpg 768w, https:\/\/noticiasemdestaque.com\/cd\/wp-content\/uploads\/2020\/02\/IMG_1024-480x320.jpg 480w\" sizes=\"(max-width: 493px) 100vw, 493px\" \/><\/a><\/p>\n<p>A Secretaria de Educa\u00e7\u00e3o de Sum\u00e9 promoveu esta semana a Jornada Pedag\u00f3gica 2020. A abertura aconteceu na quarta-feira (05), na quadra da Escola Z\u00e9lia Braz.<\/p>\n<p>Estiveram presentes no primeiro encontro, professores, diretores, servidores e demais profissionais da Educa\u00e7\u00e3o.<\/p>\n<p>Tamb\u00e9m participou da abertura, o prefeito \u00c9den Duarte, o secret\u00e1rio da Educa\u00e7\u00e3o Odilon Ara\u00fajo, as secretarias Alessandra Regina (Sa\u00fade), Tanniery L\u00eala (Assist\u00eancia Social) e o vereador Nilson representando o Poder Legislativo.<\/p>\n<p><a href=\"https:\/\/noticiasemdestaque.com\/cd\/wp-content\/uploads\/2020\/02\/IMG_1066.jpg\"><img decoding=\"async\" class=\"wp-image-22730 alignright\" src=\"https:\/\/noticiasemdestaque.com\/cd\/wp-content\/uploads\/2020\/02\/IMG_1066-1024x683.jpg\" alt=\"\" width=\"378\" height=\"252\" srcset=\"https:\/\/noticiasemdestaque.com\/cd\/wp-content\/uploads\/2020\/02\/IMG_1066-1024x683.jpg 1024w, https:\/\/noticiasemdestaque.com\/cd\/wp-content\/uploads\/2020\/02\/IMG_1066-300x200.jpg 300w, https:\/\/noticiasemdestaque.com\/cd\/wp-content\/uploads\/2020\/02\/IMG_1066-768x512.jpg 768w, https:\/\/noticiasemdestaque.com\/cd\/wp-content\/uploads\/2020\/02\/IMG_1066-480x320.jpg 480w\" sizes=\"(max-width: 378px) 100vw, 378px\" \/><\/a>Em sua fala, o prefeito \u00c9den Duarte parabenizou os profissionais pela dedica\u00e7\u00e3o e destacou que a gest\u00e3o municipal tem se empenhado para garantir todas as condi\u00e7\u00f5es para o desenvolvimento da Educa\u00e7\u00e3o sumeense. \u201c\u00c9 importante ressaltar nossas conquistas, sa\u00edmos de 163 alunos em creches para 600 matriculados em 2020, inauguramos a creche Anita Garibaldi, reformamos a creche Rita Cipriano e demos condi\u00e7\u00f5es para os alunos e profissionais\u201d, disse o prefeito.<\/p>\n<p>\u00c9den tamb\u00e9m destacou os investimentos na Escola Maria Leite Rafael e a implanta\u00e7\u00e3o do ensino integral no munic\u00edpio. \u201c\u00c9 um projeto inovador e desafiador, tivemos que criar uma metodologia para ofertar esse ensino aos alunos da zona urbana e zona rural\u201d, disse.<\/p>\n<p>O prefeito ressaltou ainda a constru\u00e7\u00e3o de uma nova unidade escolar que ser\u00e1 viabilizada a partir de recursos destinados pelo deputado federal Wellington Roberto ao Governo do Estado da Para\u00edba, representando uma parceria entre o Estado e a Prefeitura do munic\u00edpio num investimento de R$ 4 milh\u00f5es, deste total, R$ 750 mil j\u00e1 est\u00e3o creditados na conta do Governo.<\/p>\n<p>O secret\u00e1rio Odilon Ara\u00fajo informou que a Jornada \u00e9 um momento de acolhida, aprendizado e motiva\u00e7\u00e3o dirigido aos profissionais do quadro educacional do munic\u00edpio como prepara\u00e7\u00e3o para o ano letivo.<\/p>\n<p>Ap\u00f3s a abertura oficial, aconteceram duas palestras para os participantes, a primeira com o mestre Josivan Soares, que tratou sobre as \u201cmetodologias ativas no cotidiano escolar: (re) constru\u00e7\u00e3o de uma educa\u00e7\u00e3o exponencial\u201d. A segunda foi proferida pelo doutor Faustino Teatino, professor da Universidade Federal de Campina Grande, que discutiu com os presentes o tema: \u201cRela\u00e7\u00f5es \u00c9tnicas Raciais: O di\u00e1logo do curriculum e o potencial pedag\u00f3gico\u201d.<\/p>\n<p>O in\u00edcio das aulas do ano letivo 2020 acontece na pr\u00f3xima segunda-feira (10).<\/p>\n<p>Ascom PMS<\/p>\n","protected":false},"excerpt":{"rendered":"<p>A Secretaria de Educa\u00e7\u00e3o de Sum\u00e9 promoveu esta semana a Jornada Pedag\u00f3gica 2020. A abertura aconteceu na quarta-feira (05), na quadra da Escola Z\u00e9lia Braz. Estiveram presentes no primeiro encontro, professores, diretores, servidores e demais profissionais da Educa\u00e7\u00e3o. Tamb\u00e9m participou da abertura, o prefeito \u00c9den Duarte, o secret\u00e1rio da Educa\u00e7\u00e3o Odilon Ara\u00fajo, as secretarias Alessandra Regina (Sa\u00fade), Tanniery L\u00eala (Assist\u00eancia Social) e o vereador Nilson representando o Poder Legislativo. Em sua fala, o prefeito \u00c9den Duarte parabenizou os profissionais pela dedica\u00e7\u00e3o e destacou que a gest\u00e3o municipal tem se empenhado para garantir todas as condi\u00e7\u00f5es para o desenvolvimento da Educa\u00e7\u00e3o sumeense. \u201c\u00c9 importante ressaltar nossas conquistas, sa\u00edmos de 163 alunos em creches para 600 matriculados em 2020, inauguramos a creche Anita Garibaldi, reformamos a creche Rita Cipriano e demos condi\u00e7\u00f5es para os alunos e profissionais\u201d, disse o prefeito. \u00c9den tamb\u00e9m destacou os investimentos na Escola Maria Leite Rafael e a implanta\u00e7\u00e3o do ensino integral no munic\u00edpio. \u201c\u00c9 um projeto inovador e desafiador, tivemos que criar uma metodologia para ofertar esse ensino aos alunos da zona urbana e zona rural\u201d, disse. O prefeito ressaltou ainda a constru\u00e7\u00e3o de uma nova unidade escolar que ser\u00e1 viabilizada a partir de recursos destinados pelo deputado federal Wellington Roberto ao Governo do Estado da Para\u00edba, representando uma parceria entre o Estado e a Prefeitura do munic\u00edpio num investimento de R$ 4 milh\u00f5es, deste total, R$ 750 mil j\u00e1 est\u00e3o creditados na conta do Governo. O secret\u00e1rio Odilon Ara\u00fajo informou que a Jornada \u00e9 um momento de acolhida, aprendizado e motiva\u00e7\u00e3o dirigido aos profissionais do quadro educacional do munic\u00edpio como prepara\u00e7\u00e3o para o ano letivo. Ap\u00f3s a abertura oficial, aconteceram duas palestras para os participantes, a primeira com o mestre Josivan Soares, que tratou sobre as \u201cmetodologias ativas no cotidiano escolar: (re) constru\u00e7\u00e3o de uma educa\u00e7\u00e3o exponencial\u201d. A segunda foi proferida pelo doutor Faustino Teatino, professor da Universidade Federal de Campina Grande, que discutiu com os presentes o tema: \u201cRela\u00e7\u00f5es \u00c9tnicas Raciais: O di\u00e1logo do curriculum e o potencial pedag\u00f3gico\u201d. O in\u00edcio das aulas do ano letivo 2020 acontece na pr\u00f3xima segunda-feira (10). Ascom PMS<\/p>\n","protected":false},"author":2,"featured_media":22731,"comment_status":"closed","ping_status":"open","sticky":false,"template":"","format":"standard","meta":{"_eb_attr":"","_jetpack_memberships_contains_paid_content":false,"footnotes":""},"categories":[6],"tags":[],"class_list":["post-22728","post","type-post","status-publish","format-standard","has-post-thumbnail","hentry","category-educacao"],"yoast_head":"<!-- This site is optimized with the Yoast SEO plugin v26.5 - https:\/\/yoast.com\/wordpress\/plugins\/seo\/ -->\n<title>Jornada Pedag\u00f3gica prepara profissionais da Educa\u00e7\u00e3o para o in\u00edcio do ano letivo - Not&iacute;cias em Destaque<\/title>\n<meta name=\"robots\" content=\"index, follow, max-snippet:-1, max-image-preview:large, max-video-preview:-1\" \/>\n<link rel=\"canonical\" href=\"https:\/\/noticiasemdestaque.com\/cd\/?p=22728\" \/>\n<meta property=\"og:locale\" content=\"pt_BR\" \/>\n<meta property=\"og:type\" content=\"article\" \/>\n<meta property=\"og:title\" content=\"Jornada Pedag\u00f3gica prepara profissionais da Educa\u00e7\u00e3o para o in\u00edcio do ano letivo - Not&iacute;cias em Destaque\" \/>\n<meta property=\"og:description\" content=\"A Secretaria de Educa\u00e7\u00e3o de Sum\u00e9 promoveu esta semana a Jornada Pedag\u00f3gica 2020. A abertura aconteceu na quarta-feira (05), na quadra da Escola Z\u00e9lia Braz. Estiveram presentes no primeiro encontro, professores, diretores, servidores e demais profissionais da Educa\u00e7\u00e3o. Tamb\u00e9m participou da abertura, o prefeito \u00c9den Duarte, o secret\u00e1rio da Educa\u00e7\u00e3o Odilon Ara\u00fajo, as secretarias Alessandra Regina (Sa\u00fade), Tanniery L\u00eala (Assist\u00eancia Social) e o vereador Nilson representando o Poder Legislativo. Em sua fala, o prefeito \u00c9den Duarte parabenizou os profissionais pela dedica\u00e7\u00e3o e destacou que a gest\u00e3o municipal tem se empenhado para garantir todas as condi\u00e7\u00f5es para o desenvolvimento da Educa\u00e7\u00e3o sumeense. \u201c\u00c9 importante ressaltar nossas conquistas, sa\u00edmos de 163 alunos em creches para 600 matriculados em 2020, inauguramos a creche Anita Garibaldi, reformamos a creche Rita Cipriano e demos condi\u00e7\u00f5es para os alunos e profissionais\u201d, disse o prefeito. \u00c9den tamb\u00e9m destacou os investimentos na Escola Maria Leite Rafael e a implanta\u00e7\u00e3o do ensino integral no munic\u00edpio. \u201c\u00c9 um projeto inovador e desafiador, tivemos que criar uma metodologia para ofertar esse ensino aos alunos da zona urbana e zona rural\u201d, disse. O prefeito ressaltou ainda a constru\u00e7\u00e3o de uma nova unidade escolar que ser\u00e1 viabilizada a partir de recursos destinados pelo deputado federal Wellington Roberto ao Governo do Estado da Para\u00edba, representando uma parceria entre o Estado e a Prefeitura do munic\u00edpio num investimento de R$ 4 milh\u00f5es, deste total, R$ 750 mil j\u00e1 est\u00e3o creditados na conta do Governo. O secret\u00e1rio Odilon Ara\u00fajo informou que a Jornada \u00e9 um momento de acolhida, aprendizado e motiva\u00e7\u00e3o dirigido aos profissionais do quadro educacional do munic\u00edpio como prepara\u00e7\u00e3o para o ano letivo. Ap\u00f3s a abertura oficial, aconteceram duas palestras para os participantes, a primeira com o mestre Josivan Soares, que tratou sobre as \u201cmetodologias ativas no cotidiano escolar: (re) constru\u00e7\u00e3o de uma educa\u00e7\u00e3o exponencial\u201d. A segunda foi proferida pelo doutor Faustino Teatino, professor da Universidade Federal de Campina Grande, que discutiu com os presentes o tema: \u201cRela\u00e7\u00f5es \u00c9tnicas Raciais: O di\u00e1logo do curriculum e o potencial pedag\u00f3gico\u201d. O in\u00edcio das aulas do ano letivo 2020 acontece na pr\u00f3xima segunda-feira (10). Ascom PMS\" \/>\n<meta property=\"og:url\" content=\"https:\/\/noticiasemdestaque.com\/cd\/?p=22728\" \/>\n<meta property=\"og:site_name\" content=\"Not&iacute;cias em Destaque\" \/>\n<meta property=\"article:published_time\" content=\"2020-02-07T14:50:34+00:00\" \/>\n<meta property=\"article:modified_time\" content=\"2020-02-07T15:08:58+00:00\" \/>\n<meta property=\"og:image\" content=\"https:\/\/noticiasemdestaque.com\/cd\/wp-content\/uploads\/2020\/02\/IMG_1024-1024x683.jpg\" \/>\n\t<meta property=\"og:image:width\" content=\"1024\" \/>\n\t<meta property=\"og:image:height\" content=\"683\" \/>\n\t<meta property=\"og:image:type\" content=\"image\/jpeg\" \/>\n<meta name=\"author\" content=\"Not\u00edcias em Destaque\" \/>\n<meta name=\"twitter:card\" content=\"summary_large_image\" \/>\n<meta name=\"twitter:label1\" content=\"Escrito por\" \/>\n\t<meta name=\"twitter:data1\" content=\"Not\u00edcias em Destaque\" \/>\n\t<meta name=\"twitter:label2\" content=\"Est. tempo de leitura\" \/>\n\t<meta name=\"twitter:data2\" content=\"2 minutos\" \/>\n<script type=\"application\/ld+json\" class=\"yoast-schema-graph\">{\"@context\":\"https:\/\/schema.org\",\"@graph\":[{\"@type\":\"Article\",\"@id\":\"https:\/\/noticiasemdestaque.com\/cd\/?p=22728#article\",\"isPartOf\":{\"@id\":\"https:\/\/noticiasemdestaque.com\/cd\/?p=22728\"},\"author\":{\"name\":\"Not\u00edcias em Destaque\",\"@id\":\"https:\/\/noticiasemdestaque.com\/cd\/#\/schema\/person\/3e6ba396ff5664a69c392f09a8e1504c\"},\"headline\":\"Jornada Pedag\u00f3gica prepara profissionais da Educa\u00e7\u00e3o para o in\u00edcio do ano letivo\",\"datePublished\":\"2020-02-07T14:50:34+00:00\",\"dateModified\":\"2020-02-07T15:08:58+00:00\",\"mainEntityOfPage\":{\"@id\":\"https:\/\/noticiasemdestaque.com\/cd\/?p=22728\"},\"wordCount\":390,\"publisher\":{\"@id\":\"https:\/\/noticiasemdestaque.com\/cd\/#organization\"},\"image\":{\"@id\":\"https:\/\/noticiasemdestaque.com\/cd\/?p=22728#primaryimage\"},\"thumbnailUrl\":\"https:\/\/noticiasemdestaque.com\/cd\/wp-content\/uploads\/2020\/02\/IMG_1024.jpg\",\"articleSection\":[\"Educa\u00e7\u00e3o\"],\"inLanguage\":\"pt-BR\"},{\"@type\":\"WebPage\",\"@id\":\"https:\/\/noticiasemdestaque.com\/cd\/?p=22728\",\"url\":\"https:\/\/noticiasemdestaque.com\/cd\/?p=22728\",\"name\":\"Jornada Pedag\u00f3gica prepara profissionais da Educa\u00e7\u00e3o para o in\u00edcio do ano letivo - Not&iacute;cias em Destaque\",\"isPartOf\":{\"@id\":\"https:\/\/noticiasemdestaque.com\/cd\/#website\"},\"primaryImageOfPage\":{\"@id\":\"https:\/\/noticiasemdestaque.com\/cd\/?p=22728#primaryimage\"},\"image\":{\"@id\":\"https:\/\/noticiasemdestaque.com\/cd\/?p=22728#primaryimage\"},\"thumbnailUrl\":\"https:\/\/noticiasemdestaque.com\/cd\/wp-content\/uploads\/2020\/02\/IMG_1024.jpg\",\"datePublished\":\"2020-02-07T14:50:34+00:00\",\"dateModified\":\"2020-02-07T15:08:58+00:00\",\"breadcrumb\":{\"@id\":\"https:\/\/noticiasemdestaque.com\/cd\/?p=22728#breadcrumb\"},\"inLanguage\":\"pt-BR\",\"potentialAction\":[{\"@type\":\"ReadAction\",\"target\":[\"https:\/\/noticiasemdestaque.com\/cd\/?p=22728\"]}]},{\"@type\":\"ImageObject\",\"inLanguage\":\"pt-BR\",\"@id\":\"https:\/\/noticiasemdestaque.com\/cd\/?p=22728#primaryimage\",\"url\":\"https:\/\/noticiasemdestaque.com\/cd\/wp-content\/uploads\/2020\/02\/IMG_1024.jpg\",\"contentUrl\":\"https:\/\/noticiasemdestaque.com\/cd\/wp-content\/uploads\/2020\/02\/IMG_1024.jpg\",\"width\":5184,\"height\":3456},{\"@type\":\"BreadcrumbList\",\"@id\":\"https:\/\/noticiasemdestaque.com\/cd\/?p=22728#breadcrumb\",\"itemListElement\":[{\"@type\":\"ListItem\",\"position\":1,\"name\":\"In\u00edcio\",\"item\":\"https:\/\/noticiasemdestaque.com\/cd\/\"},{\"@type\":\"ListItem\",\"position\":2,\"name\":\"Jornada Pedag\u00f3gica prepara profissionais da Educa\u00e7\u00e3o para o in\u00edcio do ano letivo\"}]},{\"@type\":\"WebSite\",\"@id\":\"https:\/\/noticiasemdestaque.com\/cd\/#website\",\"url\":\"https:\/\/noticiasemdestaque.com\/cd\/\",\"name\":\"Not&iacute;cias em Destaque\",\"description\":\"\",\"publisher\":{\"@id\":\"https:\/\/noticiasemdestaque.com\/cd\/#organization\"},\"potentialAction\":[{\"@type\":\"SearchAction\",\"target\":{\"@type\":\"EntryPoint\",\"urlTemplate\":\"https:\/\/noticiasemdestaque.com\/cd\/?s={search_term_string}\"},\"query-input\":{\"@type\":\"PropertyValueSpecification\",\"valueRequired\":true,\"valueName\":\"search_term_string\"}}],\"inLanguage\":\"pt-BR\"},{\"@type\":\"Organization\",\"@id\":\"https:\/\/noticiasemdestaque.com\/cd\/#organization\",\"name\":\"Not\u00edcias em Destaque\",\"url\":\"https:\/\/noticiasemdestaque.com\/cd\/\",\"logo\":{\"@type\":\"ImageObject\",\"inLanguage\":\"pt-BR\",\"@id\":\"https:\/\/noticiasemdestaque.com\/cd\/#\/schema\/logo\/image\/\",\"url\":\"https:\/\/noticiasemdestaque.com\/cd\/wp-content\/uploads\/2022\/05\/imagem-base-noticiasemdestaque.png\",\"contentUrl\":\"https:\/\/noticiasemdestaque.com\/cd\/wp-content\/uploads\/2022\/05\/imagem-base-noticiasemdestaque.png\",\"width\":1200,\"height\":630,\"caption\":\"Not\u00edcias em Destaque\"},\"image\":{\"@id\":\"https:\/\/noticiasemdestaque.com\/cd\/#\/schema\/logo\/image\/\"}},{\"@type\":\"Person\",\"@id\":\"https:\/\/noticiasemdestaque.com\/cd\/#\/schema\/person\/3e6ba396ff5664a69c392f09a8e1504c\",\"name\":\"Not\u00edcias em Destaque\",\"url\":\"https:\/\/noticiasemdestaque.com\/cd\/?author=2\"}]}<\/script>\n<!-- \/ Yoast SEO plugin. -->","yoast_head_json":{"title":"Jornada Pedag\u00f3gica prepara profissionais da Educa\u00e7\u00e3o para o in\u00edcio do ano letivo - Not&iacute;cias em Destaque","robots":{"index":"index","follow":"follow","max-snippet":"max-snippet:-1","max-image-preview":"max-image-preview:large","max-video-preview":"max-video-preview:-1"},"canonical":"https:\/\/noticiasemdestaque.com\/cd\/?p=22728","og_locale":"pt_BR","og_type":"article","og_title":"Jornada Pedag\u00f3gica prepara profissionais da Educa\u00e7\u00e3o para o in\u00edcio do ano letivo - Not&iacute;cias em Destaque","og_description":"A Secretaria de Educa\u00e7\u00e3o de Sum\u00e9 promoveu esta semana a Jornada Pedag\u00f3gica 2020. A abertura aconteceu na quarta-feira (05), na quadra da Escola Z\u00e9lia Braz. Estiveram presentes no primeiro encontro, professores, diretores, servidores e demais profissionais da Educa\u00e7\u00e3o. Tamb\u00e9m participou da abertura, o prefeito \u00c9den Duarte, o secret\u00e1rio da Educa\u00e7\u00e3o Odilon Ara\u00fajo, as secretarias Alessandra Regina (Sa\u00fade), Tanniery L\u00eala (Assist\u00eancia Social) e o vereador Nilson representando o Poder Legislativo. Em sua fala, o prefeito \u00c9den Duarte parabenizou os profissionais pela dedica\u00e7\u00e3o e destacou que a gest\u00e3o municipal tem se empenhado para garantir todas as condi\u00e7\u00f5es para o desenvolvimento da Educa\u00e7\u00e3o sumeense. \u201c\u00c9 importante ressaltar nossas conquistas, sa\u00edmos de 163 alunos em creches para 600 matriculados em 2020, inauguramos a creche Anita Garibaldi, reformamos a creche Rita Cipriano e demos condi\u00e7\u00f5es para os alunos e profissionais\u201d, disse o prefeito. \u00c9den tamb\u00e9m destacou os investimentos na Escola Maria Leite Rafael e a implanta\u00e7\u00e3o do ensino integral no munic\u00edpio. \u201c\u00c9 um projeto inovador e desafiador, tivemos que criar uma metodologia para ofertar esse ensino aos alunos da zona urbana e zona rural\u201d, disse. O prefeito ressaltou ainda a constru\u00e7\u00e3o de uma nova unidade escolar que ser\u00e1 viabilizada a partir de recursos destinados pelo deputado federal Wellington Roberto ao Governo do Estado da Para\u00edba, representando uma parceria entre o Estado e a Prefeitura do munic\u00edpio num investimento de R$ 4 milh\u00f5es, deste total, R$ 750 mil j\u00e1 est\u00e3o creditados na conta do Governo. O secret\u00e1rio Odilon Ara\u00fajo informou que a Jornada \u00e9 um momento de acolhida, aprendizado e motiva\u00e7\u00e3o dirigido aos profissionais do quadro educacional do munic\u00edpio como prepara\u00e7\u00e3o para o ano letivo. Ap\u00f3s a abertura oficial, aconteceram duas palestras para os participantes, a primeira com o mestre Josivan Soares, que tratou sobre as \u201cmetodologias ativas no cotidiano escolar: (re) constru\u00e7\u00e3o de uma educa\u00e7\u00e3o exponencial\u201d. A segunda foi proferida pelo doutor Faustino Teatino, professor da Universidade Federal de Campina Grande, que discutiu com os presentes o tema: \u201cRela\u00e7\u00f5es \u00c9tnicas Raciais: O di\u00e1logo do curriculum e o potencial pedag\u00f3gico\u201d. O in\u00edcio das aulas do ano letivo 2020 acontece na pr\u00f3xima segunda-feira (10). Ascom PMS","og_url":"https:\/\/noticiasemdestaque.com\/cd\/?p=22728","og_site_name":"Not&iacute;cias em Destaque","article_published_time":"2020-02-07T14:50:34+00:00","article_modified_time":"2020-02-07T15:08:58+00:00","og_image":[{"width":1024,"height":683,"url":"https:\/\/noticiasemdestaque.com\/cd\/wp-content\/uploads\/2020\/02\/IMG_1024-1024x683.jpg","type":"image\/jpeg"}],"author":"Not\u00edcias em Destaque","twitter_card":"summary_large_image","twitter_misc":{"Escrito por":"Not\u00edcias em Destaque","Est. tempo de leitura":"2 minutos"},"schema":{"@context":"https:\/\/schema.org","@graph":[{"@type":"Article","@id":"https:\/\/noticiasemdestaque.com\/cd\/?p=22728#article","isPartOf":{"@id":"https:\/\/noticiasemdestaque.com\/cd\/?p=22728"},"author":{"name":"Not\u00edcias em Destaque","@id":"https:\/\/noticiasemdestaque.com\/cd\/#\/schema\/person\/3e6ba396ff5664a69c392f09a8e1504c"},"headline":"Jornada Pedag\u00f3gica prepara profissionais da Educa\u00e7\u00e3o para o in\u00edcio do ano letivo","datePublished":"2020-02-07T14:50:34+00:00","dateModified":"2020-02-07T15:08:58+00:00","mainEntityOfPage":{"@id":"https:\/\/noticiasemdestaque.com\/cd\/?p=22728"},"wordCount":390,"publisher":{"@id":"https:\/\/noticiasemdestaque.com\/cd\/#organization"},"image":{"@id":"https:\/\/noticiasemdestaque.com\/cd\/?p=22728#primaryimage"},"thumbnailUrl":"https:\/\/noticiasemdestaque.com\/cd\/wp-content\/uploads\/2020\/02\/IMG_1024.jpg","articleSection":["Educa\u00e7\u00e3o"],"inLanguage":"pt-BR"},{"@type":"WebPage","@id":"https:\/\/noticiasemdestaque.com\/cd\/?p=22728","url":"https:\/\/noticiasemdestaque.com\/cd\/?p=22728","name":"Jornada Pedag\u00f3gica prepara profissionais da Educa\u00e7\u00e3o para o in\u00edcio do ano letivo - Not&iacute;cias em Destaque","isPartOf":{"@id":"https:\/\/noticiasemdestaque.com\/cd\/#website"},"primaryImageOfPage":{"@id":"https:\/\/noticiasemdestaque.com\/cd\/?p=22728#primaryimage"},"image":{"@id":"https:\/\/noticiasemdestaque.com\/cd\/?p=22728#primaryimage"},"thumbnailUrl":"https:\/\/noticiasemdestaque.com\/cd\/wp-content\/uploads\/2020\/02\/IMG_1024.jpg","datePublished":"2020-02-07T14:50:34+00:00","dateModified":"2020-02-07T15:08:58+00:00","breadcrumb":{"@id":"https:\/\/noticiasemdestaque.com\/cd\/?p=22728#breadcrumb"},"inLanguage":"pt-BR","potentialAction":[{"@type":"ReadAction","target":["https:\/\/noticiasemdestaque.com\/cd\/?p=22728"]}]},{"@type":"ImageObject","inLanguage":"pt-BR","@id":"https:\/\/noticiasemdestaque.com\/cd\/?p=22728#primaryimage","url":"https:\/\/noticiasemdestaque.com\/cd\/wp-content\/uploads\/2020\/02\/IMG_1024.jpg","contentUrl":"https:\/\/noticiasemdestaque.com\/cd\/wp-content\/uploads\/2020\/02\/IMG_1024.jpg","width":5184,"height":3456},{"@type":"BreadcrumbList","@id":"https:\/\/noticiasemdestaque.com\/cd\/?p=22728#breadcrumb","itemListElement":[{"@type":"ListItem","position":1,"name":"In\u00edcio","item":"https:\/\/noticiasemdestaque.com\/cd\/"},{"@type":"ListItem","position":2,"name":"Jornada Pedag\u00f3gica prepara profissionais da Educa\u00e7\u00e3o para o in\u00edcio do ano letivo"}]},{"@type":"WebSite","@id":"https:\/\/noticiasemdestaque.com\/cd\/#website","url":"https:\/\/noticiasemdestaque.com\/cd\/","name":"Not&iacute;cias em Destaque","description":"","publisher":{"@id":"https:\/\/noticiasemdestaque.com\/cd\/#organization"},"potentialAction":[{"@type":"SearchAction","target":{"@type":"EntryPoint","urlTemplate":"https:\/\/noticiasemdestaque.com\/cd\/?s={search_term_string}"},"query-input":{"@type":"PropertyValueSpecification","valueRequired":true,"valueName":"search_term_string"}}],"inLanguage":"pt-BR"},{"@type":"Organization","@id":"https:\/\/noticiasemdestaque.com\/cd\/#organization","name":"Not\u00edcias em Destaque","url":"https:\/\/noticiasemdestaque.com\/cd\/","logo":{"@type":"ImageObject","inLanguage":"pt-BR","@id":"https:\/\/noticiasemdestaque.com\/cd\/#\/schema\/logo\/image\/","url":"https:\/\/noticiasemdestaque.com\/cd\/wp-content\/uploads\/2022\/05\/imagem-base-noticiasemdestaque.png","contentUrl":"https:\/\/noticiasemdestaque.com\/cd\/wp-content\/uploads\/2022\/05\/imagem-base-noticiasemdestaque.png","width":1200,"height":630,"caption":"Not\u00edcias em Destaque"},"image":{"@id":"https:\/\/noticiasemdestaque.com\/cd\/#\/schema\/logo\/image\/"}},{"@type":"Person","@id":"https:\/\/noticiasemdestaque.com\/cd\/#\/schema\/person\/3e6ba396ff5664a69c392f09a8e1504c","name":"Not\u00edcias em Destaque","url":"https:\/\/noticiasemdestaque.com\/cd\/?author=2"}]}},"jetpack_featured_media_url":"https:\/\/noticiasemdestaque.com\/cd\/wp-content\/uploads\/2020\/02\/IMG_1024.jpg","jetpack_sharing_enabled":true,"_links":{"self":[{"href":"https:\/\/noticiasemdestaque.com\/cd\/index.php?rest_route=\/wp\/v2\/posts\/22728","targetHints":{"allow":["GET"]}}],"collection":[{"href":"https:\/\/noticiasemdestaque.com\/cd\/index.php?rest_route=\/wp\/v2\/posts"}],"about":[{"href":"https:\/\/noticiasemdestaque.com\/cd\/index.php?rest_route=\/wp\/v2\/types\/post"}],"author":[{"embeddable":true,"href":"https:\/\/noticiasemdestaque.com\/cd\/index.php?rest_route=\/wp\/v2\/users\/2"}],"replies":[{"embeddable":true,"href":"https:\/\/noticiasemdestaque.com\/cd\/index.php?rest_route=%2Fwp%2Fv2%2Fcomments&post=22728"}],"version-history":[{"count":1,"href":"https:\/\/noticiasemdestaque.com\/cd\/index.php?rest_route=\/wp\/v2\/posts\/22728\/revisions"}],"predecessor-version":[{"id":22732,"href":"https:\/\/noticiasemdestaque.com\/cd\/index.php?rest_route=\/wp\/v2\/posts\/22728\/revisions\/22732"}],"wp:featuredmedia":[{"embeddable":true,"href":"https:\/\/noticiasemdestaque.com\/cd\/index.php?rest_route=\/wp\/v2\/media\/22731"}],"wp:attachment":[{"href":"https:\/\/noticiasemdestaque.com\/cd\/index.php?rest_route=%2Fwp%2Fv2%2Fmedia&parent=22728"}],"wp:term":[{"taxonomy":"category","embeddable":true,"href":"https:\/\/noticiasemdestaque.com\/cd\/index.php?rest_route=%2Fwp%2Fv2%2Fcategories&post=22728"},{"taxonomy":"post_tag","embeddable":true,"href":"https:\/\/noticiasemdestaque.com\/cd\/index.php?rest_route=%2Fwp%2Fv2%2Ftags&post=22728"}],"curies":[{"name":"wp","href":"https:\/\/api.w.org\/{rel}","templated":true}]}}