{"id":22717,"date":"2020-02-07T07:42:05","date_gmt":"2020-02-07T10:42:05","guid":{"rendered":"http:\/\/noticiasemdestaque.com\/cd\/?p=22717"},"modified":"2020-02-07T07:42:05","modified_gmt":"2020-02-07T10:42:05","slug":"mais-de-1-milhao-de-camisinhas-sao-distribuidas-pela-secretaria-de-saude-no-carnaval-da-pb","status":"publish","type":"post","link":"https:\/\/noticiasemdestaque.com\/cd\/?p=22717","title":{"rendered":"Mais de 1 milh\u00e3o de camisinhas s\u00e3o distribu\u00eddas pela Secretaria de Sa\u00fade no Carnaval da PB"},"content":{"rendered":"<div class=\"mc-column content-text active-extra-styles \" data-block-type=\"unstyled\" data-block-weight=\"58\" data-block-id=\"2\">\n<p data-track-category=\"Link no Texto\" data-track-links=\"\"><a href=\"https:\/\/noticiasemdestaque.com\/cd\/wp-content\/uploads\/2017\/10\/camisinha.jpg\"><img fetchpriority=\"high\" decoding=\"async\" class=\"wp-image-5342 aligncenter\" src=\"https:\/\/noticiasemdestaque.com\/cd\/wp-content\/uploads\/2017\/10\/camisinha.jpg\" alt=\"\" width=\"485\" height=\"278\" srcset=\"https:\/\/noticiasemdestaque.com\/cd\/wp-content\/uploads\/2017\/10\/camisinha.jpg 720w, https:\/\/noticiasemdestaque.com\/cd\/wp-content\/uploads\/2017\/10\/camisinha-300x172.jpg 300w\" sizes=\"(max-width: 485px) 100vw, 485px\" \/><\/a><\/p>\n<p class=\"content-text__container \" data-track-category=\"Link no Texto\" data-track-links=\"\">Pelo menos 1,5 milh\u00e3o de preservativos masculinos v\u00e3o ser distribu\u00eddos pela Secretaria de Estado da Sa\u00fade (SES) para o per\u00edodo de carnaval. A distribui\u00e7\u00e3o, nos 223 munic\u00edpios paraibanos, acontece nos servi\u00e7os de sa\u00fade de cada munic\u00edpio e as pessoas podem buscar a camisinha sem passar por consulta antes. A\u00e7\u00f5es tamb\u00e9m ser\u00e3o realizadas para a entrega do material.<\/p>\n<\/div>\n<div class=\"wall protected-content\">\n<div class=\"mc-column content-text active-extra-styles \" data-block-type=\"unstyled\" data-block-weight=\"42\" data-block-id=\"3\">\n<p class=\"content-text__container \" data-track-category=\"Link no Texto\" data-track-links=\"\">Cerca de 150 mil unidades de gel lubrificante tamb\u00e9m ser\u00e3o distribu\u00eddos. A distribui\u00e7\u00e3o come\u00e7a a partir do dia 13, na abertura do Folia de Rua, no Ponto de Cem R\u00e9is, e tamb\u00e9m nos blocos Virgens de Tamba\u00fa, Muri\u00e7ocas de Miramar e Cafu\u00e7u.<\/p>\n<\/div>\n<div class=\"mc-column content-text active-extra-styles \" data-block-type=\"unstyled\" data-block-weight=\"32\" data-block-id=\"4\">\n<p class=\"content-text__container \" data-track-category=\"Link no Texto\" data-track-links=\"\">De acordo com a gerente operacional das IST\/HIV\/aids\/hepatites virais da SES, Ivoneide Lucena, as Ger\u00eancias Regionais de Sa\u00fade est\u00e3o sendo abastecidas com camisinhas, para proporcionar aos foli\u00f5es o acesso aos preservativos.<\/p>\n<\/div>\n<div data-track-category=\"multicontent\" data-track-action=\"ultimo chunk conteudo\" data-track-noninteraction=\"false\" data-track-scroll=\"view\">\n<div class=\"mc-column content-text active-extra-styles \" data-block-type=\"unstyled\" data-block-weight=\"60\" data-block-id=\"5\">\n<p class=\"content-text__container \" data-track-category=\"Link no Texto\" data-track-links=\"\">Ivoneide faz um alerta para que todos os foli\u00f5es usem preservativos porque nos \u00faltimos anos houve aumento de novos casos de Aids entre jovens de 15 a 34 anos. Conforme dados da SES, o per\u00edodo entre os anos de 2007 e 2018 registrou um aumento de 300% entre a faixa et\u00e1ria. Em 2019, foram notificados sete novos casos na Para\u00edba.<\/p>\n<\/div>\n<\/div>\n<\/div>\n","protected":false},"excerpt":{"rendered":"<p>Pelo menos 1,5 milh\u00e3o de preservativos masculinos v\u00e3o ser distribu\u00eddos pela Secretaria de Estado da Sa\u00fade (SES) para o per\u00edodo de carnaval. A distribui\u00e7\u00e3o, nos 223 munic\u00edpios paraibanos, acontece nos servi\u00e7os de sa\u00fade de cada munic\u00edpio e as pessoas podem buscar a camisinha sem passar por consulta antes. A\u00e7\u00f5es tamb\u00e9m ser\u00e3o realizadas para a entrega do material. Cerca de 150 mil unidades de gel lubrificante tamb\u00e9m ser\u00e3o distribu\u00eddos. A distribui\u00e7\u00e3o come\u00e7a a partir do dia 13, na abertura do Folia de Rua, no Ponto de Cem R\u00e9is, e tamb\u00e9m nos blocos Virgens de Tamba\u00fa, Muri\u00e7ocas de Miramar e Cafu\u00e7u. De acordo com a gerente operacional das IST\/HIV\/aids\/hepatites virais da SES, Ivoneide Lucena, as Ger\u00eancias Regionais de Sa\u00fade est\u00e3o sendo abastecidas com camisinhas, para proporcionar aos foli\u00f5es o acesso aos preservativos. Ivoneide faz um alerta para que todos os foli\u00f5es usem preservativos porque nos \u00faltimos anos houve aumento de novos casos de Aids entre jovens de 15 a 34 anos. Conforme dados da SES, o per\u00edodo entre os anos de 2007 e 2018 registrou um aumento de 300% entre a faixa et\u00e1ria. Em 2019, foram notificados sete novos casos na Para\u00edba.<\/p>\n","protected":false},"author":2,"featured_media":5342,"comment_status":"closed","ping_status":"open","sticky":false,"template":"","format":"standard","meta":{"_eb_attr":"","_jetpack_memberships_contains_paid_content":false,"footnotes":""},"categories":[12],"tags":[],"class_list":["post-22717","post","type-post","status-publish","format-standard","has-post-thumbnail","hentry","category-geral"],"yoast_head":"<!-- This site is optimized with the Yoast SEO plugin v26.5 - https:\/\/yoast.com\/wordpress\/plugins\/seo\/ -->\n<title>Mais de 1 milh\u00e3o de camisinhas s\u00e3o distribu\u00eddas pela Secretaria de Sa\u00fade no Carnaval da PB - Not&iacute;cias em Destaque<\/title>\n<meta name=\"robots\" content=\"index, follow, max-snippet:-1, max-image-preview:large, max-video-preview:-1\" \/>\n<link rel=\"canonical\" href=\"https:\/\/noticiasemdestaque.com\/cd\/?p=22717\" \/>\n<meta property=\"og:locale\" content=\"pt_BR\" \/>\n<meta property=\"og:type\" content=\"article\" \/>\n<meta property=\"og:title\" content=\"Mais de 1 milh\u00e3o de camisinhas s\u00e3o distribu\u00eddas pela Secretaria de Sa\u00fade no Carnaval da PB - Not&iacute;cias em Destaque\" \/>\n<meta property=\"og:description\" content=\"Pelo menos 1,5 milh\u00e3o de preservativos masculinos v\u00e3o ser distribu\u00eddos pela Secretaria de Estado da Sa\u00fade (SES) para o per\u00edodo de carnaval. A distribui\u00e7\u00e3o, nos 223 munic\u00edpios paraibanos, acontece nos servi\u00e7os de sa\u00fade de cada munic\u00edpio e as pessoas podem buscar a camisinha sem passar por consulta antes. A\u00e7\u00f5es tamb\u00e9m ser\u00e3o realizadas para a entrega do material. Cerca de 150 mil unidades de gel lubrificante tamb\u00e9m ser\u00e3o distribu\u00eddos. A distribui\u00e7\u00e3o come\u00e7a a partir do dia 13, na abertura do Folia de Rua, no Ponto de Cem R\u00e9is, e tamb\u00e9m nos blocos Virgens de Tamba\u00fa, Muri\u00e7ocas de Miramar e Cafu\u00e7u. De acordo com a gerente operacional das IST\/HIV\/aids\/hepatites virais da SES, Ivoneide Lucena, as Ger\u00eancias Regionais de Sa\u00fade est\u00e3o sendo abastecidas com camisinhas, para proporcionar aos foli\u00f5es o acesso aos preservativos. Ivoneide faz um alerta para que todos os foli\u00f5es usem preservativos porque nos \u00faltimos anos houve aumento de novos casos de Aids entre jovens de 15 a 34 anos. Conforme dados da SES, o per\u00edodo entre os anos de 2007 e 2018 registrou um aumento de 300% entre a faixa et\u00e1ria. Em 2019, foram notificados sete novos casos na Para\u00edba.\" \/>\n<meta property=\"og:url\" content=\"https:\/\/noticiasemdestaque.com\/cd\/?p=22717\" \/>\n<meta property=\"og:site_name\" content=\"Not&iacute;cias em Destaque\" \/>\n<meta property=\"article:published_time\" content=\"2020-02-07T10:42:05+00:00\" \/>\n<meta property=\"og:image\" content=\"https:\/\/noticiasemdestaque.com\/cd\/wp-content\/uploads\/2017\/10\/camisinha.jpg\" \/>\n\t<meta property=\"og:image:width\" content=\"720\" \/>\n\t<meta property=\"og:image:height\" content=\"413\" \/>\n\t<meta property=\"og:image:type\" content=\"image\/jpeg\" \/>\n<meta name=\"author\" content=\"Not\u00edcias em Destaque\" \/>\n<meta name=\"twitter:card\" content=\"summary_large_image\" \/>\n<meta name=\"twitter:label1\" content=\"Escrito por\" \/>\n\t<meta name=\"twitter:data1\" content=\"Not\u00edcias em Destaque\" \/>\n\t<meta name=\"twitter:label2\" content=\"Est. tempo de leitura\" \/>\n\t<meta name=\"twitter:data2\" content=\"1 minuto\" \/>\n<script type=\"application\/ld+json\" class=\"yoast-schema-graph\">{\"@context\":\"https:\/\/schema.org\",\"@graph\":[{\"@type\":\"Article\",\"@id\":\"https:\/\/noticiasemdestaque.com\/cd\/?p=22717#article\",\"isPartOf\":{\"@id\":\"https:\/\/noticiasemdestaque.com\/cd\/?p=22717\"},\"author\":{\"name\":\"Not\u00edcias em Destaque\",\"@id\":\"https:\/\/noticiasemdestaque.com\/cd\/#\/schema\/person\/3e6ba396ff5664a69c392f09a8e1504c\"},\"headline\":\"Mais de 1 milh\u00e3o de camisinhas s\u00e3o distribu\u00eddas pela Secretaria de Sa\u00fade no Carnaval da PB\",\"datePublished\":\"2020-02-07T10:42:05+00:00\",\"mainEntityOfPage\":{\"@id\":\"https:\/\/noticiasemdestaque.com\/cd\/?p=22717\"},\"wordCount\":232,\"publisher\":{\"@id\":\"https:\/\/noticiasemdestaque.com\/cd\/#organization\"},\"image\":{\"@id\":\"https:\/\/noticiasemdestaque.com\/cd\/?p=22717#primaryimage\"},\"thumbnailUrl\":\"https:\/\/noticiasemdestaque.com\/cd\/wp-content\/uploads\/2017\/10\/camisinha.jpg\",\"articleSection\":[\"Geral\"],\"inLanguage\":\"pt-BR\"},{\"@type\":\"WebPage\",\"@id\":\"https:\/\/noticiasemdestaque.com\/cd\/?p=22717\",\"url\":\"https:\/\/noticiasemdestaque.com\/cd\/?p=22717\",\"name\":\"Mais de 1 milh\u00e3o de camisinhas s\u00e3o distribu\u00eddas pela Secretaria de Sa\u00fade no Carnaval da PB - Not&iacute;cias em Destaque\",\"isPartOf\":{\"@id\":\"https:\/\/noticiasemdestaque.com\/cd\/#website\"},\"primaryImageOfPage\":{\"@id\":\"https:\/\/noticiasemdestaque.com\/cd\/?p=22717#primaryimage\"},\"image\":{\"@id\":\"https:\/\/noticiasemdestaque.com\/cd\/?p=22717#primaryimage\"},\"thumbnailUrl\":\"https:\/\/noticiasemdestaque.com\/cd\/wp-content\/uploads\/2017\/10\/camisinha.jpg\",\"datePublished\":\"2020-02-07T10:42:05+00:00\",\"breadcrumb\":{\"@id\":\"https:\/\/noticiasemdestaque.com\/cd\/?p=22717#breadcrumb\"},\"inLanguage\":\"pt-BR\",\"potentialAction\":[{\"@type\":\"ReadAction\",\"target\":[\"https:\/\/noticiasemdestaque.com\/cd\/?p=22717\"]}]},{\"@type\":\"ImageObject\",\"inLanguage\":\"pt-BR\",\"@id\":\"https:\/\/noticiasemdestaque.com\/cd\/?p=22717#primaryimage\",\"url\":\"https:\/\/noticiasemdestaque.com\/cd\/wp-content\/uploads\/2017\/10\/camisinha.jpg\",\"contentUrl\":\"https:\/\/noticiasemdestaque.com\/cd\/wp-content\/uploads\/2017\/10\/camisinha.jpg\",\"width\":720,\"height\":413},{\"@type\":\"BreadcrumbList\",\"@id\":\"https:\/\/noticiasemdestaque.com\/cd\/?p=22717#breadcrumb\",\"itemListElement\":[{\"@type\":\"ListItem\",\"position\":1,\"name\":\"In\u00edcio\",\"item\":\"https:\/\/noticiasemdestaque.com\/cd\/\"},{\"@type\":\"ListItem\",\"position\":2,\"name\":\"Mais de 1 milh\u00e3o de camisinhas s\u00e3o distribu\u00eddas pela Secretaria de Sa\u00fade no Carnaval da PB\"}]},{\"@type\":\"WebSite\",\"@id\":\"https:\/\/noticiasemdestaque.com\/cd\/#website\",\"url\":\"https:\/\/noticiasemdestaque.com\/cd\/\",\"name\":\"Not&iacute;cias em Destaque\",\"description\":\"\",\"publisher\":{\"@id\":\"https:\/\/noticiasemdestaque.com\/cd\/#organization\"},\"potentialAction\":[{\"@type\":\"SearchAction\",\"target\":{\"@type\":\"EntryPoint\",\"urlTemplate\":\"https:\/\/noticiasemdestaque.com\/cd\/?s={search_term_string}\"},\"query-input\":{\"@type\":\"PropertyValueSpecification\",\"valueRequired\":true,\"valueName\":\"search_term_string\"}}],\"inLanguage\":\"pt-BR\"},{\"@type\":\"Organization\",\"@id\":\"https:\/\/noticiasemdestaque.com\/cd\/#organization\",\"name\":\"Not\u00edcias em Destaque\",\"url\":\"https:\/\/noticiasemdestaque.com\/cd\/\",\"logo\":{\"@type\":\"ImageObject\",\"inLanguage\":\"pt-BR\",\"@id\":\"https:\/\/noticiasemdestaque.com\/cd\/#\/schema\/logo\/image\/\",\"url\":\"https:\/\/noticiasemdestaque.com\/cd\/wp-content\/uploads\/2022\/05\/imagem-base-noticiasemdestaque.png\",\"contentUrl\":\"https:\/\/noticiasemdestaque.com\/cd\/wp-content\/uploads\/2022\/05\/imagem-base-noticiasemdestaque.png\",\"width\":1200,\"height\":630,\"caption\":\"Not\u00edcias em Destaque\"},\"image\":{\"@id\":\"https:\/\/noticiasemdestaque.com\/cd\/#\/schema\/logo\/image\/\"}},{\"@type\":\"Person\",\"@id\":\"https:\/\/noticiasemdestaque.com\/cd\/#\/schema\/person\/3e6ba396ff5664a69c392f09a8e1504c\",\"name\":\"Not\u00edcias em Destaque\",\"url\":\"https:\/\/noticiasemdestaque.com\/cd\/?author=2\"}]}<\/script>\n<!-- \/ Yoast SEO plugin. -->","yoast_head_json":{"title":"Mais de 1 milh\u00e3o de camisinhas s\u00e3o distribu\u00eddas pela Secretaria de Sa\u00fade no Carnaval da PB - Not&iacute;cias em Destaque","robots":{"index":"index","follow":"follow","max-snippet":"max-snippet:-1","max-image-preview":"max-image-preview:large","max-video-preview":"max-video-preview:-1"},"canonical":"https:\/\/noticiasemdestaque.com\/cd\/?p=22717","og_locale":"pt_BR","og_type":"article","og_title":"Mais de 1 milh\u00e3o de camisinhas s\u00e3o distribu\u00eddas pela Secretaria de Sa\u00fade no Carnaval da PB - Not&iacute;cias em Destaque","og_description":"Pelo menos 1,5 milh\u00e3o de preservativos masculinos v\u00e3o ser distribu\u00eddos pela Secretaria de Estado da Sa\u00fade (SES) para o per\u00edodo de carnaval. A distribui\u00e7\u00e3o, nos 223 munic\u00edpios paraibanos, acontece nos servi\u00e7os de sa\u00fade de cada munic\u00edpio e as pessoas podem buscar a camisinha sem passar por consulta antes. A\u00e7\u00f5es tamb\u00e9m ser\u00e3o realizadas para a entrega do material. Cerca de 150 mil unidades de gel lubrificante tamb\u00e9m ser\u00e3o distribu\u00eddos. A distribui\u00e7\u00e3o come\u00e7a a partir do dia 13, na abertura do Folia de Rua, no Ponto de Cem R\u00e9is, e tamb\u00e9m nos blocos Virgens de Tamba\u00fa, Muri\u00e7ocas de Miramar e Cafu\u00e7u. De acordo com a gerente operacional das IST\/HIV\/aids\/hepatites virais da SES, Ivoneide Lucena, as Ger\u00eancias Regionais de Sa\u00fade est\u00e3o sendo abastecidas com camisinhas, para proporcionar aos foli\u00f5es o acesso aos preservativos. Ivoneide faz um alerta para que todos os foli\u00f5es usem preservativos porque nos \u00faltimos anos houve aumento de novos casos de Aids entre jovens de 15 a 34 anos. Conforme dados da SES, o per\u00edodo entre os anos de 2007 e 2018 registrou um aumento de 300% entre a faixa et\u00e1ria. Em 2019, foram notificados sete novos casos na Para\u00edba.","og_url":"https:\/\/noticiasemdestaque.com\/cd\/?p=22717","og_site_name":"Not&iacute;cias em Destaque","article_published_time":"2020-02-07T10:42:05+00:00","og_image":[{"width":720,"height":413,"url":"https:\/\/noticiasemdestaque.com\/cd\/wp-content\/uploads\/2017\/10\/camisinha.jpg","type":"image\/jpeg"}],"author":"Not\u00edcias em Destaque","twitter_card":"summary_large_image","twitter_misc":{"Escrito por":"Not\u00edcias em Destaque","Est. tempo de leitura":"1 minuto"},"schema":{"@context":"https:\/\/schema.org","@graph":[{"@type":"Article","@id":"https:\/\/noticiasemdestaque.com\/cd\/?p=22717#article","isPartOf":{"@id":"https:\/\/noticiasemdestaque.com\/cd\/?p=22717"},"author":{"name":"Not\u00edcias em Destaque","@id":"https:\/\/noticiasemdestaque.com\/cd\/#\/schema\/person\/3e6ba396ff5664a69c392f09a8e1504c"},"headline":"Mais de 1 milh\u00e3o de camisinhas s\u00e3o distribu\u00eddas pela Secretaria de Sa\u00fade no Carnaval da PB","datePublished":"2020-02-07T10:42:05+00:00","mainEntityOfPage":{"@id":"https:\/\/noticiasemdestaque.com\/cd\/?p=22717"},"wordCount":232,"publisher":{"@id":"https:\/\/noticiasemdestaque.com\/cd\/#organization"},"image":{"@id":"https:\/\/noticiasemdestaque.com\/cd\/?p=22717#primaryimage"},"thumbnailUrl":"https:\/\/noticiasemdestaque.com\/cd\/wp-content\/uploads\/2017\/10\/camisinha.jpg","articleSection":["Geral"],"inLanguage":"pt-BR"},{"@type":"WebPage","@id":"https:\/\/noticiasemdestaque.com\/cd\/?p=22717","url":"https:\/\/noticiasemdestaque.com\/cd\/?p=22717","name":"Mais de 1 milh\u00e3o de camisinhas s\u00e3o distribu\u00eddas pela Secretaria de Sa\u00fade no Carnaval da PB - Not&iacute;cias em Destaque","isPartOf":{"@id":"https:\/\/noticiasemdestaque.com\/cd\/#website"},"primaryImageOfPage":{"@id":"https:\/\/noticiasemdestaque.com\/cd\/?p=22717#primaryimage"},"image":{"@id":"https:\/\/noticiasemdestaque.com\/cd\/?p=22717#primaryimage"},"thumbnailUrl":"https:\/\/noticiasemdestaque.com\/cd\/wp-content\/uploads\/2017\/10\/camisinha.jpg","datePublished":"2020-02-07T10:42:05+00:00","breadcrumb":{"@id":"https:\/\/noticiasemdestaque.com\/cd\/?p=22717#breadcrumb"},"inLanguage":"pt-BR","potentialAction":[{"@type":"ReadAction","target":["https:\/\/noticiasemdestaque.com\/cd\/?p=22717"]}]},{"@type":"ImageObject","inLanguage":"pt-BR","@id":"https:\/\/noticiasemdestaque.com\/cd\/?p=22717#primaryimage","url":"https:\/\/noticiasemdestaque.com\/cd\/wp-content\/uploads\/2017\/10\/camisinha.jpg","contentUrl":"https:\/\/noticiasemdestaque.com\/cd\/wp-content\/uploads\/2017\/10\/camisinha.jpg","width":720,"height":413},{"@type":"BreadcrumbList","@id":"https:\/\/noticiasemdestaque.com\/cd\/?p=22717#breadcrumb","itemListElement":[{"@type":"ListItem","position":1,"name":"In\u00edcio","item":"https:\/\/noticiasemdestaque.com\/cd\/"},{"@type":"ListItem","position":2,"name":"Mais de 1 milh\u00e3o de camisinhas s\u00e3o distribu\u00eddas pela Secretaria de Sa\u00fade no Carnaval da PB"}]},{"@type":"WebSite","@id":"https:\/\/noticiasemdestaque.com\/cd\/#website","url":"https:\/\/noticiasemdestaque.com\/cd\/","name":"Not&iacute;cias em Destaque","description":"","publisher":{"@id":"https:\/\/noticiasemdestaque.com\/cd\/#organization"},"potentialAction":[{"@type":"SearchAction","target":{"@type":"EntryPoint","urlTemplate":"https:\/\/noticiasemdestaque.com\/cd\/?s={search_term_string}"},"query-input":{"@type":"PropertyValueSpecification","valueRequired":true,"valueName":"search_term_string"}}],"inLanguage":"pt-BR"},{"@type":"Organization","@id":"https:\/\/noticiasemdestaque.com\/cd\/#organization","name":"Not\u00edcias em Destaque","url":"https:\/\/noticiasemdestaque.com\/cd\/","logo":{"@type":"ImageObject","inLanguage":"pt-BR","@id":"https:\/\/noticiasemdestaque.com\/cd\/#\/schema\/logo\/image\/","url":"https:\/\/noticiasemdestaque.com\/cd\/wp-content\/uploads\/2022\/05\/imagem-base-noticiasemdestaque.png","contentUrl":"https:\/\/noticiasemdestaque.com\/cd\/wp-content\/uploads\/2022\/05\/imagem-base-noticiasemdestaque.png","width":1200,"height":630,"caption":"Not\u00edcias em Destaque"},"image":{"@id":"https:\/\/noticiasemdestaque.com\/cd\/#\/schema\/logo\/image\/"}},{"@type":"Person","@id":"https:\/\/noticiasemdestaque.com\/cd\/#\/schema\/person\/3e6ba396ff5664a69c392f09a8e1504c","name":"Not\u00edcias em Destaque","url":"https:\/\/noticiasemdestaque.com\/cd\/?author=2"}]}},"jetpack_featured_media_url":"https:\/\/noticiasemdestaque.com\/cd\/wp-content\/uploads\/2017\/10\/camisinha.jpg","jetpack_sharing_enabled":true,"_links":{"self":[{"href":"https:\/\/noticiasemdestaque.com\/cd\/index.php?rest_route=\/wp\/v2\/posts\/22717","targetHints":{"allow":["GET"]}}],"collection":[{"href":"https:\/\/noticiasemdestaque.com\/cd\/index.php?rest_route=\/wp\/v2\/posts"}],"about":[{"href":"https:\/\/noticiasemdestaque.com\/cd\/index.php?rest_route=\/wp\/v2\/types\/post"}],"author":[{"embeddable":true,"href":"https:\/\/noticiasemdestaque.com\/cd\/index.php?rest_route=\/wp\/v2\/users\/2"}],"replies":[{"embeddable":true,"href":"https:\/\/noticiasemdestaque.com\/cd\/index.php?rest_route=%2Fwp%2Fv2%2Fcomments&post=22717"}],"version-history":[{"count":1,"href":"https:\/\/noticiasemdestaque.com\/cd\/index.php?rest_route=\/wp\/v2\/posts\/22717\/revisions"}],"predecessor-version":[{"id":22718,"href":"https:\/\/noticiasemdestaque.com\/cd\/index.php?rest_route=\/wp\/v2\/posts\/22717\/revisions\/22718"}],"wp:featuredmedia":[{"embeddable":true,"href":"https:\/\/noticiasemdestaque.com\/cd\/index.php?rest_route=\/wp\/v2\/media\/5342"}],"wp:attachment":[{"href":"https:\/\/noticiasemdestaque.com\/cd\/index.php?rest_route=%2Fwp%2Fv2%2Fmedia&parent=22717"}],"wp:term":[{"taxonomy":"category","embeddable":true,"href":"https:\/\/noticiasemdestaque.com\/cd\/index.php?rest_route=%2Fwp%2Fv2%2Fcategories&post=22717"},{"taxonomy":"post_tag","embeddable":true,"href":"https:\/\/noticiasemdestaque.com\/cd\/index.php?rest_route=%2Fwp%2Fv2%2Ftags&post=22717"}],"curies":[{"name":"wp","href":"https:\/\/api.w.org\/{rel}","templated":true}]}}