{"id":22714,"date":"2020-02-07T07:39:11","date_gmt":"2020-02-07T10:39:11","guid":{"rendered":"http:\/\/noticiasemdestaque.com\/cd\/?p=22714"},"modified":"2020-02-07T07:39:11","modified_gmt":"2020-02-07T10:39:11","slug":"deputado-demonstra-preocupacao-com-a-instabilidade-politica-do-governo-azevedo","status":"publish","type":"post","link":"https:\/\/noticiasemdestaque.com\/cd\/?p=22714","title":{"rendered":"Deputado demonstra preocupa\u00e7\u00e3o com a instabilidade pol\u00edtica do governo Azev\u00eado"},"content":{"rendered":"<p><a href=\"https:\/\/noticiasemdestaque.com\/cd\/wp-content\/uploads\/2020\/02\/06-02-2020.204110_100x100.png\"><img fetchpriority=\"high\" decoding=\"async\" class=\"size-full wp-image-22715 aligncenter\" src=\"https:\/\/noticiasemdestaque.com\/cd\/wp-content\/uploads\/2020\/02\/06-02-2020.204110_100x100.png\" alt=\"\" width=\"360\" height=\"240\" srcset=\"https:\/\/noticiasemdestaque.com\/cd\/wp-content\/uploads\/2020\/02\/06-02-2020.204110_100x100.png 360w, https:\/\/noticiasemdestaque.com\/cd\/wp-content\/uploads\/2020\/02\/06-02-2020.204110_100x100-300x200.png 300w\" sizes=\"(max-width: 360px) 100vw, 360px\" \/><\/a><\/p>\n<p>Um pedido de CPI, um pedido de impeachment e a imin\u00eancia de uma greve dos policiais militares do Estado, al\u00e9m de mat\u00e9rias sem consenso pra serem votadas, a exemplo da Reforma Previdenci\u00e1ria, deixou, al\u00e9m do pr\u00f3prio governador Jo\u00e3o Azev\u00eado (Cidadania),a base na Assembleia Legislativa preocupada.<\/p>\n<p>Nesta quinta-feira (06), n\u00e3o houve sess\u00e3o na Assembleia Legislativa, mas os deputados que estiveram presentes na Casa falaram sobre a situa\u00e7\u00e3o do governador e como a base governista reagiu.<\/p>\n<p>O deputado Tr\u00f3colli J\u00fanior (Podemos) foi um dos que externou sua preocupa\u00e7\u00e3o.<\/p>\n<p>\u201cEu gosto muito do di\u00e1logo e do entendimento. A Para\u00edba sai extremamente machucada com tudo isso que est\u00e1 acontecendo, que p\u00f5e em risco investimento de fora por conta da instabilidade pol\u00edtica. Quem vai fazer isso? Ningu\u00e9m quer. Eu tenho me preocupado muito com isso, com a gera\u00e7\u00e3o de emprego, com o desenvolvimento do nosso Estado e quando n\u00e3o h\u00e1 sintonia entre o Legislativo e o Executivo, n\u00e3o existe estabilidade econ\u00f4mica em pol\u00edtica\u201d, avaliou.<\/p>\n<p><em><strong>Not\u00edcias em Destaque<\/strong><\/em><\/p>\n<p>Com ParaibaOnline<\/p>\n","protected":false},"excerpt":{"rendered":"<p>Um pedido de CPI, um pedido de impeachment e a imin\u00eancia de uma greve dos policiais militares do Estado, al\u00e9m de mat\u00e9rias sem consenso pra serem votadas, a exemplo da Reforma Previdenci\u00e1ria, deixou, al\u00e9m do pr\u00f3prio governador Jo\u00e3o Azev\u00eado (Cidadania),a base na Assembleia Legislativa preocupada. Nesta quinta-feira (06), n\u00e3o houve sess\u00e3o na Assembleia Legislativa, mas os deputados que estiveram presentes na Casa falaram sobre a situa\u00e7\u00e3o do governador e como a base governista reagiu. O deputado Tr\u00f3colli J\u00fanior (Podemos) foi um dos que externou sua preocupa\u00e7\u00e3o. \u201cEu gosto muito do di\u00e1logo e do entendimento. A Para\u00edba sai extremamente machucada com tudo isso que est\u00e1 acontecendo, que p\u00f5e em risco investimento de fora por conta da instabilidade pol\u00edtica. Quem vai fazer isso? Ningu\u00e9m quer. Eu tenho me preocupado muito com isso, com a gera\u00e7\u00e3o de emprego, com o desenvolvimento do nosso Estado e quando n\u00e3o h\u00e1 sintonia entre o Legislativo e o Executivo, n\u00e3o existe estabilidade econ\u00f4mica em pol\u00edtica\u201d, avaliou. Not\u00edcias em Destaque Com ParaibaOnline<\/p>\n","protected":false},"author":2,"featured_media":22715,"comment_status":"closed","ping_status":"open","sticky":false,"template":"","format":"standard","meta":{"_eb_attr":"","_jetpack_memberships_contains_paid_content":false,"footnotes":""},"categories":[4],"tags":[],"class_list":["post-22714","post","type-post","status-publish","format-standard","has-post-thumbnail","hentry","category-politica"],"yoast_head":"<!-- This site is optimized with the Yoast SEO plugin v26.5 - https:\/\/yoast.com\/wordpress\/plugins\/seo\/ -->\n<title>Deputado demonstra preocupa\u00e7\u00e3o com a instabilidade pol\u00edtica do governo Azev\u00eado - Not&iacute;cias em Destaque<\/title>\n<meta name=\"robots\" content=\"index, follow, max-snippet:-1, max-image-preview:large, max-video-preview:-1\" \/>\n<link rel=\"canonical\" href=\"https:\/\/noticiasemdestaque.com\/cd\/?p=22714\" \/>\n<meta property=\"og:locale\" content=\"pt_BR\" \/>\n<meta property=\"og:type\" content=\"article\" \/>\n<meta property=\"og:title\" content=\"Deputado demonstra preocupa\u00e7\u00e3o com a instabilidade pol\u00edtica do governo Azev\u00eado - Not&iacute;cias em Destaque\" \/>\n<meta property=\"og:description\" content=\"Um pedido de CPI, um pedido de impeachment e a imin\u00eancia de uma greve dos policiais militares do Estado, al\u00e9m de mat\u00e9rias sem consenso pra serem votadas, a exemplo da Reforma Previdenci\u00e1ria, deixou, al\u00e9m do pr\u00f3prio governador Jo\u00e3o Azev\u00eado (Cidadania),a base na Assembleia Legislativa preocupada. Nesta quinta-feira (06), n\u00e3o houve sess\u00e3o na Assembleia Legislativa, mas os deputados que estiveram presentes na Casa falaram sobre a situa\u00e7\u00e3o do governador e como a base governista reagiu. O deputado Tr\u00f3colli J\u00fanior (Podemos) foi um dos que externou sua preocupa\u00e7\u00e3o. \u201cEu gosto muito do di\u00e1logo e do entendimento. A Para\u00edba sai extremamente machucada com tudo isso que est\u00e1 acontecendo, que p\u00f5e em risco investimento de fora por conta da instabilidade pol\u00edtica. Quem vai fazer isso? Ningu\u00e9m quer. Eu tenho me preocupado muito com isso, com a gera\u00e7\u00e3o de emprego, com o desenvolvimento do nosso Estado e quando n\u00e3o h\u00e1 sintonia entre o Legislativo e o Executivo, n\u00e3o existe estabilidade econ\u00f4mica em pol\u00edtica\u201d, avaliou. Not\u00edcias em Destaque Com ParaibaOnline\" \/>\n<meta property=\"og:url\" content=\"https:\/\/noticiasemdestaque.com\/cd\/?p=22714\" \/>\n<meta property=\"og:site_name\" content=\"Not&iacute;cias em Destaque\" \/>\n<meta property=\"article:published_time\" content=\"2020-02-07T10:39:11+00:00\" \/>\n<meta property=\"og:image\" content=\"https:\/\/noticiasemdestaque.com\/cd\/wp-content\/uploads\/2020\/02\/06-02-2020.204110_100x100.png\" \/>\n\t<meta property=\"og:image:width\" content=\"360\" \/>\n\t<meta property=\"og:image:height\" content=\"240\" \/>\n\t<meta property=\"og:image:type\" content=\"image\/png\" \/>\n<meta name=\"author\" content=\"Not\u00edcias em Destaque\" \/>\n<meta name=\"twitter:card\" content=\"summary_large_image\" \/>\n<meta name=\"twitter:label1\" content=\"Escrito por\" \/>\n\t<meta name=\"twitter:data1\" content=\"Not\u00edcias em Destaque\" \/>\n\t<meta name=\"twitter:label2\" content=\"Est. tempo de leitura\" \/>\n\t<meta name=\"twitter:data2\" content=\"1 minuto\" \/>\n<script type=\"application\/ld+json\" class=\"yoast-schema-graph\">{\"@context\":\"https:\/\/schema.org\",\"@graph\":[{\"@type\":\"Article\",\"@id\":\"https:\/\/noticiasemdestaque.com\/cd\/?p=22714#article\",\"isPartOf\":{\"@id\":\"https:\/\/noticiasemdestaque.com\/cd\/?p=22714\"},\"author\":{\"name\":\"Not\u00edcias em Destaque\",\"@id\":\"https:\/\/noticiasemdestaque.com\/cd\/#\/schema\/person\/3e6ba396ff5664a69c392f09a8e1504c\"},\"headline\":\"Deputado demonstra preocupa\u00e7\u00e3o com a instabilidade pol\u00edtica do governo Azev\u00eado\",\"datePublished\":\"2020-02-07T10:39:11+00:00\",\"mainEntityOfPage\":{\"@id\":\"https:\/\/noticiasemdestaque.com\/cd\/?p=22714\"},\"wordCount\":202,\"publisher\":{\"@id\":\"https:\/\/noticiasemdestaque.com\/cd\/#organization\"},\"image\":{\"@id\":\"https:\/\/noticiasemdestaque.com\/cd\/?p=22714#primaryimage\"},\"thumbnailUrl\":\"https:\/\/noticiasemdestaque.com\/cd\/wp-content\/uploads\/2020\/02\/06-02-2020.204110_100x100.png\",\"articleSection\":[\"Pol\u00edtica\"],\"inLanguage\":\"pt-BR\"},{\"@type\":\"WebPage\",\"@id\":\"https:\/\/noticiasemdestaque.com\/cd\/?p=22714\",\"url\":\"https:\/\/noticiasemdestaque.com\/cd\/?p=22714\",\"name\":\"Deputado demonstra preocupa\u00e7\u00e3o com a instabilidade pol\u00edtica do governo Azev\u00eado - Not&iacute;cias em Destaque\",\"isPartOf\":{\"@id\":\"https:\/\/noticiasemdestaque.com\/cd\/#website\"},\"primaryImageOfPage\":{\"@id\":\"https:\/\/noticiasemdestaque.com\/cd\/?p=22714#primaryimage\"},\"image\":{\"@id\":\"https:\/\/noticiasemdestaque.com\/cd\/?p=22714#primaryimage\"},\"thumbnailUrl\":\"https:\/\/noticiasemdestaque.com\/cd\/wp-content\/uploads\/2020\/02\/06-02-2020.204110_100x100.png\",\"datePublished\":\"2020-02-07T10:39:11+00:00\",\"breadcrumb\":{\"@id\":\"https:\/\/noticiasemdestaque.com\/cd\/?p=22714#breadcrumb\"},\"inLanguage\":\"pt-BR\",\"potentialAction\":[{\"@type\":\"ReadAction\",\"target\":[\"https:\/\/noticiasemdestaque.com\/cd\/?p=22714\"]}]},{\"@type\":\"ImageObject\",\"inLanguage\":\"pt-BR\",\"@id\":\"https:\/\/noticiasemdestaque.com\/cd\/?p=22714#primaryimage\",\"url\":\"https:\/\/noticiasemdestaque.com\/cd\/wp-content\/uploads\/2020\/02\/06-02-2020.204110_100x100.png\",\"contentUrl\":\"https:\/\/noticiasemdestaque.com\/cd\/wp-content\/uploads\/2020\/02\/06-02-2020.204110_100x100.png\",\"width\":360,\"height\":240},{\"@type\":\"BreadcrumbList\",\"@id\":\"https:\/\/noticiasemdestaque.com\/cd\/?p=22714#breadcrumb\",\"itemListElement\":[{\"@type\":\"ListItem\",\"position\":1,\"name\":\"In\u00edcio\",\"item\":\"https:\/\/noticiasemdestaque.com\/cd\/\"},{\"@type\":\"ListItem\",\"position\":2,\"name\":\"Deputado demonstra preocupa\u00e7\u00e3o com a instabilidade pol\u00edtica do governo Azev\u00eado\"}]},{\"@type\":\"WebSite\",\"@id\":\"https:\/\/noticiasemdestaque.com\/cd\/#website\",\"url\":\"https:\/\/noticiasemdestaque.com\/cd\/\",\"name\":\"Not&iacute;cias em Destaque\",\"description\":\"\",\"publisher\":{\"@id\":\"https:\/\/noticiasemdestaque.com\/cd\/#organization\"},\"potentialAction\":[{\"@type\":\"SearchAction\",\"target\":{\"@type\":\"EntryPoint\",\"urlTemplate\":\"https:\/\/noticiasemdestaque.com\/cd\/?s={search_term_string}\"},\"query-input\":{\"@type\":\"PropertyValueSpecification\",\"valueRequired\":true,\"valueName\":\"search_term_string\"}}],\"inLanguage\":\"pt-BR\"},{\"@type\":\"Organization\",\"@id\":\"https:\/\/noticiasemdestaque.com\/cd\/#organization\",\"name\":\"Not\u00edcias em Destaque\",\"url\":\"https:\/\/noticiasemdestaque.com\/cd\/\",\"logo\":{\"@type\":\"ImageObject\",\"inLanguage\":\"pt-BR\",\"@id\":\"https:\/\/noticiasemdestaque.com\/cd\/#\/schema\/logo\/image\/\",\"url\":\"https:\/\/noticiasemdestaque.com\/cd\/wp-content\/uploads\/2022\/05\/imagem-base-noticiasemdestaque.png\",\"contentUrl\":\"https:\/\/noticiasemdestaque.com\/cd\/wp-content\/uploads\/2022\/05\/imagem-base-noticiasemdestaque.png\",\"width\":1200,\"height\":630,\"caption\":\"Not\u00edcias em Destaque\"},\"image\":{\"@id\":\"https:\/\/noticiasemdestaque.com\/cd\/#\/schema\/logo\/image\/\"}},{\"@type\":\"Person\",\"@id\":\"https:\/\/noticiasemdestaque.com\/cd\/#\/schema\/person\/3e6ba396ff5664a69c392f09a8e1504c\",\"name\":\"Not\u00edcias em Destaque\",\"url\":\"https:\/\/noticiasemdestaque.com\/cd\/?author=2\"}]}<\/script>\n<!-- \/ Yoast SEO plugin. -->","yoast_head_json":{"title":"Deputado demonstra preocupa\u00e7\u00e3o com a instabilidade pol\u00edtica do governo Azev\u00eado - Not&iacute;cias em Destaque","robots":{"index":"index","follow":"follow","max-snippet":"max-snippet:-1","max-image-preview":"max-image-preview:large","max-video-preview":"max-video-preview:-1"},"canonical":"https:\/\/noticiasemdestaque.com\/cd\/?p=22714","og_locale":"pt_BR","og_type":"article","og_title":"Deputado demonstra preocupa\u00e7\u00e3o com a instabilidade pol\u00edtica do governo Azev\u00eado - Not&iacute;cias em Destaque","og_description":"Um pedido de CPI, um pedido de impeachment e a imin\u00eancia de uma greve dos policiais militares do Estado, al\u00e9m de mat\u00e9rias sem consenso pra serem votadas, a exemplo da Reforma Previdenci\u00e1ria, deixou, al\u00e9m do pr\u00f3prio governador Jo\u00e3o Azev\u00eado (Cidadania),a base na Assembleia Legislativa preocupada. Nesta quinta-feira (06), n\u00e3o houve sess\u00e3o na Assembleia Legislativa, mas os deputados que estiveram presentes na Casa falaram sobre a situa\u00e7\u00e3o do governador e como a base governista reagiu. O deputado Tr\u00f3colli J\u00fanior (Podemos) foi um dos que externou sua preocupa\u00e7\u00e3o. \u201cEu gosto muito do di\u00e1logo e do entendimento. A Para\u00edba sai extremamente machucada com tudo isso que est\u00e1 acontecendo, que p\u00f5e em risco investimento de fora por conta da instabilidade pol\u00edtica. Quem vai fazer isso? Ningu\u00e9m quer. Eu tenho me preocupado muito com isso, com a gera\u00e7\u00e3o de emprego, com o desenvolvimento do nosso Estado e quando n\u00e3o h\u00e1 sintonia entre o Legislativo e o Executivo, n\u00e3o existe estabilidade econ\u00f4mica em pol\u00edtica\u201d, avaliou. Not\u00edcias em Destaque Com ParaibaOnline","og_url":"https:\/\/noticiasemdestaque.com\/cd\/?p=22714","og_site_name":"Not&iacute;cias em Destaque","article_published_time":"2020-02-07T10:39:11+00:00","og_image":[{"width":360,"height":240,"url":"https:\/\/noticiasemdestaque.com\/cd\/wp-content\/uploads\/2020\/02\/06-02-2020.204110_100x100.png","type":"image\/png"}],"author":"Not\u00edcias em Destaque","twitter_card":"summary_large_image","twitter_misc":{"Escrito por":"Not\u00edcias em Destaque","Est. tempo de leitura":"1 minuto"},"schema":{"@context":"https:\/\/schema.org","@graph":[{"@type":"Article","@id":"https:\/\/noticiasemdestaque.com\/cd\/?p=22714#article","isPartOf":{"@id":"https:\/\/noticiasemdestaque.com\/cd\/?p=22714"},"author":{"name":"Not\u00edcias em Destaque","@id":"https:\/\/noticiasemdestaque.com\/cd\/#\/schema\/person\/3e6ba396ff5664a69c392f09a8e1504c"},"headline":"Deputado demonstra preocupa\u00e7\u00e3o com a instabilidade pol\u00edtica do governo Azev\u00eado","datePublished":"2020-02-07T10:39:11+00:00","mainEntityOfPage":{"@id":"https:\/\/noticiasemdestaque.com\/cd\/?p=22714"},"wordCount":202,"publisher":{"@id":"https:\/\/noticiasemdestaque.com\/cd\/#organization"},"image":{"@id":"https:\/\/noticiasemdestaque.com\/cd\/?p=22714#primaryimage"},"thumbnailUrl":"https:\/\/noticiasemdestaque.com\/cd\/wp-content\/uploads\/2020\/02\/06-02-2020.204110_100x100.png","articleSection":["Pol\u00edtica"],"inLanguage":"pt-BR"},{"@type":"WebPage","@id":"https:\/\/noticiasemdestaque.com\/cd\/?p=22714","url":"https:\/\/noticiasemdestaque.com\/cd\/?p=22714","name":"Deputado demonstra preocupa\u00e7\u00e3o com a instabilidade pol\u00edtica do governo Azev\u00eado - Not&iacute;cias em Destaque","isPartOf":{"@id":"https:\/\/noticiasemdestaque.com\/cd\/#website"},"primaryImageOfPage":{"@id":"https:\/\/noticiasemdestaque.com\/cd\/?p=22714#primaryimage"},"image":{"@id":"https:\/\/noticiasemdestaque.com\/cd\/?p=22714#primaryimage"},"thumbnailUrl":"https:\/\/noticiasemdestaque.com\/cd\/wp-content\/uploads\/2020\/02\/06-02-2020.204110_100x100.png","datePublished":"2020-02-07T10:39:11+00:00","breadcrumb":{"@id":"https:\/\/noticiasemdestaque.com\/cd\/?p=22714#breadcrumb"},"inLanguage":"pt-BR","potentialAction":[{"@type":"ReadAction","target":["https:\/\/noticiasemdestaque.com\/cd\/?p=22714"]}]},{"@type":"ImageObject","inLanguage":"pt-BR","@id":"https:\/\/noticiasemdestaque.com\/cd\/?p=22714#primaryimage","url":"https:\/\/noticiasemdestaque.com\/cd\/wp-content\/uploads\/2020\/02\/06-02-2020.204110_100x100.png","contentUrl":"https:\/\/noticiasemdestaque.com\/cd\/wp-content\/uploads\/2020\/02\/06-02-2020.204110_100x100.png","width":360,"height":240},{"@type":"BreadcrumbList","@id":"https:\/\/noticiasemdestaque.com\/cd\/?p=22714#breadcrumb","itemListElement":[{"@type":"ListItem","position":1,"name":"In\u00edcio","item":"https:\/\/noticiasemdestaque.com\/cd\/"},{"@type":"ListItem","position":2,"name":"Deputado demonstra preocupa\u00e7\u00e3o com a instabilidade pol\u00edtica do governo Azev\u00eado"}]},{"@type":"WebSite","@id":"https:\/\/noticiasemdestaque.com\/cd\/#website","url":"https:\/\/noticiasemdestaque.com\/cd\/","name":"Not&iacute;cias em Destaque","description":"","publisher":{"@id":"https:\/\/noticiasemdestaque.com\/cd\/#organization"},"potentialAction":[{"@type":"SearchAction","target":{"@type":"EntryPoint","urlTemplate":"https:\/\/noticiasemdestaque.com\/cd\/?s={search_term_string}"},"query-input":{"@type":"PropertyValueSpecification","valueRequired":true,"valueName":"search_term_string"}}],"inLanguage":"pt-BR"},{"@type":"Organization","@id":"https:\/\/noticiasemdestaque.com\/cd\/#organization","name":"Not\u00edcias em Destaque","url":"https:\/\/noticiasemdestaque.com\/cd\/","logo":{"@type":"ImageObject","inLanguage":"pt-BR","@id":"https:\/\/noticiasemdestaque.com\/cd\/#\/schema\/logo\/image\/","url":"https:\/\/noticiasemdestaque.com\/cd\/wp-content\/uploads\/2022\/05\/imagem-base-noticiasemdestaque.png","contentUrl":"https:\/\/noticiasemdestaque.com\/cd\/wp-content\/uploads\/2022\/05\/imagem-base-noticiasemdestaque.png","width":1200,"height":630,"caption":"Not\u00edcias em Destaque"},"image":{"@id":"https:\/\/noticiasemdestaque.com\/cd\/#\/schema\/logo\/image\/"}},{"@type":"Person","@id":"https:\/\/noticiasemdestaque.com\/cd\/#\/schema\/person\/3e6ba396ff5664a69c392f09a8e1504c","name":"Not\u00edcias em Destaque","url":"https:\/\/noticiasemdestaque.com\/cd\/?author=2"}]}},"jetpack_featured_media_url":"https:\/\/noticiasemdestaque.com\/cd\/wp-content\/uploads\/2020\/02\/06-02-2020.204110_100x100.png","jetpack_sharing_enabled":true,"_links":{"self":[{"href":"https:\/\/noticiasemdestaque.com\/cd\/index.php?rest_route=\/wp\/v2\/posts\/22714","targetHints":{"allow":["GET"]}}],"collection":[{"href":"https:\/\/noticiasemdestaque.com\/cd\/index.php?rest_route=\/wp\/v2\/posts"}],"about":[{"href":"https:\/\/noticiasemdestaque.com\/cd\/index.php?rest_route=\/wp\/v2\/types\/post"}],"author":[{"embeddable":true,"href":"https:\/\/noticiasemdestaque.com\/cd\/index.php?rest_route=\/wp\/v2\/users\/2"}],"replies":[{"embeddable":true,"href":"https:\/\/noticiasemdestaque.com\/cd\/index.php?rest_route=%2Fwp%2Fv2%2Fcomments&post=22714"}],"version-history":[{"count":1,"href":"https:\/\/noticiasemdestaque.com\/cd\/index.php?rest_route=\/wp\/v2\/posts\/22714\/revisions"}],"predecessor-version":[{"id":22716,"href":"https:\/\/noticiasemdestaque.com\/cd\/index.php?rest_route=\/wp\/v2\/posts\/22714\/revisions\/22716"}],"wp:featuredmedia":[{"embeddable":true,"href":"https:\/\/noticiasemdestaque.com\/cd\/index.php?rest_route=\/wp\/v2\/media\/22715"}],"wp:attachment":[{"href":"https:\/\/noticiasemdestaque.com\/cd\/index.php?rest_route=%2Fwp%2Fv2%2Fmedia&parent=22714"}],"wp:term":[{"taxonomy":"category","embeddable":true,"href":"https:\/\/noticiasemdestaque.com\/cd\/index.php?rest_route=%2Fwp%2Fv2%2Fcategories&post=22714"},{"taxonomy":"post_tag","embeddable":true,"href":"https:\/\/noticiasemdestaque.com\/cd\/index.php?rest_route=%2Fwp%2Fv2%2Ftags&post=22714"}],"curies":[{"name":"wp","href":"https:\/\/api.w.org\/{rel}","templated":true}]}}