{"id":22711,"date":"2020-02-07T07:34:42","date_gmt":"2020-02-07T10:34:42","guid":{"rendered":"http:\/\/noticiasemdestaque.com\/cd\/?p=22711"},"modified":"2020-02-07T07:34:42","modified_gmt":"2020-02-07T10:34:42","slug":"cai-o-numero-de-brasileiros-endividados-em-janeiro","status":"publish","type":"post","link":"https:\/\/noticiasemdestaque.com\/cd\/?p=22711","title":{"rendered":"Cai o n\u00famero de brasileiros endividados em janeiro"},"content":{"rendered":"<div class=\"noticiacorpo\">\n<p><a href=\"https:\/\/noticiasemdestaque.com\/cd\/wp-content\/uploads\/2020\/02\/contass-768x512.jpg\"><img fetchpriority=\"high\" decoding=\"async\" class=\"wp-image-22712 aligncenter\" src=\"https:\/\/noticiasemdestaque.com\/cd\/wp-content\/uploads\/2020\/02\/contass-768x512.jpg\" alt=\"\" width=\"454\" height=\"303\" srcset=\"https:\/\/noticiasemdestaque.com\/cd\/wp-content\/uploads\/2020\/02\/contass-768x512.jpg 768w, https:\/\/noticiasemdestaque.com\/cd\/wp-content\/uploads\/2020\/02\/contass-768x512-300x200.jpg 300w, https:\/\/noticiasemdestaque.com\/cd\/wp-content\/uploads\/2020\/02\/contass-768x512-480x320.jpg 480w\" sizes=\"(max-width: 454px) 100vw, 454px\" \/><\/a><\/p>\n<p>O percentual de fam\u00edlias com d\u00edvidas em cart\u00e3o de cr\u00e9dito, cheque especial, cheque pr\u00e9-datado, cr\u00e9dito consignado, cr\u00e9dito pessoal, carn\u00ea de loja, presta\u00e7\u00e3o de carro e presta\u00e7\u00e3o da casa diminuiu, em janeiro de 2020, para 65,3%, ap\u00f3s ter alcan\u00e7ado o maior patamar da s\u00e9rie hist\u00f3rica (65,6%) em dezembro.<\/p>\n<p>Houve alta, entretanto, na compara\u00e7\u00e3o com janeiro do ano passado, quando o indicador alcan\u00e7ou 60,1%. Os dados s\u00e3o da Pesquisa de Endividamento e Inadimpl\u00eancia do Consumidor (Peic), divulgada hoje (6) pela Confedera\u00e7\u00e3o Nacional do Com\u00e9rcio de Bens, Servi\u00e7os e Turismo (CNC).<\/p>\n<p>Segundo a pesquisa, pelo terceiro m\u00eas consecutivo, o percentual de fam\u00edlias inadimplentes, ou seja, com d\u00edvidas ou contas em atraso, teve queda \u2013 de 24,5% para 23,8%. Tamb\u00e9m foi registrada queda no percentual de fam\u00edlias que declararam n\u00e3o ter condi\u00e7\u00f5es de pagar suas contas ou d\u00edvidas em atraso e que, portanto, permaneceriam inadimplentes \u2013 de 10% para 9,6%. Os dois indicadores, por\u00e9m, apresentaram alta em rela\u00e7\u00e3o a janeiro do 2019.<\/p>\n<p>De acordo com o presidente da CNC, Jos\u00e9 Roberto Tadros, apesar de o endividamento permanecer em um patamar elevado, a queda nos indicadores de atraso e inadimpl\u00eancia indica que as d\u00edvidas t\u00eam sido compat\u00edveis com a renda das fam\u00edlias.<\/p>\n<p>\u201cAs melhores condi\u00e7\u00f5es do cr\u00e9dito t\u00eam permitido a amplia\u00e7\u00e3o desse mercado ao consumidor, que vem tendo mais seguran\u00e7a para comprar por conta da melhora recente do mercado de trabalho, confirmada pelos \u00faltimos indicadores econ\u00f4micos\u201d, afirmou, em nota.<\/p>\n<p>Segundo a CNC, a parcela m\u00e9dia da renda comprometida com o pagamento de d\u00edvidas apresentou retra\u00e7\u00e3o na compara\u00e7\u00e3o mensal: de 29,7% para 29,4%. O percentual \u00e9 o menor contabilizado desde maio de 2019.<\/p>\n<p>Entre as d\u00edvidas apontadas pelos brasileiros como as principais em janeiro est\u00e3o cart\u00e3o de cr\u00e9dito (79,8%), carn\u00eas (15,9%) e financiamento de carro (10,9%).<\/p>\n<p>A economista da CNC Izis Ferreira disse que havia uma demanda represada por bens que s\u00e3o mais dependentes do cr\u00e9dito, como m\u00f3veis e eletrodom\u00e9sticos.<\/p>\n<p>\u201cA propor\u00e7\u00e3o do comprometimento da renda com d\u00edvidas vem caindo desde novembro de 2019 e refor\u00e7a que o consumo est\u00e1 sendo retomado atrav\u00e9s do que se pode chamar de d\u00edvida respons\u00e1vel, com as fam\u00edlias se organizando para pagar empr\u00e9stimos e financiamentos\u201d, afirmou, em nota, a economista.<\/p>\n<\/div>\n<p class=\"noticia_fonte\">Ag\u00eancia Brasil<\/p>\n","protected":false},"excerpt":{"rendered":"<p>O percentual de fam\u00edlias com d\u00edvidas em cart\u00e3o de cr\u00e9dito, cheque especial, cheque pr\u00e9-datado, cr\u00e9dito consignado, cr\u00e9dito pessoal, carn\u00ea de loja, presta\u00e7\u00e3o de carro e presta\u00e7\u00e3o da casa diminuiu, em janeiro de 2020, para 65,3%, ap\u00f3s ter alcan\u00e7ado o maior patamar da s\u00e9rie hist\u00f3rica (65,6%) em dezembro. Houve alta, entretanto, na compara\u00e7\u00e3o com janeiro do ano passado, quando o indicador alcan\u00e7ou 60,1%. Os dados s\u00e3o da Pesquisa de Endividamento e Inadimpl\u00eancia do Consumidor (Peic), divulgada hoje (6) pela Confedera\u00e7\u00e3o Nacional do Com\u00e9rcio de Bens, Servi\u00e7os e Turismo (CNC). Segundo a pesquisa, pelo terceiro m\u00eas consecutivo, o percentual de fam\u00edlias inadimplentes, ou seja, com d\u00edvidas ou contas em atraso, teve queda \u2013 de 24,5% para 23,8%. Tamb\u00e9m foi registrada queda no percentual de fam\u00edlias que declararam n\u00e3o ter condi\u00e7\u00f5es de pagar suas contas ou d\u00edvidas em atraso e que, portanto, permaneceriam inadimplentes \u2013 de 10% para 9,6%. Os dois indicadores, por\u00e9m, apresentaram alta em rela\u00e7\u00e3o a janeiro do 2019. De acordo com o presidente da CNC, Jos\u00e9 Roberto Tadros, apesar de o endividamento permanecer em um patamar elevado, a queda nos indicadores de atraso e inadimpl\u00eancia indica que as d\u00edvidas t\u00eam sido compat\u00edveis com a renda das fam\u00edlias. \u201cAs melhores condi\u00e7\u00f5es do cr\u00e9dito t\u00eam permitido a amplia\u00e7\u00e3o desse mercado ao consumidor, que vem tendo mais seguran\u00e7a para comprar por conta da melhora recente do mercado de trabalho, confirmada pelos \u00faltimos indicadores econ\u00f4micos\u201d, afirmou, em nota. Segundo a CNC, a parcela m\u00e9dia da renda comprometida com o pagamento de d\u00edvidas apresentou retra\u00e7\u00e3o na compara\u00e7\u00e3o mensal: de 29,7% para 29,4%. O percentual \u00e9 o menor contabilizado desde maio de 2019. Entre as d\u00edvidas apontadas pelos brasileiros como as principais em janeiro est\u00e3o cart\u00e3o de cr\u00e9dito (79,8%), carn\u00eas (15,9%) e financiamento de carro (10,9%). A economista da CNC Izis Ferreira disse que havia uma demanda represada por bens que s\u00e3o mais dependentes do cr\u00e9dito, como m\u00f3veis e eletrodom\u00e9sticos. \u201cA propor\u00e7\u00e3o do comprometimento da renda com d\u00edvidas vem caindo desde novembro de 2019 e refor\u00e7a que o consumo est\u00e1 sendo retomado atrav\u00e9s do que se pode chamar de d\u00edvida respons\u00e1vel, com as fam\u00edlias se organizando para pagar empr\u00e9stimos e financiamentos\u201d, afirmou, em nota, a economista. Ag\u00eancia Brasil<\/p>\n","protected":false},"author":2,"featured_media":22712,"comment_status":"closed","ping_status":"open","sticky":false,"template":"","format":"standard","meta":{"_eb_attr":"","_jetpack_memberships_contains_paid_content":false,"footnotes":""},"categories":[3],"tags":[],"class_list":["post-22711","post","type-post","status-publish","format-standard","has-post-thumbnail","hentry","category-cidades"],"yoast_head":"<!-- This site is optimized with the Yoast SEO plugin v26.5 - https:\/\/yoast.com\/wordpress\/plugins\/seo\/ -->\n<title>Cai o n\u00famero de brasileiros endividados em janeiro - Not&iacute;cias em Destaque<\/title>\n<meta name=\"robots\" content=\"index, follow, max-snippet:-1, max-image-preview:large, max-video-preview:-1\" \/>\n<link rel=\"canonical\" href=\"https:\/\/noticiasemdestaque.com\/cd\/?p=22711\" \/>\n<meta property=\"og:locale\" content=\"pt_BR\" \/>\n<meta property=\"og:type\" content=\"article\" \/>\n<meta property=\"og:title\" content=\"Cai o n\u00famero de brasileiros endividados em janeiro - Not&iacute;cias em Destaque\" \/>\n<meta property=\"og:description\" content=\"O percentual de fam\u00edlias com d\u00edvidas em cart\u00e3o de cr\u00e9dito, cheque especial, cheque pr\u00e9-datado, cr\u00e9dito consignado, cr\u00e9dito pessoal, carn\u00ea de loja, presta\u00e7\u00e3o de carro e presta\u00e7\u00e3o da casa diminuiu, em janeiro de 2020, para 65,3%, ap\u00f3s ter alcan\u00e7ado o maior patamar da s\u00e9rie hist\u00f3rica (65,6%) em dezembro. Houve alta, entretanto, na compara\u00e7\u00e3o com janeiro do ano passado, quando o indicador alcan\u00e7ou 60,1%. Os dados s\u00e3o da Pesquisa de Endividamento e Inadimpl\u00eancia do Consumidor (Peic), divulgada hoje (6) pela Confedera\u00e7\u00e3o Nacional do Com\u00e9rcio de Bens, Servi\u00e7os e Turismo (CNC). Segundo a pesquisa, pelo terceiro m\u00eas consecutivo, o percentual de fam\u00edlias inadimplentes, ou seja, com d\u00edvidas ou contas em atraso, teve queda \u2013 de 24,5% para 23,8%. Tamb\u00e9m foi registrada queda no percentual de fam\u00edlias que declararam n\u00e3o ter condi\u00e7\u00f5es de pagar suas contas ou d\u00edvidas em atraso e que, portanto, permaneceriam inadimplentes \u2013 de 10% para 9,6%. Os dois indicadores, por\u00e9m, apresentaram alta em rela\u00e7\u00e3o a janeiro do 2019. De acordo com o presidente da CNC, Jos\u00e9 Roberto Tadros, apesar de o endividamento permanecer em um patamar elevado, a queda nos indicadores de atraso e inadimpl\u00eancia indica que as d\u00edvidas t\u00eam sido compat\u00edveis com a renda das fam\u00edlias. \u201cAs melhores condi\u00e7\u00f5es do cr\u00e9dito t\u00eam permitido a amplia\u00e7\u00e3o desse mercado ao consumidor, que vem tendo mais seguran\u00e7a para comprar por conta da melhora recente do mercado de trabalho, confirmada pelos \u00faltimos indicadores econ\u00f4micos\u201d, afirmou, em nota. Segundo a CNC, a parcela m\u00e9dia da renda comprometida com o pagamento de d\u00edvidas apresentou retra\u00e7\u00e3o na compara\u00e7\u00e3o mensal: de 29,7% para 29,4%. O percentual \u00e9 o menor contabilizado desde maio de 2019. Entre as d\u00edvidas apontadas pelos brasileiros como as principais em janeiro est\u00e3o cart\u00e3o de cr\u00e9dito (79,8%), carn\u00eas (15,9%) e financiamento de carro (10,9%). A economista da CNC Izis Ferreira disse que havia uma demanda represada por bens que s\u00e3o mais dependentes do cr\u00e9dito, como m\u00f3veis e eletrodom\u00e9sticos. \u201cA propor\u00e7\u00e3o do comprometimento da renda com d\u00edvidas vem caindo desde novembro de 2019 e refor\u00e7a que o consumo est\u00e1 sendo retomado atrav\u00e9s do que se pode chamar de d\u00edvida respons\u00e1vel, com as fam\u00edlias se organizando para pagar empr\u00e9stimos e financiamentos\u201d, afirmou, em nota, a economista. Ag\u00eancia Brasil\" \/>\n<meta property=\"og:url\" content=\"https:\/\/noticiasemdestaque.com\/cd\/?p=22711\" \/>\n<meta property=\"og:site_name\" content=\"Not&iacute;cias em Destaque\" \/>\n<meta property=\"article:published_time\" content=\"2020-02-07T10:34:42+00:00\" \/>\n<meta property=\"og:image\" content=\"https:\/\/noticiasemdestaque.com\/cd\/wp-content\/uploads\/2020\/02\/contass-768x512.jpg\" \/>\n\t<meta property=\"og:image:width\" content=\"768\" \/>\n\t<meta property=\"og:image:height\" content=\"512\" \/>\n\t<meta property=\"og:image:type\" content=\"image\/jpeg\" \/>\n<meta name=\"author\" content=\"Not\u00edcias em Destaque\" \/>\n<meta name=\"twitter:card\" content=\"summary_large_image\" \/>\n<meta name=\"twitter:label1\" content=\"Escrito por\" \/>\n\t<meta name=\"twitter:data1\" content=\"Not\u00edcias em Destaque\" \/>\n\t<meta name=\"twitter:label2\" content=\"Est. tempo de leitura\" \/>\n\t<meta name=\"twitter:data2\" content=\"2 minutos\" \/>\n<script type=\"application\/ld+json\" class=\"yoast-schema-graph\">{\"@context\":\"https:\/\/schema.org\",\"@graph\":[{\"@type\":\"Article\",\"@id\":\"https:\/\/noticiasemdestaque.com\/cd\/?p=22711#article\",\"isPartOf\":{\"@id\":\"https:\/\/noticiasemdestaque.com\/cd\/?p=22711\"},\"author\":{\"name\":\"Not\u00edcias em Destaque\",\"@id\":\"https:\/\/noticiasemdestaque.com\/cd\/#\/schema\/person\/3e6ba396ff5664a69c392f09a8e1504c\"},\"headline\":\"Cai o n\u00famero de brasileiros endividados em janeiro\",\"datePublished\":\"2020-02-07T10:34:42+00:00\",\"mainEntityOfPage\":{\"@id\":\"https:\/\/noticiasemdestaque.com\/cd\/?p=22711\"},\"wordCount\":414,\"publisher\":{\"@id\":\"https:\/\/noticiasemdestaque.com\/cd\/#organization\"},\"image\":{\"@id\":\"https:\/\/noticiasemdestaque.com\/cd\/?p=22711#primaryimage\"},\"thumbnailUrl\":\"https:\/\/noticiasemdestaque.com\/cd\/wp-content\/uploads\/2020\/02\/contass-768x512.jpg\",\"articleSection\":[\"Cidades\"],\"inLanguage\":\"pt-BR\"},{\"@type\":\"WebPage\",\"@id\":\"https:\/\/noticiasemdestaque.com\/cd\/?p=22711\",\"url\":\"https:\/\/noticiasemdestaque.com\/cd\/?p=22711\",\"name\":\"Cai o n\u00famero de brasileiros endividados em janeiro - Not&iacute;cias em Destaque\",\"isPartOf\":{\"@id\":\"https:\/\/noticiasemdestaque.com\/cd\/#website\"},\"primaryImageOfPage\":{\"@id\":\"https:\/\/noticiasemdestaque.com\/cd\/?p=22711#primaryimage\"},\"image\":{\"@id\":\"https:\/\/noticiasemdestaque.com\/cd\/?p=22711#primaryimage\"},\"thumbnailUrl\":\"https:\/\/noticiasemdestaque.com\/cd\/wp-content\/uploads\/2020\/02\/contass-768x512.jpg\",\"datePublished\":\"2020-02-07T10:34:42+00:00\",\"breadcrumb\":{\"@id\":\"https:\/\/noticiasemdestaque.com\/cd\/?p=22711#breadcrumb\"},\"inLanguage\":\"pt-BR\",\"potentialAction\":[{\"@type\":\"ReadAction\",\"target\":[\"https:\/\/noticiasemdestaque.com\/cd\/?p=22711\"]}]},{\"@type\":\"ImageObject\",\"inLanguage\":\"pt-BR\",\"@id\":\"https:\/\/noticiasemdestaque.com\/cd\/?p=22711#primaryimage\",\"url\":\"https:\/\/noticiasemdestaque.com\/cd\/wp-content\/uploads\/2020\/02\/contass-768x512.jpg\",\"contentUrl\":\"https:\/\/noticiasemdestaque.com\/cd\/wp-content\/uploads\/2020\/02\/contass-768x512.jpg\",\"width\":768,\"height\":512},{\"@type\":\"BreadcrumbList\",\"@id\":\"https:\/\/noticiasemdestaque.com\/cd\/?p=22711#breadcrumb\",\"itemListElement\":[{\"@type\":\"ListItem\",\"position\":1,\"name\":\"In\u00edcio\",\"item\":\"https:\/\/noticiasemdestaque.com\/cd\/\"},{\"@type\":\"ListItem\",\"position\":2,\"name\":\"Cai o n\u00famero de brasileiros endividados em janeiro\"}]},{\"@type\":\"WebSite\",\"@id\":\"https:\/\/noticiasemdestaque.com\/cd\/#website\",\"url\":\"https:\/\/noticiasemdestaque.com\/cd\/\",\"name\":\"Not&iacute;cias em Destaque\",\"description\":\"\",\"publisher\":{\"@id\":\"https:\/\/noticiasemdestaque.com\/cd\/#organization\"},\"potentialAction\":[{\"@type\":\"SearchAction\",\"target\":{\"@type\":\"EntryPoint\",\"urlTemplate\":\"https:\/\/noticiasemdestaque.com\/cd\/?s={search_term_string}\"},\"query-input\":{\"@type\":\"PropertyValueSpecification\",\"valueRequired\":true,\"valueName\":\"search_term_string\"}}],\"inLanguage\":\"pt-BR\"},{\"@type\":\"Organization\",\"@id\":\"https:\/\/noticiasemdestaque.com\/cd\/#organization\",\"name\":\"Not\u00edcias em Destaque\",\"url\":\"https:\/\/noticiasemdestaque.com\/cd\/\",\"logo\":{\"@type\":\"ImageObject\",\"inLanguage\":\"pt-BR\",\"@id\":\"https:\/\/noticiasemdestaque.com\/cd\/#\/schema\/logo\/image\/\",\"url\":\"https:\/\/noticiasemdestaque.com\/cd\/wp-content\/uploads\/2022\/05\/imagem-base-noticiasemdestaque.png\",\"contentUrl\":\"https:\/\/noticiasemdestaque.com\/cd\/wp-content\/uploads\/2022\/05\/imagem-base-noticiasemdestaque.png\",\"width\":1200,\"height\":630,\"caption\":\"Not\u00edcias em Destaque\"},\"image\":{\"@id\":\"https:\/\/noticiasemdestaque.com\/cd\/#\/schema\/logo\/image\/\"}},{\"@type\":\"Person\",\"@id\":\"https:\/\/noticiasemdestaque.com\/cd\/#\/schema\/person\/3e6ba396ff5664a69c392f09a8e1504c\",\"name\":\"Not\u00edcias em Destaque\",\"url\":\"https:\/\/noticiasemdestaque.com\/cd\/?author=2\"}]}<\/script>\n<!-- \/ Yoast SEO plugin. -->","yoast_head_json":{"title":"Cai o n\u00famero de brasileiros endividados em janeiro - Not&iacute;cias em Destaque","robots":{"index":"index","follow":"follow","max-snippet":"max-snippet:-1","max-image-preview":"max-image-preview:large","max-video-preview":"max-video-preview:-1"},"canonical":"https:\/\/noticiasemdestaque.com\/cd\/?p=22711","og_locale":"pt_BR","og_type":"article","og_title":"Cai o n\u00famero de brasileiros endividados em janeiro - Not&iacute;cias em Destaque","og_description":"O percentual de fam\u00edlias com d\u00edvidas em cart\u00e3o de cr\u00e9dito, cheque especial, cheque pr\u00e9-datado, cr\u00e9dito consignado, cr\u00e9dito pessoal, carn\u00ea de loja, presta\u00e7\u00e3o de carro e presta\u00e7\u00e3o da casa diminuiu, em janeiro de 2020, para 65,3%, ap\u00f3s ter alcan\u00e7ado o maior patamar da s\u00e9rie hist\u00f3rica (65,6%) em dezembro. Houve alta, entretanto, na compara\u00e7\u00e3o com janeiro do ano passado, quando o indicador alcan\u00e7ou 60,1%. Os dados s\u00e3o da Pesquisa de Endividamento e Inadimpl\u00eancia do Consumidor (Peic), divulgada hoje (6) pela Confedera\u00e7\u00e3o Nacional do Com\u00e9rcio de Bens, Servi\u00e7os e Turismo (CNC). Segundo a pesquisa, pelo terceiro m\u00eas consecutivo, o percentual de fam\u00edlias inadimplentes, ou seja, com d\u00edvidas ou contas em atraso, teve queda \u2013 de 24,5% para 23,8%. Tamb\u00e9m foi registrada queda no percentual de fam\u00edlias que declararam n\u00e3o ter condi\u00e7\u00f5es de pagar suas contas ou d\u00edvidas em atraso e que, portanto, permaneceriam inadimplentes \u2013 de 10% para 9,6%. Os dois indicadores, por\u00e9m, apresentaram alta em rela\u00e7\u00e3o a janeiro do 2019. De acordo com o presidente da CNC, Jos\u00e9 Roberto Tadros, apesar de o endividamento permanecer em um patamar elevado, a queda nos indicadores de atraso e inadimpl\u00eancia indica que as d\u00edvidas t\u00eam sido compat\u00edveis com a renda das fam\u00edlias. \u201cAs melhores condi\u00e7\u00f5es do cr\u00e9dito t\u00eam permitido a amplia\u00e7\u00e3o desse mercado ao consumidor, que vem tendo mais seguran\u00e7a para comprar por conta da melhora recente do mercado de trabalho, confirmada pelos \u00faltimos indicadores econ\u00f4micos\u201d, afirmou, em nota. Segundo a CNC, a parcela m\u00e9dia da renda comprometida com o pagamento de d\u00edvidas apresentou retra\u00e7\u00e3o na compara\u00e7\u00e3o mensal: de 29,7% para 29,4%. O percentual \u00e9 o menor contabilizado desde maio de 2019. Entre as d\u00edvidas apontadas pelos brasileiros como as principais em janeiro est\u00e3o cart\u00e3o de cr\u00e9dito (79,8%), carn\u00eas (15,9%) e financiamento de carro (10,9%). A economista da CNC Izis Ferreira disse que havia uma demanda represada por bens que s\u00e3o mais dependentes do cr\u00e9dito, como m\u00f3veis e eletrodom\u00e9sticos. \u201cA propor\u00e7\u00e3o do comprometimento da renda com d\u00edvidas vem caindo desde novembro de 2019 e refor\u00e7a que o consumo est\u00e1 sendo retomado atrav\u00e9s do que se pode chamar de d\u00edvida respons\u00e1vel, com as fam\u00edlias se organizando para pagar empr\u00e9stimos e financiamentos\u201d, afirmou, em nota, a economista. Ag\u00eancia Brasil","og_url":"https:\/\/noticiasemdestaque.com\/cd\/?p=22711","og_site_name":"Not&iacute;cias em Destaque","article_published_time":"2020-02-07T10:34:42+00:00","og_image":[{"width":768,"height":512,"url":"https:\/\/noticiasemdestaque.com\/cd\/wp-content\/uploads\/2020\/02\/contass-768x512.jpg","type":"image\/jpeg"}],"author":"Not\u00edcias em Destaque","twitter_card":"summary_large_image","twitter_misc":{"Escrito por":"Not\u00edcias em Destaque","Est. tempo de leitura":"2 minutos"},"schema":{"@context":"https:\/\/schema.org","@graph":[{"@type":"Article","@id":"https:\/\/noticiasemdestaque.com\/cd\/?p=22711#article","isPartOf":{"@id":"https:\/\/noticiasemdestaque.com\/cd\/?p=22711"},"author":{"name":"Not\u00edcias em Destaque","@id":"https:\/\/noticiasemdestaque.com\/cd\/#\/schema\/person\/3e6ba396ff5664a69c392f09a8e1504c"},"headline":"Cai o n\u00famero de brasileiros endividados em janeiro","datePublished":"2020-02-07T10:34:42+00:00","mainEntityOfPage":{"@id":"https:\/\/noticiasemdestaque.com\/cd\/?p=22711"},"wordCount":414,"publisher":{"@id":"https:\/\/noticiasemdestaque.com\/cd\/#organization"},"image":{"@id":"https:\/\/noticiasemdestaque.com\/cd\/?p=22711#primaryimage"},"thumbnailUrl":"https:\/\/noticiasemdestaque.com\/cd\/wp-content\/uploads\/2020\/02\/contass-768x512.jpg","articleSection":["Cidades"],"inLanguage":"pt-BR"},{"@type":"WebPage","@id":"https:\/\/noticiasemdestaque.com\/cd\/?p=22711","url":"https:\/\/noticiasemdestaque.com\/cd\/?p=22711","name":"Cai o n\u00famero de brasileiros endividados em janeiro - Not&iacute;cias em Destaque","isPartOf":{"@id":"https:\/\/noticiasemdestaque.com\/cd\/#website"},"primaryImageOfPage":{"@id":"https:\/\/noticiasemdestaque.com\/cd\/?p=22711#primaryimage"},"image":{"@id":"https:\/\/noticiasemdestaque.com\/cd\/?p=22711#primaryimage"},"thumbnailUrl":"https:\/\/noticiasemdestaque.com\/cd\/wp-content\/uploads\/2020\/02\/contass-768x512.jpg","datePublished":"2020-02-07T10:34:42+00:00","breadcrumb":{"@id":"https:\/\/noticiasemdestaque.com\/cd\/?p=22711#breadcrumb"},"inLanguage":"pt-BR","potentialAction":[{"@type":"ReadAction","target":["https:\/\/noticiasemdestaque.com\/cd\/?p=22711"]}]},{"@type":"ImageObject","inLanguage":"pt-BR","@id":"https:\/\/noticiasemdestaque.com\/cd\/?p=22711#primaryimage","url":"https:\/\/noticiasemdestaque.com\/cd\/wp-content\/uploads\/2020\/02\/contass-768x512.jpg","contentUrl":"https:\/\/noticiasemdestaque.com\/cd\/wp-content\/uploads\/2020\/02\/contass-768x512.jpg","width":768,"height":512},{"@type":"BreadcrumbList","@id":"https:\/\/noticiasemdestaque.com\/cd\/?p=22711#breadcrumb","itemListElement":[{"@type":"ListItem","position":1,"name":"In\u00edcio","item":"https:\/\/noticiasemdestaque.com\/cd\/"},{"@type":"ListItem","position":2,"name":"Cai o n\u00famero de brasileiros endividados em janeiro"}]},{"@type":"WebSite","@id":"https:\/\/noticiasemdestaque.com\/cd\/#website","url":"https:\/\/noticiasemdestaque.com\/cd\/","name":"Not&iacute;cias em Destaque","description":"","publisher":{"@id":"https:\/\/noticiasemdestaque.com\/cd\/#organization"},"potentialAction":[{"@type":"SearchAction","target":{"@type":"EntryPoint","urlTemplate":"https:\/\/noticiasemdestaque.com\/cd\/?s={search_term_string}"},"query-input":{"@type":"PropertyValueSpecification","valueRequired":true,"valueName":"search_term_string"}}],"inLanguage":"pt-BR"},{"@type":"Organization","@id":"https:\/\/noticiasemdestaque.com\/cd\/#organization","name":"Not\u00edcias em Destaque","url":"https:\/\/noticiasemdestaque.com\/cd\/","logo":{"@type":"ImageObject","inLanguage":"pt-BR","@id":"https:\/\/noticiasemdestaque.com\/cd\/#\/schema\/logo\/image\/","url":"https:\/\/noticiasemdestaque.com\/cd\/wp-content\/uploads\/2022\/05\/imagem-base-noticiasemdestaque.png","contentUrl":"https:\/\/noticiasemdestaque.com\/cd\/wp-content\/uploads\/2022\/05\/imagem-base-noticiasemdestaque.png","width":1200,"height":630,"caption":"Not\u00edcias em Destaque"},"image":{"@id":"https:\/\/noticiasemdestaque.com\/cd\/#\/schema\/logo\/image\/"}},{"@type":"Person","@id":"https:\/\/noticiasemdestaque.com\/cd\/#\/schema\/person\/3e6ba396ff5664a69c392f09a8e1504c","name":"Not\u00edcias em Destaque","url":"https:\/\/noticiasemdestaque.com\/cd\/?author=2"}]}},"jetpack_featured_media_url":"https:\/\/noticiasemdestaque.com\/cd\/wp-content\/uploads\/2020\/02\/contass-768x512.jpg","jetpack_sharing_enabled":true,"_links":{"self":[{"href":"https:\/\/noticiasemdestaque.com\/cd\/index.php?rest_route=\/wp\/v2\/posts\/22711","targetHints":{"allow":["GET"]}}],"collection":[{"href":"https:\/\/noticiasemdestaque.com\/cd\/index.php?rest_route=\/wp\/v2\/posts"}],"about":[{"href":"https:\/\/noticiasemdestaque.com\/cd\/index.php?rest_route=\/wp\/v2\/types\/post"}],"author":[{"embeddable":true,"href":"https:\/\/noticiasemdestaque.com\/cd\/index.php?rest_route=\/wp\/v2\/users\/2"}],"replies":[{"embeddable":true,"href":"https:\/\/noticiasemdestaque.com\/cd\/index.php?rest_route=%2Fwp%2Fv2%2Fcomments&post=22711"}],"version-history":[{"count":1,"href":"https:\/\/noticiasemdestaque.com\/cd\/index.php?rest_route=\/wp\/v2\/posts\/22711\/revisions"}],"predecessor-version":[{"id":22713,"href":"https:\/\/noticiasemdestaque.com\/cd\/index.php?rest_route=\/wp\/v2\/posts\/22711\/revisions\/22713"}],"wp:featuredmedia":[{"embeddable":true,"href":"https:\/\/noticiasemdestaque.com\/cd\/index.php?rest_route=\/wp\/v2\/media\/22712"}],"wp:attachment":[{"href":"https:\/\/noticiasemdestaque.com\/cd\/index.php?rest_route=%2Fwp%2Fv2%2Fmedia&parent=22711"}],"wp:term":[{"taxonomy":"category","embeddable":true,"href":"https:\/\/noticiasemdestaque.com\/cd\/index.php?rest_route=%2Fwp%2Fv2%2Fcategories&post=22711"},{"taxonomy":"post_tag","embeddable":true,"href":"https:\/\/noticiasemdestaque.com\/cd\/index.php?rest_route=%2Fwp%2Fv2%2Ftags&post=22711"}],"curies":[{"name":"wp","href":"https:\/\/api.w.org\/{rel}","templated":true}]}}