{"id":226,"date":"2017-06-06T20:34:47","date_gmt":"2017-06-06T23:34:47","guid":{"rendered":"http:\/\/caririemdestaque.com\/cd\/?p=226"},"modified":"2017-06-06T20:39:02","modified_gmt":"2017-06-06T23:39:02","slug":"oficial-cariri-em-destaque-esta-no-ar","status":"publish","type":"post","link":"https:\/\/noticiasemdestaque.com\/cd\/?p=226","title":{"rendered":"OFICIAL: Cariri em Destaque est\u00e1 no ar"},"content":{"rendered":"<p><a href=\"http:\/\/caririemdestaque.com\/cd\/wp-content\/uploads\/2017\/06\/CD.jpg\"><img decoding=\"async\" class=\"size-medium wp-image-227 aligncenter\" src=\"http:\/\/caririemdestaque.com\/cd\/wp-content\/uploads\/2017\/06\/CD-300x154.jpg\" alt=\"\" width=\"300\" height=\"154\" srcset=\"https:\/\/noticiasemdestaque.com\/cd\/wp-content\/uploads\/2017\/06\/CD-300x154.jpg 300w, https:\/\/noticiasemdestaque.com\/cd\/wp-content\/uploads\/2017\/06\/CD-768x395.jpg 768w, https:\/\/noticiasemdestaque.com\/cd\/wp-content\/uploads\/2017\/06\/CD-1024x527.jpg 1024w, https:\/\/noticiasemdestaque.com\/cd\/wp-content\/uploads\/2017\/06\/CD.jpg 1142w\" sizes=\"(max-width: 300px) 100vw, 300px\" \/><\/a><\/p>\n<p>Ter\u00e7a-feira (06\/06\/2017) entra oficialmente no ar, ap\u00f3s um per\u00edodo de testes, o Portal de Not\u00edcias Cariri em Destaque.O Portal Cariri em Destaque \u00e9 fruto de uma parceira de dois profissionais da \u00e1rea do r\u00e1diojornalismo produ\u00e7\u00e3o de v\u00eddeo: Rodolfo Silva e Wandri Tadeus ambos atualmente trabalham na R\u00e1dio Cidade Sum\u00e9 95.7.<\/p>\n<p>O novo site da regi\u00e3o busca levar at\u00e9 os internautas as principais not\u00edcias do Cariri, da Para\u00edba, do Brasil e do mundo, de uma forma coerente, profissional, respeitando a vida pessoal de cada pessoa e principalmente sem o objetivo de fazer de tudo para obter parcerias.<\/p>\n<p>Contamos com a parceria de todos os internautas do <a href=\"http:\/\/www.caririemdestaque.com\/\" target=\"_blank\" rel=\"nofollow noopener noreferrer\">www.caririemdestaque.com.<\/a> Voc\u00ea pode entrar em contato com nossa reda\u00e7\u00e3o atrav\u00e9s do<br \/>\ne-mail:caririemdestaqueredacao@gmail.com<br \/>\ne pelo celular\/ (83) 9 9941-8939 e 9 9408-6125<\/p>\n<p>Cariri em Destaque<\/p>\n","protected":false},"excerpt":{"rendered":"<p>Ter\u00e7a-feira (06\/06\/2017) entra oficialmente no ar, ap\u00f3s um per\u00edodo de testes, o Portal de Not\u00edcias Cariri em Destaque.O Portal Cariri em Destaque \u00e9 fruto de uma parceira de dois profissionais da \u00e1rea do r\u00e1diojornalismo produ\u00e7\u00e3o de v\u00eddeo: Rodolfo Silva e Wandri Tadeus ambos atualmente trabalham na R\u00e1dio Cidade Sum\u00e9 95.7. O novo site da regi\u00e3o busca levar at\u00e9 os internautas as principais not\u00edcias do Cariri, da Para\u00edba, do Brasil e do mundo, de uma forma coerente, profissional, respeitando a vida pessoal de cada pessoa e principalmente sem o objetivo de fazer de tudo para obter parcerias. Contamos com a parceria de todos os internautas do www.caririemdestaque.com. Voc\u00ea pode entrar em contato com nossa reda\u00e7\u00e3o atrav\u00e9s do e-mail:caririemdestaqueredacao@gmail.com e pelo celular\/ (83) 9 9941-8939 e 9 9408-6125 Cariri em Destaque<\/p>\n","protected":false},"author":2,"featured_media":227,"comment_status":"closed","ping_status":"open","sticky":false,"template":"","format":"standard","meta":{"_eb_attr":"","_jetpack_memberships_contains_paid_content":false,"footnotes":""},"categories":[3],"tags":[],"class_list":["post-226","post","type-post","status-publish","format-standard","has-post-thumbnail","hentry","category-cidades"],"yoast_head":"<!-- This site is optimized with the Yoast SEO plugin v26.5 - https:\/\/yoast.com\/wordpress\/plugins\/seo\/ -->\n<title>OFICIAL: Cariri em Destaque est\u00e1 no ar - Not&iacute;cias em Destaque<\/title>\n<meta name=\"robots\" content=\"index, follow, max-snippet:-1, max-image-preview:large, max-video-preview:-1\" \/>\n<link rel=\"canonical\" href=\"https:\/\/noticiasemdestaque.com\/cd\/?p=226\" \/>\n<meta property=\"og:locale\" content=\"pt_BR\" \/>\n<meta property=\"og:type\" content=\"article\" \/>\n<meta property=\"og:title\" content=\"OFICIAL: Cariri em Destaque est\u00e1 no ar - Not&iacute;cias em Destaque\" \/>\n<meta property=\"og:description\" content=\"Ter\u00e7a-feira (06\/06\/2017) entra oficialmente no ar, ap\u00f3s um per\u00edodo de testes, o Portal de Not\u00edcias Cariri em Destaque.O Portal Cariri em Destaque \u00e9 fruto de uma parceira de dois profissionais da \u00e1rea do r\u00e1diojornalismo produ\u00e7\u00e3o de v\u00eddeo: Rodolfo Silva e Wandri Tadeus ambos atualmente trabalham na R\u00e1dio Cidade Sum\u00e9 95.7. O novo site da regi\u00e3o busca levar at\u00e9 os internautas as principais not\u00edcias do Cariri, da Para\u00edba, do Brasil e do mundo, de uma forma coerente, profissional, respeitando a vida pessoal de cada pessoa e principalmente sem o objetivo de fazer de tudo para obter parcerias. Contamos com a parceria de todos os internautas do www.caririemdestaque.com. Voc\u00ea pode entrar em contato com nossa reda\u00e7\u00e3o atrav\u00e9s do e-mail:caririemdestaqueredacao@gmail.com e pelo celular\/ (83) 9 9941-8939 e 9 9408-6125 Cariri em Destaque\" \/>\n<meta property=\"og:url\" content=\"https:\/\/noticiasemdestaque.com\/cd\/?p=226\" \/>\n<meta property=\"og:site_name\" content=\"Not&iacute;cias em Destaque\" \/>\n<meta property=\"article:published_time\" content=\"2017-06-06T23:34:47+00:00\" \/>\n<meta property=\"article:modified_time\" content=\"2017-06-06T23:39:02+00:00\" \/>\n<meta property=\"og:image\" content=\"https:\/\/noticiasemdestaque.com\/cd\/wp-content\/uploads\/2017\/06\/CD.jpg\" \/>\n\t<meta property=\"og:image:width\" content=\"1142\" \/>\n\t<meta property=\"og:image:height\" content=\"588\" \/>\n\t<meta property=\"og:image:type\" content=\"image\/jpeg\" \/>\n<meta name=\"author\" content=\"Not\u00edcias em Destaque\" \/>\n<meta name=\"twitter:card\" content=\"summary_large_image\" \/>\n<meta name=\"twitter:label1\" content=\"Escrito por\" \/>\n\t<meta name=\"twitter:data1\" content=\"Not\u00edcias em Destaque\" \/>\n\t<meta name=\"twitter:label2\" content=\"Est. tempo de leitura\" \/>\n\t<meta name=\"twitter:data2\" content=\"1 minuto\" \/>\n<script type=\"application\/ld+json\" class=\"yoast-schema-graph\">{\"@context\":\"https:\/\/schema.org\",\"@graph\":[{\"@type\":\"Article\",\"@id\":\"https:\/\/noticiasemdestaque.com\/cd\/?p=226#article\",\"isPartOf\":{\"@id\":\"https:\/\/noticiasemdestaque.com\/cd\/?p=226\"},\"author\":{\"name\":\"Not\u00edcias em Destaque\",\"@id\":\"https:\/\/noticiasemdestaque.com\/cd\/#\/schema\/person\/47f7d4f55eec17c6b2ca036c5500f6ce\"},\"headline\":\"OFICIAL: Cariri em Destaque est\u00e1 no ar\",\"datePublished\":\"2017-06-06T23:34:47+00:00\",\"dateModified\":\"2017-06-06T23:39:02+00:00\",\"mainEntityOfPage\":{\"@id\":\"https:\/\/noticiasemdestaque.com\/cd\/?p=226\"},\"wordCount\":149,\"publisher\":{\"@id\":\"https:\/\/noticiasemdestaque.com\/cd\/#organization\"},\"image\":{\"@id\":\"https:\/\/noticiasemdestaque.com\/cd\/?p=226#primaryimage\"},\"thumbnailUrl\":\"https:\/\/noticiasemdestaque.com\/cd\/wp-content\/uploads\/2017\/06\/CD.jpg\",\"articleSection\":[\"Cidades\"],\"inLanguage\":\"pt-BR\"},{\"@type\":\"WebPage\",\"@id\":\"https:\/\/noticiasemdestaque.com\/cd\/?p=226\",\"url\":\"https:\/\/noticiasemdestaque.com\/cd\/?p=226\",\"name\":\"OFICIAL: Cariri em Destaque est\u00e1 no ar - Not&iacute;cias em Destaque\",\"isPartOf\":{\"@id\":\"https:\/\/noticiasemdestaque.com\/cd\/#website\"},\"primaryImageOfPage\":{\"@id\":\"https:\/\/noticiasemdestaque.com\/cd\/?p=226#primaryimage\"},\"image\":{\"@id\":\"https:\/\/noticiasemdestaque.com\/cd\/?p=226#primaryimage\"},\"thumbnailUrl\":\"https:\/\/noticiasemdestaque.com\/cd\/wp-content\/uploads\/2017\/06\/CD.jpg\",\"datePublished\":\"2017-06-06T23:34:47+00:00\",\"dateModified\":\"2017-06-06T23:39:02+00:00\",\"breadcrumb\":{\"@id\":\"https:\/\/noticiasemdestaque.com\/cd\/?p=226#breadcrumb\"},\"inLanguage\":\"pt-BR\",\"potentialAction\":[{\"@type\":\"ReadAction\",\"target\":[\"https:\/\/noticiasemdestaque.com\/cd\/?p=226\"]}]},{\"@type\":\"ImageObject\",\"inLanguage\":\"pt-BR\",\"@id\":\"https:\/\/noticiasemdestaque.com\/cd\/?p=226#primaryimage\",\"url\":\"https:\/\/noticiasemdestaque.com\/cd\/wp-content\/uploads\/2017\/06\/CD.jpg\",\"contentUrl\":\"https:\/\/noticiasemdestaque.com\/cd\/wp-content\/uploads\/2017\/06\/CD.jpg\",\"width\":1142,\"height\":588},{\"@type\":\"BreadcrumbList\",\"@id\":\"https:\/\/noticiasemdestaque.com\/cd\/?p=226#breadcrumb\",\"itemListElement\":[{\"@type\":\"ListItem\",\"position\":1,\"name\":\"In\u00edcio\",\"item\":\"https:\/\/noticiasemdestaque.com\/cd\/\"},{\"@type\":\"ListItem\",\"position\":2,\"name\":\"OFICIAL: Cariri em Destaque est\u00e1 no ar\"}]},{\"@type\":\"WebSite\",\"@id\":\"https:\/\/noticiasemdestaque.com\/cd\/#website\",\"url\":\"https:\/\/noticiasemdestaque.com\/cd\/\",\"name\":\"Not&iacute;cias em Destaque\",\"description\":\"\",\"publisher\":{\"@id\":\"https:\/\/noticiasemdestaque.com\/cd\/#organization\"},\"potentialAction\":[{\"@type\":\"SearchAction\",\"target\":{\"@type\":\"EntryPoint\",\"urlTemplate\":\"https:\/\/noticiasemdestaque.com\/cd\/?s={search_term_string}\"},\"query-input\":{\"@type\":\"PropertyValueSpecification\",\"valueRequired\":true,\"valueName\":\"search_term_string\"}}],\"inLanguage\":\"pt-BR\"},{\"@type\":\"Organization\",\"@id\":\"https:\/\/noticiasemdestaque.com\/cd\/#organization\",\"name\":\"Not\u00edcias em Destaque\",\"url\":\"https:\/\/noticiasemdestaque.com\/cd\/\",\"logo\":{\"@type\":\"ImageObject\",\"inLanguage\":\"pt-BR\",\"@id\":\"https:\/\/noticiasemdestaque.com\/cd\/#\/schema\/logo\/image\/\",\"url\":\"https:\/\/noticiasemdestaque.com\/cd\/wp-content\/uploads\/2022\/05\/imagem-base-noticiasemdestaque.png\",\"contentUrl\":\"https:\/\/noticiasemdestaque.com\/cd\/wp-content\/uploads\/2022\/05\/imagem-base-noticiasemdestaque.png\",\"width\":1200,\"height\":630,\"caption\":\"Not\u00edcias em Destaque\"},\"image\":{\"@id\":\"https:\/\/noticiasemdestaque.com\/cd\/#\/schema\/logo\/image\/\"}},{\"@type\":\"Person\",\"@id\":\"https:\/\/noticiasemdestaque.com\/cd\/#\/schema\/person\/47f7d4f55eec17c6b2ca036c5500f6ce\",\"name\":\"Not\u00edcias em Destaque\",\"url\":\"https:\/\/noticiasemdestaque.com\/cd\/?author=2\"}]}<\/script>\n<!-- \/ Yoast SEO plugin. -->","yoast_head_json":{"title":"OFICIAL: Cariri em Destaque est\u00e1 no ar - Not&iacute;cias em Destaque","robots":{"index":"index","follow":"follow","max-snippet":"max-snippet:-1","max-image-preview":"max-image-preview:large","max-video-preview":"max-video-preview:-1"},"canonical":"https:\/\/noticiasemdestaque.com\/cd\/?p=226","og_locale":"pt_BR","og_type":"article","og_title":"OFICIAL: Cariri em Destaque est\u00e1 no ar - Not&iacute;cias em Destaque","og_description":"Ter\u00e7a-feira (06\/06\/2017) entra oficialmente no ar, ap\u00f3s um per\u00edodo de testes, o Portal de Not\u00edcias Cariri em Destaque.O Portal Cariri em Destaque \u00e9 fruto de uma parceira de dois profissionais da \u00e1rea do r\u00e1diojornalismo produ\u00e7\u00e3o de v\u00eddeo: Rodolfo Silva e Wandri Tadeus ambos atualmente trabalham na R\u00e1dio Cidade Sum\u00e9 95.7. O novo site da regi\u00e3o busca levar at\u00e9 os internautas as principais not\u00edcias do Cariri, da Para\u00edba, do Brasil e do mundo, de uma forma coerente, profissional, respeitando a vida pessoal de cada pessoa e principalmente sem o objetivo de fazer de tudo para obter parcerias. Contamos com a parceria de todos os internautas do www.caririemdestaque.com. Voc\u00ea pode entrar em contato com nossa reda\u00e7\u00e3o atrav\u00e9s do e-mail:caririemdestaqueredacao@gmail.com e pelo celular\/ (83) 9 9941-8939 e 9 9408-6125 Cariri em Destaque","og_url":"https:\/\/noticiasemdestaque.com\/cd\/?p=226","og_site_name":"Not&iacute;cias em Destaque","article_published_time":"2017-06-06T23:34:47+00:00","article_modified_time":"2017-06-06T23:39:02+00:00","og_image":[{"width":1142,"height":588,"url":"https:\/\/noticiasemdestaque.com\/cd\/wp-content\/uploads\/2017\/06\/CD.jpg","type":"image\/jpeg"}],"author":"Not\u00edcias em Destaque","twitter_card":"summary_large_image","twitter_misc":{"Escrito por":"Not\u00edcias em Destaque","Est. tempo de leitura":"1 minuto"},"schema":{"@context":"https:\/\/schema.org","@graph":[{"@type":"Article","@id":"https:\/\/noticiasemdestaque.com\/cd\/?p=226#article","isPartOf":{"@id":"https:\/\/noticiasemdestaque.com\/cd\/?p=226"},"author":{"name":"Not\u00edcias em Destaque","@id":"https:\/\/noticiasemdestaque.com\/cd\/#\/schema\/person\/47f7d4f55eec17c6b2ca036c5500f6ce"},"headline":"OFICIAL: Cariri em Destaque est\u00e1 no ar","datePublished":"2017-06-06T23:34:47+00:00","dateModified":"2017-06-06T23:39:02+00:00","mainEntityOfPage":{"@id":"https:\/\/noticiasemdestaque.com\/cd\/?p=226"},"wordCount":149,"publisher":{"@id":"https:\/\/noticiasemdestaque.com\/cd\/#organization"},"image":{"@id":"https:\/\/noticiasemdestaque.com\/cd\/?p=226#primaryimage"},"thumbnailUrl":"https:\/\/noticiasemdestaque.com\/cd\/wp-content\/uploads\/2017\/06\/CD.jpg","articleSection":["Cidades"],"inLanguage":"pt-BR"},{"@type":"WebPage","@id":"https:\/\/noticiasemdestaque.com\/cd\/?p=226","url":"https:\/\/noticiasemdestaque.com\/cd\/?p=226","name":"OFICIAL: Cariri em Destaque est\u00e1 no ar - Not&iacute;cias em Destaque","isPartOf":{"@id":"https:\/\/noticiasemdestaque.com\/cd\/#website"},"primaryImageOfPage":{"@id":"https:\/\/noticiasemdestaque.com\/cd\/?p=226#primaryimage"},"image":{"@id":"https:\/\/noticiasemdestaque.com\/cd\/?p=226#primaryimage"},"thumbnailUrl":"https:\/\/noticiasemdestaque.com\/cd\/wp-content\/uploads\/2017\/06\/CD.jpg","datePublished":"2017-06-06T23:34:47+00:00","dateModified":"2017-06-06T23:39:02+00:00","breadcrumb":{"@id":"https:\/\/noticiasemdestaque.com\/cd\/?p=226#breadcrumb"},"inLanguage":"pt-BR","potentialAction":[{"@type":"ReadAction","target":["https:\/\/noticiasemdestaque.com\/cd\/?p=226"]}]},{"@type":"ImageObject","inLanguage":"pt-BR","@id":"https:\/\/noticiasemdestaque.com\/cd\/?p=226#primaryimage","url":"https:\/\/noticiasemdestaque.com\/cd\/wp-content\/uploads\/2017\/06\/CD.jpg","contentUrl":"https:\/\/noticiasemdestaque.com\/cd\/wp-content\/uploads\/2017\/06\/CD.jpg","width":1142,"height":588},{"@type":"BreadcrumbList","@id":"https:\/\/noticiasemdestaque.com\/cd\/?p=226#breadcrumb","itemListElement":[{"@type":"ListItem","position":1,"name":"In\u00edcio","item":"https:\/\/noticiasemdestaque.com\/cd\/"},{"@type":"ListItem","position":2,"name":"OFICIAL: Cariri em Destaque est\u00e1 no ar"}]},{"@type":"WebSite","@id":"https:\/\/noticiasemdestaque.com\/cd\/#website","url":"https:\/\/noticiasemdestaque.com\/cd\/","name":"Not&iacute;cias em Destaque","description":"","publisher":{"@id":"https:\/\/noticiasemdestaque.com\/cd\/#organization"},"potentialAction":[{"@type":"SearchAction","target":{"@type":"EntryPoint","urlTemplate":"https:\/\/noticiasemdestaque.com\/cd\/?s={search_term_string}"},"query-input":{"@type":"PropertyValueSpecification","valueRequired":true,"valueName":"search_term_string"}}],"inLanguage":"pt-BR"},{"@type":"Organization","@id":"https:\/\/noticiasemdestaque.com\/cd\/#organization","name":"Not\u00edcias em Destaque","url":"https:\/\/noticiasemdestaque.com\/cd\/","logo":{"@type":"ImageObject","inLanguage":"pt-BR","@id":"https:\/\/noticiasemdestaque.com\/cd\/#\/schema\/logo\/image\/","url":"https:\/\/noticiasemdestaque.com\/cd\/wp-content\/uploads\/2022\/05\/imagem-base-noticiasemdestaque.png","contentUrl":"https:\/\/noticiasemdestaque.com\/cd\/wp-content\/uploads\/2022\/05\/imagem-base-noticiasemdestaque.png","width":1200,"height":630,"caption":"Not\u00edcias em Destaque"},"image":{"@id":"https:\/\/noticiasemdestaque.com\/cd\/#\/schema\/logo\/image\/"}},{"@type":"Person","@id":"https:\/\/noticiasemdestaque.com\/cd\/#\/schema\/person\/47f7d4f55eec17c6b2ca036c5500f6ce","name":"Not\u00edcias em Destaque","url":"https:\/\/noticiasemdestaque.com\/cd\/?author=2"}]}},"jetpack_featured_media_url":"https:\/\/noticiasemdestaque.com\/cd\/wp-content\/uploads\/2017\/06\/CD.jpg","jetpack_sharing_enabled":true,"_links":{"self":[{"href":"https:\/\/noticiasemdestaque.com\/cd\/index.php?rest_route=\/wp\/v2\/posts\/226","targetHints":{"allow":["GET"]}}],"collection":[{"href":"https:\/\/noticiasemdestaque.com\/cd\/index.php?rest_route=\/wp\/v2\/posts"}],"about":[{"href":"https:\/\/noticiasemdestaque.com\/cd\/index.php?rest_route=\/wp\/v2\/types\/post"}],"author":[{"embeddable":true,"href":"https:\/\/noticiasemdestaque.com\/cd\/index.php?rest_route=\/wp\/v2\/users\/2"}],"replies":[{"embeddable":true,"href":"https:\/\/noticiasemdestaque.com\/cd\/index.php?rest_route=%2Fwp%2Fv2%2Fcomments&post=226"}],"version-history":[{"count":1,"href":"https:\/\/noticiasemdestaque.com\/cd\/index.php?rest_route=\/wp\/v2\/posts\/226\/revisions"}],"predecessor-version":[{"id":228,"href":"https:\/\/noticiasemdestaque.com\/cd\/index.php?rest_route=\/wp\/v2\/posts\/226\/revisions\/228"}],"wp:featuredmedia":[{"embeddable":true,"href":"https:\/\/noticiasemdestaque.com\/cd\/index.php?rest_route=\/wp\/v2\/media\/227"}],"wp:attachment":[{"href":"https:\/\/noticiasemdestaque.com\/cd\/index.php?rest_route=%2Fwp%2Fv2%2Fmedia&parent=226"}],"wp:term":[{"taxonomy":"category","embeddable":true,"href":"https:\/\/noticiasemdestaque.com\/cd\/index.php?rest_route=%2Fwp%2Fv2%2Fcategories&post=226"},{"taxonomy":"post_tag","embeddable":true,"href":"https:\/\/noticiasemdestaque.com\/cd\/index.php?rest_route=%2Fwp%2Fv2%2Ftags&post=226"}],"curies":[{"name":"wp","href":"https:\/\/api.w.org\/{rel}","templated":true}]}}