{"id":22337,"date":"2020-01-25T05:12:03","date_gmt":"2020-01-25T08:12:03","guid":{"rendered":"http:\/\/noticiasemdestaque.com\/cd\/?p=22337"},"modified":"2020-01-25T05:12:03","modified_gmt":"2020-01-25T08:12:03","slug":"morre-o-jornalista-e-comentarista-esportivo-sergio-noronha","status":"publish","type":"post","link":"https:\/\/noticiasemdestaque.com\/cd\/?p=22337","title":{"rendered":"Morre o jornalista e comentarista esportivo S\u00e9rgio Noronha"},"content":{"rendered":"<p><a href=\"https:\/\/noticiasemdestaque.com\/cd\/wp-content\/uploads\/2020\/01\/x39538123_0405.2002DIVULGACAOEXT-JXSERGIO-NORONHA-COMENTARISTAVIA-EMAILL-1.jpg.pagespeed.ic_.6P_noehIST.jpg\"><img fetchpriority=\"high\" decoding=\"async\" class=\"wp-image-22338 aligncenter\" src=\"https:\/\/noticiasemdestaque.com\/cd\/wp-content\/uploads\/2020\/01\/x39538123_0405.2002DIVULGACAOEXT-JXSERGIO-NORONHA-COMENTARISTAVIA-EMAILL-1.jpg.pagespeed.ic_.6P_noehIST-1024x615.jpg\" alt=\"\" width=\"498\" height=\"299\" srcset=\"https:\/\/noticiasemdestaque.com\/cd\/wp-content\/uploads\/2020\/01\/x39538123_0405.2002DIVULGACAOEXT-JXSERGIO-NORONHA-COMENTARISTAVIA-EMAILL-1.jpg.pagespeed.ic_.6P_noehIST-1024x615.jpg 1024w, https:\/\/noticiasemdestaque.com\/cd\/wp-content\/uploads\/2020\/01\/x39538123_0405.2002DIVULGACAOEXT-JXSERGIO-NORONHA-COMENTARISTAVIA-EMAILL-1.jpg.pagespeed.ic_.6P_noehIST-300x180.jpg 300w, https:\/\/noticiasemdestaque.com\/cd\/wp-content\/uploads\/2020\/01\/x39538123_0405.2002DIVULGACAOEXT-JXSERGIO-NORONHA-COMENTARISTAVIA-EMAILL-1.jpg.pagespeed.ic_.6P_noehIST-768x461.jpg 768w, https:\/\/noticiasemdestaque.com\/cd\/wp-content\/uploads\/2020\/01\/x39538123_0405.2002DIVULGACAOEXT-JXSERGIO-NORONHA-COMENTARISTAVIA-EMAILL-1.jpg.pagespeed.ic_.6P_noehIST.jpg 1086w\" sizes=\"(max-width: 498px) 100vw, 498px\" \/><\/a><\/p>\n<p>O jornalista e comentarista esportivo S\u00e9rgio Noronha, chamado carinhosamente de seu Non\u00f4, morreu hoje (24) aos 87 anos, no Hospital Rio Laranjeiras, na zona sul do Rio, v\u00edtima de uma parada card\u00edaca, ap\u00f3s contrair uma pneumonia h\u00e1 10 dias.<\/p>\n<p>Noronha sofria de Alzeheimer e era morador do Retiro dos Artistas, em Jacarepagu\u00e1, desde novembro de 2018, levado pelo amigo e \u00e1rbitro de futebol Arnaldo Cezar Coelho.<\/p>\n<p>Noronha morou durante anos em Ipanema, na zona sul do Rio, e era frequentador ass\u00edduo da praia, onde ia todas as manh\u00e3s e mantinha a pele bronzeada de quem curtia o mar.<\/p>\n<p>Um dos grandes jornalistas e comunicadores da sua gera\u00e7\u00e3o, S\u00e9rgio Noronha se destacou no jornal, no r\u00e1dio e na TV. Era carioca, nasceu no dia 28 de dezembro de 1932 e estudou Letras na Faculdade Lafayete. Em 1959, virou rep\u00f3rter do\u00a0<em>Jornal do Brasil\u00a0<\/em>e trabalhou ainda nos jornais\u00a0<em>Di\u00e1rio Carioca<\/em>,\u00a0<em>Correio da Manh\u00e3\u00a0<\/em>e\u00a0<em>\u00daltima Hora<\/em>, al\u00e9m das revistas\u00a0<em>Senhor\u00a0<\/em>e\u00a0<em>TV Guia<\/em>.<\/p>\n<p>Manteve durante anos uma coluna di\u00e1ria sobre futebol no\u00a0<em>Jornal do Brasil\u00a0<\/em>e depois se mudou para o r\u00e1dio e a televis\u00e3o. No r\u00e1dio participou de mesas redondas e coment\u00e1rios de jogos em v\u00e1rias emissoras e tamb\u00e9m na televis\u00e3o, onde comentava os jogos nas transmiss\u00f5es esportivas, como na Rede Globo, onde atuou ao lado de Galv\u00e3o Bueno e Arnaldo Cezar Coelho. Fez parte tamb\u00e9m das equipes da TV Educativa, atual TV Brasil, Tupi, TV Rio e no Canal SporTV.<\/p>\n<p>Depois de deixar a Rede Globo, onde trabalhou por mais de duas d\u00e9cadas, em Janeiro de 2009 assinou contrato com a TV Bandeirantes para comentar o Campeonato Carioca na emissora. Foi tamb\u00e9m comentarista do canal pay-per-view Premiere. Tamb\u00e9m fez parte dos<em>\u00a0Debates Populares<\/em>, do programa\u00a0<em>Haroldo de Andrade<\/em>, na R\u00e1dio Globo, onde participava da mesa de debatedores que discutia os temas em destaque do dia.<\/p>\n","protected":false},"excerpt":{"rendered":"<p>O jornalista e comentarista esportivo S\u00e9rgio Noronha, chamado carinhosamente de seu Non\u00f4, morreu hoje (24) aos 87 anos, no Hospital Rio Laranjeiras, na zona sul do Rio, v\u00edtima de uma parada card\u00edaca, ap\u00f3s contrair uma pneumonia h\u00e1 10 dias. Noronha sofria de Alzeheimer e era morador do Retiro dos Artistas, em Jacarepagu\u00e1, desde novembro de 2018, levado pelo amigo e \u00e1rbitro de futebol Arnaldo Cezar Coelho. Noronha morou durante anos em Ipanema, na zona sul do Rio, e era frequentador ass\u00edduo da praia, onde ia todas as manh\u00e3s e mantinha a pele bronzeada de quem curtia o mar. Um dos grandes jornalistas e comunicadores da sua gera\u00e7\u00e3o, S\u00e9rgio Noronha se destacou no jornal, no r\u00e1dio e na TV. Era carioca, nasceu no dia 28 de dezembro de 1932 e estudou Letras na Faculdade Lafayete. Em 1959, virou rep\u00f3rter do\u00a0Jornal do Brasil\u00a0e trabalhou ainda nos jornais\u00a0Di\u00e1rio Carioca,\u00a0Correio da Manh\u00e3\u00a0e\u00a0\u00daltima Hora, al\u00e9m das revistas\u00a0Senhor\u00a0e\u00a0TV Guia. Manteve durante anos uma coluna di\u00e1ria sobre futebol no\u00a0Jornal do Brasil\u00a0e depois se mudou para o r\u00e1dio e a televis\u00e3o. No r\u00e1dio participou de mesas redondas e coment\u00e1rios de jogos em v\u00e1rias emissoras e tamb\u00e9m na televis\u00e3o, onde comentava os jogos nas transmiss\u00f5es esportivas, como na Rede Globo, onde atuou ao lado de Galv\u00e3o Bueno e Arnaldo Cezar Coelho. Fez parte tamb\u00e9m das equipes da TV Educativa, atual TV Brasil, Tupi, TV Rio e no Canal SporTV. Depois de deixar a Rede Globo, onde trabalhou por mais de duas d\u00e9cadas, em Janeiro de 2009 assinou contrato com a TV Bandeirantes para comentar o Campeonato Carioca na emissora. Foi tamb\u00e9m comentarista do canal pay-per-view Premiere. Tamb\u00e9m fez parte dos\u00a0Debates Populares, do programa\u00a0Haroldo de Andrade, na R\u00e1dio Globo, onde participava da mesa de debatedores que discutia os temas em destaque do dia.<\/p>\n","protected":false},"author":2,"featured_media":22338,"comment_status":"closed","ping_status":"open","sticky":false,"template":"","format":"standard","meta":{"_eb_attr":"","_jetpack_memberships_contains_paid_content":false,"footnotes":""},"categories":[12],"tags":[],"class_list":["post-22337","post","type-post","status-publish","format-standard","has-post-thumbnail","hentry","category-geral"],"yoast_head":"<!-- This site is optimized with the Yoast SEO plugin v26.5 - https:\/\/yoast.com\/wordpress\/plugins\/seo\/ -->\n<title>Morre o jornalista e comentarista esportivo S\u00e9rgio Noronha - Not&iacute;cias em Destaque<\/title>\n<meta name=\"robots\" content=\"index, follow, max-snippet:-1, max-image-preview:large, max-video-preview:-1\" \/>\n<link rel=\"canonical\" href=\"https:\/\/noticiasemdestaque.com\/cd\/?p=22337\" \/>\n<meta property=\"og:locale\" content=\"pt_BR\" \/>\n<meta property=\"og:type\" content=\"article\" \/>\n<meta property=\"og:title\" content=\"Morre o jornalista e comentarista esportivo S\u00e9rgio Noronha - Not&iacute;cias em Destaque\" \/>\n<meta property=\"og:description\" content=\"O jornalista e comentarista esportivo S\u00e9rgio Noronha, chamado carinhosamente de seu Non\u00f4, morreu hoje (24) aos 87 anos, no Hospital Rio Laranjeiras, na zona sul do Rio, v\u00edtima de uma parada card\u00edaca, ap\u00f3s contrair uma pneumonia h\u00e1 10 dias. Noronha sofria de Alzeheimer e era morador do Retiro dos Artistas, em Jacarepagu\u00e1, desde novembro de 2018, levado pelo amigo e \u00e1rbitro de futebol Arnaldo Cezar Coelho. Noronha morou durante anos em Ipanema, na zona sul do Rio, e era frequentador ass\u00edduo da praia, onde ia todas as manh\u00e3s e mantinha a pele bronzeada de quem curtia o mar. Um dos grandes jornalistas e comunicadores da sua gera\u00e7\u00e3o, S\u00e9rgio Noronha se destacou no jornal, no r\u00e1dio e na TV. Era carioca, nasceu no dia 28 de dezembro de 1932 e estudou Letras na Faculdade Lafayete. Em 1959, virou rep\u00f3rter do\u00a0Jornal do Brasil\u00a0e trabalhou ainda nos jornais\u00a0Di\u00e1rio Carioca,\u00a0Correio da Manh\u00e3\u00a0e\u00a0\u00daltima Hora, al\u00e9m das revistas\u00a0Senhor\u00a0e\u00a0TV Guia. Manteve durante anos uma coluna di\u00e1ria sobre futebol no\u00a0Jornal do Brasil\u00a0e depois se mudou para o r\u00e1dio e a televis\u00e3o. No r\u00e1dio participou de mesas redondas e coment\u00e1rios de jogos em v\u00e1rias emissoras e tamb\u00e9m na televis\u00e3o, onde comentava os jogos nas transmiss\u00f5es esportivas, como na Rede Globo, onde atuou ao lado de Galv\u00e3o Bueno e Arnaldo Cezar Coelho. Fez parte tamb\u00e9m das equipes da TV Educativa, atual TV Brasil, Tupi, TV Rio e no Canal SporTV. Depois de deixar a Rede Globo, onde trabalhou por mais de duas d\u00e9cadas, em Janeiro de 2009 assinou contrato com a TV Bandeirantes para comentar o Campeonato Carioca na emissora. Foi tamb\u00e9m comentarista do canal pay-per-view Premiere. Tamb\u00e9m fez parte dos\u00a0Debates Populares, do programa\u00a0Haroldo de Andrade, na R\u00e1dio Globo, onde participava da mesa de debatedores que discutia os temas em destaque do dia.\" \/>\n<meta property=\"og:url\" content=\"https:\/\/noticiasemdestaque.com\/cd\/?p=22337\" \/>\n<meta property=\"og:site_name\" content=\"Not&iacute;cias em Destaque\" \/>\n<meta property=\"article:published_time\" content=\"2020-01-25T08:12:03+00:00\" \/>\n<meta property=\"og:image\" content=\"https:\/\/noticiasemdestaque.com\/cd\/wp-content\/uploads\/2020\/01\/x39538123_0405.2002DIVULGACAOEXT-JXSERGIO-NORONHA-COMENTARISTAVIA-EMAILL-1.jpg.pagespeed.ic_.6P_noehIST.jpg\" \/>\n\t<meta property=\"og:image:width\" content=\"1086\" \/>\n\t<meta property=\"og:image:height\" content=\"652\" \/>\n\t<meta property=\"og:image:type\" content=\"image\/jpeg\" \/>\n<meta name=\"author\" content=\"Not\u00edcias em Destaque\" \/>\n<meta name=\"twitter:card\" content=\"summary_large_image\" \/>\n<meta name=\"twitter:label1\" content=\"Escrito por\" \/>\n\t<meta name=\"twitter:data1\" content=\"Not\u00edcias em Destaque\" \/>\n\t<meta name=\"twitter:label2\" content=\"Est. tempo de leitura\" \/>\n\t<meta name=\"twitter:data2\" content=\"2 minutos\" \/>\n<script type=\"application\/ld+json\" class=\"yoast-schema-graph\">{\"@context\":\"https:\/\/schema.org\",\"@graph\":[{\"@type\":\"Article\",\"@id\":\"https:\/\/noticiasemdestaque.com\/cd\/?p=22337#article\",\"isPartOf\":{\"@id\":\"https:\/\/noticiasemdestaque.com\/cd\/?p=22337\"},\"author\":{\"name\":\"Not\u00edcias em Destaque\",\"@id\":\"https:\/\/noticiasemdestaque.com\/cd\/#\/schema\/person\/3e6ba396ff5664a69c392f09a8e1504c\"},\"headline\":\"Morre o jornalista e comentarista esportivo S\u00e9rgio Noronha\",\"datePublished\":\"2020-01-25T08:12:03+00:00\",\"mainEntityOfPage\":{\"@id\":\"https:\/\/noticiasemdestaque.com\/cd\/?p=22337\"},\"wordCount\":334,\"publisher\":{\"@id\":\"https:\/\/noticiasemdestaque.com\/cd\/#organization\"},\"image\":{\"@id\":\"https:\/\/noticiasemdestaque.com\/cd\/?p=22337#primaryimage\"},\"thumbnailUrl\":\"https:\/\/noticiasemdestaque.com\/cd\/wp-content\/uploads\/2020\/01\/x39538123_0405.2002DIVULGACAOEXT-JXSERGIO-NORONHA-COMENTARISTAVIA-EMAILL-1.jpg.pagespeed.ic_.6P_noehIST.jpg\",\"articleSection\":[\"Geral\"],\"inLanguage\":\"pt-BR\"},{\"@type\":\"WebPage\",\"@id\":\"https:\/\/noticiasemdestaque.com\/cd\/?p=22337\",\"url\":\"https:\/\/noticiasemdestaque.com\/cd\/?p=22337\",\"name\":\"Morre o jornalista e comentarista esportivo S\u00e9rgio Noronha - Not&iacute;cias em Destaque\",\"isPartOf\":{\"@id\":\"https:\/\/noticiasemdestaque.com\/cd\/#website\"},\"primaryImageOfPage\":{\"@id\":\"https:\/\/noticiasemdestaque.com\/cd\/?p=22337#primaryimage\"},\"image\":{\"@id\":\"https:\/\/noticiasemdestaque.com\/cd\/?p=22337#primaryimage\"},\"thumbnailUrl\":\"https:\/\/noticiasemdestaque.com\/cd\/wp-content\/uploads\/2020\/01\/x39538123_0405.2002DIVULGACAOEXT-JXSERGIO-NORONHA-COMENTARISTAVIA-EMAILL-1.jpg.pagespeed.ic_.6P_noehIST.jpg\",\"datePublished\":\"2020-01-25T08:12:03+00:00\",\"breadcrumb\":{\"@id\":\"https:\/\/noticiasemdestaque.com\/cd\/?p=22337#breadcrumb\"},\"inLanguage\":\"pt-BR\",\"potentialAction\":[{\"@type\":\"ReadAction\",\"target\":[\"https:\/\/noticiasemdestaque.com\/cd\/?p=22337\"]}]},{\"@type\":\"ImageObject\",\"inLanguage\":\"pt-BR\",\"@id\":\"https:\/\/noticiasemdestaque.com\/cd\/?p=22337#primaryimage\",\"url\":\"https:\/\/noticiasemdestaque.com\/cd\/wp-content\/uploads\/2020\/01\/x39538123_0405.2002DIVULGACAOEXT-JXSERGIO-NORONHA-COMENTARISTAVIA-EMAILL-1.jpg.pagespeed.ic_.6P_noehIST.jpg\",\"contentUrl\":\"https:\/\/noticiasemdestaque.com\/cd\/wp-content\/uploads\/2020\/01\/x39538123_0405.2002DIVULGACAOEXT-JXSERGIO-NORONHA-COMENTARISTAVIA-EMAILL-1.jpg.pagespeed.ic_.6P_noehIST.jpg\",\"width\":1086,\"height\":652},{\"@type\":\"BreadcrumbList\",\"@id\":\"https:\/\/noticiasemdestaque.com\/cd\/?p=22337#breadcrumb\",\"itemListElement\":[{\"@type\":\"ListItem\",\"position\":1,\"name\":\"In\u00edcio\",\"item\":\"https:\/\/noticiasemdestaque.com\/cd\/\"},{\"@type\":\"ListItem\",\"position\":2,\"name\":\"Morre o jornalista e comentarista esportivo S\u00e9rgio Noronha\"}]},{\"@type\":\"WebSite\",\"@id\":\"https:\/\/noticiasemdestaque.com\/cd\/#website\",\"url\":\"https:\/\/noticiasemdestaque.com\/cd\/\",\"name\":\"Not&iacute;cias em Destaque\",\"description\":\"\",\"publisher\":{\"@id\":\"https:\/\/noticiasemdestaque.com\/cd\/#organization\"},\"potentialAction\":[{\"@type\":\"SearchAction\",\"target\":{\"@type\":\"EntryPoint\",\"urlTemplate\":\"https:\/\/noticiasemdestaque.com\/cd\/?s={search_term_string}\"},\"query-input\":{\"@type\":\"PropertyValueSpecification\",\"valueRequired\":true,\"valueName\":\"search_term_string\"}}],\"inLanguage\":\"pt-BR\"},{\"@type\":\"Organization\",\"@id\":\"https:\/\/noticiasemdestaque.com\/cd\/#organization\",\"name\":\"Not\u00edcias em Destaque\",\"url\":\"https:\/\/noticiasemdestaque.com\/cd\/\",\"logo\":{\"@type\":\"ImageObject\",\"inLanguage\":\"pt-BR\",\"@id\":\"https:\/\/noticiasemdestaque.com\/cd\/#\/schema\/logo\/image\/\",\"url\":\"https:\/\/noticiasemdestaque.com\/cd\/wp-content\/uploads\/2022\/05\/imagem-base-noticiasemdestaque.png\",\"contentUrl\":\"https:\/\/noticiasemdestaque.com\/cd\/wp-content\/uploads\/2022\/05\/imagem-base-noticiasemdestaque.png\",\"width\":1200,\"height\":630,\"caption\":\"Not\u00edcias em Destaque\"},\"image\":{\"@id\":\"https:\/\/noticiasemdestaque.com\/cd\/#\/schema\/logo\/image\/\"}},{\"@type\":\"Person\",\"@id\":\"https:\/\/noticiasemdestaque.com\/cd\/#\/schema\/person\/3e6ba396ff5664a69c392f09a8e1504c\",\"name\":\"Not\u00edcias em Destaque\",\"url\":\"https:\/\/noticiasemdestaque.com\/cd\/?author=2\"}]}<\/script>\n<!-- \/ Yoast SEO plugin. -->","yoast_head_json":{"title":"Morre o jornalista e comentarista esportivo S\u00e9rgio Noronha - Not&iacute;cias em Destaque","robots":{"index":"index","follow":"follow","max-snippet":"max-snippet:-1","max-image-preview":"max-image-preview:large","max-video-preview":"max-video-preview:-1"},"canonical":"https:\/\/noticiasemdestaque.com\/cd\/?p=22337","og_locale":"pt_BR","og_type":"article","og_title":"Morre o jornalista e comentarista esportivo S\u00e9rgio Noronha - Not&iacute;cias em Destaque","og_description":"O jornalista e comentarista esportivo S\u00e9rgio Noronha, chamado carinhosamente de seu Non\u00f4, morreu hoje (24) aos 87 anos, no Hospital Rio Laranjeiras, na zona sul do Rio, v\u00edtima de uma parada card\u00edaca, ap\u00f3s contrair uma pneumonia h\u00e1 10 dias. Noronha sofria de Alzeheimer e era morador do Retiro dos Artistas, em Jacarepagu\u00e1, desde novembro de 2018, levado pelo amigo e \u00e1rbitro de futebol Arnaldo Cezar Coelho. Noronha morou durante anos em Ipanema, na zona sul do Rio, e era frequentador ass\u00edduo da praia, onde ia todas as manh\u00e3s e mantinha a pele bronzeada de quem curtia o mar. Um dos grandes jornalistas e comunicadores da sua gera\u00e7\u00e3o, S\u00e9rgio Noronha se destacou no jornal, no r\u00e1dio e na TV. Era carioca, nasceu no dia 28 de dezembro de 1932 e estudou Letras na Faculdade Lafayete. Em 1959, virou rep\u00f3rter do\u00a0Jornal do Brasil\u00a0e trabalhou ainda nos jornais\u00a0Di\u00e1rio Carioca,\u00a0Correio da Manh\u00e3\u00a0e\u00a0\u00daltima Hora, al\u00e9m das revistas\u00a0Senhor\u00a0e\u00a0TV Guia. Manteve durante anos uma coluna di\u00e1ria sobre futebol no\u00a0Jornal do Brasil\u00a0e depois se mudou para o r\u00e1dio e a televis\u00e3o. No r\u00e1dio participou de mesas redondas e coment\u00e1rios de jogos em v\u00e1rias emissoras e tamb\u00e9m na televis\u00e3o, onde comentava os jogos nas transmiss\u00f5es esportivas, como na Rede Globo, onde atuou ao lado de Galv\u00e3o Bueno e Arnaldo Cezar Coelho. Fez parte tamb\u00e9m das equipes da TV Educativa, atual TV Brasil, Tupi, TV Rio e no Canal SporTV. Depois de deixar a Rede Globo, onde trabalhou por mais de duas d\u00e9cadas, em Janeiro de 2009 assinou contrato com a TV Bandeirantes para comentar o Campeonato Carioca na emissora. Foi tamb\u00e9m comentarista do canal pay-per-view Premiere. Tamb\u00e9m fez parte dos\u00a0Debates Populares, do programa\u00a0Haroldo de Andrade, na R\u00e1dio Globo, onde participava da mesa de debatedores que discutia os temas em destaque do dia.","og_url":"https:\/\/noticiasemdestaque.com\/cd\/?p=22337","og_site_name":"Not&iacute;cias em Destaque","article_published_time":"2020-01-25T08:12:03+00:00","og_image":[{"width":1086,"height":652,"url":"https:\/\/noticiasemdestaque.com\/cd\/wp-content\/uploads\/2020\/01\/x39538123_0405.2002DIVULGACAOEXT-JXSERGIO-NORONHA-COMENTARISTAVIA-EMAILL-1.jpg.pagespeed.ic_.6P_noehIST.jpg","type":"image\/jpeg"}],"author":"Not\u00edcias em Destaque","twitter_card":"summary_large_image","twitter_misc":{"Escrito por":"Not\u00edcias em Destaque","Est. tempo de leitura":"2 minutos"},"schema":{"@context":"https:\/\/schema.org","@graph":[{"@type":"Article","@id":"https:\/\/noticiasemdestaque.com\/cd\/?p=22337#article","isPartOf":{"@id":"https:\/\/noticiasemdestaque.com\/cd\/?p=22337"},"author":{"name":"Not\u00edcias em Destaque","@id":"https:\/\/noticiasemdestaque.com\/cd\/#\/schema\/person\/3e6ba396ff5664a69c392f09a8e1504c"},"headline":"Morre o jornalista e comentarista esportivo S\u00e9rgio Noronha","datePublished":"2020-01-25T08:12:03+00:00","mainEntityOfPage":{"@id":"https:\/\/noticiasemdestaque.com\/cd\/?p=22337"},"wordCount":334,"publisher":{"@id":"https:\/\/noticiasemdestaque.com\/cd\/#organization"},"image":{"@id":"https:\/\/noticiasemdestaque.com\/cd\/?p=22337#primaryimage"},"thumbnailUrl":"https:\/\/noticiasemdestaque.com\/cd\/wp-content\/uploads\/2020\/01\/x39538123_0405.2002DIVULGACAOEXT-JXSERGIO-NORONHA-COMENTARISTAVIA-EMAILL-1.jpg.pagespeed.ic_.6P_noehIST.jpg","articleSection":["Geral"],"inLanguage":"pt-BR"},{"@type":"WebPage","@id":"https:\/\/noticiasemdestaque.com\/cd\/?p=22337","url":"https:\/\/noticiasemdestaque.com\/cd\/?p=22337","name":"Morre o jornalista e comentarista esportivo S\u00e9rgio Noronha - Not&iacute;cias em Destaque","isPartOf":{"@id":"https:\/\/noticiasemdestaque.com\/cd\/#website"},"primaryImageOfPage":{"@id":"https:\/\/noticiasemdestaque.com\/cd\/?p=22337#primaryimage"},"image":{"@id":"https:\/\/noticiasemdestaque.com\/cd\/?p=22337#primaryimage"},"thumbnailUrl":"https:\/\/noticiasemdestaque.com\/cd\/wp-content\/uploads\/2020\/01\/x39538123_0405.2002DIVULGACAOEXT-JXSERGIO-NORONHA-COMENTARISTAVIA-EMAILL-1.jpg.pagespeed.ic_.6P_noehIST.jpg","datePublished":"2020-01-25T08:12:03+00:00","breadcrumb":{"@id":"https:\/\/noticiasemdestaque.com\/cd\/?p=22337#breadcrumb"},"inLanguage":"pt-BR","potentialAction":[{"@type":"ReadAction","target":["https:\/\/noticiasemdestaque.com\/cd\/?p=22337"]}]},{"@type":"ImageObject","inLanguage":"pt-BR","@id":"https:\/\/noticiasemdestaque.com\/cd\/?p=22337#primaryimage","url":"https:\/\/noticiasemdestaque.com\/cd\/wp-content\/uploads\/2020\/01\/x39538123_0405.2002DIVULGACAOEXT-JXSERGIO-NORONHA-COMENTARISTAVIA-EMAILL-1.jpg.pagespeed.ic_.6P_noehIST.jpg","contentUrl":"https:\/\/noticiasemdestaque.com\/cd\/wp-content\/uploads\/2020\/01\/x39538123_0405.2002DIVULGACAOEXT-JXSERGIO-NORONHA-COMENTARISTAVIA-EMAILL-1.jpg.pagespeed.ic_.6P_noehIST.jpg","width":1086,"height":652},{"@type":"BreadcrumbList","@id":"https:\/\/noticiasemdestaque.com\/cd\/?p=22337#breadcrumb","itemListElement":[{"@type":"ListItem","position":1,"name":"In\u00edcio","item":"https:\/\/noticiasemdestaque.com\/cd\/"},{"@type":"ListItem","position":2,"name":"Morre o jornalista e comentarista esportivo S\u00e9rgio Noronha"}]},{"@type":"WebSite","@id":"https:\/\/noticiasemdestaque.com\/cd\/#website","url":"https:\/\/noticiasemdestaque.com\/cd\/","name":"Not&iacute;cias em Destaque","description":"","publisher":{"@id":"https:\/\/noticiasemdestaque.com\/cd\/#organization"},"potentialAction":[{"@type":"SearchAction","target":{"@type":"EntryPoint","urlTemplate":"https:\/\/noticiasemdestaque.com\/cd\/?s={search_term_string}"},"query-input":{"@type":"PropertyValueSpecification","valueRequired":true,"valueName":"search_term_string"}}],"inLanguage":"pt-BR"},{"@type":"Organization","@id":"https:\/\/noticiasemdestaque.com\/cd\/#organization","name":"Not\u00edcias em Destaque","url":"https:\/\/noticiasemdestaque.com\/cd\/","logo":{"@type":"ImageObject","inLanguage":"pt-BR","@id":"https:\/\/noticiasemdestaque.com\/cd\/#\/schema\/logo\/image\/","url":"https:\/\/noticiasemdestaque.com\/cd\/wp-content\/uploads\/2022\/05\/imagem-base-noticiasemdestaque.png","contentUrl":"https:\/\/noticiasemdestaque.com\/cd\/wp-content\/uploads\/2022\/05\/imagem-base-noticiasemdestaque.png","width":1200,"height":630,"caption":"Not\u00edcias em Destaque"},"image":{"@id":"https:\/\/noticiasemdestaque.com\/cd\/#\/schema\/logo\/image\/"}},{"@type":"Person","@id":"https:\/\/noticiasemdestaque.com\/cd\/#\/schema\/person\/3e6ba396ff5664a69c392f09a8e1504c","name":"Not\u00edcias em Destaque","url":"https:\/\/noticiasemdestaque.com\/cd\/?author=2"}]}},"jetpack_featured_media_url":"https:\/\/noticiasemdestaque.com\/cd\/wp-content\/uploads\/2020\/01\/x39538123_0405.2002DIVULGACAOEXT-JXSERGIO-NORONHA-COMENTARISTAVIA-EMAILL-1.jpg.pagespeed.ic_.6P_noehIST.jpg","jetpack_sharing_enabled":true,"_links":{"self":[{"href":"https:\/\/noticiasemdestaque.com\/cd\/index.php?rest_route=\/wp\/v2\/posts\/22337","targetHints":{"allow":["GET"]}}],"collection":[{"href":"https:\/\/noticiasemdestaque.com\/cd\/index.php?rest_route=\/wp\/v2\/posts"}],"about":[{"href":"https:\/\/noticiasemdestaque.com\/cd\/index.php?rest_route=\/wp\/v2\/types\/post"}],"author":[{"embeddable":true,"href":"https:\/\/noticiasemdestaque.com\/cd\/index.php?rest_route=\/wp\/v2\/users\/2"}],"replies":[{"embeddable":true,"href":"https:\/\/noticiasemdestaque.com\/cd\/index.php?rest_route=%2Fwp%2Fv2%2Fcomments&post=22337"}],"version-history":[{"count":1,"href":"https:\/\/noticiasemdestaque.com\/cd\/index.php?rest_route=\/wp\/v2\/posts\/22337\/revisions"}],"predecessor-version":[{"id":22339,"href":"https:\/\/noticiasemdestaque.com\/cd\/index.php?rest_route=\/wp\/v2\/posts\/22337\/revisions\/22339"}],"wp:featuredmedia":[{"embeddable":true,"href":"https:\/\/noticiasemdestaque.com\/cd\/index.php?rest_route=\/wp\/v2\/media\/22338"}],"wp:attachment":[{"href":"https:\/\/noticiasemdestaque.com\/cd\/index.php?rest_route=%2Fwp%2Fv2%2Fmedia&parent=22337"}],"wp:term":[{"taxonomy":"category","embeddable":true,"href":"https:\/\/noticiasemdestaque.com\/cd\/index.php?rest_route=%2Fwp%2Fv2%2Fcategories&post=22337"},{"taxonomy":"post_tag","embeddable":true,"href":"https:\/\/noticiasemdestaque.com\/cd\/index.php?rest_route=%2Fwp%2Fv2%2Ftags&post=22337"}],"curies":[{"name":"wp","href":"https:\/\/api.w.org\/{rel}","templated":true}]}}