{"id":21951,"date":"2020-01-14T07:17:06","date_gmt":"2020-01-14T10:17:06","guid":{"rendered":"http:\/\/noticiasemdestaque.com\/cd\/?p=21951"},"modified":"2020-01-14T07:17:06","modified_gmt":"2020-01-14T10:17:06","slug":"governo-divulga-documentacao-obrigatoria-para-posse-dos-aprovados-no-concurso-do-magisterio","status":"publish","type":"post","link":"https:\/\/noticiasemdestaque.com\/cd\/?p=21951","title":{"rendered":"Governo divulga documenta\u00e7\u00e3o obrigat\u00f3ria para posse dos aprovados no Concurso do Magist\u00e9rio"},"content":{"rendered":"<p><a href=\"https:\/\/noticiasemdestaque.com\/cd\/wp-content\/uploads\/2018\/01\/concurso_nova.jpg\"><img fetchpriority=\"high\" decoding=\"async\" class=\"wp-image-7058 aligncenter\" src=\"https:\/\/noticiasemdestaque.com\/cd\/wp-content\/uploads\/2018\/01\/concurso_nova.jpg\" alt=\"\" width=\"502\" height=\"335\" srcset=\"https:\/\/noticiasemdestaque.com\/cd\/wp-content\/uploads\/2018\/01\/concurso_nova.jpg 970w, https:\/\/noticiasemdestaque.com\/cd\/wp-content\/uploads\/2018\/01\/concurso_nova-300x200.jpg 300w, https:\/\/noticiasemdestaque.com\/cd\/wp-content\/uploads\/2018\/01\/concurso_nova-768x512.jpg 768w, https:\/\/noticiasemdestaque.com\/cd\/wp-content\/uploads\/2018\/01\/concurso_nova-480x320.jpg 480w\" sizes=\"(max-width: 502px) 100vw, 502px\" \/><\/a><\/p>\n<p>O Governo do Estado, por meio da Secretaria de Estado da Administra\u00e7\u00e3o, informa que os candidatos aprovados no Concurso do Magist\u00e9rio, para o cargo efetivo de Professor de Educa\u00e7\u00e3o B\u00e1sica 3, da Secretaria de Estado da Educa\u00e7\u00e3o e da Ci\u00eancia e Tecnologia, que tomar\u00e3o posse no pr\u00f3ximo dia 20 de janeiro, devem seguir alguns procedimentos obrigat\u00f3rios antes da cerim\u00f4nia de posse.<\/p>\n<p>Os aprovados devem providenciar alguns documentos obrigat\u00f3rios para o procedimento. S\u00e3o eles:<\/p>\n<ul>\n<li><b>Atestado de Sa\u00fade Ocupacional de Sanidade Mental e Capacidade F\u00edsica:\u00a0<\/b>o aprovado dever\u00e1 fazer o agendamento com a Per\u00edcia M\u00e9dica do Estado da Para\u00edba, para emiss\u00e3o deste atestado. Esse agendamento dever\u00e1 ser feito pelos seguintes n\u00fameros: Jo\u00e3o Pessoa (3214-7772), Campina Grande (3310-7195), Guarabira (3271-2671), Monteiro (3351-2223), Patos (3421-2355), Sousa (3522-6184) ou Cajazeiras (3531-2098). Na data agendada para a per\u00edcia, o aprovado deve levar o Atestado de Sanidade Mental, emitido pelo\u00a0Complexo Juliano Moreira, ou pelos Centros de Aten\u00e7\u00e3o Psicossocial (Caps) ou institui\u00e7\u00e3o privada (consult\u00f3rio m\u00e9dico) desde que emitido por psiquiatra.<\/li>\n<\/ul>\n<p>Para os classificados no concurso que s\u00e3o portadores de necessidades especiais, tamb\u00e9m \u00e9 exigido o laudo m\u00e9dico emitido pela Funda\u00e7\u00e3o Centro Integrado de Apoio ao Portador de Defici\u00eancia (Funad). Uma equipe da Funad est\u00e1 respons\u00e1vel por entrar em contato com estes aprovados para agendamento.<\/p>\n<ul>\n<li><b>PIS ou Pasep<\/b>: o candidato que j\u00e1 tiver algum dos dois documentos deve se dirigir a institui\u00e7\u00e3o competente para confirmar se o documento est\u00e1 v\u00e1lido (se tiver inv\u00e1lido n\u00e3o ser\u00e1 poss\u00edvel tomar posse). No caso de PIS, deve ir a qualquer Ag\u00eancia da Caixa Econ\u00f4mica; e Pasep, em qualquer ag\u00eancia do Banco do Brasil. Caso n\u00e3o tenha nenhum dos dois, o Pasep ser\u00e1 gerado no momento da posse.<\/li>\n<li><b>Conta banc\u00e1ria:\u00a0<\/b>o aprovado j\u00e1 deve chegar ao Espa\u00e7o Cultural no dia 20 de janeiro com a conta banc\u00e1ria no Banco Bradesco aberta. No momento da posse dever\u00e1 ser apresentado o \u2018Protocolo de Recebimento\u2019 do Bradesco, ou outro documento que comprove os dados da conta aberta. Sem a conta, n\u00e3o \u00e9 poss\u00edvel tomar posse.<\/li>\n<li><b>Declara\u00e7\u00f5es de Bens, Declara\u00e7\u00e3o que n\u00e3o exerce outro cargo ou fun\u00e7\u00e3o p\u00fablica inacumul\u00e1vel (nas esferas Municipais, Estaduais e Federais),<\/b>\u00a0<b>e Declara\u00e7\u00e3o de n\u00e3o haver sofrido penalidade disciplinar em fun\u00e7\u00e3o p\u00fablica:\u00a0<\/b>essas declara\u00e7\u00f5es ser\u00e3o preenchidas em formul\u00e1rio pr\u00f3prio no ato da posse.<\/li>\n<li><b>Diploma<\/b>: quanto ao diploma, certificado ou certid\u00e3o de Licenciatura Plena na disciplina ao qual se inscreveu, n\u00e3o ser\u00e1 aceita \u2018Declara\u00e7\u00e3o de conclus\u00e3o de curso\u2019. O curso deve ter o reconhecimento do MEC, ent\u00e3o as duas c\u00f3pias devem ser feitas frente e verso (pois \u00e9 no verso que se encontra o carimbo do MEC).<\/li>\n<li><b>Demais documentos<\/b>: al\u00e9m dos citados acima, o aprovado tamb\u00e9m dever\u00e1 apresentar a original e duas c\u00f3pias dos seguintes documentos: CPF e Consulta da situa\u00e7\u00e3o cadastral do CPF no site da Receita Federal, RG, T\u00edtulo de Eleitor, Certid\u00e3o de Nascimento ou Casamento (no caso de divorciados, Averba\u00e7\u00e3o de Div\u00f3rcio; Documento de Uni\u00e3o Est\u00e1vel), Comprovante de vota\u00e7\u00e3o da \u00faltima elei\u00e7\u00e3o ou Certid\u00e3o de quita\u00e7\u00e3o eleitoral, emitido pelo TRE ou pelos Cart\u00f3rios Eleitorais, Certificado de Reservista ou de dispensa da Incorpora\u00e7\u00e3o.<\/li>\n<li><b>Ato Governamental de Nomea\u00e7\u00e3o:<\/b>\u00a0ser\u00e1 entregue pela equipe da Casa Civil ap\u00f3s a solenidade de posse que ser\u00e1 realizada dia 20 de janeiro no Espa\u00e7o Cultural.<\/li>\n<\/ul>\n<p>&nbsp;<\/p>\n","protected":false},"excerpt":{"rendered":"<p>O Governo do Estado, por meio da Secretaria de Estado da Administra\u00e7\u00e3o, informa que os candidatos aprovados no Concurso do Magist\u00e9rio, para o cargo efetivo de Professor de Educa\u00e7\u00e3o B\u00e1sica 3, da Secretaria de Estado da Educa\u00e7\u00e3o e da Ci\u00eancia e Tecnologia, que tomar\u00e3o posse no pr\u00f3ximo dia 20 de janeiro, devem seguir alguns procedimentos obrigat\u00f3rios antes da cerim\u00f4nia de posse. Os aprovados devem providenciar alguns documentos obrigat\u00f3rios para o procedimento. S\u00e3o eles: Atestado de Sa\u00fade Ocupacional de Sanidade Mental e Capacidade F\u00edsica:\u00a0o aprovado dever\u00e1 fazer o agendamento com a Per\u00edcia M\u00e9dica do Estado da Para\u00edba, para emiss\u00e3o deste atestado. Esse agendamento dever\u00e1 ser feito pelos seguintes n\u00fameros: Jo\u00e3o Pessoa (3214-7772), Campina Grande (3310-7195), Guarabira (3271-2671), Monteiro (3351-2223), Patos (3421-2355), Sousa (3522-6184) ou Cajazeiras (3531-2098). Na data agendada para a per\u00edcia, o aprovado deve levar o Atestado de Sanidade Mental, emitido pelo\u00a0Complexo Juliano Moreira, ou pelos Centros de Aten\u00e7\u00e3o Psicossocial (Caps) ou institui\u00e7\u00e3o privada (consult\u00f3rio m\u00e9dico) desde que emitido por psiquiatra. Para os classificados no concurso que s\u00e3o portadores de necessidades especiais, tamb\u00e9m \u00e9 exigido o laudo m\u00e9dico emitido pela Funda\u00e7\u00e3o Centro Integrado de Apoio ao Portador de Defici\u00eancia (Funad). Uma equipe da Funad est\u00e1 respons\u00e1vel por entrar em contato com estes aprovados para agendamento. PIS ou Pasep: o candidato que j\u00e1 tiver algum dos dois documentos deve se dirigir a institui\u00e7\u00e3o competente para confirmar se o documento est\u00e1 v\u00e1lido (se tiver inv\u00e1lido n\u00e3o ser\u00e1 poss\u00edvel tomar posse). No caso de PIS, deve ir a qualquer Ag\u00eancia da Caixa Econ\u00f4mica; e Pasep, em qualquer ag\u00eancia do Banco do Brasil. Caso n\u00e3o tenha nenhum dos dois, o Pasep ser\u00e1 gerado no momento da posse. Conta banc\u00e1ria:\u00a0o aprovado j\u00e1 deve chegar ao Espa\u00e7o Cultural no dia 20 de janeiro com a conta banc\u00e1ria no Banco Bradesco aberta. No momento da posse dever\u00e1 ser apresentado o \u2018Protocolo de Recebimento\u2019 do Bradesco, ou outro documento que comprove os dados da conta aberta. Sem a conta, n\u00e3o \u00e9 poss\u00edvel tomar posse. Declara\u00e7\u00f5es de Bens, Declara\u00e7\u00e3o que n\u00e3o exerce outro cargo ou fun\u00e7\u00e3o p\u00fablica inacumul\u00e1vel (nas esferas Municipais, Estaduais e Federais),\u00a0e Declara\u00e7\u00e3o de n\u00e3o haver sofrido penalidade disciplinar em fun\u00e7\u00e3o p\u00fablica:\u00a0essas declara\u00e7\u00f5es ser\u00e3o preenchidas em formul\u00e1rio pr\u00f3prio no ato da posse. Diploma: quanto ao diploma, certificado ou certid\u00e3o de Licenciatura Plena na disciplina ao qual se inscreveu, n\u00e3o ser\u00e1 aceita \u2018Declara\u00e7\u00e3o de conclus\u00e3o de curso\u2019. O curso deve ter o reconhecimento do MEC, ent\u00e3o as duas c\u00f3pias devem ser feitas frente e verso (pois \u00e9 no verso que se encontra o carimbo do MEC). Demais documentos: al\u00e9m dos citados acima, o aprovado tamb\u00e9m dever\u00e1 apresentar a original e duas c\u00f3pias dos seguintes documentos: CPF e Consulta da situa\u00e7\u00e3o cadastral do CPF no site da Receita Federal, RG, T\u00edtulo de Eleitor, Certid\u00e3o de Nascimento ou Casamento (no caso de divorciados, Averba\u00e7\u00e3o de Div\u00f3rcio; Documento de Uni\u00e3o Est\u00e1vel), Comprovante de vota\u00e7\u00e3o da \u00faltima elei\u00e7\u00e3o ou Certid\u00e3o de quita\u00e7\u00e3o eleitoral, emitido pelo TRE ou pelos Cart\u00f3rios Eleitorais, Certificado de Reservista ou de dispensa da Incorpora\u00e7\u00e3o. Ato Governamental de Nomea\u00e7\u00e3o:\u00a0ser\u00e1 entregue pela equipe da Casa Civil ap\u00f3s a solenidade de posse que ser\u00e1 realizada dia 20 de janeiro no Espa\u00e7o Cultural. &nbsp;<\/p>\n","protected":false},"author":2,"featured_media":11859,"comment_status":"closed","ping_status":"open","sticky":false,"template":"","format":"standard","meta":{"_eb_attr":"","_jetpack_memberships_contains_paid_content":false,"footnotes":""},"categories":[6],"tags":[],"class_list":["post-21951","post","type-post","status-publish","format-standard","has-post-thumbnail","hentry","category-educacao"],"yoast_head":"<!-- This site is optimized with the Yoast SEO plugin v26.5 - https:\/\/yoast.com\/wordpress\/plugins\/seo\/ -->\n<title>Governo divulga documenta\u00e7\u00e3o obrigat\u00f3ria para posse dos aprovados no Concurso do Magist\u00e9rio - Not&iacute;cias em Destaque<\/title>\n<meta name=\"robots\" content=\"index, follow, max-snippet:-1, max-image-preview:large, max-video-preview:-1\" \/>\n<link rel=\"canonical\" href=\"https:\/\/noticiasemdestaque.com\/cd\/?p=21951\" \/>\n<meta property=\"og:locale\" content=\"pt_BR\" \/>\n<meta property=\"og:type\" content=\"article\" \/>\n<meta property=\"og:title\" content=\"Governo divulga documenta\u00e7\u00e3o obrigat\u00f3ria para posse dos aprovados no Concurso do Magist\u00e9rio - Not&iacute;cias em Destaque\" \/>\n<meta property=\"og:description\" content=\"O Governo do Estado, por meio da Secretaria de Estado da Administra\u00e7\u00e3o, informa que os candidatos aprovados no Concurso do Magist\u00e9rio, para o cargo efetivo de Professor de Educa\u00e7\u00e3o B\u00e1sica 3, da Secretaria de Estado da Educa\u00e7\u00e3o e da Ci\u00eancia e Tecnologia, que tomar\u00e3o posse no pr\u00f3ximo dia 20 de janeiro, devem seguir alguns procedimentos obrigat\u00f3rios antes da cerim\u00f4nia de posse. Os aprovados devem providenciar alguns documentos obrigat\u00f3rios para o procedimento. S\u00e3o eles: Atestado de Sa\u00fade Ocupacional de Sanidade Mental e Capacidade F\u00edsica:\u00a0o aprovado dever\u00e1 fazer o agendamento com a Per\u00edcia M\u00e9dica do Estado da Para\u00edba, para emiss\u00e3o deste atestado. Esse agendamento dever\u00e1 ser feito pelos seguintes n\u00fameros: Jo\u00e3o Pessoa (3214-7772), Campina Grande (3310-7195), Guarabira (3271-2671), Monteiro (3351-2223), Patos (3421-2355), Sousa (3522-6184) ou Cajazeiras (3531-2098). Na data agendada para a per\u00edcia, o aprovado deve levar o Atestado de Sanidade Mental, emitido pelo\u00a0Complexo Juliano Moreira, ou pelos Centros de Aten\u00e7\u00e3o Psicossocial (Caps) ou institui\u00e7\u00e3o privada (consult\u00f3rio m\u00e9dico) desde que emitido por psiquiatra. Para os classificados no concurso que s\u00e3o portadores de necessidades especiais, tamb\u00e9m \u00e9 exigido o laudo m\u00e9dico emitido pela Funda\u00e7\u00e3o Centro Integrado de Apoio ao Portador de Defici\u00eancia (Funad). Uma equipe da Funad est\u00e1 respons\u00e1vel por entrar em contato com estes aprovados para agendamento. PIS ou Pasep: o candidato que j\u00e1 tiver algum dos dois documentos deve se dirigir a institui\u00e7\u00e3o competente para confirmar se o documento est\u00e1 v\u00e1lido (se tiver inv\u00e1lido n\u00e3o ser\u00e1 poss\u00edvel tomar posse). No caso de PIS, deve ir a qualquer Ag\u00eancia da Caixa Econ\u00f4mica; e Pasep, em qualquer ag\u00eancia do Banco do Brasil. Caso n\u00e3o tenha nenhum dos dois, o Pasep ser\u00e1 gerado no momento da posse. Conta banc\u00e1ria:\u00a0o aprovado j\u00e1 deve chegar ao Espa\u00e7o Cultural no dia 20 de janeiro com a conta banc\u00e1ria no Banco Bradesco aberta. No momento da posse dever\u00e1 ser apresentado o \u2018Protocolo de Recebimento\u2019 do Bradesco, ou outro documento que comprove os dados da conta aberta. Sem a conta, n\u00e3o \u00e9 poss\u00edvel tomar posse. Declara\u00e7\u00f5es de Bens, Declara\u00e7\u00e3o que n\u00e3o exerce outro cargo ou fun\u00e7\u00e3o p\u00fablica inacumul\u00e1vel (nas esferas Municipais, Estaduais e Federais),\u00a0e Declara\u00e7\u00e3o de n\u00e3o haver sofrido penalidade disciplinar em fun\u00e7\u00e3o p\u00fablica:\u00a0essas declara\u00e7\u00f5es ser\u00e3o preenchidas em formul\u00e1rio pr\u00f3prio no ato da posse. Diploma: quanto ao diploma, certificado ou certid\u00e3o de Licenciatura Plena na disciplina ao qual se inscreveu, n\u00e3o ser\u00e1 aceita \u2018Declara\u00e7\u00e3o de conclus\u00e3o de curso\u2019. O curso deve ter o reconhecimento do MEC, ent\u00e3o as duas c\u00f3pias devem ser feitas frente e verso (pois \u00e9 no verso que se encontra o carimbo do MEC). Demais documentos: al\u00e9m dos citados acima, o aprovado tamb\u00e9m dever\u00e1 apresentar a original e duas c\u00f3pias dos seguintes documentos: CPF e Consulta da situa\u00e7\u00e3o cadastral do CPF no site da Receita Federal, RG, T\u00edtulo de Eleitor, Certid\u00e3o de Nascimento ou Casamento (no caso de divorciados, Averba\u00e7\u00e3o de Div\u00f3rcio; Documento de Uni\u00e3o Est\u00e1vel), Comprovante de vota\u00e7\u00e3o da \u00faltima elei\u00e7\u00e3o ou Certid\u00e3o de quita\u00e7\u00e3o eleitoral, emitido pelo TRE ou pelos Cart\u00f3rios Eleitorais, Certificado de Reservista ou de dispensa da Incorpora\u00e7\u00e3o. Ato Governamental de Nomea\u00e7\u00e3o:\u00a0ser\u00e1 entregue pela equipe da Casa Civil ap\u00f3s a solenidade de posse que ser\u00e1 realizada dia 20 de janeiro no Espa\u00e7o Cultural. &nbsp;\" \/>\n<meta property=\"og:url\" content=\"https:\/\/noticiasemdestaque.com\/cd\/?p=21951\" \/>\n<meta property=\"og:site_name\" content=\"Not&iacute;cias em Destaque\" \/>\n<meta property=\"article:published_time\" content=\"2020-01-14T10:17:06+00:00\" \/>\n<meta property=\"og:image\" content=\"https:\/\/noticiasemdestaque.com\/cd\/wp-content\/uploads\/2018\/08\/concurso-principais-materiais.jpg\" \/>\n\t<meta property=\"og:image:width\" content=\"1417\" \/>\n\t<meta property=\"og:image:height\" content=\"675\" \/>\n\t<meta property=\"og:image:type\" content=\"image\/jpeg\" \/>\n<meta name=\"author\" content=\"Not\u00edcias em Destaque\" \/>\n<meta name=\"twitter:card\" content=\"summary_large_image\" \/>\n<meta name=\"twitter:label1\" content=\"Escrito por\" \/>\n\t<meta name=\"twitter:data1\" content=\"Not\u00edcias em Destaque\" \/>\n\t<meta name=\"twitter:label2\" content=\"Est. tempo de leitura\" \/>\n\t<meta name=\"twitter:data2\" content=\"3 minutos\" \/>\n<script type=\"application\/ld+json\" class=\"yoast-schema-graph\">{\"@context\":\"https:\/\/schema.org\",\"@graph\":[{\"@type\":\"Article\",\"@id\":\"https:\/\/noticiasemdestaque.com\/cd\/?p=21951#article\",\"isPartOf\":{\"@id\":\"https:\/\/noticiasemdestaque.com\/cd\/?p=21951\"},\"author\":{\"name\":\"Not\u00edcias em Destaque\",\"@id\":\"https:\/\/noticiasemdestaque.com\/cd\/#\/schema\/person\/3e6ba396ff5664a69c392f09a8e1504c\"},\"headline\":\"Governo divulga documenta\u00e7\u00e3o obrigat\u00f3ria para posse dos aprovados no Concurso do Magist\u00e9rio\",\"datePublished\":\"2020-01-14T10:17:06+00:00\",\"mainEntityOfPage\":{\"@id\":\"https:\/\/noticiasemdestaque.com\/cd\/?p=21951\"},\"wordCount\":620,\"publisher\":{\"@id\":\"https:\/\/noticiasemdestaque.com\/cd\/#organization\"},\"image\":{\"@id\":\"https:\/\/noticiasemdestaque.com\/cd\/?p=21951#primaryimage\"},\"thumbnailUrl\":\"https:\/\/noticiasemdestaque.com\/cd\/wp-content\/uploads\/2018\/08\/concurso-principais-materiais.jpg\",\"articleSection\":[\"Educa\u00e7\u00e3o\"],\"inLanguage\":\"pt-BR\"},{\"@type\":\"WebPage\",\"@id\":\"https:\/\/noticiasemdestaque.com\/cd\/?p=21951\",\"url\":\"https:\/\/noticiasemdestaque.com\/cd\/?p=21951\",\"name\":\"Governo divulga documenta\u00e7\u00e3o obrigat\u00f3ria para posse dos aprovados no Concurso do Magist\u00e9rio - Not&iacute;cias em Destaque\",\"isPartOf\":{\"@id\":\"https:\/\/noticiasemdestaque.com\/cd\/#website\"},\"primaryImageOfPage\":{\"@id\":\"https:\/\/noticiasemdestaque.com\/cd\/?p=21951#primaryimage\"},\"image\":{\"@id\":\"https:\/\/noticiasemdestaque.com\/cd\/?p=21951#primaryimage\"},\"thumbnailUrl\":\"https:\/\/noticiasemdestaque.com\/cd\/wp-content\/uploads\/2018\/08\/concurso-principais-materiais.jpg\",\"datePublished\":\"2020-01-14T10:17:06+00:00\",\"breadcrumb\":{\"@id\":\"https:\/\/noticiasemdestaque.com\/cd\/?p=21951#breadcrumb\"},\"inLanguage\":\"pt-BR\",\"potentialAction\":[{\"@type\":\"ReadAction\",\"target\":[\"https:\/\/noticiasemdestaque.com\/cd\/?p=21951\"]}]},{\"@type\":\"ImageObject\",\"inLanguage\":\"pt-BR\",\"@id\":\"https:\/\/noticiasemdestaque.com\/cd\/?p=21951#primaryimage\",\"url\":\"https:\/\/noticiasemdestaque.com\/cd\/wp-content\/uploads\/2018\/08\/concurso-principais-materiais.jpg\",\"contentUrl\":\"https:\/\/noticiasemdestaque.com\/cd\/wp-content\/uploads\/2018\/08\/concurso-principais-materiais.jpg\",\"width\":1417,\"height\":675},{\"@type\":\"BreadcrumbList\",\"@id\":\"https:\/\/noticiasemdestaque.com\/cd\/?p=21951#breadcrumb\",\"itemListElement\":[{\"@type\":\"ListItem\",\"position\":1,\"name\":\"In\u00edcio\",\"item\":\"https:\/\/noticiasemdestaque.com\/cd\/\"},{\"@type\":\"ListItem\",\"position\":2,\"name\":\"Governo divulga documenta\u00e7\u00e3o obrigat\u00f3ria para posse dos aprovados no Concurso do Magist\u00e9rio\"}]},{\"@type\":\"WebSite\",\"@id\":\"https:\/\/noticiasemdestaque.com\/cd\/#website\",\"url\":\"https:\/\/noticiasemdestaque.com\/cd\/\",\"name\":\"Not&iacute;cias em Destaque\",\"description\":\"\",\"publisher\":{\"@id\":\"https:\/\/noticiasemdestaque.com\/cd\/#organization\"},\"potentialAction\":[{\"@type\":\"SearchAction\",\"target\":{\"@type\":\"EntryPoint\",\"urlTemplate\":\"https:\/\/noticiasemdestaque.com\/cd\/?s={search_term_string}\"},\"query-input\":{\"@type\":\"PropertyValueSpecification\",\"valueRequired\":true,\"valueName\":\"search_term_string\"}}],\"inLanguage\":\"pt-BR\"},{\"@type\":\"Organization\",\"@id\":\"https:\/\/noticiasemdestaque.com\/cd\/#organization\",\"name\":\"Not\u00edcias em Destaque\",\"url\":\"https:\/\/noticiasemdestaque.com\/cd\/\",\"logo\":{\"@type\":\"ImageObject\",\"inLanguage\":\"pt-BR\",\"@id\":\"https:\/\/noticiasemdestaque.com\/cd\/#\/schema\/logo\/image\/\",\"url\":\"https:\/\/noticiasemdestaque.com\/cd\/wp-content\/uploads\/2022\/05\/imagem-base-noticiasemdestaque.png\",\"contentUrl\":\"https:\/\/noticiasemdestaque.com\/cd\/wp-content\/uploads\/2022\/05\/imagem-base-noticiasemdestaque.png\",\"width\":1200,\"height\":630,\"caption\":\"Not\u00edcias em Destaque\"},\"image\":{\"@id\":\"https:\/\/noticiasemdestaque.com\/cd\/#\/schema\/logo\/image\/\"}},{\"@type\":\"Person\",\"@id\":\"https:\/\/noticiasemdestaque.com\/cd\/#\/schema\/person\/3e6ba396ff5664a69c392f09a8e1504c\",\"name\":\"Not\u00edcias em Destaque\",\"url\":\"https:\/\/noticiasemdestaque.com\/cd\/?author=2\"}]}<\/script>\n<!-- \/ Yoast SEO plugin. -->","yoast_head_json":{"title":"Governo divulga documenta\u00e7\u00e3o obrigat\u00f3ria para posse dos aprovados no Concurso do Magist\u00e9rio - Not&iacute;cias em Destaque","robots":{"index":"index","follow":"follow","max-snippet":"max-snippet:-1","max-image-preview":"max-image-preview:large","max-video-preview":"max-video-preview:-1"},"canonical":"https:\/\/noticiasemdestaque.com\/cd\/?p=21951","og_locale":"pt_BR","og_type":"article","og_title":"Governo divulga documenta\u00e7\u00e3o obrigat\u00f3ria para posse dos aprovados no Concurso do Magist\u00e9rio - Not&iacute;cias em Destaque","og_description":"O Governo do Estado, por meio da Secretaria de Estado da Administra\u00e7\u00e3o, informa que os candidatos aprovados no Concurso do Magist\u00e9rio, para o cargo efetivo de Professor de Educa\u00e7\u00e3o B\u00e1sica 3, da Secretaria de Estado da Educa\u00e7\u00e3o e da Ci\u00eancia e Tecnologia, que tomar\u00e3o posse no pr\u00f3ximo dia 20 de janeiro, devem seguir alguns procedimentos obrigat\u00f3rios antes da cerim\u00f4nia de posse. Os aprovados devem providenciar alguns documentos obrigat\u00f3rios para o procedimento. S\u00e3o eles: Atestado de Sa\u00fade Ocupacional de Sanidade Mental e Capacidade F\u00edsica:\u00a0o aprovado dever\u00e1 fazer o agendamento com a Per\u00edcia M\u00e9dica do Estado da Para\u00edba, para emiss\u00e3o deste atestado. Esse agendamento dever\u00e1 ser feito pelos seguintes n\u00fameros: Jo\u00e3o Pessoa (3214-7772), Campina Grande (3310-7195), Guarabira (3271-2671), Monteiro (3351-2223), Patos (3421-2355), Sousa (3522-6184) ou Cajazeiras (3531-2098). Na data agendada para a per\u00edcia, o aprovado deve levar o Atestado de Sanidade Mental, emitido pelo\u00a0Complexo Juliano Moreira, ou pelos Centros de Aten\u00e7\u00e3o Psicossocial (Caps) ou institui\u00e7\u00e3o privada (consult\u00f3rio m\u00e9dico) desde que emitido por psiquiatra. Para os classificados no concurso que s\u00e3o portadores de necessidades especiais, tamb\u00e9m \u00e9 exigido o laudo m\u00e9dico emitido pela Funda\u00e7\u00e3o Centro Integrado de Apoio ao Portador de Defici\u00eancia (Funad). Uma equipe da Funad est\u00e1 respons\u00e1vel por entrar em contato com estes aprovados para agendamento. PIS ou Pasep: o candidato que j\u00e1 tiver algum dos dois documentos deve se dirigir a institui\u00e7\u00e3o competente para confirmar se o documento est\u00e1 v\u00e1lido (se tiver inv\u00e1lido n\u00e3o ser\u00e1 poss\u00edvel tomar posse). No caso de PIS, deve ir a qualquer Ag\u00eancia da Caixa Econ\u00f4mica; e Pasep, em qualquer ag\u00eancia do Banco do Brasil. Caso n\u00e3o tenha nenhum dos dois, o Pasep ser\u00e1 gerado no momento da posse. Conta banc\u00e1ria:\u00a0o aprovado j\u00e1 deve chegar ao Espa\u00e7o Cultural no dia 20 de janeiro com a conta banc\u00e1ria no Banco Bradesco aberta. No momento da posse dever\u00e1 ser apresentado o \u2018Protocolo de Recebimento\u2019 do Bradesco, ou outro documento que comprove os dados da conta aberta. Sem a conta, n\u00e3o \u00e9 poss\u00edvel tomar posse. Declara\u00e7\u00f5es de Bens, Declara\u00e7\u00e3o que n\u00e3o exerce outro cargo ou fun\u00e7\u00e3o p\u00fablica inacumul\u00e1vel (nas esferas Municipais, Estaduais e Federais),\u00a0e Declara\u00e7\u00e3o de n\u00e3o haver sofrido penalidade disciplinar em fun\u00e7\u00e3o p\u00fablica:\u00a0essas declara\u00e7\u00f5es ser\u00e3o preenchidas em formul\u00e1rio pr\u00f3prio no ato da posse. Diploma: quanto ao diploma, certificado ou certid\u00e3o de Licenciatura Plena na disciplina ao qual se inscreveu, n\u00e3o ser\u00e1 aceita \u2018Declara\u00e7\u00e3o de conclus\u00e3o de curso\u2019. O curso deve ter o reconhecimento do MEC, ent\u00e3o as duas c\u00f3pias devem ser feitas frente e verso (pois \u00e9 no verso que se encontra o carimbo do MEC). Demais documentos: al\u00e9m dos citados acima, o aprovado tamb\u00e9m dever\u00e1 apresentar a original e duas c\u00f3pias dos seguintes documentos: CPF e Consulta da situa\u00e7\u00e3o cadastral do CPF no site da Receita Federal, RG, T\u00edtulo de Eleitor, Certid\u00e3o de Nascimento ou Casamento (no caso de divorciados, Averba\u00e7\u00e3o de Div\u00f3rcio; Documento de Uni\u00e3o Est\u00e1vel), Comprovante de vota\u00e7\u00e3o da \u00faltima elei\u00e7\u00e3o ou Certid\u00e3o de quita\u00e7\u00e3o eleitoral, emitido pelo TRE ou pelos Cart\u00f3rios Eleitorais, Certificado de Reservista ou de dispensa da Incorpora\u00e7\u00e3o. Ato Governamental de Nomea\u00e7\u00e3o:\u00a0ser\u00e1 entregue pela equipe da Casa Civil ap\u00f3s a solenidade de posse que ser\u00e1 realizada dia 20 de janeiro no Espa\u00e7o Cultural. &nbsp;","og_url":"https:\/\/noticiasemdestaque.com\/cd\/?p=21951","og_site_name":"Not&iacute;cias em Destaque","article_published_time":"2020-01-14T10:17:06+00:00","og_image":[{"width":1417,"height":675,"url":"https:\/\/noticiasemdestaque.com\/cd\/wp-content\/uploads\/2018\/08\/concurso-principais-materiais.jpg","type":"image\/jpeg"}],"author":"Not\u00edcias em Destaque","twitter_card":"summary_large_image","twitter_misc":{"Escrito por":"Not\u00edcias em Destaque","Est. tempo de leitura":"3 minutos"},"schema":{"@context":"https:\/\/schema.org","@graph":[{"@type":"Article","@id":"https:\/\/noticiasemdestaque.com\/cd\/?p=21951#article","isPartOf":{"@id":"https:\/\/noticiasemdestaque.com\/cd\/?p=21951"},"author":{"name":"Not\u00edcias em Destaque","@id":"https:\/\/noticiasemdestaque.com\/cd\/#\/schema\/person\/3e6ba396ff5664a69c392f09a8e1504c"},"headline":"Governo divulga documenta\u00e7\u00e3o obrigat\u00f3ria para posse dos aprovados no Concurso do Magist\u00e9rio","datePublished":"2020-01-14T10:17:06+00:00","mainEntityOfPage":{"@id":"https:\/\/noticiasemdestaque.com\/cd\/?p=21951"},"wordCount":620,"publisher":{"@id":"https:\/\/noticiasemdestaque.com\/cd\/#organization"},"image":{"@id":"https:\/\/noticiasemdestaque.com\/cd\/?p=21951#primaryimage"},"thumbnailUrl":"https:\/\/noticiasemdestaque.com\/cd\/wp-content\/uploads\/2018\/08\/concurso-principais-materiais.jpg","articleSection":["Educa\u00e7\u00e3o"],"inLanguage":"pt-BR"},{"@type":"WebPage","@id":"https:\/\/noticiasemdestaque.com\/cd\/?p=21951","url":"https:\/\/noticiasemdestaque.com\/cd\/?p=21951","name":"Governo divulga documenta\u00e7\u00e3o obrigat\u00f3ria para posse dos aprovados no Concurso do Magist\u00e9rio - Not&iacute;cias em Destaque","isPartOf":{"@id":"https:\/\/noticiasemdestaque.com\/cd\/#website"},"primaryImageOfPage":{"@id":"https:\/\/noticiasemdestaque.com\/cd\/?p=21951#primaryimage"},"image":{"@id":"https:\/\/noticiasemdestaque.com\/cd\/?p=21951#primaryimage"},"thumbnailUrl":"https:\/\/noticiasemdestaque.com\/cd\/wp-content\/uploads\/2018\/08\/concurso-principais-materiais.jpg","datePublished":"2020-01-14T10:17:06+00:00","breadcrumb":{"@id":"https:\/\/noticiasemdestaque.com\/cd\/?p=21951#breadcrumb"},"inLanguage":"pt-BR","potentialAction":[{"@type":"ReadAction","target":["https:\/\/noticiasemdestaque.com\/cd\/?p=21951"]}]},{"@type":"ImageObject","inLanguage":"pt-BR","@id":"https:\/\/noticiasemdestaque.com\/cd\/?p=21951#primaryimage","url":"https:\/\/noticiasemdestaque.com\/cd\/wp-content\/uploads\/2018\/08\/concurso-principais-materiais.jpg","contentUrl":"https:\/\/noticiasemdestaque.com\/cd\/wp-content\/uploads\/2018\/08\/concurso-principais-materiais.jpg","width":1417,"height":675},{"@type":"BreadcrumbList","@id":"https:\/\/noticiasemdestaque.com\/cd\/?p=21951#breadcrumb","itemListElement":[{"@type":"ListItem","position":1,"name":"In\u00edcio","item":"https:\/\/noticiasemdestaque.com\/cd\/"},{"@type":"ListItem","position":2,"name":"Governo divulga documenta\u00e7\u00e3o obrigat\u00f3ria para posse dos aprovados no Concurso do Magist\u00e9rio"}]},{"@type":"WebSite","@id":"https:\/\/noticiasemdestaque.com\/cd\/#website","url":"https:\/\/noticiasemdestaque.com\/cd\/","name":"Not&iacute;cias em Destaque","description":"","publisher":{"@id":"https:\/\/noticiasemdestaque.com\/cd\/#organization"},"potentialAction":[{"@type":"SearchAction","target":{"@type":"EntryPoint","urlTemplate":"https:\/\/noticiasemdestaque.com\/cd\/?s={search_term_string}"},"query-input":{"@type":"PropertyValueSpecification","valueRequired":true,"valueName":"search_term_string"}}],"inLanguage":"pt-BR"},{"@type":"Organization","@id":"https:\/\/noticiasemdestaque.com\/cd\/#organization","name":"Not\u00edcias em Destaque","url":"https:\/\/noticiasemdestaque.com\/cd\/","logo":{"@type":"ImageObject","inLanguage":"pt-BR","@id":"https:\/\/noticiasemdestaque.com\/cd\/#\/schema\/logo\/image\/","url":"https:\/\/noticiasemdestaque.com\/cd\/wp-content\/uploads\/2022\/05\/imagem-base-noticiasemdestaque.png","contentUrl":"https:\/\/noticiasemdestaque.com\/cd\/wp-content\/uploads\/2022\/05\/imagem-base-noticiasemdestaque.png","width":1200,"height":630,"caption":"Not\u00edcias em Destaque"},"image":{"@id":"https:\/\/noticiasemdestaque.com\/cd\/#\/schema\/logo\/image\/"}},{"@type":"Person","@id":"https:\/\/noticiasemdestaque.com\/cd\/#\/schema\/person\/3e6ba396ff5664a69c392f09a8e1504c","name":"Not\u00edcias em Destaque","url":"https:\/\/noticiasemdestaque.com\/cd\/?author=2"}]}},"jetpack_featured_media_url":"https:\/\/noticiasemdestaque.com\/cd\/wp-content\/uploads\/2018\/08\/concurso-principais-materiais.jpg","jetpack_sharing_enabled":true,"_links":{"self":[{"href":"https:\/\/noticiasemdestaque.com\/cd\/index.php?rest_route=\/wp\/v2\/posts\/21951","targetHints":{"allow":["GET"]}}],"collection":[{"href":"https:\/\/noticiasemdestaque.com\/cd\/index.php?rest_route=\/wp\/v2\/posts"}],"about":[{"href":"https:\/\/noticiasemdestaque.com\/cd\/index.php?rest_route=\/wp\/v2\/types\/post"}],"author":[{"embeddable":true,"href":"https:\/\/noticiasemdestaque.com\/cd\/index.php?rest_route=\/wp\/v2\/users\/2"}],"replies":[{"embeddable":true,"href":"https:\/\/noticiasemdestaque.com\/cd\/index.php?rest_route=%2Fwp%2Fv2%2Fcomments&post=21951"}],"version-history":[{"count":1,"href":"https:\/\/noticiasemdestaque.com\/cd\/index.php?rest_route=\/wp\/v2\/posts\/21951\/revisions"}],"predecessor-version":[{"id":21952,"href":"https:\/\/noticiasemdestaque.com\/cd\/index.php?rest_route=\/wp\/v2\/posts\/21951\/revisions\/21952"}],"wp:featuredmedia":[{"embeddable":true,"href":"https:\/\/noticiasemdestaque.com\/cd\/index.php?rest_route=\/wp\/v2\/media\/11859"}],"wp:attachment":[{"href":"https:\/\/noticiasemdestaque.com\/cd\/index.php?rest_route=%2Fwp%2Fv2%2Fmedia&parent=21951"}],"wp:term":[{"taxonomy":"category","embeddable":true,"href":"https:\/\/noticiasemdestaque.com\/cd\/index.php?rest_route=%2Fwp%2Fv2%2Fcategories&post=21951"},{"taxonomy":"post_tag","embeddable":true,"href":"https:\/\/noticiasemdestaque.com\/cd\/index.php?rest_route=%2Fwp%2Fv2%2Ftags&post=21951"}],"curies":[{"name":"wp","href":"https:\/\/api.w.org\/{rel}","templated":true}]}}