{"id":21719,"date":"2020-01-07T07:12:20","date_gmt":"2020-01-07T10:12:20","guid":{"rendered":"http:\/\/noticiasemdestaque.com\/cd\/?p=21719"},"modified":"2020-01-07T07:13:05","modified_gmt":"2020-01-07T10:13:05","slug":"joao-azevedo-presta-conta-de-acoes-de-2019-e-anuncia-r-18-bilhao-de-investimentos-para-2020","status":"publish","type":"post","link":"https:\/\/noticiasemdestaque.com\/cd\/?p=21719","title":{"rendered":"Jo\u00e3o Azev\u00eado presta conta de a\u00e7\u00f5es de 2019 e anuncia R$ 1,8 bilh\u00e3o de investimentos para 2020"},"content":{"rendered":"<p><a href=\"https:\/\/noticiasemdestaque.com\/cd\/wp-content\/uploads\/2020\/01\/b1628397-7ebe-4a00-961c-30a586ecd5f2.jpeg\"><img fetchpriority=\"high\" decoding=\"async\" class=\"wp-image-21720 aligncenter\" src=\"https:\/\/noticiasemdestaque.com\/cd\/wp-content\/uploads\/2020\/01\/b1628397-7ebe-4a00-961c-30a586ecd5f2.jpeg\" alt=\"\" width=\"541\" height=\"386\" srcset=\"https:\/\/noticiasemdestaque.com\/cd\/wp-content\/uploads\/2020\/01\/b1628397-7ebe-4a00-961c-30a586ecd5f2.jpeg 768w, https:\/\/noticiasemdestaque.com\/cd\/wp-content\/uploads\/2020\/01\/b1628397-7ebe-4a00-961c-30a586ecd5f2-300x214.jpeg 300w\" sizes=\"(max-width: 541px) 100vw, 541px\" \/><\/a><\/p>\n<p>O governador Jo\u00e3o Azev\u00eado realizou, nesta segunda-feira (6), durante solenidade no Teatro Paulo Pontes, no Espa\u00e7o Cultural Jos\u00e9 Lins do Rego, em Jo\u00e3o Pessoa, a presta\u00e7\u00e3o de contas das a\u00e7\u00f5es e obras realizadas pelo Governo do Estado, em 2019. Na ocasi\u00e3o, o gestor tamb\u00e9m anunciou investimentos de R$ 1,8 bilh\u00e3o para o ano de 2020, que incluem concursos para o magist\u00e9rio, Porto de Cabedelo, Procuradoria Geral do Estado (PGE) e Ag\u00eancia Executiva de Gest\u00e3o das \u00c1guas da Para\u00edba (Aesa).<\/p>\n<p>Al\u00e9m da previs\u00e3o dos concursos p\u00fablicos, o chefe do Executivo estadual ir\u00e1 empossar os aprovados no concurso do magist\u00e9rio de 2019 e 400 agentes socioeducativos da Fundac e conceder\u00e1 o reajuste do piso do magist\u00e9rio e corre\u00e7\u00e3o do sal\u00e1rio m\u00ednimo.<\/p>\n<p>Em seu pronunciamento, Jo\u00e3o Azev\u00eado fez uma avalia\u00e7\u00e3o positiva de 2019 e destacou o foco na gest\u00e3o para a garantia de bons resultados. \u201cN\u00f3s teremos um 2020 de muitos compromissos, desafios e renova\u00e7\u00e3o para mostrar \u00e0 sociedade da Para\u00edba todo o nosso potencial. O nosso Estado tem conseguido, por meio do esfor\u00e7o de toda uma equipe, resultados positivos. Esse \u00e9 um momento de satisfa\u00e7\u00e3o muito grande e essa \u00e9 uma data simb\u00f3lica em que a gest\u00e3o assume o compromisso com a Para\u00edba de fazer com que o desenvolvimento seja real e continue mudando vidas de tantas pessoas\u201d, comentou.<\/p>\n<p>Ele tamb\u00e9m detalhou as principais a\u00e7\u00f5es e obras da administra\u00e7\u00e3o estadual ao longo deste ano. Na educa\u00e7\u00e3o, o Governo do Estado ir\u00e1 implantar 76 Escolas Cidad\u00e3s Integrais (ECIs), distribu\u00eddas em 151 munic\u00edpios da Para\u00edba, com a oferta de 73 mil vagas. Tamb\u00e9m ser\u00e3o iniciadas a constru\u00e7\u00e3o de 29 escolas e de 21 blocos de laborat\u00f3rios, reforma de 32 escolas, entrega de 66 gin\u00e1sios do programa Bom de Bola, amplia\u00e7\u00e3o dos programas Primeira Chance, Gira Mundo Estudante, Gira Mundo Professor, Ouse Criar, Escola de Valor e Mestres da Educa\u00e7\u00e3o e amplia\u00e7\u00e3o de bolsas para pesquisas cient\u00edficas. Os conv\u00eanios com os munic\u00edpios na \u00e1rea ir\u00e3o permitir a aquisi\u00e7\u00e3o e disponibiliza\u00e7\u00e3o de 58 \u00f4nibus, constru\u00e7\u00e3o de 23 escolas, reformas de 28 unidades escolares e disponibiliza\u00e7\u00e3o de 32 conjuntos de equipamentos, laborat\u00f3rios, mobili\u00e1rios e ve\u00edculos tipo Van, representando recursos na ordem de R$ 291,6 milh\u00f5es.<\/p>\n<p>Na sa\u00fade, est\u00e3o previstos a implanta\u00e7\u00e3o do novo modelo de gest\u00e3o hospitalar na Para\u00edba atrav\u00e9s da cria\u00e7\u00e3o da Funda\u00e7\u00e3o de Sa\u00fade(PB Sa\u00fade), conv\u00eanios com o Hospital Padre Z\u00e9, Napole\u00e3o Laureano e Fap, amplia\u00e7\u00e3o da Rede Cuidar direcionada \u00e0 sa\u00fade da mulher, conclus\u00e3o do programa Opera Para\u00edba e a implanta\u00e7\u00e3o da Escola de Sa\u00fade P\u00fablica, totalizando investimentos de R$ 147,7 milh\u00f5es.<br \/>\nNa seguran\u00e7a, o governo ir\u00e1 implantar a primeira fase do sistema de monitoramento da seguran\u00e7a em Jo\u00e3o Pessoa, Campina Grande e Patos, iniciar as obras do novo Centro de Treinamento do Corpo de Bombeiros, implantar o Batalh\u00e3o Ambiental e Apoio ao Turista, iniciar a reforma do Batalh\u00e3o e canil do Bope e adquirir equipamentos de apoio ao sistema de seguran\u00e7a, representando R$ 189,4 milh\u00f5es de recursos.<\/p>\n<p>Tamb\u00e9m ser\u00e3o aplicados R$ 20 milh\u00f5es na gest\u00e3o de tr\u00e2nsito, por meio de implanta\u00e7\u00e3o de novas Ciretrans nos munic\u00edpios de Sousa, Catol\u00e9 do Rocha, Santa Rita\/Bayeux, Cabedelo e Monteiro, acesso a Ciretran de Cajazeiras e reformas das Ciretrans de Araruna, Campina Grande, Concei\u00e7\u00e3o, Guarabira, Itaporanga e Jo\u00e3o Pessoa (sede e Valentina).<\/p>\n<p>O governo tamb\u00e9m prev\u00ea investimentos de R$ 42,8 milh\u00f5es na administra\u00e7\u00e3o penitenci\u00e1ria, com a constru\u00e7\u00e3o de mais um pavilh\u00e3o e do Centro de Sa\u00fade no pres\u00eddio S\u00edlvio Porto, reforma do pres\u00eddio Fl\u00f3sculo da N\u00f3brega, em Jo\u00e3o Pessoa, e Raimundo Asfora, em Campina Grande, constru\u00e7\u00e3o do novo pres\u00eddio em Gurinh\u00e9m e amplia\u00e7\u00e3o de a\u00e7\u00f5es de ressocializa\u00e7\u00e3o com a instala\u00e7\u00e3o de unidades de produ\u00e7\u00e3o industrial dentro dos pres\u00eddios.<\/p>\n<p>No segmento do Desenvolvimento Humano, a gest\u00e3o estadual ir\u00e1 ampliar o cart\u00e3o alimenta\u00e7\u00e3o, o n\u00famero de restaurantes populares e manter\u00e1 os conv\u00eanios para assist\u00eancia com as entidades sem fins lucrativos e o abono natalino, assegurando investimentos de R$139 milh\u00f5es.<\/p>\n<p>Na pasta da Mulher e Diversidade Humana, ser\u00e3o realizadas a amplia\u00e7\u00e3o do programa integrado patrulha Maria da Penha, a cria\u00e7\u00e3o da casa de acolhida proviso\u0301ria para mulheres v\u00edtimas de viole\u0302ncia, do Centro de Refere\u0302ncia de enfrentamento ao racismo e intolera\u0302ncia religiosa da Parai\u0301ba e do programa integrado para atenc\u0327a\u0303o a\u0300 populac\u0327a\u0303o LGBT em situac\u0327a\u0303o de rua e idosos, al\u00e9m do acompanhamento dos LGBT+ no sistema prisional por meio do programa Transforma.<\/p>\n<p>No esporte, os investimentos de R$ 7 milh\u00f5es ser\u00e3o aplicados no programa Incentiva Esporte, que prev\u00ea o incentivo a diversas modalidades esportivas no Estado.<\/p>\n<p>Na cultura, ser\u00e1 iniciada a implanta\u00e7\u00e3o do museu da Para\u00edba no Pal\u00e1cio da Reden\u00e7\u00e3o, a realiza\u00e7\u00e3o de 12 festivais de cinema por todo estado, a amplia\u00e7\u00e3o das a\u00e7\u00f5es nas \u00e1reas de m\u00fasica, teatro, circo, dan\u00e7a, literatura, artes visuais, cinema e educa\u00e7\u00e3o e a institui\u00e7\u00e3o do ano cultural Mestre Sivuca e da celebra\u00e7\u00e3o do centen\u00e1rio Celso Furtado. Os investimentos somam R$ 23,4 milh\u00f5es.<\/p>\n<p>Na \u00e1rea da infraestrutura rodovi\u00e1ria, est\u00e3o previstas a conclus\u00e3o das obras da PB-383 \u2013 Lastro\/divisa RN, PB-200 \u2013 Juazeirinho\/Santo Andr\u00e9 e PB-087 &#8211; Pil\u00f5es\/entroncamento PB-085 (Serraria). Ser\u00e3o iniciadas as obras PB-151 \u2013 Picu\u00ed \/Nova Floresta, PB-100 \u2013 Queimadas \/ Fagundes, PB-394 \u2013 entroncamento BR-230 \u2013 Engenheiro Avidos e PB-099 \u2013 Lagoa Seca \u2013 Puxinan\u00e3. Tamb\u00e9m ser\u00e3o iniciadas as travessias urbanas nas cidades de S\u00e3o Mamede, Alagoa Grande, Dami\u00e3o, Logradouro, Barra de Santa Rosa e Sousa, a Ponte das Pedrinhas, em Sousa, e o arco metropolitano leste de Campina Grande, bem como as obras do contorno de Bananeiras, recupera\u00e7\u00e3o da PB-323 (Catol\u00e9\/Brejo do Cruz\/S\u00e3o Bento\/limite RN), a conclus\u00e3o das tr\u00eas obras de mobilidade urbana de Jo\u00e3o Pessoa e iniciado o programa estradas da cidadania, contemplando comunidades de Pocinhos, Areia, S\u00e3o Francisco, Lagoa Seca, Santana dos Garrotes, Sap\u00e9, S\u00e3o Jo\u00e3o do Cariri e Alagoa Nova, totalizando recursos na ordem de R$ 178 milh\u00f5es. J\u00e1 R$ 37,6 milh\u00f5es ser\u00e3o investidos na infraestrutura aerovi\u00e1ria, com o in\u00edcio da constru\u00e7\u00e3o do novo aeroporto de Patos e implanta\u00e7\u00e3o do balizamento noturno dos aer\u00f3dromos de Sousa, Iitaporanga, Catol\u00e9 do Rocha e Monteiro.<\/p>\n<p>J\u00e1 as a\u00e7\u00f5es de saneamento e recursos h\u00eddricos ser\u00e3o destinadas ao in\u00edcio das obras do sistema adutor Arara\/Sol\u00e2nea\/Bananeiras\/Casserengue; das obras de extens\u00e3o do sistema adutor Transpara\u00edba para Juazeirinho, Ten\u00f3rio, Junco do Serid\u00f3, Assun\u00e7\u00e3o e Tapero\u00e1; das obras de melhoria e reforma em esta\u00e7\u00f5es de tratamento e reservat\u00f3rios em todas as regionais e das obras da barragem Cupissura. Tamb\u00e9m est\u00e3o previstos a recupera\u00e7\u00e3o do sistema de esgotos na Grande Jo\u00e3o Pessoa, a amplia\u00e7\u00e3o da rede de distribui\u00e7\u00e3o de abastecimento de \u00e1gua de v\u00e1rios munic\u00edpios, in\u00edcio da implanta\u00e7\u00e3o de dez barragens para produ\u00e7\u00e3o agr\u00edcola, conclus\u00e3o de barragem e sistema adutor Retiro e da 4\u00aa adutora de Cajazeiras e o in\u00edcio do sistema adutor de S\u00e3o Gon\u00e7alo\/S\u00e3o Jo\u00e3o do Rio do Peixe, somando recursos de R$ 376 milh\u00f5es.<\/p>\n<p>Em rela\u00e7\u00e3o ao empreendedorismo, a gest\u00e3o estadual pretende conceder 3.500 novos cr\u00e9ditos nas 14 regi\u00f5es do estado, capacitar 4.500 proponentes durante todo o ano e realizar sete edi\u00e7\u00f5es de feiras de neg\u00f3cios, representando recursos na ordem de R$ 22 milh\u00f5es.<\/p>\n<p>Na \u00e1rea do Turismo, ser\u00e3o iniciadas a constru\u00e7\u00e3o do Centro de Conven\u00e7\u00f5es de Campina Grande, de resorts no polo cabo branco e da 3\u00aa etapa do Parque Parahyba e realizada a amplia\u00e7\u00e3o da participa\u00e7\u00e3o dos artes\u00e3os nos sal\u00f5es de Jo\u00e3o Pessoa e Campina Grande, resultando em investimentos de R$ 153 milh\u00f5es.<\/p>\n<p>A amplia\u00e7\u00e3o do programa Cidade Madura, em Monteiro e Bayeux, a implanta\u00e7\u00e3o da agrovila Acau\u00e3 e o lan\u00e7amento do programa de Habita\u00e7\u00e3o do Governo do Estado s\u00e3o a\u00e7\u00f5es previstas na habita\u00e7\u00e3o, que receber\u00e1 investimentos de R$ 27 milh\u00f5es.<\/p>\n<p>Na \u00e1rea da agropecu\u00e1ria e pesca, est\u00e3o previstas a revitaliza\u00e7\u00e3o e qualifica\u00e7\u00e3o da cultura da palma forrageira em 338 hectares em 169 munic\u00edpios, aquisi\u00e7\u00e3o e distribui\u00e7\u00e3o de sementes na \u00e9poca certa, realiza\u00e7\u00e3o de exposi\u00e7\u00f5es agropecu\u00e1rias, al\u00e9m do funcionamento dos quatro abatedouros constru\u00eddos em Uira\u00fana, Mari, Sol\u00e2nea e Monteiro (caprinos e ovinos), injetando recursos de R$ 25,3 milh\u00f5es no segmento. Al\u00e9m disso, R$ 60 milh\u00f5es ser\u00e3o investidos no programa Para\u00edba Rural Sustent\u00e1vel.<\/p>\n<p>Em sua presta\u00e7\u00e3o de contas das a\u00e7\u00f5es de 2019, Jo\u00e3o Azev\u00eado destacou a redu\u00e7\u00e3o de 21% nos homic\u00eddios; aquisi\u00e7\u00e3o de equipamentos na seguran\u00e7a; autonomia financeira da Pol\u00edcia Civil e PPCR dos agentes penitenci\u00e1rios; constru\u00e7\u00e3o de adutoras; obras de esgotamento sanit\u00e1rio; perfura\u00e7\u00e3o de po\u00e7os; recupera\u00e7\u00e3o e seguran\u00e7a de barragens; pavimenta\u00e7\u00e3o de rodovias; expans\u00e3o das Escolas Cidad\u00e3s Integrais; cria\u00e7\u00e3o do programa Bom de Bola; concursos para o magist\u00e9rio e Fundac; amplia\u00e7\u00e3o e reforma de escolas; institui\u00e7\u00e3o do programa Opera Para\u00edba; conv\u00eanios com o Hospital Napole\u00e3o Laureano e da Fap; redu\u00e7\u00e3o na conta de luz; aumento do cart\u00e3o-alimenta\u00e7\u00e3o e abono natalino; institui\u00e7\u00e3o da Nota Cidad\u00e3; projeto Para\u00edba Rural Sustent\u00e1vel e realiza\u00e7\u00f5es de festivais culturais.<\/p>\n<p>\u201cN\u00f3s temos a consci\u00eancia de que os investimentos ir\u00e3o permitir que o estado inicie 2020 com R$ 1,8 bilh\u00e3o em a\u00e7\u00f5es e obras e isso \u00e9 fruto do que foi feito em 2019, o que representa um esfor\u00e7o gigantesco para termos uma Para\u00edba mais justa e mais inclusiva e que respeita os recursos p\u00fablicos\u201d, concluiu.<\/p>\n<p>A solenidade foi prestigiada pela vice-governadora L\u00edgia Feliciano; pela primeira-dama, Ana Maria Lins; parlamentares; prefeitos e auxiliares do Governo da Para\u00edba.<\/p>\n<p><em><strong>Not\u00edcias em Destaque<\/strong><\/em><\/p>\n<p>Com Secom\/PB<\/p>\n","protected":false},"excerpt":{"rendered":"<p>O governador Jo\u00e3o Azev\u00eado realizou, nesta segunda-feira (6), durante solenidade no Teatro Paulo Pontes, no Espa\u00e7o Cultural Jos\u00e9 Lins do Rego, em Jo\u00e3o Pessoa, a presta\u00e7\u00e3o de contas das a\u00e7\u00f5es e obras realizadas pelo Governo do Estado, em 2019. Na ocasi\u00e3o, o gestor tamb\u00e9m anunciou investimentos de R$ 1,8 bilh\u00e3o para o ano de 2020, que incluem concursos para o magist\u00e9rio, Porto de Cabedelo, Procuradoria Geral do Estado (PGE) e Ag\u00eancia Executiva de Gest\u00e3o das \u00c1guas da Para\u00edba (Aesa). Al\u00e9m da previs\u00e3o dos concursos p\u00fablicos, o chefe do Executivo estadual ir\u00e1 empossar os aprovados no concurso do magist\u00e9rio de 2019 e 400 agentes socioeducativos da Fundac e conceder\u00e1 o reajuste do piso do magist\u00e9rio e corre\u00e7\u00e3o do sal\u00e1rio m\u00ednimo. Em seu pronunciamento, Jo\u00e3o Azev\u00eado fez uma avalia\u00e7\u00e3o positiva de 2019 e destacou o foco na gest\u00e3o para a garantia de bons resultados. \u201cN\u00f3s teremos um 2020 de muitos compromissos, desafios e renova\u00e7\u00e3o para mostrar \u00e0 sociedade da Para\u00edba todo o nosso potencial. O nosso Estado tem conseguido, por meio do esfor\u00e7o de toda uma equipe, resultados positivos. Esse \u00e9 um momento de satisfa\u00e7\u00e3o muito grande e essa \u00e9 uma data simb\u00f3lica em que a gest\u00e3o assume o compromisso com a Para\u00edba de fazer com que o desenvolvimento seja real e continue mudando vidas de tantas pessoas\u201d, comentou. Ele tamb\u00e9m detalhou as principais a\u00e7\u00f5es e obras da administra\u00e7\u00e3o estadual ao longo deste ano. Na educa\u00e7\u00e3o, o Governo do Estado ir\u00e1 implantar 76 Escolas Cidad\u00e3s Integrais (ECIs), distribu\u00eddas em 151 munic\u00edpios da Para\u00edba, com a oferta de 73 mil vagas. Tamb\u00e9m ser\u00e3o iniciadas a constru\u00e7\u00e3o de 29 escolas e de 21 blocos de laborat\u00f3rios, reforma de 32 escolas, entrega de 66 gin\u00e1sios do programa Bom de Bola, amplia\u00e7\u00e3o dos programas Primeira Chance, Gira Mundo Estudante, Gira Mundo Professor, Ouse Criar, Escola de Valor e Mestres da Educa\u00e7\u00e3o e amplia\u00e7\u00e3o de bolsas para pesquisas cient\u00edficas. Os conv\u00eanios com os munic\u00edpios na \u00e1rea ir\u00e3o permitir a aquisi\u00e7\u00e3o e disponibiliza\u00e7\u00e3o de 58 \u00f4nibus, constru\u00e7\u00e3o de 23 escolas, reformas de 28 unidades escolares e disponibiliza\u00e7\u00e3o de 32 conjuntos de equipamentos, laborat\u00f3rios, mobili\u00e1rios e ve\u00edculos tipo Van, representando recursos na ordem de R$ 291,6 milh\u00f5es. Na sa\u00fade, est\u00e3o previstos a implanta\u00e7\u00e3o do novo modelo de gest\u00e3o hospitalar na Para\u00edba atrav\u00e9s da cria\u00e7\u00e3o da Funda\u00e7\u00e3o de Sa\u00fade(PB Sa\u00fade), conv\u00eanios com o Hospital Padre Z\u00e9, Napole\u00e3o Laureano e Fap, amplia\u00e7\u00e3o da Rede Cuidar direcionada \u00e0 sa\u00fade da mulher, conclus\u00e3o do programa Opera Para\u00edba e a implanta\u00e7\u00e3o da Escola de Sa\u00fade P\u00fablica, totalizando investimentos de R$ 147,7 milh\u00f5es. Na seguran\u00e7a, o governo ir\u00e1 implantar a primeira fase do sistema de monitoramento da seguran\u00e7a em Jo\u00e3o Pessoa, Campina Grande e Patos, iniciar as obras do novo Centro de Treinamento do Corpo de Bombeiros, implantar o Batalh\u00e3o Ambiental e Apoio ao Turista, iniciar a reforma do Batalh\u00e3o e canil do Bope e adquirir equipamentos de apoio ao sistema de seguran\u00e7a, representando R$ 189,4 milh\u00f5es de recursos. Tamb\u00e9m ser\u00e3o aplicados R$ 20 milh\u00f5es na gest\u00e3o de tr\u00e2nsito, por meio de implanta\u00e7\u00e3o de novas Ciretrans nos munic\u00edpios de Sousa, Catol\u00e9 do Rocha, Santa Rita\/Bayeux, Cabedelo e Monteiro, acesso a Ciretran de Cajazeiras e reformas das Ciretrans de Araruna, Campina Grande, Concei\u00e7\u00e3o, Guarabira, Itaporanga e Jo\u00e3o Pessoa (sede e Valentina). O governo tamb\u00e9m prev\u00ea investimentos de R$ 42,8 milh\u00f5es na administra\u00e7\u00e3o penitenci\u00e1ria, com a constru\u00e7\u00e3o de mais um pavilh\u00e3o e do Centro de Sa\u00fade no pres\u00eddio S\u00edlvio Porto, reforma do pres\u00eddio Fl\u00f3sculo da N\u00f3brega, em Jo\u00e3o Pessoa, e Raimundo Asfora, em Campina Grande, constru\u00e7\u00e3o do novo pres\u00eddio em Gurinh\u00e9m e amplia\u00e7\u00e3o de a\u00e7\u00f5es de ressocializa\u00e7\u00e3o com a instala\u00e7\u00e3o de unidades de produ\u00e7\u00e3o industrial dentro dos pres\u00eddios. No segmento do Desenvolvimento Humano, a gest\u00e3o estadual ir\u00e1 ampliar o cart\u00e3o alimenta\u00e7\u00e3o, o n\u00famero de restaurantes populares e manter\u00e1 os conv\u00eanios para assist\u00eancia com as entidades sem fins lucrativos e o abono natalino, assegurando investimentos de R$139 milh\u00f5es. Na pasta da Mulher e Diversidade Humana, ser\u00e3o realizadas a amplia\u00e7\u00e3o do programa integrado patrulha Maria da Penha, a cria\u00e7\u00e3o da casa de acolhida proviso\u0301ria para mulheres v\u00edtimas de viole\u0302ncia, do Centro de Refere\u0302ncia de enfrentamento ao racismo e intolera\u0302ncia religiosa da Parai\u0301ba e do programa integrado para atenc\u0327a\u0303o a\u0300 populac\u0327a\u0303o LGBT em situac\u0327a\u0303o de rua e idosos, al\u00e9m do acompanhamento dos LGBT+ no sistema prisional por meio do programa Transforma. No esporte, os investimentos de R$ 7 milh\u00f5es ser\u00e3o aplicados no programa Incentiva Esporte, que prev\u00ea o incentivo a diversas modalidades esportivas no Estado. Na cultura, ser\u00e1 iniciada a implanta\u00e7\u00e3o do museu da Para\u00edba no Pal\u00e1cio da Reden\u00e7\u00e3o, a realiza\u00e7\u00e3o de 12 festivais de cinema por todo estado, a amplia\u00e7\u00e3o das a\u00e7\u00f5es nas \u00e1reas de m\u00fasica, teatro, circo, dan\u00e7a, literatura, artes visuais, cinema e educa\u00e7\u00e3o e a institui\u00e7\u00e3o do ano cultural Mestre Sivuca e da celebra\u00e7\u00e3o do centen\u00e1rio Celso Furtado. Os investimentos somam R$ 23,4 milh\u00f5es. Na \u00e1rea da infraestrutura rodovi\u00e1ria, est\u00e3o previstas a conclus\u00e3o das obras da PB-383 \u2013 Lastro\/divisa RN, PB-200 \u2013 Juazeirinho\/Santo Andr\u00e9 e PB-087 &#8211; Pil\u00f5es\/entroncamento PB-085 (Serraria). Ser\u00e3o iniciadas as obras PB-151 \u2013 Picu\u00ed \/Nova Floresta, PB-100 \u2013 Queimadas \/ Fagundes, PB-394 \u2013 entroncamento BR-230 \u2013 Engenheiro Avidos e PB-099 \u2013 Lagoa Seca \u2013 Puxinan\u00e3. Tamb\u00e9m ser\u00e3o iniciadas as travessias urbanas nas cidades de S\u00e3o Mamede, Alagoa Grande, Dami\u00e3o, Logradouro, Barra de Santa Rosa e Sousa, a Ponte das Pedrinhas, em Sousa, e o arco metropolitano leste de Campina Grande, bem como as obras do contorno de Bananeiras, recupera\u00e7\u00e3o da PB-323 (Catol\u00e9\/Brejo do Cruz\/S\u00e3o Bento\/limite RN), a conclus\u00e3o das tr\u00eas obras de mobilidade urbana de Jo\u00e3o Pessoa e iniciado o programa estradas da cidadania, contemplando comunidades de Pocinhos, Areia, S\u00e3o Francisco, Lagoa Seca, Santana dos Garrotes, Sap\u00e9, S\u00e3o Jo\u00e3o do Cariri e Alagoa Nova, totalizando recursos na ordem de R$ 178 milh\u00f5es. J\u00e1 R$ 37,6 milh\u00f5es ser\u00e3o investidos na infraestrutura aerovi\u00e1ria, com o in\u00edcio da constru\u00e7\u00e3o do novo aeroporto de Patos e implanta\u00e7\u00e3o do balizamento noturno dos aer\u00f3dromos de Sousa, Iitaporanga, Catol\u00e9 do Rocha e Monteiro. J\u00e1 as a\u00e7\u00f5es de saneamento e recursos h\u00eddricos ser\u00e3o destinadas ao in\u00edcio das obras do sistema adutor<\/p>\n","protected":false},"author":2,"featured_media":21720,"comment_status":"closed","ping_status":"open","sticky":false,"template":"","format":"standard","meta":{"_eb_attr":"","_jetpack_memberships_contains_paid_content":false,"footnotes":""},"categories":[4],"tags":[],"class_list":["post-21719","post","type-post","status-publish","format-standard","has-post-thumbnail","hentry","category-politica"],"yoast_head":"<!-- This site is optimized with the Yoast SEO plugin v26.5 - https:\/\/yoast.com\/wordpress\/plugins\/seo\/ -->\n<title>Jo\u00e3o Azev\u00eado presta conta de a\u00e7\u00f5es de 2019 e anuncia R$ 1,8 bilh\u00e3o de investimentos para 2020 - Not&iacute;cias em Destaque<\/title>\n<meta name=\"robots\" content=\"index, follow, max-snippet:-1, max-image-preview:large, max-video-preview:-1\" \/>\n<link rel=\"canonical\" href=\"https:\/\/noticiasemdestaque.com\/cd\/?p=21719\" \/>\n<meta property=\"og:locale\" content=\"pt_BR\" \/>\n<meta property=\"og:type\" content=\"article\" \/>\n<meta property=\"og:title\" content=\"Jo\u00e3o Azev\u00eado presta conta de a\u00e7\u00f5es de 2019 e anuncia R$ 1,8 bilh\u00e3o de investimentos para 2020 - Not&iacute;cias em Destaque\" \/>\n<meta property=\"og:description\" content=\"O governador Jo\u00e3o Azev\u00eado realizou, nesta segunda-feira (6), durante solenidade no Teatro Paulo Pontes, no Espa\u00e7o Cultural Jos\u00e9 Lins do Rego, em Jo\u00e3o Pessoa, a presta\u00e7\u00e3o de contas das a\u00e7\u00f5es e obras realizadas pelo Governo do Estado, em 2019. Na ocasi\u00e3o, o gestor tamb\u00e9m anunciou investimentos de R$ 1,8 bilh\u00e3o para o ano de 2020, que incluem concursos para o magist\u00e9rio, Porto de Cabedelo, Procuradoria Geral do Estado (PGE) e Ag\u00eancia Executiva de Gest\u00e3o das \u00c1guas da Para\u00edba (Aesa). Al\u00e9m da previs\u00e3o dos concursos p\u00fablicos, o chefe do Executivo estadual ir\u00e1 empossar os aprovados no concurso do magist\u00e9rio de 2019 e 400 agentes socioeducativos da Fundac e conceder\u00e1 o reajuste do piso do magist\u00e9rio e corre\u00e7\u00e3o do sal\u00e1rio m\u00ednimo. Em seu pronunciamento, Jo\u00e3o Azev\u00eado fez uma avalia\u00e7\u00e3o positiva de 2019 e destacou o foco na gest\u00e3o para a garantia de bons resultados. \u201cN\u00f3s teremos um 2020 de muitos compromissos, desafios e renova\u00e7\u00e3o para mostrar \u00e0 sociedade da Para\u00edba todo o nosso potencial. O nosso Estado tem conseguido, por meio do esfor\u00e7o de toda uma equipe, resultados positivos. Esse \u00e9 um momento de satisfa\u00e7\u00e3o muito grande e essa \u00e9 uma data simb\u00f3lica em que a gest\u00e3o assume o compromisso com a Para\u00edba de fazer com que o desenvolvimento seja real e continue mudando vidas de tantas pessoas\u201d, comentou. Ele tamb\u00e9m detalhou as principais a\u00e7\u00f5es e obras da administra\u00e7\u00e3o estadual ao longo deste ano. Na educa\u00e7\u00e3o, o Governo do Estado ir\u00e1 implantar 76 Escolas Cidad\u00e3s Integrais (ECIs), distribu\u00eddas em 151 munic\u00edpios da Para\u00edba, com a oferta de 73 mil vagas. Tamb\u00e9m ser\u00e3o iniciadas a constru\u00e7\u00e3o de 29 escolas e de 21 blocos de laborat\u00f3rios, reforma de 32 escolas, entrega de 66 gin\u00e1sios do programa Bom de Bola, amplia\u00e7\u00e3o dos programas Primeira Chance, Gira Mundo Estudante, Gira Mundo Professor, Ouse Criar, Escola de Valor e Mestres da Educa\u00e7\u00e3o e amplia\u00e7\u00e3o de bolsas para pesquisas cient\u00edficas. Os conv\u00eanios com os munic\u00edpios na \u00e1rea ir\u00e3o permitir a aquisi\u00e7\u00e3o e disponibiliza\u00e7\u00e3o de 58 \u00f4nibus, constru\u00e7\u00e3o de 23 escolas, reformas de 28 unidades escolares e disponibiliza\u00e7\u00e3o de 32 conjuntos de equipamentos, laborat\u00f3rios, mobili\u00e1rios e ve\u00edculos tipo Van, representando recursos na ordem de R$ 291,6 milh\u00f5es. Na sa\u00fade, est\u00e3o previstos a implanta\u00e7\u00e3o do novo modelo de gest\u00e3o hospitalar na Para\u00edba atrav\u00e9s da cria\u00e7\u00e3o da Funda\u00e7\u00e3o de Sa\u00fade(PB Sa\u00fade), conv\u00eanios com o Hospital Padre Z\u00e9, Napole\u00e3o Laureano e Fap, amplia\u00e7\u00e3o da Rede Cuidar direcionada \u00e0 sa\u00fade da mulher, conclus\u00e3o do programa Opera Para\u00edba e a implanta\u00e7\u00e3o da Escola de Sa\u00fade P\u00fablica, totalizando investimentos de R$ 147,7 milh\u00f5es. Na seguran\u00e7a, o governo ir\u00e1 implantar a primeira fase do sistema de monitoramento da seguran\u00e7a em Jo\u00e3o Pessoa, Campina Grande e Patos, iniciar as obras do novo Centro de Treinamento do Corpo de Bombeiros, implantar o Batalh\u00e3o Ambiental e Apoio ao Turista, iniciar a reforma do Batalh\u00e3o e canil do Bope e adquirir equipamentos de apoio ao sistema de seguran\u00e7a, representando R$ 189,4 milh\u00f5es de recursos. Tamb\u00e9m ser\u00e3o aplicados R$ 20 milh\u00f5es na gest\u00e3o de tr\u00e2nsito, por meio de implanta\u00e7\u00e3o de novas Ciretrans nos munic\u00edpios de Sousa, Catol\u00e9 do Rocha, Santa Rita\/Bayeux, Cabedelo e Monteiro, acesso a Ciretran de Cajazeiras e reformas das Ciretrans de Araruna, Campina Grande, Concei\u00e7\u00e3o, Guarabira, Itaporanga e Jo\u00e3o Pessoa (sede e Valentina). O governo tamb\u00e9m prev\u00ea investimentos de R$ 42,8 milh\u00f5es na administra\u00e7\u00e3o penitenci\u00e1ria, com a constru\u00e7\u00e3o de mais um pavilh\u00e3o e do Centro de Sa\u00fade no pres\u00eddio S\u00edlvio Porto, reforma do pres\u00eddio Fl\u00f3sculo da N\u00f3brega, em Jo\u00e3o Pessoa, e Raimundo Asfora, em Campina Grande, constru\u00e7\u00e3o do novo pres\u00eddio em Gurinh\u00e9m e amplia\u00e7\u00e3o de a\u00e7\u00f5es de ressocializa\u00e7\u00e3o com a instala\u00e7\u00e3o de unidades de produ\u00e7\u00e3o industrial dentro dos pres\u00eddios. No segmento do Desenvolvimento Humano, a gest\u00e3o estadual ir\u00e1 ampliar o cart\u00e3o alimenta\u00e7\u00e3o, o n\u00famero de restaurantes populares e manter\u00e1 os conv\u00eanios para assist\u00eancia com as entidades sem fins lucrativos e o abono natalino, assegurando investimentos de R$139 milh\u00f5es. Na pasta da Mulher e Diversidade Humana, ser\u00e3o realizadas a amplia\u00e7\u00e3o do programa integrado patrulha Maria da Penha, a cria\u00e7\u00e3o da casa de acolhida proviso\u0301ria para mulheres v\u00edtimas de viole\u0302ncia, do Centro de Refere\u0302ncia de enfrentamento ao racismo e intolera\u0302ncia religiosa da Parai\u0301ba e do programa integrado para atenc\u0327a\u0303o a\u0300 populac\u0327a\u0303o LGBT em situac\u0327a\u0303o de rua e idosos, al\u00e9m do acompanhamento dos LGBT+ no sistema prisional por meio do programa Transforma. No esporte, os investimentos de R$ 7 milh\u00f5es ser\u00e3o aplicados no programa Incentiva Esporte, que prev\u00ea o incentivo a diversas modalidades esportivas no Estado. Na cultura, ser\u00e1 iniciada a implanta\u00e7\u00e3o do museu da Para\u00edba no Pal\u00e1cio da Reden\u00e7\u00e3o, a realiza\u00e7\u00e3o de 12 festivais de cinema por todo estado, a amplia\u00e7\u00e3o das a\u00e7\u00f5es nas \u00e1reas de m\u00fasica, teatro, circo, dan\u00e7a, literatura, artes visuais, cinema e educa\u00e7\u00e3o e a institui\u00e7\u00e3o do ano cultural Mestre Sivuca e da celebra\u00e7\u00e3o do centen\u00e1rio Celso Furtado. Os investimentos somam R$ 23,4 milh\u00f5es. Na \u00e1rea da infraestrutura rodovi\u00e1ria, est\u00e3o previstas a conclus\u00e3o das obras da PB-383 \u2013 Lastro\/divisa RN, PB-200 \u2013 Juazeirinho\/Santo Andr\u00e9 e PB-087 &#8211; Pil\u00f5es\/entroncamento PB-085 (Serraria). Ser\u00e3o iniciadas as obras PB-151 \u2013 Picu\u00ed \/Nova Floresta, PB-100 \u2013 Queimadas \/ Fagundes, PB-394 \u2013 entroncamento BR-230 \u2013 Engenheiro Avidos e PB-099 \u2013 Lagoa Seca \u2013 Puxinan\u00e3. Tamb\u00e9m ser\u00e3o iniciadas as travessias urbanas nas cidades de S\u00e3o Mamede, Alagoa Grande, Dami\u00e3o, Logradouro, Barra de Santa Rosa e Sousa, a Ponte das Pedrinhas, em Sousa, e o arco metropolitano leste de Campina Grande, bem como as obras do contorno de Bananeiras, recupera\u00e7\u00e3o da PB-323 (Catol\u00e9\/Brejo do Cruz\/S\u00e3o Bento\/limite RN), a conclus\u00e3o das tr\u00eas obras de mobilidade urbana de Jo\u00e3o Pessoa e iniciado o programa estradas da cidadania, contemplando comunidades de Pocinhos, Areia, S\u00e3o Francisco, Lagoa Seca, Santana dos Garrotes, Sap\u00e9, S\u00e3o Jo\u00e3o do Cariri e Alagoa Nova, totalizando recursos na ordem de R$ 178 milh\u00f5es. J\u00e1 R$ 37,6 milh\u00f5es ser\u00e3o investidos na infraestrutura aerovi\u00e1ria, com o in\u00edcio da constru\u00e7\u00e3o do novo aeroporto de Patos e implanta\u00e7\u00e3o do balizamento noturno dos aer\u00f3dromos de Sousa, Iitaporanga, Catol\u00e9 do Rocha e Monteiro. J\u00e1 as a\u00e7\u00f5es de saneamento e recursos h\u00eddricos ser\u00e3o destinadas ao in\u00edcio das obras do sistema adutor\" \/>\n<meta property=\"og:url\" content=\"https:\/\/noticiasemdestaque.com\/cd\/?p=21719\" \/>\n<meta property=\"og:site_name\" content=\"Not&iacute;cias em Destaque\" \/>\n<meta property=\"article:published_time\" content=\"2020-01-07T10:12:20+00:00\" \/>\n<meta property=\"article:modified_time\" content=\"2020-01-07T10:13:05+00:00\" \/>\n<meta property=\"og:image\" content=\"https:\/\/noticiasemdestaque.com\/cd\/wp-content\/uploads\/2020\/01\/b1628397-7ebe-4a00-961c-30a586ecd5f2.jpeg\" \/>\n\t<meta property=\"og:image:width\" content=\"768\" \/>\n\t<meta property=\"og:image:height\" content=\"548\" \/>\n\t<meta property=\"og:image:type\" content=\"image\/jpeg\" \/>\n<meta name=\"author\" content=\"Not\u00edcias em Destaque\" \/>\n<meta name=\"twitter:card\" content=\"summary_large_image\" \/>\n<meta name=\"twitter:label1\" content=\"Escrito por\" \/>\n\t<meta name=\"twitter:data1\" content=\"Not\u00edcias em Destaque\" \/>\n\t<meta name=\"twitter:label2\" content=\"Est. tempo de leitura\" \/>\n\t<meta name=\"twitter:data2\" content=\"9 minutos\" \/>\n<script type=\"application\/ld+json\" class=\"yoast-schema-graph\">{\"@context\":\"https:\/\/schema.org\",\"@graph\":[{\"@type\":\"Article\",\"@id\":\"https:\/\/noticiasemdestaque.com\/cd\/?p=21719#article\",\"isPartOf\":{\"@id\":\"https:\/\/noticiasemdestaque.com\/cd\/?p=21719\"},\"author\":{\"name\":\"Not\u00edcias em Destaque\",\"@id\":\"https:\/\/noticiasemdestaque.com\/cd\/#\/schema\/person\/47f7d4f55eec17c6b2ca036c5500f6ce\"},\"headline\":\"Jo\u00e3o Azev\u00eado presta conta de a\u00e7\u00f5es de 2019 e anuncia R$ 1,8 bilh\u00e3o de investimentos para 2020\",\"datePublished\":\"2020-01-07T10:12:20+00:00\",\"dateModified\":\"2020-01-07T10:13:05+00:00\",\"mainEntityOfPage\":{\"@id\":\"https:\/\/noticiasemdestaque.com\/cd\/?p=21719\"},\"wordCount\":1770,\"publisher\":{\"@id\":\"https:\/\/noticiasemdestaque.com\/cd\/#organization\"},\"image\":{\"@id\":\"https:\/\/noticiasemdestaque.com\/cd\/?p=21719#primaryimage\"},\"thumbnailUrl\":\"https:\/\/noticiasemdestaque.com\/cd\/wp-content\/uploads\/2020\/01\/b1628397-7ebe-4a00-961c-30a586ecd5f2.jpeg\",\"articleSection\":[\"Pol\u00edtica\"],\"inLanguage\":\"pt-BR\"},{\"@type\":\"WebPage\",\"@id\":\"https:\/\/noticiasemdestaque.com\/cd\/?p=21719\",\"url\":\"https:\/\/noticiasemdestaque.com\/cd\/?p=21719\",\"name\":\"Jo\u00e3o Azev\u00eado presta conta de a\u00e7\u00f5es de 2019 e anuncia R$ 1,8 bilh\u00e3o de investimentos para 2020 - Not&iacute;cias em Destaque\",\"isPartOf\":{\"@id\":\"https:\/\/noticiasemdestaque.com\/cd\/#website\"},\"primaryImageOfPage\":{\"@id\":\"https:\/\/noticiasemdestaque.com\/cd\/?p=21719#primaryimage\"},\"image\":{\"@id\":\"https:\/\/noticiasemdestaque.com\/cd\/?p=21719#primaryimage\"},\"thumbnailUrl\":\"https:\/\/noticiasemdestaque.com\/cd\/wp-content\/uploads\/2020\/01\/b1628397-7ebe-4a00-961c-30a586ecd5f2.jpeg\",\"datePublished\":\"2020-01-07T10:12:20+00:00\",\"dateModified\":\"2020-01-07T10:13:05+00:00\",\"breadcrumb\":{\"@id\":\"https:\/\/noticiasemdestaque.com\/cd\/?p=21719#breadcrumb\"},\"inLanguage\":\"pt-BR\",\"potentialAction\":[{\"@type\":\"ReadAction\",\"target\":[\"https:\/\/noticiasemdestaque.com\/cd\/?p=21719\"]}]},{\"@type\":\"ImageObject\",\"inLanguage\":\"pt-BR\",\"@id\":\"https:\/\/noticiasemdestaque.com\/cd\/?p=21719#primaryimage\",\"url\":\"https:\/\/noticiasemdestaque.com\/cd\/wp-content\/uploads\/2020\/01\/b1628397-7ebe-4a00-961c-30a586ecd5f2.jpeg\",\"contentUrl\":\"https:\/\/noticiasemdestaque.com\/cd\/wp-content\/uploads\/2020\/01\/b1628397-7ebe-4a00-961c-30a586ecd5f2.jpeg\",\"width\":768,\"height\":548},{\"@type\":\"BreadcrumbList\",\"@id\":\"https:\/\/noticiasemdestaque.com\/cd\/?p=21719#breadcrumb\",\"itemListElement\":[{\"@type\":\"ListItem\",\"position\":1,\"name\":\"In\u00edcio\",\"item\":\"https:\/\/noticiasemdestaque.com\/cd\/\"},{\"@type\":\"ListItem\",\"position\":2,\"name\":\"Jo\u00e3o Azev\u00eado presta conta de a\u00e7\u00f5es de 2019 e anuncia R$ 1,8 bilh\u00e3o de investimentos para 2020\"}]},{\"@type\":\"WebSite\",\"@id\":\"https:\/\/noticiasemdestaque.com\/cd\/#website\",\"url\":\"https:\/\/noticiasemdestaque.com\/cd\/\",\"name\":\"Not&iacute;cias em Destaque\",\"description\":\"\",\"publisher\":{\"@id\":\"https:\/\/noticiasemdestaque.com\/cd\/#organization\"},\"potentialAction\":[{\"@type\":\"SearchAction\",\"target\":{\"@type\":\"EntryPoint\",\"urlTemplate\":\"https:\/\/noticiasemdestaque.com\/cd\/?s={search_term_string}\"},\"query-input\":{\"@type\":\"PropertyValueSpecification\",\"valueRequired\":true,\"valueName\":\"search_term_string\"}}],\"inLanguage\":\"pt-BR\"},{\"@type\":\"Organization\",\"@id\":\"https:\/\/noticiasemdestaque.com\/cd\/#organization\",\"name\":\"Not\u00edcias em Destaque\",\"url\":\"https:\/\/noticiasemdestaque.com\/cd\/\",\"logo\":{\"@type\":\"ImageObject\",\"inLanguage\":\"pt-BR\",\"@id\":\"https:\/\/noticiasemdestaque.com\/cd\/#\/schema\/logo\/image\/\",\"url\":\"https:\/\/noticiasemdestaque.com\/cd\/wp-content\/uploads\/2022\/05\/imagem-base-noticiasemdestaque.png\",\"contentUrl\":\"https:\/\/noticiasemdestaque.com\/cd\/wp-content\/uploads\/2022\/05\/imagem-base-noticiasemdestaque.png\",\"width\":1200,\"height\":630,\"caption\":\"Not\u00edcias em Destaque\"},\"image\":{\"@id\":\"https:\/\/noticiasemdestaque.com\/cd\/#\/schema\/logo\/image\/\"}},{\"@type\":\"Person\",\"@id\":\"https:\/\/noticiasemdestaque.com\/cd\/#\/schema\/person\/47f7d4f55eec17c6b2ca036c5500f6ce\",\"name\":\"Not\u00edcias em Destaque\",\"url\":\"https:\/\/noticiasemdestaque.com\/cd\/?author=2\"}]}<\/script>\n<!-- \/ Yoast SEO plugin. -->","yoast_head_json":{"title":"Jo\u00e3o Azev\u00eado presta conta de a\u00e7\u00f5es de 2019 e anuncia R$ 1,8 bilh\u00e3o de investimentos para 2020 - Not&iacute;cias em Destaque","robots":{"index":"index","follow":"follow","max-snippet":"max-snippet:-1","max-image-preview":"max-image-preview:large","max-video-preview":"max-video-preview:-1"},"canonical":"https:\/\/noticiasemdestaque.com\/cd\/?p=21719","og_locale":"pt_BR","og_type":"article","og_title":"Jo\u00e3o Azev\u00eado presta conta de a\u00e7\u00f5es de 2019 e anuncia R$ 1,8 bilh\u00e3o de investimentos para 2020 - Not&iacute;cias em Destaque","og_description":"O governador Jo\u00e3o Azev\u00eado realizou, nesta segunda-feira (6), durante solenidade no Teatro Paulo Pontes, no Espa\u00e7o Cultural Jos\u00e9 Lins do Rego, em Jo\u00e3o Pessoa, a presta\u00e7\u00e3o de contas das a\u00e7\u00f5es e obras realizadas pelo Governo do Estado, em 2019. Na ocasi\u00e3o, o gestor tamb\u00e9m anunciou investimentos de R$ 1,8 bilh\u00e3o para o ano de 2020, que incluem concursos para o magist\u00e9rio, Porto de Cabedelo, Procuradoria Geral do Estado (PGE) e Ag\u00eancia Executiva de Gest\u00e3o das \u00c1guas da Para\u00edba (Aesa). Al\u00e9m da previs\u00e3o dos concursos p\u00fablicos, o chefe do Executivo estadual ir\u00e1 empossar os aprovados no concurso do magist\u00e9rio de 2019 e 400 agentes socioeducativos da Fundac e conceder\u00e1 o reajuste do piso do magist\u00e9rio e corre\u00e7\u00e3o do sal\u00e1rio m\u00ednimo. Em seu pronunciamento, Jo\u00e3o Azev\u00eado fez uma avalia\u00e7\u00e3o positiva de 2019 e destacou o foco na gest\u00e3o para a garantia de bons resultados. \u201cN\u00f3s teremos um 2020 de muitos compromissos, desafios e renova\u00e7\u00e3o para mostrar \u00e0 sociedade da Para\u00edba todo o nosso potencial. O nosso Estado tem conseguido, por meio do esfor\u00e7o de toda uma equipe, resultados positivos. Esse \u00e9 um momento de satisfa\u00e7\u00e3o muito grande e essa \u00e9 uma data simb\u00f3lica em que a gest\u00e3o assume o compromisso com a Para\u00edba de fazer com que o desenvolvimento seja real e continue mudando vidas de tantas pessoas\u201d, comentou. Ele tamb\u00e9m detalhou as principais a\u00e7\u00f5es e obras da administra\u00e7\u00e3o estadual ao longo deste ano. Na educa\u00e7\u00e3o, o Governo do Estado ir\u00e1 implantar 76 Escolas Cidad\u00e3s Integrais (ECIs), distribu\u00eddas em 151 munic\u00edpios da Para\u00edba, com a oferta de 73 mil vagas. Tamb\u00e9m ser\u00e3o iniciadas a constru\u00e7\u00e3o de 29 escolas e de 21 blocos de laborat\u00f3rios, reforma de 32 escolas, entrega de 66 gin\u00e1sios do programa Bom de Bola, amplia\u00e7\u00e3o dos programas Primeira Chance, Gira Mundo Estudante, Gira Mundo Professor, Ouse Criar, Escola de Valor e Mestres da Educa\u00e7\u00e3o e amplia\u00e7\u00e3o de bolsas para pesquisas cient\u00edficas. Os conv\u00eanios com os munic\u00edpios na \u00e1rea ir\u00e3o permitir a aquisi\u00e7\u00e3o e disponibiliza\u00e7\u00e3o de 58 \u00f4nibus, constru\u00e7\u00e3o de 23 escolas, reformas de 28 unidades escolares e disponibiliza\u00e7\u00e3o de 32 conjuntos de equipamentos, laborat\u00f3rios, mobili\u00e1rios e ve\u00edculos tipo Van, representando recursos na ordem de R$ 291,6 milh\u00f5es. Na sa\u00fade, est\u00e3o previstos a implanta\u00e7\u00e3o do novo modelo de gest\u00e3o hospitalar na Para\u00edba atrav\u00e9s da cria\u00e7\u00e3o da Funda\u00e7\u00e3o de Sa\u00fade(PB Sa\u00fade), conv\u00eanios com o Hospital Padre Z\u00e9, Napole\u00e3o Laureano e Fap, amplia\u00e7\u00e3o da Rede Cuidar direcionada \u00e0 sa\u00fade da mulher, conclus\u00e3o do programa Opera Para\u00edba e a implanta\u00e7\u00e3o da Escola de Sa\u00fade P\u00fablica, totalizando investimentos de R$ 147,7 milh\u00f5es. Na seguran\u00e7a, o governo ir\u00e1 implantar a primeira fase do sistema de monitoramento da seguran\u00e7a em Jo\u00e3o Pessoa, Campina Grande e Patos, iniciar as obras do novo Centro de Treinamento do Corpo de Bombeiros, implantar o Batalh\u00e3o Ambiental e Apoio ao Turista, iniciar a reforma do Batalh\u00e3o e canil do Bope e adquirir equipamentos de apoio ao sistema de seguran\u00e7a, representando R$ 189,4 milh\u00f5es de recursos. Tamb\u00e9m ser\u00e3o aplicados R$ 20 milh\u00f5es na gest\u00e3o de tr\u00e2nsito, por meio de implanta\u00e7\u00e3o de novas Ciretrans nos munic\u00edpios de Sousa, Catol\u00e9 do Rocha, Santa Rita\/Bayeux, Cabedelo e Monteiro, acesso a Ciretran de Cajazeiras e reformas das Ciretrans de Araruna, Campina Grande, Concei\u00e7\u00e3o, Guarabira, Itaporanga e Jo\u00e3o Pessoa (sede e Valentina). O governo tamb\u00e9m prev\u00ea investimentos de R$ 42,8 milh\u00f5es na administra\u00e7\u00e3o penitenci\u00e1ria, com a constru\u00e7\u00e3o de mais um pavilh\u00e3o e do Centro de Sa\u00fade no pres\u00eddio S\u00edlvio Porto, reforma do pres\u00eddio Fl\u00f3sculo da N\u00f3brega, em Jo\u00e3o Pessoa, e Raimundo Asfora, em Campina Grande, constru\u00e7\u00e3o do novo pres\u00eddio em Gurinh\u00e9m e amplia\u00e7\u00e3o de a\u00e7\u00f5es de ressocializa\u00e7\u00e3o com a instala\u00e7\u00e3o de unidades de produ\u00e7\u00e3o industrial dentro dos pres\u00eddios. No segmento do Desenvolvimento Humano, a gest\u00e3o estadual ir\u00e1 ampliar o cart\u00e3o alimenta\u00e7\u00e3o, o n\u00famero de restaurantes populares e manter\u00e1 os conv\u00eanios para assist\u00eancia com as entidades sem fins lucrativos e o abono natalino, assegurando investimentos de R$139 milh\u00f5es. Na pasta da Mulher e Diversidade Humana, ser\u00e3o realizadas a amplia\u00e7\u00e3o do programa integrado patrulha Maria da Penha, a cria\u00e7\u00e3o da casa de acolhida proviso\u0301ria para mulheres v\u00edtimas de viole\u0302ncia, do Centro de Refere\u0302ncia de enfrentamento ao racismo e intolera\u0302ncia religiosa da Parai\u0301ba e do programa integrado para atenc\u0327a\u0303o a\u0300 populac\u0327a\u0303o LGBT em situac\u0327a\u0303o de rua e idosos, al\u00e9m do acompanhamento dos LGBT+ no sistema prisional por meio do programa Transforma. No esporte, os investimentos de R$ 7 milh\u00f5es ser\u00e3o aplicados no programa Incentiva Esporte, que prev\u00ea o incentivo a diversas modalidades esportivas no Estado. Na cultura, ser\u00e1 iniciada a implanta\u00e7\u00e3o do museu da Para\u00edba no Pal\u00e1cio da Reden\u00e7\u00e3o, a realiza\u00e7\u00e3o de 12 festivais de cinema por todo estado, a amplia\u00e7\u00e3o das a\u00e7\u00f5es nas \u00e1reas de m\u00fasica, teatro, circo, dan\u00e7a, literatura, artes visuais, cinema e educa\u00e7\u00e3o e a institui\u00e7\u00e3o do ano cultural Mestre Sivuca e da celebra\u00e7\u00e3o do centen\u00e1rio Celso Furtado. Os investimentos somam R$ 23,4 milh\u00f5es. Na \u00e1rea da infraestrutura rodovi\u00e1ria, est\u00e3o previstas a conclus\u00e3o das obras da PB-383 \u2013 Lastro\/divisa RN, PB-200 \u2013 Juazeirinho\/Santo Andr\u00e9 e PB-087 &#8211; Pil\u00f5es\/entroncamento PB-085 (Serraria). Ser\u00e3o iniciadas as obras PB-151 \u2013 Picu\u00ed \/Nova Floresta, PB-100 \u2013 Queimadas \/ Fagundes, PB-394 \u2013 entroncamento BR-230 \u2013 Engenheiro Avidos e PB-099 \u2013 Lagoa Seca \u2013 Puxinan\u00e3. Tamb\u00e9m ser\u00e3o iniciadas as travessias urbanas nas cidades de S\u00e3o Mamede, Alagoa Grande, Dami\u00e3o, Logradouro, Barra de Santa Rosa e Sousa, a Ponte das Pedrinhas, em Sousa, e o arco metropolitano leste de Campina Grande, bem como as obras do contorno de Bananeiras, recupera\u00e7\u00e3o da PB-323 (Catol\u00e9\/Brejo do Cruz\/S\u00e3o Bento\/limite RN), a conclus\u00e3o das tr\u00eas obras de mobilidade urbana de Jo\u00e3o Pessoa e iniciado o programa estradas da cidadania, contemplando comunidades de Pocinhos, Areia, S\u00e3o Francisco, Lagoa Seca, Santana dos Garrotes, Sap\u00e9, S\u00e3o Jo\u00e3o do Cariri e Alagoa Nova, totalizando recursos na ordem de R$ 178 milh\u00f5es. J\u00e1 R$ 37,6 milh\u00f5es ser\u00e3o investidos na infraestrutura aerovi\u00e1ria, com o in\u00edcio da constru\u00e7\u00e3o do novo aeroporto de Patos e implanta\u00e7\u00e3o do balizamento noturno dos aer\u00f3dromos de Sousa, Iitaporanga, Catol\u00e9 do Rocha e Monteiro. J\u00e1 as a\u00e7\u00f5es de saneamento e recursos h\u00eddricos ser\u00e3o destinadas ao in\u00edcio das obras do sistema adutor","og_url":"https:\/\/noticiasemdestaque.com\/cd\/?p=21719","og_site_name":"Not&iacute;cias em Destaque","article_published_time":"2020-01-07T10:12:20+00:00","article_modified_time":"2020-01-07T10:13:05+00:00","og_image":[{"width":768,"height":548,"url":"https:\/\/noticiasemdestaque.com\/cd\/wp-content\/uploads\/2020\/01\/b1628397-7ebe-4a00-961c-30a586ecd5f2.jpeg","type":"image\/jpeg"}],"author":"Not\u00edcias em Destaque","twitter_card":"summary_large_image","twitter_misc":{"Escrito por":"Not\u00edcias em Destaque","Est. tempo de leitura":"9 minutos"},"schema":{"@context":"https:\/\/schema.org","@graph":[{"@type":"Article","@id":"https:\/\/noticiasemdestaque.com\/cd\/?p=21719#article","isPartOf":{"@id":"https:\/\/noticiasemdestaque.com\/cd\/?p=21719"},"author":{"name":"Not\u00edcias em Destaque","@id":"https:\/\/noticiasemdestaque.com\/cd\/#\/schema\/person\/47f7d4f55eec17c6b2ca036c5500f6ce"},"headline":"Jo\u00e3o Azev\u00eado presta conta de a\u00e7\u00f5es de 2019 e anuncia R$ 1,8 bilh\u00e3o de investimentos para 2020","datePublished":"2020-01-07T10:12:20+00:00","dateModified":"2020-01-07T10:13:05+00:00","mainEntityOfPage":{"@id":"https:\/\/noticiasemdestaque.com\/cd\/?p=21719"},"wordCount":1770,"publisher":{"@id":"https:\/\/noticiasemdestaque.com\/cd\/#organization"},"image":{"@id":"https:\/\/noticiasemdestaque.com\/cd\/?p=21719#primaryimage"},"thumbnailUrl":"https:\/\/noticiasemdestaque.com\/cd\/wp-content\/uploads\/2020\/01\/b1628397-7ebe-4a00-961c-30a586ecd5f2.jpeg","articleSection":["Pol\u00edtica"],"inLanguage":"pt-BR"},{"@type":"WebPage","@id":"https:\/\/noticiasemdestaque.com\/cd\/?p=21719","url":"https:\/\/noticiasemdestaque.com\/cd\/?p=21719","name":"Jo\u00e3o Azev\u00eado presta conta de a\u00e7\u00f5es de 2019 e anuncia R$ 1,8 bilh\u00e3o de investimentos para 2020 - Not&iacute;cias em Destaque","isPartOf":{"@id":"https:\/\/noticiasemdestaque.com\/cd\/#website"},"primaryImageOfPage":{"@id":"https:\/\/noticiasemdestaque.com\/cd\/?p=21719#primaryimage"},"image":{"@id":"https:\/\/noticiasemdestaque.com\/cd\/?p=21719#primaryimage"},"thumbnailUrl":"https:\/\/noticiasemdestaque.com\/cd\/wp-content\/uploads\/2020\/01\/b1628397-7ebe-4a00-961c-30a586ecd5f2.jpeg","datePublished":"2020-01-07T10:12:20+00:00","dateModified":"2020-01-07T10:13:05+00:00","breadcrumb":{"@id":"https:\/\/noticiasemdestaque.com\/cd\/?p=21719#breadcrumb"},"inLanguage":"pt-BR","potentialAction":[{"@type":"ReadAction","target":["https:\/\/noticiasemdestaque.com\/cd\/?p=21719"]}]},{"@type":"ImageObject","inLanguage":"pt-BR","@id":"https:\/\/noticiasemdestaque.com\/cd\/?p=21719#primaryimage","url":"https:\/\/noticiasemdestaque.com\/cd\/wp-content\/uploads\/2020\/01\/b1628397-7ebe-4a00-961c-30a586ecd5f2.jpeg","contentUrl":"https:\/\/noticiasemdestaque.com\/cd\/wp-content\/uploads\/2020\/01\/b1628397-7ebe-4a00-961c-30a586ecd5f2.jpeg","width":768,"height":548},{"@type":"BreadcrumbList","@id":"https:\/\/noticiasemdestaque.com\/cd\/?p=21719#breadcrumb","itemListElement":[{"@type":"ListItem","position":1,"name":"In\u00edcio","item":"https:\/\/noticiasemdestaque.com\/cd\/"},{"@type":"ListItem","position":2,"name":"Jo\u00e3o Azev\u00eado presta conta de a\u00e7\u00f5es de 2019 e anuncia R$ 1,8 bilh\u00e3o de investimentos para 2020"}]},{"@type":"WebSite","@id":"https:\/\/noticiasemdestaque.com\/cd\/#website","url":"https:\/\/noticiasemdestaque.com\/cd\/","name":"Not&iacute;cias em Destaque","description":"","publisher":{"@id":"https:\/\/noticiasemdestaque.com\/cd\/#organization"},"potentialAction":[{"@type":"SearchAction","target":{"@type":"EntryPoint","urlTemplate":"https:\/\/noticiasemdestaque.com\/cd\/?s={search_term_string}"},"query-input":{"@type":"PropertyValueSpecification","valueRequired":true,"valueName":"search_term_string"}}],"inLanguage":"pt-BR"},{"@type":"Organization","@id":"https:\/\/noticiasemdestaque.com\/cd\/#organization","name":"Not\u00edcias em Destaque","url":"https:\/\/noticiasemdestaque.com\/cd\/","logo":{"@type":"ImageObject","inLanguage":"pt-BR","@id":"https:\/\/noticiasemdestaque.com\/cd\/#\/schema\/logo\/image\/","url":"https:\/\/noticiasemdestaque.com\/cd\/wp-content\/uploads\/2022\/05\/imagem-base-noticiasemdestaque.png","contentUrl":"https:\/\/noticiasemdestaque.com\/cd\/wp-content\/uploads\/2022\/05\/imagem-base-noticiasemdestaque.png","width":1200,"height":630,"caption":"Not\u00edcias em Destaque"},"image":{"@id":"https:\/\/noticiasemdestaque.com\/cd\/#\/schema\/logo\/image\/"}},{"@type":"Person","@id":"https:\/\/noticiasemdestaque.com\/cd\/#\/schema\/person\/47f7d4f55eec17c6b2ca036c5500f6ce","name":"Not\u00edcias em Destaque","url":"https:\/\/noticiasemdestaque.com\/cd\/?author=2"}]}},"jetpack_featured_media_url":"https:\/\/noticiasemdestaque.com\/cd\/wp-content\/uploads\/2020\/01\/b1628397-7ebe-4a00-961c-30a586ecd5f2.jpeg","jetpack_sharing_enabled":true,"_links":{"self":[{"href":"https:\/\/noticiasemdestaque.com\/cd\/index.php?rest_route=\/wp\/v2\/posts\/21719","targetHints":{"allow":["GET"]}}],"collection":[{"href":"https:\/\/noticiasemdestaque.com\/cd\/index.php?rest_route=\/wp\/v2\/posts"}],"about":[{"href":"https:\/\/noticiasemdestaque.com\/cd\/index.php?rest_route=\/wp\/v2\/types\/post"}],"author":[{"embeddable":true,"href":"https:\/\/noticiasemdestaque.com\/cd\/index.php?rest_route=\/wp\/v2\/users\/2"}],"replies":[{"embeddable":true,"href":"https:\/\/noticiasemdestaque.com\/cd\/index.php?rest_route=%2Fwp%2Fv2%2Fcomments&post=21719"}],"version-history":[{"count":2,"href":"https:\/\/noticiasemdestaque.com\/cd\/index.php?rest_route=\/wp\/v2\/posts\/21719\/revisions"}],"predecessor-version":[{"id":21722,"href":"https:\/\/noticiasemdestaque.com\/cd\/index.php?rest_route=\/wp\/v2\/posts\/21719\/revisions\/21722"}],"wp:featuredmedia":[{"embeddable":true,"href":"https:\/\/noticiasemdestaque.com\/cd\/index.php?rest_route=\/wp\/v2\/media\/21720"}],"wp:attachment":[{"href":"https:\/\/noticiasemdestaque.com\/cd\/index.php?rest_route=%2Fwp%2Fv2%2Fmedia&parent=21719"}],"wp:term":[{"taxonomy":"category","embeddable":true,"href":"https:\/\/noticiasemdestaque.com\/cd\/index.php?rest_route=%2Fwp%2Fv2%2Fcategories&post=21719"},{"taxonomy":"post_tag","embeddable":true,"href":"https:\/\/noticiasemdestaque.com\/cd\/index.php?rest_route=%2Fwp%2Fv2%2Ftags&post=21719"}],"curies":[{"name":"wp","href":"https:\/\/api.w.org\/{rel}","templated":true}]}}