{"id":21713,"date":"2020-01-07T07:00:56","date_gmt":"2020-01-07T10:00:56","guid":{"rendered":"http:\/\/noticiasemdestaque.com\/cd\/?p=21713"},"modified":"2020-01-07T07:32:13","modified_gmt":"2020-01-07T10:32:13","slug":"agricultores-paraibanos-tem-ate-a-proxima-sexta-para-pagar-o-boleto-de-adesao-do-garantia-safra-2019-2020","status":"publish","type":"post","link":"https:\/\/noticiasemdestaque.com\/cd\/?p=21713","title":{"rendered":"Agricultores paraibanos t\u00eam at\u00e9 a pr\u00f3xima sexta para pagar o boleto de ades\u00e3o do Garantia Safra 2019\/2020"},"content":{"rendered":"<p>00<a href=\"https:\/\/noticiasemdestaque.com\/cd\/wp-content\/uploads\/2017\/09\/garantia-safra-1-.jpg\"><img fetchpriority=\"high\" decoding=\"async\" class=\"size-full wp-image-4679 aligncenter\" src=\"https:\/\/noticiasemdestaque.com\/cd\/wp-content\/uploads\/2017\/09\/garantia-safra-1-.jpg\" alt=\"\" width=\"500\" height=\"316\" srcset=\"https:\/\/noticiasemdestaque.com\/cd\/wp-content\/uploads\/2017\/09\/garantia-safra-1-.jpg 500w, https:\/\/noticiasemdestaque.com\/cd\/wp-content\/uploads\/2017\/09\/garantia-safra-1--300x190.jpg 300w\" sizes=\"(max-width: 500px) 100vw, 500px\" \/><\/a><\/p>\n<p>Os agricultores paraibanos t\u00eam at\u00e9 a pr\u00f3xima sexta-feira (10), para realizarem o pagamento do boleto de ades\u00e3o do programa Garantia Safra 2019\/2020.\u00a0O prazo havia sido encerrado no \u00faltimo dia 31 de dezembro.<\/p>\n<p>O novo prazo foi autorizado pela Coordena\u00e7\u00e3o Nacional do Programa\u00a0de Cr\u00e9dito Fundi\u00e1rio (PNCF) do Minist\u00e9rio da Agricultura, Pecu\u00e1ria e Abastecimento.<\/p>\n<p>Os benefici\u00e1rios do programa dever\u00e3o procurar as casas lot\u00e9ricas dos munic\u00edpios\u00a0e efetuar o pagamento.<\/p>\n<p>O valor de R$ 17,00 garante a ades\u00e3o do agricultor ao programa, que pagar\u00e1 um seguro de R$ 850,00, divididos em 5 parcelas de R$ 170,00, em casos de perda de safra acima de 50%, al\u00e9m de outros crit\u00e9rios de avalia\u00e7\u00e3o.<\/p>\n","protected":false},"excerpt":{"rendered":"<p>00 Os agricultores paraibanos t\u00eam at\u00e9 a pr\u00f3xima sexta-feira (10), para realizarem o pagamento do boleto de ades\u00e3o do programa Garantia Safra 2019\/2020.\u00a0O prazo havia sido encerrado no \u00faltimo dia 31 de dezembro. O novo prazo foi autorizado pela Coordena\u00e7\u00e3o Nacional do Programa\u00a0de Cr\u00e9dito Fundi\u00e1rio (PNCF) do Minist\u00e9rio da Agricultura, Pecu\u00e1ria e Abastecimento. Os benefici\u00e1rios do programa dever\u00e3o procurar as casas lot\u00e9ricas dos munic\u00edpios\u00a0e efetuar o pagamento. O valor de R$ 17,00 garante a ades\u00e3o do agricultor ao programa, que pagar\u00e1 um seguro de R$ 850,00, divididos em 5 parcelas de R$ 170,00, em casos de perda de safra acima de 50%, al\u00e9m de outros crit\u00e9rios de avalia\u00e7\u00e3o.<\/p>\n","protected":false},"author":2,"featured_media":4679,"comment_status":"closed","ping_status":"open","sticky":false,"template":"","format":"standard","meta":{"_eb_attr":"","_jetpack_memberships_contains_paid_content":false,"footnotes":""},"categories":[12],"tags":[],"class_list":["post-21713","post","type-post","status-publish","format-standard","has-post-thumbnail","hentry","category-geral"],"yoast_head":"<!-- This site is optimized with the Yoast SEO plugin v26.5 - https:\/\/yoast.com\/wordpress\/plugins\/seo\/ -->\n<title>Agricultores paraibanos t\u00eam at\u00e9 a pr\u00f3xima sexta para pagar o boleto de ades\u00e3o do Garantia Safra 2019\/2020 - Not&iacute;cias em Destaque<\/title>\n<meta name=\"robots\" content=\"index, follow, max-snippet:-1, max-image-preview:large, max-video-preview:-1\" \/>\n<link rel=\"canonical\" href=\"https:\/\/noticiasemdestaque.com\/cd\/?p=21713\" \/>\n<meta property=\"og:locale\" content=\"pt_BR\" \/>\n<meta property=\"og:type\" content=\"article\" \/>\n<meta property=\"og:title\" content=\"Agricultores paraibanos t\u00eam at\u00e9 a pr\u00f3xima sexta para pagar o boleto de ades\u00e3o do Garantia Safra 2019\/2020 - Not&iacute;cias em Destaque\" \/>\n<meta property=\"og:description\" content=\"00 Os agricultores paraibanos t\u00eam at\u00e9 a pr\u00f3xima sexta-feira (10), para realizarem o pagamento do boleto de ades\u00e3o do programa Garantia Safra 2019\/2020.\u00a0O prazo havia sido encerrado no \u00faltimo dia 31 de dezembro. O novo prazo foi autorizado pela Coordena\u00e7\u00e3o Nacional do Programa\u00a0de Cr\u00e9dito Fundi\u00e1rio (PNCF) do Minist\u00e9rio da Agricultura, Pecu\u00e1ria e Abastecimento. Os benefici\u00e1rios do programa dever\u00e3o procurar as casas lot\u00e9ricas dos munic\u00edpios\u00a0e efetuar o pagamento. O valor de R$ 17,00 garante a ades\u00e3o do agricultor ao programa, que pagar\u00e1 um seguro de R$ 850,00, divididos em 5 parcelas de R$ 170,00, em casos de perda de safra acima de 50%, al\u00e9m de outros crit\u00e9rios de avalia\u00e7\u00e3o.\" \/>\n<meta property=\"og:url\" content=\"https:\/\/noticiasemdestaque.com\/cd\/?p=21713\" \/>\n<meta property=\"og:site_name\" content=\"Not&iacute;cias em Destaque\" \/>\n<meta property=\"article:published_time\" content=\"2020-01-07T10:00:56+00:00\" \/>\n<meta property=\"article:modified_time\" content=\"2020-01-07T10:32:13+00:00\" \/>\n<meta property=\"og:image\" content=\"https:\/\/noticiasemdestaque.com\/cd\/wp-content\/uploads\/2017\/09\/garantia-safra-1-.jpg\" \/>\n\t<meta property=\"og:image:width\" content=\"500\" \/>\n\t<meta property=\"og:image:height\" content=\"316\" \/>\n\t<meta property=\"og:image:type\" content=\"image\/jpeg\" \/>\n<meta name=\"author\" content=\"Not\u00edcias em Destaque\" \/>\n<meta name=\"twitter:card\" content=\"summary_large_image\" \/>\n<meta name=\"twitter:label1\" content=\"Escrito por\" \/>\n\t<meta name=\"twitter:data1\" content=\"Not\u00edcias em Destaque\" \/>\n\t<meta name=\"twitter:label2\" content=\"Est. tempo de leitura\" \/>\n\t<meta name=\"twitter:data2\" content=\"1 minuto\" \/>\n<script type=\"application\/ld+json\" class=\"yoast-schema-graph\">{\"@context\":\"https:\/\/schema.org\",\"@graph\":[{\"@type\":\"Article\",\"@id\":\"https:\/\/noticiasemdestaque.com\/cd\/?p=21713#article\",\"isPartOf\":{\"@id\":\"https:\/\/noticiasemdestaque.com\/cd\/?p=21713\"},\"author\":{\"name\":\"Not\u00edcias em Destaque\",\"@id\":\"https:\/\/noticiasemdestaque.com\/cd\/#\/schema\/person\/47f7d4f55eec17c6b2ca036c5500f6ce\"},\"headline\":\"Agricultores paraibanos t\u00eam at\u00e9 a pr\u00f3xima sexta para pagar o boleto de ades\u00e3o do Garantia Safra 2019\/2020\",\"datePublished\":\"2020-01-07T10:00:56+00:00\",\"dateModified\":\"2020-01-07T10:32:13+00:00\",\"mainEntityOfPage\":{\"@id\":\"https:\/\/noticiasemdestaque.com\/cd\/?p=21713\"},\"wordCount\":137,\"publisher\":{\"@id\":\"https:\/\/noticiasemdestaque.com\/cd\/#organization\"},\"image\":{\"@id\":\"https:\/\/noticiasemdestaque.com\/cd\/?p=21713#primaryimage\"},\"thumbnailUrl\":\"https:\/\/noticiasemdestaque.com\/cd\/wp-content\/uploads\/2017\/09\/garantia-safra-1-.jpg\",\"articleSection\":[\"Geral\"],\"inLanguage\":\"pt-BR\"},{\"@type\":\"WebPage\",\"@id\":\"https:\/\/noticiasemdestaque.com\/cd\/?p=21713\",\"url\":\"https:\/\/noticiasemdestaque.com\/cd\/?p=21713\",\"name\":\"Agricultores paraibanos t\u00eam at\u00e9 a pr\u00f3xima sexta para pagar o boleto de ades\u00e3o do Garantia Safra 2019\/2020 - Not&iacute;cias em Destaque\",\"isPartOf\":{\"@id\":\"https:\/\/noticiasemdestaque.com\/cd\/#website\"},\"primaryImageOfPage\":{\"@id\":\"https:\/\/noticiasemdestaque.com\/cd\/?p=21713#primaryimage\"},\"image\":{\"@id\":\"https:\/\/noticiasemdestaque.com\/cd\/?p=21713#primaryimage\"},\"thumbnailUrl\":\"https:\/\/noticiasemdestaque.com\/cd\/wp-content\/uploads\/2017\/09\/garantia-safra-1-.jpg\",\"datePublished\":\"2020-01-07T10:00:56+00:00\",\"dateModified\":\"2020-01-07T10:32:13+00:00\",\"breadcrumb\":{\"@id\":\"https:\/\/noticiasemdestaque.com\/cd\/?p=21713#breadcrumb\"},\"inLanguage\":\"pt-BR\",\"potentialAction\":[{\"@type\":\"ReadAction\",\"target\":[\"https:\/\/noticiasemdestaque.com\/cd\/?p=21713\"]}]},{\"@type\":\"ImageObject\",\"inLanguage\":\"pt-BR\",\"@id\":\"https:\/\/noticiasemdestaque.com\/cd\/?p=21713#primaryimage\",\"url\":\"https:\/\/noticiasemdestaque.com\/cd\/wp-content\/uploads\/2017\/09\/garantia-safra-1-.jpg\",\"contentUrl\":\"https:\/\/noticiasemdestaque.com\/cd\/wp-content\/uploads\/2017\/09\/garantia-safra-1-.jpg\",\"width\":500,\"height\":316},{\"@type\":\"BreadcrumbList\",\"@id\":\"https:\/\/noticiasemdestaque.com\/cd\/?p=21713#breadcrumb\",\"itemListElement\":[{\"@type\":\"ListItem\",\"position\":1,\"name\":\"In\u00edcio\",\"item\":\"https:\/\/noticiasemdestaque.com\/cd\/\"},{\"@type\":\"ListItem\",\"position\":2,\"name\":\"Agricultores paraibanos t\u00eam at\u00e9 a pr\u00f3xima sexta para pagar o boleto de ades\u00e3o do Garantia Safra 2019\/2020\"}]},{\"@type\":\"WebSite\",\"@id\":\"https:\/\/noticiasemdestaque.com\/cd\/#website\",\"url\":\"https:\/\/noticiasemdestaque.com\/cd\/\",\"name\":\"Not&iacute;cias em Destaque\",\"description\":\"\",\"publisher\":{\"@id\":\"https:\/\/noticiasemdestaque.com\/cd\/#organization\"},\"potentialAction\":[{\"@type\":\"SearchAction\",\"target\":{\"@type\":\"EntryPoint\",\"urlTemplate\":\"https:\/\/noticiasemdestaque.com\/cd\/?s={search_term_string}\"},\"query-input\":{\"@type\":\"PropertyValueSpecification\",\"valueRequired\":true,\"valueName\":\"search_term_string\"}}],\"inLanguage\":\"pt-BR\"},{\"@type\":\"Organization\",\"@id\":\"https:\/\/noticiasemdestaque.com\/cd\/#organization\",\"name\":\"Not\u00edcias em Destaque\",\"url\":\"https:\/\/noticiasemdestaque.com\/cd\/\",\"logo\":{\"@type\":\"ImageObject\",\"inLanguage\":\"pt-BR\",\"@id\":\"https:\/\/noticiasemdestaque.com\/cd\/#\/schema\/logo\/image\/\",\"url\":\"https:\/\/noticiasemdestaque.com\/cd\/wp-content\/uploads\/2022\/05\/imagem-base-noticiasemdestaque.png\",\"contentUrl\":\"https:\/\/noticiasemdestaque.com\/cd\/wp-content\/uploads\/2022\/05\/imagem-base-noticiasemdestaque.png\",\"width\":1200,\"height\":630,\"caption\":\"Not\u00edcias em Destaque\"},\"image\":{\"@id\":\"https:\/\/noticiasemdestaque.com\/cd\/#\/schema\/logo\/image\/\"}},{\"@type\":\"Person\",\"@id\":\"https:\/\/noticiasemdestaque.com\/cd\/#\/schema\/person\/47f7d4f55eec17c6b2ca036c5500f6ce\",\"name\":\"Not\u00edcias em Destaque\",\"url\":\"https:\/\/noticiasemdestaque.com\/cd\/?author=2\"}]}<\/script>\n<!-- \/ Yoast SEO plugin. -->","yoast_head_json":{"title":"Agricultores paraibanos t\u00eam at\u00e9 a pr\u00f3xima sexta para pagar o boleto de ades\u00e3o do Garantia Safra 2019\/2020 - Not&iacute;cias em Destaque","robots":{"index":"index","follow":"follow","max-snippet":"max-snippet:-1","max-image-preview":"max-image-preview:large","max-video-preview":"max-video-preview:-1"},"canonical":"https:\/\/noticiasemdestaque.com\/cd\/?p=21713","og_locale":"pt_BR","og_type":"article","og_title":"Agricultores paraibanos t\u00eam at\u00e9 a pr\u00f3xima sexta para pagar o boleto de ades\u00e3o do Garantia Safra 2019\/2020 - Not&iacute;cias em Destaque","og_description":"00 Os agricultores paraibanos t\u00eam at\u00e9 a pr\u00f3xima sexta-feira (10), para realizarem o pagamento do boleto de ades\u00e3o do programa Garantia Safra 2019\/2020.\u00a0O prazo havia sido encerrado no \u00faltimo dia 31 de dezembro. O novo prazo foi autorizado pela Coordena\u00e7\u00e3o Nacional do Programa\u00a0de Cr\u00e9dito Fundi\u00e1rio (PNCF) do Minist\u00e9rio da Agricultura, Pecu\u00e1ria e Abastecimento. Os benefici\u00e1rios do programa dever\u00e3o procurar as casas lot\u00e9ricas dos munic\u00edpios\u00a0e efetuar o pagamento. O valor de R$ 17,00 garante a ades\u00e3o do agricultor ao programa, que pagar\u00e1 um seguro de R$ 850,00, divididos em 5 parcelas de R$ 170,00, em casos de perda de safra acima de 50%, al\u00e9m de outros crit\u00e9rios de avalia\u00e7\u00e3o.","og_url":"https:\/\/noticiasemdestaque.com\/cd\/?p=21713","og_site_name":"Not&iacute;cias em Destaque","article_published_time":"2020-01-07T10:00:56+00:00","article_modified_time":"2020-01-07T10:32:13+00:00","og_image":[{"width":500,"height":316,"url":"https:\/\/noticiasemdestaque.com\/cd\/wp-content\/uploads\/2017\/09\/garantia-safra-1-.jpg","type":"image\/jpeg"}],"author":"Not\u00edcias em Destaque","twitter_card":"summary_large_image","twitter_misc":{"Escrito por":"Not\u00edcias em Destaque","Est. tempo de leitura":"1 minuto"},"schema":{"@context":"https:\/\/schema.org","@graph":[{"@type":"Article","@id":"https:\/\/noticiasemdestaque.com\/cd\/?p=21713#article","isPartOf":{"@id":"https:\/\/noticiasemdestaque.com\/cd\/?p=21713"},"author":{"name":"Not\u00edcias em Destaque","@id":"https:\/\/noticiasemdestaque.com\/cd\/#\/schema\/person\/47f7d4f55eec17c6b2ca036c5500f6ce"},"headline":"Agricultores paraibanos t\u00eam at\u00e9 a pr\u00f3xima sexta para pagar o boleto de ades\u00e3o do Garantia Safra 2019\/2020","datePublished":"2020-01-07T10:00:56+00:00","dateModified":"2020-01-07T10:32:13+00:00","mainEntityOfPage":{"@id":"https:\/\/noticiasemdestaque.com\/cd\/?p=21713"},"wordCount":137,"publisher":{"@id":"https:\/\/noticiasemdestaque.com\/cd\/#organization"},"image":{"@id":"https:\/\/noticiasemdestaque.com\/cd\/?p=21713#primaryimage"},"thumbnailUrl":"https:\/\/noticiasemdestaque.com\/cd\/wp-content\/uploads\/2017\/09\/garantia-safra-1-.jpg","articleSection":["Geral"],"inLanguage":"pt-BR"},{"@type":"WebPage","@id":"https:\/\/noticiasemdestaque.com\/cd\/?p=21713","url":"https:\/\/noticiasemdestaque.com\/cd\/?p=21713","name":"Agricultores paraibanos t\u00eam at\u00e9 a pr\u00f3xima sexta para pagar o boleto de ades\u00e3o do Garantia Safra 2019\/2020 - Not&iacute;cias em Destaque","isPartOf":{"@id":"https:\/\/noticiasemdestaque.com\/cd\/#website"},"primaryImageOfPage":{"@id":"https:\/\/noticiasemdestaque.com\/cd\/?p=21713#primaryimage"},"image":{"@id":"https:\/\/noticiasemdestaque.com\/cd\/?p=21713#primaryimage"},"thumbnailUrl":"https:\/\/noticiasemdestaque.com\/cd\/wp-content\/uploads\/2017\/09\/garantia-safra-1-.jpg","datePublished":"2020-01-07T10:00:56+00:00","dateModified":"2020-01-07T10:32:13+00:00","breadcrumb":{"@id":"https:\/\/noticiasemdestaque.com\/cd\/?p=21713#breadcrumb"},"inLanguage":"pt-BR","potentialAction":[{"@type":"ReadAction","target":["https:\/\/noticiasemdestaque.com\/cd\/?p=21713"]}]},{"@type":"ImageObject","inLanguage":"pt-BR","@id":"https:\/\/noticiasemdestaque.com\/cd\/?p=21713#primaryimage","url":"https:\/\/noticiasemdestaque.com\/cd\/wp-content\/uploads\/2017\/09\/garantia-safra-1-.jpg","contentUrl":"https:\/\/noticiasemdestaque.com\/cd\/wp-content\/uploads\/2017\/09\/garantia-safra-1-.jpg","width":500,"height":316},{"@type":"BreadcrumbList","@id":"https:\/\/noticiasemdestaque.com\/cd\/?p=21713#breadcrumb","itemListElement":[{"@type":"ListItem","position":1,"name":"In\u00edcio","item":"https:\/\/noticiasemdestaque.com\/cd\/"},{"@type":"ListItem","position":2,"name":"Agricultores paraibanos t\u00eam at\u00e9 a pr\u00f3xima sexta para pagar o boleto de ades\u00e3o do Garantia Safra 2019\/2020"}]},{"@type":"WebSite","@id":"https:\/\/noticiasemdestaque.com\/cd\/#website","url":"https:\/\/noticiasemdestaque.com\/cd\/","name":"Not&iacute;cias em Destaque","description":"","publisher":{"@id":"https:\/\/noticiasemdestaque.com\/cd\/#organization"},"potentialAction":[{"@type":"SearchAction","target":{"@type":"EntryPoint","urlTemplate":"https:\/\/noticiasemdestaque.com\/cd\/?s={search_term_string}"},"query-input":{"@type":"PropertyValueSpecification","valueRequired":true,"valueName":"search_term_string"}}],"inLanguage":"pt-BR"},{"@type":"Organization","@id":"https:\/\/noticiasemdestaque.com\/cd\/#organization","name":"Not\u00edcias em Destaque","url":"https:\/\/noticiasemdestaque.com\/cd\/","logo":{"@type":"ImageObject","inLanguage":"pt-BR","@id":"https:\/\/noticiasemdestaque.com\/cd\/#\/schema\/logo\/image\/","url":"https:\/\/noticiasemdestaque.com\/cd\/wp-content\/uploads\/2022\/05\/imagem-base-noticiasemdestaque.png","contentUrl":"https:\/\/noticiasemdestaque.com\/cd\/wp-content\/uploads\/2022\/05\/imagem-base-noticiasemdestaque.png","width":1200,"height":630,"caption":"Not\u00edcias em Destaque"},"image":{"@id":"https:\/\/noticiasemdestaque.com\/cd\/#\/schema\/logo\/image\/"}},{"@type":"Person","@id":"https:\/\/noticiasemdestaque.com\/cd\/#\/schema\/person\/47f7d4f55eec17c6b2ca036c5500f6ce","name":"Not\u00edcias em Destaque","url":"https:\/\/noticiasemdestaque.com\/cd\/?author=2"}]}},"jetpack_featured_media_url":"https:\/\/noticiasemdestaque.com\/cd\/wp-content\/uploads\/2017\/09\/garantia-safra-1-.jpg","jetpack_sharing_enabled":true,"_links":{"self":[{"href":"https:\/\/noticiasemdestaque.com\/cd\/index.php?rest_route=\/wp\/v2\/posts\/21713","targetHints":{"allow":["GET"]}}],"collection":[{"href":"https:\/\/noticiasemdestaque.com\/cd\/index.php?rest_route=\/wp\/v2\/posts"}],"about":[{"href":"https:\/\/noticiasemdestaque.com\/cd\/index.php?rest_route=\/wp\/v2\/types\/post"}],"author":[{"embeddable":true,"href":"https:\/\/noticiasemdestaque.com\/cd\/index.php?rest_route=\/wp\/v2\/users\/2"}],"replies":[{"embeddable":true,"href":"https:\/\/noticiasemdestaque.com\/cd\/index.php?rest_route=%2Fwp%2Fv2%2Fcomments&post=21713"}],"version-history":[{"count":2,"href":"https:\/\/noticiasemdestaque.com\/cd\/index.php?rest_route=\/wp\/v2\/posts\/21713\/revisions"}],"predecessor-version":[{"id":21737,"href":"https:\/\/noticiasemdestaque.com\/cd\/index.php?rest_route=\/wp\/v2\/posts\/21713\/revisions\/21737"}],"wp:featuredmedia":[{"embeddable":true,"href":"https:\/\/noticiasemdestaque.com\/cd\/index.php?rest_route=\/wp\/v2\/media\/4679"}],"wp:attachment":[{"href":"https:\/\/noticiasemdestaque.com\/cd\/index.php?rest_route=%2Fwp%2Fv2%2Fmedia&parent=21713"}],"wp:term":[{"taxonomy":"category","embeddable":true,"href":"https:\/\/noticiasemdestaque.com\/cd\/index.php?rest_route=%2Fwp%2Fv2%2Fcategories&post=21713"},{"taxonomy":"post_tag","embeddable":true,"href":"https:\/\/noticiasemdestaque.com\/cd\/index.php?rest_route=%2Fwp%2Fv2%2Ftags&post=21713"}],"curies":[{"name":"wp","href":"https:\/\/api.w.org\/{rel}","templated":true}]}}