{"id":21711,"date":"2020-01-06T13:36:18","date_gmt":"2020-01-06T16:36:18","guid":{"rendered":"http:\/\/noticiasemdestaque.com\/cd\/?p=21711"},"modified":"2020-01-06T13:36:18","modified_gmt":"2020-01-06T16:36:18","slug":"em-serra-branca-candidatos-precisam-confirmar-matriculas-nos-cursos-do-paraibatec","status":"publish","type":"post","link":"https:\/\/noticiasemdestaque.com\/cd\/?p=21711","title":{"rendered":"Em Serra Branca: Candidatos precisam confirmar matriculas nos Cursos do Para\u00edbaTec"},"content":{"rendered":"<p><a href=\"https:\/\/noticiasemdestaque.com\/cd\/wp-content\/uploads\/2019\/12\/estudantes.jpg\"><img fetchpriority=\"high\" decoding=\"async\" class=\"alignnone size-large wp-image-21541\" src=\"https:\/\/noticiasemdestaque.com\/cd\/wp-content\/uploads\/2019\/12\/estudantes-1024x576.jpg\" alt=\"\" width=\"1024\" height=\"576\" srcset=\"https:\/\/noticiasemdestaque.com\/cd\/wp-content\/uploads\/2019\/12\/estudantes-1024x576.jpg 1024w, https:\/\/noticiasemdestaque.com\/cd\/wp-content\/uploads\/2019\/12\/estudantes-300x169.jpg 300w, https:\/\/noticiasemdestaque.com\/cd\/wp-content\/uploads\/2019\/12\/estudantes-768x432.jpg 768w, https:\/\/noticiasemdestaque.com\/cd\/wp-content\/uploads\/2019\/12\/estudantes.jpg 1300w\" sizes=\"(max-width: 1024px) 100vw, 1024px\" \/><\/a><\/p>\n<p>Os cursos do Para\u00edbatec &#8211; ECIT Serra Branca teve 52 candidatos que se inscreveram online e n\u00e3o compareceram na escola. Desta forma, estamos oferecendo novas vagas. Lembrando que esses 52 inscritos ainda podem comparecer na escola, no per\u00edodo de 06 a 08 de janeiro para realizar as matr\u00edculas.<\/p>\n<p>Portanto, quem estiver interessado em se matricular, estamos oferecendo as seguintes vagas:<\/p>\n<div class=\"text_exposed_show\">\n<p>Ingl\u00eas B\u00e1sico &#8211; 11 vagas;<br \/>\nAssistente de Recursos Humanos &#8211; 5 Vagas;<br \/>\nCuidador de Idoso &#8211; 15 vagas;<br \/>\nCuidador Infantil &#8211; 11 vagas; Microempreendedor Individual &#8211; 10 vagas;<br \/>\nOperador de Caixa &#8211; 6 vagas;<br \/>\nOperador de Computador &#8211; 5 vagas.<\/p>\n<p>Essas vagas s\u00e3o de acordo com o n\u00famero de pessoas que realizaram as inscri\u00e7\u00f5es online e n\u00e3o compareceram.<\/p>\n<p>Ent\u00e3o, quem ainda n\u00e3o fez a inscri\u00e7\u00e3o e a matr\u00edcula, \u00e9 s\u00f3 comparecer na escola e garantir sua vaga.<\/p>\n<p>Local: ECIT Serra Branca In\u00e1cio Antonino<br \/>\nData: 06, 07 e 08 de janeiro<br \/>\nHor\u00e1rio: 18:00 \u00e1s 22:00<\/p>\n<\/div>\n","protected":false},"excerpt":{"rendered":"<p>Os cursos do Para\u00edbatec &#8211; ECIT Serra Branca teve 52 candidatos que se inscreveram online e n\u00e3o compareceram na escola. Desta forma, estamos oferecendo novas vagas. Lembrando que esses 52 inscritos ainda podem comparecer na escola, no per\u00edodo de 06 a 08 de janeiro para realizar as matr\u00edculas. Portanto, quem estiver interessado em se matricular, estamos oferecendo as seguintes vagas: Ingl\u00eas B\u00e1sico &#8211; 11 vagas; Assistente de Recursos Humanos &#8211; 5 Vagas; Cuidador de Idoso &#8211; 15 vagas; Cuidador Infantil &#8211; 11 vagas; Microempreendedor Individual &#8211; 10 vagas; Operador de Caixa &#8211; 6 vagas; Operador de Computador &#8211; 5 vagas. Essas vagas s\u00e3o de acordo com o n\u00famero de pessoas que realizaram as inscri\u00e7\u00f5es online e n\u00e3o compareceram. Ent\u00e3o, quem ainda n\u00e3o fez a inscri\u00e7\u00e3o e a matr\u00edcula, \u00e9 s\u00f3 comparecer na escola e garantir sua vaga. Local: ECIT Serra Branca In\u00e1cio Antonino Data: 06, 07 e 08 de janeiro Hor\u00e1rio: 18:00 \u00e1s 22:00<\/p>\n","protected":false},"author":2,"featured_media":21541,"comment_status":"closed","ping_status":"open","sticky":false,"template":"","format":"standard","meta":{"_eb_attr":"","_jetpack_memberships_contains_paid_content":false,"footnotes":""},"categories":[3],"tags":[],"class_list":["post-21711","post","type-post","status-publish","format-standard","has-post-thumbnail","hentry","category-cidades"],"yoast_head":"<!-- This site is optimized with the Yoast SEO plugin v26.5 - https:\/\/yoast.com\/wordpress\/plugins\/seo\/ -->\n<title>Em Serra Branca: Candidatos precisam confirmar matriculas nos Cursos do Para\u00edbaTec - Not&iacute;cias em Destaque<\/title>\n<meta name=\"robots\" content=\"index, follow, max-snippet:-1, max-image-preview:large, max-video-preview:-1\" \/>\n<link rel=\"canonical\" href=\"https:\/\/noticiasemdestaque.com\/cd\/?p=21711\" \/>\n<meta property=\"og:locale\" content=\"pt_BR\" \/>\n<meta property=\"og:type\" content=\"article\" \/>\n<meta property=\"og:title\" content=\"Em Serra Branca: Candidatos precisam confirmar matriculas nos Cursos do Para\u00edbaTec - Not&iacute;cias em Destaque\" \/>\n<meta property=\"og:description\" content=\"Os cursos do Para\u00edbatec &#8211; ECIT Serra Branca teve 52 candidatos que se inscreveram online e n\u00e3o compareceram na escola. Desta forma, estamos oferecendo novas vagas. Lembrando que esses 52 inscritos ainda podem comparecer na escola, no per\u00edodo de 06 a 08 de janeiro para realizar as matr\u00edculas. Portanto, quem estiver interessado em se matricular, estamos oferecendo as seguintes vagas: Ingl\u00eas B\u00e1sico &#8211; 11 vagas; Assistente de Recursos Humanos &#8211; 5 Vagas; Cuidador de Idoso &#8211; 15 vagas; Cuidador Infantil &#8211; 11 vagas; Microempreendedor Individual &#8211; 10 vagas; Operador de Caixa &#8211; 6 vagas; Operador de Computador &#8211; 5 vagas. Essas vagas s\u00e3o de acordo com o n\u00famero de pessoas que realizaram as inscri\u00e7\u00f5es online e n\u00e3o compareceram. Ent\u00e3o, quem ainda n\u00e3o fez a inscri\u00e7\u00e3o e a matr\u00edcula, \u00e9 s\u00f3 comparecer na escola e garantir sua vaga. Local: ECIT Serra Branca In\u00e1cio Antonino Data: 06, 07 e 08 de janeiro Hor\u00e1rio: 18:00 \u00e1s 22:00\" \/>\n<meta property=\"og:url\" content=\"https:\/\/noticiasemdestaque.com\/cd\/?p=21711\" \/>\n<meta property=\"og:site_name\" content=\"Not&iacute;cias em Destaque\" \/>\n<meta property=\"article:published_time\" content=\"2020-01-06T16:36:18+00:00\" \/>\n<meta property=\"og:image\" content=\"https:\/\/noticiasemdestaque.com\/cd\/wp-content\/uploads\/2019\/12\/estudantes.jpg\" \/>\n\t<meta property=\"og:image:width\" content=\"1300\" \/>\n\t<meta property=\"og:image:height\" content=\"731\" \/>\n\t<meta property=\"og:image:type\" content=\"image\/jpeg\" \/>\n<meta name=\"author\" content=\"Not\u00edcias em Destaque\" \/>\n<meta name=\"twitter:card\" content=\"summary_large_image\" \/>\n<meta name=\"twitter:label1\" content=\"Escrito por\" \/>\n\t<meta name=\"twitter:data1\" content=\"Not\u00edcias em Destaque\" \/>\n\t<meta name=\"twitter:label2\" content=\"Est. tempo de leitura\" \/>\n\t<meta name=\"twitter:data2\" content=\"1 minuto\" \/>\n<script type=\"application\/ld+json\" class=\"yoast-schema-graph\">{\"@context\":\"https:\/\/schema.org\",\"@graph\":[{\"@type\":\"Article\",\"@id\":\"https:\/\/noticiasemdestaque.com\/cd\/?p=21711#article\",\"isPartOf\":{\"@id\":\"https:\/\/noticiasemdestaque.com\/cd\/?p=21711\"},\"author\":{\"name\":\"Not\u00edcias em Destaque\",\"@id\":\"https:\/\/noticiasemdestaque.com\/cd\/#\/schema\/person\/47f7d4f55eec17c6b2ca036c5500f6ce\"},\"headline\":\"Em Serra Branca: Candidatos precisam confirmar matriculas nos Cursos do Para\u00edbaTec\",\"datePublished\":\"2020-01-06T16:36:18+00:00\",\"mainEntityOfPage\":{\"@id\":\"https:\/\/noticiasemdestaque.com\/cd\/?p=21711\"},\"wordCount\":165,\"publisher\":{\"@id\":\"https:\/\/noticiasemdestaque.com\/cd\/#organization\"},\"image\":{\"@id\":\"https:\/\/noticiasemdestaque.com\/cd\/?p=21711#primaryimage\"},\"thumbnailUrl\":\"https:\/\/noticiasemdestaque.com\/cd\/wp-content\/uploads\/2019\/12\/estudantes.jpg\",\"articleSection\":[\"Cidades\"],\"inLanguage\":\"pt-BR\"},{\"@type\":\"WebPage\",\"@id\":\"https:\/\/noticiasemdestaque.com\/cd\/?p=21711\",\"url\":\"https:\/\/noticiasemdestaque.com\/cd\/?p=21711\",\"name\":\"Em Serra Branca: Candidatos precisam confirmar matriculas nos Cursos do Para\u00edbaTec - Not&iacute;cias em Destaque\",\"isPartOf\":{\"@id\":\"https:\/\/noticiasemdestaque.com\/cd\/#website\"},\"primaryImageOfPage\":{\"@id\":\"https:\/\/noticiasemdestaque.com\/cd\/?p=21711#primaryimage\"},\"image\":{\"@id\":\"https:\/\/noticiasemdestaque.com\/cd\/?p=21711#primaryimage\"},\"thumbnailUrl\":\"https:\/\/noticiasemdestaque.com\/cd\/wp-content\/uploads\/2019\/12\/estudantes.jpg\",\"datePublished\":\"2020-01-06T16:36:18+00:00\",\"breadcrumb\":{\"@id\":\"https:\/\/noticiasemdestaque.com\/cd\/?p=21711#breadcrumb\"},\"inLanguage\":\"pt-BR\",\"potentialAction\":[{\"@type\":\"ReadAction\",\"target\":[\"https:\/\/noticiasemdestaque.com\/cd\/?p=21711\"]}]},{\"@type\":\"ImageObject\",\"inLanguage\":\"pt-BR\",\"@id\":\"https:\/\/noticiasemdestaque.com\/cd\/?p=21711#primaryimage\",\"url\":\"https:\/\/noticiasemdestaque.com\/cd\/wp-content\/uploads\/2019\/12\/estudantes.jpg\",\"contentUrl\":\"https:\/\/noticiasemdestaque.com\/cd\/wp-content\/uploads\/2019\/12\/estudantes.jpg\",\"width\":1300,\"height\":731},{\"@type\":\"BreadcrumbList\",\"@id\":\"https:\/\/noticiasemdestaque.com\/cd\/?p=21711#breadcrumb\",\"itemListElement\":[{\"@type\":\"ListItem\",\"position\":1,\"name\":\"In\u00edcio\",\"item\":\"https:\/\/noticiasemdestaque.com\/cd\/\"},{\"@type\":\"ListItem\",\"position\":2,\"name\":\"Em Serra Branca: Candidatos precisam confirmar matriculas nos Cursos do Para\u00edbaTec\"}]},{\"@type\":\"WebSite\",\"@id\":\"https:\/\/noticiasemdestaque.com\/cd\/#website\",\"url\":\"https:\/\/noticiasemdestaque.com\/cd\/\",\"name\":\"Not&iacute;cias em Destaque\",\"description\":\"\",\"publisher\":{\"@id\":\"https:\/\/noticiasemdestaque.com\/cd\/#organization\"},\"potentialAction\":[{\"@type\":\"SearchAction\",\"target\":{\"@type\":\"EntryPoint\",\"urlTemplate\":\"https:\/\/noticiasemdestaque.com\/cd\/?s={search_term_string}\"},\"query-input\":{\"@type\":\"PropertyValueSpecification\",\"valueRequired\":true,\"valueName\":\"search_term_string\"}}],\"inLanguage\":\"pt-BR\"},{\"@type\":\"Organization\",\"@id\":\"https:\/\/noticiasemdestaque.com\/cd\/#organization\",\"name\":\"Not\u00edcias em Destaque\",\"url\":\"https:\/\/noticiasemdestaque.com\/cd\/\",\"logo\":{\"@type\":\"ImageObject\",\"inLanguage\":\"pt-BR\",\"@id\":\"https:\/\/noticiasemdestaque.com\/cd\/#\/schema\/logo\/image\/\",\"url\":\"https:\/\/noticiasemdestaque.com\/cd\/wp-content\/uploads\/2022\/05\/imagem-base-noticiasemdestaque.png\",\"contentUrl\":\"https:\/\/noticiasemdestaque.com\/cd\/wp-content\/uploads\/2022\/05\/imagem-base-noticiasemdestaque.png\",\"width\":1200,\"height\":630,\"caption\":\"Not\u00edcias em Destaque\"},\"image\":{\"@id\":\"https:\/\/noticiasemdestaque.com\/cd\/#\/schema\/logo\/image\/\"}},{\"@type\":\"Person\",\"@id\":\"https:\/\/noticiasemdestaque.com\/cd\/#\/schema\/person\/47f7d4f55eec17c6b2ca036c5500f6ce\",\"name\":\"Not\u00edcias em Destaque\",\"url\":\"https:\/\/noticiasemdestaque.com\/cd\/?author=2\"}]}<\/script>\n<!-- \/ Yoast SEO plugin. -->","yoast_head_json":{"title":"Em Serra Branca: Candidatos precisam confirmar matriculas nos Cursos do Para\u00edbaTec - Not&iacute;cias em Destaque","robots":{"index":"index","follow":"follow","max-snippet":"max-snippet:-1","max-image-preview":"max-image-preview:large","max-video-preview":"max-video-preview:-1"},"canonical":"https:\/\/noticiasemdestaque.com\/cd\/?p=21711","og_locale":"pt_BR","og_type":"article","og_title":"Em Serra Branca: Candidatos precisam confirmar matriculas nos Cursos do Para\u00edbaTec - Not&iacute;cias em Destaque","og_description":"Os cursos do Para\u00edbatec &#8211; ECIT Serra Branca teve 52 candidatos que se inscreveram online e n\u00e3o compareceram na escola. Desta forma, estamos oferecendo novas vagas. Lembrando que esses 52 inscritos ainda podem comparecer na escola, no per\u00edodo de 06 a 08 de janeiro para realizar as matr\u00edculas. Portanto, quem estiver interessado em se matricular, estamos oferecendo as seguintes vagas: Ingl\u00eas B\u00e1sico &#8211; 11 vagas; Assistente de Recursos Humanos &#8211; 5 Vagas; Cuidador de Idoso &#8211; 15 vagas; Cuidador Infantil &#8211; 11 vagas; Microempreendedor Individual &#8211; 10 vagas; Operador de Caixa &#8211; 6 vagas; Operador de Computador &#8211; 5 vagas. Essas vagas s\u00e3o de acordo com o n\u00famero de pessoas que realizaram as inscri\u00e7\u00f5es online e n\u00e3o compareceram. Ent\u00e3o, quem ainda n\u00e3o fez a inscri\u00e7\u00e3o e a matr\u00edcula, \u00e9 s\u00f3 comparecer na escola e garantir sua vaga. Local: ECIT Serra Branca In\u00e1cio Antonino Data: 06, 07 e 08 de janeiro Hor\u00e1rio: 18:00 \u00e1s 22:00","og_url":"https:\/\/noticiasemdestaque.com\/cd\/?p=21711","og_site_name":"Not&iacute;cias em Destaque","article_published_time":"2020-01-06T16:36:18+00:00","og_image":[{"width":1300,"height":731,"url":"https:\/\/noticiasemdestaque.com\/cd\/wp-content\/uploads\/2019\/12\/estudantes.jpg","type":"image\/jpeg"}],"author":"Not\u00edcias em Destaque","twitter_card":"summary_large_image","twitter_misc":{"Escrito por":"Not\u00edcias em Destaque","Est. tempo de leitura":"1 minuto"},"schema":{"@context":"https:\/\/schema.org","@graph":[{"@type":"Article","@id":"https:\/\/noticiasemdestaque.com\/cd\/?p=21711#article","isPartOf":{"@id":"https:\/\/noticiasemdestaque.com\/cd\/?p=21711"},"author":{"name":"Not\u00edcias em Destaque","@id":"https:\/\/noticiasemdestaque.com\/cd\/#\/schema\/person\/47f7d4f55eec17c6b2ca036c5500f6ce"},"headline":"Em Serra Branca: Candidatos precisam confirmar matriculas nos Cursos do Para\u00edbaTec","datePublished":"2020-01-06T16:36:18+00:00","mainEntityOfPage":{"@id":"https:\/\/noticiasemdestaque.com\/cd\/?p=21711"},"wordCount":165,"publisher":{"@id":"https:\/\/noticiasemdestaque.com\/cd\/#organization"},"image":{"@id":"https:\/\/noticiasemdestaque.com\/cd\/?p=21711#primaryimage"},"thumbnailUrl":"https:\/\/noticiasemdestaque.com\/cd\/wp-content\/uploads\/2019\/12\/estudantes.jpg","articleSection":["Cidades"],"inLanguage":"pt-BR"},{"@type":"WebPage","@id":"https:\/\/noticiasemdestaque.com\/cd\/?p=21711","url":"https:\/\/noticiasemdestaque.com\/cd\/?p=21711","name":"Em Serra Branca: Candidatos precisam confirmar matriculas nos Cursos do Para\u00edbaTec - Not&iacute;cias em Destaque","isPartOf":{"@id":"https:\/\/noticiasemdestaque.com\/cd\/#website"},"primaryImageOfPage":{"@id":"https:\/\/noticiasemdestaque.com\/cd\/?p=21711#primaryimage"},"image":{"@id":"https:\/\/noticiasemdestaque.com\/cd\/?p=21711#primaryimage"},"thumbnailUrl":"https:\/\/noticiasemdestaque.com\/cd\/wp-content\/uploads\/2019\/12\/estudantes.jpg","datePublished":"2020-01-06T16:36:18+00:00","breadcrumb":{"@id":"https:\/\/noticiasemdestaque.com\/cd\/?p=21711#breadcrumb"},"inLanguage":"pt-BR","potentialAction":[{"@type":"ReadAction","target":["https:\/\/noticiasemdestaque.com\/cd\/?p=21711"]}]},{"@type":"ImageObject","inLanguage":"pt-BR","@id":"https:\/\/noticiasemdestaque.com\/cd\/?p=21711#primaryimage","url":"https:\/\/noticiasemdestaque.com\/cd\/wp-content\/uploads\/2019\/12\/estudantes.jpg","contentUrl":"https:\/\/noticiasemdestaque.com\/cd\/wp-content\/uploads\/2019\/12\/estudantes.jpg","width":1300,"height":731},{"@type":"BreadcrumbList","@id":"https:\/\/noticiasemdestaque.com\/cd\/?p=21711#breadcrumb","itemListElement":[{"@type":"ListItem","position":1,"name":"In\u00edcio","item":"https:\/\/noticiasemdestaque.com\/cd\/"},{"@type":"ListItem","position":2,"name":"Em Serra Branca: Candidatos precisam confirmar matriculas nos Cursos do Para\u00edbaTec"}]},{"@type":"WebSite","@id":"https:\/\/noticiasemdestaque.com\/cd\/#website","url":"https:\/\/noticiasemdestaque.com\/cd\/","name":"Not&iacute;cias em Destaque","description":"","publisher":{"@id":"https:\/\/noticiasemdestaque.com\/cd\/#organization"},"potentialAction":[{"@type":"SearchAction","target":{"@type":"EntryPoint","urlTemplate":"https:\/\/noticiasemdestaque.com\/cd\/?s={search_term_string}"},"query-input":{"@type":"PropertyValueSpecification","valueRequired":true,"valueName":"search_term_string"}}],"inLanguage":"pt-BR"},{"@type":"Organization","@id":"https:\/\/noticiasemdestaque.com\/cd\/#organization","name":"Not\u00edcias em Destaque","url":"https:\/\/noticiasemdestaque.com\/cd\/","logo":{"@type":"ImageObject","inLanguage":"pt-BR","@id":"https:\/\/noticiasemdestaque.com\/cd\/#\/schema\/logo\/image\/","url":"https:\/\/noticiasemdestaque.com\/cd\/wp-content\/uploads\/2022\/05\/imagem-base-noticiasemdestaque.png","contentUrl":"https:\/\/noticiasemdestaque.com\/cd\/wp-content\/uploads\/2022\/05\/imagem-base-noticiasemdestaque.png","width":1200,"height":630,"caption":"Not\u00edcias em Destaque"},"image":{"@id":"https:\/\/noticiasemdestaque.com\/cd\/#\/schema\/logo\/image\/"}},{"@type":"Person","@id":"https:\/\/noticiasemdestaque.com\/cd\/#\/schema\/person\/47f7d4f55eec17c6b2ca036c5500f6ce","name":"Not\u00edcias em Destaque","url":"https:\/\/noticiasemdestaque.com\/cd\/?author=2"}]}},"jetpack_featured_media_url":"https:\/\/noticiasemdestaque.com\/cd\/wp-content\/uploads\/2019\/12\/estudantes.jpg","jetpack_sharing_enabled":true,"_links":{"self":[{"href":"https:\/\/noticiasemdestaque.com\/cd\/index.php?rest_route=\/wp\/v2\/posts\/21711","targetHints":{"allow":["GET"]}}],"collection":[{"href":"https:\/\/noticiasemdestaque.com\/cd\/index.php?rest_route=\/wp\/v2\/posts"}],"about":[{"href":"https:\/\/noticiasemdestaque.com\/cd\/index.php?rest_route=\/wp\/v2\/types\/post"}],"author":[{"embeddable":true,"href":"https:\/\/noticiasemdestaque.com\/cd\/index.php?rest_route=\/wp\/v2\/users\/2"}],"replies":[{"embeddable":true,"href":"https:\/\/noticiasemdestaque.com\/cd\/index.php?rest_route=%2Fwp%2Fv2%2Fcomments&post=21711"}],"version-history":[{"count":1,"href":"https:\/\/noticiasemdestaque.com\/cd\/index.php?rest_route=\/wp\/v2\/posts\/21711\/revisions"}],"predecessor-version":[{"id":21712,"href":"https:\/\/noticiasemdestaque.com\/cd\/index.php?rest_route=\/wp\/v2\/posts\/21711\/revisions\/21712"}],"wp:featuredmedia":[{"embeddable":true,"href":"https:\/\/noticiasemdestaque.com\/cd\/index.php?rest_route=\/wp\/v2\/media\/21541"}],"wp:attachment":[{"href":"https:\/\/noticiasemdestaque.com\/cd\/index.php?rest_route=%2Fwp%2Fv2%2Fmedia&parent=21711"}],"wp:term":[{"taxonomy":"category","embeddable":true,"href":"https:\/\/noticiasemdestaque.com\/cd\/index.php?rest_route=%2Fwp%2Fv2%2Fcategories&post=21711"},{"taxonomy":"post_tag","embeddable":true,"href":"https:\/\/noticiasemdestaque.com\/cd\/index.php?rest_route=%2Fwp%2Fv2%2Ftags&post=21711"}],"curies":[{"name":"wp","href":"https:\/\/api.w.org\/{rel}","templated":true}]}}