{"id":21706,"date":"2020-01-06T06:55:39","date_gmt":"2020-01-06T09:55:39","guid":{"rendered":"http:\/\/noticiasemdestaque.com\/cd\/?p=21706"},"modified":"2020-01-06T06:55:39","modified_gmt":"2020-01-06T09:55:39","slug":"projeto-umbu-do-cariri-faz-avaliacao-de-acoes-e-planeja-futuro-com-a-associacao-carimbu-2","status":"publish","type":"post","link":"https:\/\/noticiasemdestaque.com\/cd\/?p=21706","title":{"rendered":"Projeto Umbu do Cariri faz avalia\u00e7\u00e3o de a\u00e7\u00f5es e planeja futuro com a associa\u00e7\u00e3o Carimbu"},"content":{"rendered":"<p align=\"left\"><a href=\"https:\/\/noticiasemdestaque.com\/cd\/wp-content\/uploads\/2020\/01\/Materia-CarlaMailde-Carimbu-2.jpg\"><img fetchpriority=\"high\" decoding=\"async\" class=\"wp-image-21707 aligncenter\" src=\"https:\/\/noticiasemdestaque.com\/cd\/wp-content\/uploads\/2020\/01\/Materia-CarlaMailde-Carimbu-2-1024x768.jpg\" alt=\"\" width=\"460\" height=\"345\" srcset=\"https:\/\/noticiasemdestaque.com\/cd\/wp-content\/uploads\/2020\/01\/Materia-CarlaMailde-Carimbu-2-1024x768.jpg 1024w, https:\/\/noticiasemdestaque.com\/cd\/wp-content\/uploads\/2020\/01\/Materia-CarlaMailde-Carimbu-2-300x225.jpg 300w, https:\/\/noticiasemdestaque.com\/cd\/wp-content\/uploads\/2020\/01\/Materia-CarlaMailde-Carimbu-2-768x576.jpg 768w, https:\/\/noticiasemdestaque.com\/cd\/wp-content\/uploads\/2020\/01\/Materia-CarlaMailde-Carimbu-2-640x480.jpg 640w, https:\/\/noticiasemdestaque.com\/cd\/wp-content\/uploads\/2020\/01\/Materia-CarlaMailde-Carimbu-2.jpg 1267w\" sizes=\"(max-width: 460px) 100vw, 460px\" \/><\/a><\/p>\n<p align=\"left\"><span lang=\"pt-BR\">No\u00a0<\/span><span lang=\"pt-BR\">\u00faltimo\u00a0<\/span><span lang=\"pt-BR\">dia 20\u00a0<\/span><span lang=\"pt-BR\">de dezembro<\/span><span lang=\"pt-BR\">\u00a0foi realizada\u00a0<\/span><span lang=\"pt-BR\">uma<\/span><span lang=\"pt-BR\">\u00a0reuni\u00e3o de fechamento do projeto Umbu do Cariri, desenvolvido pela Unidade Acad\u00eamica de Tecnologia do Desenvolvimento\u00a0<\/span><span lang=\"pt-BR\">do Centro de Desenvolvimento Sustent\u00e1vel do Semi\u00e1rido da UFCG<\/span><span lang=\"pt-BR\">\u00a0com o objetivo de avaliar o desenvolvimento do projeto no ano de 2019 e realizar o planejamento para continuidade em 2020.\u00a0<\/span><span lang=\"pt-BR\">O projeto tem<\/span><span lang=\"pt-BR\">\u00a0como benefici\u00e1ria a Associa\u00e7\u00e3o dos Agricultores, Extrativistas e Artes\u00e3os do Cariri Paraibano \u2013 C<\/span><span lang=\"pt-BR\">arimbu.<\/span><\/p>\n<p align=\"left\"><a name=\"_GoBack\"><\/a><span lang=\"pt-BR\">De acordo com a coordenadora do projeto,\u00a0<\/span><span lang=\"pt-BR\">a t\u00e9cnica administrativa do CDSA,\u00a0<\/span><span lang=\"pt-BR\">Carla Mailde Feitosa Santa Cruz, \u201c<\/span><span lang=\"pt-BR\">o<\/span><span lang=\"pt-BR\">s principais avan\u00e7os destacados pelos s\u00f3cios\u00a0<\/span><span lang=\"pt-BR\">e s\u00f3ci<\/span><span lang=\"pt-BR\">as foram:\u00a0<\/span><span lang=\"pt-BR\">a\u00a0<\/span><span lang=\"pt-BR\">formaliza\u00e7\u00e3o e regularidade fiscal da associa\u00e7\u00e3o C<\/span><span lang=\"pt-BR\">arimbu<\/span><span lang=\"pt-BR\">; formaliza\u00e7\u00e3o de parcerias; capacita\u00e7\u00f5es recebidas; implanta\u00e7\u00e3o de um campo produtivo de mudas de umbu no Assentamento Mandacaru; empoderamento das mulheres; expans\u00e3o do mercado para comercializa\u00e7\u00e3o do umbu e derivados; interc\u00e2mbios em outras comunidades rurais e nos eventos; expans\u00e3o e visibilidade da marca C<\/span><span lang=\"pt-BR\">arimbu<\/span><span lang=\"pt-BR\">\u201d.<\/span><\/p>\n<p align=\"left\">\u201c<span lang=\"pt-BR\">No ano de 2019 a safra de umbu na comunidade Caititu e no Assentamento Mandacaru durou aproximadamente dois meses, iniciando em mar\u00e7o e finalizando em maio. Neste per\u00edodo os s\u00f3cios da Carimbu conseguiram comercializar aproximadamente 7.100 kg de umbu\u00a0<\/span><span lang=\"pt-BR\"><i>in natura\u00a0<\/i><\/span><span lang=\"pt-BR\">e armazenar 97 kg de polpa de umbu que foram utilizadas durante todo o ano para realiza\u00e7\u00e3o de capacita\u00e7\u00f5es e para produ\u00e7\u00e3o de derivados de umbu (geleia, licor e umbuzada)\u201d.<\/span><\/p>\n<p align=\"left\">\u201c<span lang=\"pt-BR\">Diante da continuidade do projeto umbu do cariri foram estabelecidas metas a serem alcan\u00e7adas em 2020 pela associa\u00e7\u00e3o\u00a0<\/span><span lang=\"pt-BR\">C<\/span><span lang=\"pt-BR\">arimbu. Receber capacita\u00e7\u00f5es para atender ao Programa Nacional de Alimenta\u00e7\u00e3o Escolar &#8211; PNAE e o Programa de Aquisi\u00e7\u00e3o de Alimentos &#8211; PAA; divulgar o valor nutricional e inserir o umbu na merenda escolar dos munic\u00edpios do Cariri Paraibano; expandir os canais de comercializa\u00e7\u00e3o do umbu e derivados; receber capacita\u00e7\u00e3o em manejo para o extrativismo sustent\u00e1vel do umbu e realizar o plantio de mudas, est\u00e3o entre as principais metas elencadas pelo p\u00fablico da reuni\u00e3o. As integrantes da associa\u00e7\u00e3o que tamb\u00e9m s\u00e3o artes\u00e3s de renda renascen\u00e7a, elegeram como prioridade o investimento em capacita\u00e7\u00f5es para atender as demandas e lacunas existentes no setor\u201d,\u00a0<\/span><span lang=\"pt-BR\">informou Carla Mailde<\/span><span lang=\"pt-BR\">.<\/span><\/p>\n<p align=\"left\"><span lang=\"pt-BR\">Os principais desafios relatados pelos agricultores e artes\u00e3s presentes se refer<\/span><span lang=\"pt-BR\">ira<\/span><span lang=\"pt-BR\">m a necessidade de investir em infraestrutura e m\u00e1quinas para o beneficiamento do umbu, j\u00e1 que o trabalho de beneficiamento que ocorre atualmente \u00e9 realizado manualmente. Este um aspecto primordial para estrutura\u00e7\u00e3o d<\/span><span lang=\"pt-BR\">a<\/span><span lang=\"pt-BR\">\u00a0cadeia produtiva do umbu e para gera\u00e7\u00e3o de renda para as comunidades rurais. Tamb\u00e9m\u00a0<\/span><span lang=\"pt-BR\">foi\u00a0<\/span><span lang=\"pt-BR\">destaca<\/span><span lang=\"pt-BR\">do na reuni\u00e3o,<\/span><span lang=\"pt-BR\">\u00a0a necessidade de assessoramento t\u00e9cnico permanente.<\/span><\/p>\n<p align=\"left\"><span lang=\"pt-BR\">Assimp CDSA\/UFCG<\/span><\/p>\n","protected":false},"excerpt":{"rendered":"<p>No\u00a0\u00faltimo\u00a0dia 20\u00a0de dezembro\u00a0foi realizada\u00a0uma\u00a0reuni\u00e3o de fechamento do projeto Umbu do Cariri, desenvolvido pela Unidade Acad\u00eamica de Tecnologia do Desenvolvimento\u00a0do Centro de Desenvolvimento Sustent\u00e1vel do Semi\u00e1rido da UFCG\u00a0com o objetivo de avaliar o desenvolvimento do projeto no ano de 2019 e realizar o planejamento para continuidade em 2020.\u00a0O projeto tem\u00a0como benefici\u00e1ria a Associa\u00e7\u00e3o dos Agricultores, Extrativistas e Artes\u00e3os do Cariri Paraibano \u2013 Carimbu. De acordo com a coordenadora do projeto,\u00a0a t\u00e9cnica administrativa do CDSA,\u00a0Carla Mailde Feitosa Santa Cruz, \u201cos principais avan\u00e7os destacados pelos s\u00f3cios\u00a0e s\u00f3cias foram:\u00a0a\u00a0formaliza\u00e7\u00e3o e regularidade fiscal da associa\u00e7\u00e3o Carimbu; formaliza\u00e7\u00e3o de parcerias; capacita\u00e7\u00f5es recebidas; implanta\u00e7\u00e3o de um campo produtivo de mudas de umbu no Assentamento Mandacaru; empoderamento das mulheres; expans\u00e3o do mercado para comercializa\u00e7\u00e3o do umbu e derivados; interc\u00e2mbios em outras comunidades rurais e nos eventos; expans\u00e3o e visibilidade da marca Carimbu\u201d. \u201cNo ano de 2019 a safra de umbu na comunidade Caititu e no Assentamento Mandacaru durou aproximadamente dois meses, iniciando em mar\u00e7o e finalizando em maio. Neste per\u00edodo os s\u00f3cios da Carimbu conseguiram comercializar aproximadamente 7.100 kg de umbu\u00a0in natura\u00a0e armazenar 97 kg de polpa de umbu que foram utilizadas durante todo o ano para realiza\u00e7\u00e3o de capacita\u00e7\u00f5es e para produ\u00e7\u00e3o de derivados de umbu (geleia, licor e umbuzada)\u201d. \u201cDiante da continuidade do projeto umbu do cariri foram estabelecidas metas a serem alcan\u00e7adas em 2020 pela associa\u00e7\u00e3o\u00a0Carimbu. Receber capacita\u00e7\u00f5es para atender ao Programa Nacional de Alimenta\u00e7\u00e3o Escolar &#8211; PNAE e o Programa de Aquisi\u00e7\u00e3o de Alimentos &#8211; PAA; divulgar o valor nutricional e inserir o umbu na merenda escolar dos munic\u00edpios do Cariri Paraibano; expandir os canais de comercializa\u00e7\u00e3o do umbu e derivados; receber capacita\u00e7\u00e3o em manejo para o extrativismo sustent\u00e1vel do umbu e realizar o plantio de mudas, est\u00e3o entre as principais metas elencadas pelo p\u00fablico da reuni\u00e3o. As integrantes da associa\u00e7\u00e3o que tamb\u00e9m s\u00e3o artes\u00e3s de renda renascen\u00e7a, elegeram como prioridade o investimento em capacita\u00e7\u00f5es para atender as demandas e lacunas existentes no setor\u201d,\u00a0informou Carla Mailde. Os principais desafios relatados pelos agricultores e artes\u00e3s presentes se referiram a necessidade de investir em infraestrutura e m\u00e1quinas para o beneficiamento do umbu, j\u00e1 que o trabalho de beneficiamento que ocorre atualmente \u00e9 realizado manualmente. Este um aspecto primordial para estrutura\u00e7\u00e3o da\u00a0cadeia produtiva do umbu e para gera\u00e7\u00e3o de renda para as comunidades rurais. Tamb\u00e9m\u00a0foi\u00a0destacado na reuni\u00e3o,\u00a0a necessidade de assessoramento t\u00e9cnico permanente. Assimp CDSA\/UFCG<\/p>\n","protected":false},"author":2,"featured_media":21707,"comment_status":"closed","ping_status":"open","sticky":false,"template":"","format":"standard","meta":{"_eb_attr":"","_jetpack_memberships_contains_paid_content":false,"footnotes":""},"categories":[6],"tags":[],"class_list":["post-21706","post","type-post","status-publish","format-standard","has-post-thumbnail","hentry","category-educacao"],"yoast_head":"<!-- This site is optimized with the Yoast SEO plugin v26.5 - https:\/\/yoast.com\/wordpress\/plugins\/seo\/ -->\n<title>Projeto Umbu do Cariri faz avalia\u00e7\u00e3o de a\u00e7\u00f5es e planeja futuro com a associa\u00e7\u00e3o Carimbu - Not&iacute;cias em Destaque<\/title>\n<meta name=\"robots\" content=\"index, follow, max-snippet:-1, max-image-preview:large, max-video-preview:-1\" \/>\n<link rel=\"canonical\" href=\"https:\/\/noticiasemdestaque.com\/cd\/?p=21706\" \/>\n<meta property=\"og:locale\" content=\"pt_BR\" \/>\n<meta property=\"og:type\" content=\"article\" \/>\n<meta property=\"og:title\" content=\"Projeto Umbu do Cariri faz avalia\u00e7\u00e3o de a\u00e7\u00f5es e planeja futuro com a associa\u00e7\u00e3o Carimbu - Not&iacute;cias em Destaque\" \/>\n<meta property=\"og:description\" content=\"No\u00a0\u00faltimo\u00a0dia 20\u00a0de dezembro\u00a0foi realizada\u00a0uma\u00a0reuni\u00e3o de fechamento do projeto Umbu do Cariri, desenvolvido pela Unidade Acad\u00eamica de Tecnologia do Desenvolvimento\u00a0do Centro de Desenvolvimento Sustent\u00e1vel do Semi\u00e1rido da UFCG\u00a0com o objetivo de avaliar o desenvolvimento do projeto no ano de 2019 e realizar o planejamento para continuidade em 2020.\u00a0O projeto tem\u00a0como benefici\u00e1ria a Associa\u00e7\u00e3o dos Agricultores, Extrativistas e Artes\u00e3os do Cariri Paraibano \u2013 Carimbu. De acordo com a coordenadora do projeto,\u00a0a t\u00e9cnica administrativa do CDSA,\u00a0Carla Mailde Feitosa Santa Cruz, \u201cos principais avan\u00e7os destacados pelos s\u00f3cios\u00a0e s\u00f3cias foram:\u00a0a\u00a0formaliza\u00e7\u00e3o e regularidade fiscal da associa\u00e7\u00e3o Carimbu; formaliza\u00e7\u00e3o de parcerias; capacita\u00e7\u00f5es recebidas; implanta\u00e7\u00e3o de um campo produtivo de mudas de umbu no Assentamento Mandacaru; empoderamento das mulheres; expans\u00e3o do mercado para comercializa\u00e7\u00e3o do umbu e derivados; interc\u00e2mbios em outras comunidades rurais e nos eventos; expans\u00e3o e visibilidade da marca Carimbu\u201d. \u201cNo ano de 2019 a safra de umbu na comunidade Caititu e no Assentamento Mandacaru durou aproximadamente dois meses, iniciando em mar\u00e7o e finalizando em maio. Neste per\u00edodo os s\u00f3cios da Carimbu conseguiram comercializar aproximadamente 7.100 kg de umbu\u00a0in natura\u00a0e armazenar 97 kg de polpa de umbu que foram utilizadas durante todo o ano para realiza\u00e7\u00e3o de capacita\u00e7\u00f5es e para produ\u00e7\u00e3o de derivados de umbu (geleia, licor e umbuzada)\u201d. \u201cDiante da continuidade do projeto umbu do cariri foram estabelecidas metas a serem alcan\u00e7adas em 2020 pela associa\u00e7\u00e3o\u00a0Carimbu. Receber capacita\u00e7\u00f5es para atender ao Programa Nacional de Alimenta\u00e7\u00e3o Escolar &#8211; PNAE e o Programa de Aquisi\u00e7\u00e3o de Alimentos &#8211; PAA; divulgar o valor nutricional e inserir o umbu na merenda escolar dos munic\u00edpios do Cariri Paraibano; expandir os canais de comercializa\u00e7\u00e3o do umbu e derivados; receber capacita\u00e7\u00e3o em manejo para o extrativismo sustent\u00e1vel do umbu e realizar o plantio de mudas, est\u00e3o entre as principais metas elencadas pelo p\u00fablico da reuni\u00e3o. As integrantes da associa\u00e7\u00e3o que tamb\u00e9m s\u00e3o artes\u00e3s de renda renascen\u00e7a, elegeram como prioridade o investimento em capacita\u00e7\u00f5es para atender as demandas e lacunas existentes no setor\u201d,\u00a0informou Carla Mailde. Os principais desafios relatados pelos agricultores e artes\u00e3s presentes se referiram a necessidade de investir em infraestrutura e m\u00e1quinas para o beneficiamento do umbu, j\u00e1 que o trabalho de beneficiamento que ocorre atualmente \u00e9 realizado manualmente. Este um aspecto primordial para estrutura\u00e7\u00e3o da\u00a0cadeia produtiva do umbu e para gera\u00e7\u00e3o de renda para as comunidades rurais. Tamb\u00e9m\u00a0foi\u00a0destacado na reuni\u00e3o,\u00a0a necessidade de assessoramento t\u00e9cnico permanente. Assimp CDSA\/UFCG\" \/>\n<meta property=\"og:url\" content=\"https:\/\/noticiasemdestaque.com\/cd\/?p=21706\" \/>\n<meta property=\"og:site_name\" content=\"Not&iacute;cias em Destaque\" \/>\n<meta property=\"article:published_time\" content=\"2020-01-06T09:55:39+00:00\" \/>\n<meta property=\"og:image\" content=\"https:\/\/noticiasemdestaque.com\/cd\/wp-content\/uploads\/2020\/01\/Materia-CarlaMailde-Carimbu-2.jpg\" \/>\n\t<meta property=\"og:image:width\" content=\"1267\" \/>\n\t<meta property=\"og:image:height\" content=\"950\" \/>\n\t<meta property=\"og:image:type\" content=\"image\/jpeg\" \/>\n<meta name=\"author\" content=\"Not\u00edcias em Destaque\" \/>\n<meta name=\"twitter:card\" content=\"summary_large_image\" \/>\n<meta name=\"twitter:label1\" content=\"Escrito por\" \/>\n\t<meta name=\"twitter:data1\" content=\"Not\u00edcias em Destaque\" \/>\n\t<meta name=\"twitter:label2\" content=\"Est. tempo de leitura\" \/>\n\t<meta name=\"twitter:data2\" content=\"2 minutos\" \/>\n<script type=\"application\/ld+json\" class=\"yoast-schema-graph\">{\"@context\":\"https:\/\/schema.org\",\"@graph\":[{\"@type\":\"Article\",\"@id\":\"https:\/\/noticiasemdestaque.com\/cd\/?p=21706#article\",\"isPartOf\":{\"@id\":\"https:\/\/noticiasemdestaque.com\/cd\/?p=21706\"},\"author\":{\"name\":\"Not\u00edcias em Destaque\",\"@id\":\"https:\/\/noticiasemdestaque.com\/cd\/#\/schema\/person\/47f7d4f55eec17c6b2ca036c5500f6ce\"},\"headline\":\"Projeto Umbu do Cariri faz avalia\u00e7\u00e3o de a\u00e7\u00f5es e planeja futuro com a associa\u00e7\u00e3o Carimbu\",\"datePublished\":\"2020-01-06T09:55:39+00:00\",\"mainEntityOfPage\":{\"@id\":\"https:\/\/noticiasemdestaque.com\/cd\/?p=21706\"},\"wordCount\":481,\"publisher\":{\"@id\":\"https:\/\/noticiasemdestaque.com\/cd\/#organization\"},\"image\":{\"@id\":\"https:\/\/noticiasemdestaque.com\/cd\/?p=21706#primaryimage\"},\"thumbnailUrl\":\"https:\/\/noticiasemdestaque.com\/cd\/wp-content\/uploads\/2020\/01\/Materia-CarlaMailde-Carimbu-2.jpg\",\"articleSection\":[\"Educa\u00e7\u00e3o\"],\"inLanguage\":\"pt-BR\"},{\"@type\":\"WebPage\",\"@id\":\"https:\/\/noticiasemdestaque.com\/cd\/?p=21706\",\"url\":\"https:\/\/noticiasemdestaque.com\/cd\/?p=21706\",\"name\":\"Projeto Umbu do Cariri faz avalia\u00e7\u00e3o de a\u00e7\u00f5es e planeja futuro com a associa\u00e7\u00e3o Carimbu - Not&iacute;cias em Destaque\",\"isPartOf\":{\"@id\":\"https:\/\/noticiasemdestaque.com\/cd\/#website\"},\"primaryImageOfPage\":{\"@id\":\"https:\/\/noticiasemdestaque.com\/cd\/?p=21706#primaryimage\"},\"image\":{\"@id\":\"https:\/\/noticiasemdestaque.com\/cd\/?p=21706#primaryimage\"},\"thumbnailUrl\":\"https:\/\/noticiasemdestaque.com\/cd\/wp-content\/uploads\/2020\/01\/Materia-CarlaMailde-Carimbu-2.jpg\",\"datePublished\":\"2020-01-06T09:55:39+00:00\",\"breadcrumb\":{\"@id\":\"https:\/\/noticiasemdestaque.com\/cd\/?p=21706#breadcrumb\"},\"inLanguage\":\"pt-BR\",\"potentialAction\":[{\"@type\":\"ReadAction\",\"target\":[\"https:\/\/noticiasemdestaque.com\/cd\/?p=21706\"]}]},{\"@type\":\"ImageObject\",\"inLanguage\":\"pt-BR\",\"@id\":\"https:\/\/noticiasemdestaque.com\/cd\/?p=21706#primaryimage\",\"url\":\"https:\/\/noticiasemdestaque.com\/cd\/wp-content\/uploads\/2020\/01\/Materia-CarlaMailde-Carimbu-2.jpg\",\"contentUrl\":\"https:\/\/noticiasemdestaque.com\/cd\/wp-content\/uploads\/2020\/01\/Materia-CarlaMailde-Carimbu-2.jpg\",\"width\":1267,\"height\":950},{\"@type\":\"BreadcrumbList\",\"@id\":\"https:\/\/noticiasemdestaque.com\/cd\/?p=21706#breadcrumb\",\"itemListElement\":[{\"@type\":\"ListItem\",\"position\":1,\"name\":\"In\u00edcio\",\"item\":\"https:\/\/noticiasemdestaque.com\/cd\/\"},{\"@type\":\"ListItem\",\"position\":2,\"name\":\"Projeto Umbu do Cariri faz avalia\u00e7\u00e3o de a\u00e7\u00f5es e planeja futuro com a associa\u00e7\u00e3o Carimbu\"}]},{\"@type\":\"WebSite\",\"@id\":\"https:\/\/noticiasemdestaque.com\/cd\/#website\",\"url\":\"https:\/\/noticiasemdestaque.com\/cd\/\",\"name\":\"Not&iacute;cias em Destaque\",\"description\":\"\",\"publisher\":{\"@id\":\"https:\/\/noticiasemdestaque.com\/cd\/#organization\"},\"potentialAction\":[{\"@type\":\"SearchAction\",\"target\":{\"@type\":\"EntryPoint\",\"urlTemplate\":\"https:\/\/noticiasemdestaque.com\/cd\/?s={search_term_string}\"},\"query-input\":{\"@type\":\"PropertyValueSpecification\",\"valueRequired\":true,\"valueName\":\"search_term_string\"}}],\"inLanguage\":\"pt-BR\"},{\"@type\":\"Organization\",\"@id\":\"https:\/\/noticiasemdestaque.com\/cd\/#organization\",\"name\":\"Not\u00edcias em Destaque\",\"url\":\"https:\/\/noticiasemdestaque.com\/cd\/\",\"logo\":{\"@type\":\"ImageObject\",\"inLanguage\":\"pt-BR\",\"@id\":\"https:\/\/noticiasemdestaque.com\/cd\/#\/schema\/logo\/image\/\",\"url\":\"https:\/\/noticiasemdestaque.com\/cd\/wp-content\/uploads\/2022\/05\/imagem-base-noticiasemdestaque.png\",\"contentUrl\":\"https:\/\/noticiasemdestaque.com\/cd\/wp-content\/uploads\/2022\/05\/imagem-base-noticiasemdestaque.png\",\"width\":1200,\"height\":630,\"caption\":\"Not\u00edcias em Destaque\"},\"image\":{\"@id\":\"https:\/\/noticiasemdestaque.com\/cd\/#\/schema\/logo\/image\/\"}},{\"@type\":\"Person\",\"@id\":\"https:\/\/noticiasemdestaque.com\/cd\/#\/schema\/person\/47f7d4f55eec17c6b2ca036c5500f6ce\",\"name\":\"Not\u00edcias em Destaque\",\"url\":\"https:\/\/noticiasemdestaque.com\/cd\/?author=2\"}]}<\/script>\n<!-- \/ Yoast SEO plugin. -->","yoast_head_json":{"title":"Projeto Umbu do Cariri faz avalia\u00e7\u00e3o de a\u00e7\u00f5es e planeja futuro com a associa\u00e7\u00e3o Carimbu - Not&iacute;cias em Destaque","robots":{"index":"index","follow":"follow","max-snippet":"max-snippet:-1","max-image-preview":"max-image-preview:large","max-video-preview":"max-video-preview:-1"},"canonical":"https:\/\/noticiasemdestaque.com\/cd\/?p=21706","og_locale":"pt_BR","og_type":"article","og_title":"Projeto Umbu do Cariri faz avalia\u00e7\u00e3o de a\u00e7\u00f5es e planeja futuro com a associa\u00e7\u00e3o Carimbu - Not&iacute;cias em Destaque","og_description":"No\u00a0\u00faltimo\u00a0dia 20\u00a0de dezembro\u00a0foi realizada\u00a0uma\u00a0reuni\u00e3o de fechamento do projeto Umbu do Cariri, desenvolvido pela Unidade Acad\u00eamica de Tecnologia do Desenvolvimento\u00a0do Centro de Desenvolvimento Sustent\u00e1vel do Semi\u00e1rido da UFCG\u00a0com o objetivo de avaliar o desenvolvimento do projeto no ano de 2019 e realizar o planejamento para continuidade em 2020.\u00a0O projeto tem\u00a0como benefici\u00e1ria a Associa\u00e7\u00e3o dos Agricultores, Extrativistas e Artes\u00e3os do Cariri Paraibano \u2013 Carimbu. De acordo com a coordenadora do projeto,\u00a0a t\u00e9cnica administrativa do CDSA,\u00a0Carla Mailde Feitosa Santa Cruz, \u201cos principais avan\u00e7os destacados pelos s\u00f3cios\u00a0e s\u00f3cias foram:\u00a0a\u00a0formaliza\u00e7\u00e3o e regularidade fiscal da associa\u00e7\u00e3o Carimbu; formaliza\u00e7\u00e3o de parcerias; capacita\u00e7\u00f5es recebidas; implanta\u00e7\u00e3o de um campo produtivo de mudas de umbu no Assentamento Mandacaru; empoderamento das mulheres; expans\u00e3o do mercado para comercializa\u00e7\u00e3o do umbu e derivados; interc\u00e2mbios em outras comunidades rurais e nos eventos; expans\u00e3o e visibilidade da marca Carimbu\u201d. \u201cNo ano de 2019 a safra de umbu na comunidade Caititu e no Assentamento Mandacaru durou aproximadamente dois meses, iniciando em mar\u00e7o e finalizando em maio. Neste per\u00edodo os s\u00f3cios da Carimbu conseguiram comercializar aproximadamente 7.100 kg de umbu\u00a0in natura\u00a0e armazenar 97 kg de polpa de umbu que foram utilizadas durante todo o ano para realiza\u00e7\u00e3o de capacita\u00e7\u00f5es e para produ\u00e7\u00e3o de derivados de umbu (geleia, licor e umbuzada)\u201d. \u201cDiante da continuidade do projeto umbu do cariri foram estabelecidas metas a serem alcan\u00e7adas em 2020 pela associa\u00e7\u00e3o\u00a0Carimbu. Receber capacita\u00e7\u00f5es para atender ao Programa Nacional de Alimenta\u00e7\u00e3o Escolar &#8211; PNAE e o Programa de Aquisi\u00e7\u00e3o de Alimentos &#8211; PAA; divulgar o valor nutricional e inserir o umbu na merenda escolar dos munic\u00edpios do Cariri Paraibano; expandir os canais de comercializa\u00e7\u00e3o do umbu e derivados; receber capacita\u00e7\u00e3o em manejo para o extrativismo sustent\u00e1vel do umbu e realizar o plantio de mudas, est\u00e3o entre as principais metas elencadas pelo p\u00fablico da reuni\u00e3o. As integrantes da associa\u00e7\u00e3o que tamb\u00e9m s\u00e3o artes\u00e3s de renda renascen\u00e7a, elegeram como prioridade o investimento em capacita\u00e7\u00f5es para atender as demandas e lacunas existentes no setor\u201d,\u00a0informou Carla Mailde. Os principais desafios relatados pelos agricultores e artes\u00e3s presentes se referiram a necessidade de investir em infraestrutura e m\u00e1quinas para o beneficiamento do umbu, j\u00e1 que o trabalho de beneficiamento que ocorre atualmente \u00e9 realizado manualmente. Este um aspecto primordial para estrutura\u00e7\u00e3o da\u00a0cadeia produtiva do umbu e para gera\u00e7\u00e3o de renda para as comunidades rurais. Tamb\u00e9m\u00a0foi\u00a0destacado na reuni\u00e3o,\u00a0a necessidade de assessoramento t\u00e9cnico permanente. Assimp CDSA\/UFCG","og_url":"https:\/\/noticiasemdestaque.com\/cd\/?p=21706","og_site_name":"Not&iacute;cias em Destaque","article_published_time":"2020-01-06T09:55:39+00:00","og_image":[{"width":1267,"height":950,"url":"https:\/\/noticiasemdestaque.com\/cd\/wp-content\/uploads\/2020\/01\/Materia-CarlaMailde-Carimbu-2.jpg","type":"image\/jpeg"}],"author":"Not\u00edcias em Destaque","twitter_card":"summary_large_image","twitter_misc":{"Escrito por":"Not\u00edcias em Destaque","Est. tempo de leitura":"2 minutos"},"schema":{"@context":"https:\/\/schema.org","@graph":[{"@type":"Article","@id":"https:\/\/noticiasemdestaque.com\/cd\/?p=21706#article","isPartOf":{"@id":"https:\/\/noticiasemdestaque.com\/cd\/?p=21706"},"author":{"name":"Not\u00edcias em Destaque","@id":"https:\/\/noticiasemdestaque.com\/cd\/#\/schema\/person\/47f7d4f55eec17c6b2ca036c5500f6ce"},"headline":"Projeto Umbu do Cariri faz avalia\u00e7\u00e3o de a\u00e7\u00f5es e planeja futuro com a associa\u00e7\u00e3o Carimbu","datePublished":"2020-01-06T09:55:39+00:00","mainEntityOfPage":{"@id":"https:\/\/noticiasemdestaque.com\/cd\/?p=21706"},"wordCount":481,"publisher":{"@id":"https:\/\/noticiasemdestaque.com\/cd\/#organization"},"image":{"@id":"https:\/\/noticiasemdestaque.com\/cd\/?p=21706#primaryimage"},"thumbnailUrl":"https:\/\/noticiasemdestaque.com\/cd\/wp-content\/uploads\/2020\/01\/Materia-CarlaMailde-Carimbu-2.jpg","articleSection":["Educa\u00e7\u00e3o"],"inLanguage":"pt-BR"},{"@type":"WebPage","@id":"https:\/\/noticiasemdestaque.com\/cd\/?p=21706","url":"https:\/\/noticiasemdestaque.com\/cd\/?p=21706","name":"Projeto Umbu do Cariri faz avalia\u00e7\u00e3o de a\u00e7\u00f5es e planeja futuro com a associa\u00e7\u00e3o Carimbu - Not&iacute;cias em Destaque","isPartOf":{"@id":"https:\/\/noticiasemdestaque.com\/cd\/#website"},"primaryImageOfPage":{"@id":"https:\/\/noticiasemdestaque.com\/cd\/?p=21706#primaryimage"},"image":{"@id":"https:\/\/noticiasemdestaque.com\/cd\/?p=21706#primaryimage"},"thumbnailUrl":"https:\/\/noticiasemdestaque.com\/cd\/wp-content\/uploads\/2020\/01\/Materia-CarlaMailde-Carimbu-2.jpg","datePublished":"2020-01-06T09:55:39+00:00","breadcrumb":{"@id":"https:\/\/noticiasemdestaque.com\/cd\/?p=21706#breadcrumb"},"inLanguage":"pt-BR","potentialAction":[{"@type":"ReadAction","target":["https:\/\/noticiasemdestaque.com\/cd\/?p=21706"]}]},{"@type":"ImageObject","inLanguage":"pt-BR","@id":"https:\/\/noticiasemdestaque.com\/cd\/?p=21706#primaryimage","url":"https:\/\/noticiasemdestaque.com\/cd\/wp-content\/uploads\/2020\/01\/Materia-CarlaMailde-Carimbu-2.jpg","contentUrl":"https:\/\/noticiasemdestaque.com\/cd\/wp-content\/uploads\/2020\/01\/Materia-CarlaMailde-Carimbu-2.jpg","width":1267,"height":950},{"@type":"BreadcrumbList","@id":"https:\/\/noticiasemdestaque.com\/cd\/?p=21706#breadcrumb","itemListElement":[{"@type":"ListItem","position":1,"name":"In\u00edcio","item":"https:\/\/noticiasemdestaque.com\/cd\/"},{"@type":"ListItem","position":2,"name":"Projeto Umbu do Cariri faz avalia\u00e7\u00e3o de a\u00e7\u00f5es e planeja futuro com a associa\u00e7\u00e3o Carimbu"}]},{"@type":"WebSite","@id":"https:\/\/noticiasemdestaque.com\/cd\/#website","url":"https:\/\/noticiasemdestaque.com\/cd\/","name":"Not&iacute;cias em Destaque","description":"","publisher":{"@id":"https:\/\/noticiasemdestaque.com\/cd\/#organization"},"potentialAction":[{"@type":"SearchAction","target":{"@type":"EntryPoint","urlTemplate":"https:\/\/noticiasemdestaque.com\/cd\/?s={search_term_string}"},"query-input":{"@type":"PropertyValueSpecification","valueRequired":true,"valueName":"search_term_string"}}],"inLanguage":"pt-BR"},{"@type":"Organization","@id":"https:\/\/noticiasemdestaque.com\/cd\/#organization","name":"Not\u00edcias em Destaque","url":"https:\/\/noticiasemdestaque.com\/cd\/","logo":{"@type":"ImageObject","inLanguage":"pt-BR","@id":"https:\/\/noticiasemdestaque.com\/cd\/#\/schema\/logo\/image\/","url":"https:\/\/noticiasemdestaque.com\/cd\/wp-content\/uploads\/2022\/05\/imagem-base-noticiasemdestaque.png","contentUrl":"https:\/\/noticiasemdestaque.com\/cd\/wp-content\/uploads\/2022\/05\/imagem-base-noticiasemdestaque.png","width":1200,"height":630,"caption":"Not\u00edcias em Destaque"},"image":{"@id":"https:\/\/noticiasemdestaque.com\/cd\/#\/schema\/logo\/image\/"}},{"@type":"Person","@id":"https:\/\/noticiasemdestaque.com\/cd\/#\/schema\/person\/47f7d4f55eec17c6b2ca036c5500f6ce","name":"Not\u00edcias em Destaque","url":"https:\/\/noticiasemdestaque.com\/cd\/?author=2"}]}},"jetpack_featured_media_url":"https:\/\/noticiasemdestaque.com\/cd\/wp-content\/uploads\/2020\/01\/Materia-CarlaMailde-Carimbu-2.jpg","jetpack_sharing_enabled":true,"_links":{"self":[{"href":"https:\/\/noticiasemdestaque.com\/cd\/index.php?rest_route=\/wp\/v2\/posts\/21706","targetHints":{"allow":["GET"]}}],"collection":[{"href":"https:\/\/noticiasemdestaque.com\/cd\/index.php?rest_route=\/wp\/v2\/posts"}],"about":[{"href":"https:\/\/noticiasemdestaque.com\/cd\/index.php?rest_route=\/wp\/v2\/types\/post"}],"author":[{"embeddable":true,"href":"https:\/\/noticiasemdestaque.com\/cd\/index.php?rest_route=\/wp\/v2\/users\/2"}],"replies":[{"embeddable":true,"href":"https:\/\/noticiasemdestaque.com\/cd\/index.php?rest_route=%2Fwp%2Fv2%2Fcomments&post=21706"}],"version-history":[{"count":1,"href":"https:\/\/noticiasemdestaque.com\/cd\/index.php?rest_route=\/wp\/v2\/posts\/21706\/revisions"}],"predecessor-version":[{"id":21708,"href":"https:\/\/noticiasemdestaque.com\/cd\/index.php?rest_route=\/wp\/v2\/posts\/21706\/revisions\/21708"}],"wp:featuredmedia":[{"embeddable":true,"href":"https:\/\/noticiasemdestaque.com\/cd\/index.php?rest_route=\/wp\/v2\/media\/21707"}],"wp:attachment":[{"href":"https:\/\/noticiasemdestaque.com\/cd\/index.php?rest_route=%2Fwp%2Fv2%2Fmedia&parent=21706"}],"wp:term":[{"taxonomy":"category","embeddable":true,"href":"https:\/\/noticiasemdestaque.com\/cd\/index.php?rest_route=%2Fwp%2Fv2%2Fcategories&post=21706"},{"taxonomy":"post_tag","embeddable":true,"href":"https:\/\/noticiasemdestaque.com\/cd\/index.php?rest_route=%2Fwp%2Fv2%2Ftags&post=21706"}],"curies":[{"name":"wp","href":"https:\/\/api.w.org\/{rel}","templated":true}]}}