{"id":21704,"date":"2020-01-06T06:54:25","date_gmt":"2020-01-06T09:54:25","guid":{"rendered":"http:\/\/noticiasemdestaque.com\/cd\/?p=21704"},"modified":"2020-01-06T06:54:25","modified_gmt":"2020-01-06T09:54:25","slug":"maos-a-obra-a-importancia-da-comida-de-verdade-para-o-desenvolvimento-das-criancas","status":"publish","type":"post","link":"https:\/\/noticiasemdestaque.com\/cd\/?p=21704","title":{"rendered":"M\u00e3os \u00e0 obra: a import\u00e2ncia da comida de verdade para o desenvolvimento das crian\u00e7as"},"content":{"rendered":"<p><a href=\"https:\/\/noticiasemdestaque.com\/cd\/wp-content\/uploads\/2018\/08\/crian\u00e7a.jpg\"><img fetchpriority=\"high\" decoding=\"async\" class=\"wp-image-12429 aligncenter\" src=\"https:\/\/noticiasemdestaque.com\/cd\/wp-content\/uploads\/2018\/08\/crian\u00e7a.jpg\" alt=\"\" width=\"440\" height=\"242\" srcset=\"https:\/\/noticiasemdestaque.com\/cd\/wp-content\/uploads\/2018\/08\/crian\u00e7a.jpg 800w, https:\/\/noticiasemdestaque.com\/cd\/wp-content\/uploads\/2018\/08\/crian\u00e7a-300x165.jpg 300w, https:\/\/noticiasemdestaque.com\/cd\/wp-content\/uploads\/2018\/08\/crian\u00e7a-768x422.jpg 768w\" sizes=\"(max-width: 440px) 100vw, 440px\" \/><\/a><\/p>\n<p>Os dois primeiros anos de vida s\u00e3o os mais decisivos para o crescimento e desenvolvimento da crian\u00e7a, com repercuss\u00f5es para a vida toda. Sendo assim, uma alimenta\u00e7\u00e3o adequada e saud\u00e1vel contribui para a sa\u00fade infantil como um todo, e deve ter como base a \u201ccomida de verdade\u201d, ou seja, refei\u00e7\u00f5es preparadas com alimentos frescos, obtidos direto da natureza, que passam por quase ou nenhum processo, como frutas, legumes, verduras, tub\u00e9rculos e ovos.<\/p>\n<p>Essas e outras recomenda\u00e7\u00f5es sobre como alimentar a crian\u00e7a logo nas primeiras fases da vida est\u00e3o no novo Guia Alimentar Para Crian\u00e7as Brasileiras Menores de 2 anos, produzido pelo Minist\u00e9rio da Sa\u00fade. A publica\u00e7\u00e3o traz informa\u00e7\u00f5es, explica\u00e7\u00f5es fundamentadas e orienta\u00e7\u00f5es pr\u00e1ticas sobre a amamenta\u00e7\u00e3o e a alimenta\u00e7\u00e3o no come\u00e7o da vida, e apresenta as informa\u00e7\u00f5es que voc\u00ea confere a seguir.<\/p>\n<p>Afinal, a chegada de um novo membro \u00e0 fam\u00edlia \u00e9 sempre um momento de alegria, mas tamb\u00e9m de muitas d\u00favidas. Conhe\u00e7a a seguir o caminho para a transi\u00e7\u00e3o entre o aleitamento e a alimenta\u00e7\u00e3o s\u00f3lida.<\/p>\n<h2>O primeiro alimento<\/h2>\n<p>Desde o nascimento at\u00e9 os seis meses de vida, o leite materno \u00e9 o primeiro e deve ser o \u00fanico alimento na vida da crian\u00e7a. Ele cont\u00e9m anticorpos e outras subst\u00e2ncias que protegem o beb\u00ea de infec\u00e7\u00f5es, como as respirat\u00f3rias, de ouvidos, diarreias e outras.<\/p>\n<p>Durante esse per\u00edodo de\u00a0<a href=\"http:\/\/saudebrasil.saude.gov.br\/eu-quero-me-alimentar-melhor\/a-importancia-do-leite-materno-nos-primeiros-seis-meses-da-crianca\" target=\"_blank\" rel=\"noopener noreferrer\">amamenta\u00e7\u00e3o exclusiva<\/a>, o beb\u00ea n\u00e3o necessita de outro tipo de alimento, nem mesmo da \u00e1gua. Mas depois desse primeiro semestre do novo membro da fam\u00edlia, o leite ainda continua fazendo parte da alimenta\u00e7\u00e3o at\u00e9 os dois anos ou mais, n\u00e3o sendo mais o \u00fanico alimento da crian\u00e7a.<\/p>\n<p>A amamenta\u00e7\u00e3o \u00e9 super ben\u00e9fica para o desenvolvimento infantil, sendo um importante exerc\u00edcio para a boca e os m\u00fasculos da face, que ir\u00e3o ajudar a crian\u00e7a a n\u00e3o ter problemas na fala, nos dentes, na respira\u00e7\u00e3o, na mastiga\u00e7\u00e3o e na degluti\u00e7\u00e3o. Al\u00e9m disso, por meio da amamenta\u00e7\u00e3o tamb\u00e9m s\u00e3o estabelecidos os la\u00e7os afetivos entre m\u00e3e e filho.<\/p>\n<p>O leite materno pode variar de acordo com o que a mulher come. Esse detalhe ajuda o beb\u00ea a ter contato desde cedo com os alimentos, mesmo que de forma indireta. Conforme vamos falar a seguir!<\/p>\n<p><em><strong>Not\u00edcias em Destaque<\/strong><\/em><\/p>\n<p>Com Sa\u00fade Brasil<\/p>\n","protected":false},"excerpt":{"rendered":"<p>Os dois primeiros anos de vida s\u00e3o os mais decisivos para o crescimento e desenvolvimento da crian\u00e7a, com repercuss\u00f5es para a vida toda. Sendo assim, uma alimenta\u00e7\u00e3o adequada e saud\u00e1vel contribui para a sa\u00fade infantil como um todo, e deve ter como base a \u201ccomida de verdade\u201d, ou seja, refei\u00e7\u00f5es preparadas com alimentos frescos, obtidos direto da natureza, que passam por quase ou nenhum processo, como frutas, legumes, verduras, tub\u00e9rculos e ovos. Essas e outras recomenda\u00e7\u00f5es sobre como alimentar a crian\u00e7a logo nas primeiras fases da vida est\u00e3o no novo Guia Alimentar Para Crian\u00e7as Brasileiras Menores de 2 anos, produzido pelo Minist\u00e9rio da Sa\u00fade. A publica\u00e7\u00e3o traz informa\u00e7\u00f5es, explica\u00e7\u00f5es fundamentadas e orienta\u00e7\u00f5es pr\u00e1ticas sobre a amamenta\u00e7\u00e3o e a alimenta\u00e7\u00e3o no come\u00e7o da vida, e apresenta as informa\u00e7\u00f5es que voc\u00ea confere a seguir. Afinal, a chegada de um novo membro \u00e0 fam\u00edlia \u00e9 sempre um momento de alegria, mas tamb\u00e9m de muitas d\u00favidas. Conhe\u00e7a a seguir o caminho para a transi\u00e7\u00e3o entre o aleitamento e a alimenta\u00e7\u00e3o s\u00f3lida. O primeiro alimento Desde o nascimento at\u00e9 os seis meses de vida, o leite materno \u00e9 o primeiro e deve ser o \u00fanico alimento na vida da crian\u00e7a. Ele cont\u00e9m anticorpos e outras subst\u00e2ncias que protegem o beb\u00ea de infec\u00e7\u00f5es, como as respirat\u00f3rias, de ouvidos, diarreias e outras. Durante esse per\u00edodo de\u00a0amamenta\u00e7\u00e3o exclusiva, o beb\u00ea n\u00e3o necessita de outro tipo de alimento, nem mesmo da \u00e1gua. Mas depois desse primeiro semestre do novo membro da fam\u00edlia, o leite ainda continua fazendo parte da alimenta\u00e7\u00e3o at\u00e9 os dois anos ou mais, n\u00e3o sendo mais o \u00fanico alimento da crian\u00e7a. A amamenta\u00e7\u00e3o \u00e9 super ben\u00e9fica para o desenvolvimento infantil, sendo um importante exerc\u00edcio para a boca e os m\u00fasculos da face, que ir\u00e3o ajudar a crian\u00e7a a n\u00e3o ter problemas na fala, nos dentes, na respira\u00e7\u00e3o, na mastiga\u00e7\u00e3o e na degluti\u00e7\u00e3o. Al\u00e9m disso, por meio da amamenta\u00e7\u00e3o tamb\u00e9m s\u00e3o estabelecidos os la\u00e7os afetivos entre m\u00e3e e filho. O leite materno pode variar de acordo com o que a mulher come. Esse detalhe ajuda o beb\u00ea a ter contato desde cedo com os alimentos, mesmo que de forma indireta. Conforme vamos falar a seguir! Not\u00edcias em Destaque Com Sa\u00fade Brasil<\/p>\n","protected":false},"author":2,"featured_media":12429,"comment_status":"closed","ping_status":"open","sticky":false,"template":"","format":"standard","meta":{"_eb_attr":"","_jetpack_memberships_contains_paid_content":false,"footnotes":""},"categories":[8],"tags":[],"class_list":["post-21704","post","type-post","status-publish","format-standard","has-post-thumbnail","hentry","category-saude"],"yoast_head":"<!-- This site is optimized with the Yoast SEO plugin v26.5 - https:\/\/yoast.com\/wordpress\/plugins\/seo\/ -->\n<title>M\u00e3os \u00e0 obra: a import\u00e2ncia da comida de verdade para o desenvolvimento das crian\u00e7as - Not&iacute;cias em Destaque<\/title>\n<meta name=\"robots\" content=\"index, follow, max-snippet:-1, max-image-preview:large, max-video-preview:-1\" \/>\n<link rel=\"canonical\" href=\"https:\/\/noticiasemdestaque.com\/cd\/?p=21704\" \/>\n<meta property=\"og:locale\" content=\"pt_BR\" \/>\n<meta property=\"og:type\" content=\"article\" \/>\n<meta property=\"og:title\" content=\"M\u00e3os \u00e0 obra: a import\u00e2ncia da comida de verdade para o desenvolvimento das crian\u00e7as - Not&iacute;cias em Destaque\" \/>\n<meta property=\"og:description\" content=\"Os dois primeiros anos de vida s\u00e3o os mais decisivos para o crescimento e desenvolvimento da crian\u00e7a, com repercuss\u00f5es para a vida toda. Sendo assim, uma alimenta\u00e7\u00e3o adequada e saud\u00e1vel contribui para a sa\u00fade infantil como um todo, e deve ter como base a \u201ccomida de verdade\u201d, ou seja, refei\u00e7\u00f5es preparadas com alimentos frescos, obtidos direto da natureza, que passam por quase ou nenhum processo, como frutas, legumes, verduras, tub\u00e9rculos e ovos. Essas e outras recomenda\u00e7\u00f5es sobre como alimentar a crian\u00e7a logo nas primeiras fases da vida est\u00e3o no novo Guia Alimentar Para Crian\u00e7as Brasileiras Menores de 2 anos, produzido pelo Minist\u00e9rio da Sa\u00fade. A publica\u00e7\u00e3o traz informa\u00e7\u00f5es, explica\u00e7\u00f5es fundamentadas e orienta\u00e7\u00f5es pr\u00e1ticas sobre a amamenta\u00e7\u00e3o e a alimenta\u00e7\u00e3o no come\u00e7o da vida, e apresenta as informa\u00e7\u00f5es que voc\u00ea confere a seguir. Afinal, a chegada de um novo membro \u00e0 fam\u00edlia \u00e9 sempre um momento de alegria, mas tamb\u00e9m de muitas d\u00favidas. Conhe\u00e7a a seguir o caminho para a transi\u00e7\u00e3o entre o aleitamento e a alimenta\u00e7\u00e3o s\u00f3lida. O primeiro alimento Desde o nascimento at\u00e9 os seis meses de vida, o leite materno \u00e9 o primeiro e deve ser o \u00fanico alimento na vida da crian\u00e7a. Ele cont\u00e9m anticorpos e outras subst\u00e2ncias que protegem o beb\u00ea de infec\u00e7\u00f5es, como as respirat\u00f3rias, de ouvidos, diarreias e outras. Durante esse per\u00edodo de\u00a0amamenta\u00e7\u00e3o exclusiva, o beb\u00ea n\u00e3o necessita de outro tipo de alimento, nem mesmo da \u00e1gua. Mas depois desse primeiro semestre do novo membro da fam\u00edlia, o leite ainda continua fazendo parte da alimenta\u00e7\u00e3o at\u00e9 os dois anos ou mais, n\u00e3o sendo mais o \u00fanico alimento da crian\u00e7a. A amamenta\u00e7\u00e3o \u00e9 super ben\u00e9fica para o desenvolvimento infantil, sendo um importante exerc\u00edcio para a boca e os m\u00fasculos da face, que ir\u00e3o ajudar a crian\u00e7a a n\u00e3o ter problemas na fala, nos dentes, na respira\u00e7\u00e3o, na mastiga\u00e7\u00e3o e na degluti\u00e7\u00e3o. Al\u00e9m disso, por meio da amamenta\u00e7\u00e3o tamb\u00e9m s\u00e3o estabelecidos os la\u00e7os afetivos entre m\u00e3e e filho. O leite materno pode variar de acordo com o que a mulher come. Esse detalhe ajuda o beb\u00ea a ter contato desde cedo com os alimentos, mesmo que de forma indireta. Conforme vamos falar a seguir! Not\u00edcias em Destaque Com Sa\u00fade Brasil\" \/>\n<meta property=\"og:url\" content=\"https:\/\/noticiasemdestaque.com\/cd\/?p=21704\" \/>\n<meta property=\"og:site_name\" content=\"Not&iacute;cias em Destaque\" \/>\n<meta property=\"article:published_time\" content=\"2020-01-06T09:54:25+00:00\" \/>\n<meta property=\"og:image\" content=\"https:\/\/noticiasemdestaque.com\/cd\/wp-content\/uploads\/2018\/08\/crian\u00e7a.jpg\" \/>\n\t<meta property=\"og:image:width\" content=\"800\" \/>\n\t<meta property=\"og:image:height\" content=\"440\" \/>\n\t<meta property=\"og:image:type\" content=\"image\/jpeg\" \/>\n<meta name=\"author\" content=\"Not\u00edcias em Destaque\" \/>\n<meta name=\"twitter:card\" content=\"summary_large_image\" \/>\n<meta name=\"twitter:label1\" content=\"Escrito por\" \/>\n\t<meta name=\"twitter:data1\" content=\"Not\u00edcias em Destaque\" \/>\n\t<meta name=\"twitter:label2\" content=\"Est. tempo de leitura\" \/>\n\t<meta name=\"twitter:data2\" content=\"2 minutos\" \/>\n<script type=\"application\/ld+json\" class=\"yoast-schema-graph\">{\"@context\":\"https:\/\/schema.org\",\"@graph\":[{\"@type\":\"Article\",\"@id\":\"https:\/\/noticiasemdestaque.com\/cd\/?p=21704#article\",\"isPartOf\":{\"@id\":\"https:\/\/noticiasemdestaque.com\/cd\/?p=21704\"},\"author\":{\"name\":\"Not\u00edcias em Destaque\",\"@id\":\"https:\/\/noticiasemdestaque.com\/cd\/#\/schema\/person\/47f7d4f55eec17c6b2ca036c5500f6ce\"},\"headline\":\"M\u00e3os \u00e0 obra: a import\u00e2ncia da comida de verdade para o desenvolvimento das crian\u00e7as\",\"datePublished\":\"2020-01-06T09:54:25+00:00\",\"mainEntityOfPage\":{\"@id\":\"https:\/\/noticiasemdestaque.com\/cd\/?p=21704\"},\"wordCount\":436,\"publisher\":{\"@id\":\"https:\/\/noticiasemdestaque.com\/cd\/#organization\"},\"image\":{\"@id\":\"https:\/\/noticiasemdestaque.com\/cd\/?p=21704#primaryimage\"},\"thumbnailUrl\":\"https:\/\/noticiasemdestaque.com\/cd\/wp-content\/uploads\/2018\/08\/crian\u00e7a.jpg\",\"articleSection\":[\"Sa\u00fade\"],\"inLanguage\":\"pt-BR\"},{\"@type\":\"WebPage\",\"@id\":\"https:\/\/noticiasemdestaque.com\/cd\/?p=21704\",\"url\":\"https:\/\/noticiasemdestaque.com\/cd\/?p=21704\",\"name\":\"M\u00e3os \u00e0 obra: a import\u00e2ncia da comida de verdade para o desenvolvimento das crian\u00e7as - Not&iacute;cias em Destaque\",\"isPartOf\":{\"@id\":\"https:\/\/noticiasemdestaque.com\/cd\/#website\"},\"primaryImageOfPage\":{\"@id\":\"https:\/\/noticiasemdestaque.com\/cd\/?p=21704#primaryimage\"},\"image\":{\"@id\":\"https:\/\/noticiasemdestaque.com\/cd\/?p=21704#primaryimage\"},\"thumbnailUrl\":\"https:\/\/noticiasemdestaque.com\/cd\/wp-content\/uploads\/2018\/08\/crian\u00e7a.jpg\",\"datePublished\":\"2020-01-06T09:54:25+00:00\",\"breadcrumb\":{\"@id\":\"https:\/\/noticiasemdestaque.com\/cd\/?p=21704#breadcrumb\"},\"inLanguage\":\"pt-BR\",\"potentialAction\":[{\"@type\":\"ReadAction\",\"target\":[\"https:\/\/noticiasemdestaque.com\/cd\/?p=21704\"]}]},{\"@type\":\"ImageObject\",\"inLanguage\":\"pt-BR\",\"@id\":\"https:\/\/noticiasemdestaque.com\/cd\/?p=21704#primaryimage\",\"url\":\"https:\/\/noticiasemdestaque.com\/cd\/wp-content\/uploads\/2018\/08\/crian\u00e7a.jpg\",\"contentUrl\":\"https:\/\/noticiasemdestaque.com\/cd\/wp-content\/uploads\/2018\/08\/crian\u00e7a.jpg\",\"width\":800,\"height\":440},{\"@type\":\"BreadcrumbList\",\"@id\":\"https:\/\/noticiasemdestaque.com\/cd\/?p=21704#breadcrumb\",\"itemListElement\":[{\"@type\":\"ListItem\",\"position\":1,\"name\":\"In\u00edcio\",\"item\":\"https:\/\/noticiasemdestaque.com\/cd\/\"},{\"@type\":\"ListItem\",\"position\":2,\"name\":\"M\u00e3os \u00e0 obra: a import\u00e2ncia da comida de verdade para o desenvolvimento das crian\u00e7as\"}]},{\"@type\":\"WebSite\",\"@id\":\"https:\/\/noticiasemdestaque.com\/cd\/#website\",\"url\":\"https:\/\/noticiasemdestaque.com\/cd\/\",\"name\":\"Not&iacute;cias em Destaque\",\"description\":\"\",\"publisher\":{\"@id\":\"https:\/\/noticiasemdestaque.com\/cd\/#organization\"},\"potentialAction\":[{\"@type\":\"SearchAction\",\"target\":{\"@type\":\"EntryPoint\",\"urlTemplate\":\"https:\/\/noticiasemdestaque.com\/cd\/?s={search_term_string}\"},\"query-input\":{\"@type\":\"PropertyValueSpecification\",\"valueRequired\":true,\"valueName\":\"search_term_string\"}}],\"inLanguage\":\"pt-BR\"},{\"@type\":\"Organization\",\"@id\":\"https:\/\/noticiasemdestaque.com\/cd\/#organization\",\"name\":\"Not\u00edcias em Destaque\",\"url\":\"https:\/\/noticiasemdestaque.com\/cd\/\",\"logo\":{\"@type\":\"ImageObject\",\"inLanguage\":\"pt-BR\",\"@id\":\"https:\/\/noticiasemdestaque.com\/cd\/#\/schema\/logo\/image\/\",\"url\":\"https:\/\/noticiasemdestaque.com\/cd\/wp-content\/uploads\/2022\/05\/imagem-base-noticiasemdestaque.png\",\"contentUrl\":\"https:\/\/noticiasemdestaque.com\/cd\/wp-content\/uploads\/2022\/05\/imagem-base-noticiasemdestaque.png\",\"width\":1200,\"height\":630,\"caption\":\"Not\u00edcias em Destaque\"},\"image\":{\"@id\":\"https:\/\/noticiasemdestaque.com\/cd\/#\/schema\/logo\/image\/\"}},{\"@type\":\"Person\",\"@id\":\"https:\/\/noticiasemdestaque.com\/cd\/#\/schema\/person\/47f7d4f55eec17c6b2ca036c5500f6ce\",\"name\":\"Not\u00edcias em Destaque\",\"url\":\"https:\/\/noticiasemdestaque.com\/cd\/?author=2\"}]}<\/script>\n<!-- \/ Yoast SEO plugin. -->","yoast_head_json":{"title":"M\u00e3os \u00e0 obra: a import\u00e2ncia da comida de verdade para o desenvolvimento das crian\u00e7as - Not&iacute;cias em Destaque","robots":{"index":"index","follow":"follow","max-snippet":"max-snippet:-1","max-image-preview":"max-image-preview:large","max-video-preview":"max-video-preview:-1"},"canonical":"https:\/\/noticiasemdestaque.com\/cd\/?p=21704","og_locale":"pt_BR","og_type":"article","og_title":"M\u00e3os \u00e0 obra: a import\u00e2ncia da comida de verdade para o desenvolvimento das crian\u00e7as - Not&iacute;cias em Destaque","og_description":"Os dois primeiros anos de vida s\u00e3o os mais decisivos para o crescimento e desenvolvimento da crian\u00e7a, com repercuss\u00f5es para a vida toda. Sendo assim, uma alimenta\u00e7\u00e3o adequada e saud\u00e1vel contribui para a sa\u00fade infantil como um todo, e deve ter como base a \u201ccomida de verdade\u201d, ou seja, refei\u00e7\u00f5es preparadas com alimentos frescos, obtidos direto da natureza, que passam por quase ou nenhum processo, como frutas, legumes, verduras, tub\u00e9rculos e ovos. Essas e outras recomenda\u00e7\u00f5es sobre como alimentar a crian\u00e7a logo nas primeiras fases da vida est\u00e3o no novo Guia Alimentar Para Crian\u00e7as Brasileiras Menores de 2 anos, produzido pelo Minist\u00e9rio da Sa\u00fade. A publica\u00e7\u00e3o traz informa\u00e7\u00f5es, explica\u00e7\u00f5es fundamentadas e orienta\u00e7\u00f5es pr\u00e1ticas sobre a amamenta\u00e7\u00e3o e a alimenta\u00e7\u00e3o no come\u00e7o da vida, e apresenta as informa\u00e7\u00f5es que voc\u00ea confere a seguir. Afinal, a chegada de um novo membro \u00e0 fam\u00edlia \u00e9 sempre um momento de alegria, mas tamb\u00e9m de muitas d\u00favidas. Conhe\u00e7a a seguir o caminho para a transi\u00e7\u00e3o entre o aleitamento e a alimenta\u00e7\u00e3o s\u00f3lida. O primeiro alimento Desde o nascimento at\u00e9 os seis meses de vida, o leite materno \u00e9 o primeiro e deve ser o \u00fanico alimento na vida da crian\u00e7a. Ele cont\u00e9m anticorpos e outras subst\u00e2ncias que protegem o beb\u00ea de infec\u00e7\u00f5es, como as respirat\u00f3rias, de ouvidos, diarreias e outras. Durante esse per\u00edodo de\u00a0amamenta\u00e7\u00e3o exclusiva, o beb\u00ea n\u00e3o necessita de outro tipo de alimento, nem mesmo da \u00e1gua. Mas depois desse primeiro semestre do novo membro da fam\u00edlia, o leite ainda continua fazendo parte da alimenta\u00e7\u00e3o at\u00e9 os dois anos ou mais, n\u00e3o sendo mais o \u00fanico alimento da crian\u00e7a. A amamenta\u00e7\u00e3o \u00e9 super ben\u00e9fica para o desenvolvimento infantil, sendo um importante exerc\u00edcio para a boca e os m\u00fasculos da face, que ir\u00e3o ajudar a crian\u00e7a a n\u00e3o ter problemas na fala, nos dentes, na respira\u00e7\u00e3o, na mastiga\u00e7\u00e3o e na degluti\u00e7\u00e3o. Al\u00e9m disso, por meio da amamenta\u00e7\u00e3o tamb\u00e9m s\u00e3o estabelecidos os la\u00e7os afetivos entre m\u00e3e e filho. O leite materno pode variar de acordo com o que a mulher come. Esse detalhe ajuda o beb\u00ea a ter contato desde cedo com os alimentos, mesmo que de forma indireta. Conforme vamos falar a seguir! Not\u00edcias em Destaque Com Sa\u00fade Brasil","og_url":"https:\/\/noticiasemdestaque.com\/cd\/?p=21704","og_site_name":"Not&iacute;cias em Destaque","article_published_time":"2020-01-06T09:54:25+00:00","og_image":[{"width":800,"height":440,"url":"https:\/\/noticiasemdestaque.com\/cd\/wp-content\/uploads\/2018\/08\/crian\u00e7a.jpg","type":"image\/jpeg"}],"author":"Not\u00edcias em Destaque","twitter_card":"summary_large_image","twitter_misc":{"Escrito por":"Not\u00edcias em Destaque","Est. tempo de leitura":"2 minutos"},"schema":{"@context":"https:\/\/schema.org","@graph":[{"@type":"Article","@id":"https:\/\/noticiasemdestaque.com\/cd\/?p=21704#article","isPartOf":{"@id":"https:\/\/noticiasemdestaque.com\/cd\/?p=21704"},"author":{"name":"Not\u00edcias em Destaque","@id":"https:\/\/noticiasemdestaque.com\/cd\/#\/schema\/person\/47f7d4f55eec17c6b2ca036c5500f6ce"},"headline":"M\u00e3os \u00e0 obra: a import\u00e2ncia da comida de verdade para o desenvolvimento das crian\u00e7as","datePublished":"2020-01-06T09:54:25+00:00","mainEntityOfPage":{"@id":"https:\/\/noticiasemdestaque.com\/cd\/?p=21704"},"wordCount":436,"publisher":{"@id":"https:\/\/noticiasemdestaque.com\/cd\/#organization"},"image":{"@id":"https:\/\/noticiasemdestaque.com\/cd\/?p=21704#primaryimage"},"thumbnailUrl":"https:\/\/noticiasemdestaque.com\/cd\/wp-content\/uploads\/2018\/08\/crian\u00e7a.jpg","articleSection":["Sa\u00fade"],"inLanguage":"pt-BR"},{"@type":"WebPage","@id":"https:\/\/noticiasemdestaque.com\/cd\/?p=21704","url":"https:\/\/noticiasemdestaque.com\/cd\/?p=21704","name":"M\u00e3os \u00e0 obra: a import\u00e2ncia da comida de verdade para o desenvolvimento das crian\u00e7as - Not&iacute;cias em Destaque","isPartOf":{"@id":"https:\/\/noticiasemdestaque.com\/cd\/#website"},"primaryImageOfPage":{"@id":"https:\/\/noticiasemdestaque.com\/cd\/?p=21704#primaryimage"},"image":{"@id":"https:\/\/noticiasemdestaque.com\/cd\/?p=21704#primaryimage"},"thumbnailUrl":"https:\/\/noticiasemdestaque.com\/cd\/wp-content\/uploads\/2018\/08\/crian\u00e7a.jpg","datePublished":"2020-01-06T09:54:25+00:00","breadcrumb":{"@id":"https:\/\/noticiasemdestaque.com\/cd\/?p=21704#breadcrumb"},"inLanguage":"pt-BR","potentialAction":[{"@type":"ReadAction","target":["https:\/\/noticiasemdestaque.com\/cd\/?p=21704"]}]},{"@type":"ImageObject","inLanguage":"pt-BR","@id":"https:\/\/noticiasemdestaque.com\/cd\/?p=21704#primaryimage","url":"https:\/\/noticiasemdestaque.com\/cd\/wp-content\/uploads\/2018\/08\/crian\u00e7a.jpg","contentUrl":"https:\/\/noticiasemdestaque.com\/cd\/wp-content\/uploads\/2018\/08\/crian\u00e7a.jpg","width":800,"height":440},{"@type":"BreadcrumbList","@id":"https:\/\/noticiasemdestaque.com\/cd\/?p=21704#breadcrumb","itemListElement":[{"@type":"ListItem","position":1,"name":"In\u00edcio","item":"https:\/\/noticiasemdestaque.com\/cd\/"},{"@type":"ListItem","position":2,"name":"M\u00e3os \u00e0 obra: a import\u00e2ncia da comida de verdade para o desenvolvimento das crian\u00e7as"}]},{"@type":"WebSite","@id":"https:\/\/noticiasemdestaque.com\/cd\/#website","url":"https:\/\/noticiasemdestaque.com\/cd\/","name":"Not&iacute;cias em Destaque","description":"","publisher":{"@id":"https:\/\/noticiasemdestaque.com\/cd\/#organization"},"potentialAction":[{"@type":"SearchAction","target":{"@type":"EntryPoint","urlTemplate":"https:\/\/noticiasemdestaque.com\/cd\/?s={search_term_string}"},"query-input":{"@type":"PropertyValueSpecification","valueRequired":true,"valueName":"search_term_string"}}],"inLanguage":"pt-BR"},{"@type":"Organization","@id":"https:\/\/noticiasemdestaque.com\/cd\/#organization","name":"Not\u00edcias em Destaque","url":"https:\/\/noticiasemdestaque.com\/cd\/","logo":{"@type":"ImageObject","inLanguage":"pt-BR","@id":"https:\/\/noticiasemdestaque.com\/cd\/#\/schema\/logo\/image\/","url":"https:\/\/noticiasemdestaque.com\/cd\/wp-content\/uploads\/2022\/05\/imagem-base-noticiasemdestaque.png","contentUrl":"https:\/\/noticiasemdestaque.com\/cd\/wp-content\/uploads\/2022\/05\/imagem-base-noticiasemdestaque.png","width":1200,"height":630,"caption":"Not\u00edcias em Destaque"},"image":{"@id":"https:\/\/noticiasemdestaque.com\/cd\/#\/schema\/logo\/image\/"}},{"@type":"Person","@id":"https:\/\/noticiasemdestaque.com\/cd\/#\/schema\/person\/47f7d4f55eec17c6b2ca036c5500f6ce","name":"Not\u00edcias em Destaque","url":"https:\/\/noticiasemdestaque.com\/cd\/?author=2"}]}},"jetpack_featured_media_url":"https:\/\/noticiasemdestaque.com\/cd\/wp-content\/uploads\/2018\/08\/crian\u00e7a.jpg","jetpack_sharing_enabled":true,"_links":{"self":[{"href":"https:\/\/noticiasemdestaque.com\/cd\/index.php?rest_route=\/wp\/v2\/posts\/21704","targetHints":{"allow":["GET"]}}],"collection":[{"href":"https:\/\/noticiasemdestaque.com\/cd\/index.php?rest_route=\/wp\/v2\/posts"}],"about":[{"href":"https:\/\/noticiasemdestaque.com\/cd\/index.php?rest_route=\/wp\/v2\/types\/post"}],"author":[{"embeddable":true,"href":"https:\/\/noticiasemdestaque.com\/cd\/index.php?rest_route=\/wp\/v2\/users\/2"}],"replies":[{"embeddable":true,"href":"https:\/\/noticiasemdestaque.com\/cd\/index.php?rest_route=%2Fwp%2Fv2%2Fcomments&post=21704"}],"version-history":[{"count":1,"href":"https:\/\/noticiasemdestaque.com\/cd\/index.php?rest_route=\/wp\/v2\/posts\/21704\/revisions"}],"predecessor-version":[{"id":21705,"href":"https:\/\/noticiasemdestaque.com\/cd\/index.php?rest_route=\/wp\/v2\/posts\/21704\/revisions\/21705"}],"wp:featuredmedia":[{"embeddable":true,"href":"https:\/\/noticiasemdestaque.com\/cd\/index.php?rest_route=\/wp\/v2\/media\/12429"}],"wp:attachment":[{"href":"https:\/\/noticiasemdestaque.com\/cd\/index.php?rest_route=%2Fwp%2Fv2%2Fmedia&parent=21704"}],"wp:term":[{"taxonomy":"category","embeddable":true,"href":"https:\/\/noticiasemdestaque.com\/cd\/index.php?rest_route=%2Fwp%2Fv2%2Fcategories&post=21704"},{"taxonomy":"post_tag","embeddable":true,"href":"https:\/\/noticiasemdestaque.com\/cd\/index.php?rest_route=%2Fwp%2Fv2%2Ftags&post=21704"}],"curies":[{"name":"wp","href":"https:\/\/api.w.org\/{rel}","templated":true}]}}