{"id":21246,"date":"2019-12-10T07:23:58","date_gmt":"2019-12-10T10:23:58","guid":{"rendered":"http:\/\/noticiasemdestaque.com\/cd\/?p=21246"},"modified":"2019-12-10T07:23:58","modified_gmt":"2019-12-10T10:23:58","slug":"caixa-comeca-a-pagar-hoje-decimo-terceiro-do-bolsa-familia","status":"publish","type":"post","link":"https:\/\/noticiasemdestaque.com\/cd\/?p=21246","title":{"rendered":"Caixa come\u00e7a a pagar hoje d\u00e9cimo terceiro do Bolsa Fam\u00edlia"},"content":{"rendered":"<p><a href=\"https:\/\/noticiasemdestaque.com\/cd\/wp-content\/uploads\/2017\/09\/bolsa_familia.jpg\"><img fetchpriority=\"high\" decoding=\"async\" class=\"wp-image-4627 aligncenter\" src=\"https:\/\/noticiasemdestaque.com\/cd\/wp-content\/uploads\/2017\/09\/bolsa_familia.jpg\" alt=\"\" width=\"458\" height=\"306\" srcset=\"https:\/\/noticiasemdestaque.com\/cd\/wp-content\/uploads\/2017\/09\/bolsa_familia.jpg 876w, https:\/\/noticiasemdestaque.com\/cd\/wp-content\/uploads\/2017\/09\/bolsa_familia-300x200.jpg 300w, https:\/\/noticiasemdestaque.com\/cd\/wp-content\/uploads\/2017\/09\/bolsa_familia-768x513.jpg 768w, https:\/\/noticiasemdestaque.com\/cd\/wp-content\/uploads\/2017\/09\/bolsa_familia-480x320.jpg 480w\" sizes=\"(max-width: 458px) 100vw, 458px\" \/><\/a><\/p>\n<p>Os benefici\u00e1rios do Bolsa Fam\u00edlia come\u00e7ar\u00e3o a receber nesta\u00a0<span id=\"OBJ_PREFIX_DWT230_com_zimbra_date\" role=\"link\">ter<\/span>\u00e7a-feira (10) o abono natalino, equivalente ao d\u00e9cimo terceiro do benef\u00edcio. Institu\u00eddo pela Medida Provis\u00f3ria 898, editada em outubro, o abono consiste no benef\u00edcio pago em dobro em dezembro.<\/p>\n<p>Segundo a Caixa Econ\u00f4mica Federal, que administra os pagamentos, 13,1 milh\u00f5es de fam\u00edlias est\u00e3o sendo atendidas pelo Bolsa Fam\u00edlia em dezembro. Neste m\u00eas, o governo desembolsar\u00e1 R$ 2,5 bilh\u00f5es com o pagamento do benef\u00edcio deste m\u00eas, mais R$ 2,5 bilh\u00f5es com o d\u00e9cimo terceiro.<\/p>\n<p>O benef\u00edcio extra ser\u00e1 pago com o mesmo cart\u00e3o, nas mesmas datas e por meio dos mesmos canais pelos quais os benefici\u00e1rios recebem as parcelas regulares do Bolsa Fam\u00edlia. Os benefici\u00e1rios que recebem por meio de cr\u00e9dito em conta poupan\u00e7a ou na conta Caixa F\u00e1cil\u00a0<span id=\"OBJ_PREFIX_DWT231_com_zimbra_date\" role=\"link\">ter<\/span>\u00e3o o valor do abono natalino creditado nas mesmas contas.<\/p>\n<p>O calend\u00e1rio de pagamentos seguir\u00e1 o d\u00edgito final do N\u00famero de Inscri\u00e7\u00e3o Social (NIS) do respons\u00e1vel familiar apresentado no cart\u00e3o do programa.<\/p>\n<p>Benefici\u00e1rios com o final 1 ser\u00e3o pagos nesta\u00a0<span id=\"OBJ_PREFIX_DWT232_com_zimbra_date\" role=\"link\">ter<\/span>\u00e7a-feira. O cronograma segue com o pagamento aos benefici\u00e1rios com final 2 na\u00a0<span id=\"OBJ_PREFIX_DWT233_com_zimbra_date\" role=\"link\">quarta<\/span>\u00a0(11); final 3, dia 12; final 4, dia 13; final 5, dia 16; final 6, dia 17; final 7, dia 18; final 8, dia 19; final 9, dia 20, e final 0, dia 23.<\/p>\n<p><em><strong>Not\u00edcias em Destaque<\/strong><\/em><\/p>\n<p>Com Ag\u00eancia Brasil<\/p>\n","protected":false},"excerpt":{"rendered":"<p>Os benefici\u00e1rios do Bolsa Fam\u00edlia come\u00e7ar\u00e3o a receber nesta\u00a0ter\u00e7a-feira (10) o abono natalino, equivalente ao d\u00e9cimo terceiro do benef\u00edcio. Institu\u00eddo pela Medida Provis\u00f3ria 898, editada em outubro, o abono consiste no benef\u00edcio pago em dobro em dezembro. Segundo a Caixa Econ\u00f4mica Federal, que administra os pagamentos, 13,1 milh\u00f5es de fam\u00edlias est\u00e3o sendo atendidas pelo Bolsa Fam\u00edlia em dezembro. Neste m\u00eas, o governo desembolsar\u00e1 R$ 2,5 bilh\u00f5es com o pagamento do benef\u00edcio deste m\u00eas, mais R$ 2,5 bilh\u00f5es com o d\u00e9cimo terceiro. O benef\u00edcio extra ser\u00e1 pago com o mesmo cart\u00e3o, nas mesmas datas e por meio dos mesmos canais pelos quais os benefici\u00e1rios recebem as parcelas regulares do Bolsa Fam\u00edlia. Os benefici\u00e1rios que recebem por meio de cr\u00e9dito em conta poupan\u00e7a ou na conta Caixa F\u00e1cil\u00a0ter\u00e3o o valor do abono natalino creditado nas mesmas contas. O calend\u00e1rio de pagamentos seguir\u00e1 o d\u00edgito final do N\u00famero de Inscri\u00e7\u00e3o Social (NIS) do respons\u00e1vel familiar apresentado no cart\u00e3o do programa. Benefici\u00e1rios com o final 1 ser\u00e3o pagos nesta\u00a0ter\u00e7a-feira. O cronograma segue com o pagamento aos benefici\u00e1rios com final 2 na\u00a0quarta\u00a0(11); final 3, dia 12; final 4, dia 13; final 5, dia 16; final 6, dia 17; final 7, dia 18; final 8, dia 19; final 9, dia 20, e final 0, dia 23. Not\u00edcias em Destaque Com Ag\u00eancia Brasil<\/p>\n","protected":false},"author":2,"featured_media":4627,"comment_status":"closed","ping_status":"open","sticky":false,"template":"","format":"standard","meta":{"_eb_attr":"","_jetpack_memberships_contains_paid_content":false,"footnotes":""},"categories":[12],"tags":[],"class_list":["post-21246","post","type-post","status-publish","format-standard","has-post-thumbnail","hentry","category-geral"],"yoast_head":"<!-- This site is optimized with the Yoast SEO plugin v26.5 - https:\/\/yoast.com\/wordpress\/plugins\/seo\/ -->\n<title>Caixa come\u00e7a a pagar hoje d\u00e9cimo terceiro do Bolsa Fam\u00edlia - Not&iacute;cias em Destaque<\/title>\n<meta name=\"robots\" content=\"index, follow, max-snippet:-1, max-image-preview:large, max-video-preview:-1\" \/>\n<link rel=\"canonical\" href=\"https:\/\/noticiasemdestaque.com\/cd\/?p=21246\" \/>\n<meta property=\"og:locale\" content=\"pt_BR\" \/>\n<meta property=\"og:type\" content=\"article\" \/>\n<meta property=\"og:title\" content=\"Caixa come\u00e7a a pagar hoje d\u00e9cimo terceiro do Bolsa Fam\u00edlia - Not&iacute;cias em Destaque\" \/>\n<meta property=\"og:description\" content=\"Os benefici\u00e1rios do Bolsa Fam\u00edlia come\u00e7ar\u00e3o a receber nesta\u00a0ter\u00e7a-feira (10) o abono natalino, equivalente ao d\u00e9cimo terceiro do benef\u00edcio. Institu\u00eddo pela Medida Provis\u00f3ria 898, editada em outubro, o abono consiste no benef\u00edcio pago em dobro em dezembro. Segundo a Caixa Econ\u00f4mica Federal, que administra os pagamentos, 13,1 milh\u00f5es de fam\u00edlias est\u00e3o sendo atendidas pelo Bolsa Fam\u00edlia em dezembro. Neste m\u00eas, o governo desembolsar\u00e1 R$ 2,5 bilh\u00f5es com o pagamento do benef\u00edcio deste m\u00eas, mais R$ 2,5 bilh\u00f5es com o d\u00e9cimo terceiro. O benef\u00edcio extra ser\u00e1 pago com o mesmo cart\u00e3o, nas mesmas datas e por meio dos mesmos canais pelos quais os benefici\u00e1rios recebem as parcelas regulares do Bolsa Fam\u00edlia. Os benefici\u00e1rios que recebem por meio de cr\u00e9dito em conta poupan\u00e7a ou na conta Caixa F\u00e1cil\u00a0ter\u00e3o o valor do abono natalino creditado nas mesmas contas. O calend\u00e1rio de pagamentos seguir\u00e1 o d\u00edgito final do N\u00famero de Inscri\u00e7\u00e3o Social (NIS) do respons\u00e1vel familiar apresentado no cart\u00e3o do programa. Benefici\u00e1rios com o final 1 ser\u00e3o pagos nesta\u00a0ter\u00e7a-feira. O cronograma segue com o pagamento aos benefici\u00e1rios com final 2 na\u00a0quarta\u00a0(11); final 3, dia 12; final 4, dia 13; final 5, dia 16; final 6, dia 17; final 7, dia 18; final 8, dia 19; final 9, dia 20, e final 0, dia 23. Not\u00edcias em Destaque Com Ag\u00eancia Brasil\" \/>\n<meta property=\"og:url\" content=\"https:\/\/noticiasemdestaque.com\/cd\/?p=21246\" \/>\n<meta property=\"og:site_name\" content=\"Not&iacute;cias em Destaque\" \/>\n<meta property=\"article:published_time\" content=\"2019-12-10T10:23:58+00:00\" \/>\n<meta property=\"og:image\" content=\"https:\/\/noticiasemdestaque.com\/cd\/wp-content\/uploads\/2017\/09\/bolsa_familia.jpg\" \/>\n\t<meta property=\"og:image:width\" content=\"876\" \/>\n\t<meta property=\"og:image:height\" content=\"585\" \/>\n\t<meta property=\"og:image:type\" content=\"image\/jpeg\" \/>\n<meta name=\"author\" content=\"Not\u00edcias em Destaque\" \/>\n<meta name=\"twitter:card\" content=\"summary_large_image\" \/>\n<meta name=\"twitter:label1\" content=\"Escrito por\" \/>\n\t<meta name=\"twitter:data1\" content=\"Not\u00edcias em Destaque\" \/>\n\t<meta name=\"twitter:label2\" content=\"Est. tempo de leitura\" \/>\n\t<meta name=\"twitter:data2\" content=\"1 minuto\" \/>\n<script type=\"application\/ld+json\" class=\"yoast-schema-graph\">{\"@context\":\"https:\/\/schema.org\",\"@graph\":[{\"@type\":\"Article\",\"@id\":\"https:\/\/noticiasemdestaque.com\/cd\/?p=21246#article\",\"isPartOf\":{\"@id\":\"https:\/\/noticiasemdestaque.com\/cd\/?p=21246\"},\"author\":{\"name\":\"Not\u00edcias em Destaque\",\"@id\":\"https:\/\/noticiasemdestaque.com\/cd\/#\/schema\/person\/3e6ba396ff5664a69c392f09a8e1504c\"},\"headline\":\"Caixa come\u00e7a a pagar hoje d\u00e9cimo terceiro do Bolsa Fam\u00edlia\",\"datePublished\":\"2019-12-10T10:23:58+00:00\",\"mainEntityOfPage\":{\"@id\":\"https:\/\/noticiasemdestaque.com\/cd\/?p=21246\"},\"wordCount\":252,\"publisher\":{\"@id\":\"https:\/\/noticiasemdestaque.com\/cd\/#organization\"},\"image\":{\"@id\":\"https:\/\/noticiasemdestaque.com\/cd\/?p=21246#primaryimage\"},\"thumbnailUrl\":\"https:\/\/noticiasemdestaque.com\/cd\/wp-content\/uploads\/2017\/09\/bolsa_familia.jpg\",\"articleSection\":[\"Geral\"],\"inLanguage\":\"pt-BR\"},{\"@type\":\"WebPage\",\"@id\":\"https:\/\/noticiasemdestaque.com\/cd\/?p=21246\",\"url\":\"https:\/\/noticiasemdestaque.com\/cd\/?p=21246\",\"name\":\"Caixa come\u00e7a a pagar hoje d\u00e9cimo terceiro do Bolsa Fam\u00edlia - Not&iacute;cias em Destaque\",\"isPartOf\":{\"@id\":\"https:\/\/noticiasemdestaque.com\/cd\/#website\"},\"primaryImageOfPage\":{\"@id\":\"https:\/\/noticiasemdestaque.com\/cd\/?p=21246#primaryimage\"},\"image\":{\"@id\":\"https:\/\/noticiasemdestaque.com\/cd\/?p=21246#primaryimage\"},\"thumbnailUrl\":\"https:\/\/noticiasemdestaque.com\/cd\/wp-content\/uploads\/2017\/09\/bolsa_familia.jpg\",\"datePublished\":\"2019-12-10T10:23:58+00:00\",\"breadcrumb\":{\"@id\":\"https:\/\/noticiasemdestaque.com\/cd\/?p=21246#breadcrumb\"},\"inLanguage\":\"pt-BR\",\"potentialAction\":[{\"@type\":\"ReadAction\",\"target\":[\"https:\/\/noticiasemdestaque.com\/cd\/?p=21246\"]}]},{\"@type\":\"ImageObject\",\"inLanguage\":\"pt-BR\",\"@id\":\"https:\/\/noticiasemdestaque.com\/cd\/?p=21246#primaryimage\",\"url\":\"https:\/\/noticiasemdestaque.com\/cd\/wp-content\/uploads\/2017\/09\/bolsa_familia.jpg\",\"contentUrl\":\"https:\/\/noticiasemdestaque.com\/cd\/wp-content\/uploads\/2017\/09\/bolsa_familia.jpg\",\"width\":876,\"height\":585},{\"@type\":\"BreadcrumbList\",\"@id\":\"https:\/\/noticiasemdestaque.com\/cd\/?p=21246#breadcrumb\",\"itemListElement\":[{\"@type\":\"ListItem\",\"position\":1,\"name\":\"In\u00edcio\",\"item\":\"https:\/\/noticiasemdestaque.com\/cd\/\"},{\"@type\":\"ListItem\",\"position\":2,\"name\":\"Caixa come\u00e7a a pagar hoje d\u00e9cimo terceiro do Bolsa Fam\u00edlia\"}]},{\"@type\":\"WebSite\",\"@id\":\"https:\/\/noticiasemdestaque.com\/cd\/#website\",\"url\":\"https:\/\/noticiasemdestaque.com\/cd\/\",\"name\":\"Not&iacute;cias em Destaque\",\"description\":\"\",\"publisher\":{\"@id\":\"https:\/\/noticiasemdestaque.com\/cd\/#organization\"},\"potentialAction\":[{\"@type\":\"SearchAction\",\"target\":{\"@type\":\"EntryPoint\",\"urlTemplate\":\"https:\/\/noticiasemdestaque.com\/cd\/?s={search_term_string}\"},\"query-input\":{\"@type\":\"PropertyValueSpecification\",\"valueRequired\":true,\"valueName\":\"search_term_string\"}}],\"inLanguage\":\"pt-BR\"},{\"@type\":\"Organization\",\"@id\":\"https:\/\/noticiasemdestaque.com\/cd\/#organization\",\"name\":\"Not\u00edcias em Destaque\",\"url\":\"https:\/\/noticiasemdestaque.com\/cd\/\",\"logo\":{\"@type\":\"ImageObject\",\"inLanguage\":\"pt-BR\",\"@id\":\"https:\/\/noticiasemdestaque.com\/cd\/#\/schema\/logo\/image\/\",\"url\":\"https:\/\/noticiasemdestaque.com\/cd\/wp-content\/uploads\/2022\/05\/imagem-base-noticiasemdestaque.png\",\"contentUrl\":\"https:\/\/noticiasemdestaque.com\/cd\/wp-content\/uploads\/2022\/05\/imagem-base-noticiasemdestaque.png\",\"width\":1200,\"height\":630,\"caption\":\"Not\u00edcias em Destaque\"},\"image\":{\"@id\":\"https:\/\/noticiasemdestaque.com\/cd\/#\/schema\/logo\/image\/\"}},{\"@type\":\"Person\",\"@id\":\"https:\/\/noticiasemdestaque.com\/cd\/#\/schema\/person\/3e6ba396ff5664a69c392f09a8e1504c\",\"name\":\"Not\u00edcias em Destaque\",\"url\":\"https:\/\/noticiasemdestaque.com\/cd\/?author=2\"}]}<\/script>\n<!-- \/ Yoast SEO plugin. -->","yoast_head_json":{"title":"Caixa come\u00e7a a pagar hoje d\u00e9cimo terceiro do Bolsa Fam\u00edlia - Not&iacute;cias em Destaque","robots":{"index":"index","follow":"follow","max-snippet":"max-snippet:-1","max-image-preview":"max-image-preview:large","max-video-preview":"max-video-preview:-1"},"canonical":"https:\/\/noticiasemdestaque.com\/cd\/?p=21246","og_locale":"pt_BR","og_type":"article","og_title":"Caixa come\u00e7a a pagar hoje d\u00e9cimo terceiro do Bolsa Fam\u00edlia - Not&iacute;cias em Destaque","og_description":"Os benefici\u00e1rios do Bolsa Fam\u00edlia come\u00e7ar\u00e3o a receber nesta\u00a0ter\u00e7a-feira (10) o abono natalino, equivalente ao d\u00e9cimo terceiro do benef\u00edcio. Institu\u00eddo pela Medida Provis\u00f3ria 898, editada em outubro, o abono consiste no benef\u00edcio pago em dobro em dezembro. Segundo a Caixa Econ\u00f4mica Federal, que administra os pagamentos, 13,1 milh\u00f5es de fam\u00edlias est\u00e3o sendo atendidas pelo Bolsa Fam\u00edlia em dezembro. Neste m\u00eas, o governo desembolsar\u00e1 R$ 2,5 bilh\u00f5es com o pagamento do benef\u00edcio deste m\u00eas, mais R$ 2,5 bilh\u00f5es com o d\u00e9cimo terceiro. O benef\u00edcio extra ser\u00e1 pago com o mesmo cart\u00e3o, nas mesmas datas e por meio dos mesmos canais pelos quais os benefici\u00e1rios recebem as parcelas regulares do Bolsa Fam\u00edlia. Os benefici\u00e1rios que recebem por meio de cr\u00e9dito em conta poupan\u00e7a ou na conta Caixa F\u00e1cil\u00a0ter\u00e3o o valor do abono natalino creditado nas mesmas contas. O calend\u00e1rio de pagamentos seguir\u00e1 o d\u00edgito final do N\u00famero de Inscri\u00e7\u00e3o Social (NIS) do respons\u00e1vel familiar apresentado no cart\u00e3o do programa. Benefici\u00e1rios com o final 1 ser\u00e3o pagos nesta\u00a0ter\u00e7a-feira. O cronograma segue com o pagamento aos benefici\u00e1rios com final 2 na\u00a0quarta\u00a0(11); final 3, dia 12; final 4, dia 13; final 5, dia 16; final 6, dia 17; final 7, dia 18; final 8, dia 19; final 9, dia 20, e final 0, dia 23. Not\u00edcias em Destaque Com Ag\u00eancia Brasil","og_url":"https:\/\/noticiasemdestaque.com\/cd\/?p=21246","og_site_name":"Not&iacute;cias em Destaque","article_published_time":"2019-12-10T10:23:58+00:00","og_image":[{"width":876,"height":585,"url":"https:\/\/noticiasemdestaque.com\/cd\/wp-content\/uploads\/2017\/09\/bolsa_familia.jpg","type":"image\/jpeg"}],"author":"Not\u00edcias em Destaque","twitter_card":"summary_large_image","twitter_misc":{"Escrito por":"Not\u00edcias em Destaque","Est. tempo de leitura":"1 minuto"},"schema":{"@context":"https:\/\/schema.org","@graph":[{"@type":"Article","@id":"https:\/\/noticiasemdestaque.com\/cd\/?p=21246#article","isPartOf":{"@id":"https:\/\/noticiasemdestaque.com\/cd\/?p=21246"},"author":{"name":"Not\u00edcias em Destaque","@id":"https:\/\/noticiasemdestaque.com\/cd\/#\/schema\/person\/3e6ba396ff5664a69c392f09a8e1504c"},"headline":"Caixa come\u00e7a a pagar hoje d\u00e9cimo terceiro do Bolsa Fam\u00edlia","datePublished":"2019-12-10T10:23:58+00:00","mainEntityOfPage":{"@id":"https:\/\/noticiasemdestaque.com\/cd\/?p=21246"},"wordCount":252,"publisher":{"@id":"https:\/\/noticiasemdestaque.com\/cd\/#organization"},"image":{"@id":"https:\/\/noticiasemdestaque.com\/cd\/?p=21246#primaryimage"},"thumbnailUrl":"https:\/\/noticiasemdestaque.com\/cd\/wp-content\/uploads\/2017\/09\/bolsa_familia.jpg","articleSection":["Geral"],"inLanguage":"pt-BR"},{"@type":"WebPage","@id":"https:\/\/noticiasemdestaque.com\/cd\/?p=21246","url":"https:\/\/noticiasemdestaque.com\/cd\/?p=21246","name":"Caixa come\u00e7a a pagar hoje d\u00e9cimo terceiro do Bolsa Fam\u00edlia - Not&iacute;cias em Destaque","isPartOf":{"@id":"https:\/\/noticiasemdestaque.com\/cd\/#website"},"primaryImageOfPage":{"@id":"https:\/\/noticiasemdestaque.com\/cd\/?p=21246#primaryimage"},"image":{"@id":"https:\/\/noticiasemdestaque.com\/cd\/?p=21246#primaryimage"},"thumbnailUrl":"https:\/\/noticiasemdestaque.com\/cd\/wp-content\/uploads\/2017\/09\/bolsa_familia.jpg","datePublished":"2019-12-10T10:23:58+00:00","breadcrumb":{"@id":"https:\/\/noticiasemdestaque.com\/cd\/?p=21246#breadcrumb"},"inLanguage":"pt-BR","potentialAction":[{"@type":"ReadAction","target":["https:\/\/noticiasemdestaque.com\/cd\/?p=21246"]}]},{"@type":"ImageObject","inLanguage":"pt-BR","@id":"https:\/\/noticiasemdestaque.com\/cd\/?p=21246#primaryimage","url":"https:\/\/noticiasemdestaque.com\/cd\/wp-content\/uploads\/2017\/09\/bolsa_familia.jpg","contentUrl":"https:\/\/noticiasemdestaque.com\/cd\/wp-content\/uploads\/2017\/09\/bolsa_familia.jpg","width":876,"height":585},{"@type":"BreadcrumbList","@id":"https:\/\/noticiasemdestaque.com\/cd\/?p=21246#breadcrumb","itemListElement":[{"@type":"ListItem","position":1,"name":"In\u00edcio","item":"https:\/\/noticiasemdestaque.com\/cd\/"},{"@type":"ListItem","position":2,"name":"Caixa come\u00e7a a pagar hoje d\u00e9cimo terceiro do Bolsa Fam\u00edlia"}]},{"@type":"WebSite","@id":"https:\/\/noticiasemdestaque.com\/cd\/#website","url":"https:\/\/noticiasemdestaque.com\/cd\/","name":"Not&iacute;cias em Destaque","description":"","publisher":{"@id":"https:\/\/noticiasemdestaque.com\/cd\/#organization"},"potentialAction":[{"@type":"SearchAction","target":{"@type":"EntryPoint","urlTemplate":"https:\/\/noticiasemdestaque.com\/cd\/?s={search_term_string}"},"query-input":{"@type":"PropertyValueSpecification","valueRequired":true,"valueName":"search_term_string"}}],"inLanguage":"pt-BR"},{"@type":"Organization","@id":"https:\/\/noticiasemdestaque.com\/cd\/#organization","name":"Not\u00edcias em Destaque","url":"https:\/\/noticiasemdestaque.com\/cd\/","logo":{"@type":"ImageObject","inLanguage":"pt-BR","@id":"https:\/\/noticiasemdestaque.com\/cd\/#\/schema\/logo\/image\/","url":"https:\/\/noticiasemdestaque.com\/cd\/wp-content\/uploads\/2022\/05\/imagem-base-noticiasemdestaque.png","contentUrl":"https:\/\/noticiasemdestaque.com\/cd\/wp-content\/uploads\/2022\/05\/imagem-base-noticiasemdestaque.png","width":1200,"height":630,"caption":"Not\u00edcias em Destaque"},"image":{"@id":"https:\/\/noticiasemdestaque.com\/cd\/#\/schema\/logo\/image\/"}},{"@type":"Person","@id":"https:\/\/noticiasemdestaque.com\/cd\/#\/schema\/person\/3e6ba396ff5664a69c392f09a8e1504c","name":"Not\u00edcias em Destaque","url":"https:\/\/noticiasemdestaque.com\/cd\/?author=2"}]}},"jetpack_featured_media_url":"https:\/\/noticiasemdestaque.com\/cd\/wp-content\/uploads\/2017\/09\/bolsa_familia.jpg","jetpack_sharing_enabled":true,"_links":{"self":[{"href":"https:\/\/noticiasemdestaque.com\/cd\/index.php?rest_route=\/wp\/v2\/posts\/21246","targetHints":{"allow":["GET"]}}],"collection":[{"href":"https:\/\/noticiasemdestaque.com\/cd\/index.php?rest_route=\/wp\/v2\/posts"}],"about":[{"href":"https:\/\/noticiasemdestaque.com\/cd\/index.php?rest_route=\/wp\/v2\/types\/post"}],"author":[{"embeddable":true,"href":"https:\/\/noticiasemdestaque.com\/cd\/index.php?rest_route=\/wp\/v2\/users\/2"}],"replies":[{"embeddable":true,"href":"https:\/\/noticiasemdestaque.com\/cd\/index.php?rest_route=%2Fwp%2Fv2%2Fcomments&post=21246"}],"version-history":[{"count":1,"href":"https:\/\/noticiasemdestaque.com\/cd\/index.php?rest_route=\/wp\/v2\/posts\/21246\/revisions"}],"predecessor-version":[{"id":21247,"href":"https:\/\/noticiasemdestaque.com\/cd\/index.php?rest_route=\/wp\/v2\/posts\/21246\/revisions\/21247"}],"wp:featuredmedia":[{"embeddable":true,"href":"https:\/\/noticiasemdestaque.com\/cd\/index.php?rest_route=\/wp\/v2\/media\/4627"}],"wp:attachment":[{"href":"https:\/\/noticiasemdestaque.com\/cd\/index.php?rest_route=%2Fwp%2Fv2%2Fmedia&parent=21246"}],"wp:term":[{"taxonomy":"category","embeddable":true,"href":"https:\/\/noticiasemdestaque.com\/cd\/index.php?rest_route=%2Fwp%2Fv2%2Fcategories&post=21246"},{"taxonomy":"post_tag","embeddable":true,"href":"https:\/\/noticiasemdestaque.com\/cd\/index.php?rest_route=%2Fwp%2Fv2%2Ftags&post=21246"}],"curies":[{"name":"wp","href":"https:\/\/api.w.org\/{rel}","templated":true}]}}