{"id":21231,"date":"2019-12-10T07:21:21","date_gmt":"2019-12-10T10:21:21","guid":{"rendered":"http:\/\/noticiasemdestaque.com\/cd\/?p=21231"},"modified":"2019-12-10T08:05:20","modified_gmt":"2019-12-10T11:05:20","slug":"vereador-macilon-rafael-apresenta-indicacao-para-extensao-de-rede-eletrica-para-cemiterio-do-distrito-de-sucuru-em-serra-branca","status":"publish","type":"post","link":"https:\/\/noticiasemdestaque.com\/cd\/?p=21231","title":{"rendered":"Vereador Macilon Rafael apresenta indica\u00e7\u00e3o para extens\u00e3o de rede el\u00e9trica para Cemit\u00e9rio do Distrito de Sucuru, em Serra Branca"},"content":{"rendered":"<p><a href=\"https:\/\/noticiasemdestaque.com\/cd\/wp-content\/uploads\/2019\/12\/marcilon-02.jpg\"><img fetchpriority=\"high\" decoding=\"async\" class=\"alignnone size-full wp-image-21255\" src=\"https:\/\/noticiasemdestaque.com\/cd\/wp-content\/uploads\/2019\/12\/marcilon-02.jpg\" alt=\"\" width=\"960\" height=\"640\" srcset=\"https:\/\/noticiasemdestaque.com\/cd\/wp-content\/uploads\/2019\/12\/marcilon-02.jpg 960w, https:\/\/noticiasemdestaque.com\/cd\/wp-content\/uploads\/2019\/12\/marcilon-02-300x200.jpg 300w, https:\/\/noticiasemdestaque.com\/cd\/wp-content\/uploads\/2019\/12\/marcilon-02-768x512.jpg 768w, https:\/\/noticiasemdestaque.com\/cd\/wp-content\/uploads\/2019\/12\/marcilon-02-480x320.jpg 480w\" sizes=\"(max-width: 960px) 100vw, 960px\" \/><\/a><\/p>\n<p>&nbsp;<\/p>\n<p>Por conta do cemit\u00e9rio p\u00fablico do Distrito de Sucuru, Munic\u00edpio de Serra Branca, ser distante em torno de um quilometro da \u00e1rea urbana, e por a maioria dos sepultamentos acontecerem j\u00e1 no final da tarde, onde local fica no escuro, pois, n\u00e3o tem postes; o Vereador Macilon Rafael apresentou indica\u00e7\u00e3o para tentar resolver o problema.<\/p>\n<p>A propositura \u00e9 destinada do Diretor\/Presidente da ENERGISA na Para\u00edba, Dr. Andr\u00e9 Theobald, que determine a equipe t\u00e9cnica realizar vistoria para consequente implanta\u00e7\u00e3o de extens\u00e3o de el\u00e9trica no j\u00e1 citado cemit\u00e9rio.<\/p>\n<p><strong>Not\u00edcias em Destaque<\/strong><\/p>\n","protected":false},"excerpt":{"rendered":"<p>&nbsp; Por conta do cemit\u00e9rio p\u00fablico do Distrito de Sucuru, Munic\u00edpio de Serra Branca, ser distante em torno de um quilometro da \u00e1rea urbana, e por a maioria dos sepultamentos acontecerem j\u00e1 no final da tarde, onde local fica no escuro, pois, n\u00e3o tem postes; o Vereador Macilon Rafael apresentou indica\u00e7\u00e3o para tentar resolver o problema. A propositura \u00e9 destinada do Diretor\/Presidente da ENERGISA na Para\u00edba, Dr. Andr\u00e9 Theobald, que determine a equipe t\u00e9cnica realizar vistoria para consequente implanta\u00e7\u00e3o de extens\u00e3o de el\u00e9trica no j\u00e1 citado cemit\u00e9rio. Not\u00edcias em Destaque<\/p>\n","protected":false},"author":2,"featured_media":21255,"comment_status":"closed","ping_status":"open","sticky":false,"template":"","format":"standard","meta":{"_eb_attr":"","_jetpack_memberships_contains_paid_content":false,"footnotes":""},"categories":[3],"tags":[],"class_list":["post-21231","post","type-post","status-publish","format-standard","has-post-thumbnail","hentry","category-cidades"],"yoast_head":"<!-- This site is optimized with the Yoast SEO plugin v26.5 - https:\/\/yoast.com\/wordpress\/plugins\/seo\/ -->\n<title>Vereador Macilon Rafael apresenta indica\u00e7\u00e3o para extens\u00e3o de rede el\u00e9trica para Cemit\u00e9rio do Distrito de Sucuru, em Serra Branca - Not&iacute;cias em Destaque<\/title>\n<meta name=\"robots\" content=\"index, follow, max-snippet:-1, max-image-preview:large, max-video-preview:-1\" \/>\n<link rel=\"canonical\" href=\"https:\/\/noticiasemdestaque.com\/cd\/?p=21231\" \/>\n<meta property=\"og:locale\" content=\"pt_BR\" \/>\n<meta property=\"og:type\" content=\"article\" \/>\n<meta property=\"og:title\" content=\"Vereador Macilon Rafael apresenta indica\u00e7\u00e3o para extens\u00e3o de rede el\u00e9trica para Cemit\u00e9rio do Distrito de Sucuru, em Serra Branca - Not&iacute;cias em Destaque\" \/>\n<meta property=\"og:description\" content=\"&nbsp; Por conta do cemit\u00e9rio p\u00fablico do Distrito de Sucuru, Munic\u00edpio de Serra Branca, ser distante em torno de um quilometro da \u00e1rea urbana, e por a maioria dos sepultamentos acontecerem j\u00e1 no final da tarde, onde local fica no escuro, pois, n\u00e3o tem postes; o Vereador Macilon Rafael apresentou indica\u00e7\u00e3o para tentar resolver o problema. A propositura \u00e9 destinada do Diretor\/Presidente da ENERGISA na Para\u00edba, Dr. Andr\u00e9 Theobald, que determine a equipe t\u00e9cnica realizar vistoria para consequente implanta\u00e7\u00e3o de extens\u00e3o de el\u00e9trica no j\u00e1 citado cemit\u00e9rio. Not\u00edcias em Destaque\" \/>\n<meta property=\"og:url\" content=\"https:\/\/noticiasemdestaque.com\/cd\/?p=21231\" \/>\n<meta property=\"og:site_name\" content=\"Not&iacute;cias em Destaque\" \/>\n<meta property=\"article:published_time\" content=\"2019-12-10T10:21:21+00:00\" \/>\n<meta property=\"article:modified_time\" content=\"2019-12-10T11:05:20+00:00\" \/>\n<meta property=\"og:image\" content=\"https:\/\/noticiasemdestaque.com\/cd\/wp-content\/uploads\/2019\/12\/marcilon-02.jpg\" \/>\n\t<meta property=\"og:image:width\" content=\"960\" \/>\n\t<meta property=\"og:image:height\" content=\"640\" \/>\n\t<meta property=\"og:image:type\" content=\"image\/jpeg\" \/>\n<meta name=\"author\" content=\"Not\u00edcias em Destaque\" \/>\n<meta name=\"twitter:card\" content=\"summary_large_image\" \/>\n<meta name=\"twitter:label1\" content=\"Escrito por\" \/>\n\t<meta name=\"twitter:data1\" content=\"Not\u00edcias em Destaque\" \/>\n\t<meta name=\"twitter:label2\" content=\"Est. tempo de leitura\" \/>\n\t<meta name=\"twitter:data2\" content=\"1 minuto\" \/>\n<script type=\"application\/ld+json\" class=\"yoast-schema-graph\">{\"@context\":\"https:\/\/schema.org\",\"@graph\":[{\"@type\":\"Article\",\"@id\":\"https:\/\/noticiasemdestaque.com\/cd\/?p=21231#article\",\"isPartOf\":{\"@id\":\"https:\/\/noticiasemdestaque.com\/cd\/?p=21231\"},\"author\":{\"name\":\"Not\u00edcias em Destaque\",\"@id\":\"https:\/\/noticiasemdestaque.com\/cd\/#\/schema\/person\/3e6ba396ff5664a69c392f09a8e1504c\"},\"headline\":\"Vereador Macilon Rafael apresenta indica\u00e7\u00e3o para extens\u00e3o de rede el\u00e9trica para Cemit\u00e9rio do Distrito de Sucuru, em Serra Branca\",\"datePublished\":\"2019-12-10T10:21:21+00:00\",\"dateModified\":\"2019-12-10T11:05:20+00:00\",\"mainEntityOfPage\":{\"@id\":\"https:\/\/noticiasemdestaque.com\/cd\/?p=21231\"},\"wordCount\":125,\"publisher\":{\"@id\":\"https:\/\/noticiasemdestaque.com\/cd\/#organization\"},\"image\":{\"@id\":\"https:\/\/noticiasemdestaque.com\/cd\/?p=21231#primaryimage\"},\"thumbnailUrl\":\"https:\/\/noticiasemdestaque.com\/cd\/wp-content\/uploads\/2019\/12\/marcilon-02.jpg\",\"articleSection\":[\"Cidades\"],\"inLanguage\":\"pt-BR\"},{\"@type\":\"WebPage\",\"@id\":\"https:\/\/noticiasemdestaque.com\/cd\/?p=21231\",\"url\":\"https:\/\/noticiasemdestaque.com\/cd\/?p=21231\",\"name\":\"Vereador Macilon Rafael apresenta indica\u00e7\u00e3o para extens\u00e3o de rede el\u00e9trica para Cemit\u00e9rio do Distrito de Sucuru, em Serra Branca - Not&iacute;cias em Destaque\",\"isPartOf\":{\"@id\":\"https:\/\/noticiasemdestaque.com\/cd\/#website\"},\"primaryImageOfPage\":{\"@id\":\"https:\/\/noticiasemdestaque.com\/cd\/?p=21231#primaryimage\"},\"image\":{\"@id\":\"https:\/\/noticiasemdestaque.com\/cd\/?p=21231#primaryimage\"},\"thumbnailUrl\":\"https:\/\/noticiasemdestaque.com\/cd\/wp-content\/uploads\/2019\/12\/marcilon-02.jpg\",\"datePublished\":\"2019-12-10T10:21:21+00:00\",\"dateModified\":\"2019-12-10T11:05:20+00:00\",\"breadcrumb\":{\"@id\":\"https:\/\/noticiasemdestaque.com\/cd\/?p=21231#breadcrumb\"},\"inLanguage\":\"pt-BR\",\"potentialAction\":[{\"@type\":\"ReadAction\",\"target\":[\"https:\/\/noticiasemdestaque.com\/cd\/?p=21231\"]}]},{\"@type\":\"ImageObject\",\"inLanguage\":\"pt-BR\",\"@id\":\"https:\/\/noticiasemdestaque.com\/cd\/?p=21231#primaryimage\",\"url\":\"https:\/\/noticiasemdestaque.com\/cd\/wp-content\/uploads\/2019\/12\/marcilon-02.jpg\",\"contentUrl\":\"https:\/\/noticiasemdestaque.com\/cd\/wp-content\/uploads\/2019\/12\/marcilon-02.jpg\",\"width\":960,\"height\":640},{\"@type\":\"BreadcrumbList\",\"@id\":\"https:\/\/noticiasemdestaque.com\/cd\/?p=21231#breadcrumb\",\"itemListElement\":[{\"@type\":\"ListItem\",\"position\":1,\"name\":\"In\u00edcio\",\"item\":\"https:\/\/noticiasemdestaque.com\/cd\/\"},{\"@type\":\"ListItem\",\"position\":2,\"name\":\"Vereador Macilon Rafael apresenta indica\u00e7\u00e3o para extens\u00e3o de rede el\u00e9trica para Cemit\u00e9rio do Distrito de Sucuru, em Serra Branca\"}]},{\"@type\":\"WebSite\",\"@id\":\"https:\/\/noticiasemdestaque.com\/cd\/#website\",\"url\":\"https:\/\/noticiasemdestaque.com\/cd\/\",\"name\":\"Not&iacute;cias em Destaque\",\"description\":\"\",\"publisher\":{\"@id\":\"https:\/\/noticiasemdestaque.com\/cd\/#organization\"},\"potentialAction\":[{\"@type\":\"SearchAction\",\"target\":{\"@type\":\"EntryPoint\",\"urlTemplate\":\"https:\/\/noticiasemdestaque.com\/cd\/?s={search_term_string}\"},\"query-input\":{\"@type\":\"PropertyValueSpecification\",\"valueRequired\":true,\"valueName\":\"search_term_string\"}}],\"inLanguage\":\"pt-BR\"},{\"@type\":\"Organization\",\"@id\":\"https:\/\/noticiasemdestaque.com\/cd\/#organization\",\"name\":\"Not\u00edcias em Destaque\",\"url\":\"https:\/\/noticiasemdestaque.com\/cd\/\",\"logo\":{\"@type\":\"ImageObject\",\"inLanguage\":\"pt-BR\",\"@id\":\"https:\/\/noticiasemdestaque.com\/cd\/#\/schema\/logo\/image\/\",\"url\":\"https:\/\/noticiasemdestaque.com\/cd\/wp-content\/uploads\/2022\/05\/imagem-base-noticiasemdestaque.png\",\"contentUrl\":\"https:\/\/noticiasemdestaque.com\/cd\/wp-content\/uploads\/2022\/05\/imagem-base-noticiasemdestaque.png\",\"width\":1200,\"height\":630,\"caption\":\"Not\u00edcias em Destaque\"},\"image\":{\"@id\":\"https:\/\/noticiasemdestaque.com\/cd\/#\/schema\/logo\/image\/\"}},{\"@type\":\"Person\",\"@id\":\"https:\/\/noticiasemdestaque.com\/cd\/#\/schema\/person\/3e6ba396ff5664a69c392f09a8e1504c\",\"name\":\"Not\u00edcias em Destaque\",\"url\":\"https:\/\/noticiasemdestaque.com\/cd\/?author=2\"}]}<\/script>\n<!-- \/ Yoast SEO plugin. -->","yoast_head_json":{"title":"Vereador Macilon Rafael apresenta indica\u00e7\u00e3o para extens\u00e3o de rede el\u00e9trica para Cemit\u00e9rio do Distrito de Sucuru, em Serra Branca - Not&iacute;cias em Destaque","robots":{"index":"index","follow":"follow","max-snippet":"max-snippet:-1","max-image-preview":"max-image-preview:large","max-video-preview":"max-video-preview:-1"},"canonical":"https:\/\/noticiasemdestaque.com\/cd\/?p=21231","og_locale":"pt_BR","og_type":"article","og_title":"Vereador Macilon Rafael apresenta indica\u00e7\u00e3o para extens\u00e3o de rede el\u00e9trica para Cemit\u00e9rio do Distrito de Sucuru, em Serra Branca - Not&iacute;cias em Destaque","og_description":"&nbsp; Por conta do cemit\u00e9rio p\u00fablico do Distrito de Sucuru, Munic\u00edpio de Serra Branca, ser distante em torno de um quilometro da \u00e1rea urbana, e por a maioria dos sepultamentos acontecerem j\u00e1 no final da tarde, onde local fica no escuro, pois, n\u00e3o tem postes; o Vereador Macilon Rafael apresentou indica\u00e7\u00e3o para tentar resolver o problema. A propositura \u00e9 destinada do Diretor\/Presidente da ENERGISA na Para\u00edba, Dr. Andr\u00e9 Theobald, que determine a equipe t\u00e9cnica realizar vistoria para consequente implanta\u00e7\u00e3o de extens\u00e3o de el\u00e9trica no j\u00e1 citado cemit\u00e9rio. Not\u00edcias em Destaque","og_url":"https:\/\/noticiasemdestaque.com\/cd\/?p=21231","og_site_name":"Not&iacute;cias em Destaque","article_published_time":"2019-12-10T10:21:21+00:00","article_modified_time":"2019-12-10T11:05:20+00:00","og_image":[{"width":960,"height":640,"url":"https:\/\/noticiasemdestaque.com\/cd\/wp-content\/uploads\/2019\/12\/marcilon-02.jpg","type":"image\/jpeg"}],"author":"Not\u00edcias em Destaque","twitter_card":"summary_large_image","twitter_misc":{"Escrito por":"Not\u00edcias em Destaque","Est. tempo de leitura":"1 minuto"},"schema":{"@context":"https:\/\/schema.org","@graph":[{"@type":"Article","@id":"https:\/\/noticiasemdestaque.com\/cd\/?p=21231#article","isPartOf":{"@id":"https:\/\/noticiasemdestaque.com\/cd\/?p=21231"},"author":{"name":"Not\u00edcias em Destaque","@id":"https:\/\/noticiasemdestaque.com\/cd\/#\/schema\/person\/3e6ba396ff5664a69c392f09a8e1504c"},"headline":"Vereador Macilon Rafael apresenta indica\u00e7\u00e3o para extens\u00e3o de rede el\u00e9trica para Cemit\u00e9rio do Distrito de Sucuru, em Serra Branca","datePublished":"2019-12-10T10:21:21+00:00","dateModified":"2019-12-10T11:05:20+00:00","mainEntityOfPage":{"@id":"https:\/\/noticiasemdestaque.com\/cd\/?p=21231"},"wordCount":125,"publisher":{"@id":"https:\/\/noticiasemdestaque.com\/cd\/#organization"},"image":{"@id":"https:\/\/noticiasemdestaque.com\/cd\/?p=21231#primaryimage"},"thumbnailUrl":"https:\/\/noticiasemdestaque.com\/cd\/wp-content\/uploads\/2019\/12\/marcilon-02.jpg","articleSection":["Cidades"],"inLanguage":"pt-BR"},{"@type":"WebPage","@id":"https:\/\/noticiasemdestaque.com\/cd\/?p=21231","url":"https:\/\/noticiasemdestaque.com\/cd\/?p=21231","name":"Vereador Macilon Rafael apresenta indica\u00e7\u00e3o para extens\u00e3o de rede el\u00e9trica para Cemit\u00e9rio do Distrito de Sucuru, em Serra Branca - Not&iacute;cias em Destaque","isPartOf":{"@id":"https:\/\/noticiasemdestaque.com\/cd\/#website"},"primaryImageOfPage":{"@id":"https:\/\/noticiasemdestaque.com\/cd\/?p=21231#primaryimage"},"image":{"@id":"https:\/\/noticiasemdestaque.com\/cd\/?p=21231#primaryimage"},"thumbnailUrl":"https:\/\/noticiasemdestaque.com\/cd\/wp-content\/uploads\/2019\/12\/marcilon-02.jpg","datePublished":"2019-12-10T10:21:21+00:00","dateModified":"2019-12-10T11:05:20+00:00","breadcrumb":{"@id":"https:\/\/noticiasemdestaque.com\/cd\/?p=21231#breadcrumb"},"inLanguage":"pt-BR","potentialAction":[{"@type":"ReadAction","target":["https:\/\/noticiasemdestaque.com\/cd\/?p=21231"]}]},{"@type":"ImageObject","inLanguage":"pt-BR","@id":"https:\/\/noticiasemdestaque.com\/cd\/?p=21231#primaryimage","url":"https:\/\/noticiasemdestaque.com\/cd\/wp-content\/uploads\/2019\/12\/marcilon-02.jpg","contentUrl":"https:\/\/noticiasemdestaque.com\/cd\/wp-content\/uploads\/2019\/12\/marcilon-02.jpg","width":960,"height":640},{"@type":"BreadcrumbList","@id":"https:\/\/noticiasemdestaque.com\/cd\/?p=21231#breadcrumb","itemListElement":[{"@type":"ListItem","position":1,"name":"In\u00edcio","item":"https:\/\/noticiasemdestaque.com\/cd\/"},{"@type":"ListItem","position":2,"name":"Vereador Macilon Rafael apresenta indica\u00e7\u00e3o para extens\u00e3o de rede el\u00e9trica para Cemit\u00e9rio do Distrito de Sucuru, em Serra Branca"}]},{"@type":"WebSite","@id":"https:\/\/noticiasemdestaque.com\/cd\/#website","url":"https:\/\/noticiasemdestaque.com\/cd\/","name":"Not&iacute;cias em Destaque","description":"","publisher":{"@id":"https:\/\/noticiasemdestaque.com\/cd\/#organization"},"potentialAction":[{"@type":"SearchAction","target":{"@type":"EntryPoint","urlTemplate":"https:\/\/noticiasemdestaque.com\/cd\/?s={search_term_string}"},"query-input":{"@type":"PropertyValueSpecification","valueRequired":true,"valueName":"search_term_string"}}],"inLanguage":"pt-BR"},{"@type":"Organization","@id":"https:\/\/noticiasemdestaque.com\/cd\/#organization","name":"Not\u00edcias em Destaque","url":"https:\/\/noticiasemdestaque.com\/cd\/","logo":{"@type":"ImageObject","inLanguage":"pt-BR","@id":"https:\/\/noticiasemdestaque.com\/cd\/#\/schema\/logo\/image\/","url":"https:\/\/noticiasemdestaque.com\/cd\/wp-content\/uploads\/2022\/05\/imagem-base-noticiasemdestaque.png","contentUrl":"https:\/\/noticiasemdestaque.com\/cd\/wp-content\/uploads\/2022\/05\/imagem-base-noticiasemdestaque.png","width":1200,"height":630,"caption":"Not\u00edcias em Destaque"},"image":{"@id":"https:\/\/noticiasemdestaque.com\/cd\/#\/schema\/logo\/image\/"}},{"@type":"Person","@id":"https:\/\/noticiasemdestaque.com\/cd\/#\/schema\/person\/3e6ba396ff5664a69c392f09a8e1504c","name":"Not\u00edcias em Destaque","url":"https:\/\/noticiasemdestaque.com\/cd\/?author=2"}]}},"jetpack_featured_media_url":"https:\/\/noticiasemdestaque.com\/cd\/wp-content\/uploads\/2019\/12\/marcilon-02.jpg","jetpack_sharing_enabled":true,"_links":{"self":[{"href":"https:\/\/noticiasemdestaque.com\/cd\/index.php?rest_route=\/wp\/v2\/posts\/21231","targetHints":{"allow":["GET"]}}],"collection":[{"href":"https:\/\/noticiasemdestaque.com\/cd\/index.php?rest_route=\/wp\/v2\/posts"}],"about":[{"href":"https:\/\/noticiasemdestaque.com\/cd\/index.php?rest_route=\/wp\/v2\/types\/post"}],"author":[{"embeddable":true,"href":"https:\/\/noticiasemdestaque.com\/cd\/index.php?rest_route=\/wp\/v2\/users\/2"}],"replies":[{"embeddable":true,"href":"https:\/\/noticiasemdestaque.com\/cd\/index.php?rest_route=%2Fwp%2Fv2%2Fcomments&post=21231"}],"version-history":[{"count":3,"href":"https:\/\/noticiasemdestaque.com\/cd\/index.php?rest_route=\/wp\/v2\/posts\/21231\/revisions"}],"predecessor-version":[{"id":21256,"href":"https:\/\/noticiasemdestaque.com\/cd\/index.php?rest_route=\/wp\/v2\/posts\/21231\/revisions\/21256"}],"wp:featuredmedia":[{"embeddable":true,"href":"https:\/\/noticiasemdestaque.com\/cd\/index.php?rest_route=\/wp\/v2\/media\/21255"}],"wp:attachment":[{"href":"https:\/\/noticiasemdestaque.com\/cd\/index.php?rest_route=%2Fwp%2Fv2%2Fmedia&parent=21231"}],"wp:term":[{"taxonomy":"category","embeddable":true,"href":"https:\/\/noticiasemdestaque.com\/cd\/index.php?rest_route=%2Fwp%2Fv2%2Fcategories&post=21231"},{"taxonomy":"post_tag","embeddable":true,"href":"https:\/\/noticiasemdestaque.com\/cd\/index.php?rest_route=%2Fwp%2Fv2%2Ftags&post=21231"}],"curies":[{"name":"wp","href":"https:\/\/api.w.org\/{rel}","templated":true}]}}