{"id":21193,"date":"2019-12-07T14:18:50","date_gmt":"2019-12-07T17:18:50","guid":{"rendered":"http:\/\/noticiasemdestaque.com\/cd\/?p=21193"},"modified":"2019-12-07T14:19:09","modified_gmt":"2019-12-07T17:19:09","slug":"fgts-saque-adicional-de-recursos-vai-beneficiar-101-milhoes-de-pessoas-com-r-26-bi-ate-o-natal","status":"publish","type":"post","link":"https:\/\/noticiasemdestaque.com\/cd\/?p=21193","title":{"rendered":"FGTS: saque adicional de recursos vai beneficiar 10,1 milh\u00f5es de pessoas com R$ 2,6 bi at\u00e9 o Natal"},"content":{"rendered":"<p><a href=\"https:\/\/noticiasemdestaque.com\/cd\/wp-content\/uploads\/2017\/09\/csm_Caixa_Caixa_000-850x567_37edfdfdc7.jpg\"><img fetchpriority=\"high\" decoding=\"async\" class=\"wp-image-4365 aligncenter\" src=\"https:\/\/noticiasemdestaque.com\/cd\/wp-content\/uploads\/2017\/09\/csm_Caixa_Caixa_000-850x567_37edfdfdc7.jpg\" alt=\"\" width=\"488\" height=\"326\" srcset=\"https:\/\/noticiasemdestaque.com\/cd\/wp-content\/uploads\/2017\/09\/csm_Caixa_Caixa_000-850x567_37edfdfdc7.jpg 620w, https:\/\/noticiasemdestaque.com\/cd\/wp-content\/uploads\/2017\/09\/csm_Caixa_Caixa_000-850x567_37edfdfdc7-300x200.jpg 300w, https:\/\/noticiasemdestaque.com\/cd\/wp-content\/uploads\/2017\/09\/csm_Caixa_Caixa_000-850x567_37edfdfdc7-480x320.jpg 480w\" sizes=\"(max-width: 488px) 100vw, 488px\" \/><\/a><\/p>\n<p>A Caixa Econ\u00f4mica Federal aguarda a san\u00e7\u00e3o da lei que autoriza os saques do FGTS para liberar at\u00e9 o Natal R$ 2,6 bilh\u00f5es para 10,1 milh\u00f5es de trabalhadores que ter\u00e3o direito a um saque adicional nas suas contas do fundo. O valor complementar se deve \u00e0 mudan\u00e7a que o Congresso fez no texto da medida provis\u00f3ria (MP), \u00a0que autorizou o saque.<\/p>\n<p>A proposta original fixou limite de R$ 500 \u00a0por conta e o \u00a0projeto aprovado pelo Congresso \u00a0permite a\u00a0<a href=\"https:\/\/oglobo.globo.com\/economia\/saque-do-fgts-passa-para-998-para-quem-tem-um-salario-minimo-nas-contas-24077395\" target=\"_blank\" rel=\"noopener noreferrer\">retirada de todo o saldo para quem tinha \u00a0at\u00e9 um sal\u00e1rio m\u00ednimo<\/a>\u00a0na conta (R$ 998) em 24 de julho, data da edi\u00e7\u00e3o da MP. \u00a0Segundo dados oficiais, 12,3 milh\u00f5es de contas ser\u00e3o beneficiadas.<\/p>\n<p>A Caixa j\u00e1 est\u00e1 preparada para fazer os pagamentos e aguarda a san\u00e7\u00e3o do projeto pelo presidente Jair Bolsonaro. Diferentemente do cronograma de saque em andamento, as retiradas poder\u00e3o ser feitas, de uma s\u00f3 vez, independentemente da data de nascimento do trabalhador, segundo fontes da equipe econ\u00f4mica. Tamb\u00e9m ser\u00e1 poss\u00edvel sacar os recursos nas ag\u00eancias lot\u00e9ricas. Quem tem conta poupan\u00e7a no banco ter\u00e1 o cr\u00e9dito autom\u00e1tico.<\/p>\n<p>A proposta aprovada pelo Congresso manteve o limite de R$ 500 para quem tinha saldo na conta vinculada superior a um sal\u00e1rio m\u00ednimo. O objetivo da mudan\u00e7a foi beneficiar os trabalhadores mais pobres.<\/p>\n<p>O projeto foi aprovado pelo Congresso em 12 de novembro, mas demorou 16 dias para ser enviado ao Pal\u00e1cio do Planalto. A expectativa \u00e9 que o presidente sancione a MP na pr\u00f3xima semana.<\/p>\n<p><em><strong>Not\u00edcias em Destaque<\/strong><\/em><\/p>\n<p>Com o Globo<\/p>\n","protected":false},"excerpt":{"rendered":"<p>A Caixa Econ\u00f4mica Federal aguarda a san\u00e7\u00e3o da lei que autoriza os saques do FGTS para liberar at\u00e9 o Natal R$ 2,6 bilh\u00f5es para 10,1 milh\u00f5es de trabalhadores que ter\u00e3o direito a um saque adicional nas suas contas do fundo. O valor complementar se deve \u00e0 mudan\u00e7a que o Congresso fez no texto da medida provis\u00f3ria (MP), \u00a0que autorizou o saque. A proposta original fixou limite de R$ 500 \u00a0por conta e o \u00a0projeto aprovado pelo Congresso \u00a0permite a\u00a0retirada de todo o saldo para quem tinha \u00a0at\u00e9 um sal\u00e1rio m\u00ednimo\u00a0na conta (R$ 998) em 24 de julho, data da edi\u00e7\u00e3o da MP. \u00a0Segundo dados oficiais, 12,3 milh\u00f5es de contas ser\u00e3o beneficiadas. A Caixa j\u00e1 est\u00e1 preparada para fazer os pagamentos e aguarda a san\u00e7\u00e3o do projeto pelo presidente Jair Bolsonaro. Diferentemente do cronograma de saque em andamento, as retiradas poder\u00e3o ser feitas, de uma s\u00f3 vez, independentemente da data de nascimento do trabalhador, segundo fontes da equipe econ\u00f4mica. Tamb\u00e9m ser\u00e1 poss\u00edvel sacar os recursos nas ag\u00eancias lot\u00e9ricas. Quem tem conta poupan\u00e7a no banco ter\u00e1 o cr\u00e9dito autom\u00e1tico. A proposta aprovada pelo Congresso manteve o limite de R$ 500 para quem tinha saldo na conta vinculada superior a um sal\u00e1rio m\u00ednimo. O objetivo da mudan\u00e7a foi beneficiar os trabalhadores mais pobres. O projeto foi aprovado pelo Congresso em 12 de novembro, mas demorou 16 dias para ser enviado ao Pal\u00e1cio do Planalto. A expectativa \u00e9 que o presidente sancione a MP na pr\u00f3xima semana. Not\u00edcias em Destaque Com o Globo<\/p>\n","protected":false},"author":2,"featured_media":10474,"comment_status":"closed","ping_status":"open","sticky":false,"template":"","format":"standard","meta":{"_eb_attr":"","_jetpack_memberships_contains_paid_content":false,"footnotes":""},"categories":[12],"tags":[],"class_list":["post-21193","post","type-post","status-publish","format-standard","has-post-thumbnail","hentry","category-geral"],"yoast_head":"<!-- This site is optimized with the Yoast SEO plugin v26.5 - https:\/\/yoast.com\/wordpress\/plugins\/seo\/ -->\n<title>FGTS: saque adicional de recursos vai beneficiar 10,1 milh\u00f5es de pessoas com R$ 2,6 bi at\u00e9 o Natal - Not&iacute;cias em Destaque<\/title>\n<meta name=\"robots\" content=\"index, follow, max-snippet:-1, max-image-preview:large, max-video-preview:-1\" \/>\n<link rel=\"canonical\" href=\"https:\/\/noticiasemdestaque.com\/cd\/?p=21193\" \/>\n<meta property=\"og:locale\" content=\"pt_BR\" \/>\n<meta property=\"og:type\" content=\"article\" \/>\n<meta property=\"og:title\" content=\"FGTS: saque adicional de recursos vai beneficiar 10,1 milh\u00f5es de pessoas com R$ 2,6 bi at\u00e9 o Natal - Not&iacute;cias em Destaque\" \/>\n<meta property=\"og:description\" content=\"A Caixa Econ\u00f4mica Federal aguarda a san\u00e7\u00e3o da lei que autoriza os saques do FGTS para liberar at\u00e9 o Natal R$ 2,6 bilh\u00f5es para 10,1 milh\u00f5es de trabalhadores que ter\u00e3o direito a um saque adicional nas suas contas do fundo. O valor complementar se deve \u00e0 mudan\u00e7a que o Congresso fez no texto da medida provis\u00f3ria (MP), \u00a0que autorizou o saque. A proposta original fixou limite de R$ 500 \u00a0por conta e o \u00a0projeto aprovado pelo Congresso \u00a0permite a\u00a0retirada de todo o saldo para quem tinha \u00a0at\u00e9 um sal\u00e1rio m\u00ednimo\u00a0na conta (R$ 998) em 24 de julho, data da edi\u00e7\u00e3o da MP. \u00a0Segundo dados oficiais, 12,3 milh\u00f5es de contas ser\u00e3o beneficiadas. A Caixa j\u00e1 est\u00e1 preparada para fazer os pagamentos e aguarda a san\u00e7\u00e3o do projeto pelo presidente Jair Bolsonaro. Diferentemente do cronograma de saque em andamento, as retiradas poder\u00e3o ser feitas, de uma s\u00f3 vez, independentemente da data de nascimento do trabalhador, segundo fontes da equipe econ\u00f4mica. Tamb\u00e9m ser\u00e1 poss\u00edvel sacar os recursos nas ag\u00eancias lot\u00e9ricas. Quem tem conta poupan\u00e7a no banco ter\u00e1 o cr\u00e9dito autom\u00e1tico. A proposta aprovada pelo Congresso manteve o limite de R$ 500 para quem tinha saldo na conta vinculada superior a um sal\u00e1rio m\u00ednimo. O objetivo da mudan\u00e7a foi beneficiar os trabalhadores mais pobres. O projeto foi aprovado pelo Congresso em 12 de novembro, mas demorou 16 dias para ser enviado ao Pal\u00e1cio do Planalto. A expectativa \u00e9 que o presidente sancione a MP na pr\u00f3xima semana. Not\u00edcias em Destaque Com o Globo\" \/>\n<meta property=\"og:url\" content=\"https:\/\/noticiasemdestaque.com\/cd\/?p=21193\" \/>\n<meta property=\"og:site_name\" content=\"Not&iacute;cias em Destaque\" \/>\n<meta property=\"article:published_time\" content=\"2019-12-07T17:18:50+00:00\" \/>\n<meta property=\"article:modified_time\" content=\"2019-12-07T17:19:09+00:00\" \/>\n<meta property=\"og:image\" content=\"https:\/\/noticiasemdestaque.com\/cd\/wp-content\/uploads\/2018\/06\/fgts.jpeg\" \/>\n\t<meta property=\"og:image:width\" content=\"580\" \/>\n\t<meta property=\"og:image:height\" content=\"388\" \/>\n\t<meta property=\"og:image:type\" content=\"image\/jpeg\" \/>\n<meta name=\"author\" content=\"Not\u00edcias em Destaque\" \/>\n<meta name=\"twitter:card\" content=\"summary_large_image\" \/>\n<meta name=\"twitter:label1\" content=\"Escrito por\" \/>\n\t<meta name=\"twitter:data1\" content=\"Not\u00edcias em Destaque\" \/>\n\t<meta name=\"twitter:label2\" content=\"Est. tempo de leitura\" \/>\n\t<meta name=\"twitter:data2\" content=\"1 minuto\" \/>\n<script type=\"application\/ld+json\" class=\"yoast-schema-graph\">{\"@context\":\"https:\/\/schema.org\",\"@graph\":[{\"@type\":\"Article\",\"@id\":\"https:\/\/noticiasemdestaque.com\/cd\/?p=21193#article\",\"isPartOf\":{\"@id\":\"https:\/\/noticiasemdestaque.com\/cd\/?p=21193\"},\"author\":{\"name\":\"Not\u00edcias em Destaque\",\"@id\":\"https:\/\/noticiasemdestaque.com\/cd\/#\/schema\/person\/3e6ba396ff5664a69c392f09a8e1504c\"},\"headline\":\"FGTS: saque adicional de recursos vai beneficiar 10,1 milh\u00f5es de pessoas com R$ 2,6 bi at\u00e9 o Natal\",\"datePublished\":\"2019-12-07T17:18:50+00:00\",\"dateModified\":\"2019-12-07T17:19:09+00:00\",\"mainEntityOfPage\":{\"@id\":\"https:\/\/noticiasemdestaque.com\/cd\/?p=21193\"},\"wordCount\":285,\"publisher\":{\"@id\":\"https:\/\/noticiasemdestaque.com\/cd\/#organization\"},\"image\":{\"@id\":\"https:\/\/noticiasemdestaque.com\/cd\/?p=21193#primaryimage\"},\"thumbnailUrl\":\"https:\/\/noticiasemdestaque.com\/cd\/wp-content\/uploads\/2018\/06\/fgts.jpeg\",\"articleSection\":[\"Geral\"],\"inLanguage\":\"pt-BR\"},{\"@type\":\"WebPage\",\"@id\":\"https:\/\/noticiasemdestaque.com\/cd\/?p=21193\",\"url\":\"https:\/\/noticiasemdestaque.com\/cd\/?p=21193\",\"name\":\"FGTS: saque adicional de recursos vai beneficiar 10,1 milh\u00f5es de pessoas com R$ 2,6 bi at\u00e9 o Natal - Not&iacute;cias em Destaque\",\"isPartOf\":{\"@id\":\"https:\/\/noticiasemdestaque.com\/cd\/#website\"},\"primaryImageOfPage\":{\"@id\":\"https:\/\/noticiasemdestaque.com\/cd\/?p=21193#primaryimage\"},\"image\":{\"@id\":\"https:\/\/noticiasemdestaque.com\/cd\/?p=21193#primaryimage\"},\"thumbnailUrl\":\"https:\/\/noticiasemdestaque.com\/cd\/wp-content\/uploads\/2018\/06\/fgts.jpeg\",\"datePublished\":\"2019-12-07T17:18:50+00:00\",\"dateModified\":\"2019-12-07T17:19:09+00:00\",\"breadcrumb\":{\"@id\":\"https:\/\/noticiasemdestaque.com\/cd\/?p=21193#breadcrumb\"},\"inLanguage\":\"pt-BR\",\"potentialAction\":[{\"@type\":\"ReadAction\",\"target\":[\"https:\/\/noticiasemdestaque.com\/cd\/?p=21193\"]}]},{\"@type\":\"ImageObject\",\"inLanguage\":\"pt-BR\",\"@id\":\"https:\/\/noticiasemdestaque.com\/cd\/?p=21193#primaryimage\",\"url\":\"https:\/\/noticiasemdestaque.com\/cd\/wp-content\/uploads\/2018\/06\/fgts.jpeg\",\"contentUrl\":\"https:\/\/noticiasemdestaque.com\/cd\/wp-content\/uploads\/2018\/06\/fgts.jpeg\",\"width\":580,\"height\":388},{\"@type\":\"BreadcrumbList\",\"@id\":\"https:\/\/noticiasemdestaque.com\/cd\/?p=21193#breadcrumb\",\"itemListElement\":[{\"@type\":\"ListItem\",\"position\":1,\"name\":\"In\u00edcio\",\"item\":\"https:\/\/noticiasemdestaque.com\/cd\/\"},{\"@type\":\"ListItem\",\"position\":2,\"name\":\"FGTS: saque adicional de recursos vai beneficiar 10,1 milh\u00f5es de pessoas com R$ 2,6 bi at\u00e9 o Natal\"}]},{\"@type\":\"WebSite\",\"@id\":\"https:\/\/noticiasemdestaque.com\/cd\/#website\",\"url\":\"https:\/\/noticiasemdestaque.com\/cd\/\",\"name\":\"Not&iacute;cias em Destaque\",\"description\":\"\",\"publisher\":{\"@id\":\"https:\/\/noticiasemdestaque.com\/cd\/#organization\"},\"potentialAction\":[{\"@type\":\"SearchAction\",\"target\":{\"@type\":\"EntryPoint\",\"urlTemplate\":\"https:\/\/noticiasemdestaque.com\/cd\/?s={search_term_string}\"},\"query-input\":{\"@type\":\"PropertyValueSpecification\",\"valueRequired\":true,\"valueName\":\"search_term_string\"}}],\"inLanguage\":\"pt-BR\"},{\"@type\":\"Organization\",\"@id\":\"https:\/\/noticiasemdestaque.com\/cd\/#organization\",\"name\":\"Not\u00edcias em Destaque\",\"url\":\"https:\/\/noticiasemdestaque.com\/cd\/\",\"logo\":{\"@type\":\"ImageObject\",\"inLanguage\":\"pt-BR\",\"@id\":\"https:\/\/noticiasemdestaque.com\/cd\/#\/schema\/logo\/image\/\",\"url\":\"https:\/\/noticiasemdestaque.com\/cd\/wp-content\/uploads\/2022\/05\/imagem-base-noticiasemdestaque.png\",\"contentUrl\":\"https:\/\/noticiasemdestaque.com\/cd\/wp-content\/uploads\/2022\/05\/imagem-base-noticiasemdestaque.png\",\"width\":1200,\"height\":630,\"caption\":\"Not\u00edcias em Destaque\"},\"image\":{\"@id\":\"https:\/\/noticiasemdestaque.com\/cd\/#\/schema\/logo\/image\/\"}},{\"@type\":\"Person\",\"@id\":\"https:\/\/noticiasemdestaque.com\/cd\/#\/schema\/person\/3e6ba396ff5664a69c392f09a8e1504c\",\"name\":\"Not\u00edcias em Destaque\",\"url\":\"https:\/\/noticiasemdestaque.com\/cd\/?author=2\"}]}<\/script>\n<!-- \/ Yoast SEO plugin. -->","yoast_head_json":{"title":"FGTS: saque adicional de recursos vai beneficiar 10,1 milh\u00f5es de pessoas com R$ 2,6 bi at\u00e9 o Natal - Not&iacute;cias em Destaque","robots":{"index":"index","follow":"follow","max-snippet":"max-snippet:-1","max-image-preview":"max-image-preview:large","max-video-preview":"max-video-preview:-1"},"canonical":"https:\/\/noticiasemdestaque.com\/cd\/?p=21193","og_locale":"pt_BR","og_type":"article","og_title":"FGTS: saque adicional de recursos vai beneficiar 10,1 milh\u00f5es de pessoas com R$ 2,6 bi at\u00e9 o Natal - Not&iacute;cias em Destaque","og_description":"A Caixa Econ\u00f4mica Federal aguarda a san\u00e7\u00e3o da lei que autoriza os saques do FGTS para liberar at\u00e9 o Natal R$ 2,6 bilh\u00f5es para 10,1 milh\u00f5es de trabalhadores que ter\u00e3o direito a um saque adicional nas suas contas do fundo. O valor complementar se deve \u00e0 mudan\u00e7a que o Congresso fez no texto da medida provis\u00f3ria (MP), \u00a0que autorizou o saque. A proposta original fixou limite de R$ 500 \u00a0por conta e o \u00a0projeto aprovado pelo Congresso \u00a0permite a\u00a0retirada de todo o saldo para quem tinha \u00a0at\u00e9 um sal\u00e1rio m\u00ednimo\u00a0na conta (R$ 998) em 24 de julho, data da edi\u00e7\u00e3o da MP. \u00a0Segundo dados oficiais, 12,3 milh\u00f5es de contas ser\u00e3o beneficiadas. A Caixa j\u00e1 est\u00e1 preparada para fazer os pagamentos e aguarda a san\u00e7\u00e3o do projeto pelo presidente Jair Bolsonaro. Diferentemente do cronograma de saque em andamento, as retiradas poder\u00e3o ser feitas, de uma s\u00f3 vez, independentemente da data de nascimento do trabalhador, segundo fontes da equipe econ\u00f4mica. Tamb\u00e9m ser\u00e1 poss\u00edvel sacar os recursos nas ag\u00eancias lot\u00e9ricas. Quem tem conta poupan\u00e7a no banco ter\u00e1 o cr\u00e9dito autom\u00e1tico. A proposta aprovada pelo Congresso manteve o limite de R$ 500 para quem tinha saldo na conta vinculada superior a um sal\u00e1rio m\u00ednimo. O objetivo da mudan\u00e7a foi beneficiar os trabalhadores mais pobres. O projeto foi aprovado pelo Congresso em 12 de novembro, mas demorou 16 dias para ser enviado ao Pal\u00e1cio do Planalto. A expectativa \u00e9 que o presidente sancione a MP na pr\u00f3xima semana. Not\u00edcias em Destaque Com o Globo","og_url":"https:\/\/noticiasemdestaque.com\/cd\/?p=21193","og_site_name":"Not&iacute;cias em Destaque","article_published_time":"2019-12-07T17:18:50+00:00","article_modified_time":"2019-12-07T17:19:09+00:00","og_image":[{"width":580,"height":388,"url":"https:\/\/noticiasemdestaque.com\/cd\/wp-content\/uploads\/2018\/06\/fgts.jpeg","type":"image\/jpeg"}],"author":"Not\u00edcias em Destaque","twitter_card":"summary_large_image","twitter_misc":{"Escrito por":"Not\u00edcias em Destaque","Est. tempo de leitura":"1 minuto"},"schema":{"@context":"https:\/\/schema.org","@graph":[{"@type":"Article","@id":"https:\/\/noticiasemdestaque.com\/cd\/?p=21193#article","isPartOf":{"@id":"https:\/\/noticiasemdestaque.com\/cd\/?p=21193"},"author":{"name":"Not\u00edcias em Destaque","@id":"https:\/\/noticiasemdestaque.com\/cd\/#\/schema\/person\/3e6ba396ff5664a69c392f09a8e1504c"},"headline":"FGTS: saque adicional de recursos vai beneficiar 10,1 milh\u00f5es de pessoas com R$ 2,6 bi at\u00e9 o Natal","datePublished":"2019-12-07T17:18:50+00:00","dateModified":"2019-12-07T17:19:09+00:00","mainEntityOfPage":{"@id":"https:\/\/noticiasemdestaque.com\/cd\/?p=21193"},"wordCount":285,"publisher":{"@id":"https:\/\/noticiasemdestaque.com\/cd\/#organization"},"image":{"@id":"https:\/\/noticiasemdestaque.com\/cd\/?p=21193#primaryimage"},"thumbnailUrl":"https:\/\/noticiasemdestaque.com\/cd\/wp-content\/uploads\/2018\/06\/fgts.jpeg","articleSection":["Geral"],"inLanguage":"pt-BR"},{"@type":"WebPage","@id":"https:\/\/noticiasemdestaque.com\/cd\/?p=21193","url":"https:\/\/noticiasemdestaque.com\/cd\/?p=21193","name":"FGTS: saque adicional de recursos vai beneficiar 10,1 milh\u00f5es de pessoas com R$ 2,6 bi at\u00e9 o Natal - Not&iacute;cias em Destaque","isPartOf":{"@id":"https:\/\/noticiasemdestaque.com\/cd\/#website"},"primaryImageOfPage":{"@id":"https:\/\/noticiasemdestaque.com\/cd\/?p=21193#primaryimage"},"image":{"@id":"https:\/\/noticiasemdestaque.com\/cd\/?p=21193#primaryimage"},"thumbnailUrl":"https:\/\/noticiasemdestaque.com\/cd\/wp-content\/uploads\/2018\/06\/fgts.jpeg","datePublished":"2019-12-07T17:18:50+00:00","dateModified":"2019-12-07T17:19:09+00:00","breadcrumb":{"@id":"https:\/\/noticiasemdestaque.com\/cd\/?p=21193#breadcrumb"},"inLanguage":"pt-BR","potentialAction":[{"@type":"ReadAction","target":["https:\/\/noticiasemdestaque.com\/cd\/?p=21193"]}]},{"@type":"ImageObject","inLanguage":"pt-BR","@id":"https:\/\/noticiasemdestaque.com\/cd\/?p=21193#primaryimage","url":"https:\/\/noticiasemdestaque.com\/cd\/wp-content\/uploads\/2018\/06\/fgts.jpeg","contentUrl":"https:\/\/noticiasemdestaque.com\/cd\/wp-content\/uploads\/2018\/06\/fgts.jpeg","width":580,"height":388},{"@type":"BreadcrumbList","@id":"https:\/\/noticiasemdestaque.com\/cd\/?p=21193#breadcrumb","itemListElement":[{"@type":"ListItem","position":1,"name":"In\u00edcio","item":"https:\/\/noticiasemdestaque.com\/cd\/"},{"@type":"ListItem","position":2,"name":"FGTS: saque adicional de recursos vai beneficiar 10,1 milh\u00f5es de pessoas com R$ 2,6 bi at\u00e9 o Natal"}]},{"@type":"WebSite","@id":"https:\/\/noticiasemdestaque.com\/cd\/#website","url":"https:\/\/noticiasemdestaque.com\/cd\/","name":"Not&iacute;cias em Destaque","description":"","publisher":{"@id":"https:\/\/noticiasemdestaque.com\/cd\/#organization"},"potentialAction":[{"@type":"SearchAction","target":{"@type":"EntryPoint","urlTemplate":"https:\/\/noticiasemdestaque.com\/cd\/?s={search_term_string}"},"query-input":{"@type":"PropertyValueSpecification","valueRequired":true,"valueName":"search_term_string"}}],"inLanguage":"pt-BR"},{"@type":"Organization","@id":"https:\/\/noticiasemdestaque.com\/cd\/#organization","name":"Not\u00edcias em Destaque","url":"https:\/\/noticiasemdestaque.com\/cd\/","logo":{"@type":"ImageObject","inLanguage":"pt-BR","@id":"https:\/\/noticiasemdestaque.com\/cd\/#\/schema\/logo\/image\/","url":"https:\/\/noticiasemdestaque.com\/cd\/wp-content\/uploads\/2022\/05\/imagem-base-noticiasemdestaque.png","contentUrl":"https:\/\/noticiasemdestaque.com\/cd\/wp-content\/uploads\/2022\/05\/imagem-base-noticiasemdestaque.png","width":1200,"height":630,"caption":"Not\u00edcias em Destaque"},"image":{"@id":"https:\/\/noticiasemdestaque.com\/cd\/#\/schema\/logo\/image\/"}},{"@type":"Person","@id":"https:\/\/noticiasemdestaque.com\/cd\/#\/schema\/person\/3e6ba396ff5664a69c392f09a8e1504c","name":"Not\u00edcias em Destaque","url":"https:\/\/noticiasemdestaque.com\/cd\/?author=2"}]}},"jetpack_featured_media_url":"https:\/\/noticiasemdestaque.com\/cd\/wp-content\/uploads\/2018\/06\/fgts.jpeg","jetpack_sharing_enabled":true,"_links":{"self":[{"href":"https:\/\/noticiasemdestaque.com\/cd\/index.php?rest_route=\/wp\/v2\/posts\/21193","targetHints":{"allow":["GET"]}}],"collection":[{"href":"https:\/\/noticiasemdestaque.com\/cd\/index.php?rest_route=\/wp\/v2\/posts"}],"about":[{"href":"https:\/\/noticiasemdestaque.com\/cd\/index.php?rest_route=\/wp\/v2\/types\/post"}],"author":[{"embeddable":true,"href":"https:\/\/noticiasemdestaque.com\/cd\/index.php?rest_route=\/wp\/v2\/users\/2"}],"replies":[{"embeddable":true,"href":"https:\/\/noticiasemdestaque.com\/cd\/index.php?rest_route=%2Fwp%2Fv2%2Fcomments&post=21193"}],"version-history":[{"count":1,"href":"https:\/\/noticiasemdestaque.com\/cd\/index.php?rest_route=\/wp\/v2\/posts\/21193\/revisions"}],"predecessor-version":[{"id":21194,"href":"https:\/\/noticiasemdestaque.com\/cd\/index.php?rest_route=\/wp\/v2\/posts\/21193\/revisions\/21194"}],"wp:featuredmedia":[{"embeddable":true,"href":"https:\/\/noticiasemdestaque.com\/cd\/index.php?rest_route=\/wp\/v2\/media\/10474"}],"wp:attachment":[{"href":"https:\/\/noticiasemdestaque.com\/cd\/index.php?rest_route=%2Fwp%2Fv2%2Fmedia&parent=21193"}],"wp:term":[{"taxonomy":"category","embeddable":true,"href":"https:\/\/noticiasemdestaque.com\/cd\/index.php?rest_route=%2Fwp%2Fv2%2Fcategories&post=21193"},{"taxonomy":"post_tag","embeddable":true,"href":"https:\/\/noticiasemdestaque.com\/cd\/index.php?rest_route=%2Fwp%2Fv2%2Ftags&post=21193"}],"curies":[{"name":"wp","href":"https:\/\/api.w.org\/{rel}","templated":true}]}}