{"id":21076,"date":"2019-12-03T07:46:45","date_gmt":"2019-12-03T10:46:45","guid":{"rendered":"http:\/\/noticiasemdestaque.com\/cd\/?p=21076"},"modified":"2019-12-03T07:46:45","modified_gmt":"2019-12-03T10:46:45","slug":"lula-recorre-ao-supremo-contra-condenacao-do-trf-4-no-caso-do-sitio","status":"publish","type":"post","link":"https:\/\/noticiasemdestaque.com\/cd\/?p=21076","title":{"rendered":"Lula recorre ao Supremo contra condena\u00e7\u00e3o do TRF-4 no caso do s\u00edtio"},"content":{"rendered":"<p><a href=\"https:\/\/noticiasemdestaque.com\/cd\/wp-content\/uploads\/2017\/11\/lula.png\"><img fetchpriority=\"high\" decoding=\"async\" class=\"size-full wp-image-6161 aligncenter\" src=\"https:\/\/noticiasemdestaque.com\/cd\/wp-content\/uploads\/2017\/11\/lula.png\" alt=\"\" width=\"470\" height=\"256\" srcset=\"https:\/\/noticiasemdestaque.com\/cd\/wp-content\/uploads\/2017\/11\/lula.png 470w, https:\/\/noticiasemdestaque.com\/cd\/wp-content\/uploads\/2017\/11\/lula-300x163.png 300w\" sizes=\"(max-width: 470px) 100vw, 470px\" \/><\/a><\/p>\n<p>A defesa do ex-presidente Luiz In\u00e1cio Lula da Silva (PT) pediu nesta segunda-feira, 2, ao Supremo Tribunal Federal (STF) a anula\u00e7\u00e3o do julgamento que levou \u00e0 condena\u00e7\u00e3o de 17 anos e um m\u00eas de pris\u00e3o imposta pelo Tribunal Regional Federal (TRF-4), o Tribunal da Lava Jato, no caso do s\u00edtio de Atibaia. A senten\u00e7a foi a mais pesada contra o petista, acusado de corrup\u00e7\u00e3o passiva e lavagem de dinheiro.<\/p>\n<p>O advogado Cristiano Zanin, que defende Lula, classificou como \u201cconstrangimento ilegal\u201d a decis\u00e3o do tribunal, que elevou a pena do petista antes prevista em 12 anos e 11 meses de reclus\u00e3o. O defensor do ex-presidente afirma que, se o Supremo negar seguimento ao pedido, estaria cometendo uma \u201cgrave ilegalidade\u201d.<\/p>\n<p>\u201cEm um Estado Democr\u00e1tico de Direito, n\u00e3o pode um constrangimento ilegal contra a liberdade de um cidad\u00e3o deixar de ser sanado pelo Poder Judici\u00e1rio por obst\u00e1culo de regra procedimental. Ali\u00e1s, muito pelo contr\u00e1rio, como j\u00e1 exposto acima, a possibilidade de imediato afastamento de constrangimento ilegal em Habeas Corpus \u00e9 previsto tanto em lei, como no Regimento Interno desta Excelsa Corte.\u201d<\/p>\n<p>A defesa alega que o desembargador Jo\u00e3o Pedro Gebran Neto, relator da Lava Jato no TRF-4, julgou o m\u00e9rito do processo enquanto haviam recursos que mereciam an\u00e1lise, em uma \u201cinvers\u00e3o tumultu\u00e1ria do processo\u201d. Zanin se refere a uma peti\u00e7\u00e3o avaliada em 30 de outubro relacionadas a troca de mensagens atribu\u00eddas aos procuradores da Lava Jato em Curitiba e o ex-juiz Sergio Moro. O pedido foi rejeitado, mas o prazo para recurso, segundo a defesa, iria at\u00e9 o dia 03 de dezembro.<\/p>\n<p>\u201cConsiderando que as referidas mensagens refor\u00e7am a suspei\u00e7\u00e3o tanto dos procuradores da Lava Jato, quanto do ex-Juiz S\u00e9rgio Moro, que instruiu quase a totalidade da a\u00e7\u00e3o penal que deu origem \u00e0 referida apela\u00e7\u00e3o \u2013 quest\u00e3o essa que foi arguida nas raz\u00f5es recursais, e tem potencial para anular todo o processo -, resta evidente que a suspei\u00e7\u00e3o e as demais quest\u00f5es prejudiciais de m\u00e9rito n\u00e3o poderiam ter sido analisadas antes do esgotamento dos recursos cab\u00edveis sobre essa mat\u00e9ria\u201d, argumenta Zanin.<\/p>\n<p>S\u00edtio de Atibaia<\/p>\n<p>Por unanimidade, o TRF-4 condenou Lula a 17 anos e um m\u00eas de pris\u00e3o na a\u00e7\u00e3o penal sobre o s\u00edtio de Atibaia, em S\u00e3o Paulo. O petista \u00e9 acusado de corrup\u00e7\u00e3o passiva e lavagem de dinheiro em obras e reformas avaliadas em R$ 1 milh\u00e3o no im\u00f3vel, que est\u00e1 em nome de Fernando Bittar, filho do amigo de Lula e ex-prefeito de Campinas, Jac\u00f3 Bittar.<\/p>\n<p>A Lava Jato apontou que o s\u00edtio passou por tr\u00eas reformas: uma sob comando do pecuarista Jos\u00e9 Carlos Bumlai, no valor de R$ 150 mil, outra da Odebrecht, de R$ 700 mil, e uma terceira reforma na cozinha, pela OAS, de R$ 170 mil. Total de R$ 1,02 milh\u00e3o gastos pelos acusados. Os pagamentos tiveram rela\u00e7\u00e3o com neg\u00f3cios na Petrobras e os caixas de propinas acertados entre as empreiteiras e o PT.<\/p>\n<p>\u201cA responsabilidade do ex-presidente Lula \u00e9 bastante elevada. Ocupava o grau de m\u00e1ximo dirigente da na\u00e7\u00e3o brasileira\u201d, registrou o desembargador Gebran Neto, relator da Lava Jato, em seu voto. \u201cHavia a expectativa que se comportasse em conformidade com o Direito e que coibisse ilicitudes. Ao rev\u00e9s disso, o que se verifica, nesses casos, \u00e9 uma participa\u00e7\u00e3o e uma responsabiliza\u00e7\u00e3o pela pratica dos diversos atos de corrup\u00e7\u00e3o.\u201d<\/p>\n<p>Sua posi\u00e7\u00e3o foi acompanhada pelos desembargadores Leandro Paulsen e Carlos Eduardo Thompson Flores, da 8\u00aa Turma.<\/p>\n","protected":false},"excerpt":{"rendered":"<p>A defesa do ex-presidente Luiz In\u00e1cio Lula da Silva (PT) pediu nesta segunda-feira, 2, ao Supremo Tribunal Federal (STF) a anula\u00e7\u00e3o do julgamento que levou \u00e0 condena\u00e7\u00e3o de 17 anos e um m\u00eas de pris\u00e3o imposta pelo Tribunal Regional Federal (TRF-4), o Tribunal da Lava Jato, no caso do s\u00edtio de Atibaia. A senten\u00e7a foi a mais pesada contra o petista, acusado de corrup\u00e7\u00e3o passiva e lavagem de dinheiro. O advogado Cristiano Zanin, que defende Lula, classificou como \u201cconstrangimento ilegal\u201d a decis\u00e3o do tribunal, que elevou a pena do petista antes prevista em 12 anos e 11 meses de reclus\u00e3o. O defensor do ex-presidente afirma que, se o Supremo negar seguimento ao pedido, estaria cometendo uma \u201cgrave ilegalidade\u201d. \u201cEm um Estado Democr\u00e1tico de Direito, n\u00e3o pode um constrangimento ilegal contra a liberdade de um cidad\u00e3o deixar de ser sanado pelo Poder Judici\u00e1rio por obst\u00e1culo de regra procedimental. Ali\u00e1s, muito pelo contr\u00e1rio, como j\u00e1 exposto acima, a possibilidade de imediato afastamento de constrangimento ilegal em Habeas Corpus \u00e9 previsto tanto em lei, como no Regimento Interno desta Excelsa Corte.\u201d A defesa alega que o desembargador Jo\u00e3o Pedro Gebran Neto, relator da Lava Jato no TRF-4, julgou o m\u00e9rito do processo enquanto haviam recursos que mereciam an\u00e1lise, em uma \u201cinvers\u00e3o tumultu\u00e1ria do processo\u201d. Zanin se refere a uma peti\u00e7\u00e3o avaliada em 30 de outubro relacionadas a troca de mensagens atribu\u00eddas aos procuradores da Lava Jato em Curitiba e o ex-juiz Sergio Moro. O pedido foi rejeitado, mas o prazo para recurso, segundo a defesa, iria at\u00e9 o dia 03 de dezembro. \u201cConsiderando que as referidas mensagens refor\u00e7am a suspei\u00e7\u00e3o tanto dos procuradores da Lava Jato, quanto do ex-Juiz S\u00e9rgio Moro, que instruiu quase a totalidade da a\u00e7\u00e3o penal que deu origem \u00e0 referida apela\u00e7\u00e3o \u2013 quest\u00e3o essa que foi arguida nas raz\u00f5es recursais, e tem potencial para anular todo o processo -, resta evidente que a suspei\u00e7\u00e3o e as demais quest\u00f5es prejudiciais de m\u00e9rito n\u00e3o poderiam ter sido analisadas antes do esgotamento dos recursos cab\u00edveis sobre essa mat\u00e9ria\u201d, argumenta Zanin. S\u00edtio de Atibaia Por unanimidade, o TRF-4 condenou Lula a 17 anos e um m\u00eas de pris\u00e3o na a\u00e7\u00e3o penal sobre o s\u00edtio de Atibaia, em S\u00e3o Paulo. O petista \u00e9 acusado de corrup\u00e7\u00e3o passiva e lavagem de dinheiro em obras e reformas avaliadas em R$ 1 milh\u00e3o no im\u00f3vel, que est\u00e1 em nome de Fernando Bittar, filho do amigo de Lula e ex-prefeito de Campinas, Jac\u00f3 Bittar. A Lava Jato apontou que o s\u00edtio passou por tr\u00eas reformas: uma sob comando do pecuarista Jos\u00e9 Carlos Bumlai, no valor de R$ 150 mil, outra da Odebrecht, de R$ 700 mil, e uma terceira reforma na cozinha, pela OAS, de R$ 170 mil. Total de R$ 1,02 milh\u00e3o gastos pelos acusados. Os pagamentos tiveram rela\u00e7\u00e3o com neg\u00f3cios na Petrobras e os caixas de propinas acertados entre as empreiteiras e o PT. \u201cA responsabilidade do ex-presidente Lula \u00e9 bastante elevada. Ocupava o grau de m\u00e1ximo dirigente da na\u00e7\u00e3o brasileira\u201d, registrou o desembargador Gebran Neto, relator da Lava Jato, em seu voto. \u201cHavia a expectativa que se comportasse em conformidade com o Direito e que coibisse ilicitudes. Ao rev\u00e9s disso, o que se verifica, nesses casos, \u00e9 uma participa\u00e7\u00e3o e uma responsabiliza\u00e7\u00e3o pela pratica dos diversos atos de corrup\u00e7\u00e3o.\u201d Sua posi\u00e7\u00e3o foi acompanhada pelos desembargadores Leandro Paulsen e Carlos Eduardo Thompson Flores, da 8\u00aa Turma.<\/p>\n","protected":false},"author":2,"featured_media":9057,"comment_status":"closed","ping_status":"open","sticky":false,"template":"","format":"standard","meta":{"_eb_attr":"","_jetpack_memberships_contains_paid_content":false,"footnotes":""},"categories":[4],"tags":[],"class_list":["post-21076","post","type-post","status-publish","format-standard","has-post-thumbnail","hentry","category-politica"],"yoast_head":"<!-- This site is optimized with the Yoast SEO plugin v26.5 - https:\/\/yoast.com\/wordpress\/plugins\/seo\/ -->\n<title>Lula recorre ao Supremo contra condena\u00e7\u00e3o do TRF-4 no caso do s\u00edtio - Not&iacute;cias em Destaque<\/title>\n<meta name=\"robots\" content=\"index, follow, max-snippet:-1, max-image-preview:large, max-video-preview:-1\" \/>\n<link rel=\"canonical\" href=\"https:\/\/noticiasemdestaque.com\/cd\/?p=21076\" \/>\n<meta property=\"og:locale\" content=\"pt_BR\" \/>\n<meta property=\"og:type\" content=\"article\" \/>\n<meta property=\"og:title\" content=\"Lula recorre ao Supremo contra condena\u00e7\u00e3o do TRF-4 no caso do s\u00edtio - Not&iacute;cias em Destaque\" \/>\n<meta property=\"og:description\" content=\"A defesa do ex-presidente Luiz In\u00e1cio Lula da Silva (PT) pediu nesta segunda-feira, 2, ao Supremo Tribunal Federal (STF) a anula\u00e7\u00e3o do julgamento que levou \u00e0 condena\u00e7\u00e3o de 17 anos e um m\u00eas de pris\u00e3o imposta pelo Tribunal Regional Federal (TRF-4), o Tribunal da Lava Jato, no caso do s\u00edtio de Atibaia. A senten\u00e7a foi a mais pesada contra o petista, acusado de corrup\u00e7\u00e3o passiva e lavagem de dinheiro. O advogado Cristiano Zanin, que defende Lula, classificou como \u201cconstrangimento ilegal\u201d a decis\u00e3o do tribunal, que elevou a pena do petista antes prevista em 12 anos e 11 meses de reclus\u00e3o. O defensor do ex-presidente afirma que, se o Supremo negar seguimento ao pedido, estaria cometendo uma \u201cgrave ilegalidade\u201d. \u201cEm um Estado Democr\u00e1tico de Direito, n\u00e3o pode um constrangimento ilegal contra a liberdade de um cidad\u00e3o deixar de ser sanado pelo Poder Judici\u00e1rio por obst\u00e1culo de regra procedimental. Ali\u00e1s, muito pelo contr\u00e1rio, como j\u00e1 exposto acima, a possibilidade de imediato afastamento de constrangimento ilegal em Habeas Corpus \u00e9 previsto tanto em lei, como no Regimento Interno desta Excelsa Corte.\u201d A defesa alega que o desembargador Jo\u00e3o Pedro Gebran Neto, relator da Lava Jato no TRF-4, julgou o m\u00e9rito do processo enquanto haviam recursos que mereciam an\u00e1lise, em uma \u201cinvers\u00e3o tumultu\u00e1ria do processo\u201d. Zanin se refere a uma peti\u00e7\u00e3o avaliada em 30 de outubro relacionadas a troca de mensagens atribu\u00eddas aos procuradores da Lava Jato em Curitiba e o ex-juiz Sergio Moro. O pedido foi rejeitado, mas o prazo para recurso, segundo a defesa, iria at\u00e9 o dia 03 de dezembro. \u201cConsiderando que as referidas mensagens refor\u00e7am a suspei\u00e7\u00e3o tanto dos procuradores da Lava Jato, quanto do ex-Juiz S\u00e9rgio Moro, que instruiu quase a totalidade da a\u00e7\u00e3o penal que deu origem \u00e0 referida apela\u00e7\u00e3o \u2013 quest\u00e3o essa que foi arguida nas raz\u00f5es recursais, e tem potencial para anular todo o processo -, resta evidente que a suspei\u00e7\u00e3o e as demais quest\u00f5es prejudiciais de m\u00e9rito n\u00e3o poderiam ter sido analisadas antes do esgotamento dos recursos cab\u00edveis sobre essa mat\u00e9ria\u201d, argumenta Zanin. S\u00edtio de Atibaia Por unanimidade, o TRF-4 condenou Lula a 17 anos e um m\u00eas de pris\u00e3o na a\u00e7\u00e3o penal sobre o s\u00edtio de Atibaia, em S\u00e3o Paulo. O petista \u00e9 acusado de corrup\u00e7\u00e3o passiva e lavagem de dinheiro em obras e reformas avaliadas em R$ 1 milh\u00e3o no im\u00f3vel, que est\u00e1 em nome de Fernando Bittar, filho do amigo de Lula e ex-prefeito de Campinas, Jac\u00f3 Bittar. A Lava Jato apontou que o s\u00edtio passou por tr\u00eas reformas: uma sob comando do pecuarista Jos\u00e9 Carlos Bumlai, no valor de R$ 150 mil, outra da Odebrecht, de R$ 700 mil, e uma terceira reforma na cozinha, pela OAS, de R$ 170 mil. Total de R$ 1,02 milh\u00e3o gastos pelos acusados. Os pagamentos tiveram rela\u00e7\u00e3o com neg\u00f3cios na Petrobras e os caixas de propinas acertados entre as empreiteiras e o PT. \u201cA responsabilidade do ex-presidente Lula \u00e9 bastante elevada. Ocupava o grau de m\u00e1ximo dirigente da na\u00e7\u00e3o brasileira\u201d, registrou o desembargador Gebran Neto, relator da Lava Jato, em seu voto. \u201cHavia a expectativa que se comportasse em conformidade com o Direito e que coibisse ilicitudes. Ao rev\u00e9s disso, o que se verifica, nesses casos, \u00e9 uma participa\u00e7\u00e3o e uma responsabiliza\u00e7\u00e3o pela pratica dos diversos atos de corrup\u00e7\u00e3o.\u201d Sua posi\u00e7\u00e3o foi acompanhada pelos desembargadores Leandro Paulsen e Carlos Eduardo Thompson Flores, da 8\u00aa Turma.\" \/>\n<meta property=\"og:url\" content=\"https:\/\/noticiasemdestaque.com\/cd\/?p=21076\" \/>\n<meta property=\"og:site_name\" content=\"Not&iacute;cias em Destaque\" \/>\n<meta property=\"article:published_time\" content=\"2019-12-03T10:46:45+00:00\" \/>\n<meta property=\"og:image\" content=\"https:\/\/noticiasemdestaque.com\/cd\/wp-content\/uploads\/2018\/04\/7abr2018-o-ex-presidente-luiz-inacio-lula-da-silva-discursa-para-a-militancia-em-frente-ao-sindicato-dos-metalurgicos-do-abc-em-sao-bernardo-grande-sao-paulo-1523115758878_615x300.jpg\" \/>\n\t<meta property=\"og:image:width\" content=\"615\" \/>\n\t<meta property=\"og:image:height\" content=\"300\" \/>\n\t<meta property=\"og:image:type\" content=\"image\/jpeg\" \/>\n<meta name=\"author\" content=\"Not\u00edcias em Destaque\" \/>\n<meta name=\"twitter:card\" content=\"summary_large_image\" \/>\n<meta name=\"twitter:label1\" content=\"Escrito por\" \/>\n\t<meta name=\"twitter:data1\" content=\"Not\u00edcias em Destaque\" \/>\n\t<meta name=\"twitter:label2\" content=\"Est. tempo de leitura\" \/>\n\t<meta name=\"twitter:data2\" content=\"3 minutos\" \/>\n<script type=\"application\/ld+json\" class=\"yoast-schema-graph\">{\"@context\":\"https:\/\/schema.org\",\"@graph\":[{\"@type\":\"Article\",\"@id\":\"https:\/\/noticiasemdestaque.com\/cd\/?p=21076#article\",\"isPartOf\":{\"@id\":\"https:\/\/noticiasemdestaque.com\/cd\/?p=21076\"},\"author\":{\"name\":\"Not\u00edcias em Destaque\",\"@id\":\"https:\/\/noticiasemdestaque.com\/cd\/#\/schema\/person\/3e6ba396ff5664a69c392f09a8e1504c\"},\"headline\":\"Lula recorre ao Supremo contra condena\u00e7\u00e3o do TRF-4 no caso do s\u00edtio\",\"datePublished\":\"2019-12-03T10:46:45+00:00\",\"mainEntityOfPage\":{\"@id\":\"https:\/\/noticiasemdestaque.com\/cd\/?p=21076\"},\"wordCount\":612,\"publisher\":{\"@id\":\"https:\/\/noticiasemdestaque.com\/cd\/#organization\"},\"image\":{\"@id\":\"https:\/\/noticiasemdestaque.com\/cd\/?p=21076#primaryimage\"},\"thumbnailUrl\":\"https:\/\/noticiasemdestaque.com\/cd\/wp-content\/uploads\/2018\/04\/7abr2018-o-ex-presidente-luiz-inacio-lula-da-silva-discursa-para-a-militancia-em-frente-ao-sindicato-dos-metalurgicos-do-abc-em-sao-bernardo-grande-sao-paulo-1523115758878_615x300.jpg\",\"articleSection\":[\"Pol\u00edtica\"],\"inLanguage\":\"pt-BR\"},{\"@type\":\"WebPage\",\"@id\":\"https:\/\/noticiasemdestaque.com\/cd\/?p=21076\",\"url\":\"https:\/\/noticiasemdestaque.com\/cd\/?p=21076\",\"name\":\"Lula recorre ao Supremo contra condena\u00e7\u00e3o do TRF-4 no caso do s\u00edtio - Not&iacute;cias em Destaque\",\"isPartOf\":{\"@id\":\"https:\/\/noticiasemdestaque.com\/cd\/#website\"},\"primaryImageOfPage\":{\"@id\":\"https:\/\/noticiasemdestaque.com\/cd\/?p=21076#primaryimage\"},\"image\":{\"@id\":\"https:\/\/noticiasemdestaque.com\/cd\/?p=21076#primaryimage\"},\"thumbnailUrl\":\"https:\/\/noticiasemdestaque.com\/cd\/wp-content\/uploads\/2018\/04\/7abr2018-o-ex-presidente-luiz-inacio-lula-da-silva-discursa-para-a-militancia-em-frente-ao-sindicato-dos-metalurgicos-do-abc-em-sao-bernardo-grande-sao-paulo-1523115758878_615x300.jpg\",\"datePublished\":\"2019-12-03T10:46:45+00:00\",\"breadcrumb\":{\"@id\":\"https:\/\/noticiasemdestaque.com\/cd\/?p=21076#breadcrumb\"},\"inLanguage\":\"pt-BR\",\"potentialAction\":[{\"@type\":\"ReadAction\",\"target\":[\"https:\/\/noticiasemdestaque.com\/cd\/?p=21076\"]}]},{\"@type\":\"ImageObject\",\"inLanguage\":\"pt-BR\",\"@id\":\"https:\/\/noticiasemdestaque.com\/cd\/?p=21076#primaryimage\",\"url\":\"https:\/\/noticiasemdestaque.com\/cd\/wp-content\/uploads\/2018\/04\/7abr2018-o-ex-presidente-luiz-inacio-lula-da-silva-discursa-para-a-militancia-em-frente-ao-sindicato-dos-metalurgicos-do-abc-em-sao-bernardo-grande-sao-paulo-1523115758878_615x300.jpg\",\"contentUrl\":\"https:\/\/noticiasemdestaque.com\/cd\/wp-content\/uploads\/2018\/04\/7abr2018-o-ex-presidente-luiz-inacio-lula-da-silva-discursa-para-a-militancia-em-frente-ao-sindicato-dos-metalurgicos-do-abc-em-sao-bernardo-grande-sao-paulo-1523115758878_615x300.jpg\",\"width\":615,\"height\":300},{\"@type\":\"BreadcrumbList\",\"@id\":\"https:\/\/noticiasemdestaque.com\/cd\/?p=21076#breadcrumb\",\"itemListElement\":[{\"@type\":\"ListItem\",\"position\":1,\"name\":\"In\u00edcio\",\"item\":\"https:\/\/noticiasemdestaque.com\/cd\/\"},{\"@type\":\"ListItem\",\"position\":2,\"name\":\"Lula recorre ao Supremo contra condena\u00e7\u00e3o do TRF-4 no caso do s\u00edtio\"}]},{\"@type\":\"WebSite\",\"@id\":\"https:\/\/noticiasemdestaque.com\/cd\/#website\",\"url\":\"https:\/\/noticiasemdestaque.com\/cd\/\",\"name\":\"Not&iacute;cias em Destaque\",\"description\":\"\",\"publisher\":{\"@id\":\"https:\/\/noticiasemdestaque.com\/cd\/#organization\"},\"potentialAction\":[{\"@type\":\"SearchAction\",\"target\":{\"@type\":\"EntryPoint\",\"urlTemplate\":\"https:\/\/noticiasemdestaque.com\/cd\/?s={search_term_string}\"},\"query-input\":{\"@type\":\"PropertyValueSpecification\",\"valueRequired\":true,\"valueName\":\"search_term_string\"}}],\"inLanguage\":\"pt-BR\"},{\"@type\":\"Organization\",\"@id\":\"https:\/\/noticiasemdestaque.com\/cd\/#organization\",\"name\":\"Not\u00edcias em Destaque\",\"url\":\"https:\/\/noticiasemdestaque.com\/cd\/\",\"logo\":{\"@type\":\"ImageObject\",\"inLanguage\":\"pt-BR\",\"@id\":\"https:\/\/noticiasemdestaque.com\/cd\/#\/schema\/logo\/image\/\",\"url\":\"https:\/\/noticiasemdestaque.com\/cd\/wp-content\/uploads\/2022\/05\/imagem-base-noticiasemdestaque.png\",\"contentUrl\":\"https:\/\/noticiasemdestaque.com\/cd\/wp-content\/uploads\/2022\/05\/imagem-base-noticiasemdestaque.png\",\"width\":1200,\"height\":630,\"caption\":\"Not\u00edcias em Destaque\"},\"image\":{\"@id\":\"https:\/\/noticiasemdestaque.com\/cd\/#\/schema\/logo\/image\/\"}},{\"@type\":\"Person\",\"@id\":\"https:\/\/noticiasemdestaque.com\/cd\/#\/schema\/person\/3e6ba396ff5664a69c392f09a8e1504c\",\"name\":\"Not\u00edcias em Destaque\",\"url\":\"https:\/\/noticiasemdestaque.com\/cd\/?author=2\"}]}<\/script>\n<!-- \/ Yoast SEO plugin. -->","yoast_head_json":{"title":"Lula recorre ao Supremo contra condena\u00e7\u00e3o do TRF-4 no caso do s\u00edtio - Not&iacute;cias em Destaque","robots":{"index":"index","follow":"follow","max-snippet":"max-snippet:-1","max-image-preview":"max-image-preview:large","max-video-preview":"max-video-preview:-1"},"canonical":"https:\/\/noticiasemdestaque.com\/cd\/?p=21076","og_locale":"pt_BR","og_type":"article","og_title":"Lula recorre ao Supremo contra condena\u00e7\u00e3o do TRF-4 no caso do s\u00edtio - Not&iacute;cias em Destaque","og_description":"A defesa do ex-presidente Luiz In\u00e1cio Lula da Silva (PT) pediu nesta segunda-feira, 2, ao Supremo Tribunal Federal (STF) a anula\u00e7\u00e3o do julgamento que levou \u00e0 condena\u00e7\u00e3o de 17 anos e um m\u00eas de pris\u00e3o imposta pelo Tribunal Regional Federal (TRF-4), o Tribunal da Lava Jato, no caso do s\u00edtio de Atibaia. A senten\u00e7a foi a mais pesada contra o petista, acusado de corrup\u00e7\u00e3o passiva e lavagem de dinheiro. O advogado Cristiano Zanin, que defende Lula, classificou como \u201cconstrangimento ilegal\u201d a decis\u00e3o do tribunal, que elevou a pena do petista antes prevista em 12 anos e 11 meses de reclus\u00e3o. O defensor do ex-presidente afirma que, se o Supremo negar seguimento ao pedido, estaria cometendo uma \u201cgrave ilegalidade\u201d. \u201cEm um Estado Democr\u00e1tico de Direito, n\u00e3o pode um constrangimento ilegal contra a liberdade de um cidad\u00e3o deixar de ser sanado pelo Poder Judici\u00e1rio por obst\u00e1culo de regra procedimental. Ali\u00e1s, muito pelo contr\u00e1rio, como j\u00e1 exposto acima, a possibilidade de imediato afastamento de constrangimento ilegal em Habeas Corpus \u00e9 previsto tanto em lei, como no Regimento Interno desta Excelsa Corte.\u201d A defesa alega que o desembargador Jo\u00e3o Pedro Gebran Neto, relator da Lava Jato no TRF-4, julgou o m\u00e9rito do processo enquanto haviam recursos que mereciam an\u00e1lise, em uma \u201cinvers\u00e3o tumultu\u00e1ria do processo\u201d. Zanin se refere a uma peti\u00e7\u00e3o avaliada em 30 de outubro relacionadas a troca de mensagens atribu\u00eddas aos procuradores da Lava Jato em Curitiba e o ex-juiz Sergio Moro. O pedido foi rejeitado, mas o prazo para recurso, segundo a defesa, iria at\u00e9 o dia 03 de dezembro. \u201cConsiderando que as referidas mensagens refor\u00e7am a suspei\u00e7\u00e3o tanto dos procuradores da Lava Jato, quanto do ex-Juiz S\u00e9rgio Moro, que instruiu quase a totalidade da a\u00e7\u00e3o penal que deu origem \u00e0 referida apela\u00e7\u00e3o \u2013 quest\u00e3o essa que foi arguida nas raz\u00f5es recursais, e tem potencial para anular todo o processo -, resta evidente que a suspei\u00e7\u00e3o e as demais quest\u00f5es prejudiciais de m\u00e9rito n\u00e3o poderiam ter sido analisadas antes do esgotamento dos recursos cab\u00edveis sobre essa mat\u00e9ria\u201d, argumenta Zanin. S\u00edtio de Atibaia Por unanimidade, o TRF-4 condenou Lula a 17 anos e um m\u00eas de pris\u00e3o na a\u00e7\u00e3o penal sobre o s\u00edtio de Atibaia, em S\u00e3o Paulo. O petista \u00e9 acusado de corrup\u00e7\u00e3o passiva e lavagem de dinheiro em obras e reformas avaliadas em R$ 1 milh\u00e3o no im\u00f3vel, que est\u00e1 em nome de Fernando Bittar, filho do amigo de Lula e ex-prefeito de Campinas, Jac\u00f3 Bittar. A Lava Jato apontou que o s\u00edtio passou por tr\u00eas reformas: uma sob comando do pecuarista Jos\u00e9 Carlos Bumlai, no valor de R$ 150 mil, outra da Odebrecht, de R$ 700 mil, e uma terceira reforma na cozinha, pela OAS, de R$ 170 mil. Total de R$ 1,02 milh\u00e3o gastos pelos acusados. Os pagamentos tiveram rela\u00e7\u00e3o com neg\u00f3cios na Petrobras e os caixas de propinas acertados entre as empreiteiras e o PT. \u201cA responsabilidade do ex-presidente Lula \u00e9 bastante elevada. Ocupava o grau de m\u00e1ximo dirigente da na\u00e7\u00e3o brasileira\u201d, registrou o desembargador Gebran Neto, relator da Lava Jato, em seu voto. \u201cHavia a expectativa que se comportasse em conformidade com o Direito e que coibisse ilicitudes. Ao rev\u00e9s disso, o que se verifica, nesses casos, \u00e9 uma participa\u00e7\u00e3o e uma responsabiliza\u00e7\u00e3o pela pratica dos diversos atos de corrup\u00e7\u00e3o.\u201d Sua posi\u00e7\u00e3o foi acompanhada pelos desembargadores Leandro Paulsen e Carlos Eduardo Thompson Flores, da 8\u00aa Turma.","og_url":"https:\/\/noticiasemdestaque.com\/cd\/?p=21076","og_site_name":"Not&iacute;cias em Destaque","article_published_time":"2019-12-03T10:46:45+00:00","og_image":[{"width":615,"height":300,"url":"https:\/\/noticiasemdestaque.com\/cd\/wp-content\/uploads\/2018\/04\/7abr2018-o-ex-presidente-luiz-inacio-lula-da-silva-discursa-para-a-militancia-em-frente-ao-sindicato-dos-metalurgicos-do-abc-em-sao-bernardo-grande-sao-paulo-1523115758878_615x300.jpg","type":"image\/jpeg"}],"author":"Not\u00edcias em Destaque","twitter_card":"summary_large_image","twitter_misc":{"Escrito por":"Not\u00edcias em Destaque","Est. tempo de leitura":"3 minutos"},"schema":{"@context":"https:\/\/schema.org","@graph":[{"@type":"Article","@id":"https:\/\/noticiasemdestaque.com\/cd\/?p=21076#article","isPartOf":{"@id":"https:\/\/noticiasemdestaque.com\/cd\/?p=21076"},"author":{"name":"Not\u00edcias em Destaque","@id":"https:\/\/noticiasemdestaque.com\/cd\/#\/schema\/person\/3e6ba396ff5664a69c392f09a8e1504c"},"headline":"Lula recorre ao Supremo contra condena\u00e7\u00e3o do TRF-4 no caso do s\u00edtio","datePublished":"2019-12-03T10:46:45+00:00","mainEntityOfPage":{"@id":"https:\/\/noticiasemdestaque.com\/cd\/?p=21076"},"wordCount":612,"publisher":{"@id":"https:\/\/noticiasemdestaque.com\/cd\/#organization"},"image":{"@id":"https:\/\/noticiasemdestaque.com\/cd\/?p=21076#primaryimage"},"thumbnailUrl":"https:\/\/noticiasemdestaque.com\/cd\/wp-content\/uploads\/2018\/04\/7abr2018-o-ex-presidente-luiz-inacio-lula-da-silva-discursa-para-a-militancia-em-frente-ao-sindicato-dos-metalurgicos-do-abc-em-sao-bernardo-grande-sao-paulo-1523115758878_615x300.jpg","articleSection":["Pol\u00edtica"],"inLanguage":"pt-BR"},{"@type":"WebPage","@id":"https:\/\/noticiasemdestaque.com\/cd\/?p=21076","url":"https:\/\/noticiasemdestaque.com\/cd\/?p=21076","name":"Lula recorre ao Supremo contra condena\u00e7\u00e3o do TRF-4 no caso do s\u00edtio - Not&iacute;cias em Destaque","isPartOf":{"@id":"https:\/\/noticiasemdestaque.com\/cd\/#website"},"primaryImageOfPage":{"@id":"https:\/\/noticiasemdestaque.com\/cd\/?p=21076#primaryimage"},"image":{"@id":"https:\/\/noticiasemdestaque.com\/cd\/?p=21076#primaryimage"},"thumbnailUrl":"https:\/\/noticiasemdestaque.com\/cd\/wp-content\/uploads\/2018\/04\/7abr2018-o-ex-presidente-luiz-inacio-lula-da-silva-discursa-para-a-militancia-em-frente-ao-sindicato-dos-metalurgicos-do-abc-em-sao-bernardo-grande-sao-paulo-1523115758878_615x300.jpg","datePublished":"2019-12-03T10:46:45+00:00","breadcrumb":{"@id":"https:\/\/noticiasemdestaque.com\/cd\/?p=21076#breadcrumb"},"inLanguage":"pt-BR","potentialAction":[{"@type":"ReadAction","target":["https:\/\/noticiasemdestaque.com\/cd\/?p=21076"]}]},{"@type":"ImageObject","inLanguage":"pt-BR","@id":"https:\/\/noticiasemdestaque.com\/cd\/?p=21076#primaryimage","url":"https:\/\/noticiasemdestaque.com\/cd\/wp-content\/uploads\/2018\/04\/7abr2018-o-ex-presidente-luiz-inacio-lula-da-silva-discursa-para-a-militancia-em-frente-ao-sindicato-dos-metalurgicos-do-abc-em-sao-bernardo-grande-sao-paulo-1523115758878_615x300.jpg","contentUrl":"https:\/\/noticiasemdestaque.com\/cd\/wp-content\/uploads\/2018\/04\/7abr2018-o-ex-presidente-luiz-inacio-lula-da-silva-discursa-para-a-militancia-em-frente-ao-sindicato-dos-metalurgicos-do-abc-em-sao-bernardo-grande-sao-paulo-1523115758878_615x300.jpg","width":615,"height":300},{"@type":"BreadcrumbList","@id":"https:\/\/noticiasemdestaque.com\/cd\/?p=21076#breadcrumb","itemListElement":[{"@type":"ListItem","position":1,"name":"In\u00edcio","item":"https:\/\/noticiasemdestaque.com\/cd\/"},{"@type":"ListItem","position":2,"name":"Lula recorre ao Supremo contra condena\u00e7\u00e3o do TRF-4 no caso do s\u00edtio"}]},{"@type":"WebSite","@id":"https:\/\/noticiasemdestaque.com\/cd\/#website","url":"https:\/\/noticiasemdestaque.com\/cd\/","name":"Not&iacute;cias em Destaque","description":"","publisher":{"@id":"https:\/\/noticiasemdestaque.com\/cd\/#organization"},"potentialAction":[{"@type":"SearchAction","target":{"@type":"EntryPoint","urlTemplate":"https:\/\/noticiasemdestaque.com\/cd\/?s={search_term_string}"},"query-input":{"@type":"PropertyValueSpecification","valueRequired":true,"valueName":"search_term_string"}}],"inLanguage":"pt-BR"},{"@type":"Organization","@id":"https:\/\/noticiasemdestaque.com\/cd\/#organization","name":"Not\u00edcias em Destaque","url":"https:\/\/noticiasemdestaque.com\/cd\/","logo":{"@type":"ImageObject","inLanguage":"pt-BR","@id":"https:\/\/noticiasemdestaque.com\/cd\/#\/schema\/logo\/image\/","url":"https:\/\/noticiasemdestaque.com\/cd\/wp-content\/uploads\/2022\/05\/imagem-base-noticiasemdestaque.png","contentUrl":"https:\/\/noticiasemdestaque.com\/cd\/wp-content\/uploads\/2022\/05\/imagem-base-noticiasemdestaque.png","width":1200,"height":630,"caption":"Not\u00edcias em Destaque"},"image":{"@id":"https:\/\/noticiasemdestaque.com\/cd\/#\/schema\/logo\/image\/"}},{"@type":"Person","@id":"https:\/\/noticiasemdestaque.com\/cd\/#\/schema\/person\/3e6ba396ff5664a69c392f09a8e1504c","name":"Not\u00edcias em Destaque","url":"https:\/\/noticiasemdestaque.com\/cd\/?author=2"}]}},"jetpack_featured_media_url":"https:\/\/noticiasemdestaque.com\/cd\/wp-content\/uploads\/2018\/04\/7abr2018-o-ex-presidente-luiz-inacio-lula-da-silva-discursa-para-a-militancia-em-frente-ao-sindicato-dos-metalurgicos-do-abc-em-sao-bernardo-grande-sao-paulo-1523115758878_615x300.jpg","jetpack_sharing_enabled":true,"_links":{"self":[{"href":"https:\/\/noticiasemdestaque.com\/cd\/index.php?rest_route=\/wp\/v2\/posts\/21076","targetHints":{"allow":["GET"]}}],"collection":[{"href":"https:\/\/noticiasemdestaque.com\/cd\/index.php?rest_route=\/wp\/v2\/posts"}],"about":[{"href":"https:\/\/noticiasemdestaque.com\/cd\/index.php?rest_route=\/wp\/v2\/types\/post"}],"author":[{"embeddable":true,"href":"https:\/\/noticiasemdestaque.com\/cd\/index.php?rest_route=\/wp\/v2\/users\/2"}],"replies":[{"embeddable":true,"href":"https:\/\/noticiasemdestaque.com\/cd\/index.php?rest_route=%2Fwp%2Fv2%2Fcomments&post=21076"}],"version-history":[{"count":1,"href":"https:\/\/noticiasemdestaque.com\/cd\/index.php?rest_route=\/wp\/v2\/posts\/21076\/revisions"}],"predecessor-version":[{"id":21077,"href":"https:\/\/noticiasemdestaque.com\/cd\/index.php?rest_route=\/wp\/v2\/posts\/21076\/revisions\/21077"}],"wp:featuredmedia":[{"embeddable":true,"href":"https:\/\/noticiasemdestaque.com\/cd\/index.php?rest_route=\/wp\/v2\/media\/9057"}],"wp:attachment":[{"href":"https:\/\/noticiasemdestaque.com\/cd\/index.php?rest_route=%2Fwp%2Fv2%2Fmedia&parent=21076"}],"wp:term":[{"taxonomy":"category","embeddable":true,"href":"https:\/\/noticiasemdestaque.com\/cd\/index.php?rest_route=%2Fwp%2Fv2%2Fcategories&post=21076"},{"taxonomy":"post_tag","embeddable":true,"href":"https:\/\/noticiasemdestaque.com\/cd\/index.php?rest_route=%2Fwp%2Fv2%2Ftags&post=21076"}],"curies":[{"name":"wp","href":"https:\/\/api.w.org\/{rel}","templated":true}]}}