{"id":21074,"date":"2019-12-03T07:33:12","date_gmt":"2019-12-03T10:33:12","guid":{"rendered":"http:\/\/noticiasemdestaque.com\/cd\/?p=21074"},"modified":"2019-12-03T07:33:12","modified_gmt":"2019-12-03T10:33:12","slug":"governo-divulga-resultado-do-concurso-do-magisterio","status":"publish","type":"post","link":"https:\/\/noticiasemdestaque.com\/cd\/?p=21074","title":{"rendered":"Governo divulga resultado do concurso do Magist\u00e9rio"},"content":{"rendered":"<p><a href=\"https:\/\/noticiasemdestaque.com\/cd\/wp-content\/uploads\/2018\/08\/concurso-principais-materiais.jpg\"><img fetchpriority=\"high\" decoding=\"async\" class=\"wp-image-11859 aligncenter\" src=\"https:\/\/noticiasemdestaque.com\/cd\/wp-content\/uploads\/2018\/08\/concurso-principais-materiais-1024x488.jpg\" alt=\"\" width=\"487\" height=\"232\" srcset=\"https:\/\/noticiasemdestaque.com\/cd\/wp-content\/uploads\/2018\/08\/concurso-principais-materiais-1024x488.jpg 1024w, https:\/\/noticiasemdestaque.com\/cd\/wp-content\/uploads\/2018\/08\/concurso-principais-materiais-300x143.jpg 300w, https:\/\/noticiasemdestaque.com\/cd\/wp-content\/uploads\/2018\/08\/concurso-principais-materiais-768x366.jpg 768w, https:\/\/noticiasemdestaque.com\/cd\/wp-content\/uploads\/2018\/08\/concurso-principais-materiais.jpg 1417w\" sizes=\"(max-width: 487px) 100vw, 487px\" \/><\/a><\/p>\n<p>O Governo do Estado, por meio da Secretaria de Estado da Administra\u00e7\u00e3o, publicou no Di\u00e1rio Oficial da sexta-feira (29), o resultado final p\u00f3s-recurso do concurso para o magist\u00e9rio da Secretaria de Estado da Educa\u00e7\u00e3o e da Ci\u00eancia e Tecnologia.<\/p>\n<p>A lista tamb\u00e9m est\u00e1 dispon\u00edvel na edi\u00e7\u00e3o online do Di\u00e1rio Oficial, no link https:\/\/auniao.pb.gov.br\/doe. O candidato ainda poder\u00e1 consultar seu desempenho individualmente pelo site do Instituto AOCP, banca organizadora do certame. O endere\u00e7o \u00e9 o http:\/\/www.institutoaocp.org.br.<\/p>\n<p>O resultado est\u00e1 publicado de acordo com a disciplina optada, da regi\u00e3o e tipo de concorr\u00eancia, em ordem de classifica\u00e7\u00e3o.<\/p>\n<p>A classifica\u00e7\u00e3o consta em seus dois anexos. O Anexo I \u00e9 destinado aos candidatos que se submeteram a ampla concorr\u00eancia e o Anexo II para os candidatos das vagas destinadas as pessoas com defici\u00eancia (PcD).<\/p>\n<p>Os candidatos que interpuseram recurso podem consultar a resposta no site da Banca Organizadora, no link citado acima, por at\u00e9 10 dias a contar da data de publica\u00e7\u00e3o do Edital.<\/p>\n<p>Esta \u00e9 a fase final do concurso. Os candidatos agora devem aguardar a nomea\u00e7\u00e3o e convoca\u00e7\u00e3o para posse que deve obedecer a classifica\u00e7\u00e3o.<\/p>\n<p>Provas aconteceram em julho &#8211; O concurso ofereceu mil vagas para professores de 13 disciplinas: Artes (72), Biologia (150), Educa\u00e7\u00e3o F\u00edsica (68), Filosofia (6), F\u00edsica (47), Geografia (72), Hist\u00f3ria (78). L\u00edngua Espanhola (18), L\u00edngua Inglesa (61), L\u00edngua Portuguesa (195), Matem\u00e1tica (199), Qu\u00edmica (28) e Sociologia (6). Das 1.000 vagas oferecidas para o cargo efetivo de Professor de Educa\u00e7\u00e3o B\u00e1sica III, da carreira do Magist\u00e9rio Estadual, 50 vagas s\u00e3o destinadas \u00e0s pessoas com defici\u00eancia. As provas foram aplicadas no dia 21 de julho nos munic\u00edpios de Cajazeiras, Campina Grande, Catol\u00e9 da Rocha, Cuit\u00e9, Guarabira, Itabaiana, Itaporanga, Jo\u00e3o Pessoa, Mamanguape, Monteiro, Patos, Pombal, Princesa Isabel e Sousa.<\/p>\n<p>Os vencimentos para o cargo de Professor de Educa\u00e7\u00e3o B\u00e1sica III \u2013 Classe B, poder\u00e3o chegar ao valor de R$ 3.468,12 (tr\u00eas mil, quatrocentos e sessenta e oito reais e doze centavos), somando-se o valor do vencimento b\u00e1sico (R$ 2.110,12) mais o Bolsa Desempenho (R$ 1.208,00), acrescido da Bolsa de Incentivo ao Programa de Moderniza\u00e7\u00e3o e Efici\u00eancia da Gest\u00e3o de Aprendizagem da Para\u00edba (R$ 150,00).<\/p>\n<p>Os nomeados ainda poder\u00e3o receber mais benef\u00edcios, como o Pr\u00eamio Mestre da Educa\u00e7\u00e3o, que d\u00e1 direito ao 14\u00ba e 15\u00ba sal\u00e1rios, al\u00e9m do Pr\u00eamio Escola de Valor e o Bolsa Ensino M\u00e9dio Inovador (Proemi), do Minist\u00e9rio da Educa\u00e7\u00e3o (MEC). A carga hor\u00e1ria \u00e9 de 30 horas semanais. Este \u00e9 o quarto concurso p\u00fablico realizado pelo Governo da Para\u00edba para o cargo de Professor de Educa\u00e7\u00e3o B\u00e1sica III, de 2011 at\u00e9 2019, totalizando 5.040 vagas ofertadas.<\/p>\n","protected":false},"excerpt":{"rendered":"<p>O Governo do Estado, por meio da Secretaria de Estado da Administra\u00e7\u00e3o, publicou no Di\u00e1rio Oficial da sexta-feira (29), o resultado final p\u00f3s-recurso do concurso para o magist\u00e9rio da Secretaria de Estado da Educa\u00e7\u00e3o e da Ci\u00eancia e Tecnologia. A lista tamb\u00e9m est\u00e1 dispon\u00edvel na edi\u00e7\u00e3o online do Di\u00e1rio Oficial, no link https:\/\/auniao.pb.gov.br\/doe. O candidato ainda poder\u00e1 consultar seu desempenho individualmente pelo site do Instituto AOCP, banca organizadora do certame. O endere\u00e7o \u00e9 o http:\/\/www.institutoaocp.org.br. O resultado est\u00e1 publicado de acordo com a disciplina optada, da regi\u00e3o e tipo de concorr\u00eancia, em ordem de classifica\u00e7\u00e3o. A classifica\u00e7\u00e3o consta em seus dois anexos. O Anexo I \u00e9 destinado aos candidatos que se submeteram a ampla concorr\u00eancia e o Anexo II para os candidatos das vagas destinadas as pessoas com defici\u00eancia (PcD). Os candidatos que interpuseram recurso podem consultar a resposta no site da Banca Organizadora, no link citado acima, por at\u00e9 10 dias a contar da data de publica\u00e7\u00e3o do Edital. Esta \u00e9 a fase final do concurso. Os candidatos agora devem aguardar a nomea\u00e7\u00e3o e convoca\u00e7\u00e3o para posse que deve obedecer a classifica\u00e7\u00e3o. Provas aconteceram em julho &#8211; O concurso ofereceu mil vagas para professores de 13 disciplinas: Artes (72), Biologia (150), Educa\u00e7\u00e3o F\u00edsica (68), Filosofia (6), F\u00edsica (47), Geografia (72), Hist\u00f3ria (78). L\u00edngua Espanhola (18), L\u00edngua Inglesa (61), L\u00edngua Portuguesa (195), Matem\u00e1tica (199), Qu\u00edmica (28) e Sociologia (6). Das 1.000 vagas oferecidas para o cargo efetivo de Professor de Educa\u00e7\u00e3o B\u00e1sica III, da carreira do Magist\u00e9rio Estadual, 50 vagas s\u00e3o destinadas \u00e0s pessoas com defici\u00eancia. As provas foram aplicadas no dia 21 de julho nos munic\u00edpios de Cajazeiras, Campina Grande, Catol\u00e9 da Rocha, Cuit\u00e9, Guarabira, Itabaiana, Itaporanga, Jo\u00e3o Pessoa, Mamanguape, Monteiro, Patos, Pombal, Princesa Isabel e Sousa. Os vencimentos para o cargo de Professor de Educa\u00e7\u00e3o B\u00e1sica III \u2013 Classe B, poder\u00e3o chegar ao valor de R$ 3.468,12 (tr\u00eas mil, quatrocentos e sessenta e oito reais e doze centavos), somando-se o valor do vencimento b\u00e1sico (R$ 2.110,12) mais o Bolsa Desempenho (R$ 1.208,00), acrescido da Bolsa de Incentivo ao Programa de Moderniza\u00e7\u00e3o e Efici\u00eancia da Gest\u00e3o de Aprendizagem da Para\u00edba (R$ 150,00). Os nomeados ainda poder\u00e3o receber mais benef\u00edcios, como o Pr\u00eamio Mestre da Educa\u00e7\u00e3o, que d\u00e1 direito ao 14\u00ba e 15\u00ba sal\u00e1rios, al\u00e9m do Pr\u00eamio Escola de Valor e o Bolsa Ensino M\u00e9dio Inovador (Proemi), do Minist\u00e9rio da Educa\u00e7\u00e3o (MEC). A carga hor\u00e1ria \u00e9 de 30 horas semanais. Este \u00e9 o quarto concurso p\u00fablico realizado pelo Governo da Para\u00edba para o cargo de Professor de Educa\u00e7\u00e3o B\u00e1sica III, de 2011 at\u00e9 2019, totalizando 5.040 vagas ofertadas.<\/p>\n","protected":false},"author":2,"featured_media":6721,"comment_status":"closed","ping_status":"open","sticky":false,"template":"","format":"standard","meta":{"_eb_attr":"","_jetpack_memberships_contains_paid_content":false,"footnotes":""},"categories":[12],"tags":[],"class_list":["post-21074","post","type-post","status-publish","format-standard","has-post-thumbnail","hentry","category-geral"],"yoast_head":"<!-- This site is optimized with the Yoast SEO plugin v26.5 - https:\/\/yoast.com\/wordpress\/plugins\/seo\/ -->\n<title>Governo divulga resultado do concurso do Magist\u00e9rio - Not&iacute;cias em Destaque<\/title>\n<meta name=\"robots\" content=\"index, follow, max-snippet:-1, max-image-preview:large, max-video-preview:-1\" \/>\n<link rel=\"canonical\" href=\"https:\/\/noticiasemdestaque.com\/cd\/?p=21074\" \/>\n<meta property=\"og:locale\" content=\"pt_BR\" \/>\n<meta property=\"og:type\" content=\"article\" \/>\n<meta property=\"og:title\" content=\"Governo divulga resultado do concurso do Magist\u00e9rio - Not&iacute;cias em Destaque\" \/>\n<meta property=\"og:description\" content=\"O Governo do Estado, por meio da Secretaria de Estado da Administra\u00e7\u00e3o, publicou no Di\u00e1rio Oficial da sexta-feira (29), o resultado final p\u00f3s-recurso do concurso para o magist\u00e9rio da Secretaria de Estado da Educa\u00e7\u00e3o e da Ci\u00eancia e Tecnologia. A lista tamb\u00e9m est\u00e1 dispon\u00edvel na edi\u00e7\u00e3o online do Di\u00e1rio Oficial, no link https:\/\/auniao.pb.gov.br\/doe. O candidato ainda poder\u00e1 consultar seu desempenho individualmente pelo site do Instituto AOCP, banca organizadora do certame. O endere\u00e7o \u00e9 o http:\/\/www.institutoaocp.org.br. O resultado est\u00e1 publicado de acordo com a disciplina optada, da regi\u00e3o e tipo de concorr\u00eancia, em ordem de classifica\u00e7\u00e3o. A classifica\u00e7\u00e3o consta em seus dois anexos. O Anexo I \u00e9 destinado aos candidatos que se submeteram a ampla concorr\u00eancia e o Anexo II para os candidatos das vagas destinadas as pessoas com defici\u00eancia (PcD). Os candidatos que interpuseram recurso podem consultar a resposta no site da Banca Organizadora, no link citado acima, por at\u00e9 10 dias a contar da data de publica\u00e7\u00e3o do Edital. Esta \u00e9 a fase final do concurso. Os candidatos agora devem aguardar a nomea\u00e7\u00e3o e convoca\u00e7\u00e3o para posse que deve obedecer a classifica\u00e7\u00e3o. Provas aconteceram em julho &#8211; O concurso ofereceu mil vagas para professores de 13 disciplinas: Artes (72), Biologia (150), Educa\u00e7\u00e3o F\u00edsica (68), Filosofia (6), F\u00edsica (47), Geografia (72), Hist\u00f3ria (78). L\u00edngua Espanhola (18), L\u00edngua Inglesa (61), L\u00edngua Portuguesa (195), Matem\u00e1tica (199), Qu\u00edmica (28) e Sociologia (6). Das 1.000 vagas oferecidas para o cargo efetivo de Professor de Educa\u00e7\u00e3o B\u00e1sica III, da carreira do Magist\u00e9rio Estadual, 50 vagas s\u00e3o destinadas \u00e0s pessoas com defici\u00eancia. As provas foram aplicadas no dia 21 de julho nos munic\u00edpios de Cajazeiras, Campina Grande, Catol\u00e9 da Rocha, Cuit\u00e9, Guarabira, Itabaiana, Itaporanga, Jo\u00e3o Pessoa, Mamanguape, Monteiro, Patos, Pombal, Princesa Isabel e Sousa. Os vencimentos para o cargo de Professor de Educa\u00e7\u00e3o B\u00e1sica III \u2013 Classe B, poder\u00e3o chegar ao valor de R$ 3.468,12 (tr\u00eas mil, quatrocentos e sessenta e oito reais e doze centavos), somando-se o valor do vencimento b\u00e1sico (R$ 2.110,12) mais o Bolsa Desempenho (R$ 1.208,00), acrescido da Bolsa de Incentivo ao Programa de Moderniza\u00e7\u00e3o e Efici\u00eancia da Gest\u00e3o de Aprendizagem da Para\u00edba (R$ 150,00). Os nomeados ainda poder\u00e3o receber mais benef\u00edcios, como o Pr\u00eamio Mestre da Educa\u00e7\u00e3o, que d\u00e1 direito ao 14\u00ba e 15\u00ba sal\u00e1rios, al\u00e9m do Pr\u00eamio Escola de Valor e o Bolsa Ensino M\u00e9dio Inovador (Proemi), do Minist\u00e9rio da Educa\u00e7\u00e3o (MEC). A carga hor\u00e1ria \u00e9 de 30 horas semanais. Este \u00e9 o quarto concurso p\u00fablico realizado pelo Governo da Para\u00edba para o cargo de Professor de Educa\u00e7\u00e3o B\u00e1sica III, de 2011 at\u00e9 2019, totalizando 5.040 vagas ofertadas.\" \/>\n<meta property=\"og:url\" content=\"https:\/\/noticiasemdestaque.com\/cd\/?p=21074\" \/>\n<meta property=\"og:site_name\" content=\"Not&iacute;cias em Destaque\" \/>\n<meta property=\"article:published_time\" content=\"2019-12-03T10:33:12+00:00\" \/>\n<meta property=\"og:image\" content=\"https:\/\/noticiasemdestaque.com\/cd\/wp-content\/uploads\/2017\/12\/concurso.jpg\" \/>\n\t<meta property=\"og:image:width\" content=\"590\" \/>\n\t<meta property=\"og:image:height\" content=\"327\" \/>\n\t<meta property=\"og:image:type\" content=\"image\/jpeg\" \/>\n<meta name=\"author\" content=\"Not\u00edcias em Destaque\" \/>\n<meta name=\"twitter:card\" content=\"summary_large_image\" \/>\n<meta name=\"twitter:label1\" content=\"Escrito por\" \/>\n\t<meta name=\"twitter:data1\" content=\"Not\u00edcias em Destaque\" \/>\n\t<meta name=\"twitter:label2\" content=\"Est. tempo de leitura\" \/>\n\t<meta name=\"twitter:data2\" content=\"2 minutos\" \/>\n<script type=\"application\/ld+json\" class=\"yoast-schema-graph\">{\"@context\":\"https:\/\/schema.org\",\"@graph\":[{\"@type\":\"Article\",\"@id\":\"https:\/\/noticiasemdestaque.com\/cd\/?p=21074#article\",\"isPartOf\":{\"@id\":\"https:\/\/noticiasemdestaque.com\/cd\/?p=21074\"},\"author\":{\"name\":\"Not\u00edcias em Destaque\",\"@id\":\"https:\/\/noticiasemdestaque.com\/cd\/#\/schema\/person\/3e6ba396ff5664a69c392f09a8e1504c\"},\"headline\":\"Governo divulga resultado do concurso do Magist\u00e9rio\",\"datePublished\":\"2019-12-03T10:33:12+00:00\",\"mainEntityOfPage\":{\"@id\":\"https:\/\/noticiasemdestaque.com\/cd\/?p=21074\"},\"wordCount\":471,\"publisher\":{\"@id\":\"https:\/\/noticiasemdestaque.com\/cd\/#organization\"},\"image\":{\"@id\":\"https:\/\/noticiasemdestaque.com\/cd\/?p=21074#primaryimage\"},\"thumbnailUrl\":\"https:\/\/noticiasemdestaque.com\/cd\/wp-content\/uploads\/2017\/12\/concurso.jpg\",\"articleSection\":[\"Geral\"],\"inLanguage\":\"pt-BR\"},{\"@type\":\"WebPage\",\"@id\":\"https:\/\/noticiasemdestaque.com\/cd\/?p=21074\",\"url\":\"https:\/\/noticiasemdestaque.com\/cd\/?p=21074\",\"name\":\"Governo divulga resultado do concurso do Magist\u00e9rio - Not&iacute;cias em Destaque\",\"isPartOf\":{\"@id\":\"https:\/\/noticiasemdestaque.com\/cd\/#website\"},\"primaryImageOfPage\":{\"@id\":\"https:\/\/noticiasemdestaque.com\/cd\/?p=21074#primaryimage\"},\"image\":{\"@id\":\"https:\/\/noticiasemdestaque.com\/cd\/?p=21074#primaryimage\"},\"thumbnailUrl\":\"https:\/\/noticiasemdestaque.com\/cd\/wp-content\/uploads\/2017\/12\/concurso.jpg\",\"datePublished\":\"2019-12-03T10:33:12+00:00\",\"breadcrumb\":{\"@id\":\"https:\/\/noticiasemdestaque.com\/cd\/?p=21074#breadcrumb\"},\"inLanguage\":\"pt-BR\",\"potentialAction\":[{\"@type\":\"ReadAction\",\"target\":[\"https:\/\/noticiasemdestaque.com\/cd\/?p=21074\"]}]},{\"@type\":\"ImageObject\",\"inLanguage\":\"pt-BR\",\"@id\":\"https:\/\/noticiasemdestaque.com\/cd\/?p=21074#primaryimage\",\"url\":\"https:\/\/noticiasemdestaque.com\/cd\/wp-content\/uploads\/2017\/12\/concurso.jpg\",\"contentUrl\":\"https:\/\/noticiasemdestaque.com\/cd\/wp-content\/uploads\/2017\/12\/concurso.jpg\",\"width\":590,\"height\":327},{\"@type\":\"BreadcrumbList\",\"@id\":\"https:\/\/noticiasemdestaque.com\/cd\/?p=21074#breadcrumb\",\"itemListElement\":[{\"@type\":\"ListItem\",\"position\":1,\"name\":\"In\u00edcio\",\"item\":\"https:\/\/noticiasemdestaque.com\/cd\/\"},{\"@type\":\"ListItem\",\"position\":2,\"name\":\"Governo divulga resultado do concurso do Magist\u00e9rio\"}]},{\"@type\":\"WebSite\",\"@id\":\"https:\/\/noticiasemdestaque.com\/cd\/#website\",\"url\":\"https:\/\/noticiasemdestaque.com\/cd\/\",\"name\":\"Not&iacute;cias em Destaque\",\"description\":\"\",\"publisher\":{\"@id\":\"https:\/\/noticiasemdestaque.com\/cd\/#organization\"},\"potentialAction\":[{\"@type\":\"SearchAction\",\"target\":{\"@type\":\"EntryPoint\",\"urlTemplate\":\"https:\/\/noticiasemdestaque.com\/cd\/?s={search_term_string}\"},\"query-input\":{\"@type\":\"PropertyValueSpecification\",\"valueRequired\":true,\"valueName\":\"search_term_string\"}}],\"inLanguage\":\"pt-BR\"},{\"@type\":\"Organization\",\"@id\":\"https:\/\/noticiasemdestaque.com\/cd\/#organization\",\"name\":\"Not\u00edcias em Destaque\",\"url\":\"https:\/\/noticiasemdestaque.com\/cd\/\",\"logo\":{\"@type\":\"ImageObject\",\"inLanguage\":\"pt-BR\",\"@id\":\"https:\/\/noticiasemdestaque.com\/cd\/#\/schema\/logo\/image\/\",\"url\":\"https:\/\/noticiasemdestaque.com\/cd\/wp-content\/uploads\/2022\/05\/imagem-base-noticiasemdestaque.png\",\"contentUrl\":\"https:\/\/noticiasemdestaque.com\/cd\/wp-content\/uploads\/2022\/05\/imagem-base-noticiasemdestaque.png\",\"width\":1200,\"height\":630,\"caption\":\"Not\u00edcias em Destaque\"},\"image\":{\"@id\":\"https:\/\/noticiasemdestaque.com\/cd\/#\/schema\/logo\/image\/\"}},{\"@type\":\"Person\",\"@id\":\"https:\/\/noticiasemdestaque.com\/cd\/#\/schema\/person\/3e6ba396ff5664a69c392f09a8e1504c\",\"name\":\"Not\u00edcias em Destaque\",\"url\":\"https:\/\/noticiasemdestaque.com\/cd\/?author=2\"}]}<\/script>\n<!-- \/ Yoast SEO plugin. -->","yoast_head_json":{"title":"Governo divulga resultado do concurso do Magist\u00e9rio - Not&iacute;cias em Destaque","robots":{"index":"index","follow":"follow","max-snippet":"max-snippet:-1","max-image-preview":"max-image-preview:large","max-video-preview":"max-video-preview:-1"},"canonical":"https:\/\/noticiasemdestaque.com\/cd\/?p=21074","og_locale":"pt_BR","og_type":"article","og_title":"Governo divulga resultado do concurso do Magist\u00e9rio - Not&iacute;cias em Destaque","og_description":"O Governo do Estado, por meio da Secretaria de Estado da Administra\u00e7\u00e3o, publicou no Di\u00e1rio Oficial da sexta-feira (29), o resultado final p\u00f3s-recurso do concurso para o magist\u00e9rio da Secretaria de Estado da Educa\u00e7\u00e3o e da Ci\u00eancia e Tecnologia. A lista tamb\u00e9m est\u00e1 dispon\u00edvel na edi\u00e7\u00e3o online do Di\u00e1rio Oficial, no link https:\/\/auniao.pb.gov.br\/doe. O candidato ainda poder\u00e1 consultar seu desempenho individualmente pelo site do Instituto AOCP, banca organizadora do certame. O endere\u00e7o \u00e9 o http:\/\/www.institutoaocp.org.br. O resultado est\u00e1 publicado de acordo com a disciplina optada, da regi\u00e3o e tipo de concorr\u00eancia, em ordem de classifica\u00e7\u00e3o. A classifica\u00e7\u00e3o consta em seus dois anexos. O Anexo I \u00e9 destinado aos candidatos que se submeteram a ampla concorr\u00eancia e o Anexo II para os candidatos das vagas destinadas as pessoas com defici\u00eancia (PcD). Os candidatos que interpuseram recurso podem consultar a resposta no site da Banca Organizadora, no link citado acima, por at\u00e9 10 dias a contar da data de publica\u00e7\u00e3o do Edital. Esta \u00e9 a fase final do concurso. Os candidatos agora devem aguardar a nomea\u00e7\u00e3o e convoca\u00e7\u00e3o para posse que deve obedecer a classifica\u00e7\u00e3o. Provas aconteceram em julho &#8211; O concurso ofereceu mil vagas para professores de 13 disciplinas: Artes (72), Biologia (150), Educa\u00e7\u00e3o F\u00edsica (68), Filosofia (6), F\u00edsica (47), Geografia (72), Hist\u00f3ria (78). L\u00edngua Espanhola (18), L\u00edngua Inglesa (61), L\u00edngua Portuguesa (195), Matem\u00e1tica (199), Qu\u00edmica (28) e Sociologia (6). Das 1.000 vagas oferecidas para o cargo efetivo de Professor de Educa\u00e7\u00e3o B\u00e1sica III, da carreira do Magist\u00e9rio Estadual, 50 vagas s\u00e3o destinadas \u00e0s pessoas com defici\u00eancia. As provas foram aplicadas no dia 21 de julho nos munic\u00edpios de Cajazeiras, Campina Grande, Catol\u00e9 da Rocha, Cuit\u00e9, Guarabira, Itabaiana, Itaporanga, Jo\u00e3o Pessoa, Mamanguape, Monteiro, Patos, Pombal, Princesa Isabel e Sousa. Os vencimentos para o cargo de Professor de Educa\u00e7\u00e3o B\u00e1sica III \u2013 Classe B, poder\u00e3o chegar ao valor de R$ 3.468,12 (tr\u00eas mil, quatrocentos e sessenta e oito reais e doze centavos), somando-se o valor do vencimento b\u00e1sico (R$ 2.110,12) mais o Bolsa Desempenho (R$ 1.208,00), acrescido da Bolsa de Incentivo ao Programa de Moderniza\u00e7\u00e3o e Efici\u00eancia da Gest\u00e3o de Aprendizagem da Para\u00edba (R$ 150,00). Os nomeados ainda poder\u00e3o receber mais benef\u00edcios, como o Pr\u00eamio Mestre da Educa\u00e7\u00e3o, que d\u00e1 direito ao 14\u00ba e 15\u00ba sal\u00e1rios, al\u00e9m do Pr\u00eamio Escola de Valor e o Bolsa Ensino M\u00e9dio Inovador (Proemi), do Minist\u00e9rio da Educa\u00e7\u00e3o (MEC). A carga hor\u00e1ria \u00e9 de 30 horas semanais. Este \u00e9 o quarto concurso p\u00fablico realizado pelo Governo da Para\u00edba para o cargo de Professor de Educa\u00e7\u00e3o B\u00e1sica III, de 2011 at\u00e9 2019, totalizando 5.040 vagas ofertadas.","og_url":"https:\/\/noticiasemdestaque.com\/cd\/?p=21074","og_site_name":"Not&iacute;cias em Destaque","article_published_time":"2019-12-03T10:33:12+00:00","og_image":[{"width":590,"height":327,"url":"https:\/\/noticiasemdestaque.com\/cd\/wp-content\/uploads\/2017\/12\/concurso.jpg","type":"image\/jpeg"}],"author":"Not\u00edcias em Destaque","twitter_card":"summary_large_image","twitter_misc":{"Escrito por":"Not\u00edcias em Destaque","Est. tempo de leitura":"2 minutos"},"schema":{"@context":"https:\/\/schema.org","@graph":[{"@type":"Article","@id":"https:\/\/noticiasemdestaque.com\/cd\/?p=21074#article","isPartOf":{"@id":"https:\/\/noticiasemdestaque.com\/cd\/?p=21074"},"author":{"name":"Not\u00edcias em Destaque","@id":"https:\/\/noticiasemdestaque.com\/cd\/#\/schema\/person\/3e6ba396ff5664a69c392f09a8e1504c"},"headline":"Governo divulga resultado do concurso do Magist\u00e9rio","datePublished":"2019-12-03T10:33:12+00:00","mainEntityOfPage":{"@id":"https:\/\/noticiasemdestaque.com\/cd\/?p=21074"},"wordCount":471,"publisher":{"@id":"https:\/\/noticiasemdestaque.com\/cd\/#organization"},"image":{"@id":"https:\/\/noticiasemdestaque.com\/cd\/?p=21074#primaryimage"},"thumbnailUrl":"https:\/\/noticiasemdestaque.com\/cd\/wp-content\/uploads\/2017\/12\/concurso.jpg","articleSection":["Geral"],"inLanguage":"pt-BR"},{"@type":"WebPage","@id":"https:\/\/noticiasemdestaque.com\/cd\/?p=21074","url":"https:\/\/noticiasemdestaque.com\/cd\/?p=21074","name":"Governo divulga resultado do concurso do Magist\u00e9rio - Not&iacute;cias em Destaque","isPartOf":{"@id":"https:\/\/noticiasemdestaque.com\/cd\/#website"},"primaryImageOfPage":{"@id":"https:\/\/noticiasemdestaque.com\/cd\/?p=21074#primaryimage"},"image":{"@id":"https:\/\/noticiasemdestaque.com\/cd\/?p=21074#primaryimage"},"thumbnailUrl":"https:\/\/noticiasemdestaque.com\/cd\/wp-content\/uploads\/2017\/12\/concurso.jpg","datePublished":"2019-12-03T10:33:12+00:00","breadcrumb":{"@id":"https:\/\/noticiasemdestaque.com\/cd\/?p=21074#breadcrumb"},"inLanguage":"pt-BR","potentialAction":[{"@type":"ReadAction","target":["https:\/\/noticiasemdestaque.com\/cd\/?p=21074"]}]},{"@type":"ImageObject","inLanguage":"pt-BR","@id":"https:\/\/noticiasemdestaque.com\/cd\/?p=21074#primaryimage","url":"https:\/\/noticiasemdestaque.com\/cd\/wp-content\/uploads\/2017\/12\/concurso.jpg","contentUrl":"https:\/\/noticiasemdestaque.com\/cd\/wp-content\/uploads\/2017\/12\/concurso.jpg","width":590,"height":327},{"@type":"BreadcrumbList","@id":"https:\/\/noticiasemdestaque.com\/cd\/?p=21074#breadcrumb","itemListElement":[{"@type":"ListItem","position":1,"name":"In\u00edcio","item":"https:\/\/noticiasemdestaque.com\/cd\/"},{"@type":"ListItem","position":2,"name":"Governo divulga resultado do concurso do Magist\u00e9rio"}]},{"@type":"WebSite","@id":"https:\/\/noticiasemdestaque.com\/cd\/#website","url":"https:\/\/noticiasemdestaque.com\/cd\/","name":"Not&iacute;cias em Destaque","description":"","publisher":{"@id":"https:\/\/noticiasemdestaque.com\/cd\/#organization"},"potentialAction":[{"@type":"SearchAction","target":{"@type":"EntryPoint","urlTemplate":"https:\/\/noticiasemdestaque.com\/cd\/?s={search_term_string}"},"query-input":{"@type":"PropertyValueSpecification","valueRequired":true,"valueName":"search_term_string"}}],"inLanguage":"pt-BR"},{"@type":"Organization","@id":"https:\/\/noticiasemdestaque.com\/cd\/#organization","name":"Not\u00edcias em Destaque","url":"https:\/\/noticiasemdestaque.com\/cd\/","logo":{"@type":"ImageObject","inLanguage":"pt-BR","@id":"https:\/\/noticiasemdestaque.com\/cd\/#\/schema\/logo\/image\/","url":"https:\/\/noticiasemdestaque.com\/cd\/wp-content\/uploads\/2022\/05\/imagem-base-noticiasemdestaque.png","contentUrl":"https:\/\/noticiasemdestaque.com\/cd\/wp-content\/uploads\/2022\/05\/imagem-base-noticiasemdestaque.png","width":1200,"height":630,"caption":"Not\u00edcias em Destaque"},"image":{"@id":"https:\/\/noticiasemdestaque.com\/cd\/#\/schema\/logo\/image\/"}},{"@type":"Person","@id":"https:\/\/noticiasemdestaque.com\/cd\/#\/schema\/person\/3e6ba396ff5664a69c392f09a8e1504c","name":"Not\u00edcias em Destaque","url":"https:\/\/noticiasemdestaque.com\/cd\/?author=2"}]}},"jetpack_featured_media_url":"https:\/\/noticiasemdestaque.com\/cd\/wp-content\/uploads\/2017\/12\/concurso.jpg","jetpack_sharing_enabled":true,"_links":{"self":[{"href":"https:\/\/noticiasemdestaque.com\/cd\/index.php?rest_route=\/wp\/v2\/posts\/21074","targetHints":{"allow":["GET"]}}],"collection":[{"href":"https:\/\/noticiasemdestaque.com\/cd\/index.php?rest_route=\/wp\/v2\/posts"}],"about":[{"href":"https:\/\/noticiasemdestaque.com\/cd\/index.php?rest_route=\/wp\/v2\/types\/post"}],"author":[{"embeddable":true,"href":"https:\/\/noticiasemdestaque.com\/cd\/index.php?rest_route=\/wp\/v2\/users\/2"}],"replies":[{"embeddable":true,"href":"https:\/\/noticiasemdestaque.com\/cd\/index.php?rest_route=%2Fwp%2Fv2%2Fcomments&post=21074"}],"version-history":[{"count":1,"href":"https:\/\/noticiasemdestaque.com\/cd\/index.php?rest_route=\/wp\/v2\/posts\/21074\/revisions"}],"predecessor-version":[{"id":21075,"href":"https:\/\/noticiasemdestaque.com\/cd\/index.php?rest_route=\/wp\/v2\/posts\/21074\/revisions\/21075"}],"wp:featuredmedia":[{"embeddable":true,"href":"https:\/\/noticiasemdestaque.com\/cd\/index.php?rest_route=\/wp\/v2\/media\/6721"}],"wp:attachment":[{"href":"https:\/\/noticiasemdestaque.com\/cd\/index.php?rest_route=%2Fwp%2Fv2%2Fmedia&parent=21074"}],"wp:term":[{"taxonomy":"category","embeddable":true,"href":"https:\/\/noticiasemdestaque.com\/cd\/index.php?rest_route=%2Fwp%2Fv2%2Fcategories&post=21074"},{"taxonomy":"post_tag","embeddable":true,"href":"https:\/\/noticiasemdestaque.com\/cd\/index.php?rest_route=%2Fwp%2Fv2%2Ftags&post=21074"}],"curies":[{"name":"wp","href":"https:\/\/api.w.org\/{rel}","templated":true}]}}