{"id":21072,"date":"2019-12-03T07:31:08","date_gmt":"2019-12-03T10:31:08","guid":{"rendered":"http:\/\/noticiasemdestaque.com\/cd\/?p=21072"},"modified":"2019-12-03T07:31:08","modified_gmt":"2019-12-03T10:31:08","slug":"nao-ha-previsao-para-novos-beneficiarios-do-bolsa-familia-em-2020","status":"publish","type":"post","link":"https:\/\/noticiasemdestaque.com\/cd\/?p=21072","title":{"rendered":"N\u00e3o h\u00e1 previs\u00e3o para novos benefici\u00e1rios do Bolsa Fam\u00edlia em 2020"},"content":{"rendered":"<article id=\"post-139061\" class=\"post-139061 post type-post status-publish format-standard has-post-thumbnail hentry category-destaque category-politica\">\n<div class=\"entry-content\">\n<p><a href=\"https:\/\/noticiasemdestaque.com\/cd\/wp-content\/uploads\/2017\/09\/cartao-bolsa-familia.jpg\"><img fetchpriority=\"high\" decoding=\"async\" class=\"wp-image-4443 aligncenter\" src=\"https:\/\/noticiasemdestaque.com\/cd\/wp-content\/uploads\/2017\/09\/cartao-bolsa-familia.jpg\" alt=\"\" width=\"454\" height=\"255\" srcset=\"https:\/\/noticiasemdestaque.com\/cd\/wp-content\/uploads\/2017\/09\/cartao-bolsa-familia.jpg 660w, https:\/\/noticiasemdestaque.com\/cd\/wp-content\/uploads\/2017\/09\/cartao-bolsa-familia-300x169.jpg 300w\" sizes=\"(max-width: 454px) 100vw, 454px\" \/><\/a><\/p>\n<p>O Minist\u00e9rio da Cidadania argumentou que a cobertura do programa tem que ser compat\u00edvel com o Or\u00e7amento.<\/p>\n<p>O governo, \u201cao calcular suas despesas [com o Bolsa Fam\u00edlia] para 2020, n\u00e3o incluiu novas fam\u00edlias benefici\u00e1rias em suas proje\u00e7\u00f5es\u201d, revela o of\u00edcio.<\/p>\n<p>O projeto de Or\u00e7amento elaborado pela equipe econ\u00f4mica reservou R$ 29,5 bilh\u00f5es para o programa no pr\u00f3ximo ano -menos que os R$ 32 bilh\u00f5es de 2019 e sem a previs\u00e3o do 13\u00ba para benefici\u00e1rios, prometido pelo presidente.<\/p>\n<p>A expectativa \u00e9 que 13,2 milh\u00f5es de fam\u00edlias sejam atendidas em 2020. Essa \u00e9 a mesma cobertura registrada em novembro, ap\u00f3s os sucessivos enxugamentos do Bolsa Fam\u00edlia promovidos por Bolsonaro.<\/p>\n<p>O ministro Osmar Terra (Cidadania) disse que o n\u00famero de benefici\u00e1rios \u00e9 um processo din\u00e2mico. \u201cTodo dia entra e sai gente do Bolsa Fam\u00edlia.\u201d<\/p>\n<p>Dados obtidos pela Folha de S.Paulo, por\u00e9m, mostram o ingresso caiu a patamares extremamente baixos sob Bolsonaro.<\/p>\n<p>At\u00e9 maio, 220 mil fam\u00edlias, em m\u00e9dia, conseguiam o benef\u00edcio por m\u00eas. Em junho, caiu para 2.500, e o patamar tem se mantido baixo.<\/p>\n<p>\u00c9 a primeira vez na hist\u00f3ria do programa que o n\u00famero de ingressantes ficou tanto tempo abaixo de 10 mil fam\u00edlias.<\/p>\n<p>Reportagem publicada pela Folha em outubro mostrou que, por falta de dinheiro, o governo come\u00e7ou a barrar a entrada de novas fam\u00edlias.<\/p>\n<p>A C\u00e2mara, ent\u00e3o, pediu esclarecimentos ao Minist\u00e9rio da Cidadania. A pasta apresentou a resposta fora do prazo e sem responder aos questionamentos sobre a fila de espera.<\/p>\n<p>Integrantes do governo dizem, sob sigilo, que cerca de 700 mil fam\u00edlias aguardam para entrar no programa de transfer\u00eancia de renda, mas oficialmente o governo n\u00e3o informa os n\u00fameros e onde est\u00e1 a maior parte do problema.<\/p>\n<p>Criado em 2004, o programa atende a pessoas extremamente vulner\u00e1veis: que vivem em situa\u00e7\u00e3o de extrema pobreza, com renda per capita de at\u00e9 R$ 89 mensais, e pobreza, com renda entre R$ 89,01 e R$ 178 por m\u00eas. O benef\u00edcio m\u00e9dio atual \u00e9 de R$ 191,08.<\/p>\n<p>A fila de espera se forma quando as respostas demoram mais de 45 dias. Esse prazo vinha sendo cumprido desde agosto de 2017.<\/p>\n<p>Aos deputados o governo se recusou -mais uma vez- a fornecer dados sobre o enxugamento do Bolsa Fam\u00edlia e indicar uma solu\u00e7\u00e3o para o fim da fila. Pela Lei de Acesso \u00e0 Informa\u00e7\u00e3o, o minist\u00e9rio tamb\u00e9m n\u00e3o responde.<\/p>\n<p>Apesar da negativa, a oposi\u00e7\u00e3o na C\u00e2mara apresentou mais um requerimento para que o governo d\u00ea esclarecimentos sobre o programa.<\/p>\n<p>\u201cA recusa em fornecer a resposta, seu n\u00e3o atendimento ou o fornecimento de informa\u00e7\u00f5es falsas, importa em crime de responsabilidade\u201d, diz o deputado Ivan Valente (PSOL-SP), autor do primeiro pedido que teve a chancela da Casa.<\/p>\n<p>Um dos argumentos usados pelo governo para n\u00e3o prestar as informa\u00e7\u00f5es \u00e9 que o primeiro pedido se referia ao n\u00famero de pessoas na fila de espera, em vez de n\u00famero de fam\u00edlias, como \u00e9 a medi\u00e7\u00e3o de atendimento do programa.<\/p>\n<p>O Minist\u00e9rio da Cidadania n\u00e3o responde aos questionamentos feitos desde outubro.<\/p>\n<p>A cobertura prevista para 2020, de 13,2 milh\u00f5es de fam\u00edlias, seria a menor desde 2010, quando, em m\u00e9dia, 12,8 milh\u00f5es de casas foram beneficiadas. Portanto, o Bolsa Fam\u00edlia deve recuar a patamares vistos dez anos antes.<\/p>\n<p>Parlamentares poder\u00e3o alterar o projeto de Or\u00e7amento do pr\u00f3ximo ano e tentar ampliar a cobertura.<\/p>\n<p>O programa \u00e9 reconhecido internacionalmente como a\u00e7\u00e3o efetiva no combate \u00e0 pobreza e extrema pobreza.<\/p>\n<p>Em maio, a OCDE (Organiza\u00e7\u00e3o para a Coopera\u00e7\u00e3o e o Desenvolvimento Econ\u00f4mico), esp\u00e9cie de clube de pa\u00edses ricos, recomendou que o pa\u00eds invista mais no Bolsa Fam\u00edlia e aumente o limite de renda para que as pessoas se enquadrem no programa.<\/p>\n<p>No mesmo m\u00eas, o Bolsa Fam\u00edlia atingiu o recorde de cobertura, com 14,3 milh\u00f5es de fam\u00edlias atendidas. Desde ent\u00e3o, s\u00f3 s\u00e3o registrados recuos.<\/p>\n<p>Diante dos problemas, a oposi\u00e7\u00e3o apresentou um projeto de lei para alterar as regras do programa.<\/p>\n<p>Uma das ideias \u00e9 que, ap\u00f3s a aprova\u00e7\u00e3o do benef\u00edcio, o valor seja devido desde o momento do pedido, e n\u00e3o apenas da hora da concess\u00e3o. Al\u00e9m disso, o primeiro pagamento seria em at\u00e9 45 dias, for\u00e7ando uma resposta \u00e0 solicita\u00e7\u00e3o.<\/p>\n<p>Isso evitaria que o governo deixasse a fila de espera se formar para atrasar despesas com a popula\u00e7\u00e3o mais pobre.<\/p>\n<p>A proposta do PSOL prev\u00ea ainda que os crit\u00e9rios que definem pobreza e extrema pobreza sejam atualizados todos os anos com base na infla\u00e7\u00e3o.<\/p>\n<p>No pacote de medidas sociais lan\u00e7ado no m\u00eas passado pelo presidente da C\u00e2mara, Rodrigo Maia (DEM-RJ), h\u00e1 tamb\u00e9m uma proposta para que o benef\u00edcio do Bolsa Fam\u00edlia seja reajustado acima da infla\u00e7\u00e3o anualmente.<\/p>\n<p>O governo estuda altera\u00e7\u00f5es nos programas sociais, em especial no Bolsa Fam\u00edlia.<\/p>\n<p>Na quinta (28), o secret\u00e1rio do Tesouro Nacional, Mansueto Almeida, disse que as conversas, por\u00e9m, ainda est\u00e3o limitadas ao entorno de Bolsonaro e que a ala econ\u00f4mica ainda n\u00e3o foi consultada sobre poss\u00edveis mudan\u00e7as.<\/p>\n<p>Almeida considera o Bolsa Fam\u00edlia um dos programas mais eficazes do pa\u00eds e defende a amplia\u00e7\u00e3o das transfer\u00eancias a fam\u00edlias de baixa renda.<\/p>\n<p>Uma alternativa sugerida por ele \u00e9 que uma parte do or\u00e7amento para o abono salarial (cerca de R$ 20 bilh\u00f5es em 2020) seja destinada ao Bolsa Fam\u00edlia.<\/p>\n<p>O abono \u00e9 uma esp\u00e9cie de 14\u00ba sal\u00e1rio pago pelo governo a trabalhadores com carteira assinada e renda de at\u00e9 dois sal\u00e1rios m\u00ednimos.<\/p>\n<p>A equipe do ministro Paulo Guedes (Economia) tem a avalia\u00e7\u00e3o de que, por o abono ser voltado a pessoas j\u00e1 empregadas, a medida tem efeito social menor que o Bolsa Fam\u00edlia.<\/p>\n<p>O Ipea (Instituto de Pesquisa Econ\u00f4mica Aplicada) apresentou uma proposta de criar um novo sistema de prote\u00e7\u00e3o social no Brasil, ao fundir quatro iniciativas: Bolsa Fam\u00edlia, sal\u00e1rio-fam\u00edlia, abono salarial e revis\u00e3o da dedu\u00e7\u00e3o no Imposto de Renda.<\/p>\n<\/div>\n<\/article>\n<nav class=\"navigation post-navigation\" role=\"navigation\">\n<h2 class=\"screen-reader-text\"><\/h2>\n<div class=\"nav-links\"><\/div>\n<\/nav>\n","protected":false},"excerpt":{"rendered":"<p>O Minist\u00e9rio da Cidadania argumentou que a cobertura do programa tem que ser compat\u00edvel com o Or\u00e7amento. O governo, \u201cao calcular suas despesas [com o Bolsa Fam\u00edlia] para 2020, n\u00e3o incluiu novas fam\u00edlias benefici\u00e1rias em suas proje\u00e7\u00f5es\u201d, revela o of\u00edcio. O projeto de Or\u00e7amento elaborado pela equipe econ\u00f4mica reservou R$ 29,5 bilh\u00f5es para o programa no pr\u00f3ximo ano -menos que os R$ 32 bilh\u00f5es de 2019 e sem a previs\u00e3o do 13\u00ba para benefici\u00e1rios, prometido pelo presidente. A expectativa \u00e9 que 13,2 milh\u00f5es de fam\u00edlias sejam atendidas em 2020. Essa \u00e9 a mesma cobertura registrada em novembro, ap\u00f3s os sucessivos enxugamentos do Bolsa Fam\u00edlia promovidos por Bolsonaro. O ministro Osmar Terra (Cidadania) disse que o n\u00famero de benefici\u00e1rios \u00e9 um processo din\u00e2mico. \u201cTodo dia entra e sai gente do Bolsa Fam\u00edlia.\u201d Dados obtidos pela Folha de S.Paulo, por\u00e9m, mostram o ingresso caiu a patamares extremamente baixos sob Bolsonaro. At\u00e9 maio, 220 mil fam\u00edlias, em m\u00e9dia, conseguiam o benef\u00edcio por m\u00eas. Em junho, caiu para 2.500, e o patamar tem se mantido baixo. \u00c9 a primeira vez na hist\u00f3ria do programa que o n\u00famero de ingressantes ficou tanto tempo abaixo de 10 mil fam\u00edlias. Reportagem publicada pela Folha em outubro mostrou que, por falta de dinheiro, o governo come\u00e7ou a barrar a entrada de novas fam\u00edlias. A C\u00e2mara, ent\u00e3o, pediu esclarecimentos ao Minist\u00e9rio da Cidadania. A pasta apresentou a resposta fora do prazo e sem responder aos questionamentos sobre a fila de espera. Integrantes do governo dizem, sob sigilo, que cerca de 700 mil fam\u00edlias aguardam para entrar no programa de transfer\u00eancia de renda, mas oficialmente o governo n\u00e3o informa os n\u00fameros e onde est\u00e1 a maior parte do problema. Criado em 2004, o programa atende a pessoas extremamente vulner\u00e1veis: que vivem em situa\u00e7\u00e3o de extrema pobreza, com renda per capita de at\u00e9 R$ 89 mensais, e pobreza, com renda entre R$ 89,01 e R$ 178 por m\u00eas. O benef\u00edcio m\u00e9dio atual \u00e9 de R$ 191,08. A fila de espera se forma quando as respostas demoram mais de 45 dias. Esse prazo vinha sendo cumprido desde agosto de 2017. Aos deputados o governo se recusou -mais uma vez- a fornecer dados sobre o enxugamento do Bolsa Fam\u00edlia e indicar uma solu\u00e7\u00e3o para o fim da fila. Pela Lei de Acesso \u00e0 Informa\u00e7\u00e3o, o minist\u00e9rio tamb\u00e9m n\u00e3o responde. Apesar da negativa, a oposi\u00e7\u00e3o na C\u00e2mara apresentou mais um requerimento para que o governo d\u00ea esclarecimentos sobre o programa. \u201cA recusa em fornecer a resposta, seu n\u00e3o atendimento ou o fornecimento de informa\u00e7\u00f5es falsas, importa em crime de responsabilidade\u201d, diz o deputado Ivan Valente (PSOL-SP), autor do primeiro pedido que teve a chancela da Casa. Um dos argumentos usados pelo governo para n\u00e3o prestar as informa\u00e7\u00f5es \u00e9 que o primeiro pedido se referia ao n\u00famero de pessoas na fila de espera, em vez de n\u00famero de fam\u00edlias, como \u00e9 a medi\u00e7\u00e3o de atendimento do programa. O Minist\u00e9rio da Cidadania n\u00e3o responde aos questionamentos feitos desde outubro. A cobertura prevista para 2020, de 13,2 milh\u00f5es de fam\u00edlias, seria a menor desde 2010, quando, em m\u00e9dia, 12,8 milh\u00f5es de casas foram beneficiadas. Portanto, o Bolsa Fam\u00edlia deve recuar a patamares vistos dez anos antes. Parlamentares poder\u00e3o alterar o projeto de Or\u00e7amento do pr\u00f3ximo ano e tentar ampliar a cobertura. O programa \u00e9 reconhecido internacionalmente como a\u00e7\u00e3o efetiva no combate \u00e0 pobreza e extrema pobreza. Em maio, a OCDE (Organiza\u00e7\u00e3o para a Coopera\u00e7\u00e3o e o Desenvolvimento Econ\u00f4mico), esp\u00e9cie de clube de pa\u00edses ricos, recomendou que o pa\u00eds invista mais no Bolsa Fam\u00edlia e aumente o limite de renda para que as pessoas se enquadrem no programa. No mesmo m\u00eas, o Bolsa Fam\u00edlia atingiu o recorde de cobertura, com 14,3 milh\u00f5es de fam\u00edlias atendidas. Desde ent\u00e3o, s\u00f3 s\u00e3o registrados recuos. Diante dos problemas, a oposi\u00e7\u00e3o apresentou um projeto de lei para alterar as regras do programa. Uma das ideias \u00e9 que, ap\u00f3s a aprova\u00e7\u00e3o do benef\u00edcio, o valor seja devido desde o momento do pedido, e n\u00e3o apenas da hora da concess\u00e3o. Al\u00e9m disso, o primeiro pagamento seria em at\u00e9 45 dias, for\u00e7ando uma resposta \u00e0 solicita\u00e7\u00e3o. Isso evitaria que o governo deixasse a fila de espera se formar para atrasar despesas com a popula\u00e7\u00e3o mais pobre. A proposta do PSOL prev\u00ea ainda que os crit\u00e9rios que definem pobreza e extrema pobreza sejam atualizados todos os anos com base na infla\u00e7\u00e3o. No pacote de medidas sociais lan\u00e7ado no m\u00eas passado pelo presidente da C\u00e2mara, Rodrigo Maia (DEM-RJ), h\u00e1 tamb\u00e9m uma proposta para que o benef\u00edcio do Bolsa Fam\u00edlia seja reajustado acima da infla\u00e7\u00e3o anualmente. O governo estuda altera\u00e7\u00f5es nos programas sociais, em especial no Bolsa Fam\u00edlia. Na quinta (28), o secret\u00e1rio do Tesouro Nacional, Mansueto Almeida, disse que as conversas, por\u00e9m, ainda est\u00e3o limitadas ao entorno de Bolsonaro e que a ala econ\u00f4mica ainda n\u00e3o foi consultada sobre poss\u00edveis mudan\u00e7as. Almeida considera o Bolsa Fam\u00edlia um dos programas mais eficazes do pa\u00eds e defende a amplia\u00e7\u00e3o das transfer\u00eancias a fam\u00edlias de baixa renda. Uma alternativa sugerida por ele \u00e9 que uma parte do or\u00e7amento para o abono salarial (cerca de R$ 20 bilh\u00f5es em 2020) seja destinada ao Bolsa Fam\u00edlia. O abono \u00e9 uma esp\u00e9cie de 14\u00ba sal\u00e1rio pago pelo governo a trabalhadores com carteira assinada e renda de at\u00e9 dois sal\u00e1rios m\u00ednimos. A equipe do ministro Paulo Guedes (Economia) tem a avalia\u00e7\u00e3o de que, por o abono ser voltado a pessoas j\u00e1 empregadas, a medida tem efeito social menor que o Bolsa Fam\u00edlia. O Ipea (Instituto de Pesquisa Econ\u00f4mica Aplicada) apresentou uma proposta de criar um novo sistema de prote\u00e7\u00e3o social no Brasil, ao fundir quatro iniciativas: Bolsa Fam\u00edlia, sal\u00e1rio-fam\u00edlia, abono salarial e revis\u00e3o da dedu\u00e7\u00e3o no Imposto de Renda.<\/p>\n","protected":false},"author":2,"featured_media":4627,"comment_status":"closed","ping_status":"open","sticky":false,"template":"","format":"standard","meta":{"_eb_attr":"","_jetpack_memberships_contains_paid_content":false,"footnotes":""},"categories":[12],"tags":[],"class_list":["post-21072","post","type-post","status-publish","format-standard","has-post-thumbnail","hentry","category-geral"],"yoast_head":"<!-- This site is optimized with the Yoast SEO plugin v26.5 - https:\/\/yoast.com\/wordpress\/plugins\/seo\/ -->\n<title>N\u00e3o h\u00e1 previs\u00e3o para novos benefici\u00e1rios do Bolsa Fam\u00edlia em 2020 - Not&iacute;cias em Destaque<\/title>\n<meta name=\"robots\" content=\"index, follow, max-snippet:-1, max-image-preview:large, max-video-preview:-1\" \/>\n<link rel=\"canonical\" href=\"https:\/\/noticiasemdestaque.com\/cd\/?p=21072\" \/>\n<meta property=\"og:locale\" content=\"pt_BR\" \/>\n<meta property=\"og:type\" content=\"article\" \/>\n<meta property=\"og:title\" content=\"N\u00e3o h\u00e1 previs\u00e3o para novos benefici\u00e1rios do Bolsa Fam\u00edlia em 2020 - Not&iacute;cias em Destaque\" \/>\n<meta property=\"og:description\" content=\"O Minist\u00e9rio da Cidadania argumentou que a cobertura do programa tem que ser compat\u00edvel com o Or\u00e7amento. O governo, \u201cao calcular suas despesas [com o Bolsa Fam\u00edlia] para 2020, n\u00e3o incluiu novas fam\u00edlias benefici\u00e1rias em suas proje\u00e7\u00f5es\u201d, revela o of\u00edcio. O projeto de Or\u00e7amento elaborado pela equipe econ\u00f4mica reservou R$ 29,5 bilh\u00f5es para o programa no pr\u00f3ximo ano -menos que os R$ 32 bilh\u00f5es de 2019 e sem a previs\u00e3o do 13\u00ba para benefici\u00e1rios, prometido pelo presidente. A expectativa \u00e9 que 13,2 milh\u00f5es de fam\u00edlias sejam atendidas em 2020. Essa \u00e9 a mesma cobertura registrada em novembro, ap\u00f3s os sucessivos enxugamentos do Bolsa Fam\u00edlia promovidos por Bolsonaro. O ministro Osmar Terra (Cidadania) disse que o n\u00famero de benefici\u00e1rios \u00e9 um processo din\u00e2mico. \u201cTodo dia entra e sai gente do Bolsa Fam\u00edlia.\u201d Dados obtidos pela Folha de S.Paulo, por\u00e9m, mostram o ingresso caiu a patamares extremamente baixos sob Bolsonaro. At\u00e9 maio, 220 mil fam\u00edlias, em m\u00e9dia, conseguiam o benef\u00edcio por m\u00eas. Em junho, caiu para 2.500, e o patamar tem se mantido baixo. \u00c9 a primeira vez na hist\u00f3ria do programa que o n\u00famero de ingressantes ficou tanto tempo abaixo de 10 mil fam\u00edlias. Reportagem publicada pela Folha em outubro mostrou que, por falta de dinheiro, o governo come\u00e7ou a barrar a entrada de novas fam\u00edlias. A C\u00e2mara, ent\u00e3o, pediu esclarecimentos ao Minist\u00e9rio da Cidadania. A pasta apresentou a resposta fora do prazo e sem responder aos questionamentos sobre a fila de espera. Integrantes do governo dizem, sob sigilo, que cerca de 700 mil fam\u00edlias aguardam para entrar no programa de transfer\u00eancia de renda, mas oficialmente o governo n\u00e3o informa os n\u00fameros e onde est\u00e1 a maior parte do problema. Criado em 2004, o programa atende a pessoas extremamente vulner\u00e1veis: que vivem em situa\u00e7\u00e3o de extrema pobreza, com renda per capita de at\u00e9 R$ 89 mensais, e pobreza, com renda entre R$ 89,01 e R$ 178 por m\u00eas. O benef\u00edcio m\u00e9dio atual \u00e9 de R$ 191,08. A fila de espera se forma quando as respostas demoram mais de 45 dias. Esse prazo vinha sendo cumprido desde agosto de 2017. Aos deputados o governo se recusou -mais uma vez- a fornecer dados sobre o enxugamento do Bolsa Fam\u00edlia e indicar uma solu\u00e7\u00e3o para o fim da fila. Pela Lei de Acesso \u00e0 Informa\u00e7\u00e3o, o minist\u00e9rio tamb\u00e9m n\u00e3o responde. Apesar da negativa, a oposi\u00e7\u00e3o na C\u00e2mara apresentou mais um requerimento para que o governo d\u00ea esclarecimentos sobre o programa. \u201cA recusa em fornecer a resposta, seu n\u00e3o atendimento ou o fornecimento de informa\u00e7\u00f5es falsas, importa em crime de responsabilidade\u201d, diz o deputado Ivan Valente (PSOL-SP), autor do primeiro pedido que teve a chancela da Casa. Um dos argumentos usados pelo governo para n\u00e3o prestar as informa\u00e7\u00f5es \u00e9 que o primeiro pedido se referia ao n\u00famero de pessoas na fila de espera, em vez de n\u00famero de fam\u00edlias, como \u00e9 a medi\u00e7\u00e3o de atendimento do programa. O Minist\u00e9rio da Cidadania n\u00e3o responde aos questionamentos feitos desde outubro. A cobertura prevista para 2020, de 13,2 milh\u00f5es de fam\u00edlias, seria a menor desde 2010, quando, em m\u00e9dia, 12,8 milh\u00f5es de casas foram beneficiadas. Portanto, o Bolsa Fam\u00edlia deve recuar a patamares vistos dez anos antes. Parlamentares poder\u00e3o alterar o projeto de Or\u00e7amento do pr\u00f3ximo ano e tentar ampliar a cobertura. O programa \u00e9 reconhecido internacionalmente como a\u00e7\u00e3o efetiva no combate \u00e0 pobreza e extrema pobreza. Em maio, a OCDE (Organiza\u00e7\u00e3o para a Coopera\u00e7\u00e3o e o Desenvolvimento Econ\u00f4mico), esp\u00e9cie de clube de pa\u00edses ricos, recomendou que o pa\u00eds invista mais no Bolsa Fam\u00edlia e aumente o limite de renda para que as pessoas se enquadrem no programa. No mesmo m\u00eas, o Bolsa Fam\u00edlia atingiu o recorde de cobertura, com 14,3 milh\u00f5es de fam\u00edlias atendidas. Desde ent\u00e3o, s\u00f3 s\u00e3o registrados recuos. Diante dos problemas, a oposi\u00e7\u00e3o apresentou um projeto de lei para alterar as regras do programa. Uma das ideias \u00e9 que, ap\u00f3s a aprova\u00e7\u00e3o do benef\u00edcio, o valor seja devido desde o momento do pedido, e n\u00e3o apenas da hora da concess\u00e3o. Al\u00e9m disso, o primeiro pagamento seria em at\u00e9 45 dias, for\u00e7ando uma resposta \u00e0 solicita\u00e7\u00e3o. Isso evitaria que o governo deixasse a fila de espera se formar para atrasar despesas com a popula\u00e7\u00e3o mais pobre. A proposta do PSOL prev\u00ea ainda que os crit\u00e9rios que definem pobreza e extrema pobreza sejam atualizados todos os anos com base na infla\u00e7\u00e3o. No pacote de medidas sociais lan\u00e7ado no m\u00eas passado pelo presidente da C\u00e2mara, Rodrigo Maia (DEM-RJ), h\u00e1 tamb\u00e9m uma proposta para que o benef\u00edcio do Bolsa Fam\u00edlia seja reajustado acima da infla\u00e7\u00e3o anualmente. O governo estuda altera\u00e7\u00f5es nos programas sociais, em especial no Bolsa Fam\u00edlia. Na quinta (28), o secret\u00e1rio do Tesouro Nacional, Mansueto Almeida, disse que as conversas, por\u00e9m, ainda est\u00e3o limitadas ao entorno de Bolsonaro e que a ala econ\u00f4mica ainda n\u00e3o foi consultada sobre poss\u00edveis mudan\u00e7as. Almeida considera o Bolsa Fam\u00edlia um dos programas mais eficazes do pa\u00eds e defende a amplia\u00e7\u00e3o das transfer\u00eancias a fam\u00edlias de baixa renda. Uma alternativa sugerida por ele \u00e9 que uma parte do or\u00e7amento para o abono salarial (cerca de R$ 20 bilh\u00f5es em 2020) seja destinada ao Bolsa Fam\u00edlia. O abono \u00e9 uma esp\u00e9cie de 14\u00ba sal\u00e1rio pago pelo governo a trabalhadores com carteira assinada e renda de at\u00e9 dois sal\u00e1rios m\u00ednimos. A equipe do ministro Paulo Guedes (Economia) tem a avalia\u00e7\u00e3o de que, por o abono ser voltado a pessoas j\u00e1 empregadas, a medida tem efeito social menor que o Bolsa Fam\u00edlia. O Ipea (Instituto de Pesquisa Econ\u00f4mica Aplicada) apresentou uma proposta de criar um novo sistema de prote\u00e7\u00e3o social no Brasil, ao fundir quatro iniciativas: Bolsa Fam\u00edlia, sal\u00e1rio-fam\u00edlia, abono salarial e revis\u00e3o da dedu\u00e7\u00e3o no Imposto de Renda.\" \/>\n<meta property=\"og:url\" content=\"https:\/\/noticiasemdestaque.com\/cd\/?p=21072\" \/>\n<meta property=\"og:site_name\" content=\"Not&iacute;cias em Destaque\" \/>\n<meta property=\"article:published_time\" content=\"2019-12-03T10:31:08+00:00\" \/>\n<meta property=\"og:image\" content=\"https:\/\/noticiasemdestaque.com\/cd\/wp-content\/uploads\/2017\/09\/bolsa_familia.jpg\" \/>\n\t<meta property=\"og:image:width\" content=\"876\" \/>\n\t<meta property=\"og:image:height\" content=\"585\" \/>\n\t<meta property=\"og:image:type\" content=\"image\/jpeg\" \/>\n<meta name=\"author\" content=\"Not\u00edcias em Destaque\" \/>\n<meta name=\"twitter:card\" content=\"summary_large_image\" \/>\n<meta name=\"twitter:label1\" content=\"Escrito por\" \/>\n\t<meta name=\"twitter:data1\" content=\"Not\u00edcias em Destaque\" \/>\n\t<meta name=\"twitter:label2\" content=\"Est. tempo de leitura\" \/>\n\t<meta name=\"twitter:data2\" content=\"5 minutos\" \/>\n<script type=\"application\/ld+json\" class=\"yoast-schema-graph\">{\"@context\":\"https:\/\/schema.org\",\"@graph\":[{\"@type\":\"Article\",\"@id\":\"https:\/\/noticiasemdestaque.com\/cd\/?p=21072#article\",\"isPartOf\":{\"@id\":\"https:\/\/noticiasemdestaque.com\/cd\/?p=21072\"},\"author\":{\"name\":\"Not\u00edcias em Destaque\",\"@id\":\"https:\/\/noticiasemdestaque.com\/cd\/#\/schema\/person\/3e6ba396ff5664a69c392f09a8e1504c\"},\"headline\":\"N\u00e3o h\u00e1 previs\u00e3o para novos benefici\u00e1rios do Bolsa Fam\u00edlia em 2020\",\"datePublished\":\"2019-12-03T10:31:08+00:00\",\"mainEntityOfPage\":{\"@id\":\"https:\/\/noticiasemdestaque.com\/cd\/?p=21072\"},\"wordCount\":1052,\"publisher\":{\"@id\":\"https:\/\/noticiasemdestaque.com\/cd\/#organization\"},\"image\":{\"@id\":\"https:\/\/noticiasemdestaque.com\/cd\/?p=21072#primaryimage\"},\"thumbnailUrl\":\"https:\/\/noticiasemdestaque.com\/cd\/wp-content\/uploads\/2017\/09\/bolsa_familia.jpg\",\"articleSection\":[\"Geral\"],\"inLanguage\":\"pt-BR\"},{\"@type\":\"WebPage\",\"@id\":\"https:\/\/noticiasemdestaque.com\/cd\/?p=21072\",\"url\":\"https:\/\/noticiasemdestaque.com\/cd\/?p=21072\",\"name\":\"N\u00e3o h\u00e1 previs\u00e3o para novos benefici\u00e1rios do Bolsa Fam\u00edlia em 2020 - Not&iacute;cias em Destaque\",\"isPartOf\":{\"@id\":\"https:\/\/noticiasemdestaque.com\/cd\/#website\"},\"primaryImageOfPage\":{\"@id\":\"https:\/\/noticiasemdestaque.com\/cd\/?p=21072#primaryimage\"},\"image\":{\"@id\":\"https:\/\/noticiasemdestaque.com\/cd\/?p=21072#primaryimage\"},\"thumbnailUrl\":\"https:\/\/noticiasemdestaque.com\/cd\/wp-content\/uploads\/2017\/09\/bolsa_familia.jpg\",\"datePublished\":\"2019-12-03T10:31:08+00:00\",\"breadcrumb\":{\"@id\":\"https:\/\/noticiasemdestaque.com\/cd\/?p=21072#breadcrumb\"},\"inLanguage\":\"pt-BR\",\"potentialAction\":[{\"@type\":\"ReadAction\",\"target\":[\"https:\/\/noticiasemdestaque.com\/cd\/?p=21072\"]}]},{\"@type\":\"ImageObject\",\"inLanguage\":\"pt-BR\",\"@id\":\"https:\/\/noticiasemdestaque.com\/cd\/?p=21072#primaryimage\",\"url\":\"https:\/\/noticiasemdestaque.com\/cd\/wp-content\/uploads\/2017\/09\/bolsa_familia.jpg\",\"contentUrl\":\"https:\/\/noticiasemdestaque.com\/cd\/wp-content\/uploads\/2017\/09\/bolsa_familia.jpg\",\"width\":876,\"height\":585},{\"@type\":\"BreadcrumbList\",\"@id\":\"https:\/\/noticiasemdestaque.com\/cd\/?p=21072#breadcrumb\",\"itemListElement\":[{\"@type\":\"ListItem\",\"position\":1,\"name\":\"In\u00edcio\",\"item\":\"https:\/\/noticiasemdestaque.com\/cd\/\"},{\"@type\":\"ListItem\",\"position\":2,\"name\":\"N\u00e3o h\u00e1 previs\u00e3o para novos benefici\u00e1rios do Bolsa Fam\u00edlia em 2020\"}]},{\"@type\":\"WebSite\",\"@id\":\"https:\/\/noticiasemdestaque.com\/cd\/#website\",\"url\":\"https:\/\/noticiasemdestaque.com\/cd\/\",\"name\":\"Not&iacute;cias em Destaque\",\"description\":\"\",\"publisher\":{\"@id\":\"https:\/\/noticiasemdestaque.com\/cd\/#organization\"},\"potentialAction\":[{\"@type\":\"SearchAction\",\"target\":{\"@type\":\"EntryPoint\",\"urlTemplate\":\"https:\/\/noticiasemdestaque.com\/cd\/?s={search_term_string}\"},\"query-input\":{\"@type\":\"PropertyValueSpecification\",\"valueRequired\":true,\"valueName\":\"search_term_string\"}}],\"inLanguage\":\"pt-BR\"},{\"@type\":\"Organization\",\"@id\":\"https:\/\/noticiasemdestaque.com\/cd\/#organization\",\"name\":\"Not\u00edcias em Destaque\",\"url\":\"https:\/\/noticiasemdestaque.com\/cd\/\",\"logo\":{\"@type\":\"ImageObject\",\"inLanguage\":\"pt-BR\",\"@id\":\"https:\/\/noticiasemdestaque.com\/cd\/#\/schema\/logo\/image\/\",\"url\":\"https:\/\/noticiasemdestaque.com\/cd\/wp-content\/uploads\/2022\/05\/imagem-base-noticiasemdestaque.png\",\"contentUrl\":\"https:\/\/noticiasemdestaque.com\/cd\/wp-content\/uploads\/2022\/05\/imagem-base-noticiasemdestaque.png\",\"width\":1200,\"height\":630,\"caption\":\"Not\u00edcias em Destaque\"},\"image\":{\"@id\":\"https:\/\/noticiasemdestaque.com\/cd\/#\/schema\/logo\/image\/\"}},{\"@type\":\"Person\",\"@id\":\"https:\/\/noticiasemdestaque.com\/cd\/#\/schema\/person\/3e6ba396ff5664a69c392f09a8e1504c\",\"name\":\"Not\u00edcias em Destaque\",\"url\":\"https:\/\/noticiasemdestaque.com\/cd\/?author=2\"}]}<\/script>\n<!-- \/ Yoast SEO plugin. -->","yoast_head_json":{"title":"N\u00e3o h\u00e1 previs\u00e3o para novos benefici\u00e1rios do Bolsa Fam\u00edlia em 2020 - Not&iacute;cias em Destaque","robots":{"index":"index","follow":"follow","max-snippet":"max-snippet:-1","max-image-preview":"max-image-preview:large","max-video-preview":"max-video-preview:-1"},"canonical":"https:\/\/noticiasemdestaque.com\/cd\/?p=21072","og_locale":"pt_BR","og_type":"article","og_title":"N\u00e3o h\u00e1 previs\u00e3o para novos benefici\u00e1rios do Bolsa Fam\u00edlia em 2020 - Not&iacute;cias em Destaque","og_description":"O Minist\u00e9rio da Cidadania argumentou que a cobertura do programa tem que ser compat\u00edvel com o Or\u00e7amento. O governo, \u201cao calcular suas despesas [com o Bolsa Fam\u00edlia] para 2020, n\u00e3o incluiu novas fam\u00edlias benefici\u00e1rias em suas proje\u00e7\u00f5es\u201d, revela o of\u00edcio. O projeto de Or\u00e7amento elaborado pela equipe econ\u00f4mica reservou R$ 29,5 bilh\u00f5es para o programa no pr\u00f3ximo ano -menos que os R$ 32 bilh\u00f5es de 2019 e sem a previs\u00e3o do 13\u00ba para benefici\u00e1rios, prometido pelo presidente. A expectativa \u00e9 que 13,2 milh\u00f5es de fam\u00edlias sejam atendidas em 2020. Essa \u00e9 a mesma cobertura registrada em novembro, ap\u00f3s os sucessivos enxugamentos do Bolsa Fam\u00edlia promovidos por Bolsonaro. O ministro Osmar Terra (Cidadania) disse que o n\u00famero de benefici\u00e1rios \u00e9 um processo din\u00e2mico. \u201cTodo dia entra e sai gente do Bolsa Fam\u00edlia.\u201d Dados obtidos pela Folha de S.Paulo, por\u00e9m, mostram o ingresso caiu a patamares extremamente baixos sob Bolsonaro. At\u00e9 maio, 220 mil fam\u00edlias, em m\u00e9dia, conseguiam o benef\u00edcio por m\u00eas. Em junho, caiu para 2.500, e o patamar tem se mantido baixo. \u00c9 a primeira vez na hist\u00f3ria do programa que o n\u00famero de ingressantes ficou tanto tempo abaixo de 10 mil fam\u00edlias. Reportagem publicada pela Folha em outubro mostrou que, por falta de dinheiro, o governo come\u00e7ou a barrar a entrada de novas fam\u00edlias. A C\u00e2mara, ent\u00e3o, pediu esclarecimentos ao Minist\u00e9rio da Cidadania. A pasta apresentou a resposta fora do prazo e sem responder aos questionamentos sobre a fila de espera. Integrantes do governo dizem, sob sigilo, que cerca de 700 mil fam\u00edlias aguardam para entrar no programa de transfer\u00eancia de renda, mas oficialmente o governo n\u00e3o informa os n\u00fameros e onde est\u00e1 a maior parte do problema. Criado em 2004, o programa atende a pessoas extremamente vulner\u00e1veis: que vivem em situa\u00e7\u00e3o de extrema pobreza, com renda per capita de at\u00e9 R$ 89 mensais, e pobreza, com renda entre R$ 89,01 e R$ 178 por m\u00eas. O benef\u00edcio m\u00e9dio atual \u00e9 de R$ 191,08. A fila de espera se forma quando as respostas demoram mais de 45 dias. Esse prazo vinha sendo cumprido desde agosto de 2017. Aos deputados o governo se recusou -mais uma vez- a fornecer dados sobre o enxugamento do Bolsa Fam\u00edlia e indicar uma solu\u00e7\u00e3o para o fim da fila. Pela Lei de Acesso \u00e0 Informa\u00e7\u00e3o, o minist\u00e9rio tamb\u00e9m n\u00e3o responde. Apesar da negativa, a oposi\u00e7\u00e3o na C\u00e2mara apresentou mais um requerimento para que o governo d\u00ea esclarecimentos sobre o programa. \u201cA recusa em fornecer a resposta, seu n\u00e3o atendimento ou o fornecimento de informa\u00e7\u00f5es falsas, importa em crime de responsabilidade\u201d, diz o deputado Ivan Valente (PSOL-SP), autor do primeiro pedido que teve a chancela da Casa. Um dos argumentos usados pelo governo para n\u00e3o prestar as informa\u00e7\u00f5es \u00e9 que o primeiro pedido se referia ao n\u00famero de pessoas na fila de espera, em vez de n\u00famero de fam\u00edlias, como \u00e9 a medi\u00e7\u00e3o de atendimento do programa. O Minist\u00e9rio da Cidadania n\u00e3o responde aos questionamentos feitos desde outubro. A cobertura prevista para 2020, de 13,2 milh\u00f5es de fam\u00edlias, seria a menor desde 2010, quando, em m\u00e9dia, 12,8 milh\u00f5es de casas foram beneficiadas. Portanto, o Bolsa Fam\u00edlia deve recuar a patamares vistos dez anos antes. Parlamentares poder\u00e3o alterar o projeto de Or\u00e7amento do pr\u00f3ximo ano e tentar ampliar a cobertura. O programa \u00e9 reconhecido internacionalmente como a\u00e7\u00e3o efetiva no combate \u00e0 pobreza e extrema pobreza. Em maio, a OCDE (Organiza\u00e7\u00e3o para a Coopera\u00e7\u00e3o e o Desenvolvimento Econ\u00f4mico), esp\u00e9cie de clube de pa\u00edses ricos, recomendou que o pa\u00eds invista mais no Bolsa Fam\u00edlia e aumente o limite de renda para que as pessoas se enquadrem no programa. No mesmo m\u00eas, o Bolsa Fam\u00edlia atingiu o recorde de cobertura, com 14,3 milh\u00f5es de fam\u00edlias atendidas. Desde ent\u00e3o, s\u00f3 s\u00e3o registrados recuos. Diante dos problemas, a oposi\u00e7\u00e3o apresentou um projeto de lei para alterar as regras do programa. Uma das ideias \u00e9 que, ap\u00f3s a aprova\u00e7\u00e3o do benef\u00edcio, o valor seja devido desde o momento do pedido, e n\u00e3o apenas da hora da concess\u00e3o. Al\u00e9m disso, o primeiro pagamento seria em at\u00e9 45 dias, for\u00e7ando uma resposta \u00e0 solicita\u00e7\u00e3o. Isso evitaria que o governo deixasse a fila de espera se formar para atrasar despesas com a popula\u00e7\u00e3o mais pobre. A proposta do PSOL prev\u00ea ainda que os crit\u00e9rios que definem pobreza e extrema pobreza sejam atualizados todos os anos com base na infla\u00e7\u00e3o. No pacote de medidas sociais lan\u00e7ado no m\u00eas passado pelo presidente da C\u00e2mara, Rodrigo Maia (DEM-RJ), h\u00e1 tamb\u00e9m uma proposta para que o benef\u00edcio do Bolsa Fam\u00edlia seja reajustado acima da infla\u00e7\u00e3o anualmente. O governo estuda altera\u00e7\u00f5es nos programas sociais, em especial no Bolsa Fam\u00edlia. Na quinta (28), o secret\u00e1rio do Tesouro Nacional, Mansueto Almeida, disse que as conversas, por\u00e9m, ainda est\u00e3o limitadas ao entorno de Bolsonaro e que a ala econ\u00f4mica ainda n\u00e3o foi consultada sobre poss\u00edveis mudan\u00e7as. Almeida considera o Bolsa Fam\u00edlia um dos programas mais eficazes do pa\u00eds e defende a amplia\u00e7\u00e3o das transfer\u00eancias a fam\u00edlias de baixa renda. Uma alternativa sugerida por ele \u00e9 que uma parte do or\u00e7amento para o abono salarial (cerca de R$ 20 bilh\u00f5es em 2020) seja destinada ao Bolsa Fam\u00edlia. O abono \u00e9 uma esp\u00e9cie de 14\u00ba sal\u00e1rio pago pelo governo a trabalhadores com carteira assinada e renda de at\u00e9 dois sal\u00e1rios m\u00ednimos. A equipe do ministro Paulo Guedes (Economia) tem a avalia\u00e7\u00e3o de que, por o abono ser voltado a pessoas j\u00e1 empregadas, a medida tem efeito social menor que o Bolsa Fam\u00edlia. O Ipea (Instituto de Pesquisa Econ\u00f4mica Aplicada) apresentou uma proposta de criar um novo sistema de prote\u00e7\u00e3o social no Brasil, ao fundir quatro iniciativas: Bolsa Fam\u00edlia, sal\u00e1rio-fam\u00edlia, abono salarial e revis\u00e3o da dedu\u00e7\u00e3o no Imposto de Renda.","og_url":"https:\/\/noticiasemdestaque.com\/cd\/?p=21072","og_site_name":"Not&iacute;cias em Destaque","article_published_time":"2019-12-03T10:31:08+00:00","og_image":[{"width":876,"height":585,"url":"https:\/\/noticiasemdestaque.com\/cd\/wp-content\/uploads\/2017\/09\/bolsa_familia.jpg","type":"image\/jpeg"}],"author":"Not\u00edcias em Destaque","twitter_card":"summary_large_image","twitter_misc":{"Escrito por":"Not\u00edcias em Destaque","Est. tempo de leitura":"5 minutos"},"schema":{"@context":"https:\/\/schema.org","@graph":[{"@type":"Article","@id":"https:\/\/noticiasemdestaque.com\/cd\/?p=21072#article","isPartOf":{"@id":"https:\/\/noticiasemdestaque.com\/cd\/?p=21072"},"author":{"name":"Not\u00edcias em Destaque","@id":"https:\/\/noticiasemdestaque.com\/cd\/#\/schema\/person\/3e6ba396ff5664a69c392f09a8e1504c"},"headline":"N\u00e3o h\u00e1 previs\u00e3o para novos benefici\u00e1rios do Bolsa Fam\u00edlia em 2020","datePublished":"2019-12-03T10:31:08+00:00","mainEntityOfPage":{"@id":"https:\/\/noticiasemdestaque.com\/cd\/?p=21072"},"wordCount":1052,"publisher":{"@id":"https:\/\/noticiasemdestaque.com\/cd\/#organization"},"image":{"@id":"https:\/\/noticiasemdestaque.com\/cd\/?p=21072#primaryimage"},"thumbnailUrl":"https:\/\/noticiasemdestaque.com\/cd\/wp-content\/uploads\/2017\/09\/bolsa_familia.jpg","articleSection":["Geral"],"inLanguage":"pt-BR"},{"@type":"WebPage","@id":"https:\/\/noticiasemdestaque.com\/cd\/?p=21072","url":"https:\/\/noticiasemdestaque.com\/cd\/?p=21072","name":"N\u00e3o h\u00e1 previs\u00e3o para novos benefici\u00e1rios do Bolsa Fam\u00edlia em 2020 - Not&iacute;cias em Destaque","isPartOf":{"@id":"https:\/\/noticiasemdestaque.com\/cd\/#website"},"primaryImageOfPage":{"@id":"https:\/\/noticiasemdestaque.com\/cd\/?p=21072#primaryimage"},"image":{"@id":"https:\/\/noticiasemdestaque.com\/cd\/?p=21072#primaryimage"},"thumbnailUrl":"https:\/\/noticiasemdestaque.com\/cd\/wp-content\/uploads\/2017\/09\/bolsa_familia.jpg","datePublished":"2019-12-03T10:31:08+00:00","breadcrumb":{"@id":"https:\/\/noticiasemdestaque.com\/cd\/?p=21072#breadcrumb"},"inLanguage":"pt-BR","potentialAction":[{"@type":"ReadAction","target":["https:\/\/noticiasemdestaque.com\/cd\/?p=21072"]}]},{"@type":"ImageObject","inLanguage":"pt-BR","@id":"https:\/\/noticiasemdestaque.com\/cd\/?p=21072#primaryimage","url":"https:\/\/noticiasemdestaque.com\/cd\/wp-content\/uploads\/2017\/09\/bolsa_familia.jpg","contentUrl":"https:\/\/noticiasemdestaque.com\/cd\/wp-content\/uploads\/2017\/09\/bolsa_familia.jpg","width":876,"height":585},{"@type":"BreadcrumbList","@id":"https:\/\/noticiasemdestaque.com\/cd\/?p=21072#breadcrumb","itemListElement":[{"@type":"ListItem","position":1,"name":"In\u00edcio","item":"https:\/\/noticiasemdestaque.com\/cd\/"},{"@type":"ListItem","position":2,"name":"N\u00e3o h\u00e1 previs\u00e3o para novos benefici\u00e1rios do Bolsa Fam\u00edlia em 2020"}]},{"@type":"WebSite","@id":"https:\/\/noticiasemdestaque.com\/cd\/#website","url":"https:\/\/noticiasemdestaque.com\/cd\/","name":"Not&iacute;cias em Destaque","description":"","publisher":{"@id":"https:\/\/noticiasemdestaque.com\/cd\/#organization"},"potentialAction":[{"@type":"SearchAction","target":{"@type":"EntryPoint","urlTemplate":"https:\/\/noticiasemdestaque.com\/cd\/?s={search_term_string}"},"query-input":{"@type":"PropertyValueSpecification","valueRequired":true,"valueName":"search_term_string"}}],"inLanguage":"pt-BR"},{"@type":"Organization","@id":"https:\/\/noticiasemdestaque.com\/cd\/#organization","name":"Not\u00edcias em Destaque","url":"https:\/\/noticiasemdestaque.com\/cd\/","logo":{"@type":"ImageObject","inLanguage":"pt-BR","@id":"https:\/\/noticiasemdestaque.com\/cd\/#\/schema\/logo\/image\/","url":"https:\/\/noticiasemdestaque.com\/cd\/wp-content\/uploads\/2022\/05\/imagem-base-noticiasemdestaque.png","contentUrl":"https:\/\/noticiasemdestaque.com\/cd\/wp-content\/uploads\/2022\/05\/imagem-base-noticiasemdestaque.png","width":1200,"height":630,"caption":"Not\u00edcias em Destaque"},"image":{"@id":"https:\/\/noticiasemdestaque.com\/cd\/#\/schema\/logo\/image\/"}},{"@type":"Person","@id":"https:\/\/noticiasemdestaque.com\/cd\/#\/schema\/person\/3e6ba396ff5664a69c392f09a8e1504c","name":"Not\u00edcias em Destaque","url":"https:\/\/noticiasemdestaque.com\/cd\/?author=2"}]}},"jetpack_featured_media_url":"https:\/\/noticiasemdestaque.com\/cd\/wp-content\/uploads\/2017\/09\/bolsa_familia.jpg","jetpack_sharing_enabled":true,"_links":{"self":[{"href":"https:\/\/noticiasemdestaque.com\/cd\/index.php?rest_route=\/wp\/v2\/posts\/21072","targetHints":{"allow":["GET"]}}],"collection":[{"href":"https:\/\/noticiasemdestaque.com\/cd\/index.php?rest_route=\/wp\/v2\/posts"}],"about":[{"href":"https:\/\/noticiasemdestaque.com\/cd\/index.php?rest_route=\/wp\/v2\/types\/post"}],"author":[{"embeddable":true,"href":"https:\/\/noticiasemdestaque.com\/cd\/index.php?rest_route=\/wp\/v2\/users\/2"}],"replies":[{"embeddable":true,"href":"https:\/\/noticiasemdestaque.com\/cd\/index.php?rest_route=%2Fwp%2Fv2%2Fcomments&post=21072"}],"version-history":[{"count":1,"href":"https:\/\/noticiasemdestaque.com\/cd\/index.php?rest_route=\/wp\/v2\/posts\/21072\/revisions"}],"predecessor-version":[{"id":21073,"href":"https:\/\/noticiasemdestaque.com\/cd\/index.php?rest_route=\/wp\/v2\/posts\/21072\/revisions\/21073"}],"wp:featuredmedia":[{"embeddable":true,"href":"https:\/\/noticiasemdestaque.com\/cd\/index.php?rest_route=\/wp\/v2\/media\/4627"}],"wp:attachment":[{"href":"https:\/\/noticiasemdestaque.com\/cd\/index.php?rest_route=%2Fwp%2Fv2%2Fmedia&parent=21072"}],"wp:term":[{"taxonomy":"category","embeddable":true,"href":"https:\/\/noticiasemdestaque.com\/cd\/index.php?rest_route=%2Fwp%2Fv2%2Fcategories&post=21072"},{"taxonomy":"post_tag","embeddable":true,"href":"https:\/\/noticiasemdestaque.com\/cd\/index.php?rest_route=%2Fwp%2Fv2%2Ftags&post=21072"}],"curies":[{"name":"wp","href":"https:\/\/api.w.org\/{rel}","templated":true}]}}