{"id":20836,"date":"2019-11-22T08:08:02","date_gmt":"2019-11-22T11:08:02","guid":{"rendered":"http:\/\/noticiasemdestaque.com\/cd\/?p=20836"},"modified":"2019-11-22T08:12:23","modified_gmt":"2019-11-22T11:12:23","slug":"vereador-flavio-paulino-solicita-perfuracao-de-pocos-ao-deputado-caio-roberto","status":"publish","type":"post","link":"https:\/\/noticiasemdestaque.com\/cd\/?p=20836","title":{"rendered":"Vereador Fl\u00e1vio Paulino solicita perfura\u00e7\u00e3o de po\u00e7os ao deputado Caio Roberto"},"content":{"rendered":"<p>&nbsp;<\/p>\n<p><a href=\"https:\/\/noticiasemdestaque.com\/cd\/wp-content\/uploads\/2019\/11\/8ff35c01-e2d1-4ef6-b282-6190ef9dbb74.jpg\"><img fetchpriority=\"high\" decoding=\"async\" class=\"wp-image-20837 aligncenter\" src=\"https:\/\/noticiasemdestaque.com\/cd\/wp-content\/uploads\/2019\/11\/8ff35c01-e2d1-4ef6-b282-6190ef9dbb74.jpg\" alt=\"\" width=\"419\" height=\"411\" srcset=\"https:\/\/noticiasemdestaque.com\/cd\/wp-content\/uploads\/2019\/11\/8ff35c01-e2d1-4ef6-b282-6190ef9dbb74.jpg 556w, https:\/\/noticiasemdestaque.com\/cd\/wp-content\/uploads\/2019\/11\/8ff35c01-e2d1-4ef6-b282-6190ef9dbb74-300x294.jpg 300w\" sizes=\"(max-width: 419px) 100vw, 419px\" \/><\/a><\/p>\n<p>O vereador do munic\u00edpio de Sum\u00e9, Fl\u00e1vio Paulino (PL), esteve nesta quinta-feira (21), em Jo\u00e3o Pessoa, no gabinete do deputado estadual Caio Roberto (PL).<\/p>\n<p>Na oportunidade, Fl\u00e1vio Paulino protocolou oficio solicitando ao parlamentar a perfura\u00e7\u00e3o de po\u00e7os para as comunidades de Pitombeira, Riach\u00e3o e Riacho da Ro\u00e7a.<\/p>\n<p>Para Fl\u00e1vio Paulino, &#8220;a perfura\u00e7\u00e3o de po\u00e7os visa atenuar a car\u00eancia de \u00e1gua na regi\u00e3o, fomentando a produ\u00e7\u00e3o da agricultura ali praticada&#8221;, finalizou o vereador.<\/p>\n<p><em><strong>Not\u00edcias em Destaque<\/strong><\/em><\/p>\n<p>&nbsp;<\/p>\n","protected":false},"excerpt":{"rendered":"<p>&nbsp; O vereador do munic\u00edpio de Sum\u00e9, Fl\u00e1vio Paulino (PL), esteve nesta quinta-feira (21), em Jo\u00e3o Pessoa, no gabinete do deputado estadual Caio Roberto (PL). Na oportunidade, Fl\u00e1vio Paulino protocolou oficio solicitando ao parlamentar a perfura\u00e7\u00e3o de po\u00e7os para as comunidades de Pitombeira, Riach\u00e3o e Riacho da Ro\u00e7a. Para Fl\u00e1vio Paulino, &#8220;a perfura\u00e7\u00e3o de po\u00e7os visa atenuar a car\u00eancia de \u00e1gua na regi\u00e3o, fomentando a produ\u00e7\u00e3o da agricultura ali praticada&#8221;, finalizou o vereador. Not\u00edcias em Destaque &nbsp;<\/p>\n","protected":false},"author":2,"featured_media":20837,"comment_status":"closed","ping_status":"open","sticky":false,"template":"","format":"standard","meta":{"_eb_attr":"","_jetpack_memberships_contains_paid_content":false,"footnotes":""},"categories":[4],"tags":[],"class_list":["post-20836","post","type-post","status-publish","format-standard","has-post-thumbnail","hentry","category-politica"],"yoast_head":"<!-- This site is optimized with the Yoast SEO plugin v26.5 - https:\/\/yoast.com\/wordpress\/plugins\/seo\/ -->\n<title>Vereador Fl\u00e1vio Paulino solicita perfura\u00e7\u00e3o de po\u00e7os ao deputado Caio Roberto - Not&iacute;cias em Destaque<\/title>\n<meta name=\"robots\" content=\"index, follow, max-snippet:-1, max-image-preview:large, max-video-preview:-1\" \/>\n<link rel=\"canonical\" href=\"https:\/\/noticiasemdestaque.com\/cd\/?p=20836\" \/>\n<meta property=\"og:locale\" content=\"pt_BR\" \/>\n<meta property=\"og:type\" content=\"article\" \/>\n<meta property=\"og:title\" content=\"Vereador Fl\u00e1vio Paulino solicita perfura\u00e7\u00e3o de po\u00e7os ao deputado Caio Roberto - Not&iacute;cias em Destaque\" \/>\n<meta property=\"og:description\" content=\"&nbsp; O vereador do munic\u00edpio de Sum\u00e9, Fl\u00e1vio Paulino (PL), esteve nesta quinta-feira (21), em Jo\u00e3o Pessoa, no gabinete do deputado estadual Caio Roberto (PL). Na oportunidade, Fl\u00e1vio Paulino protocolou oficio solicitando ao parlamentar a perfura\u00e7\u00e3o de po\u00e7os para as comunidades de Pitombeira, Riach\u00e3o e Riacho da Ro\u00e7a. Para Fl\u00e1vio Paulino, &#8220;a perfura\u00e7\u00e3o de po\u00e7os visa atenuar a car\u00eancia de \u00e1gua na regi\u00e3o, fomentando a produ\u00e7\u00e3o da agricultura ali praticada&#8221;, finalizou o vereador. Not\u00edcias em Destaque &nbsp;\" \/>\n<meta property=\"og:url\" content=\"https:\/\/noticiasemdestaque.com\/cd\/?p=20836\" \/>\n<meta property=\"og:site_name\" content=\"Not&iacute;cias em Destaque\" \/>\n<meta property=\"article:published_time\" content=\"2019-11-22T11:08:02+00:00\" \/>\n<meta property=\"article:modified_time\" content=\"2019-11-22T11:12:23+00:00\" \/>\n<meta property=\"og:image\" content=\"https:\/\/noticiasemdestaque.com\/cd\/wp-content\/uploads\/2019\/11\/8ff35c01-e2d1-4ef6-b282-6190ef9dbb74.jpg\" \/>\n\t<meta property=\"og:image:width\" content=\"556\" \/>\n\t<meta property=\"og:image:height\" content=\"544\" \/>\n\t<meta property=\"og:image:type\" content=\"image\/jpeg\" \/>\n<meta name=\"author\" content=\"Not\u00edcias em Destaque\" \/>\n<meta name=\"twitter:card\" content=\"summary_large_image\" \/>\n<meta name=\"twitter:label1\" content=\"Escrito por\" \/>\n\t<meta name=\"twitter:data1\" content=\"Not\u00edcias em Destaque\" \/>\n<script type=\"application\/ld+json\" class=\"yoast-schema-graph\">{\"@context\":\"https:\/\/schema.org\",\"@graph\":[{\"@type\":\"Article\",\"@id\":\"https:\/\/noticiasemdestaque.com\/cd\/?p=20836#article\",\"isPartOf\":{\"@id\":\"https:\/\/noticiasemdestaque.com\/cd\/?p=20836\"},\"author\":{\"name\":\"Not\u00edcias em Destaque\",\"@id\":\"https:\/\/noticiasemdestaque.com\/cd\/#\/schema\/person\/3e6ba396ff5664a69c392f09a8e1504c\"},\"headline\":\"Vereador Fl\u00e1vio Paulino solicita perfura\u00e7\u00e3o de po\u00e7os ao deputado Caio Roberto\",\"datePublished\":\"2019-11-22T11:08:02+00:00\",\"dateModified\":\"2019-11-22T11:12:23+00:00\",\"mainEntityOfPage\":{\"@id\":\"https:\/\/noticiasemdestaque.com\/cd\/?p=20836\"},\"wordCount\":105,\"publisher\":{\"@id\":\"https:\/\/noticiasemdestaque.com\/cd\/#organization\"},\"image\":{\"@id\":\"https:\/\/noticiasemdestaque.com\/cd\/?p=20836#primaryimage\"},\"thumbnailUrl\":\"https:\/\/noticiasemdestaque.com\/cd\/wp-content\/uploads\/2019\/11\/8ff35c01-e2d1-4ef6-b282-6190ef9dbb74.jpg\",\"articleSection\":[\"Pol\u00edtica\"],\"inLanguage\":\"pt-BR\"},{\"@type\":\"WebPage\",\"@id\":\"https:\/\/noticiasemdestaque.com\/cd\/?p=20836\",\"url\":\"https:\/\/noticiasemdestaque.com\/cd\/?p=20836\",\"name\":\"Vereador Fl\u00e1vio Paulino solicita perfura\u00e7\u00e3o de po\u00e7os ao deputado Caio Roberto - Not&iacute;cias em Destaque\",\"isPartOf\":{\"@id\":\"https:\/\/noticiasemdestaque.com\/cd\/#website\"},\"primaryImageOfPage\":{\"@id\":\"https:\/\/noticiasemdestaque.com\/cd\/?p=20836#primaryimage\"},\"image\":{\"@id\":\"https:\/\/noticiasemdestaque.com\/cd\/?p=20836#primaryimage\"},\"thumbnailUrl\":\"https:\/\/noticiasemdestaque.com\/cd\/wp-content\/uploads\/2019\/11\/8ff35c01-e2d1-4ef6-b282-6190ef9dbb74.jpg\",\"datePublished\":\"2019-11-22T11:08:02+00:00\",\"dateModified\":\"2019-11-22T11:12:23+00:00\",\"breadcrumb\":{\"@id\":\"https:\/\/noticiasemdestaque.com\/cd\/?p=20836#breadcrumb\"},\"inLanguage\":\"pt-BR\",\"potentialAction\":[{\"@type\":\"ReadAction\",\"target\":[\"https:\/\/noticiasemdestaque.com\/cd\/?p=20836\"]}]},{\"@type\":\"ImageObject\",\"inLanguage\":\"pt-BR\",\"@id\":\"https:\/\/noticiasemdestaque.com\/cd\/?p=20836#primaryimage\",\"url\":\"https:\/\/noticiasemdestaque.com\/cd\/wp-content\/uploads\/2019\/11\/8ff35c01-e2d1-4ef6-b282-6190ef9dbb74.jpg\",\"contentUrl\":\"https:\/\/noticiasemdestaque.com\/cd\/wp-content\/uploads\/2019\/11\/8ff35c01-e2d1-4ef6-b282-6190ef9dbb74.jpg\",\"width\":556,\"height\":544},{\"@type\":\"BreadcrumbList\",\"@id\":\"https:\/\/noticiasemdestaque.com\/cd\/?p=20836#breadcrumb\",\"itemListElement\":[{\"@type\":\"ListItem\",\"position\":1,\"name\":\"In\u00edcio\",\"item\":\"https:\/\/noticiasemdestaque.com\/cd\/\"},{\"@type\":\"ListItem\",\"position\":2,\"name\":\"Vereador Fl\u00e1vio Paulino solicita perfura\u00e7\u00e3o de po\u00e7os ao deputado Caio Roberto\"}]},{\"@type\":\"WebSite\",\"@id\":\"https:\/\/noticiasemdestaque.com\/cd\/#website\",\"url\":\"https:\/\/noticiasemdestaque.com\/cd\/\",\"name\":\"Not&iacute;cias em Destaque\",\"description\":\"\",\"publisher\":{\"@id\":\"https:\/\/noticiasemdestaque.com\/cd\/#organization\"},\"potentialAction\":[{\"@type\":\"SearchAction\",\"target\":{\"@type\":\"EntryPoint\",\"urlTemplate\":\"https:\/\/noticiasemdestaque.com\/cd\/?s={search_term_string}\"},\"query-input\":{\"@type\":\"PropertyValueSpecification\",\"valueRequired\":true,\"valueName\":\"search_term_string\"}}],\"inLanguage\":\"pt-BR\"},{\"@type\":\"Organization\",\"@id\":\"https:\/\/noticiasemdestaque.com\/cd\/#organization\",\"name\":\"Not\u00edcias em Destaque\",\"url\":\"https:\/\/noticiasemdestaque.com\/cd\/\",\"logo\":{\"@type\":\"ImageObject\",\"inLanguage\":\"pt-BR\",\"@id\":\"https:\/\/noticiasemdestaque.com\/cd\/#\/schema\/logo\/image\/\",\"url\":\"https:\/\/noticiasemdestaque.com\/cd\/wp-content\/uploads\/2022\/05\/imagem-base-noticiasemdestaque.png\",\"contentUrl\":\"https:\/\/noticiasemdestaque.com\/cd\/wp-content\/uploads\/2022\/05\/imagem-base-noticiasemdestaque.png\",\"width\":1200,\"height\":630,\"caption\":\"Not\u00edcias em Destaque\"},\"image\":{\"@id\":\"https:\/\/noticiasemdestaque.com\/cd\/#\/schema\/logo\/image\/\"}},{\"@type\":\"Person\",\"@id\":\"https:\/\/noticiasemdestaque.com\/cd\/#\/schema\/person\/3e6ba396ff5664a69c392f09a8e1504c\",\"name\":\"Not\u00edcias em Destaque\",\"url\":\"https:\/\/noticiasemdestaque.com\/cd\/?author=2\"}]}<\/script>\n<!-- \/ Yoast SEO plugin. -->","yoast_head_json":{"title":"Vereador Fl\u00e1vio Paulino solicita perfura\u00e7\u00e3o de po\u00e7os ao deputado Caio Roberto - Not&iacute;cias em Destaque","robots":{"index":"index","follow":"follow","max-snippet":"max-snippet:-1","max-image-preview":"max-image-preview:large","max-video-preview":"max-video-preview:-1"},"canonical":"https:\/\/noticiasemdestaque.com\/cd\/?p=20836","og_locale":"pt_BR","og_type":"article","og_title":"Vereador Fl\u00e1vio Paulino solicita perfura\u00e7\u00e3o de po\u00e7os ao deputado Caio Roberto - Not&iacute;cias em Destaque","og_description":"&nbsp; O vereador do munic\u00edpio de Sum\u00e9, Fl\u00e1vio Paulino (PL), esteve nesta quinta-feira (21), em Jo\u00e3o Pessoa, no gabinete do deputado estadual Caio Roberto (PL). Na oportunidade, Fl\u00e1vio Paulino protocolou oficio solicitando ao parlamentar a perfura\u00e7\u00e3o de po\u00e7os para as comunidades de Pitombeira, Riach\u00e3o e Riacho da Ro\u00e7a. Para Fl\u00e1vio Paulino, &#8220;a perfura\u00e7\u00e3o de po\u00e7os visa atenuar a car\u00eancia de \u00e1gua na regi\u00e3o, fomentando a produ\u00e7\u00e3o da agricultura ali praticada&#8221;, finalizou o vereador. Not\u00edcias em Destaque &nbsp;","og_url":"https:\/\/noticiasemdestaque.com\/cd\/?p=20836","og_site_name":"Not&iacute;cias em Destaque","article_published_time":"2019-11-22T11:08:02+00:00","article_modified_time":"2019-11-22T11:12:23+00:00","og_image":[{"width":556,"height":544,"url":"https:\/\/noticiasemdestaque.com\/cd\/wp-content\/uploads\/2019\/11\/8ff35c01-e2d1-4ef6-b282-6190ef9dbb74.jpg","type":"image\/jpeg"}],"author":"Not\u00edcias em Destaque","twitter_card":"summary_large_image","twitter_misc":{"Escrito por":"Not\u00edcias em Destaque"},"schema":{"@context":"https:\/\/schema.org","@graph":[{"@type":"Article","@id":"https:\/\/noticiasemdestaque.com\/cd\/?p=20836#article","isPartOf":{"@id":"https:\/\/noticiasemdestaque.com\/cd\/?p=20836"},"author":{"name":"Not\u00edcias em Destaque","@id":"https:\/\/noticiasemdestaque.com\/cd\/#\/schema\/person\/3e6ba396ff5664a69c392f09a8e1504c"},"headline":"Vereador Fl\u00e1vio Paulino solicita perfura\u00e7\u00e3o de po\u00e7os ao deputado Caio Roberto","datePublished":"2019-11-22T11:08:02+00:00","dateModified":"2019-11-22T11:12:23+00:00","mainEntityOfPage":{"@id":"https:\/\/noticiasemdestaque.com\/cd\/?p=20836"},"wordCount":105,"publisher":{"@id":"https:\/\/noticiasemdestaque.com\/cd\/#organization"},"image":{"@id":"https:\/\/noticiasemdestaque.com\/cd\/?p=20836#primaryimage"},"thumbnailUrl":"https:\/\/noticiasemdestaque.com\/cd\/wp-content\/uploads\/2019\/11\/8ff35c01-e2d1-4ef6-b282-6190ef9dbb74.jpg","articleSection":["Pol\u00edtica"],"inLanguage":"pt-BR"},{"@type":"WebPage","@id":"https:\/\/noticiasemdestaque.com\/cd\/?p=20836","url":"https:\/\/noticiasemdestaque.com\/cd\/?p=20836","name":"Vereador Fl\u00e1vio Paulino solicita perfura\u00e7\u00e3o de po\u00e7os ao deputado Caio Roberto - Not&iacute;cias em Destaque","isPartOf":{"@id":"https:\/\/noticiasemdestaque.com\/cd\/#website"},"primaryImageOfPage":{"@id":"https:\/\/noticiasemdestaque.com\/cd\/?p=20836#primaryimage"},"image":{"@id":"https:\/\/noticiasemdestaque.com\/cd\/?p=20836#primaryimage"},"thumbnailUrl":"https:\/\/noticiasemdestaque.com\/cd\/wp-content\/uploads\/2019\/11\/8ff35c01-e2d1-4ef6-b282-6190ef9dbb74.jpg","datePublished":"2019-11-22T11:08:02+00:00","dateModified":"2019-11-22T11:12:23+00:00","breadcrumb":{"@id":"https:\/\/noticiasemdestaque.com\/cd\/?p=20836#breadcrumb"},"inLanguage":"pt-BR","potentialAction":[{"@type":"ReadAction","target":["https:\/\/noticiasemdestaque.com\/cd\/?p=20836"]}]},{"@type":"ImageObject","inLanguage":"pt-BR","@id":"https:\/\/noticiasemdestaque.com\/cd\/?p=20836#primaryimage","url":"https:\/\/noticiasemdestaque.com\/cd\/wp-content\/uploads\/2019\/11\/8ff35c01-e2d1-4ef6-b282-6190ef9dbb74.jpg","contentUrl":"https:\/\/noticiasemdestaque.com\/cd\/wp-content\/uploads\/2019\/11\/8ff35c01-e2d1-4ef6-b282-6190ef9dbb74.jpg","width":556,"height":544},{"@type":"BreadcrumbList","@id":"https:\/\/noticiasemdestaque.com\/cd\/?p=20836#breadcrumb","itemListElement":[{"@type":"ListItem","position":1,"name":"In\u00edcio","item":"https:\/\/noticiasemdestaque.com\/cd\/"},{"@type":"ListItem","position":2,"name":"Vereador Fl\u00e1vio Paulino solicita perfura\u00e7\u00e3o de po\u00e7os ao deputado Caio Roberto"}]},{"@type":"WebSite","@id":"https:\/\/noticiasemdestaque.com\/cd\/#website","url":"https:\/\/noticiasemdestaque.com\/cd\/","name":"Not&iacute;cias em Destaque","description":"","publisher":{"@id":"https:\/\/noticiasemdestaque.com\/cd\/#organization"},"potentialAction":[{"@type":"SearchAction","target":{"@type":"EntryPoint","urlTemplate":"https:\/\/noticiasemdestaque.com\/cd\/?s={search_term_string}"},"query-input":{"@type":"PropertyValueSpecification","valueRequired":true,"valueName":"search_term_string"}}],"inLanguage":"pt-BR"},{"@type":"Organization","@id":"https:\/\/noticiasemdestaque.com\/cd\/#organization","name":"Not\u00edcias em Destaque","url":"https:\/\/noticiasemdestaque.com\/cd\/","logo":{"@type":"ImageObject","inLanguage":"pt-BR","@id":"https:\/\/noticiasemdestaque.com\/cd\/#\/schema\/logo\/image\/","url":"https:\/\/noticiasemdestaque.com\/cd\/wp-content\/uploads\/2022\/05\/imagem-base-noticiasemdestaque.png","contentUrl":"https:\/\/noticiasemdestaque.com\/cd\/wp-content\/uploads\/2022\/05\/imagem-base-noticiasemdestaque.png","width":1200,"height":630,"caption":"Not\u00edcias em Destaque"},"image":{"@id":"https:\/\/noticiasemdestaque.com\/cd\/#\/schema\/logo\/image\/"}},{"@type":"Person","@id":"https:\/\/noticiasemdestaque.com\/cd\/#\/schema\/person\/3e6ba396ff5664a69c392f09a8e1504c","name":"Not\u00edcias em Destaque","url":"https:\/\/noticiasemdestaque.com\/cd\/?author=2"}]}},"jetpack_featured_media_url":"https:\/\/noticiasemdestaque.com\/cd\/wp-content\/uploads\/2019\/11\/8ff35c01-e2d1-4ef6-b282-6190ef9dbb74.jpg","jetpack_sharing_enabled":true,"_links":{"self":[{"href":"https:\/\/noticiasemdestaque.com\/cd\/index.php?rest_route=\/wp\/v2\/posts\/20836","targetHints":{"allow":["GET"]}}],"collection":[{"href":"https:\/\/noticiasemdestaque.com\/cd\/index.php?rest_route=\/wp\/v2\/posts"}],"about":[{"href":"https:\/\/noticiasemdestaque.com\/cd\/index.php?rest_route=\/wp\/v2\/types\/post"}],"author":[{"embeddable":true,"href":"https:\/\/noticiasemdestaque.com\/cd\/index.php?rest_route=\/wp\/v2\/users\/2"}],"replies":[{"embeddable":true,"href":"https:\/\/noticiasemdestaque.com\/cd\/index.php?rest_route=%2Fwp%2Fv2%2Fcomments&post=20836"}],"version-history":[{"count":3,"href":"https:\/\/noticiasemdestaque.com\/cd\/index.php?rest_route=\/wp\/v2\/posts\/20836\/revisions"}],"predecessor-version":[{"id":20841,"href":"https:\/\/noticiasemdestaque.com\/cd\/index.php?rest_route=\/wp\/v2\/posts\/20836\/revisions\/20841"}],"wp:featuredmedia":[{"embeddable":true,"href":"https:\/\/noticiasemdestaque.com\/cd\/index.php?rest_route=\/wp\/v2\/media\/20837"}],"wp:attachment":[{"href":"https:\/\/noticiasemdestaque.com\/cd\/index.php?rest_route=%2Fwp%2Fv2%2Fmedia&parent=20836"}],"wp:term":[{"taxonomy":"category","embeddable":true,"href":"https:\/\/noticiasemdestaque.com\/cd\/index.php?rest_route=%2Fwp%2Fv2%2Fcategories&post=20836"},{"taxonomy":"post_tag","embeddable":true,"href":"https:\/\/noticiasemdestaque.com\/cd\/index.php?rest_route=%2Fwp%2Fv2%2Ftags&post=20836"}],"curies":[{"name":"wp","href":"https:\/\/api.w.org\/{rel}","templated":true}]}}