{"id":20824,"date":"2019-11-22T07:32:53","date_gmt":"2019-11-22T10:32:53","guid":{"rendered":"http:\/\/noticiasemdestaque.com\/cd\/?p=20824"},"modified":"2019-11-22T07:32:53","modified_gmt":"2019-11-22T10:32:53","slug":"gugu-esta-na-uti-e-vivo-diz-novo-comunicado","status":"publish","type":"post","link":"https:\/\/noticiasemdestaque.com\/cd\/?p=20824","title":{"rendered":"\u2018Gugu est\u00e1 na UTI e vivo\u2019, diz novo comunicado"},"content":{"rendered":"<p><a href=\"https:\/\/noticiasemdestaque.com\/cd\/wp-content\/uploads\/2019\/11\/gugu-liberato-apresentando-o-programa-_domingo-legal_-do-sbt..jpg\"><img fetchpriority=\"high\" decoding=\"async\" class=\"wp-image-20825 aligncenter\" src=\"https:\/\/noticiasemdestaque.com\/cd\/wp-content\/uploads\/2019\/11\/gugu-liberato-apresentando-o-programa-_domingo-legal_-do-sbt..jpg\" alt=\"\" width=\"450\" height=\"300\" srcset=\"https:\/\/noticiasemdestaque.com\/cd\/wp-content\/uploads\/2019\/11\/gugu-liberato-apresentando-o-programa-_domingo-legal_-do-sbt..jpg 680w, https:\/\/noticiasemdestaque.com\/cd\/wp-content\/uploads\/2019\/11\/gugu-liberato-apresentando-o-programa-_domingo-legal_-do-sbt.-300x200.jpg 300w, https:\/\/noticiasemdestaque.com\/cd\/wp-content\/uploads\/2019\/11\/gugu-liberato-apresentando-o-programa-_domingo-legal_-do-sbt.-480x320.jpg 480w\" sizes=\"(max-width: 450px) 100vw, 450px\" \/><\/a><\/p>\n<p>A assessoria do apresentador\u00a0<strong><a href=\"https:\/\/veja.abril.com.br\/noticias-sobre\/gugu-liberato\/\">Gugu Liberato<\/a><\/strong>\u00a0divulgou na noite desta quinta-feira, 21, um comunicado afirmando que ele est\u00e1 na \u201cUTI e vivo, sendo acompanhado pela equipe m\u00e9dica local\u201d.<\/p>\n<p>Gugu\u00a0sofreu um acidente em sua resid\u00eancia em Orlando, nos Estados Unidos, nesta quarta-feira e precisou ser hospitalizado. A informa\u00e7\u00e3o foi confirmada \u00e0 VEJA por meio de um comunicado da assessoria de imprensa do apresentador.<\/p>\n<p>Os familiares de Gugu chegaram a Orlando por volta das 19h30 desta quinta-feira e ir\u00e3o conversar pessoalmente com a equipe m\u00e9dica.<\/p>\n<p>De acordo com os procedimentos do hospital, somente amanh\u00e3, sexta-feira, 22, um boletim m\u00e9dico ser\u00e1 divulgado primeiramente \u00e0 fam\u00edlia.<\/p>\n<p>Com Veja<\/p>\n","protected":false},"excerpt":{"rendered":"<p>A assessoria do apresentador\u00a0Gugu Liberato\u00a0divulgou na noite desta quinta-feira, 21, um comunicado afirmando que ele est\u00e1 na \u201cUTI e vivo, sendo acompanhado pela equipe m\u00e9dica local\u201d. Gugu\u00a0sofreu um acidente em sua resid\u00eancia em Orlando, nos Estados Unidos, nesta quarta-feira e precisou ser hospitalizado. A informa\u00e7\u00e3o foi confirmada \u00e0 VEJA por meio de um comunicado da assessoria de imprensa do apresentador. Os familiares de Gugu chegaram a Orlando por volta das 19h30 desta quinta-feira e ir\u00e3o conversar pessoalmente com a equipe m\u00e9dica. De acordo com os procedimentos do hospital, somente amanh\u00e3, sexta-feira, 22, um boletim m\u00e9dico ser\u00e1 divulgado primeiramente \u00e0 fam\u00edlia. Com Veja<\/p>\n","protected":false},"author":2,"featured_media":20825,"comment_status":"closed","ping_status":"open","sticky":false,"template":"","format":"standard","meta":{"_eb_attr":"","_jetpack_memberships_contains_paid_content":false,"footnotes":""},"categories":[12],"tags":[],"class_list":["post-20824","post","type-post","status-publish","format-standard","has-post-thumbnail","hentry","category-geral"],"yoast_head":"<!-- This site is optimized with the Yoast SEO plugin v26.5 - https:\/\/yoast.com\/wordpress\/plugins\/seo\/ -->\n<title>\u2018Gugu est\u00e1 na UTI e vivo\u2019, diz novo comunicado - Not&iacute;cias em Destaque<\/title>\n<meta name=\"robots\" content=\"index, follow, max-snippet:-1, max-image-preview:large, max-video-preview:-1\" \/>\n<link rel=\"canonical\" href=\"https:\/\/noticiasemdestaque.com\/cd\/?p=20824\" \/>\n<meta property=\"og:locale\" content=\"pt_BR\" \/>\n<meta property=\"og:type\" content=\"article\" \/>\n<meta property=\"og:title\" content=\"\u2018Gugu est\u00e1 na UTI e vivo\u2019, diz novo comunicado - Not&iacute;cias em Destaque\" \/>\n<meta property=\"og:description\" content=\"A assessoria do apresentador\u00a0Gugu Liberato\u00a0divulgou na noite desta quinta-feira, 21, um comunicado afirmando que ele est\u00e1 na \u201cUTI e vivo, sendo acompanhado pela equipe m\u00e9dica local\u201d. Gugu\u00a0sofreu um acidente em sua resid\u00eancia em Orlando, nos Estados Unidos, nesta quarta-feira e precisou ser hospitalizado. A informa\u00e7\u00e3o foi confirmada \u00e0 VEJA por meio de um comunicado da assessoria de imprensa do apresentador. Os familiares de Gugu chegaram a Orlando por volta das 19h30 desta quinta-feira e ir\u00e3o conversar pessoalmente com a equipe m\u00e9dica. De acordo com os procedimentos do hospital, somente amanh\u00e3, sexta-feira, 22, um boletim m\u00e9dico ser\u00e1 divulgado primeiramente \u00e0 fam\u00edlia. Com Veja\" \/>\n<meta property=\"og:url\" content=\"https:\/\/noticiasemdestaque.com\/cd\/?p=20824\" \/>\n<meta property=\"og:site_name\" content=\"Not&iacute;cias em Destaque\" \/>\n<meta property=\"article:published_time\" content=\"2019-11-22T10:32:53+00:00\" \/>\n<meta property=\"og:image\" content=\"https:\/\/noticiasemdestaque.com\/cd\/wp-content\/uploads\/2019\/11\/gugu-liberato-apresentando-o-programa-_domingo-legal_-do-sbt..jpg\" \/>\n\t<meta property=\"og:image:width\" content=\"680\" \/>\n\t<meta property=\"og:image:height\" content=\"453\" \/>\n\t<meta property=\"og:image:type\" content=\"image\/jpeg\" \/>\n<meta name=\"author\" content=\"Not\u00edcias em Destaque\" \/>\n<meta name=\"twitter:card\" content=\"summary_large_image\" \/>\n<meta name=\"twitter:label1\" content=\"Escrito por\" \/>\n\t<meta name=\"twitter:data1\" content=\"Not\u00edcias em Destaque\" \/>\n\t<meta name=\"twitter:label2\" content=\"Est. tempo de leitura\" \/>\n\t<meta name=\"twitter:data2\" content=\"1 minuto\" \/>\n<script type=\"application\/ld+json\" class=\"yoast-schema-graph\">{\"@context\":\"https:\/\/schema.org\",\"@graph\":[{\"@type\":\"Article\",\"@id\":\"https:\/\/noticiasemdestaque.com\/cd\/?p=20824#article\",\"isPartOf\":{\"@id\":\"https:\/\/noticiasemdestaque.com\/cd\/?p=20824\"},\"author\":{\"name\":\"Not\u00edcias em Destaque\",\"@id\":\"https:\/\/noticiasemdestaque.com\/cd\/#\/schema\/person\/3e6ba396ff5664a69c392f09a8e1504c\"},\"headline\":\"\u2018Gugu est\u00e1 na UTI e vivo\u2019, diz novo comunicado\",\"datePublished\":\"2019-11-22T10:32:53+00:00\",\"mainEntityOfPage\":{\"@id\":\"https:\/\/noticiasemdestaque.com\/cd\/?p=20824\"},\"wordCount\":117,\"publisher\":{\"@id\":\"https:\/\/noticiasemdestaque.com\/cd\/#organization\"},\"image\":{\"@id\":\"https:\/\/noticiasemdestaque.com\/cd\/?p=20824#primaryimage\"},\"thumbnailUrl\":\"https:\/\/noticiasemdestaque.com\/cd\/wp-content\/uploads\/2019\/11\/gugu-liberato-apresentando-o-programa-_domingo-legal_-do-sbt..jpg\",\"articleSection\":[\"Geral\"],\"inLanguage\":\"pt-BR\"},{\"@type\":\"WebPage\",\"@id\":\"https:\/\/noticiasemdestaque.com\/cd\/?p=20824\",\"url\":\"https:\/\/noticiasemdestaque.com\/cd\/?p=20824\",\"name\":\"\u2018Gugu est\u00e1 na UTI e vivo\u2019, diz novo comunicado - Not&iacute;cias em Destaque\",\"isPartOf\":{\"@id\":\"https:\/\/noticiasemdestaque.com\/cd\/#website\"},\"primaryImageOfPage\":{\"@id\":\"https:\/\/noticiasemdestaque.com\/cd\/?p=20824#primaryimage\"},\"image\":{\"@id\":\"https:\/\/noticiasemdestaque.com\/cd\/?p=20824#primaryimage\"},\"thumbnailUrl\":\"https:\/\/noticiasemdestaque.com\/cd\/wp-content\/uploads\/2019\/11\/gugu-liberato-apresentando-o-programa-_domingo-legal_-do-sbt..jpg\",\"datePublished\":\"2019-11-22T10:32:53+00:00\",\"breadcrumb\":{\"@id\":\"https:\/\/noticiasemdestaque.com\/cd\/?p=20824#breadcrumb\"},\"inLanguage\":\"pt-BR\",\"potentialAction\":[{\"@type\":\"ReadAction\",\"target\":[\"https:\/\/noticiasemdestaque.com\/cd\/?p=20824\"]}]},{\"@type\":\"ImageObject\",\"inLanguage\":\"pt-BR\",\"@id\":\"https:\/\/noticiasemdestaque.com\/cd\/?p=20824#primaryimage\",\"url\":\"https:\/\/noticiasemdestaque.com\/cd\/wp-content\/uploads\/2019\/11\/gugu-liberato-apresentando-o-programa-_domingo-legal_-do-sbt..jpg\",\"contentUrl\":\"https:\/\/noticiasemdestaque.com\/cd\/wp-content\/uploads\/2019\/11\/gugu-liberato-apresentando-o-programa-_domingo-legal_-do-sbt..jpg\",\"width\":680,\"height\":453},{\"@type\":\"BreadcrumbList\",\"@id\":\"https:\/\/noticiasemdestaque.com\/cd\/?p=20824#breadcrumb\",\"itemListElement\":[{\"@type\":\"ListItem\",\"position\":1,\"name\":\"In\u00edcio\",\"item\":\"https:\/\/noticiasemdestaque.com\/cd\/\"},{\"@type\":\"ListItem\",\"position\":2,\"name\":\"\u2018Gugu est\u00e1 na UTI e vivo\u2019, diz novo comunicado\"}]},{\"@type\":\"WebSite\",\"@id\":\"https:\/\/noticiasemdestaque.com\/cd\/#website\",\"url\":\"https:\/\/noticiasemdestaque.com\/cd\/\",\"name\":\"Not&iacute;cias em Destaque\",\"description\":\"\",\"publisher\":{\"@id\":\"https:\/\/noticiasemdestaque.com\/cd\/#organization\"},\"potentialAction\":[{\"@type\":\"SearchAction\",\"target\":{\"@type\":\"EntryPoint\",\"urlTemplate\":\"https:\/\/noticiasemdestaque.com\/cd\/?s={search_term_string}\"},\"query-input\":{\"@type\":\"PropertyValueSpecification\",\"valueRequired\":true,\"valueName\":\"search_term_string\"}}],\"inLanguage\":\"pt-BR\"},{\"@type\":\"Organization\",\"@id\":\"https:\/\/noticiasemdestaque.com\/cd\/#organization\",\"name\":\"Not\u00edcias em Destaque\",\"url\":\"https:\/\/noticiasemdestaque.com\/cd\/\",\"logo\":{\"@type\":\"ImageObject\",\"inLanguage\":\"pt-BR\",\"@id\":\"https:\/\/noticiasemdestaque.com\/cd\/#\/schema\/logo\/image\/\",\"url\":\"https:\/\/noticiasemdestaque.com\/cd\/wp-content\/uploads\/2022\/05\/imagem-base-noticiasemdestaque.png\",\"contentUrl\":\"https:\/\/noticiasemdestaque.com\/cd\/wp-content\/uploads\/2022\/05\/imagem-base-noticiasemdestaque.png\",\"width\":1200,\"height\":630,\"caption\":\"Not\u00edcias em Destaque\"},\"image\":{\"@id\":\"https:\/\/noticiasemdestaque.com\/cd\/#\/schema\/logo\/image\/\"}},{\"@type\":\"Person\",\"@id\":\"https:\/\/noticiasemdestaque.com\/cd\/#\/schema\/person\/3e6ba396ff5664a69c392f09a8e1504c\",\"name\":\"Not\u00edcias em Destaque\",\"url\":\"https:\/\/noticiasemdestaque.com\/cd\/?author=2\"}]}<\/script>\n<!-- \/ Yoast SEO plugin. -->","yoast_head_json":{"title":"\u2018Gugu est\u00e1 na UTI e vivo\u2019, diz novo comunicado - Not&iacute;cias em Destaque","robots":{"index":"index","follow":"follow","max-snippet":"max-snippet:-1","max-image-preview":"max-image-preview:large","max-video-preview":"max-video-preview:-1"},"canonical":"https:\/\/noticiasemdestaque.com\/cd\/?p=20824","og_locale":"pt_BR","og_type":"article","og_title":"\u2018Gugu est\u00e1 na UTI e vivo\u2019, diz novo comunicado - Not&iacute;cias em Destaque","og_description":"A assessoria do apresentador\u00a0Gugu Liberato\u00a0divulgou na noite desta quinta-feira, 21, um comunicado afirmando que ele est\u00e1 na \u201cUTI e vivo, sendo acompanhado pela equipe m\u00e9dica local\u201d. Gugu\u00a0sofreu um acidente em sua resid\u00eancia em Orlando, nos Estados Unidos, nesta quarta-feira e precisou ser hospitalizado. A informa\u00e7\u00e3o foi confirmada \u00e0 VEJA por meio de um comunicado da assessoria de imprensa do apresentador. Os familiares de Gugu chegaram a Orlando por volta das 19h30 desta quinta-feira e ir\u00e3o conversar pessoalmente com a equipe m\u00e9dica. De acordo com os procedimentos do hospital, somente amanh\u00e3, sexta-feira, 22, um boletim m\u00e9dico ser\u00e1 divulgado primeiramente \u00e0 fam\u00edlia. Com Veja","og_url":"https:\/\/noticiasemdestaque.com\/cd\/?p=20824","og_site_name":"Not&iacute;cias em Destaque","article_published_time":"2019-11-22T10:32:53+00:00","og_image":[{"width":680,"height":453,"url":"https:\/\/noticiasemdestaque.com\/cd\/wp-content\/uploads\/2019\/11\/gugu-liberato-apresentando-o-programa-_domingo-legal_-do-sbt..jpg","type":"image\/jpeg"}],"author":"Not\u00edcias em Destaque","twitter_card":"summary_large_image","twitter_misc":{"Escrito por":"Not\u00edcias em Destaque","Est. tempo de leitura":"1 minuto"},"schema":{"@context":"https:\/\/schema.org","@graph":[{"@type":"Article","@id":"https:\/\/noticiasemdestaque.com\/cd\/?p=20824#article","isPartOf":{"@id":"https:\/\/noticiasemdestaque.com\/cd\/?p=20824"},"author":{"name":"Not\u00edcias em Destaque","@id":"https:\/\/noticiasemdestaque.com\/cd\/#\/schema\/person\/3e6ba396ff5664a69c392f09a8e1504c"},"headline":"\u2018Gugu est\u00e1 na UTI e vivo\u2019, diz novo comunicado","datePublished":"2019-11-22T10:32:53+00:00","mainEntityOfPage":{"@id":"https:\/\/noticiasemdestaque.com\/cd\/?p=20824"},"wordCount":117,"publisher":{"@id":"https:\/\/noticiasemdestaque.com\/cd\/#organization"},"image":{"@id":"https:\/\/noticiasemdestaque.com\/cd\/?p=20824#primaryimage"},"thumbnailUrl":"https:\/\/noticiasemdestaque.com\/cd\/wp-content\/uploads\/2019\/11\/gugu-liberato-apresentando-o-programa-_domingo-legal_-do-sbt..jpg","articleSection":["Geral"],"inLanguage":"pt-BR"},{"@type":"WebPage","@id":"https:\/\/noticiasemdestaque.com\/cd\/?p=20824","url":"https:\/\/noticiasemdestaque.com\/cd\/?p=20824","name":"\u2018Gugu est\u00e1 na UTI e vivo\u2019, diz novo comunicado - Not&iacute;cias em Destaque","isPartOf":{"@id":"https:\/\/noticiasemdestaque.com\/cd\/#website"},"primaryImageOfPage":{"@id":"https:\/\/noticiasemdestaque.com\/cd\/?p=20824#primaryimage"},"image":{"@id":"https:\/\/noticiasemdestaque.com\/cd\/?p=20824#primaryimage"},"thumbnailUrl":"https:\/\/noticiasemdestaque.com\/cd\/wp-content\/uploads\/2019\/11\/gugu-liberato-apresentando-o-programa-_domingo-legal_-do-sbt..jpg","datePublished":"2019-11-22T10:32:53+00:00","breadcrumb":{"@id":"https:\/\/noticiasemdestaque.com\/cd\/?p=20824#breadcrumb"},"inLanguage":"pt-BR","potentialAction":[{"@type":"ReadAction","target":["https:\/\/noticiasemdestaque.com\/cd\/?p=20824"]}]},{"@type":"ImageObject","inLanguage":"pt-BR","@id":"https:\/\/noticiasemdestaque.com\/cd\/?p=20824#primaryimage","url":"https:\/\/noticiasemdestaque.com\/cd\/wp-content\/uploads\/2019\/11\/gugu-liberato-apresentando-o-programa-_domingo-legal_-do-sbt..jpg","contentUrl":"https:\/\/noticiasemdestaque.com\/cd\/wp-content\/uploads\/2019\/11\/gugu-liberato-apresentando-o-programa-_domingo-legal_-do-sbt..jpg","width":680,"height":453},{"@type":"BreadcrumbList","@id":"https:\/\/noticiasemdestaque.com\/cd\/?p=20824#breadcrumb","itemListElement":[{"@type":"ListItem","position":1,"name":"In\u00edcio","item":"https:\/\/noticiasemdestaque.com\/cd\/"},{"@type":"ListItem","position":2,"name":"\u2018Gugu est\u00e1 na UTI e vivo\u2019, diz novo comunicado"}]},{"@type":"WebSite","@id":"https:\/\/noticiasemdestaque.com\/cd\/#website","url":"https:\/\/noticiasemdestaque.com\/cd\/","name":"Not&iacute;cias em Destaque","description":"","publisher":{"@id":"https:\/\/noticiasemdestaque.com\/cd\/#organization"},"potentialAction":[{"@type":"SearchAction","target":{"@type":"EntryPoint","urlTemplate":"https:\/\/noticiasemdestaque.com\/cd\/?s={search_term_string}"},"query-input":{"@type":"PropertyValueSpecification","valueRequired":true,"valueName":"search_term_string"}}],"inLanguage":"pt-BR"},{"@type":"Organization","@id":"https:\/\/noticiasemdestaque.com\/cd\/#organization","name":"Not\u00edcias em Destaque","url":"https:\/\/noticiasemdestaque.com\/cd\/","logo":{"@type":"ImageObject","inLanguage":"pt-BR","@id":"https:\/\/noticiasemdestaque.com\/cd\/#\/schema\/logo\/image\/","url":"https:\/\/noticiasemdestaque.com\/cd\/wp-content\/uploads\/2022\/05\/imagem-base-noticiasemdestaque.png","contentUrl":"https:\/\/noticiasemdestaque.com\/cd\/wp-content\/uploads\/2022\/05\/imagem-base-noticiasemdestaque.png","width":1200,"height":630,"caption":"Not\u00edcias em Destaque"},"image":{"@id":"https:\/\/noticiasemdestaque.com\/cd\/#\/schema\/logo\/image\/"}},{"@type":"Person","@id":"https:\/\/noticiasemdestaque.com\/cd\/#\/schema\/person\/3e6ba396ff5664a69c392f09a8e1504c","name":"Not\u00edcias em Destaque","url":"https:\/\/noticiasemdestaque.com\/cd\/?author=2"}]}},"jetpack_featured_media_url":"https:\/\/noticiasemdestaque.com\/cd\/wp-content\/uploads\/2019\/11\/gugu-liberato-apresentando-o-programa-_domingo-legal_-do-sbt..jpg","jetpack_sharing_enabled":true,"_links":{"self":[{"href":"https:\/\/noticiasemdestaque.com\/cd\/index.php?rest_route=\/wp\/v2\/posts\/20824","targetHints":{"allow":["GET"]}}],"collection":[{"href":"https:\/\/noticiasemdestaque.com\/cd\/index.php?rest_route=\/wp\/v2\/posts"}],"about":[{"href":"https:\/\/noticiasemdestaque.com\/cd\/index.php?rest_route=\/wp\/v2\/types\/post"}],"author":[{"embeddable":true,"href":"https:\/\/noticiasemdestaque.com\/cd\/index.php?rest_route=\/wp\/v2\/users\/2"}],"replies":[{"embeddable":true,"href":"https:\/\/noticiasemdestaque.com\/cd\/index.php?rest_route=%2Fwp%2Fv2%2Fcomments&post=20824"}],"version-history":[{"count":1,"href":"https:\/\/noticiasemdestaque.com\/cd\/index.php?rest_route=\/wp\/v2\/posts\/20824\/revisions"}],"predecessor-version":[{"id":20826,"href":"https:\/\/noticiasemdestaque.com\/cd\/index.php?rest_route=\/wp\/v2\/posts\/20824\/revisions\/20826"}],"wp:featuredmedia":[{"embeddable":true,"href":"https:\/\/noticiasemdestaque.com\/cd\/index.php?rest_route=\/wp\/v2\/media\/20825"}],"wp:attachment":[{"href":"https:\/\/noticiasemdestaque.com\/cd\/index.php?rest_route=%2Fwp%2Fv2%2Fmedia&parent=20824"}],"wp:term":[{"taxonomy":"category","embeddable":true,"href":"https:\/\/noticiasemdestaque.com\/cd\/index.php?rest_route=%2Fwp%2Fv2%2Fcategories&post=20824"},{"taxonomy":"post_tag","embeddable":true,"href":"https:\/\/noticiasemdestaque.com\/cd\/index.php?rest_route=%2Fwp%2Fv2%2Ftags&post=20824"}],"curies":[{"name":"wp","href":"https:\/\/api.w.org\/{rel}","templated":true}]}}