{"id":20819,"date":"2019-11-21T10:39:59","date_gmt":"2019-11-21T13:39:59","guid":{"rendered":"http:\/\/noticiasemdestaque.com\/cd\/?p=20819"},"modified":"2019-11-21T10:39:59","modified_gmt":"2019-11-21T13:39:59","slug":"tst-decide-que-trabalhadora-temporaria-nao-tem-direito-a-estabilidade-se-engravidar","status":"publish","type":"post","link":"https:\/\/noticiasemdestaque.com\/cd\/?p=20819","title":{"rendered":"TST decide que trabalhadora tempor\u00e1ria n\u00e3o tem direito \u00e0 estabilidade se engravidar"},"content":{"rendered":"<p><a href=\"https:\/\/noticiasemdestaque.com\/cd\/wp-content\/uploads\/2018\/02\/gravida-trabalho.jpeg\"><img fetchpriority=\"high\" decoding=\"async\" class=\"alignnone size-large wp-image-7841\" src=\"https:\/\/noticiasemdestaque.com\/cd\/wp-content\/uploads\/2018\/02\/gravida-trabalho-1024x768.jpeg\" alt=\"\" width=\"1024\" height=\"768\" srcset=\"https:\/\/noticiasemdestaque.com\/cd\/wp-content\/uploads\/2018\/02\/gravida-trabalho.jpeg 1024w, https:\/\/noticiasemdestaque.com\/cd\/wp-content\/uploads\/2018\/02\/gravida-trabalho-300x225.jpeg 300w, https:\/\/noticiasemdestaque.com\/cd\/wp-content\/uploads\/2018\/02\/gravida-trabalho-768x576.jpeg 768w, https:\/\/noticiasemdestaque.com\/cd\/wp-content\/uploads\/2018\/02\/gravida-trabalho-640x480.jpeg 640w\" sizes=\"(max-width: 1024px) 100vw, 1024px\" \/><\/a><\/p>\n<p>Trabalhadoras contratadas em regime tempor\u00e1rio que engravidarem n\u00e3o t\u00eam direito \u00e0 estabilidade no emprego, decidiu o TST (Tribunal Superior do Trabalho).<\/p>\n<p>O plen\u00e1rio da corte decidiu na segunda-feira (18), por maioria (16 votos a 9), que esse tipo de contrata\u00e7\u00e3o tem peculiaridades que impedem a equival\u00eancia com o emprego comum.<\/p>\n<p>As demais trabalhadoras n\u00e3o podem ser demitidas no per\u00edodo entre a gravidez e cinco meses ap\u00f3s o parto.<\/p>\n<p>O julgamento discutia a aplica\u00e7\u00e3o da s\u00famula 244 do TST e do artigo do ADCT (Ato das Disposi\u00e7\u00f5es Constitucionais Transit\u00f3rias), que trata do direito da empregada gestante.<\/p>\n<p>O ADCT pro\u00edbe a demiss\u00e3o sem justa causa desde a confirma\u00e7\u00e3o da gesta\u00e7\u00e3o e at\u00e9 cinco meses ap\u00f3s o parto. A s\u00famula estabeleceu que o desconhecimento da gravidez n\u00e3o dispensa o pagamento de indeniza- \u00e7\u00e3o pelo per\u00edodo de estabilidade. Ou seja, se a gr\u00e1vida for demitida, tem direito a receber os sal\u00e1rios de todo o per\u00edodo que teria de estabilidade.<\/p>\n<p>O relator da a\u00e7\u00e3o, ministro Luiz Philippe Vieira de Mello, e o revisor, ministro Alberto Luiz Bresciani, eram favor\u00e1veis ao reconhecimento dos direitos a todas as funcion\u00e1rias, independentemente do contrato.<\/p>\n<p>A ministra Cristina Peduzzi, autora do voto divergente -e que acabou vencedor ao ser seguido por outros 15 ministros-, afirmou que a empregada tempor\u00e1ria n\u00e3o \u00e9 titular do mesmo direito estendido \u00e0s demais trabalhadoras.<\/p>\n<p>Para ela, o ADCT pro\u00edbe a dispensa arbitr\u00e1ria da gestante. No caso dos contratos tempor\u00e1rios, por\u00e9m, a ministra considerou que a dura\u00e7\u00e3o com prazo determinado exclui esse entendimento, pois a demiss\u00e3o j\u00e1 \u00e9 esperada.<\/p>\n<p>\u00c9 caracterizado trabalhador tempor\u00e1rio aquele que \u00e9 contratado por meio de uma empresa fornecedora de m\u00e3o obra para atender uma necessidade provis\u00f3ria, por isso h\u00e1 expectativa de desligamento.<\/p>\n<p>Essa regra est\u00e1 em vigor desde outubro, quando a legisla\u00e7\u00e3o do trabalho tempor\u00e1rio foi alterada por meio de decreto assinado pelo presidente Jair Bolsonaro.<\/p>\n<p>A ministra disse que esse regime difere do per\u00edodo de experi\u00eancia, no qual h\u00e1 perspectiva de manuten\u00e7\u00e3o do emprego.<\/p>\n<p>O advogado Marcelo Fortes, do Fortes e Prado, explica que o entendimento afirma a no\u00e7\u00e3o de que o tempor\u00e1rio n\u00e3o \u00e9 compat\u00edvel com a garantia de emprego. A partir dessa compreens\u00e3o, esse tipo de contrata\u00e7\u00e3o tamb\u00e9m n\u00e3o geraria o direito \u00e0 estabilidade.<\/p>\n<p>O caso ainda pode parar no STF (Supremo Tribunal Federal), por ter discutido a aplica\u00e7\u00e3o de preceito constitucional. No \u00e2mbito da Justi\u00e7a do Trabalho, por\u00e9m, o julgamento deve encerrar discuss\u00f5es, pois foi analisado por um dispositivo criado para uniformizar a jurisprud\u00eancia nas turmas e tribunais.<\/p>\n<p>OS PRINCIPAIS PONTOS EM DISCUSS\u00c3O<\/p>\n<p><strong>Trabalho tempor\u00e1rio<\/strong><br \/>\nRegido pela Lei 6.019, \u00e9 aquele em que uma pessoa f\u00edsica \u00e9 contratada por uma empresa de trabalho tempor\u00e1rio, que a coloca \u00e0 disposi\u00e7\u00e3o de outra empresa.<\/p>\n<p>Esse tipo de contrato s\u00f3 pode ser usado para atender uma demanda tempor\u00e1ria ou complementar e tem dura\u00e7\u00e3o m\u00e1xima de 180 dias (seis meses)<\/p>\n<p><strong>Estabilidade<\/strong><\/p>\n<p>No caso das mulheres, considera o per\u00edodo da gesta\u00e7\u00e3o e os cinco meses depois do parto.<\/p>\n<p><strong>O que muda<\/strong><\/p>\n<p>Para as mulheres em empregos tempor\u00e1rios, como n\u00e3o h\u00e1 estabilidade, tamb\u00e9m n\u00e3o haver\u00e1 o direito a receber os sal\u00e1rios do per\u00edodo, caso seja demitida durante a gravidez.<\/p>\n<p><strong>Contrato por tempo determinado<\/strong><\/p>\n<p>O TST decidiu pela n\u00e3o aplica\u00e7\u00e3o da estabilidade nos contratos tempor\u00e1rios.<\/p>\n<p>O contrato por tempo determinado \u00e9 diferente e \u00e9 fechado entre o funcion\u00e1rio e empresa, sem intermedi\u00e1rios.\u00a0Ele pode durar at\u00e9 dois anos.<\/p>\n","protected":false},"excerpt":{"rendered":"<p>Trabalhadoras contratadas em regime tempor\u00e1rio que engravidarem n\u00e3o t\u00eam direito \u00e0 estabilidade no emprego, decidiu o TST (Tribunal Superior do Trabalho). O plen\u00e1rio da corte decidiu na segunda-feira (18), por maioria (16 votos a 9), que esse tipo de contrata\u00e7\u00e3o tem peculiaridades que impedem a equival\u00eancia com o emprego comum. As demais trabalhadoras n\u00e3o podem ser demitidas no per\u00edodo entre a gravidez e cinco meses ap\u00f3s o parto. O julgamento discutia a aplica\u00e7\u00e3o da s\u00famula 244 do TST e do artigo do ADCT (Ato das Disposi\u00e7\u00f5es Constitucionais Transit\u00f3rias), que trata do direito da empregada gestante. O ADCT pro\u00edbe a demiss\u00e3o sem justa causa desde a confirma\u00e7\u00e3o da gesta\u00e7\u00e3o e at\u00e9 cinco meses ap\u00f3s o parto. A s\u00famula estabeleceu que o desconhecimento da gravidez n\u00e3o dispensa o pagamento de indeniza- \u00e7\u00e3o pelo per\u00edodo de estabilidade. Ou seja, se a gr\u00e1vida for demitida, tem direito a receber os sal\u00e1rios de todo o per\u00edodo que teria de estabilidade. O relator da a\u00e7\u00e3o, ministro Luiz Philippe Vieira de Mello, e o revisor, ministro Alberto Luiz Bresciani, eram favor\u00e1veis ao reconhecimento dos direitos a todas as funcion\u00e1rias, independentemente do contrato. A ministra Cristina Peduzzi, autora do voto divergente -e que acabou vencedor ao ser seguido por outros 15 ministros-, afirmou que a empregada tempor\u00e1ria n\u00e3o \u00e9 titular do mesmo direito estendido \u00e0s demais trabalhadoras. Para ela, o ADCT pro\u00edbe a dispensa arbitr\u00e1ria da gestante. No caso dos contratos tempor\u00e1rios, por\u00e9m, a ministra considerou que a dura\u00e7\u00e3o com prazo determinado exclui esse entendimento, pois a demiss\u00e3o j\u00e1 \u00e9 esperada. \u00c9 caracterizado trabalhador tempor\u00e1rio aquele que \u00e9 contratado por meio de uma empresa fornecedora de m\u00e3o obra para atender uma necessidade provis\u00f3ria, por isso h\u00e1 expectativa de desligamento. Essa regra est\u00e1 em vigor desde outubro, quando a legisla\u00e7\u00e3o do trabalho tempor\u00e1rio foi alterada por meio de decreto assinado pelo presidente Jair Bolsonaro. A ministra disse que esse regime difere do per\u00edodo de experi\u00eancia, no qual h\u00e1 perspectiva de manuten\u00e7\u00e3o do emprego. O advogado Marcelo Fortes, do Fortes e Prado, explica que o entendimento afirma a no\u00e7\u00e3o de que o tempor\u00e1rio n\u00e3o \u00e9 compat\u00edvel com a garantia de emprego. A partir dessa compreens\u00e3o, esse tipo de contrata\u00e7\u00e3o tamb\u00e9m n\u00e3o geraria o direito \u00e0 estabilidade. O caso ainda pode parar no STF (Supremo Tribunal Federal), por ter discutido a aplica\u00e7\u00e3o de preceito constitucional. No \u00e2mbito da Justi\u00e7a do Trabalho, por\u00e9m, o julgamento deve encerrar discuss\u00f5es, pois foi analisado por um dispositivo criado para uniformizar a jurisprud\u00eancia nas turmas e tribunais. OS PRINCIPAIS PONTOS EM DISCUSS\u00c3O Trabalho tempor\u00e1rio Regido pela Lei 6.019, \u00e9 aquele em que uma pessoa f\u00edsica \u00e9 contratada por uma empresa de trabalho tempor\u00e1rio, que a coloca \u00e0 disposi\u00e7\u00e3o de outra empresa. Esse tipo de contrato s\u00f3 pode ser usado para atender uma demanda tempor\u00e1ria ou complementar e tem dura\u00e7\u00e3o m\u00e1xima de 180 dias (seis meses) Estabilidade No caso das mulheres, considera o per\u00edodo da gesta\u00e7\u00e3o e os cinco meses depois do parto. O que muda Para as mulheres em empregos tempor\u00e1rios, como n\u00e3o h\u00e1 estabilidade, tamb\u00e9m n\u00e3o haver\u00e1 o direito a receber os sal\u00e1rios do per\u00edodo, caso seja demitida durante a gravidez. Contrato por tempo determinado O TST decidiu pela n\u00e3o aplica\u00e7\u00e3o da estabilidade nos contratos tempor\u00e1rios. O contrato por tempo determinado \u00e9 diferente e \u00e9 fechado entre o funcion\u00e1rio e empresa, sem intermedi\u00e1rios.\u00a0Ele pode durar at\u00e9 dois anos.<\/p>\n","protected":false},"author":2,"featured_media":7841,"comment_status":"closed","ping_status":"open","sticky":false,"template":"","format":"standard","meta":{"_eb_attr":"","_jetpack_memberships_contains_paid_content":false,"footnotes":""},"categories":[4],"tags":[],"class_list":["post-20819","post","type-post","status-publish","format-standard","has-post-thumbnail","hentry","category-politica"],"yoast_head":"<!-- This site is optimized with the Yoast SEO plugin v26.5 - https:\/\/yoast.com\/wordpress\/plugins\/seo\/ -->\n<title>TST decide que trabalhadora tempor\u00e1ria n\u00e3o tem direito \u00e0 estabilidade se engravidar - Not&iacute;cias em Destaque<\/title>\n<meta name=\"robots\" content=\"index, follow, max-snippet:-1, max-image-preview:large, max-video-preview:-1\" \/>\n<link rel=\"canonical\" href=\"https:\/\/noticiasemdestaque.com\/cd\/?p=20819\" \/>\n<meta property=\"og:locale\" content=\"pt_BR\" \/>\n<meta property=\"og:type\" content=\"article\" \/>\n<meta property=\"og:title\" content=\"TST decide que trabalhadora tempor\u00e1ria n\u00e3o tem direito \u00e0 estabilidade se engravidar - Not&iacute;cias em Destaque\" \/>\n<meta property=\"og:description\" content=\"Trabalhadoras contratadas em regime tempor\u00e1rio que engravidarem n\u00e3o t\u00eam direito \u00e0 estabilidade no emprego, decidiu o TST (Tribunal Superior do Trabalho). O plen\u00e1rio da corte decidiu na segunda-feira (18), por maioria (16 votos a 9), que esse tipo de contrata\u00e7\u00e3o tem peculiaridades que impedem a equival\u00eancia com o emprego comum. As demais trabalhadoras n\u00e3o podem ser demitidas no per\u00edodo entre a gravidez e cinco meses ap\u00f3s o parto. O julgamento discutia a aplica\u00e7\u00e3o da s\u00famula 244 do TST e do artigo do ADCT (Ato das Disposi\u00e7\u00f5es Constitucionais Transit\u00f3rias), que trata do direito da empregada gestante. O ADCT pro\u00edbe a demiss\u00e3o sem justa causa desde a confirma\u00e7\u00e3o da gesta\u00e7\u00e3o e at\u00e9 cinco meses ap\u00f3s o parto. A s\u00famula estabeleceu que o desconhecimento da gravidez n\u00e3o dispensa o pagamento de indeniza- \u00e7\u00e3o pelo per\u00edodo de estabilidade. Ou seja, se a gr\u00e1vida for demitida, tem direito a receber os sal\u00e1rios de todo o per\u00edodo que teria de estabilidade. O relator da a\u00e7\u00e3o, ministro Luiz Philippe Vieira de Mello, e o revisor, ministro Alberto Luiz Bresciani, eram favor\u00e1veis ao reconhecimento dos direitos a todas as funcion\u00e1rias, independentemente do contrato. A ministra Cristina Peduzzi, autora do voto divergente -e que acabou vencedor ao ser seguido por outros 15 ministros-, afirmou que a empregada tempor\u00e1ria n\u00e3o \u00e9 titular do mesmo direito estendido \u00e0s demais trabalhadoras. Para ela, o ADCT pro\u00edbe a dispensa arbitr\u00e1ria da gestante. No caso dos contratos tempor\u00e1rios, por\u00e9m, a ministra considerou que a dura\u00e7\u00e3o com prazo determinado exclui esse entendimento, pois a demiss\u00e3o j\u00e1 \u00e9 esperada. \u00c9 caracterizado trabalhador tempor\u00e1rio aquele que \u00e9 contratado por meio de uma empresa fornecedora de m\u00e3o obra para atender uma necessidade provis\u00f3ria, por isso h\u00e1 expectativa de desligamento. Essa regra est\u00e1 em vigor desde outubro, quando a legisla\u00e7\u00e3o do trabalho tempor\u00e1rio foi alterada por meio de decreto assinado pelo presidente Jair Bolsonaro. A ministra disse que esse regime difere do per\u00edodo de experi\u00eancia, no qual h\u00e1 perspectiva de manuten\u00e7\u00e3o do emprego. O advogado Marcelo Fortes, do Fortes e Prado, explica que o entendimento afirma a no\u00e7\u00e3o de que o tempor\u00e1rio n\u00e3o \u00e9 compat\u00edvel com a garantia de emprego. A partir dessa compreens\u00e3o, esse tipo de contrata\u00e7\u00e3o tamb\u00e9m n\u00e3o geraria o direito \u00e0 estabilidade. O caso ainda pode parar no STF (Supremo Tribunal Federal), por ter discutido a aplica\u00e7\u00e3o de preceito constitucional. No \u00e2mbito da Justi\u00e7a do Trabalho, por\u00e9m, o julgamento deve encerrar discuss\u00f5es, pois foi analisado por um dispositivo criado para uniformizar a jurisprud\u00eancia nas turmas e tribunais. OS PRINCIPAIS PONTOS EM DISCUSS\u00c3O Trabalho tempor\u00e1rio Regido pela Lei 6.019, \u00e9 aquele em que uma pessoa f\u00edsica \u00e9 contratada por uma empresa de trabalho tempor\u00e1rio, que a coloca \u00e0 disposi\u00e7\u00e3o de outra empresa. Esse tipo de contrato s\u00f3 pode ser usado para atender uma demanda tempor\u00e1ria ou complementar e tem dura\u00e7\u00e3o m\u00e1xima de 180 dias (seis meses) Estabilidade No caso das mulheres, considera o per\u00edodo da gesta\u00e7\u00e3o e os cinco meses depois do parto. O que muda Para as mulheres em empregos tempor\u00e1rios, como n\u00e3o h\u00e1 estabilidade, tamb\u00e9m n\u00e3o haver\u00e1 o direito a receber os sal\u00e1rios do per\u00edodo, caso seja demitida durante a gravidez. Contrato por tempo determinado O TST decidiu pela n\u00e3o aplica\u00e7\u00e3o da estabilidade nos contratos tempor\u00e1rios. O contrato por tempo determinado \u00e9 diferente e \u00e9 fechado entre o funcion\u00e1rio e empresa, sem intermedi\u00e1rios.\u00a0Ele pode durar at\u00e9 dois anos.\" \/>\n<meta property=\"og:url\" content=\"https:\/\/noticiasemdestaque.com\/cd\/?p=20819\" \/>\n<meta property=\"og:site_name\" content=\"Not&iacute;cias em Destaque\" \/>\n<meta property=\"article:published_time\" content=\"2019-11-21T13:39:59+00:00\" \/>\n<meta property=\"og:image\" content=\"https:\/\/noticiasemdestaque.com\/cd\/wp-content\/uploads\/2018\/02\/gravida-trabalho.jpeg\" \/>\n\t<meta property=\"og:image:width\" content=\"1024\" \/>\n\t<meta property=\"og:image:height\" content=\"768\" \/>\n\t<meta property=\"og:image:type\" content=\"image\/jpeg\" \/>\n<meta name=\"author\" content=\"Not\u00edcias em Destaque\" \/>\n<meta name=\"twitter:card\" content=\"summary_large_image\" \/>\n<meta name=\"twitter:label1\" content=\"Escrito por\" \/>\n\t<meta name=\"twitter:data1\" content=\"Not\u00edcias em Destaque\" \/>\n\t<meta name=\"twitter:label2\" content=\"Est. tempo de leitura\" \/>\n\t<meta name=\"twitter:data2\" content=\"3 minutos\" \/>\n<script type=\"application\/ld+json\" class=\"yoast-schema-graph\">{\"@context\":\"https:\/\/schema.org\",\"@graph\":[{\"@type\":\"Article\",\"@id\":\"https:\/\/noticiasemdestaque.com\/cd\/?p=20819#article\",\"isPartOf\":{\"@id\":\"https:\/\/noticiasemdestaque.com\/cd\/?p=20819\"},\"author\":{\"name\":\"Not\u00edcias em Destaque\",\"@id\":\"https:\/\/noticiasemdestaque.com\/cd\/#\/schema\/person\/3e6ba396ff5664a69c392f09a8e1504c\"},\"headline\":\"TST decide que trabalhadora tempor\u00e1ria n\u00e3o tem direito \u00e0 estabilidade se engravidar\",\"datePublished\":\"2019-11-21T13:39:59+00:00\",\"mainEntityOfPage\":{\"@id\":\"https:\/\/noticiasemdestaque.com\/cd\/?p=20819\"},\"wordCount\":625,\"publisher\":{\"@id\":\"https:\/\/noticiasemdestaque.com\/cd\/#organization\"},\"image\":{\"@id\":\"https:\/\/noticiasemdestaque.com\/cd\/?p=20819#primaryimage\"},\"thumbnailUrl\":\"https:\/\/noticiasemdestaque.com\/cd\/wp-content\/uploads\/2018\/02\/gravida-trabalho.jpeg\",\"articleSection\":[\"Pol\u00edtica\"],\"inLanguage\":\"pt-BR\"},{\"@type\":\"WebPage\",\"@id\":\"https:\/\/noticiasemdestaque.com\/cd\/?p=20819\",\"url\":\"https:\/\/noticiasemdestaque.com\/cd\/?p=20819\",\"name\":\"TST decide que trabalhadora tempor\u00e1ria n\u00e3o tem direito \u00e0 estabilidade se engravidar - Not&iacute;cias em Destaque\",\"isPartOf\":{\"@id\":\"https:\/\/noticiasemdestaque.com\/cd\/#website\"},\"primaryImageOfPage\":{\"@id\":\"https:\/\/noticiasemdestaque.com\/cd\/?p=20819#primaryimage\"},\"image\":{\"@id\":\"https:\/\/noticiasemdestaque.com\/cd\/?p=20819#primaryimage\"},\"thumbnailUrl\":\"https:\/\/noticiasemdestaque.com\/cd\/wp-content\/uploads\/2018\/02\/gravida-trabalho.jpeg\",\"datePublished\":\"2019-11-21T13:39:59+00:00\",\"breadcrumb\":{\"@id\":\"https:\/\/noticiasemdestaque.com\/cd\/?p=20819#breadcrumb\"},\"inLanguage\":\"pt-BR\",\"potentialAction\":[{\"@type\":\"ReadAction\",\"target\":[\"https:\/\/noticiasemdestaque.com\/cd\/?p=20819\"]}]},{\"@type\":\"ImageObject\",\"inLanguage\":\"pt-BR\",\"@id\":\"https:\/\/noticiasemdestaque.com\/cd\/?p=20819#primaryimage\",\"url\":\"https:\/\/noticiasemdestaque.com\/cd\/wp-content\/uploads\/2018\/02\/gravida-trabalho.jpeg\",\"contentUrl\":\"https:\/\/noticiasemdestaque.com\/cd\/wp-content\/uploads\/2018\/02\/gravida-trabalho.jpeg\",\"width\":1024,\"height\":768},{\"@type\":\"BreadcrumbList\",\"@id\":\"https:\/\/noticiasemdestaque.com\/cd\/?p=20819#breadcrumb\",\"itemListElement\":[{\"@type\":\"ListItem\",\"position\":1,\"name\":\"In\u00edcio\",\"item\":\"https:\/\/noticiasemdestaque.com\/cd\/\"},{\"@type\":\"ListItem\",\"position\":2,\"name\":\"TST decide que trabalhadora tempor\u00e1ria n\u00e3o tem direito \u00e0 estabilidade se engravidar\"}]},{\"@type\":\"WebSite\",\"@id\":\"https:\/\/noticiasemdestaque.com\/cd\/#website\",\"url\":\"https:\/\/noticiasemdestaque.com\/cd\/\",\"name\":\"Not&iacute;cias em Destaque\",\"description\":\"\",\"publisher\":{\"@id\":\"https:\/\/noticiasemdestaque.com\/cd\/#organization\"},\"potentialAction\":[{\"@type\":\"SearchAction\",\"target\":{\"@type\":\"EntryPoint\",\"urlTemplate\":\"https:\/\/noticiasemdestaque.com\/cd\/?s={search_term_string}\"},\"query-input\":{\"@type\":\"PropertyValueSpecification\",\"valueRequired\":true,\"valueName\":\"search_term_string\"}}],\"inLanguage\":\"pt-BR\"},{\"@type\":\"Organization\",\"@id\":\"https:\/\/noticiasemdestaque.com\/cd\/#organization\",\"name\":\"Not\u00edcias em Destaque\",\"url\":\"https:\/\/noticiasemdestaque.com\/cd\/\",\"logo\":{\"@type\":\"ImageObject\",\"inLanguage\":\"pt-BR\",\"@id\":\"https:\/\/noticiasemdestaque.com\/cd\/#\/schema\/logo\/image\/\",\"url\":\"https:\/\/noticiasemdestaque.com\/cd\/wp-content\/uploads\/2022\/05\/imagem-base-noticiasemdestaque.png\",\"contentUrl\":\"https:\/\/noticiasemdestaque.com\/cd\/wp-content\/uploads\/2022\/05\/imagem-base-noticiasemdestaque.png\",\"width\":1200,\"height\":630,\"caption\":\"Not\u00edcias em Destaque\"},\"image\":{\"@id\":\"https:\/\/noticiasemdestaque.com\/cd\/#\/schema\/logo\/image\/\"}},{\"@type\":\"Person\",\"@id\":\"https:\/\/noticiasemdestaque.com\/cd\/#\/schema\/person\/3e6ba396ff5664a69c392f09a8e1504c\",\"name\":\"Not\u00edcias em Destaque\",\"url\":\"https:\/\/noticiasemdestaque.com\/cd\/?author=2\"}]}<\/script>\n<!-- \/ Yoast SEO plugin. -->","yoast_head_json":{"title":"TST decide que trabalhadora tempor\u00e1ria n\u00e3o tem direito \u00e0 estabilidade se engravidar - Not&iacute;cias em Destaque","robots":{"index":"index","follow":"follow","max-snippet":"max-snippet:-1","max-image-preview":"max-image-preview:large","max-video-preview":"max-video-preview:-1"},"canonical":"https:\/\/noticiasemdestaque.com\/cd\/?p=20819","og_locale":"pt_BR","og_type":"article","og_title":"TST decide que trabalhadora tempor\u00e1ria n\u00e3o tem direito \u00e0 estabilidade se engravidar - Not&iacute;cias em Destaque","og_description":"Trabalhadoras contratadas em regime tempor\u00e1rio que engravidarem n\u00e3o t\u00eam direito \u00e0 estabilidade no emprego, decidiu o TST (Tribunal Superior do Trabalho). O plen\u00e1rio da corte decidiu na segunda-feira (18), por maioria (16 votos a 9), que esse tipo de contrata\u00e7\u00e3o tem peculiaridades que impedem a equival\u00eancia com o emprego comum. As demais trabalhadoras n\u00e3o podem ser demitidas no per\u00edodo entre a gravidez e cinco meses ap\u00f3s o parto. O julgamento discutia a aplica\u00e7\u00e3o da s\u00famula 244 do TST e do artigo do ADCT (Ato das Disposi\u00e7\u00f5es Constitucionais Transit\u00f3rias), que trata do direito da empregada gestante. O ADCT pro\u00edbe a demiss\u00e3o sem justa causa desde a confirma\u00e7\u00e3o da gesta\u00e7\u00e3o e at\u00e9 cinco meses ap\u00f3s o parto. A s\u00famula estabeleceu que o desconhecimento da gravidez n\u00e3o dispensa o pagamento de indeniza- \u00e7\u00e3o pelo per\u00edodo de estabilidade. Ou seja, se a gr\u00e1vida for demitida, tem direito a receber os sal\u00e1rios de todo o per\u00edodo que teria de estabilidade. O relator da a\u00e7\u00e3o, ministro Luiz Philippe Vieira de Mello, e o revisor, ministro Alberto Luiz Bresciani, eram favor\u00e1veis ao reconhecimento dos direitos a todas as funcion\u00e1rias, independentemente do contrato. A ministra Cristina Peduzzi, autora do voto divergente -e que acabou vencedor ao ser seguido por outros 15 ministros-, afirmou que a empregada tempor\u00e1ria n\u00e3o \u00e9 titular do mesmo direito estendido \u00e0s demais trabalhadoras. Para ela, o ADCT pro\u00edbe a dispensa arbitr\u00e1ria da gestante. No caso dos contratos tempor\u00e1rios, por\u00e9m, a ministra considerou que a dura\u00e7\u00e3o com prazo determinado exclui esse entendimento, pois a demiss\u00e3o j\u00e1 \u00e9 esperada. \u00c9 caracterizado trabalhador tempor\u00e1rio aquele que \u00e9 contratado por meio de uma empresa fornecedora de m\u00e3o obra para atender uma necessidade provis\u00f3ria, por isso h\u00e1 expectativa de desligamento. Essa regra est\u00e1 em vigor desde outubro, quando a legisla\u00e7\u00e3o do trabalho tempor\u00e1rio foi alterada por meio de decreto assinado pelo presidente Jair Bolsonaro. A ministra disse que esse regime difere do per\u00edodo de experi\u00eancia, no qual h\u00e1 perspectiva de manuten\u00e7\u00e3o do emprego. O advogado Marcelo Fortes, do Fortes e Prado, explica que o entendimento afirma a no\u00e7\u00e3o de que o tempor\u00e1rio n\u00e3o \u00e9 compat\u00edvel com a garantia de emprego. A partir dessa compreens\u00e3o, esse tipo de contrata\u00e7\u00e3o tamb\u00e9m n\u00e3o geraria o direito \u00e0 estabilidade. O caso ainda pode parar no STF (Supremo Tribunal Federal), por ter discutido a aplica\u00e7\u00e3o de preceito constitucional. No \u00e2mbito da Justi\u00e7a do Trabalho, por\u00e9m, o julgamento deve encerrar discuss\u00f5es, pois foi analisado por um dispositivo criado para uniformizar a jurisprud\u00eancia nas turmas e tribunais. OS PRINCIPAIS PONTOS EM DISCUSS\u00c3O Trabalho tempor\u00e1rio Regido pela Lei 6.019, \u00e9 aquele em que uma pessoa f\u00edsica \u00e9 contratada por uma empresa de trabalho tempor\u00e1rio, que a coloca \u00e0 disposi\u00e7\u00e3o de outra empresa. Esse tipo de contrato s\u00f3 pode ser usado para atender uma demanda tempor\u00e1ria ou complementar e tem dura\u00e7\u00e3o m\u00e1xima de 180 dias (seis meses) Estabilidade No caso das mulheres, considera o per\u00edodo da gesta\u00e7\u00e3o e os cinco meses depois do parto. O que muda Para as mulheres em empregos tempor\u00e1rios, como n\u00e3o h\u00e1 estabilidade, tamb\u00e9m n\u00e3o haver\u00e1 o direito a receber os sal\u00e1rios do per\u00edodo, caso seja demitida durante a gravidez. Contrato por tempo determinado O TST decidiu pela n\u00e3o aplica\u00e7\u00e3o da estabilidade nos contratos tempor\u00e1rios. O contrato por tempo determinado \u00e9 diferente e \u00e9 fechado entre o funcion\u00e1rio e empresa, sem intermedi\u00e1rios.\u00a0Ele pode durar at\u00e9 dois anos.","og_url":"https:\/\/noticiasemdestaque.com\/cd\/?p=20819","og_site_name":"Not&iacute;cias em Destaque","article_published_time":"2019-11-21T13:39:59+00:00","og_image":[{"width":1024,"height":768,"url":"https:\/\/noticiasemdestaque.com\/cd\/wp-content\/uploads\/2018\/02\/gravida-trabalho.jpeg","type":"image\/jpeg"}],"author":"Not\u00edcias em Destaque","twitter_card":"summary_large_image","twitter_misc":{"Escrito por":"Not\u00edcias em Destaque","Est. tempo de leitura":"3 minutos"},"schema":{"@context":"https:\/\/schema.org","@graph":[{"@type":"Article","@id":"https:\/\/noticiasemdestaque.com\/cd\/?p=20819#article","isPartOf":{"@id":"https:\/\/noticiasemdestaque.com\/cd\/?p=20819"},"author":{"name":"Not\u00edcias em Destaque","@id":"https:\/\/noticiasemdestaque.com\/cd\/#\/schema\/person\/3e6ba396ff5664a69c392f09a8e1504c"},"headline":"TST decide que trabalhadora tempor\u00e1ria n\u00e3o tem direito \u00e0 estabilidade se engravidar","datePublished":"2019-11-21T13:39:59+00:00","mainEntityOfPage":{"@id":"https:\/\/noticiasemdestaque.com\/cd\/?p=20819"},"wordCount":625,"publisher":{"@id":"https:\/\/noticiasemdestaque.com\/cd\/#organization"},"image":{"@id":"https:\/\/noticiasemdestaque.com\/cd\/?p=20819#primaryimage"},"thumbnailUrl":"https:\/\/noticiasemdestaque.com\/cd\/wp-content\/uploads\/2018\/02\/gravida-trabalho.jpeg","articleSection":["Pol\u00edtica"],"inLanguage":"pt-BR"},{"@type":"WebPage","@id":"https:\/\/noticiasemdestaque.com\/cd\/?p=20819","url":"https:\/\/noticiasemdestaque.com\/cd\/?p=20819","name":"TST decide que trabalhadora tempor\u00e1ria n\u00e3o tem direito \u00e0 estabilidade se engravidar - Not&iacute;cias em Destaque","isPartOf":{"@id":"https:\/\/noticiasemdestaque.com\/cd\/#website"},"primaryImageOfPage":{"@id":"https:\/\/noticiasemdestaque.com\/cd\/?p=20819#primaryimage"},"image":{"@id":"https:\/\/noticiasemdestaque.com\/cd\/?p=20819#primaryimage"},"thumbnailUrl":"https:\/\/noticiasemdestaque.com\/cd\/wp-content\/uploads\/2018\/02\/gravida-trabalho.jpeg","datePublished":"2019-11-21T13:39:59+00:00","breadcrumb":{"@id":"https:\/\/noticiasemdestaque.com\/cd\/?p=20819#breadcrumb"},"inLanguage":"pt-BR","potentialAction":[{"@type":"ReadAction","target":["https:\/\/noticiasemdestaque.com\/cd\/?p=20819"]}]},{"@type":"ImageObject","inLanguage":"pt-BR","@id":"https:\/\/noticiasemdestaque.com\/cd\/?p=20819#primaryimage","url":"https:\/\/noticiasemdestaque.com\/cd\/wp-content\/uploads\/2018\/02\/gravida-trabalho.jpeg","contentUrl":"https:\/\/noticiasemdestaque.com\/cd\/wp-content\/uploads\/2018\/02\/gravida-trabalho.jpeg","width":1024,"height":768},{"@type":"BreadcrumbList","@id":"https:\/\/noticiasemdestaque.com\/cd\/?p=20819#breadcrumb","itemListElement":[{"@type":"ListItem","position":1,"name":"In\u00edcio","item":"https:\/\/noticiasemdestaque.com\/cd\/"},{"@type":"ListItem","position":2,"name":"TST decide que trabalhadora tempor\u00e1ria n\u00e3o tem direito \u00e0 estabilidade se engravidar"}]},{"@type":"WebSite","@id":"https:\/\/noticiasemdestaque.com\/cd\/#website","url":"https:\/\/noticiasemdestaque.com\/cd\/","name":"Not&iacute;cias em Destaque","description":"","publisher":{"@id":"https:\/\/noticiasemdestaque.com\/cd\/#organization"},"potentialAction":[{"@type":"SearchAction","target":{"@type":"EntryPoint","urlTemplate":"https:\/\/noticiasemdestaque.com\/cd\/?s={search_term_string}"},"query-input":{"@type":"PropertyValueSpecification","valueRequired":true,"valueName":"search_term_string"}}],"inLanguage":"pt-BR"},{"@type":"Organization","@id":"https:\/\/noticiasemdestaque.com\/cd\/#organization","name":"Not\u00edcias em Destaque","url":"https:\/\/noticiasemdestaque.com\/cd\/","logo":{"@type":"ImageObject","inLanguage":"pt-BR","@id":"https:\/\/noticiasemdestaque.com\/cd\/#\/schema\/logo\/image\/","url":"https:\/\/noticiasemdestaque.com\/cd\/wp-content\/uploads\/2022\/05\/imagem-base-noticiasemdestaque.png","contentUrl":"https:\/\/noticiasemdestaque.com\/cd\/wp-content\/uploads\/2022\/05\/imagem-base-noticiasemdestaque.png","width":1200,"height":630,"caption":"Not\u00edcias em Destaque"},"image":{"@id":"https:\/\/noticiasemdestaque.com\/cd\/#\/schema\/logo\/image\/"}},{"@type":"Person","@id":"https:\/\/noticiasemdestaque.com\/cd\/#\/schema\/person\/3e6ba396ff5664a69c392f09a8e1504c","name":"Not\u00edcias em Destaque","url":"https:\/\/noticiasemdestaque.com\/cd\/?author=2"}]}},"jetpack_featured_media_url":"https:\/\/noticiasemdestaque.com\/cd\/wp-content\/uploads\/2018\/02\/gravida-trabalho.jpeg","jetpack_sharing_enabled":true,"_links":{"self":[{"href":"https:\/\/noticiasemdestaque.com\/cd\/index.php?rest_route=\/wp\/v2\/posts\/20819","targetHints":{"allow":["GET"]}}],"collection":[{"href":"https:\/\/noticiasemdestaque.com\/cd\/index.php?rest_route=\/wp\/v2\/posts"}],"about":[{"href":"https:\/\/noticiasemdestaque.com\/cd\/index.php?rest_route=\/wp\/v2\/types\/post"}],"author":[{"embeddable":true,"href":"https:\/\/noticiasemdestaque.com\/cd\/index.php?rest_route=\/wp\/v2\/users\/2"}],"replies":[{"embeddable":true,"href":"https:\/\/noticiasemdestaque.com\/cd\/index.php?rest_route=%2Fwp%2Fv2%2Fcomments&post=20819"}],"version-history":[{"count":1,"href":"https:\/\/noticiasemdestaque.com\/cd\/index.php?rest_route=\/wp\/v2\/posts\/20819\/revisions"}],"predecessor-version":[{"id":20820,"href":"https:\/\/noticiasemdestaque.com\/cd\/index.php?rest_route=\/wp\/v2\/posts\/20819\/revisions\/20820"}],"wp:featuredmedia":[{"embeddable":true,"href":"https:\/\/noticiasemdestaque.com\/cd\/index.php?rest_route=\/wp\/v2\/media\/7841"}],"wp:attachment":[{"href":"https:\/\/noticiasemdestaque.com\/cd\/index.php?rest_route=%2Fwp%2Fv2%2Fmedia&parent=20819"}],"wp:term":[{"taxonomy":"category","embeddable":true,"href":"https:\/\/noticiasemdestaque.com\/cd\/index.php?rest_route=%2Fwp%2Fv2%2Fcategories&post=20819"},{"taxonomy":"post_tag","embeddable":true,"href":"https:\/\/noticiasemdestaque.com\/cd\/index.php?rest_route=%2Fwp%2Fv2%2Ftags&post=20819"}],"curies":[{"name":"wp","href":"https:\/\/api.w.org\/{rel}","templated":true}]}}