{"id":20816,"date":"2019-11-21T09:09:11","date_gmt":"2019-11-21T12:09:11","guid":{"rendered":"http:\/\/noticiasemdestaque.com\/cd\/?p=20816"},"modified":"2019-11-21T09:09:11","modified_gmt":"2019-11-21T12:09:11","slug":"ex-prefeito-de-cidade-do-cariri-e-condenado-por-improbidade-administrativa","status":"publish","type":"post","link":"https:\/\/noticiasemdestaque.com\/cd\/?p=20816","title":{"rendered":"Ex-prefeito de cidade do Cariri \u00e9 condenado por improbidade administrativa"},"content":{"rendered":"<p><a href=\"https:\/\/noticiasemdestaque.com\/cd\/wp-content\/uploads\/2019\/11\/chico-neves.png\"><img fetchpriority=\"high\" decoding=\"async\" class=\"wp-image-20817 aligncenter\" src=\"https:\/\/noticiasemdestaque.com\/cd\/wp-content\/uploads\/2019\/11\/chico-neves.png\" alt=\"\" width=\"434\" height=\"506\" srcset=\"https:\/\/noticiasemdestaque.com\/cd\/wp-content\/uploads\/2019\/11\/chico-neves.png 727w, https:\/\/noticiasemdestaque.com\/cd\/wp-content\/uploads\/2019\/11\/chico-neves-257x300.png 257w\" sizes=\"(max-width: 434px) 100vw, 434px\" \/><\/a><\/p>\n<p>O ex-prefeito do Munic\u00edpio de S\u00e3o Sebasti\u00e3o do Umbuzeiro, Francisco Al\u00edpio Neves, foi condenado por atos de improbidade administrativa, em virtude do mesmo ter promovido durante o exerc\u00edcio financeiro de 2009 v\u00e1rias compras e contrata\u00e7\u00f5es de servi\u00e7os sem a devida licita\u00e7\u00e3o. Na decis\u00e3o, o juiz do Grupo da Meta 4, no \u00e2mbito do Judici\u00e1rio estadual, Sivanildo Torres Ferreira, sentenciou o ex-gestor a uma pena de seis anos de reclus\u00e3o, em regime semiaberto, e 100 dias-multa, no valor unit\u00e1rio de 1\/30 do sal\u00e1rio m\u00ednimo vigente \u00e0 \u00e9poca dos fatos.<\/p>\n<p>A den\u00fancia do Minist\u00e9rio P\u00fablico estadual foi julgada procedente para condenar o ex-gestor como incurso nas san\u00e7\u00f5es do artigo 89 da Lei n\u00ba 8.666\/93 combinado com o artigo 1\u00ba do Decreto Lei n\u00ba 201\/67.<\/p>\n<p>No recurso, a defesa afirmou que as provas colhidas nos autos demonstram que foram realizados procedimentos licitat\u00f3rios, ao contr\u00e1rio do que alega o MP. Disse, ainda, que n\u00e3o cabe ao acusado comprovar despesas, apenas homologar os certames e autorizar as despesas. Aduziu, tamb\u00e9m, que as dispensas de licita\u00e7\u00e3o ocorreram dentro do limite previsto em lei, que as provas s\u00e3o insuficientes para embasar a den\u00fancia, entre outros.<\/p>\n<p>Em sua decis\u00e3o, o juiz Sivanildo Torres observou que as circunst\u00e2ncias do caso autorizam concluir pela exist\u00eancia do dolo na dispensa e inexigibilidade, j\u00e1 que a Prefeitura realizou dispensa e contrata\u00e7\u00f5es sem o devido processo licitat\u00f3rio. \u201cDispensar ou inexigir licita\u00e7\u00e3o fora das hip\u00f3teses previstas em lei, ou deixar de observar as formalidades pertinentes \u00e0 dispensa ou \u00e0 exigibilidade, \u00e9 mister a condena\u00e7\u00e3o do r\u00e9u\u201d, ressaltou o magistrado.<\/p>\n<p>Da decis\u00e3o cabe recurso.<\/p>\n","protected":false},"excerpt":{"rendered":"<p>O ex-prefeito do Munic\u00edpio de S\u00e3o Sebasti\u00e3o do Umbuzeiro, Francisco Al\u00edpio Neves, foi condenado por atos de improbidade administrativa, em virtude do mesmo ter promovido durante o exerc\u00edcio financeiro de 2009 v\u00e1rias compras e contrata\u00e7\u00f5es de servi\u00e7os sem a devida licita\u00e7\u00e3o. Na decis\u00e3o, o juiz do Grupo da Meta 4, no \u00e2mbito do Judici\u00e1rio estadual, Sivanildo Torres Ferreira, sentenciou o ex-gestor a uma pena de seis anos de reclus\u00e3o, em regime semiaberto, e 100 dias-multa, no valor unit\u00e1rio de 1\/30 do sal\u00e1rio m\u00ednimo vigente \u00e0 \u00e9poca dos fatos. A den\u00fancia do Minist\u00e9rio P\u00fablico estadual foi julgada procedente para condenar o ex-gestor como incurso nas san\u00e7\u00f5es do artigo 89 da Lei n\u00ba 8.666\/93 combinado com o artigo 1\u00ba do Decreto Lei n\u00ba 201\/67. No recurso, a defesa afirmou que as provas colhidas nos autos demonstram que foram realizados procedimentos licitat\u00f3rios, ao contr\u00e1rio do que alega o MP. Disse, ainda, que n\u00e3o cabe ao acusado comprovar despesas, apenas homologar os certames e autorizar as despesas. Aduziu, tamb\u00e9m, que as dispensas de licita\u00e7\u00e3o ocorreram dentro do limite previsto em lei, que as provas s\u00e3o insuficientes para embasar a den\u00fancia, entre outros. Em sua decis\u00e3o, o juiz Sivanildo Torres observou que as circunst\u00e2ncias do caso autorizam concluir pela exist\u00eancia do dolo na dispensa e inexigibilidade, j\u00e1 que a Prefeitura realizou dispensa e contrata\u00e7\u00f5es sem o devido processo licitat\u00f3rio. \u201cDispensar ou inexigir licita\u00e7\u00e3o fora das hip\u00f3teses previstas em lei, ou deixar de observar as formalidades pertinentes \u00e0 dispensa ou \u00e0 exigibilidade, \u00e9 mister a condena\u00e7\u00e3o do r\u00e9u\u201d, ressaltou o magistrado. Da decis\u00e3o cabe recurso.<\/p>\n","protected":false},"author":2,"featured_media":20817,"comment_status":"closed","ping_status":"open","sticky":false,"template":"","format":"standard","meta":{"_eb_attr":"","_jetpack_memberships_contains_paid_content":false,"footnotes":""},"categories":[3],"tags":[],"class_list":["post-20816","post","type-post","status-publish","format-standard","has-post-thumbnail","hentry","category-cidades"],"yoast_head":"<!-- This site is optimized with the Yoast SEO plugin v26.5 - https:\/\/yoast.com\/wordpress\/plugins\/seo\/ -->\n<title>Ex-prefeito de cidade do Cariri \u00e9 condenado por improbidade administrativa - Not&iacute;cias em Destaque<\/title>\n<meta name=\"robots\" content=\"index, follow, max-snippet:-1, max-image-preview:large, max-video-preview:-1\" \/>\n<link rel=\"canonical\" href=\"https:\/\/noticiasemdestaque.com\/cd\/?p=20816\" \/>\n<meta property=\"og:locale\" content=\"pt_BR\" \/>\n<meta property=\"og:type\" content=\"article\" \/>\n<meta property=\"og:title\" content=\"Ex-prefeito de cidade do Cariri \u00e9 condenado por improbidade administrativa - Not&iacute;cias em Destaque\" \/>\n<meta property=\"og:description\" content=\"O ex-prefeito do Munic\u00edpio de S\u00e3o Sebasti\u00e3o do Umbuzeiro, Francisco Al\u00edpio Neves, foi condenado por atos de improbidade administrativa, em virtude do mesmo ter promovido durante o exerc\u00edcio financeiro de 2009 v\u00e1rias compras e contrata\u00e7\u00f5es de servi\u00e7os sem a devida licita\u00e7\u00e3o. Na decis\u00e3o, o juiz do Grupo da Meta 4, no \u00e2mbito do Judici\u00e1rio estadual, Sivanildo Torres Ferreira, sentenciou o ex-gestor a uma pena de seis anos de reclus\u00e3o, em regime semiaberto, e 100 dias-multa, no valor unit\u00e1rio de 1\/30 do sal\u00e1rio m\u00ednimo vigente \u00e0 \u00e9poca dos fatos. A den\u00fancia do Minist\u00e9rio P\u00fablico estadual foi julgada procedente para condenar o ex-gestor como incurso nas san\u00e7\u00f5es do artigo 89 da Lei n\u00ba 8.666\/93 combinado com o artigo 1\u00ba do Decreto Lei n\u00ba 201\/67. No recurso, a defesa afirmou que as provas colhidas nos autos demonstram que foram realizados procedimentos licitat\u00f3rios, ao contr\u00e1rio do que alega o MP. Disse, ainda, que n\u00e3o cabe ao acusado comprovar despesas, apenas homologar os certames e autorizar as despesas. Aduziu, tamb\u00e9m, que as dispensas de licita\u00e7\u00e3o ocorreram dentro do limite previsto em lei, que as provas s\u00e3o insuficientes para embasar a den\u00fancia, entre outros. Em sua decis\u00e3o, o juiz Sivanildo Torres observou que as circunst\u00e2ncias do caso autorizam concluir pela exist\u00eancia do dolo na dispensa e inexigibilidade, j\u00e1 que a Prefeitura realizou dispensa e contrata\u00e7\u00f5es sem o devido processo licitat\u00f3rio. \u201cDispensar ou inexigir licita\u00e7\u00e3o fora das hip\u00f3teses previstas em lei, ou deixar de observar as formalidades pertinentes \u00e0 dispensa ou \u00e0 exigibilidade, \u00e9 mister a condena\u00e7\u00e3o do r\u00e9u\u201d, ressaltou o magistrado. Da decis\u00e3o cabe recurso.\" \/>\n<meta property=\"og:url\" content=\"https:\/\/noticiasemdestaque.com\/cd\/?p=20816\" \/>\n<meta property=\"og:site_name\" content=\"Not&iacute;cias em Destaque\" \/>\n<meta property=\"article:published_time\" content=\"2019-11-21T12:09:11+00:00\" \/>\n<meta property=\"og:image\" content=\"https:\/\/noticiasemdestaque.com\/cd\/wp-content\/uploads\/2019\/11\/chico-neves.png\" \/>\n\t<meta property=\"og:image:width\" content=\"727\" \/>\n\t<meta property=\"og:image:height\" content=\"847\" \/>\n\t<meta property=\"og:image:type\" content=\"image\/png\" \/>\n<meta name=\"author\" content=\"Not\u00edcias em Destaque\" \/>\n<meta name=\"twitter:card\" content=\"summary_large_image\" \/>\n<meta name=\"twitter:label1\" content=\"Escrito por\" \/>\n\t<meta name=\"twitter:data1\" content=\"Not\u00edcias em Destaque\" \/>\n\t<meta name=\"twitter:label2\" content=\"Est. tempo de leitura\" \/>\n\t<meta name=\"twitter:data2\" content=\"1 minuto\" \/>\n<script type=\"application\/ld+json\" class=\"yoast-schema-graph\">{\"@context\":\"https:\/\/schema.org\",\"@graph\":[{\"@type\":\"Article\",\"@id\":\"https:\/\/noticiasemdestaque.com\/cd\/?p=20816#article\",\"isPartOf\":{\"@id\":\"https:\/\/noticiasemdestaque.com\/cd\/?p=20816\"},\"author\":{\"name\":\"Not\u00edcias em Destaque\",\"@id\":\"https:\/\/noticiasemdestaque.com\/cd\/#\/schema\/person\/3e6ba396ff5664a69c392f09a8e1504c\"},\"headline\":\"Ex-prefeito de cidade do Cariri \u00e9 condenado por improbidade administrativa\",\"datePublished\":\"2019-11-21T12:09:11+00:00\",\"mainEntityOfPage\":{\"@id\":\"https:\/\/noticiasemdestaque.com\/cd\/?p=20816\"},\"wordCount\":292,\"publisher\":{\"@id\":\"https:\/\/noticiasemdestaque.com\/cd\/#organization\"},\"image\":{\"@id\":\"https:\/\/noticiasemdestaque.com\/cd\/?p=20816#primaryimage\"},\"thumbnailUrl\":\"https:\/\/noticiasemdestaque.com\/cd\/wp-content\/uploads\/2019\/11\/chico-neves.png\",\"articleSection\":[\"Cidades\"],\"inLanguage\":\"pt-BR\"},{\"@type\":\"WebPage\",\"@id\":\"https:\/\/noticiasemdestaque.com\/cd\/?p=20816\",\"url\":\"https:\/\/noticiasemdestaque.com\/cd\/?p=20816\",\"name\":\"Ex-prefeito de cidade do Cariri \u00e9 condenado por improbidade administrativa - Not&iacute;cias em Destaque\",\"isPartOf\":{\"@id\":\"https:\/\/noticiasemdestaque.com\/cd\/#website\"},\"primaryImageOfPage\":{\"@id\":\"https:\/\/noticiasemdestaque.com\/cd\/?p=20816#primaryimage\"},\"image\":{\"@id\":\"https:\/\/noticiasemdestaque.com\/cd\/?p=20816#primaryimage\"},\"thumbnailUrl\":\"https:\/\/noticiasemdestaque.com\/cd\/wp-content\/uploads\/2019\/11\/chico-neves.png\",\"datePublished\":\"2019-11-21T12:09:11+00:00\",\"breadcrumb\":{\"@id\":\"https:\/\/noticiasemdestaque.com\/cd\/?p=20816#breadcrumb\"},\"inLanguage\":\"pt-BR\",\"potentialAction\":[{\"@type\":\"ReadAction\",\"target\":[\"https:\/\/noticiasemdestaque.com\/cd\/?p=20816\"]}]},{\"@type\":\"ImageObject\",\"inLanguage\":\"pt-BR\",\"@id\":\"https:\/\/noticiasemdestaque.com\/cd\/?p=20816#primaryimage\",\"url\":\"https:\/\/noticiasemdestaque.com\/cd\/wp-content\/uploads\/2019\/11\/chico-neves.png\",\"contentUrl\":\"https:\/\/noticiasemdestaque.com\/cd\/wp-content\/uploads\/2019\/11\/chico-neves.png\",\"width\":727,\"height\":847},{\"@type\":\"BreadcrumbList\",\"@id\":\"https:\/\/noticiasemdestaque.com\/cd\/?p=20816#breadcrumb\",\"itemListElement\":[{\"@type\":\"ListItem\",\"position\":1,\"name\":\"In\u00edcio\",\"item\":\"https:\/\/noticiasemdestaque.com\/cd\/\"},{\"@type\":\"ListItem\",\"position\":2,\"name\":\"Ex-prefeito de cidade do Cariri \u00e9 condenado por improbidade administrativa\"}]},{\"@type\":\"WebSite\",\"@id\":\"https:\/\/noticiasemdestaque.com\/cd\/#website\",\"url\":\"https:\/\/noticiasemdestaque.com\/cd\/\",\"name\":\"Not&iacute;cias em Destaque\",\"description\":\"\",\"publisher\":{\"@id\":\"https:\/\/noticiasemdestaque.com\/cd\/#organization\"},\"potentialAction\":[{\"@type\":\"SearchAction\",\"target\":{\"@type\":\"EntryPoint\",\"urlTemplate\":\"https:\/\/noticiasemdestaque.com\/cd\/?s={search_term_string}\"},\"query-input\":{\"@type\":\"PropertyValueSpecification\",\"valueRequired\":true,\"valueName\":\"search_term_string\"}}],\"inLanguage\":\"pt-BR\"},{\"@type\":\"Organization\",\"@id\":\"https:\/\/noticiasemdestaque.com\/cd\/#organization\",\"name\":\"Not\u00edcias em Destaque\",\"url\":\"https:\/\/noticiasemdestaque.com\/cd\/\",\"logo\":{\"@type\":\"ImageObject\",\"inLanguage\":\"pt-BR\",\"@id\":\"https:\/\/noticiasemdestaque.com\/cd\/#\/schema\/logo\/image\/\",\"url\":\"https:\/\/noticiasemdestaque.com\/cd\/wp-content\/uploads\/2022\/05\/imagem-base-noticiasemdestaque.png\",\"contentUrl\":\"https:\/\/noticiasemdestaque.com\/cd\/wp-content\/uploads\/2022\/05\/imagem-base-noticiasemdestaque.png\",\"width\":1200,\"height\":630,\"caption\":\"Not\u00edcias em Destaque\"},\"image\":{\"@id\":\"https:\/\/noticiasemdestaque.com\/cd\/#\/schema\/logo\/image\/\"}},{\"@type\":\"Person\",\"@id\":\"https:\/\/noticiasemdestaque.com\/cd\/#\/schema\/person\/3e6ba396ff5664a69c392f09a8e1504c\",\"name\":\"Not\u00edcias em Destaque\",\"url\":\"https:\/\/noticiasemdestaque.com\/cd\/?author=2\"}]}<\/script>\n<!-- \/ Yoast SEO plugin. -->","yoast_head_json":{"title":"Ex-prefeito de cidade do Cariri \u00e9 condenado por improbidade administrativa - Not&iacute;cias em Destaque","robots":{"index":"index","follow":"follow","max-snippet":"max-snippet:-1","max-image-preview":"max-image-preview:large","max-video-preview":"max-video-preview:-1"},"canonical":"https:\/\/noticiasemdestaque.com\/cd\/?p=20816","og_locale":"pt_BR","og_type":"article","og_title":"Ex-prefeito de cidade do Cariri \u00e9 condenado por improbidade administrativa - Not&iacute;cias em Destaque","og_description":"O ex-prefeito do Munic\u00edpio de S\u00e3o Sebasti\u00e3o do Umbuzeiro, Francisco Al\u00edpio Neves, foi condenado por atos de improbidade administrativa, em virtude do mesmo ter promovido durante o exerc\u00edcio financeiro de 2009 v\u00e1rias compras e contrata\u00e7\u00f5es de servi\u00e7os sem a devida licita\u00e7\u00e3o. Na decis\u00e3o, o juiz do Grupo da Meta 4, no \u00e2mbito do Judici\u00e1rio estadual, Sivanildo Torres Ferreira, sentenciou o ex-gestor a uma pena de seis anos de reclus\u00e3o, em regime semiaberto, e 100 dias-multa, no valor unit\u00e1rio de 1\/30 do sal\u00e1rio m\u00ednimo vigente \u00e0 \u00e9poca dos fatos. A den\u00fancia do Minist\u00e9rio P\u00fablico estadual foi julgada procedente para condenar o ex-gestor como incurso nas san\u00e7\u00f5es do artigo 89 da Lei n\u00ba 8.666\/93 combinado com o artigo 1\u00ba do Decreto Lei n\u00ba 201\/67. No recurso, a defesa afirmou que as provas colhidas nos autos demonstram que foram realizados procedimentos licitat\u00f3rios, ao contr\u00e1rio do que alega o MP. Disse, ainda, que n\u00e3o cabe ao acusado comprovar despesas, apenas homologar os certames e autorizar as despesas. Aduziu, tamb\u00e9m, que as dispensas de licita\u00e7\u00e3o ocorreram dentro do limite previsto em lei, que as provas s\u00e3o insuficientes para embasar a den\u00fancia, entre outros. Em sua decis\u00e3o, o juiz Sivanildo Torres observou que as circunst\u00e2ncias do caso autorizam concluir pela exist\u00eancia do dolo na dispensa e inexigibilidade, j\u00e1 que a Prefeitura realizou dispensa e contrata\u00e7\u00f5es sem o devido processo licitat\u00f3rio. \u201cDispensar ou inexigir licita\u00e7\u00e3o fora das hip\u00f3teses previstas em lei, ou deixar de observar as formalidades pertinentes \u00e0 dispensa ou \u00e0 exigibilidade, \u00e9 mister a condena\u00e7\u00e3o do r\u00e9u\u201d, ressaltou o magistrado. Da decis\u00e3o cabe recurso.","og_url":"https:\/\/noticiasemdestaque.com\/cd\/?p=20816","og_site_name":"Not&iacute;cias em Destaque","article_published_time":"2019-11-21T12:09:11+00:00","og_image":[{"width":727,"height":847,"url":"https:\/\/noticiasemdestaque.com\/cd\/wp-content\/uploads\/2019\/11\/chico-neves.png","type":"image\/png"}],"author":"Not\u00edcias em Destaque","twitter_card":"summary_large_image","twitter_misc":{"Escrito por":"Not\u00edcias em Destaque","Est. tempo de leitura":"1 minuto"},"schema":{"@context":"https:\/\/schema.org","@graph":[{"@type":"Article","@id":"https:\/\/noticiasemdestaque.com\/cd\/?p=20816#article","isPartOf":{"@id":"https:\/\/noticiasemdestaque.com\/cd\/?p=20816"},"author":{"name":"Not\u00edcias em Destaque","@id":"https:\/\/noticiasemdestaque.com\/cd\/#\/schema\/person\/3e6ba396ff5664a69c392f09a8e1504c"},"headline":"Ex-prefeito de cidade do Cariri \u00e9 condenado por improbidade administrativa","datePublished":"2019-11-21T12:09:11+00:00","mainEntityOfPage":{"@id":"https:\/\/noticiasemdestaque.com\/cd\/?p=20816"},"wordCount":292,"publisher":{"@id":"https:\/\/noticiasemdestaque.com\/cd\/#organization"},"image":{"@id":"https:\/\/noticiasemdestaque.com\/cd\/?p=20816#primaryimage"},"thumbnailUrl":"https:\/\/noticiasemdestaque.com\/cd\/wp-content\/uploads\/2019\/11\/chico-neves.png","articleSection":["Cidades"],"inLanguage":"pt-BR"},{"@type":"WebPage","@id":"https:\/\/noticiasemdestaque.com\/cd\/?p=20816","url":"https:\/\/noticiasemdestaque.com\/cd\/?p=20816","name":"Ex-prefeito de cidade do Cariri \u00e9 condenado por improbidade administrativa - Not&iacute;cias em Destaque","isPartOf":{"@id":"https:\/\/noticiasemdestaque.com\/cd\/#website"},"primaryImageOfPage":{"@id":"https:\/\/noticiasemdestaque.com\/cd\/?p=20816#primaryimage"},"image":{"@id":"https:\/\/noticiasemdestaque.com\/cd\/?p=20816#primaryimage"},"thumbnailUrl":"https:\/\/noticiasemdestaque.com\/cd\/wp-content\/uploads\/2019\/11\/chico-neves.png","datePublished":"2019-11-21T12:09:11+00:00","breadcrumb":{"@id":"https:\/\/noticiasemdestaque.com\/cd\/?p=20816#breadcrumb"},"inLanguage":"pt-BR","potentialAction":[{"@type":"ReadAction","target":["https:\/\/noticiasemdestaque.com\/cd\/?p=20816"]}]},{"@type":"ImageObject","inLanguage":"pt-BR","@id":"https:\/\/noticiasemdestaque.com\/cd\/?p=20816#primaryimage","url":"https:\/\/noticiasemdestaque.com\/cd\/wp-content\/uploads\/2019\/11\/chico-neves.png","contentUrl":"https:\/\/noticiasemdestaque.com\/cd\/wp-content\/uploads\/2019\/11\/chico-neves.png","width":727,"height":847},{"@type":"BreadcrumbList","@id":"https:\/\/noticiasemdestaque.com\/cd\/?p=20816#breadcrumb","itemListElement":[{"@type":"ListItem","position":1,"name":"In\u00edcio","item":"https:\/\/noticiasemdestaque.com\/cd\/"},{"@type":"ListItem","position":2,"name":"Ex-prefeito de cidade do Cariri \u00e9 condenado por improbidade administrativa"}]},{"@type":"WebSite","@id":"https:\/\/noticiasemdestaque.com\/cd\/#website","url":"https:\/\/noticiasemdestaque.com\/cd\/","name":"Not&iacute;cias em Destaque","description":"","publisher":{"@id":"https:\/\/noticiasemdestaque.com\/cd\/#organization"},"potentialAction":[{"@type":"SearchAction","target":{"@type":"EntryPoint","urlTemplate":"https:\/\/noticiasemdestaque.com\/cd\/?s={search_term_string}"},"query-input":{"@type":"PropertyValueSpecification","valueRequired":true,"valueName":"search_term_string"}}],"inLanguage":"pt-BR"},{"@type":"Organization","@id":"https:\/\/noticiasemdestaque.com\/cd\/#organization","name":"Not\u00edcias em Destaque","url":"https:\/\/noticiasemdestaque.com\/cd\/","logo":{"@type":"ImageObject","inLanguage":"pt-BR","@id":"https:\/\/noticiasemdestaque.com\/cd\/#\/schema\/logo\/image\/","url":"https:\/\/noticiasemdestaque.com\/cd\/wp-content\/uploads\/2022\/05\/imagem-base-noticiasemdestaque.png","contentUrl":"https:\/\/noticiasemdestaque.com\/cd\/wp-content\/uploads\/2022\/05\/imagem-base-noticiasemdestaque.png","width":1200,"height":630,"caption":"Not\u00edcias em Destaque"},"image":{"@id":"https:\/\/noticiasemdestaque.com\/cd\/#\/schema\/logo\/image\/"}},{"@type":"Person","@id":"https:\/\/noticiasemdestaque.com\/cd\/#\/schema\/person\/3e6ba396ff5664a69c392f09a8e1504c","name":"Not\u00edcias em Destaque","url":"https:\/\/noticiasemdestaque.com\/cd\/?author=2"}]}},"jetpack_featured_media_url":"https:\/\/noticiasemdestaque.com\/cd\/wp-content\/uploads\/2019\/11\/chico-neves.png","jetpack_sharing_enabled":true,"_links":{"self":[{"href":"https:\/\/noticiasemdestaque.com\/cd\/index.php?rest_route=\/wp\/v2\/posts\/20816","targetHints":{"allow":["GET"]}}],"collection":[{"href":"https:\/\/noticiasemdestaque.com\/cd\/index.php?rest_route=\/wp\/v2\/posts"}],"about":[{"href":"https:\/\/noticiasemdestaque.com\/cd\/index.php?rest_route=\/wp\/v2\/types\/post"}],"author":[{"embeddable":true,"href":"https:\/\/noticiasemdestaque.com\/cd\/index.php?rest_route=\/wp\/v2\/users\/2"}],"replies":[{"embeddable":true,"href":"https:\/\/noticiasemdestaque.com\/cd\/index.php?rest_route=%2Fwp%2Fv2%2Fcomments&post=20816"}],"version-history":[{"count":1,"href":"https:\/\/noticiasemdestaque.com\/cd\/index.php?rest_route=\/wp\/v2\/posts\/20816\/revisions"}],"predecessor-version":[{"id":20818,"href":"https:\/\/noticiasemdestaque.com\/cd\/index.php?rest_route=\/wp\/v2\/posts\/20816\/revisions\/20818"}],"wp:featuredmedia":[{"embeddable":true,"href":"https:\/\/noticiasemdestaque.com\/cd\/index.php?rest_route=\/wp\/v2\/media\/20817"}],"wp:attachment":[{"href":"https:\/\/noticiasemdestaque.com\/cd\/index.php?rest_route=%2Fwp%2Fv2%2Fmedia&parent=20816"}],"wp:term":[{"taxonomy":"category","embeddable":true,"href":"https:\/\/noticiasemdestaque.com\/cd\/index.php?rest_route=%2Fwp%2Fv2%2Fcategories&post=20816"},{"taxonomy":"post_tag","embeddable":true,"href":"https:\/\/noticiasemdestaque.com\/cd\/index.php?rest_route=%2Fwp%2Fv2%2Ftags&post=20816"}],"curies":[{"name":"wp","href":"https:\/\/api.w.org\/{rel}","templated":true}]}}