{"id":2035,"date":"2017-07-19T08:21:52","date_gmt":"2017-07-19T11:21:52","guid":{"rendered":"http:\/\/caririemdestaque.com\/cd\/?p=2035"},"modified":"2017-07-19T08:21:52","modified_gmt":"2017-07-19T11:21:52","slug":"tce-examinara-contas-das-camaras-de-cabaceiras-e-prata-nesta-4a","status":"publish","type":"post","link":"https:\/\/noticiasemdestaque.com\/cd\/?p=2035","title":{"rendered":"TCE examinar\u00e1 contas das C\u00e2maras de Cabaceiras e Prata nesta 4\u00aa"},"content":{"rendered":"<p>O Tribunal de Contas da Para\u00edba vai examinar, na sess\u00e3o plen\u00e1ria desta quarta-feira (19), o Processo 7.382\/2017 atinente ao primeiro monitoramento das delibera\u00e7\u00f5es por ele expressas quando do julgamento da Auditoria Operacional em Educa\u00e7\u00e3o, com foco no Ensino M\u00e9dio, de que \u00e9 relator o conselheiro Fernando Cat\u00e3o.<\/p>\n<p>A mesma pauta cont\u00e9m as presta\u00e7\u00f5es de contas da Casa Civil do Governador (exerc\u00edcio de 2014), tomada especial de contas da Empresa Estadual de Pesquisa Agropecu\u00e1ria da Para\u00edba e recursos oriundos das Prefeituras de Riach\u00e3o do Po\u00e7o, Pedras de Fogo, Brejo do Cruz, Passagem, Caldas Brand\u00e3o e Amparo. Tamb\u00e9m, as contas das C\u00e2maras Municipais de Cabaceiras (2015) e Prata (2014).<\/p>\n<p>Organismo presidido pelo conselheiro Andr\u00e9 Carlo Torres Pontes, o TCE re\u00fane-se, ordinariamente, \u00e0s quartas-feiras, a partir das 9 horas, com acesso permitido ao p\u00fablico e transmiss\u00f5es ao vivo pela TV TCE-PB (canal no Youtube).<\/p>\n<p><strong><em>Cariri em Destaque<\/em><\/strong><\/p>\n<p><em>Com Ascom<\/em><\/p>\n","protected":false},"excerpt":{"rendered":"<p>O Tribunal de Contas da Para\u00edba vai examinar, na sess\u00e3o plen\u00e1ria desta quarta-feira (19), o Processo 7.382\/2017 atinente ao primeiro monitoramento das delibera\u00e7\u00f5es por ele expressas quando do julgamento da Auditoria Operacional em Educa\u00e7\u00e3o, com foco no Ensino M\u00e9dio, de que \u00e9 relator o conselheiro Fernando Cat\u00e3o. A mesma pauta cont\u00e9m as presta\u00e7\u00f5es de contas da Casa Civil do Governador (exerc\u00edcio de 2014), tomada especial de contas da Empresa Estadual de Pesquisa Agropecu\u00e1ria da Para\u00edba e recursos oriundos das Prefeituras de Riach\u00e3o do Po\u00e7o, Pedras de Fogo, Brejo do Cruz, Passagem, Caldas Brand\u00e3o e Amparo. Tamb\u00e9m, as contas das C\u00e2maras Municipais de Cabaceiras (2015) e Prata (2014). Organismo presidido pelo conselheiro Andr\u00e9 Carlo Torres Pontes, o TCE re\u00fane-se, ordinariamente, \u00e0s quartas-feiras, a partir das 9 horas, com acesso permitido ao p\u00fablico e transmiss\u00f5es ao vivo pela TV TCE-PB (canal no Youtube). Cariri em Destaque Com Ascom<\/p>\n","protected":false},"author":2,"featured_media":2036,"comment_status":"closed","ping_status":"open","sticky":false,"template":"","format":"standard","meta":{"_eb_attr":"","_jetpack_memberships_contains_paid_content":false,"footnotes":""},"categories":[4],"tags":[],"class_list":["post-2035","post","type-post","status-publish","format-standard","has-post-thumbnail","hentry","category-politica"],"yoast_head":"<!-- This site is optimized with the Yoast SEO plugin v26.5 - https:\/\/yoast.com\/wordpress\/plugins\/seo\/ -->\n<title>TCE examinar\u00e1 contas das C\u00e2maras de Cabaceiras e Prata nesta 4\u00aa - Not&iacute;cias em Destaque<\/title>\n<meta name=\"robots\" content=\"index, follow, max-snippet:-1, max-image-preview:large, max-video-preview:-1\" \/>\n<link rel=\"canonical\" href=\"https:\/\/noticiasemdestaque.com\/cd\/?p=2035\" \/>\n<meta property=\"og:locale\" content=\"pt_BR\" \/>\n<meta property=\"og:type\" content=\"article\" \/>\n<meta property=\"og:title\" content=\"TCE examinar\u00e1 contas das C\u00e2maras de Cabaceiras e Prata nesta 4\u00aa - Not&iacute;cias em Destaque\" \/>\n<meta property=\"og:description\" content=\"O Tribunal de Contas da Para\u00edba vai examinar, na sess\u00e3o plen\u00e1ria desta quarta-feira (19), o Processo 7.382\/2017 atinente ao primeiro monitoramento das delibera\u00e7\u00f5es por ele expressas quando do julgamento da Auditoria Operacional em Educa\u00e7\u00e3o, com foco no Ensino M\u00e9dio, de que \u00e9 relator o conselheiro Fernando Cat\u00e3o. A mesma pauta cont\u00e9m as presta\u00e7\u00f5es de contas da Casa Civil do Governador (exerc\u00edcio de 2014), tomada especial de contas da Empresa Estadual de Pesquisa Agropecu\u00e1ria da Para\u00edba e recursos oriundos das Prefeituras de Riach\u00e3o do Po\u00e7o, Pedras de Fogo, Brejo do Cruz, Passagem, Caldas Brand\u00e3o e Amparo. Tamb\u00e9m, as contas das C\u00e2maras Municipais de Cabaceiras (2015) e Prata (2014). Organismo presidido pelo conselheiro Andr\u00e9 Carlo Torres Pontes, o TCE re\u00fane-se, ordinariamente, \u00e0s quartas-feiras, a partir das 9 horas, com acesso permitido ao p\u00fablico e transmiss\u00f5es ao vivo pela TV TCE-PB (canal no Youtube). Cariri em Destaque Com Ascom\" \/>\n<meta property=\"og:url\" content=\"https:\/\/noticiasemdestaque.com\/cd\/?p=2035\" \/>\n<meta property=\"og:site_name\" content=\"Not&iacute;cias em Destaque\" \/>\n<meta property=\"article:published_time\" content=\"2017-07-19T11:21:52+00:00\" \/>\n<meta property=\"og:image\" content=\"https:\/\/noticiasemdestaque.com\/cd\/wp-content\/uploads\/2017\/07\/Fachada-do-TCE-PB.jpg\" \/>\n\t<meta property=\"og:image:width\" content=\"598\" \/>\n\t<meta property=\"og:image:height\" content=\"400\" \/>\n\t<meta property=\"og:image:type\" content=\"image\/jpeg\" \/>\n<meta name=\"author\" content=\"Not\u00edcias em Destaque\" \/>\n<meta name=\"twitter:card\" content=\"summary_large_image\" \/>\n<meta name=\"twitter:label1\" content=\"Escrito por\" \/>\n\t<meta name=\"twitter:data1\" content=\"Not\u00edcias em Destaque\" \/>\n\t<meta name=\"twitter:label2\" content=\"Est. tempo de leitura\" \/>\n\t<meta name=\"twitter:data2\" content=\"1 minuto\" \/>\n<script type=\"application\/ld+json\" class=\"yoast-schema-graph\">{\"@context\":\"https:\/\/schema.org\",\"@graph\":[{\"@type\":\"Article\",\"@id\":\"https:\/\/noticiasemdestaque.com\/cd\/?p=2035#article\",\"isPartOf\":{\"@id\":\"https:\/\/noticiasemdestaque.com\/cd\/?p=2035\"},\"author\":{\"name\":\"Not\u00edcias em Destaque\",\"@id\":\"https:\/\/noticiasemdestaque.com\/cd\/#\/schema\/person\/4a81fb71f77579d059c3045891fa1786\"},\"headline\":\"TCE examinar\u00e1 contas das C\u00e2maras de Cabaceiras e Prata nesta 4\u00aa\",\"datePublished\":\"2017-07-19T11:21:52+00:00\",\"mainEntityOfPage\":{\"@id\":\"https:\/\/noticiasemdestaque.com\/cd\/?p=2035\"},\"wordCount\":170,\"publisher\":{\"@id\":\"https:\/\/noticiasemdestaque.com\/cd\/#organization\"},\"image\":{\"@id\":\"https:\/\/noticiasemdestaque.com\/cd\/?p=2035#primaryimage\"},\"thumbnailUrl\":\"https:\/\/noticiasemdestaque.com\/cd\/wp-content\/uploads\/2017\/07\/Fachada-do-TCE-PB.jpg\",\"articleSection\":[\"Pol\u00edtica\"],\"inLanguage\":\"pt-BR\"},{\"@type\":\"WebPage\",\"@id\":\"https:\/\/noticiasemdestaque.com\/cd\/?p=2035\",\"url\":\"https:\/\/noticiasemdestaque.com\/cd\/?p=2035\",\"name\":\"TCE examinar\u00e1 contas das C\u00e2maras de Cabaceiras e Prata nesta 4\u00aa - Not&iacute;cias em Destaque\",\"isPartOf\":{\"@id\":\"https:\/\/noticiasemdestaque.com\/cd\/#website\"},\"primaryImageOfPage\":{\"@id\":\"https:\/\/noticiasemdestaque.com\/cd\/?p=2035#primaryimage\"},\"image\":{\"@id\":\"https:\/\/noticiasemdestaque.com\/cd\/?p=2035#primaryimage\"},\"thumbnailUrl\":\"https:\/\/noticiasemdestaque.com\/cd\/wp-content\/uploads\/2017\/07\/Fachada-do-TCE-PB.jpg\",\"datePublished\":\"2017-07-19T11:21:52+00:00\",\"breadcrumb\":{\"@id\":\"https:\/\/noticiasemdestaque.com\/cd\/?p=2035#breadcrumb\"},\"inLanguage\":\"pt-BR\",\"potentialAction\":[{\"@type\":\"ReadAction\",\"target\":[\"https:\/\/noticiasemdestaque.com\/cd\/?p=2035\"]}]},{\"@type\":\"ImageObject\",\"inLanguage\":\"pt-BR\",\"@id\":\"https:\/\/noticiasemdestaque.com\/cd\/?p=2035#primaryimage\",\"url\":\"https:\/\/noticiasemdestaque.com\/cd\/wp-content\/uploads\/2017\/07\/Fachada-do-TCE-PB.jpg\",\"contentUrl\":\"https:\/\/noticiasemdestaque.com\/cd\/wp-content\/uploads\/2017\/07\/Fachada-do-TCE-PB.jpg\",\"width\":598,\"height\":400},{\"@type\":\"BreadcrumbList\",\"@id\":\"https:\/\/noticiasemdestaque.com\/cd\/?p=2035#breadcrumb\",\"itemListElement\":[{\"@type\":\"ListItem\",\"position\":1,\"name\":\"In\u00edcio\",\"item\":\"https:\/\/noticiasemdestaque.com\/cd\/\"},{\"@type\":\"ListItem\",\"position\":2,\"name\":\"TCE examinar\u00e1 contas das C\u00e2maras de Cabaceiras e Prata nesta 4\u00aa\"}]},{\"@type\":\"WebSite\",\"@id\":\"https:\/\/noticiasemdestaque.com\/cd\/#website\",\"url\":\"https:\/\/noticiasemdestaque.com\/cd\/\",\"name\":\"Not&iacute;cias em Destaque\",\"description\":\"\",\"publisher\":{\"@id\":\"https:\/\/noticiasemdestaque.com\/cd\/#organization\"},\"potentialAction\":[{\"@type\":\"SearchAction\",\"target\":{\"@type\":\"EntryPoint\",\"urlTemplate\":\"https:\/\/noticiasemdestaque.com\/cd\/?s={search_term_string}\"},\"query-input\":{\"@type\":\"PropertyValueSpecification\",\"valueRequired\":true,\"valueName\":\"search_term_string\"}}],\"inLanguage\":\"pt-BR\"},{\"@type\":\"Organization\",\"@id\":\"https:\/\/noticiasemdestaque.com\/cd\/#organization\",\"name\":\"Not\u00edcias em Destaque\",\"url\":\"https:\/\/noticiasemdestaque.com\/cd\/\",\"logo\":{\"@type\":\"ImageObject\",\"inLanguage\":\"pt-BR\",\"@id\":\"https:\/\/noticiasemdestaque.com\/cd\/#\/schema\/logo\/image\/\",\"url\":\"https:\/\/noticiasemdestaque.com\/cd\/wp-content\/uploads\/2022\/05\/imagem-base-noticiasemdestaque.png\",\"contentUrl\":\"https:\/\/noticiasemdestaque.com\/cd\/wp-content\/uploads\/2022\/05\/imagem-base-noticiasemdestaque.png\",\"width\":1200,\"height\":630,\"caption\":\"Not\u00edcias em Destaque\"},\"image\":{\"@id\":\"https:\/\/noticiasemdestaque.com\/cd\/#\/schema\/logo\/image\/\"}},{\"@type\":\"Person\",\"@id\":\"https:\/\/noticiasemdestaque.com\/cd\/#\/schema\/person\/4a81fb71f77579d059c3045891fa1786\",\"name\":\"Not\u00edcias em Destaque\",\"url\":\"https:\/\/noticiasemdestaque.com\/cd\/?author=2\"}]}<\/script>\n<!-- \/ Yoast SEO plugin. -->","yoast_head_json":{"title":"TCE examinar\u00e1 contas das C\u00e2maras de Cabaceiras e Prata nesta 4\u00aa - Not&iacute;cias em Destaque","robots":{"index":"index","follow":"follow","max-snippet":"max-snippet:-1","max-image-preview":"max-image-preview:large","max-video-preview":"max-video-preview:-1"},"canonical":"https:\/\/noticiasemdestaque.com\/cd\/?p=2035","og_locale":"pt_BR","og_type":"article","og_title":"TCE examinar\u00e1 contas das C\u00e2maras de Cabaceiras e Prata nesta 4\u00aa - Not&iacute;cias em Destaque","og_description":"O Tribunal de Contas da Para\u00edba vai examinar, na sess\u00e3o plen\u00e1ria desta quarta-feira (19), o Processo 7.382\/2017 atinente ao primeiro monitoramento das delibera\u00e7\u00f5es por ele expressas quando do julgamento da Auditoria Operacional em Educa\u00e7\u00e3o, com foco no Ensino M\u00e9dio, de que \u00e9 relator o conselheiro Fernando Cat\u00e3o. A mesma pauta cont\u00e9m as presta\u00e7\u00f5es de contas da Casa Civil do Governador (exerc\u00edcio de 2014), tomada especial de contas da Empresa Estadual de Pesquisa Agropecu\u00e1ria da Para\u00edba e recursos oriundos das Prefeituras de Riach\u00e3o do Po\u00e7o, Pedras de Fogo, Brejo do Cruz, Passagem, Caldas Brand\u00e3o e Amparo. Tamb\u00e9m, as contas das C\u00e2maras Municipais de Cabaceiras (2015) e Prata (2014). Organismo presidido pelo conselheiro Andr\u00e9 Carlo Torres Pontes, o TCE re\u00fane-se, ordinariamente, \u00e0s quartas-feiras, a partir das 9 horas, com acesso permitido ao p\u00fablico e transmiss\u00f5es ao vivo pela TV TCE-PB (canal no Youtube). Cariri em Destaque Com Ascom","og_url":"https:\/\/noticiasemdestaque.com\/cd\/?p=2035","og_site_name":"Not&iacute;cias em Destaque","article_published_time":"2017-07-19T11:21:52+00:00","og_image":[{"width":598,"height":400,"url":"https:\/\/noticiasemdestaque.com\/cd\/wp-content\/uploads\/2017\/07\/Fachada-do-TCE-PB.jpg","type":"image\/jpeg"}],"author":"Not\u00edcias em Destaque","twitter_card":"summary_large_image","twitter_misc":{"Escrito por":"Not\u00edcias em Destaque","Est. tempo de leitura":"1 minuto"},"schema":{"@context":"https:\/\/schema.org","@graph":[{"@type":"Article","@id":"https:\/\/noticiasemdestaque.com\/cd\/?p=2035#article","isPartOf":{"@id":"https:\/\/noticiasemdestaque.com\/cd\/?p=2035"},"author":{"name":"Not\u00edcias em Destaque","@id":"https:\/\/noticiasemdestaque.com\/cd\/#\/schema\/person\/4a81fb71f77579d059c3045891fa1786"},"headline":"TCE examinar\u00e1 contas das C\u00e2maras de Cabaceiras e Prata nesta 4\u00aa","datePublished":"2017-07-19T11:21:52+00:00","mainEntityOfPage":{"@id":"https:\/\/noticiasemdestaque.com\/cd\/?p=2035"},"wordCount":170,"publisher":{"@id":"https:\/\/noticiasemdestaque.com\/cd\/#organization"},"image":{"@id":"https:\/\/noticiasemdestaque.com\/cd\/?p=2035#primaryimage"},"thumbnailUrl":"https:\/\/noticiasemdestaque.com\/cd\/wp-content\/uploads\/2017\/07\/Fachada-do-TCE-PB.jpg","articleSection":["Pol\u00edtica"],"inLanguage":"pt-BR"},{"@type":"WebPage","@id":"https:\/\/noticiasemdestaque.com\/cd\/?p=2035","url":"https:\/\/noticiasemdestaque.com\/cd\/?p=2035","name":"TCE examinar\u00e1 contas das C\u00e2maras de Cabaceiras e Prata nesta 4\u00aa - Not&iacute;cias em Destaque","isPartOf":{"@id":"https:\/\/noticiasemdestaque.com\/cd\/#website"},"primaryImageOfPage":{"@id":"https:\/\/noticiasemdestaque.com\/cd\/?p=2035#primaryimage"},"image":{"@id":"https:\/\/noticiasemdestaque.com\/cd\/?p=2035#primaryimage"},"thumbnailUrl":"https:\/\/noticiasemdestaque.com\/cd\/wp-content\/uploads\/2017\/07\/Fachada-do-TCE-PB.jpg","datePublished":"2017-07-19T11:21:52+00:00","breadcrumb":{"@id":"https:\/\/noticiasemdestaque.com\/cd\/?p=2035#breadcrumb"},"inLanguage":"pt-BR","potentialAction":[{"@type":"ReadAction","target":["https:\/\/noticiasemdestaque.com\/cd\/?p=2035"]}]},{"@type":"ImageObject","inLanguage":"pt-BR","@id":"https:\/\/noticiasemdestaque.com\/cd\/?p=2035#primaryimage","url":"https:\/\/noticiasemdestaque.com\/cd\/wp-content\/uploads\/2017\/07\/Fachada-do-TCE-PB.jpg","contentUrl":"https:\/\/noticiasemdestaque.com\/cd\/wp-content\/uploads\/2017\/07\/Fachada-do-TCE-PB.jpg","width":598,"height":400},{"@type":"BreadcrumbList","@id":"https:\/\/noticiasemdestaque.com\/cd\/?p=2035#breadcrumb","itemListElement":[{"@type":"ListItem","position":1,"name":"In\u00edcio","item":"https:\/\/noticiasemdestaque.com\/cd\/"},{"@type":"ListItem","position":2,"name":"TCE examinar\u00e1 contas das C\u00e2maras de Cabaceiras e Prata nesta 4\u00aa"}]},{"@type":"WebSite","@id":"https:\/\/noticiasemdestaque.com\/cd\/#website","url":"https:\/\/noticiasemdestaque.com\/cd\/","name":"Not&iacute;cias em Destaque","description":"","publisher":{"@id":"https:\/\/noticiasemdestaque.com\/cd\/#organization"},"potentialAction":[{"@type":"SearchAction","target":{"@type":"EntryPoint","urlTemplate":"https:\/\/noticiasemdestaque.com\/cd\/?s={search_term_string}"},"query-input":{"@type":"PropertyValueSpecification","valueRequired":true,"valueName":"search_term_string"}}],"inLanguage":"pt-BR"},{"@type":"Organization","@id":"https:\/\/noticiasemdestaque.com\/cd\/#organization","name":"Not\u00edcias em Destaque","url":"https:\/\/noticiasemdestaque.com\/cd\/","logo":{"@type":"ImageObject","inLanguage":"pt-BR","@id":"https:\/\/noticiasemdestaque.com\/cd\/#\/schema\/logo\/image\/","url":"https:\/\/noticiasemdestaque.com\/cd\/wp-content\/uploads\/2022\/05\/imagem-base-noticiasemdestaque.png","contentUrl":"https:\/\/noticiasemdestaque.com\/cd\/wp-content\/uploads\/2022\/05\/imagem-base-noticiasemdestaque.png","width":1200,"height":630,"caption":"Not\u00edcias em Destaque"},"image":{"@id":"https:\/\/noticiasemdestaque.com\/cd\/#\/schema\/logo\/image\/"}},{"@type":"Person","@id":"https:\/\/noticiasemdestaque.com\/cd\/#\/schema\/person\/4a81fb71f77579d059c3045891fa1786","name":"Not\u00edcias em Destaque","url":"https:\/\/noticiasemdestaque.com\/cd\/?author=2"}]}},"jetpack_featured_media_url":"https:\/\/noticiasemdestaque.com\/cd\/wp-content\/uploads\/2017\/07\/Fachada-do-TCE-PB.jpg","jetpack_sharing_enabled":true,"_links":{"self":[{"href":"https:\/\/noticiasemdestaque.com\/cd\/index.php?rest_route=\/wp\/v2\/posts\/2035","targetHints":{"allow":["GET"]}}],"collection":[{"href":"https:\/\/noticiasemdestaque.com\/cd\/index.php?rest_route=\/wp\/v2\/posts"}],"about":[{"href":"https:\/\/noticiasemdestaque.com\/cd\/index.php?rest_route=\/wp\/v2\/types\/post"}],"author":[{"embeddable":true,"href":"https:\/\/noticiasemdestaque.com\/cd\/index.php?rest_route=\/wp\/v2\/users\/2"}],"replies":[{"embeddable":true,"href":"https:\/\/noticiasemdestaque.com\/cd\/index.php?rest_route=%2Fwp%2Fv2%2Fcomments&post=2035"}],"version-history":[{"count":1,"href":"https:\/\/noticiasemdestaque.com\/cd\/index.php?rest_route=\/wp\/v2\/posts\/2035\/revisions"}],"predecessor-version":[{"id":2037,"href":"https:\/\/noticiasemdestaque.com\/cd\/index.php?rest_route=\/wp\/v2\/posts\/2035\/revisions\/2037"}],"wp:featuredmedia":[{"embeddable":true,"href":"https:\/\/noticiasemdestaque.com\/cd\/index.php?rest_route=\/wp\/v2\/media\/2036"}],"wp:attachment":[{"href":"https:\/\/noticiasemdestaque.com\/cd\/index.php?rest_route=%2Fwp%2Fv2%2Fmedia&parent=2035"}],"wp:term":[{"taxonomy":"category","embeddable":true,"href":"https:\/\/noticiasemdestaque.com\/cd\/index.php?rest_route=%2Fwp%2Fv2%2Fcategories&post=2035"},{"taxonomy":"post_tag","embeddable":true,"href":"https:\/\/noticiasemdestaque.com\/cd\/index.php?rest_route=%2Fwp%2Fv2%2Ftags&post=2035"}],"curies":[{"name":"wp","href":"https:\/\/api.w.org\/{rel}","templated":true}]}}