{"id":2014,"date":"2017-07-19T06:48:40","date_gmt":"2017-07-19T09:48:40","guid":{"rendered":"http:\/\/caririemdestaque.com\/cd\/?p=2014"},"modified":"2017-07-19T06:48:40","modified_gmt":"2017-07-19T09:48:40","slug":"prefeitura-de-s-j-dos-cordeiros-fara-entrega-de-300-filtros-de-ceramica-a-beneficiarios-do-bolsa-familia","status":"publish","type":"post","link":"https:\/\/noticiasemdestaque.com\/cd\/?p=2014","title":{"rendered":"Prefeitura de S J dos Cordeiros far\u00e1 entrega de 300 filtros de cer\u00e2mica a benefici\u00e1rios do Bolsa Fam\u00edlia"},"content":{"rendered":"<p><a href=\"http:\/\/caririemdestaque.com\/cd\/wp-content\/uploads\/2017\/07\/filtros.jpg\"><img decoding=\"async\" class=\"size-medium wp-image-2015 alignleft\" src=\"http:\/\/caririemdestaque.com\/cd\/wp-content\/uploads\/2017\/07\/filtros-300x150.jpg\" alt=\"\" width=\"300\" height=\"150\" srcset=\"https:\/\/noticiasemdestaque.com\/cd\/wp-content\/uploads\/2017\/07\/filtros-300x150.jpg 300w, https:\/\/noticiasemdestaque.com\/cd\/wp-content\/uploads\/2017\/07\/filtros.jpg 700w\" sizes=\"(max-width: 300px) 100vw, 300px\" \/><\/a>A Secretaria de Assist\u00eancia Social de S\u00e3o Jos\u00e9 dos Cordeiros, em parceria com a Secretaria de Desenvolvimento Humano do Estado da Para\u00edba, far\u00e1 a entrega de 300 filtros de cer\u00e2mica a benefici\u00e1rios do programa Bolsa Fam\u00edlia residentes na zona rural do munic\u00edpio. A entrega ocorrer\u00e1 nesta sexta-feira (21), a partir das 8hrs, no Clube Asa Branca.<\/p>\n<p>Segundo a secret\u00e1ria de Assist\u00eancia Social, Alcione Silva, a distribui\u00e7\u00e3o dos filtros ser\u00e1 para fam\u00edlias oriundas da zona rural em situa\u00e7\u00e3o de vulnerabilidade econ\u00f4mica, especialmente os de fam\u00edlia com idosos ou crian\u00e7as. Para receber o filtro, o benefici\u00e1rio deve levar os documentos pessoais e o cart\u00e3o do Bolsa Fam\u00edlia.<\/p>\n<p>A distribui\u00e7\u00e3o dos filtros \u00e9 fruto de uma parceria firmada entre a Prefeitura de S\u00e3o Jos\u00e9 dos Cordeiros e o Governo do Estado.<\/p>\n<p>Para o prefeito Jefferson Roberto, a entrega dos filtros atende a uma indica\u00e7\u00e3o feita junto aos secret\u00e1rios para que fiquem atentos aos editais e programas disponibilizados pelos governos federal e estadual, a fim de trazer benef\u00edcios \u00e0 popula\u00e7\u00e3o.<\/p>\n","protected":false},"excerpt":{"rendered":"<p>A Secretaria de Assist\u00eancia Social de S\u00e3o Jos\u00e9 dos Cordeiros, em parceria com a Secretaria de Desenvolvimento Humano do Estado da Para\u00edba, far\u00e1 a entrega de 300 filtros de cer\u00e2mica a benefici\u00e1rios do programa Bolsa Fam\u00edlia residentes na zona rural do munic\u00edpio. A entrega ocorrer\u00e1 nesta sexta-feira (21), a partir das 8hrs, no Clube Asa Branca. Segundo a secret\u00e1ria de Assist\u00eancia Social, Alcione Silva, a distribui\u00e7\u00e3o dos filtros ser\u00e1 para fam\u00edlias oriundas da zona rural em situa\u00e7\u00e3o de vulnerabilidade econ\u00f4mica, especialmente os de fam\u00edlia com idosos ou crian\u00e7as. Para receber o filtro, o benefici\u00e1rio deve levar os documentos pessoais e o cart\u00e3o do Bolsa Fam\u00edlia. A distribui\u00e7\u00e3o dos filtros \u00e9 fruto de uma parceria firmada entre a Prefeitura de S\u00e3o Jos\u00e9 dos Cordeiros e o Governo do Estado. Para o prefeito Jefferson Roberto, a entrega dos filtros atende a uma indica\u00e7\u00e3o feita junto aos secret\u00e1rios para que fiquem atentos aos editais e programas disponibilizados pelos governos federal e estadual, a fim de trazer benef\u00edcios \u00e0 popula\u00e7\u00e3o.<\/p>\n","protected":false},"author":2,"featured_media":2015,"comment_status":"closed","ping_status":"open","sticky":false,"template":"","format":"standard","meta":{"_eb_attr":"","_jetpack_memberships_contains_paid_content":false,"footnotes":""},"categories":[3],"tags":[],"class_list":["post-2014","post","type-post","status-publish","format-standard","has-post-thumbnail","hentry","category-cidades"],"yoast_head":"<!-- This site is optimized with the Yoast SEO plugin v26.5 - https:\/\/yoast.com\/wordpress\/plugins\/seo\/ -->\n<title>Prefeitura de S J dos Cordeiros far\u00e1 entrega de 300 filtros de cer\u00e2mica a benefici\u00e1rios do Bolsa Fam\u00edlia - Not&iacute;cias em Destaque<\/title>\n<meta name=\"robots\" content=\"index, follow, max-snippet:-1, max-image-preview:large, max-video-preview:-1\" \/>\n<link rel=\"canonical\" href=\"https:\/\/noticiasemdestaque.com\/cd\/?p=2014\" \/>\n<meta property=\"og:locale\" content=\"pt_BR\" \/>\n<meta property=\"og:type\" content=\"article\" \/>\n<meta property=\"og:title\" content=\"Prefeitura de S J dos Cordeiros far\u00e1 entrega de 300 filtros de cer\u00e2mica a benefici\u00e1rios do Bolsa Fam\u00edlia - Not&iacute;cias em Destaque\" \/>\n<meta property=\"og:description\" content=\"A Secretaria de Assist\u00eancia Social de S\u00e3o Jos\u00e9 dos Cordeiros, em parceria com a Secretaria de Desenvolvimento Humano do Estado da Para\u00edba, far\u00e1 a entrega de 300 filtros de cer\u00e2mica a benefici\u00e1rios do programa Bolsa Fam\u00edlia residentes na zona rural do munic\u00edpio. A entrega ocorrer\u00e1 nesta sexta-feira (21), a partir das 8hrs, no Clube Asa Branca. Segundo a secret\u00e1ria de Assist\u00eancia Social, Alcione Silva, a distribui\u00e7\u00e3o dos filtros ser\u00e1 para fam\u00edlias oriundas da zona rural em situa\u00e7\u00e3o de vulnerabilidade econ\u00f4mica, especialmente os de fam\u00edlia com idosos ou crian\u00e7as. Para receber o filtro, o benefici\u00e1rio deve levar os documentos pessoais e o cart\u00e3o do Bolsa Fam\u00edlia. A distribui\u00e7\u00e3o dos filtros \u00e9 fruto de uma parceria firmada entre a Prefeitura de S\u00e3o Jos\u00e9 dos Cordeiros e o Governo do Estado. Para o prefeito Jefferson Roberto, a entrega dos filtros atende a uma indica\u00e7\u00e3o feita junto aos secret\u00e1rios para que fiquem atentos aos editais e programas disponibilizados pelos governos federal e estadual, a fim de trazer benef\u00edcios \u00e0 popula\u00e7\u00e3o.\" \/>\n<meta property=\"og:url\" content=\"https:\/\/noticiasemdestaque.com\/cd\/?p=2014\" \/>\n<meta property=\"og:site_name\" content=\"Not&iacute;cias em Destaque\" \/>\n<meta property=\"article:published_time\" content=\"2017-07-19T09:48:40+00:00\" \/>\n<meta property=\"og:image\" content=\"https:\/\/noticiasemdestaque.com\/cd\/wp-content\/uploads\/2017\/07\/filtros.jpg\" \/>\n\t<meta property=\"og:image:width\" content=\"700\" \/>\n\t<meta property=\"og:image:height\" content=\"350\" \/>\n\t<meta property=\"og:image:type\" content=\"image\/jpeg\" \/>\n<meta name=\"author\" content=\"Not\u00edcias em Destaque\" \/>\n<meta name=\"twitter:card\" content=\"summary_large_image\" \/>\n<meta name=\"twitter:label1\" content=\"Escrito por\" \/>\n\t<meta name=\"twitter:data1\" content=\"Not\u00edcias em Destaque\" \/>\n\t<meta name=\"twitter:label2\" content=\"Est. tempo de leitura\" \/>\n\t<meta name=\"twitter:data2\" content=\"1 minuto\" \/>\n<script type=\"application\/ld+json\" class=\"yoast-schema-graph\">{\"@context\":\"https:\/\/schema.org\",\"@graph\":[{\"@type\":\"Article\",\"@id\":\"https:\/\/noticiasemdestaque.com\/cd\/?p=2014#article\",\"isPartOf\":{\"@id\":\"https:\/\/noticiasemdestaque.com\/cd\/?p=2014\"},\"author\":{\"name\":\"Not\u00edcias em Destaque\",\"@id\":\"https:\/\/noticiasemdestaque.com\/cd\/#\/schema\/person\/47f7d4f55eec17c6b2ca036c5500f6ce\"},\"headline\":\"Prefeitura de S J dos Cordeiros far\u00e1 entrega de 300 filtros de cer\u00e2mica a benefici\u00e1rios do Bolsa Fam\u00edlia\",\"datePublished\":\"2017-07-19T09:48:40+00:00\",\"mainEntityOfPage\":{\"@id\":\"https:\/\/noticiasemdestaque.com\/cd\/?p=2014\"},\"wordCount\":206,\"publisher\":{\"@id\":\"https:\/\/noticiasemdestaque.com\/cd\/#organization\"},\"image\":{\"@id\":\"https:\/\/noticiasemdestaque.com\/cd\/?p=2014#primaryimage\"},\"thumbnailUrl\":\"https:\/\/noticiasemdestaque.com\/cd\/wp-content\/uploads\/2017\/07\/filtros.jpg\",\"articleSection\":[\"Cidades\"],\"inLanguage\":\"pt-BR\"},{\"@type\":\"WebPage\",\"@id\":\"https:\/\/noticiasemdestaque.com\/cd\/?p=2014\",\"url\":\"https:\/\/noticiasemdestaque.com\/cd\/?p=2014\",\"name\":\"Prefeitura de S J dos Cordeiros far\u00e1 entrega de 300 filtros de cer\u00e2mica a benefici\u00e1rios do Bolsa Fam\u00edlia - Not&iacute;cias em Destaque\",\"isPartOf\":{\"@id\":\"https:\/\/noticiasemdestaque.com\/cd\/#website\"},\"primaryImageOfPage\":{\"@id\":\"https:\/\/noticiasemdestaque.com\/cd\/?p=2014#primaryimage\"},\"image\":{\"@id\":\"https:\/\/noticiasemdestaque.com\/cd\/?p=2014#primaryimage\"},\"thumbnailUrl\":\"https:\/\/noticiasemdestaque.com\/cd\/wp-content\/uploads\/2017\/07\/filtros.jpg\",\"datePublished\":\"2017-07-19T09:48:40+00:00\",\"breadcrumb\":{\"@id\":\"https:\/\/noticiasemdestaque.com\/cd\/?p=2014#breadcrumb\"},\"inLanguage\":\"pt-BR\",\"potentialAction\":[{\"@type\":\"ReadAction\",\"target\":[\"https:\/\/noticiasemdestaque.com\/cd\/?p=2014\"]}]},{\"@type\":\"ImageObject\",\"inLanguage\":\"pt-BR\",\"@id\":\"https:\/\/noticiasemdestaque.com\/cd\/?p=2014#primaryimage\",\"url\":\"https:\/\/noticiasemdestaque.com\/cd\/wp-content\/uploads\/2017\/07\/filtros.jpg\",\"contentUrl\":\"https:\/\/noticiasemdestaque.com\/cd\/wp-content\/uploads\/2017\/07\/filtros.jpg\",\"width\":700,\"height\":350},{\"@type\":\"BreadcrumbList\",\"@id\":\"https:\/\/noticiasemdestaque.com\/cd\/?p=2014#breadcrumb\",\"itemListElement\":[{\"@type\":\"ListItem\",\"position\":1,\"name\":\"In\u00edcio\",\"item\":\"https:\/\/noticiasemdestaque.com\/cd\/\"},{\"@type\":\"ListItem\",\"position\":2,\"name\":\"Prefeitura de S J dos Cordeiros far\u00e1 entrega de 300 filtros de cer\u00e2mica a benefici\u00e1rios do Bolsa Fam\u00edlia\"}]},{\"@type\":\"WebSite\",\"@id\":\"https:\/\/noticiasemdestaque.com\/cd\/#website\",\"url\":\"https:\/\/noticiasemdestaque.com\/cd\/\",\"name\":\"Not&iacute;cias em Destaque\",\"description\":\"\",\"publisher\":{\"@id\":\"https:\/\/noticiasemdestaque.com\/cd\/#organization\"},\"potentialAction\":[{\"@type\":\"SearchAction\",\"target\":{\"@type\":\"EntryPoint\",\"urlTemplate\":\"https:\/\/noticiasemdestaque.com\/cd\/?s={search_term_string}\"},\"query-input\":{\"@type\":\"PropertyValueSpecification\",\"valueRequired\":true,\"valueName\":\"search_term_string\"}}],\"inLanguage\":\"pt-BR\"},{\"@type\":\"Organization\",\"@id\":\"https:\/\/noticiasemdestaque.com\/cd\/#organization\",\"name\":\"Not\u00edcias em Destaque\",\"url\":\"https:\/\/noticiasemdestaque.com\/cd\/\",\"logo\":{\"@type\":\"ImageObject\",\"inLanguage\":\"pt-BR\",\"@id\":\"https:\/\/noticiasemdestaque.com\/cd\/#\/schema\/logo\/image\/\",\"url\":\"https:\/\/noticiasemdestaque.com\/cd\/wp-content\/uploads\/2022\/05\/imagem-base-noticiasemdestaque.png\",\"contentUrl\":\"https:\/\/noticiasemdestaque.com\/cd\/wp-content\/uploads\/2022\/05\/imagem-base-noticiasemdestaque.png\",\"width\":1200,\"height\":630,\"caption\":\"Not\u00edcias em Destaque\"},\"image\":{\"@id\":\"https:\/\/noticiasemdestaque.com\/cd\/#\/schema\/logo\/image\/\"}},{\"@type\":\"Person\",\"@id\":\"https:\/\/noticiasemdestaque.com\/cd\/#\/schema\/person\/47f7d4f55eec17c6b2ca036c5500f6ce\",\"name\":\"Not\u00edcias em Destaque\",\"url\":\"https:\/\/noticiasemdestaque.com\/cd\/?author=2\"}]}<\/script>\n<!-- \/ Yoast SEO plugin. -->","yoast_head_json":{"title":"Prefeitura de S J dos Cordeiros far\u00e1 entrega de 300 filtros de cer\u00e2mica a benefici\u00e1rios do Bolsa Fam\u00edlia - Not&iacute;cias em Destaque","robots":{"index":"index","follow":"follow","max-snippet":"max-snippet:-1","max-image-preview":"max-image-preview:large","max-video-preview":"max-video-preview:-1"},"canonical":"https:\/\/noticiasemdestaque.com\/cd\/?p=2014","og_locale":"pt_BR","og_type":"article","og_title":"Prefeitura de S J dos Cordeiros far\u00e1 entrega de 300 filtros de cer\u00e2mica a benefici\u00e1rios do Bolsa Fam\u00edlia - Not&iacute;cias em Destaque","og_description":"A Secretaria de Assist\u00eancia Social de S\u00e3o Jos\u00e9 dos Cordeiros, em parceria com a Secretaria de Desenvolvimento Humano do Estado da Para\u00edba, far\u00e1 a entrega de 300 filtros de cer\u00e2mica a benefici\u00e1rios do programa Bolsa Fam\u00edlia residentes na zona rural do munic\u00edpio. A entrega ocorrer\u00e1 nesta sexta-feira (21), a partir das 8hrs, no Clube Asa Branca. Segundo a secret\u00e1ria de Assist\u00eancia Social, Alcione Silva, a distribui\u00e7\u00e3o dos filtros ser\u00e1 para fam\u00edlias oriundas da zona rural em situa\u00e7\u00e3o de vulnerabilidade econ\u00f4mica, especialmente os de fam\u00edlia com idosos ou crian\u00e7as. Para receber o filtro, o benefici\u00e1rio deve levar os documentos pessoais e o cart\u00e3o do Bolsa Fam\u00edlia. A distribui\u00e7\u00e3o dos filtros \u00e9 fruto de uma parceria firmada entre a Prefeitura de S\u00e3o Jos\u00e9 dos Cordeiros e o Governo do Estado. Para o prefeito Jefferson Roberto, a entrega dos filtros atende a uma indica\u00e7\u00e3o feita junto aos secret\u00e1rios para que fiquem atentos aos editais e programas disponibilizados pelos governos federal e estadual, a fim de trazer benef\u00edcios \u00e0 popula\u00e7\u00e3o.","og_url":"https:\/\/noticiasemdestaque.com\/cd\/?p=2014","og_site_name":"Not&iacute;cias em Destaque","article_published_time":"2017-07-19T09:48:40+00:00","og_image":[{"width":700,"height":350,"url":"https:\/\/noticiasemdestaque.com\/cd\/wp-content\/uploads\/2017\/07\/filtros.jpg","type":"image\/jpeg"}],"author":"Not\u00edcias em Destaque","twitter_card":"summary_large_image","twitter_misc":{"Escrito por":"Not\u00edcias em Destaque","Est. tempo de leitura":"1 minuto"},"schema":{"@context":"https:\/\/schema.org","@graph":[{"@type":"Article","@id":"https:\/\/noticiasemdestaque.com\/cd\/?p=2014#article","isPartOf":{"@id":"https:\/\/noticiasemdestaque.com\/cd\/?p=2014"},"author":{"name":"Not\u00edcias em Destaque","@id":"https:\/\/noticiasemdestaque.com\/cd\/#\/schema\/person\/47f7d4f55eec17c6b2ca036c5500f6ce"},"headline":"Prefeitura de S J dos Cordeiros far\u00e1 entrega de 300 filtros de cer\u00e2mica a benefici\u00e1rios do Bolsa Fam\u00edlia","datePublished":"2017-07-19T09:48:40+00:00","mainEntityOfPage":{"@id":"https:\/\/noticiasemdestaque.com\/cd\/?p=2014"},"wordCount":206,"publisher":{"@id":"https:\/\/noticiasemdestaque.com\/cd\/#organization"},"image":{"@id":"https:\/\/noticiasemdestaque.com\/cd\/?p=2014#primaryimage"},"thumbnailUrl":"https:\/\/noticiasemdestaque.com\/cd\/wp-content\/uploads\/2017\/07\/filtros.jpg","articleSection":["Cidades"],"inLanguage":"pt-BR"},{"@type":"WebPage","@id":"https:\/\/noticiasemdestaque.com\/cd\/?p=2014","url":"https:\/\/noticiasemdestaque.com\/cd\/?p=2014","name":"Prefeitura de S J dos Cordeiros far\u00e1 entrega de 300 filtros de cer\u00e2mica a benefici\u00e1rios do Bolsa Fam\u00edlia - Not&iacute;cias em Destaque","isPartOf":{"@id":"https:\/\/noticiasemdestaque.com\/cd\/#website"},"primaryImageOfPage":{"@id":"https:\/\/noticiasemdestaque.com\/cd\/?p=2014#primaryimage"},"image":{"@id":"https:\/\/noticiasemdestaque.com\/cd\/?p=2014#primaryimage"},"thumbnailUrl":"https:\/\/noticiasemdestaque.com\/cd\/wp-content\/uploads\/2017\/07\/filtros.jpg","datePublished":"2017-07-19T09:48:40+00:00","breadcrumb":{"@id":"https:\/\/noticiasemdestaque.com\/cd\/?p=2014#breadcrumb"},"inLanguage":"pt-BR","potentialAction":[{"@type":"ReadAction","target":["https:\/\/noticiasemdestaque.com\/cd\/?p=2014"]}]},{"@type":"ImageObject","inLanguage":"pt-BR","@id":"https:\/\/noticiasemdestaque.com\/cd\/?p=2014#primaryimage","url":"https:\/\/noticiasemdestaque.com\/cd\/wp-content\/uploads\/2017\/07\/filtros.jpg","contentUrl":"https:\/\/noticiasemdestaque.com\/cd\/wp-content\/uploads\/2017\/07\/filtros.jpg","width":700,"height":350},{"@type":"BreadcrumbList","@id":"https:\/\/noticiasemdestaque.com\/cd\/?p=2014#breadcrumb","itemListElement":[{"@type":"ListItem","position":1,"name":"In\u00edcio","item":"https:\/\/noticiasemdestaque.com\/cd\/"},{"@type":"ListItem","position":2,"name":"Prefeitura de S J dos Cordeiros far\u00e1 entrega de 300 filtros de cer\u00e2mica a benefici\u00e1rios do Bolsa Fam\u00edlia"}]},{"@type":"WebSite","@id":"https:\/\/noticiasemdestaque.com\/cd\/#website","url":"https:\/\/noticiasemdestaque.com\/cd\/","name":"Not&iacute;cias em Destaque","description":"","publisher":{"@id":"https:\/\/noticiasemdestaque.com\/cd\/#organization"},"potentialAction":[{"@type":"SearchAction","target":{"@type":"EntryPoint","urlTemplate":"https:\/\/noticiasemdestaque.com\/cd\/?s={search_term_string}"},"query-input":{"@type":"PropertyValueSpecification","valueRequired":true,"valueName":"search_term_string"}}],"inLanguage":"pt-BR"},{"@type":"Organization","@id":"https:\/\/noticiasemdestaque.com\/cd\/#organization","name":"Not\u00edcias em Destaque","url":"https:\/\/noticiasemdestaque.com\/cd\/","logo":{"@type":"ImageObject","inLanguage":"pt-BR","@id":"https:\/\/noticiasemdestaque.com\/cd\/#\/schema\/logo\/image\/","url":"https:\/\/noticiasemdestaque.com\/cd\/wp-content\/uploads\/2022\/05\/imagem-base-noticiasemdestaque.png","contentUrl":"https:\/\/noticiasemdestaque.com\/cd\/wp-content\/uploads\/2022\/05\/imagem-base-noticiasemdestaque.png","width":1200,"height":630,"caption":"Not\u00edcias em Destaque"},"image":{"@id":"https:\/\/noticiasemdestaque.com\/cd\/#\/schema\/logo\/image\/"}},{"@type":"Person","@id":"https:\/\/noticiasemdestaque.com\/cd\/#\/schema\/person\/47f7d4f55eec17c6b2ca036c5500f6ce","name":"Not\u00edcias em Destaque","url":"https:\/\/noticiasemdestaque.com\/cd\/?author=2"}]}},"jetpack_featured_media_url":"https:\/\/noticiasemdestaque.com\/cd\/wp-content\/uploads\/2017\/07\/filtros.jpg","jetpack_sharing_enabled":true,"_links":{"self":[{"href":"https:\/\/noticiasemdestaque.com\/cd\/index.php?rest_route=\/wp\/v2\/posts\/2014","targetHints":{"allow":["GET"]}}],"collection":[{"href":"https:\/\/noticiasemdestaque.com\/cd\/index.php?rest_route=\/wp\/v2\/posts"}],"about":[{"href":"https:\/\/noticiasemdestaque.com\/cd\/index.php?rest_route=\/wp\/v2\/types\/post"}],"author":[{"embeddable":true,"href":"https:\/\/noticiasemdestaque.com\/cd\/index.php?rest_route=\/wp\/v2\/users\/2"}],"replies":[{"embeddable":true,"href":"https:\/\/noticiasemdestaque.com\/cd\/index.php?rest_route=%2Fwp%2Fv2%2Fcomments&post=2014"}],"version-history":[{"count":1,"href":"https:\/\/noticiasemdestaque.com\/cd\/index.php?rest_route=\/wp\/v2\/posts\/2014\/revisions"}],"predecessor-version":[{"id":2016,"href":"https:\/\/noticiasemdestaque.com\/cd\/index.php?rest_route=\/wp\/v2\/posts\/2014\/revisions\/2016"}],"wp:featuredmedia":[{"embeddable":true,"href":"https:\/\/noticiasemdestaque.com\/cd\/index.php?rest_route=\/wp\/v2\/media\/2015"}],"wp:attachment":[{"href":"https:\/\/noticiasemdestaque.com\/cd\/index.php?rest_route=%2Fwp%2Fv2%2Fmedia&parent=2014"}],"wp:term":[{"taxonomy":"category","embeddable":true,"href":"https:\/\/noticiasemdestaque.com\/cd\/index.php?rest_route=%2Fwp%2Fv2%2Fcategories&post=2014"},{"taxonomy":"post_tag","embeddable":true,"href":"https:\/\/noticiasemdestaque.com\/cd\/index.php?rest_route=%2Fwp%2Fv2%2Ftags&post=2014"}],"curies":[{"name":"wp","href":"https:\/\/api.w.org\/{rel}","templated":true}]}}