{"id":2008,"date":"2017-07-19T06:45:52","date_gmt":"2017-07-19T09:45:52","guid":{"rendered":"http:\/\/caririemdestaque.com\/cd\/?p=2008"},"modified":"2017-07-19T06:45:52","modified_gmt":"2017-07-19T09:45:52","slug":"selo-unicef-tem-81-dos-municipios-aptos-da-pb-inscritos-prazo-encerra-31-de-julho","status":"publish","type":"post","link":"https:\/\/noticiasemdestaque.com\/cd\/?p=2008","title":{"rendered":"Selo Unicef tem 8,1% dos munic\u00edpios aptos da PB inscritos; prazo encerra 31 de julho"},"content":{"rendered":"<p><a href=\"http:\/\/caririemdestaque.com\/cd\/wp-content\/uploads\/2017\/07\/Selo-Unicef-300x226.jpg\"><img fetchpriority=\"high\" decoding=\"async\" class=\"size-medium wp-image-2009 alignleft\" src=\"http:\/\/caririemdestaque.com\/cd\/wp-content\/uploads\/2017\/07\/Selo-Unicef-300x226-300x226.jpg\" alt=\"\" width=\"300\" height=\"226\" \/><\/a>A duas semanas do fim do prazo, apenas 8,1% dos munic\u00edpios paraibanos aptos a participar do Selo Unicef fizeram a inscri\u00e7\u00e3o junto \u00e0 iniciativa. Ao todo, 211 munic\u00edpios da Para\u00edba s\u00e3o aptos a participar, mas apenas 17 est\u00e3o inscritos. Dos 23 munic\u00edpios priorit\u00e1rios, apenas um fez a inscri\u00e7\u00e3o, Sossego. As inscri\u00e7\u00f5es seguem at\u00e9 31 de julho.<\/p>\n<p>O Selo Unicef \u00e9 uma iniciativa do Fundo das Na\u00e7\u00f5es Unidas para a Inf\u00e2ncia (UNICEF) para estimular os munic\u00edpios a implementar pol\u00edticas p\u00fablicas para redu\u00e7\u00e3o das desigualdades e garantir os direitos das crian\u00e7as e dos adolescentes previstos na Conven\u00e7\u00e3o Internacional sobre os Direitos da Crian\u00e7a e no Estatuto da Crian\u00e7a e do Adolescente (ECA).<\/p>\n<p>Dos munic\u00edpios priorit\u00e1rios, ainda faltam fazer a inscri\u00e7\u00e3o Alcantil, Aroeiras, Bara\u00fana, Bernardino Batista, Cacimbas, Cuit\u00e9 de Mamanguape, Curral de Cima, Curral Velho, Dami\u00e3o, Gado Bravo, Gurinh\u00e9m, Juripiranga, Mana\u00edra, Mogeiro, Natuba, Po\u00e7o Dantas, Santa Cec\u00edlia, S\u00e3o Jo\u00e3o do Tigre, S\u00e3o Jos\u00e9 dos Ramos, S\u00e3o Miguel de Taipu e Ten\u00f3rio.<\/p>\n<p>Entre os indicadores levados em considera\u00e7\u00e3o para eleger os munic\u00edpios priorit\u00e1rios est\u00e3o mortalidade at\u00e9 5 anos de idade, taxa de analfabetismo, porcentagem de crian\u00e7as vulner\u00e1veis \u00e0 pobreza, renda per capita e porcentagem da popula\u00e7\u00e3o em domic\u00edlios com \u00e1gua encanada, coleta de lixo e energia el\u00e9trica.<\/p>\n<p>Durante cada edi\u00e7\u00e3o do Selo, o Unicef capacita gestores e t\u00e9cnicos das secretarias municipais e conselheiros de direitos e adolescentes para qualificar a elabora\u00e7\u00e3o e execu\u00e7\u00e3o das pol\u00edticas p\u00fablicas e para estimular que elas continuem mesmo ap\u00f3s o fim de cada edi\u00e7\u00e3o. S\u00e3o certificados os munic\u00edpios que alcan\u00e7am as pontua\u00e7\u00f5es m\u00ednimas tanto no eixo das A\u00e7\u00f5es Estrat\u00e9gicas quanto no eixo dos Indicadores de Impacto Social.<\/p>\n<p>J\u00e1 fizeram a inscri\u00e7\u00e3o Araruna, Boa Ventura, Campina Grande, Cubati, Frei Martinho, Imaculada, Lucena, Picu\u00ed, Puxinan\u00e3, Santa Helena, Santa In\u00eas, S\u00e3o Jo\u00e3o do Rio do Peixe, S\u00e3o Jos\u00e9 do Bonfim, Sossego, Tapero\u00e1 e Triunfo.<\/p>\n<p>Com G1<\/p>\n","protected":false},"excerpt":{"rendered":"<p>A duas semanas do fim do prazo, apenas 8,1% dos munic\u00edpios paraibanos aptos a participar do Selo Unicef fizeram a inscri\u00e7\u00e3o junto \u00e0 iniciativa. Ao todo, 211 munic\u00edpios da Para\u00edba s\u00e3o aptos a participar, mas apenas 17 est\u00e3o inscritos. Dos 23 munic\u00edpios priorit\u00e1rios, apenas um fez a inscri\u00e7\u00e3o, Sossego. As inscri\u00e7\u00f5es seguem at\u00e9 31 de julho. O Selo Unicef \u00e9 uma iniciativa do Fundo das Na\u00e7\u00f5es Unidas para a Inf\u00e2ncia (UNICEF) para estimular os munic\u00edpios a implementar pol\u00edticas p\u00fablicas para redu\u00e7\u00e3o das desigualdades e garantir os direitos das crian\u00e7as e dos adolescentes previstos na Conven\u00e7\u00e3o Internacional sobre os Direitos da Crian\u00e7a e no Estatuto da Crian\u00e7a e do Adolescente (ECA). Dos munic\u00edpios priorit\u00e1rios, ainda faltam fazer a inscri\u00e7\u00e3o Alcantil, Aroeiras, Bara\u00fana, Bernardino Batista, Cacimbas, Cuit\u00e9 de Mamanguape, Curral de Cima, Curral Velho, Dami\u00e3o, Gado Bravo, Gurinh\u00e9m, Juripiranga, Mana\u00edra, Mogeiro, Natuba, Po\u00e7o Dantas, Santa Cec\u00edlia, S\u00e3o Jo\u00e3o do Tigre, S\u00e3o Jos\u00e9 dos Ramos, S\u00e3o Miguel de Taipu e Ten\u00f3rio. Entre os indicadores levados em considera\u00e7\u00e3o para eleger os munic\u00edpios priorit\u00e1rios est\u00e3o mortalidade at\u00e9 5 anos de idade, taxa de analfabetismo, porcentagem de crian\u00e7as vulner\u00e1veis \u00e0 pobreza, renda per capita e porcentagem da popula\u00e7\u00e3o em domic\u00edlios com \u00e1gua encanada, coleta de lixo e energia el\u00e9trica. Durante cada edi\u00e7\u00e3o do Selo, o Unicef capacita gestores e t\u00e9cnicos das secretarias municipais e conselheiros de direitos e adolescentes para qualificar a elabora\u00e7\u00e3o e execu\u00e7\u00e3o das pol\u00edticas p\u00fablicas e para estimular que elas continuem mesmo ap\u00f3s o fim de cada edi\u00e7\u00e3o. S\u00e3o certificados os munic\u00edpios que alcan\u00e7am as pontua\u00e7\u00f5es m\u00ednimas tanto no eixo das A\u00e7\u00f5es Estrat\u00e9gicas quanto no eixo dos Indicadores de Impacto Social. J\u00e1 fizeram a inscri\u00e7\u00e3o Araruna, Boa Ventura, Campina Grande, Cubati, Frei Martinho, Imaculada, Lucena, Picu\u00ed, Puxinan\u00e3, Santa Helena, Santa In\u00eas, S\u00e3o Jo\u00e3o do Rio do Peixe, S\u00e3o Jos\u00e9 do Bonfim, Sossego, Tapero\u00e1 e Triunfo. Com G1<\/p>\n","protected":false},"author":2,"featured_media":2009,"comment_status":"closed","ping_status":"open","sticky":false,"template":"","format":"standard","meta":{"_eb_attr":"","_jetpack_memberships_contains_paid_content":false,"footnotes":""},"categories":[3],"tags":[],"class_list":["post-2008","post","type-post","status-publish","format-standard","has-post-thumbnail","hentry","category-cidades"],"yoast_head":"<!-- This site is optimized with the Yoast SEO plugin v26.5 - https:\/\/yoast.com\/wordpress\/plugins\/seo\/ -->\n<title>Selo Unicef tem 8,1% dos munic\u00edpios aptos da PB inscritos; prazo encerra 31 de julho - Not&iacute;cias em Destaque<\/title>\n<meta name=\"robots\" content=\"index, follow, max-snippet:-1, max-image-preview:large, max-video-preview:-1\" \/>\n<link rel=\"canonical\" href=\"https:\/\/noticiasemdestaque.com\/cd\/?p=2008\" \/>\n<meta property=\"og:locale\" content=\"pt_BR\" \/>\n<meta property=\"og:type\" content=\"article\" \/>\n<meta property=\"og:title\" content=\"Selo Unicef tem 8,1% dos munic\u00edpios aptos da PB inscritos; prazo encerra 31 de julho - Not&iacute;cias em Destaque\" \/>\n<meta property=\"og:description\" content=\"A duas semanas do fim do prazo, apenas 8,1% dos munic\u00edpios paraibanos aptos a participar do Selo Unicef fizeram a inscri\u00e7\u00e3o junto \u00e0 iniciativa. Ao todo, 211 munic\u00edpios da Para\u00edba s\u00e3o aptos a participar, mas apenas 17 est\u00e3o inscritos. Dos 23 munic\u00edpios priorit\u00e1rios, apenas um fez a inscri\u00e7\u00e3o, Sossego. As inscri\u00e7\u00f5es seguem at\u00e9 31 de julho. O Selo Unicef \u00e9 uma iniciativa do Fundo das Na\u00e7\u00f5es Unidas para a Inf\u00e2ncia (UNICEF) para estimular os munic\u00edpios a implementar pol\u00edticas p\u00fablicas para redu\u00e7\u00e3o das desigualdades e garantir os direitos das crian\u00e7as e dos adolescentes previstos na Conven\u00e7\u00e3o Internacional sobre os Direitos da Crian\u00e7a e no Estatuto da Crian\u00e7a e do Adolescente (ECA). Dos munic\u00edpios priorit\u00e1rios, ainda faltam fazer a inscri\u00e7\u00e3o Alcantil, Aroeiras, Bara\u00fana, Bernardino Batista, Cacimbas, Cuit\u00e9 de Mamanguape, Curral de Cima, Curral Velho, Dami\u00e3o, Gado Bravo, Gurinh\u00e9m, Juripiranga, Mana\u00edra, Mogeiro, Natuba, Po\u00e7o Dantas, Santa Cec\u00edlia, S\u00e3o Jo\u00e3o do Tigre, S\u00e3o Jos\u00e9 dos Ramos, S\u00e3o Miguel de Taipu e Ten\u00f3rio. Entre os indicadores levados em considera\u00e7\u00e3o para eleger os munic\u00edpios priorit\u00e1rios est\u00e3o mortalidade at\u00e9 5 anos de idade, taxa de analfabetismo, porcentagem de crian\u00e7as vulner\u00e1veis \u00e0 pobreza, renda per capita e porcentagem da popula\u00e7\u00e3o em domic\u00edlios com \u00e1gua encanada, coleta de lixo e energia el\u00e9trica. Durante cada edi\u00e7\u00e3o do Selo, o Unicef capacita gestores e t\u00e9cnicos das secretarias municipais e conselheiros de direitos e adolescentes para qualificar a elabora\u00e7\u00e3o e execu\u00e7\u00e3o das pol\u00edticas p\u00fablicas e para estimular que elas continuem mesmo ap\u00f3s o fim de cada edi\u00e7\u00e3o. S\u00e3o certificados os munic\u00edpios que alcan\u00e7am as pontua\u00e7\u00f5es m\u00ednimas tanto no eixo das A\u00e7\u00f5es Estrat\u00e9gicas quanto no eixo dos Indicadores de Impacto Social. J\u00e1 fizeram a inscri\u00e7\u00e3o Araruna, Boa Ventura, Campina Grande, Cubati, Frei Martinho, Imaculada, Lucena, Picu\u00ed, Puxinan\u00e3, Santa Helena, Santa In\u00eas, S\u00e3o Jo\u00e3o do Rio do Peixe, S\u00e3o Jos\u00e9 do Bonfim, Sossego, Tapero\u00e1 e Triunfo. Com G1\" \/>\n<meta property=\"og:url\" content=\"https:\/\/noticiasemdestaque.com\/cd\/?p=2008\" \/>\n<meta property=\"og:site_name\" content=\"Not&iacute;cias em Destaque\" \/>\n<meta property=\"article:published_time\" content=\"2017-07-19T09:45:52+00:00\" \/>\n<meta property=\"og:image\" content=\"https:\/\/noticiasemdestaque.com\/cd\/wp-content\/uploads\/2017\/07\/Selo-Unicef-300x226.jpg\" \/>\n\t<meta property=\"og:image:width\" content=\"300\" \/>\n\t<meta property=\"og:image:height\" content=\"226\" \/>\n\t<meta property=\"og:image:type\" content=\"image\/jpeg\" \/>\n<meta name=\"author\" content=\"Not\u00edcias em Destaque\" \/>\n<meta name=\"twitter:card\" content=\"summary_large_image\" \/>\n<meta name=\"twitter:label1\" content=\"Escrito por\" \/>\n\t<meta name=\"twitter:data1\" content=\"Not\u00edcias em Destaque\" \/>\n\t<meta name=\"twitter:label2\" content=\"Est. tempo de leitura\" \/>\n\t<meta name=\"twitter:data2\" content=\"2 minutos\" \/>\n<script type=\"application\/ld+json\" class=\"yoast-schema-graph\">{\"@context\":\"https:\/\/schema.org\",\"@graph\":[{\"@type\":\"Article\",\"@id\":\"https:\/\/noticiasemdestaque.com\/cd\/?p=2008#article\",\"isPartOf\":{\"@id\":\"https:\/\/noticiasemdestaque.com\/cd\/?p=2008\"},\"author\":{\"name\":\"Not\u00edcias em Destaque\",\"@id\":\"https:\/\/noticiasemdestaque.com\/cd\/#\/schema\/person\/47f7d4f55eec17c6b2ca036c5500f6ce\"},\"headline\":\"Selo Unicef tem 8,1% dos munic\u00edpios aptos da PB inscritos; prazo encerra 31 de julho\",\"datePublished\":\"2017-07-19T09:45:52+00:00\",\"mainEntityOfPage\":{\"@id\":\"https:\/\/noticiasemdestaque.com\/cd\/?p=2008\"},\"wordCount\":372,\"publisher\":{\"@id\":\"https:\/\/noticiasemdestaque.com\/cd\/#organization\"},\"image\":{\"@id\":\"https:\/\/noticiasemdestaque.com\/cd\/?p=2008#primaryimage\"},\"thumbnailUrl\":\"https:\/\/noticiasemdestaque.com\/cd\/wp-content\/uploads\/2017\/07\/Selo-Unicef-300x226.jpg\",\"articleSection\":[\"Cidades\"],\"inLanguage\":\"pt-BR\"},{\"@type\":\"WebPage\",\"@id\":\"https:\/\/noticiasemdestaque.com\/cd\/?p=2008\",\"url\":\"https:\/\/noticiasemdestaque.com\/cd\/?p=2008\",\"name\":\"Selo Unicef tem 8,1% dos munic\u00edpios aptos da PB inscritos; prazo encerra 31 de julho - Not&iacute;cias em Destaque\",\"isPartOf\":{\"@id\":\"https:\/\/noticiasemdestaque.com\/cd\/#website\"},\"primaryImageOfPage\":{\"@id\":\"https:\/\/noticiasemdestaque.com\/cd\/?p=2008#primaryimage\"},\"image\":{\"@id\":\"https:\/\/noticiasemdestaque.com\/cd\/?p=2008#primaryimage\"},\"thumbnailUrl\":\"https:\/\/noticiasemdestaque.com\/cd\/wp-content\/uploads\/2017\/07\/Selo-Unicef-300x226.jpg\",\"datePublished\":\"2017-07-19T09:45:52+00:00\",\"breadcrumb\":{\"@id\":\"https:\/\/noticiasemdestaque.com\/cd\/?p=2008#breadcrumb\"},\"inLanguage\":\"pt-BR\",\"potentialAction\":[{\"@type\":\"ReadAction\",\"target\":[\"https:\/\/noticiasemdestaque.com\/cd\/?p=2008\"]}]},{\"@type\":\"ImageObject\",\"inLanguage\":\"pt-BR\",\"@id\":\"https:\/\/noticiasemdestaque.com\/cd\/?p=2008#primaryimage\",\"url\":\"https:\/\/noticiasemdestaque.com\/cd\/wp-content\/uploads\/2017\/07\/Selo-Unicef-300x226.jpg\",\"contentUrl\":\"https:\/\/noticiasemdestaque.com\/cd\/wp-content\/uploads\/2017\/07\/Selo-Unicef-300x226.jpg\",\"width\":300,\"height\":226},{\"@type\":\"BreadcrumbList\",\"@id\":\"https:\/\/noticiasemdestaque.com\/cd\/?p=2008#breadcrumb\",\"itemListElement\":[{\"@type\":\"ListItem\",\"position\":1,\"name\":\"In\u00edcio\",\"item\":\"https:\/\/noticiasemdestaque.com\/cd\/\"},{\"@type\":\"ListItem\",\"position\":2,\"name\":\"Selo Unicef tem 8,1% dos munic\u00edpios aptos da PB inscritos; prazo encerra 31 de julho\"}]},{\"@type\":\"WebSite\",\"@id\":\"https:\/\/noticiasemdestaque.com\/cd\/#website\",\"url\":\"https:\/\/noticiasemdestaque.com\/cd\/\",\"name\":\"Not&iacute;cias em Destaque\",\"description\":\"\",\"publisher\":{\"@id\":\"https:\/\/noticiasemdestaque.com\/cd\/#organization\"},\"potentialAction\":[{\"@type\":\"SearchAction\",\"target\":{\"@type\":\"EntryPoint\",\"urlTemplate\":\"https:\/\/noticiasemdestaque.com\/cd\/?s={search_term_string}\"},\"query-input\":{\"@type\":\"PropertyValueSpecification\",\"valueRequired\":true,\"valueName\":\"search_term_string\"}}],\"inLanguage\":\"pt-BR\"},{\"@type\":\"Organization\",\"@id\":\"https:\/\/noticiasemdestaque.com\/cd\/#organization\",\"name\":\"Not\u00edcias em Destaque\",\"url\":\"https:\/\/noticiasemdestaque.com\/cd\/\",\"logo\":{\"@type\":\"ImageObject\",\"inLanguage\":\"pt-BR\",\"@id\":\"https:\/\/noticiasemdestaque.com\/cd\/#\/schema\/logo\/image\/\",\"url\":\"https:\/\/noticiasemdestaque.com\/cd\/wp-content\/uploads\/2022\/05\/imagem-base-noticiasemdestaque.png\",\"contentUrl\":\"https:\/\/noticiasemdestaque.com\/cd\/wp-content\/uploads\/2022\/05\/imagem-base-noticiasemdestaque.png\",\"width\":1200,\"height\":630,\"caption\":\"Not\u00edcias em Destaque\"},\"image\":{\"@id\":\"https:\/\/noticiasemdestaque.com\/cd\/#\/schema\/logo\/image\/\"}},{\"@type\":\"Person\",\"@id\":\"https:\/\/noticiasemdestaque.com\/cd\/#\/schema\/person\/47f7d4f55eec17c6b2ca036c5500f6ce\",\"name\":\"Not\u00edcias em Destaque\",\"url\":\"https:\/\/noticiasemdestaque.com\/cd\/?author=2\"}]}<\/script>\n<!-- \/ Yoast SEO plugin. -->","yoast_head_json":{"title":"Selo Unicef tem 8,1% dos munic\u00edpios aptos da PB inscritos; prazo encerra 31 de julho - Not&iacute;cias em Destaque","robots":{"index":"index","follow":"follow","max-snippet":"max-snippet:-1","max-image-preview":"max-image-preview:large","max-video-preview":"max-video-preview:-1"},"canonical":"https:\/\/noticiasemdestaque.com\/cd\/?p=2008","og_locale":"pt_BR","og_type":"article","og_title":"Selo Unicef tem 8,1% dos munic\u00edpios aptos da PB inscritos; prazo encerra 31 de julho - Not&iacute;cias em Destaque","og_description":"A duas semanas do fim do prazo, apenas 8,1% dos munic\u00edpios paraibanos aptos a participar do Selo Unicef fizeram a inscri\u00e7\u00e3o junto \u00e0 iniciativa. Ao todo, 211 munic\u00edpios da Para\u00edba s\u00e3o aptos a participar, mas apenas 17 est\u00e3o inscritos. Dos 23 munic\u00edpios priorit\u00e1rios, apenas um fez a inscri\u00e7\u00e3o, Sossego. As inscri\u00e7\u00f5es seguem at\u00e9 31 de julho. O Selo Unicef \u00e9 uma iniciativa do Fundo das Na\u00e7\u00f5es Unidas para a Inf\u00e2ncia (UNICEF) para estimular os munic\u00edpios a implementar pol\u00edticas p\u00fablicas para redu\u00e7\u00e3o das desigualdades e garantir os direitos das crian\u00e7as e dos adolescentes previstos na Conven\u00e7\u00e3o Internacional sobre os Direitos da Crian\u00e7a e no Estatuto da Crian\u00e7a e do Adolescente (ECA). Dos munic\u00edpios priorit\u00e1rios, ainda faltam fazer a inscri\u00e7\u00e3o Alcantil, Aroeiras, Bara\u00fana, Bernardino Batista, Cacimbas, Cuit\u00e9 de Mamanguape, Curral de Cima, Curral Velho, Dami\u00e3o, Gado Bravo, Gurinh\u00e9m, Juripiranga, Mana\u00edra, Mogeiro, Natuba, Po\u00e7o Dantas, Santa Cec\u00edlia, S\u00e3o Jo\u00e3o do Tigre, S\u00e3o Jos\u00e9 dos Ramos, S\u00e3o Miguel de Taipu e Ten\u00f3rio. Entre os indicadores levados em considera\u00e7\u00e3o para eleger os munic\u00edpios priorit\u00e1rios est\u00e3o mortalidade at\u00e9 5 anos de idade, taxa de analfabetismo, porcentagem de crian\u00e7as vulner\u00e1veis \u00e0 pobreza, renda per capita e porcentagem da popula\u00e7\u00e3o em domic\u00edlios com \u00e1gua encanada, coleta de lixo e energia el\u00e9trica. Durante cada edi\u00e7\u00e3o do Selo, o Unicef capacita gestores e t\u00e9cnicos das secretarias municipais e conselheiros de direitos e adolescentes para qualificar a elabora\u00e7\u00e3o e execu\u00e7\u00e3o das pol\u00edticas p\u00fablicas e para estimular que elas continuem mesmo ap\u00f3s o fim de cada edi\u00e7\u00e3o. S\u00e3o certificados os munic\u00edpios que alcan\u00e7am as pontua\u00e7\u00f5es m\u00ednimas tanto no eixo das A\u00e7\u00f5es Estrat\u00e9gicas quanto no eixo dos Indicadores de Impacto Social. J\u00e1 fizeram a inscri\u00e7\u00e3o Araruna, Boa Ventura, Campina Grande, Cubati, Frei Martinho, Imaculada, Lucena, Picu\u00ed, Puxinan\u00e3, Santa Helena, Santa In\u00eas, S\u00e3o Jo\u00e3o do Rio do Peixe, S\u00e3o Jos\u00e9 do Bonfim, Sossego, Tapero\u00e1 e Triunfo. Com G1","og_url":"https:\/\/noticiasemdestaque.com\/cd\/?p=2008","og_site_name":"Not&iacute;cias em Destaque","article_published_time":"2017-07-19T09:45:52+00:00","og_image":[{"width":300,"height":226,"url":"https:\/\/noticiasemdestaque.com\/cd\/wp-content\/uploads\/2017\/07\/Selo-Unicef-300x226.jpg","type":"image\/jpeg"}],"author":"Not\u00edcias em Destaque","twitter_card":"summary_large_image","twitter_misc":{"Escrito por":"Not\u00edcias em Destaque","Est. tempo de leitura":"2 minutos"},"schema":{"@context":"https:\/\/schema.org","@graph":[{"@type":"Article","@id":"https:\/\/noticiasemdestaque.com\/cd\/?p=2008#article","isPartOf":{"@id":"https:\/\/noticiasemdestaque.com\/cd\/?p=2008"},"author":{"name":"Not\u00edcias em Destaque","@id":"https:\/\/noticiasemdestaque.com\/cd\/#\/schema\/person\/47f7d4f55eec17c6b2ca036c5500f6ce"},"headline":"Selo Unicef tem 8,1% dos munic\u00edpios aptos da PB inscritos; prazo encerra 31 de julho","datePublished":"2017-07-19T09:45:52+00:00","mainEntityOfPage":{"@id":"https:\/\/noticiasemdestaque.com\/cd\/?p=2008"},"wordCount":372,"publisher":{"@id":"https:\/\/noticiasemdestaque.com\/cd\/#organization"},"image":{"@id":"https:\/\/noticiasemdestaque.com\/cd\/?p=2008#primaryimage"},"thumbnailUrl":"https:\/\/noticiasemdestaque.com\/cd\/wp-content\/uploads\/2017\/07\/Selo-Unicef-300x226.jpg","articleSection":["Cidades"],"inLanguage":"pt-BR"},{"@type":"WebPage","@id":"https:\/\/noticiasemdestaque.com\/cd\/?p=2008","url":"https:\/\/noticiasemdestaque.com\/cd\/?p=2008","name":"Selo Unicef tem 8,1% dos munic\u00edpios aptos da PB inscritos; prazo encerra 31 de julho - Not&iacute;cias em Destaque","isPartOf":{"@id":"https:\/\/noticiasemdestaque.com\/cd\/#website"},"primaryImageOfPage":{"@id":"https:\/\/noticiasemdestaque.com\/cd\/?p=2008#primaryimage"},"image":{"@id":"https:\/\/noticiasemdestaque.com\/cd\/?p=2008#primaryimage"},"thumbnailUrl":"https:\/\/noticiasemdestaque.com\/cd\/wp-content\/uploads\/2017\/07\/Selo-Unicef-300x226.jpg","datePublished":"2017-07-19T09:45:52+00:00","breadcrumb":{"@id":"https:\/\/noticiasemdestaque.com\/cd\/?p=2008#breadcrumb"},"inLanguage":"pt-BR","potentialAction":[{"@type":"ReadAction","target":["https:\/\/noticiasemdestaque.com\/cd\/?p=2008"]}]},{"@type":"ImageObject","inLanguage":"pt-BR","@id":"https:\/\/noticiasemdestaque.com\/cd\/?p=2008#primaryimage","url":"https:\/\/noticiasemdestaque.com\/cd\/wp-content\/uploads\/2017\/07\/Selo-Unicef-300x226.jpg","contentUrl":"https:\/\/noticiasemdestaque.com\/cd\/wp-content\/uploads\/2017\/07\/Selo-Unicef-300x226.jpg","width":300,"height":226},{"@type":"BreadcrumbList","@id":"https:\/\/noticiasemdestaque.com\/cd\/?p=2008#breadcrumb","itemListElement":[{"@type":"ListItem","position":1,"name":"In\u00edcio","item":"https:\/\/noticiasemdestaque.com\/cd\/"},{"@type":"ListItem","position":2,"name":"Selo Unicef tem 8,1% dos munic\u00edpios aptos da PB inscritos; prazo encerra 31 de julho"}]},{"@type":"WebSite","@id":"https:\/\/noticiasemdestaque.com\/cd\/#website","url":"https:\/\/noticiasemdestaque.com\/cd\/","name":"Not&iacute;cias em Destaque","description":"","publisher":{"@id":"https:\/\/noticiasemdestaque.com\/cd\/#organization"},"potentialAction":[{"@type":"SearchAction","target":{"@type":"EntryPoint","urlTemplate":"https:\/\/noticiasemdestaque.com\/cd\/?s={search_term_string}"},"query-input":{"@type":"PropertyValueSpecification","valueRequired":true,"valueName":"search_term_string"}}],"inLanguage":"pt-BR"},{"@type":"Organization","@id":"https:\/\/noticiasemdestaque.com\/cd\/#organization","name":"Not\u00edcias em Destaque","url":"https:\/\/noticiasemdestaque.com\/cd\/","logo":{"@type":"ImageObject","inLanguage":"pt-BR","@id":"https:\/\/noticiasemdestaque.com\/cd\/#\/schema\/logo\/image\/","url":"https:\/\/noticiasemdestaque.com\/cd\/wp-content\/uploads\/2022\/05\/imagem-base-noticiasemdestaque.png","contentUrl":"https:\/\/noticiasemdestaque.com\/cd\/wp-content\/uploads\/2022\/05\/imagem-base-noticiasemdestaque.png","width":1200,"height":630,"caption":"Not\u00edcias em Destaque"},"image":{"@id":"https:\/\/noticiasemdestaque.com\/cd\/#\/schema\/logo\/image\/"}},{"@type":"Person","@id":"https:\/\/noticiasemdestaque.com\/cd\/#\/schema\/person\/47f7d4f55eec17c6b2ca036c5500f6ce","name":"Not\u00edcias em Destaque","url":"https:\/\/noticiasemdestaque.com\/cd\/?author=2"}]}},"jetpack_featured_media_url":"https:\/\/noticiasemdestaque.com\/cd\/wp-content\/uploads\/2017\/07\/Selo-Unicef-300x226.jpg","jetpack_sharing_enabled":true,"_links":{"self":[{"href":"https:\/\/noticiasemdestaque.com\/cd\/index.php?rest_route=\/wp\/v2\/posts\/2008","targetHints":{"allow":["GET"]}}],"collection":[{"href":"https:\/\/noticiasemdestaque.com\/cd\/index.php?rest_route=\/wp\/v2\/posts"}],"about":[{"href":"https:\/\/noticiasemdestaque.com\/cd\/index.php?rest_route=\/wp\/v2\/types\/post"}],"author":[{"embeddable":true,"href":"https:\/\/noticiasemdestaque.com\/cd\/index.php?rest_route=\/wp\/v2\/users\/2"}],"replies":[{"embeddable":true,"href":"https:\/\/noticiasemdestaque.com\/cd\/index.php?rest_route=%2Fwp%2Fv2%2Fcomments&post=2008"}],"version-history":[{"count":1,"href":"https:\/\/noticiasemdestaque.com\/cd\/index.php?rest_route=\/wp\/v2\/posts\/2008\/revisions"}],"predecessor-version":[{"id":2010,"href":"https:\/\/noticiasemdestaque.com\/cd\/index.php?rest_route=\/wp\/v2\/posts\/2008\/revisions\/2010"}],"wp:featuredmedia":[{"embeddable":true,"href":"https:\/\/noticiasemdestaque.com\/cd\/index.php?rest_route=\/wp\/v2\/media\/2009"}],"wp:attachment":[{"href":"https:\/\/noticiasemdestaque.com\/cd\/index.php?rest_route=%2Fwp%2Fv2%2Fmedia&parent=2008"}],"wp:term":[{"taxonomy":"category","embeddable":true,"href":"https:\/\/noticiasemdestaque.com\/cd\/index.php?rest_route=%2Fwp%2Fv2%2Fcategories&post=2008"},{"taxonomy":"post_tag","embeddable":true,"href":"https:\/\/noticiasemdestaque.com\/cd\/index.php?rest_route=%2Fwp%2Fv2%2Ftags&post=2008"}],"curies":[{"name":"wp","href":"https:\/\/api.w.org\/{rel}","templated":true}]}}