{"id":20056,"date":"2019-10-04T07:51:49","date_gmt":"2019-10-04T10:51:49","guid":{"rendered":"http:\/\/noticiasemdestaque.com\/cd\/?p=20056"},"modified":"2019-10-04T07:51:49","modified_gmt":"2019-10-04T10:51:49","slug":"secretario-de-agricultura-de-amparo-participa-de-encontro-estadual-da-categoria-na-capital-joao-pessoa","status":"publish","type":"post","link":"https:\/\/noticiasemdestaque.com\/cd\/?p=20056","title":{"rendered":"Secret\u00e1rio de Agricultura de Amparo participa de Encontro Estadual da categoria, na Capital Jo\u00e3o Pessoa"},"content":{"rendered":"<div><a href=\"https:\/\/noticiasemdestaque.com\/cd\/wp-content\/uploads\/2019\/10\/paulo.jpg\"><img fetchpriority=\"high\" decoding=\"async\" class=\"alignnone size-full wp-image-20064\" src=\"https:\/\/noticiasemdestaque.com\/cd\/wp-content\/uploads\/2019\/10\/paulo.jpg\" alt=\"\" width=\"640\" height=\"327\" srcset=\"https:\/\/noticiasemdestaque.com\/cd\/wp-content\/uploads\/2019\/10\/paulo.jpg 640w, https:\/\/noticiasemdestaque.com\/cd\/wp-content\/uploads\/2019\/10\/paulo-300x153.jpg 300w\" sizes=\"(max-width: 640px) 100vw, 640px\" \/><\/a><\/div>\n<div>O Secret\u00e1rio de Agricultura e Abastecimento de Amparo, Paulo Henrique Soares, esteve na manh\u00e3 de quarta-feira (02\/10) participando do 1\u00ba Encontro Estadual de Secret\u00e1rios Municipais de Agricultura, promovido pela Secretaria de Estado da Agricultura Familiar e do Desenvolvimento do Semi\u00e1rido &#8211; SEAFDS\/PB e que tem a frente o ex-deputado Luiz Couto.<\/div>\n<div><\/div>\n<div>O evento aconteceu no audit\u00f3rio do Tribunal de Contas(TCE) do Estado, em Jo\u00e3o Pessoa.<\/div>\n<div><\/div>\n<div>O encontro teve como objetivo discutir as a\u00e7\u00f5es, executadas e previs\u00e3o de execu\u00e7\u00e3o para o pr\u00f3ximo ano. Outros temas inerentes \u00e0s pastas da agricultura familiar nos munic\u00edpios tamb\u00e9m foram debatidas durante o evento.<\/div>\n<div><\/div>\n<div>Not\u00edcias em Destaque com Wanderley Paulo<\/div>\n","protected":false},"excerpt":{"rendered":"<p>O Secret\u00e1rio de Agricultura e Abastecimento de Amparo, Paulo Henrique Soares, esteve na manh\u00e3 de quarta-feira (02\/10) participando do 1\u00ba Encontro Estadual de Secret\u00e1rios Municipais de Agricultura, promovido pela Secretaria de Estado da Agricultura Familiar e do Desenvolvimento do Semi\u00e1rido &#8211; SEAFDS\/PB e que tem a frente o ex-deputado Luiz Couto. O evento aconteceu no audit\u00f3rio do Tribunal de Contas(TCE) do Estado, em Jo\u00e3o Pessoa. O encontro teve como objetivo discutir as a\u00e7\u00f5es, executadas e previs\u00e3o de execu\u00e7\u00e3o para o pr\u00f3ximo ano. Outros temas inerentes \u00e0s pastas da agricultura familiar nos munic\u00edpios tamb\u00e9m foram debatidas durante o evento. Not\u00edcias em Destaque com Wanderley Paulo<\/p>\n","protected":false},"author":2,"featured_media":20064,"comment_status":"closed","ping_status":"open","sticky":false,"template":"","format":"standard","meta":{"_eb_attr":"","_jetpack_memberships_contains_paid_content":false,"footnotes":""},"categories":[3],"tags":[],"class_list":["post-20056","post","type-post","status-publish","format-standard","has-post-thumbnail","hentry","category-cidades"],"yoast_head":"<!-- This site is optimized with the Yoast SEO plugin v26.5 - https:\/\/yoast.com\/wordpress\/plugins\/seo\/ -->\n<title>Secret\u00e1rio de Agricultura de Amparo participa de Encontro Estadual da categoria, na Capital Jo\u00e3o Pessoa - Not&iacute;cias em Destaque<\/title>\n<meta name=\"robots\" content=\"index, follow, max-snippet:-1, max-image-preview:large, max-video-preview:-1\" \/>\n<link rel=\"canonical\" href=\"https:\/\/noticiasemdestaque.com\/cd\/?p=20056\" \/>\n<meta property=\"og:locale\" content=\"pt_BR\" \/>\n<meta property=\"og:type\" content=\"article\" \/>\n<meta property=\"og:title\" content=\"Secret\u00e1rio de Agricultura de Amparo participa de Encontro Estadual da categoria, na Capital Jo\u00e3o Pessoa - Not&iacute;cias em Destaque\" \/>\n<meta property=\"og:description\" content=\"O Secret\u00e1rio de Agricultura e Abastecimento de Amparo, Paulo Henrique Soares, esteve na manh\u00e3 de quarta-feira (02\/10) participando do 1\u00ba Encontro Estadual de Secret\u00e1rios Municipais de Agricultura, promovido pela Secretaria de Estado da Agricultura Familiar e do Desenvolvimento do Semi\u00e1rido &#8211; SEAFDS\/PB e que tem a frente o ex-deputado Luiz Couto. O evento aconteceu no audit\u00f3rio do Tribunal de Contas(TCE) do Estado, em Jo\u00e3o Pessoa. O encontro teve como objetivo discutir as a\u00e7\u00f5es, executadas e previs\u00e3o de execu\u00e7\u00e3o para o pr\u00f3ximo ano. Outros temas inerentes \u00e0s pastas da agricultura familiar nos munic\u00edpios tamb\u00e9m foram debatidas durante o evento. Not\u00edcias em Destaque com Wanderley Paulo\" \/>\n<meta property=\"og:url\" content=\"https:\/\/noticiasemdestaque.com\/cd\/?p=20056\" \/>\n<meta property=\"og:site_name\" content=\"Not&iacute;cias em Destaque\" \/>\n<meta property=\"article:published_time\" content=\"2019-10-04T10:51:49+00:00\" \/>\n<meta property=\"og:image\" content=\"https:\/\/noticiasemdestaque.com\/cd\/wp-content\/uploads\/2019\/10\/paulo.jpg\" \/>\n\t<meta property=\"og:image:width\" content=\"640\" \/>\n\t<meta property=\"og:image:height\" content=\"327\" \/>\n\t<meta property=\"og:image:type\" content=\"image\/jpeg\" \/>\n<meta name=\"author\" content=\"Not\u00edcias em Destaque\" \/>\n<meta name=\"twitter:card\" content=\"summary_large_image\" \/>\n<meta name=\"twitter:label1\" content=\"Escrito por\" \/>\n\t<meta name=\"twitter:data1\" content=\"Not\u00edcias em Destaque\" \/>\n\t<meta name=\"twitter:label2\" content=\"Est. tempo de leitura\" \/>\n\t<meta name=\"twitter:data2\" content=\"1 minuto\" \/>\n<script type=\"application\/ld+json\" class=\"yoast-schema-graph\">{\"@context\":\"https:\/\/schema.org\",\"@graph\":[{\"@type\":\"Article\",\"@id\":\"https:\/\/noticiasemdestaque.com\/cd\/?p=20056#article\",\"isPartOf\":{\"@id\":\"https:\/\/noticiasemdestaque.com\/cd\/?p=20056\"},\"author\":{\"name\":\"Not\u00edcias em Destaque\",\"@id\":\"https:\/\/noticiasemdestaque.com\/cd\/#\/schema\/person\/3e6ba396ff5664a69c392f09a8e1504c\"},\"headline\":\"Secret\u00e1rio de Agricultura de Amparo participa de Encontro Estadual da categoria, na Capital Jo\u00e3o Pessoa\",\"datePublished\":\"2019-10-04T10:51:49+00:00\",\"mainEntityOfPage\":{\"@id\":\"https:\/\/noticiasemdestaque.com\/cd\/?p=20056\"},\"wordCount\":133,\"publisher\":{\"@id\":\"https:\/\/noticiasemdestaque.com\/cd\/#organization\"},\"image\":{\"@id\":\"https:\/\/noticiasemdestaque.com\/cd\/?p=20056#primaryimage\"},\"thumbnailUrl\":\"https:\/\/noticiasemdestaque.com\/cd\/wp-content\/uploads\/2019\/10\/paulo.jpg\",\"articleSection\":[\"Cidades\"],\"inLanguage\":\"pt-BR\"},{\"@type\":\"WebPage\",\"@id\":\"https:\/\/noticiasemdestaque.com\/cd\/?p=20056\",\"url\":\"https:\/\/noticiasemdestaque.com\/cd\/?p=20056\",\"name\":\"Secret\u00e1rio de Agricultura de Amparo participa de Encontro Estadual da categoria, na Capital Jo\u00e3o Pessoa - Not&iacute;cias em Destaque\",\"isPartOf\":{\"@id\":\"https:\/\/noticiasemdestaque.com\/cd\/#website\"},\"primaryImageOfPage\":{\"@id\":\"https:\/\/noticiasemdestaque.com\/cd\/?p=20056#primaryimage\"},\"image\":{\"@id\":\"https:\/\/noticiasemdestaque.com\/cd\/?p=20056#primaryimage\"},\"thumbnailUrl\":\"https:\/\/noticiasemdestaque.com\/cd\/wp-content\/uploads\/2019\/10\/paulo.jpg\",\"datePublished\":\"2019-10-04T10:51:49+00:00\",\"breadcrumb\":{\"@id\":\"https:\/\/noticiasemdestaque.com\/cd\/?p=20056#breadcrumb\"},\"inLanguage\":\"pt-BR\",\"potentialAction\":[{\"@type\":\"ReadAction\",\"target\":[\"https:\/\/noticiasemdestaque.com\/cd\/?p=20056\"]}]},{\"@type\":\"ImageObject\",\"inLanguage\":\"pt-BR\",\"@id\":\"https:\/\/noticiasemdestaque.com\/cd\/?p=20056#primaryimage\",\"url\":\"https:\/\/noticiasemdestaque.com\/cd\/wp-content\/uploads\/2019\/10\/paulo.jpg\",\"contentUrl\":\"https:\/\/noticiasemdestaque.com\/cd\/wp-content\/uploads\/2019\/10\/paulo.jpg\",\"width\":640,\"height\":327},{\"@type\":\"BreadcrumbList\",\"@id\":\"https:\/\/noticiasemdestaque.com\/cd\/?p=20056#breadcrumb\",\"itemListElement\":[{\"@type\":\"ListItem\",\"position\":1,\"name\":\"In\u00edcio\",\"item\":\"https:\/\/noticiasemdestaque.com\/cd\/\"},{\"@type\":\"ListItem\",\"position\":2,\"name\":\"Secret\u00e1rio de Agricultura de Amparo participa de Encontro Estadual da categoria, na Capital Jo\u00e3o Pessoa\"}]},{\"@type\":\"WebSite\",\"@id\":\"https:\/\/noticiasemdestaque.com\/cd\/#website\",\"url\":\"https:\/\/noticiasemdestaque.com\/cd\/\",\"name\":\"Not&iacute;cias em Destaque\",\"description\":\"\",\"publisher\":{\"@id\":\"https:\/\/noticiasemdestaque.com\/cd\/#organization\"},\"potentialAction\":[{\"@type\":\"SearchAction\",\"target\":{\"@type\":\"EntryPoint\",\"urlTemplate\":\"https:\/\/noticiasemdestaque.com\/cd\/?s={search_term_string}\"},\"query-input\":{\"@type\":\"PropertyValueSpecification\",\"valueRequired\":true,\"valueName\":\"search_term_string\"}}],\"inLanguage\":\"pt-BR\"},{\"@type\":\"Organization\",\"@id\":\"https:\/\/noticiasemdestaque.com\/cd\/#organization\",\"name\":\"Not\u00edcias em Destaque\",\"url\":\"https:\/\/noticiasemdestaque.com\/cd\/\",\"logo\":{\"@type\":\"ImageObject\",\"inLanguage\":\"pt-BR\",\"@id\":\"https:\/\/noticiasemdestaque.com\/cd\/#\/schema\/logo\/image\/\",\"url\":\"https:\/\/noticiasemdestaque.com\/cd\/wp-content\/uploads\/2022\/05\/imagem-base-noticiasemdestaque.png\",\"contentUrl\":\"https:\/\/noticiasemdestaque.com\/cd\/wp-content\/uploads\/2022\/05\/imagem-base-noticiasemdestaque.png\",\"width\":1200,\"height\":630,\"caption\":\"Not\u00edcias em Destaque\"},\"image\":{\"@id\":\"https:\/\/noticiasemdestaque.com\/cd\/#\/schema\/logo\/image\/\"}},{\"@type\":\"Person\",\"@id\":\"https:\/\/noticiasemdestaque.com\/cd\/#\/schema\/person\/3e6ba396ff5664a69c392f09a8e1504c\",\"name\":\"Not\u00edcias em Destaque\",\"url\":\"https:\/\/noticiasemdestaque.com\/cd\/?author=2\"}]}<\/script>\n<!-- \/ Yoast SEO plugin. -->","yoast_head_json":{"title":"Secret\u00e1rio de Agricultura de Amparo participa de Encontro Estadual da categoria, na Capital Jo\u00e3o Pessoa - Not&iacute;cias em Destaque","robots":{"index":"index","follow":"follow","max-snippet":"max-snippet:-1","max-image-preview":"max-image-preview:large","max-video-preview":"max-video-preview:-1"},"canonical":"https:\/\/noticiasemdestaque.com\/cd\/?p=20056","og_locale":"pt_BR","og_type":"article","og_title":"Secret\u00e1rio de Agricultura de Amparo participa de Encontro Estadual da categoria, na Capital Jo\u00e3o Pessoa - Not&iacute;cias em Destaque","og_description":"O Secret\u00e1rio de Agricultura e Abastecimento de Amparo, Paulo Henrique Soares, esteve na manh\u00e3 de quarta-feira (02\/10) participando do 1\u00ba Encontro Estadual de Secret\u00e1rios Municipais de Agricultura, promovido pela Secretaria de Estado da Agricultura Familiar e do Desenvolvimento do Semi\u00e1rido &#8211; SEAFDS\/PB e que tem a frente o ex-deputado Luiz Couto. O evento aconteceu no audit\u00f3rio do Tribunal de Contas(TCE) do Estado, em Jo\u00e3o Pessoa. O encontro teve como objetivo discutir as a\u00e7\u00f5es, executadas e previs\u00e3o de execu\u00e7\u00e3o para o pr\u00f3ximo ano. Outros temas inerentes \u00e0s pastas da agricultura familiar nos munic\u00edpios tamb\u00e9m foram debatidas durante o evento. Not\u00edcias em Destaque com Wanderley Paulo","og_url":"https:\/\/noticiasemdestaque.com\/cd\/?p=20056","og_site_name":"Not&iacute;cias em Destaque","article_published_time":"2019-10-04T10:51:49+00:00","og_image":[{"width":640,"height":327,"url":"https:\/\/noticiasemdestaque.com\/cd\/wp-content\/uploads\/2019\/10\/paulo.jpg","type":"image\/jpeg"}],"author":"Not\u00edcias em Destaque","twitter_card":"summary_large_image","twitter_misc":{"Escrito por":"Not\u00edcias em Destaque","Est. tempo de leitura":"1 minuto"},"schema":{"@context":"https:\/\/schema.org","@graph":[{"@type":"Article","@id":"https:\/\/noticiasemdestaque.com\/cd\/?p=20056#article","isPartOf":{"@id":"https:\/\/noticiasemdestaque.com\/cd\/?p=20056"},"author":{"name":"Not\u00edcias em Destaque","@id":"https:\/\/noticiasemdestaque.com\/cd\/#\/schema\/person\/3e6ba396ff5664a69c392f09a8e1504c"},"headline":"Secret\u00e1rio de Agricultura de Amparo participa de Encontro Estadual da categoria, na Capital Jo\u00e3o Pessoa","datePublished":"2019-10-04T10:51:49+00:00","mainEntityOfPage":{"@id":"https:\/\/noticiasemdestaque.com\/cd\/?p=20056"},"wordCount":133,"publisher":{"@id":"https:\/\/noticiasemdestaque.com\/cd\/#organization"},"image":{"@id":"https:\/\/noticiasemdestaque.com\/cd\/?p=20056#primaryimage"},"thumbnailUrl":"https:\/\/noticiasemdestaque.com\/cd\/wp-content\/uploads\/2019\/10\/paulo.jpg","articleSection":["Cidades"],"inLanguage":"pt-BR"},{"@type":"WebPage","@id":"https:\/\/noticiasemdestaque.com\/cd\/?p=20056","url":"https:\/\/noticiasemdestaque.com\/cd\/?p=20056","name":"Secret\u00e1rio de Agricultura de Amparo participa de Encontro Estadual da categoria, na Capital Jo\u00e3o Pessoa - Not&iacute;cias em Destaque","isPartOf":{"@id":"https:\/\/noticiasemdestaque.com\/cd\/#website"},"primaryImageOfPage":{"@id":"https:\/\/noticiasemdestaque.com\/cd\/?p=20056#primaryimage"},"image":{"@id":"https:\/\/noticiasemdestaque.com\/cd\/?p=20056#primaryimage"},"thumbnailUrl":"https:\/\/noticiasemdestaque.com\/cd\/wp-content\/uploads\/2019\/10\/paulo.jpg","datePublished":"2019-10-04T10:51:49+00:00","breadcrumb":{"@id":"https:\/\/noticiasemdestaque.com\/cd\/?p=20056#breadcrumb"},"inLanguage":"pt-BR","potentialAction":[{"@type":"ReadAction","target":["https:\/\/noticiasemdestaque.com\/cd\/?p=20056"]}]},{"@type":"ImageObject","inLanguage":"pt-BR","@id":"https:\/\/noticiasemdestaque.com\/cd\/?p=20056#primaryimage","url":"https:\/\/noticiasemdestaque.com\/cd\/wp-content\/uploads\/2019\/10\/paulo.jpg","contentUrl":"https:\/\/noticiasemdestaque.com\/cd\/wp-content\/uploads\/2019\/10\/paulo.jpg","width":640,"height":327},{"@type":"BreadcrumbList","@id":"https:\/\/noticiasemdestaque.com\/cd\/?p=20056#breadcrumb","itemListElement":[{"@type":"ListItem","position":1,"name":"In\u00edcio","item":"https:\/\/noticiasemdestaque.com\/cd\/"},{"@type":"ListItem","position":2,"name":"Secret\u00e1rio de Agricultura de Amparo participa de Encontro Estadual da categoria, na Capital Jo\u00e3o Pessoa"}]},{"@type":"WebSite","@id":"https:\/\/noticiasemdestaque.com\/cd\/#website","url":"https:\/\/noticiasemdestaque.com\/cd\/","name":"Not&iacute;cias em Destaque","description":"","publisher":{"@id":"https:\/\/noticiasemdestaque.com\/cd\/#organization"},"potentialAction":[{"@type":"SearchAction","target":{"@type":"EntryPoint","urlTemplate":"https:\/\/noticiasemdestaque.com\/cd\/?s={search_term_string}"},"query-input":{"@type":"PropertyValueSpecification","valueRequired":true,"valueName":"search_term_string"}}],"inLanguage":"pt-BR"},{"@type":"Organization","@id":"https:\/\/noticiasemdestaque.com\/cd\/#organization","name":"Not\u00edcias em Destaque","url":"https:\/\/noticiasemdestaque.com\/cd\/","logo":{"@type":"ImageObject","inLanguage":"pt-BR","@id":"https:\/\/noticiasemdestaque.com\/cd\/#\/schema\/logo\/image\/","url":"https:\/\/noticiasemdestaque.com\/cd\/wp-content\/uploads\/2022\/05\/imagem-base-noticiasemdestaque.png","contentUrl":"https:\/\/noticiasemdestaque.com\/cd\/wp-content\/uploads\/2022\/05\/imagem-base-noticiasemdestaque.png","width":1200,"height":630,"caption":"Not\u00edcias em Destaque"},"image":{"@id":"https:\/\/noticiasemdestaque.com\/cd\/#\/schema\/logo\/image\/"}},{"@type":"Person","@id":"https:\/\/noticiasemdestaque.com\/cd\/#\/schema\/person\/3e6ba396ff5664a69c392f09a8e1504c","name":"Not\u00edcias em Destaque","url":"https:\/\/noticiasemdestaque.com\/cd\/?author=2"}]}},"jetpack_featured_media_url":"https:\/\/noticiasemdestaque.com\/cd\/wp-content\/uploads\/2019\/10\/paulo.jpg","jetpack_sharing_enabled":true,"_links":{"self":[{"href":"https:\/\/noticiasemdestaque.com\/cd\/index.php?rest_route=\/wp\/v2\/posts\/20056","targetHints":{"allow":["GET"]}}],"collection":[{"href":"https:\/\/noticiasemdestaque.com\/cd\/index.php?rest_route=\/wp\/v2\/posts"}],"about":[{"href":"https:\/\/noticiasemdestaque.com\/cd\/index.php?rest_route=\/wp\/v2\/types\/post"}],"author":[{"embeddable":true,"href":"https:\/\/noticiasemdestaque.com\/cd\/index.php?rest_route=\/wp\/v2\/users\/2"}],"replies":[{"embeddable":true,"href":"https:\/\/noticiasemdestaque.com\/cd\/index.php?rest_route=%2Fwp%2Fv2%2Fcomments&post=20056"}],"version-history":[{"count":3,"href":"https:\/\/noticiasemdestaque.com\/cd\/index.php?rest_route=\/wp\/v2\/posts\/20056\/revisions"}],"predecessor-version":[{"id":20066,"href":"https:\/\/noticiasemdestaque.com\/cd\/index.php?rest_route=\/wp\/v2\/posts\/20056\/revisions\/20066"}],"wp:featuredmedia":[{"embeddable":true,"href":"https:\/\/noticiasemdestaque.com\/cd\/index.php?rest_route=\/wp\/v2\/media\/20064"}],"wp:attachment":[{"href":"https:\/\/noticiasemdestaque.com\/cd\/index.php?rest_route=%2Fwp%2Fv2%2Fmedia&parent=20056"}],"wp:term":[{"taxonomy":"category","embeddable":true,"href":"https:\/\/noticiasemdestaque.com\/cd\/index.php?rest_route=%2Fwp%2Fv2%2Fcategories&post=20056"},{"taxonomy":"post_tag","embeddable":true,"href":"https:\/\/noticiasemdestaque.com\/cd\/index.php?rest_route=%2Fwp%2Fv2%2Ftags&post=20056"}],"curies":[{"name":"wp","href":"https:\/\/api.w.org\/{rel}","templated":true}]}}