{"id":20055,"date":"2019-10-04T07:47:57","date_gmt":"2019-10-04T10:47:57","guid":{"rendered":"http:\/\/noticiasemdestaque.com\/cd\/?p=20055"},"modified":"2019-10-04T07:47:57","modified_gmt":"2019-10-04T10:47:57","slug":"inscricao-para-concurso-com-400-vagas-sera-encerrada-na-proxima-segunda-7","status":"publish","type":"post","link":"https:\/\/noticiasemdestaque.com\/cd\/?p=20055","title":{"rendered":"Inscri\u00e7\u00e3o para concurso com 400 vagas ser\u00e1 encerrada na pr\u00f3xima segunda (7)"},"content":{"rendered":"<p><a href=\"https:\/\/noticiasemdestaque.com\/cd\/wp-content\/uploads\/2017\/10\/Concursos-RN_01.jpg\"><img fetchpriority=\"high\" decoding=\"async\" class=\"size-large wp-image-5257 aligncenter\" src=\"https:\/\/noticiasemdestaque.com\/cd\/wp-content\/uploads\/2017\/10\/Concursos-RN_01-1024x546.jpg\" alt=\"\" width=\"1024\" height=\"546\" srcset=\"https:\/\/noticiasemdestaque.com\/cd\/wp-content\/uploads\/2017\/10\/Concursos-RN_01-1024x546.jpg 1024w, https:\/\/noticiasemdestaque.com\/cd\/wp-content\/uploads\/2017\/10\/Concursos-RN_01-300x160.jpg 300w, https:\/\/noticiasemdestaque.com\/cd\/wp-content\/uploads\/2017\/10\/Concursos-RN_01-768x409.jpg 768w\" sizes=\"(max-width: 1024px) 100vw, 1024px\" \/><\/a><\/p>\n<p>O prazo para as inscri\u00e7\u00f5es do concurso p\u00fablico com 400 vagas para o cargo de agente socioeducativo da Funda\u00e7\u00e3o Desenvolvimento da Crian\u00e7a e Adolescente Alice de Almeida (Fundac) termina na pr\u00f3xima segunda-feira (7). As inscri\u00e7\u00f5es est\u00e3o sendo feitas exclusivamente pela internet, no site do Instituto Brasileiro de Apoio e Desenvolvimento Executivo (Ibade) \u2013 banca organizadora do concurso\u00a0<a href=\"http:\/\/www.ibade.org.br\/\">www.ibade.org.br<\/a>\u00a0e a taxa \u00e9 de R$ 56,00.<\/p>\n<p>Do total de 400 vagas oferecidas, 20 s\u00e3o destinadas \u00e0s pessoas com defici\u00eancia.<\/p>\n<p>O pr\u00e9-requisito para concorrer ao cargo \u00e9 ter ensino m\u00e9dio completo ou t\u00e9cnico equivalente pelo MEC. A validade do concurso ser\u00e1 de um ano, sendo prorrogada por mais um ano.<\/p>\n<p>As provas objetivas est\u00e3o previstas para acontecerem ainda neste m\u00eas, no dia 27 de outubro. Al\u00e9m das provas objetivas de conhecimentos gerais e espec\u00edficos, tamb\u00e9m haver\u00e1 avalia\u00e7\u00e3o de t\u00edtulos, prova de capacidade f\u00edsica, exame psicot\u00e9cnico e curso de forma\u00e7\u00e3o profissional.<\/p>\n<p>Os candidatos dever\u00e3o realizar as inscri\u00e7\u00f5es considerando as vagas distribu\u00eddas por cargo em tr\u00eas \u00e1reas distintas, conforme atendimento \u00e0s necessidades da Funda\u00e7\u00e3o Desenvolvimento da Crian\u00e7a e Adolescente Alice de Almeida (Fundac). A \u2018\u00c1rea I\u2019 comp\u00f5e os munic\u00edpios de Jo\u00e3o Pessoa, Bayeux, Cabedelo, Santa Rita, Mamanguape, Rio Tinto, Sap\u00e9, Itabaiana e Guarabira; a \u2018\u00c1rea II\u2019 \u00e9 composta pelos munic\u00edpios de Lagoa Seca, Campina Grande, Alagoa Grande, Bananeiras e Monteiro; e a \u2018\u00c1rea III\u2019 comp\u00f5e as cidades de Sousa, Santa Luzia, Patos, Pianc\u00f3, Itaporanga, Concei\u00e7\u00e3o, Uira\u00fana e Cajazeiras.<\/p>\n<p>A remunera\u00e7\u00e3o inicial ser\u00e1 de R$ 998 (sal\u00e1rio m\u00ednimo vigente), para jornada de trabalho de 40 horas semanais, mais benef\u00edcios do cargo, como Gratifica\u00e7\u00e3o de Atividade Especial e de Risco (R$ 399,20) e aux\u00edlio alimenta\u00e7\u00e3o (R$ 220). Dessa forma, o vencimento chega a R$ 1.617,20 e poder\u00e1 inclusive ser acrescido mais 20% de adicional noturno sobre o valor da hora diurna entre os per\u00edodos de 22h \u00e0s 5h para os agentes que forem designados para o plant\u00e3o noturno.<\/p>\n","protected":false},"excerpt":{"rendered":"<p>O prazo para as inscri\u00e7\u00f5es do concurso p\u00fablico com 400 vagas para o cargo de agente socioeducativo da Funda\u00e7\u00e3o Desenvolvimento da Crian\u00e7a e Adolescente Alice de Almeida (Fundac) termina na pr\u00f3xima segunda-feira (7). As inscri\u00e7\u00f5es est\u00e3o sendo feitas exclusivamente pela internet, no site do Instituto Brasileiro de Apoio e Desenvolvimento Executivo (Ibade) \u2013 banca organizadora do concurso\u00a0www.ibade.org.br\u00a0e a taxa \u00e9 de R$ 56,00. Do total de 400 vagas oferecidas, 20 s\u00e3o destinadas \u00e0s pessoas com defici\u00eancia. O pr\u00e9-requisito para concorrer ao cargo \u00e9 ter ensino m\u00e9dio completo ou t\u00e9cnico equivalente pelo MEC. A validade do concurso ser\u00e1 de um ano, sendo prorrogada por mais um ano. As provas objetivas est\u00e3o previstas para acontecerem ainda neste m\u00eas, no dia 27 de outubro. Al\u00e9m das provas objetivas de conhecimentos gerais e espec\u00edficos, tamb\u00e9m haver\u00e1 avalia\u00e7\u00e3o de t\u00edtulos, prova de capacidade f\u00edsica, exame psicot\u00e9cnico e curso de forma\u00e7\u00e3o profissional. Os candidatos dever\u00e3o realizar as inscri\u00e7\u00f5es considerando as vagas distribu\u00eddas por cargo em tr\u00eas \u00e1reas distintas, conforme atendimento \u00e0s necessidades da Funda\u00e7\u00e3o Desenvolvimento da Crian\u00e7a e Adolescente Alice de Almeida (Fundac). A \u2018\u00c1rea I\u2019 comp\u00f5e os munic\u00edpios de Jo\u00e3o Pessoa, Bayeux, Cabedelo, Santa Rita, Mamanguape, Rio Tinto, Sap\u00e9, Itabaiana e Guarabira; a \u2018\u00c1rea II\u2019 \u00e9 composta pelos munic\u00edpios de Lagoa Seca, Campina Grande, Alagoa Grande, Bananeiras e Monteiro; e a \u2018\u00c1rea III\u2019 comp\u00f5e as cidades de Sousa, Santa Luzia, Patos, Pianc\u00f3, Itaporanga, Concei\u00e7\u00e3o, Uira\u00fana e Cajazeiras. A remunera\u00e7\u00e3o inicial ser\u00e1 de R$ 998 (sal\u00e1rio m\u00ednimo vigente), para jornada de trabalho de 40 horas semanais, mais benef\u00edcios do cargo, como Gratifica\u00e7\u00e3o de Atividade Especial e de Risco (R$ 399,20) e aux\u00edlio alimenta\u00e7\u00e3o (R$ 220). Dessa forma, o vencimento chega a R$ 1.617,20 e poder\u00e1 inclusive ser acrescido mais 20% de adicional noturno sobre o valor da hora diurna entre os per\u00edodos de 22h \u00e0s 5h para os agentes que forem designados para o plant\u00e3o noturno.<\/p>\n","protected":false},"author":2,"featured_media":5572,"comment_status":"closed","ping_status":"open","sticky":false,"template":"","format":"standard","meta":{"_eb_attr":"","_jetpack_memberships_contains_paid_content":false,"footnotes":""},"categories":[12],"tags":[],"class_list":["post-20055","post","type-post","status-publish","format-standard","has-post-thumbnail","hentry","category-geral"],"yoast_head":"<!-- This site is optimized with the Yoast SEO plugin v26.5 - https:\/\/yoast.com\/wordpress\/plugins\/seo\/ -->\n<title>Inscri\u00e7\u00e3o para concurso com 400 vagas ser\u00e1 encerrada na pr\u00f3xima segunda (7) - Not&iacute;cias em Destaque<\/title>\n<meta name=\"robots\" content=\"index, follow, max-snippet:-1, max-image-preview:large, max-video-preview:-1\" \/>\n<link rel=\"canonical\" href=\"https:\/\/noticiasemdestaque.com\/cd\/?p=20055\" \/>\n<meta property=\"og:locale\" content=\"pt_BR\" \/>\n<meta property=\"og:type\" content=\"article\" \/>\n<meta property=\"og:title\" content=\"Inscri\u00e7\u00e3o para concurso com 400 vagas ser\u00e1 encerrada na pr\u00f3xima segunda (7) - Not&iacute;cias em Destaque\" \/>\n<meta property=\"og:description\" content=\"O prazo para as inscri\u00e7\u00f5es do concurso p\u00fablico com 400 vagas para o cargo de agente socioeducativo da Funda\u00e7\u00e3o Desenvolvimento da Crian\u00e7a e Adolescente Alice de Almeida (Fundac) termina na pr\u00f3xima segunda-feira (7). As inscri\u00e7\u00f5es est\u00e3o sendo feitas exclusivamente pela internet, no site do Instituto Brasileiro de Apoio e Desenvolvimento Executivo (Ibade) \u2013 banca organizadora do concurso\u00a0www.ibade.org.br\u00a0e a taxa \u00e9 de R$ 56,00. Do total de 400 vagas oferecidas, 20 s\u00e3o destinadas \u00e0s pessoas com defici\u00eancia. O pr\u00e9-requisito para concorrer ao cargo \u00e9 ter ensino m\u00e9dio completo ou t\u00e9cnico equivalente pelo MEC. A validade do concurso ser\u00e1 de um ano, sendo prorrogada por mais um ano. As provas objetivas est\u00e3o previstas para acontecerem ainda neste m\u00eas, no dia 27 de outubro. Al\u00e9m das provas objetivas de conhecimentos gerais e espec\u00edficos, tamb\u00e9m haver\u00e1 avalia\u00e7\u00e3o de t\u00edtulos, prova de capacidade f\u00edsica, exame psicot\u00e9cnico e curso de forma\u00e7\u00e3o profissional. Os candidatos dever\u00e3o realizar as inscri\u00e7\u00f5es considerando as vagas distribu\u00eddas por cargo em tr\u00eas \u00e1reas distintas, conforme atendimento \u00e0s necessidades da Funda\u00e7\u00e3o Desenvolvimento da Crian\u00e7a e Adolescente Alice de Almeida (Fundac). A \u2018\u00c1rea I\u2019 comp\u00f5e os munic\u00edpios de Jo\u00e3o Pessoa, Bayeux, Cabedelo, Santa Rita, Mamanguape, Rio Tinto, Sap\u00e9, Itabaiana e Guarabira; a \u2018\u00c1rea II\u2019 \u00e9 composta pelos munic\u00edpios de Lagoa Seca, Campina Grande, Alagoa Grande, Bananeiras e Monteiro; e a \u2018\u00c1rea III\u2019 comp\u00f5e as cidades de Sousa, Santa Luzia, Patos, Pianc\u00f3, Itaporanga, Concei\u00e7\u00e3o, Uira\u00fana e Cajazeiras. A remunera\u00e7\u00e3o inicial ser\u00e1 de R$ 998 (sal\u00e1rio m\u00ednimo vigente), para jornada de trabalho de 40 horas semanais, mais benef\u00edcios do cargo, como Gratifica\u00e7\u00e3o de Atividade Especial e de Risco (R$ 399,20) e aux\u00edlio alimenta\u00e7\u00e3o (R$ 220). Dessa forma, o vencimento chega a R$ 1.617,20 e poder\u00e1 inclusive ser acrescido mais 20% de adicional noturno sobre o valor da hora diurna entre os per\u00edodos de 22h \u00e0s 5h para os agentes que forem designados para o plant\u00e3o noturno.\" \/>\n<meta property=\"og:url\" content=\"https:\/\/noticiasemdestaque.com\/cd\/?p=20055\" \/>\n<meta property=\"og:site_name\" content=\"Not&iacute;cias em Destaque\" \/>\n<meta property=\"article:published_time\" content=\"2019-10-04T10:47:57+00:00\" \/>\n<meta property=\"og:image\" content=\"https:\/\/noticiasemdestaque.com\/cd\/wp-content\/uploads\/2017\/10\/concurso-e1509206737614.jpg\" \/>\n\t<meta property=\"og:image:width\" content=\"750\" \/>\n\t<meta property=\"og:image:height\" content=\"400\" \/>\n\t<meta property=\"og:image:type\" content=\"image\/jpeg\" \/>\n<meta name=\"author\" content=\"Not\u00edcias em Destaque\" \/>\n<meta name=\"twitter:card\" content=\"summary_large_image\" \/>\n<meta name=\"twitter:label1\" content=\"Escrito por\" \/>\n\t<meta name=\"twitter:data1\" content=\"Not\u00edcias em Destaque\" \/>\n\t<meta name=\"twitter:label2\" content=\"Est. tempo de leitura\" \/>\n\t<meta name=\"twitter:data2\" content=\"2 minutos\" \/>\n<script type=\"application\/ld+json\" class=\"yoast-schema-graph\">{\"@context\":\"https:\/\/schema.org\",\"@graph\":[{\"@type\":\"Article\",\"@id\":\"https:\/\/noticiasemdestaque.com\/cd\/?p=20055#article\",\"isPartOf\":{\"@id\":\"https:\/\/noticiasemdestaque.com\/cd\/?p=20055\"},\"author\":{\"name\":\"Not\u00edcias em Destaque\",\"@id\":\"https:\/\/noticiasemdestaque.com\/cd\/#\/schema\/person\/3e6ba396ff5664a69c392f09a8e1504c\"},\"headline\":\"Inscri\u00e7\u00e3o para concurso com 400 vagas ser\u00e1 encerrada na pr\u00f3xima segunda (7)\",\"datePublished\":\"2019-10-04T10:47:57+00:00\",\"mainEntityOfPage\":{\"@id\":\"https:\/\/noticiasemdestaque.com\/cd\/?p=20055\"},\"wordCount\":355,\"publisher\":{\"@id\":\"https:\/\/noticiasemdestaque.com\/cd\/#organization\"},\"image\":{\"@id\":\"https:\/\/noticiasemdestaque.com\/cd\/?p=20055#primaryimage\"},\"thumbnailUrl\":\"https:\/\/noticiasemdestaque.com\/cd\/wp-content\/uploads\/2017\/10\/concurso-e1509206737614.jpg\",\"articleSection\":[\"Geral\"],\"inLanguage\":\"pt-BR\"},{\"@type\":\"WebPage\",\"@id\":\"https:\/\/noticiasemdestaque.com\/cd\/?p=20055\",\"url\":\"https:\/\/noticiasemdestaque.com\/cd\/?p=20055\",\"name\":\"Inscri\u00e7\u00e3o para concurso com 400 vagas ser\u00e1 encerrada na pr\u00f3xima segunda (7) - Not&iacute;cias em Destaque\",\"isPartOf\":{\"@id\":\"https:\/\/noticiasemdestaque.com\/cd\/#website\"},\"primaryImageOfPage\":{\"@id\":\"https:\/\/noticiasemdestaque.com\/cd\/?p=20055#primaryimage\"},\"image\":{\"@id\":\"https:\/\/noticiasemdestaque.com\/cd\/?p=20055#primaryimage\"},\"thumbnailUrl\":\"https:\/\/noticiasemdestaque.com\/cd\/wp-content\/uploads\/2017\/10\/concurso-e1509206737614.jpg\",\"datePublished\":\"2019-10-04T10:47:57+00:00\",\"breadcrumb\":{\"@id\":\"https:\/\/noticiasemdestaque.com\/cd\/?p=20055#breadcrumb\"},\"inLanguage\":\"pt-BR\",\"potentialAction\":[{\"@type\":\"ReadAction\",\"target\":[\"https:\/\/noticiasemdestaque.com\/cd\/?p=20055\"]}]},{\"@type\":\"ImageObject\",\"inLanguage\":\"pt-BR\",\"@id\":\"https:\/\/noticiasemdestaque.com\/cd\/?p=20055#primaryimage\",\"url\":\"https:\/\/noticiasemdestaque.com\/cd\/wp-content\/uploads\/2017\/10\/concurso-e1509206737614.jpg\",\"contentUrl\":\"https:\/\/noticiasemdestaque.com\/cd\/wp-content\/uploads\/2017\/10\/concurso-e1509206737614.jpg\",\"width\":750,\"height\":400},{\"@type\":\"BreadcrumbList\",\"@id\":\"https:\/\/noticiasemdestaque.com\/cd\/?p=20055#breadcrumb\",\"itemListElement\":[{\"@type\":\"ListItem\",\"position\":1,\"name\":\"In\u00edcio\",\"item\":\"https:\/\/noticiasemdestaque.com\/cd\/\"},{\"@type\":\"ListItem\",\"position\":2,\"name\":\"Inscri\u00e7\u00e3o para concurso com 400 vagas ser\u00e1 encerrada na pr\u00f3xima segunda (7)\"}]},{\"@type\":\"WebSite\",\"@id\":\"https:\/\/noticiasemdestaque.com\/cd\/#website\",\"url\":\"https:\/\/noticiasemdestaque.com\/cd\/\",\"name\":\"Not&iacute;cias em Destaque\",\"description\":\"\",\"publisher\":{\"@id\":\"https:\/\/noticiasemdestaque.com\/cd\/#organization\"},\"potentialAction\":[{\"@type\":\"SearchAction\",\"target\":{\"@type\":\"EntryPoint\",\"urlTemplate\":\"https:\/\/noticiasemdestaque.com\/cd\/?s={search_term_string}\"},\"query-input\":{\"@type\":\"PropertyValueSpecification\",\"valueRequired\":true,\"valueName\":\"search_term_string\"}}],\"inLanguage\":\"pt-BR\"},{\"@type\":\"Organization\",\"@id\":\"https:\/\/noticiasemdestaque.com\/cd\/#organization\",\"name\":\"Not\u00edcias em Destaque\",\"url\":\"https:\/\/noticiasemdestaque.com\/cd\/\",\"logo\":{\"@type\":\"ImageObject\",\"inLanguage\":\"pt-BR\",\"@id\":\"https:\/\/noticiasemdestaque.com\/cd\/#\/schema\/logo\/image\/\",\"url\":\"https:\/\/noticiasemdestaque.com\/cd\/wp-content\/uploads\/2022\/05\/imagem-base-noticiasemdestaque.png\",\"contentUrl\":\"https:\/\/noticiasemdestaque.com\/cd\/wp-content\/uploads\/2022\/05\/imagem-base-noticiasemdestaque.png\",\"width\":1200,\"height\":630,\"caption\":\"Not\u00edcias em Destaque\"},\"image\":{\"@id\":\"https:\/\/noticiasemdestaque.com\/cd\/#\/schema\/logo\/image\/\"}},{\"@type\":\"Person\",\"@id\":\"https:\/\/noticiasemdestaque.com\/cd\/#\/schema\/person\/3e6ba396ff5664a69c392f09a8e1504c\",\"name\":\"Not\u00edcias em Destaque\",\"url\":\"https:\/\/noticiasemdestaque.com\/cd\/?author=2\"}]}<\/script>\n<!-- \/ Yoast SEO plugin. -->","yoast_head_json":{"title":"Inscri\u00e7\u00e3o para concurso com 400 vagas ser\u00e1 encerrada na pr\u00f3xima segunda (7) - Not&iacute;cias em Destaque","robots":{"index":"index","follow":"follow","max-snippet":"max-snippet:-1","max-image-preview":"max-image-preview:large","max-video-preview":"max-video-preview:-1"},"canonical":"https:\/\/noticiasemdestaque.com\/cd\/?p=20055","og_locale":"pt_BR","og_type":"article","og_title":"Inscri\u00e7\u00e3o para concurso com 400 vagas ser\u00e1 encerrada na pr\u00f3xima segunda (7) - Not&iacute;cias em Destaque","og_description":"O prazo para as inscri\u00e7\u00f5es do concurso p\u00fablico com 400 vagas para o cargo de agente socioeducativo da Funda\u00e7\u00e3o Desenvolvimento da Crian\u00e7a e Adolescente Alice de Almeida (Fundac) termina na pr\u00f3xima segunda-feira (7). As inscri\u00e7\u00f5es est\u00e3o sendo feitas exclusivamente pela internet, no site do Instituto Brasileiro de Apoio e Desenvolvimento Executivo (Ibade) \u2013 banca organizadora do concurso\u00a0www.ibade.org.br\u00a0e a taxa \u00e9 de R$ 56,00. Do total de 400 vagas oferecidas, 20 s\u00e3o destinadas \u00e0s pessoas com defici\u00eancia. O pr\u00e9-requisito para concorrer ao cargo \u00e9 ter ensino m\u00e9dio completo ou t\u00e9cnico equivalente pelo MEC. A validade do concurso ser\u00e1 de um ano, sendo prorrogada por mais um ano. As provas objetivas est\u00e3o previstas para acontecerem ainda neste m\u00eas, no dia 27 de outubro. Al\u00e9m das provas objetivas de conhecimentos gerais e espec\u00edficos, tamb\u00e9m haver\u00e1 avalia\u00e7\u00e3o de t\u00edtulos, prova de capacidade f\u00edsica, exame psicot\u00e9cnico e curso de forma\u00e7\u00e3o profissional. Os candidatos dever\u00e3o realizar as inscri\u00e7\u00f5es considerando as vagas distribu\u00eddas por cargo em tr\u00eas \u00e1reas distintas, conforme atendimento \u00e0s necessidades da Funda\u00e7\u00e3o Desenvolvimento da Crian\u00e7a e Adolescente Alice de Almeida (Fundac). A \u2018\u00c1rea I\u2019 comp\u00f5e os munic\u00edpios de Jo\u00e3o Pessoa, Bayeux, Cabedelo, Santa Rita, Mamanguape, Rio Tinto, Sap\u00e9, Itabaiana e Guarabira; a \u2018\u00c1rea II\u2019 \u00e9 composta pelos munic\u00edpios de Lagoa Seca, Campina Grande, Alagoa Grande, Bananeiras e Monteiro; e a \u2018\u00c1rea III\u2019 comp\u00f5e as cidades de Sousa, Santa Luzia, Patos, Pianc\u00f3, Itaporanga, Concei\u00e7\u00e3o, Uira\u00fana e Cajazeiras. A remunera\u00e7\u00e3o inicial ser\u00e1 de R$ 998 (sal\u00e1rio m\u00ednimo vigente), para jornada de trabalho de 40 horas semanais, mais benef\u00edcios do cargo, como Gratifica\u00e7\u00e3o de Atividade Especial e de Risco (R$ 399,20) e aux\u00edlio alimenta\u00e7\u00e3o (R$ 220). Dessa forma, o vencimento chega a R$ 1.617,20 e poder\u00e1 inclusive ser acrescido mais 20% de adicional noturno sobre o valor da hora diurna entre os per\u00edodos de 22h \u00e0s 5h para os agentes que forem designados para o plant\u00e3o noturno.","og_url":"https:\/\/noticiasemdestaque.com\/cd\/?p=20055","og_site_name":"Not&iacute;cias em Destaque","article_published_time":"2019-10-04T10:47:57+00:00","og_image":[{"width":750,"height":400,"url":"https:\/\/noticiasemdestaque.com\/cd\/wp-content\/uploads\/2017\/10\/concurso-e1509206737614.jpg","type":"image\/jpeg"}],"author":"Not\u00edcias em Destaque","twitter_card":"summary_large_image","twitter_misc":{"Escrito por":"Not\u00edcias em Destaque","Est. tempo de leitura":"2 minutos"},"schema":{"@context":"https:\/\/schema.org","@graph":[{"@type":"Article","@id":"https:\/\/noticiasemdestaque.com\/cd\/?p=20055#article","isPartOf":{"@id":"https:\/\/noticiasemdestaque.com\/cd\/?p=20055"},"author":{"name":"Not\u00edcias em Destaque","@id":"https:\/\/noticiasemdestaque.com\/cd\/#\/schema\/person\/3e6ba396ff5664a69c392f09a8e1504c"},"headline":"Inscri\u00e7\u00e3o para concurso com 400 vagas ser\u00e1 encerrada na pr\u00f3xima segunda (7)","datePublished":"2019-10-04T10:47:57+00:00","mainEntityOfPage":{"@id":"https:\/\/noticiasemdestaque.com\/cd\/?p=20055"},"wordCount":355,"publisher":{"@id":"https:\/\/noticiasemdestaque.com\/cd\/#organization"},"image":{"@id":"https:\/\/noticiasemdestaque.com\/cd\/?p=20055#primaryimage"},"thumbnailUrl":"https:\/\/noticiasemdestaque.com\/cd\/wp-content\/uploads\/2017\/10\/concurso-e1509206737614.jpg","articleSection":["Geral"],"inLanguage":"pt-BR"},{"@type":"WebPage","@id":"https:\/\/noticiasemdestaque.com\/cd\/?p=20055","url":"https:\/\/noticiasemdestaque.com\/cd\/?p=20055","name":"Inscri\u00e7\u00e3o para concurso com 400 vagas ser\u00e1 encerrada na pr\u00f3xima segunda (7) - Not&iacute;cias em Destaque","isPartOf":{"@id":"https:\/\/noticiasemdestaque.com\/cd\/#website"},"primaryImageOfPage":{"@id":"https:\/\/noticiasemdestaque.com\/cd\/?p=20055#primaryimage"},"image":{"@id":"https:\/\/noticiasemdestaque.com\/cd\/?p=20055#primaryimage"},"thumbnailUrl":"https:\/\/noticiasemdestaque.com\/cd\/wp-content\/uploads\/2017\/10\/concurso-e1509206737614.jpg","datePublished":"2019-10-04T10:47:57+00:00","breadcrumb":{"@id":"https:\/\/noticiasemdestaque.com\/cd\/?p=20055#breadcrumb"},"inLanguage":"pt-BR","potentialAction":[{"@type":"ReadAction","target":["https:\/\/noticiasemdestaque.com\/cd\/?p=20055"]}]},{"@type":"ImageObject","inLanguage":"pt-BR","@id":"https:\/\/noticiasemdestaque.com\/cd\/?p=20055#primaryimage","url":"https:\/\/noticiasemdestaque.com\/cd\/wp-content\/uploads\/2017\/10\/concurso-e1509206737614.jpg","contentUrl":"https:\/\/noticiasemdestaque.com\/cd\/wp-content\/uploads\/2017\/10\/concurso-e1509206737614.jpg","width":750,"height":400},{"@type":"BreadcrumbList","@id":"https:\/\/noticiasemdestaque.com\/cd\/?p=20055#breadcrumb","itemListElement":[{"@type":"ListItem","position":1,"name":"In\u00edcio","item":"https:\/\/noticiasemdestaque.com\/cd\/"},{"@type":"ListItem","position":2,"name":"Inscri\u00e7\u00e3o para concurso com 400 vagas ser\u00e1 encerrada na pr\u00f3xima segunda (7)"}]},{"@type":"WebSite","@id":"https:\/\/noticiasemdestaque.com\/cd\/#website","url":"https:\/\/noticiasemdestaque.com\/cd\/","name":"Not&iacute;cias em Destaque","description":"","publisher":{"@id":"https:\/\/noticiasemdestaque.com\/cd\/#organization"},"potentialAction":[{"@type":"SearchAction","target":{"@type":"EntryPoint","urlTemplate":"https:\/\/noticiasemdestaque.com\/cd\/?s={search_term_string}"},"query-input":{"@type":"PropertyValueSpecification","valueRequired":true,"valueName":"search_term_string"}}],"inLanguage":"pt-BR"},{"@type":"Organization","@id":"https:\/\/noticiasemdestaque.com\/cd\/#organization","name":"Not\u00edcias em Destaque","url":"https:\/\/noticiasemdestaque.com\/cd\/","logo":{"@type":"ImageObject","inLanguage":"pt-BR","@id":"https:\/\/noticiasemdestaque.com\/cd\/#\/schema\/logo\/image\/","url":"https:\/\/noticiasemdestaque.com\/cd\/wp-content\/uploads\/2022\/05\/imagem-base-noticiasemdestaque.png","contentUrl":"https:\/\/noticiasemdestaque.com\/cd\/wp-content\/uploads\/2022\/05\/imagem-base-noticiasemdestaque.png","width":1200,"height":630,"caption":"Not\u00edcias em Destaque"},"image":{"@id":"https:\/\/noticiasemdestaque.com\/cd\/#\/schema\/logo\/image\/"}},{"@type":"Person","@id":"https:\/\/noticiasemdestaque.com\/cd\/#\/schema\/person\/3e6ba396ff5664a69c392f09a8e1504c","name":"Not\u00edcias em Destaque","url":"https:\/\/noticiasemdestaque.com\/cd\/?author=2"}]}},"jetpack_featured_media_url":"https:\/\/noticiasemdestaque.com\/cd\/wp-content\/uploads\/2017\/10\/concurso-e1509206737614.jpg","jetpack_sharing_enabled":true,"_links":{"self":[{"href":"https:\/\/noticiasemdestaque.com\/cd\/index.php?rest_route=\/wp\/v2\/posts\/20055","targetHints":{"allow":["GET"]}}],"collection":[{"href":"https:\/\/noticiasemdestaque.com\/cd\/index.php?rest_route=\/wp\/v2\/posts"}],"about":[{"href":"https:\/\/noticiasemdestaque.com\/cd\/index.php?rest_route=\/wp\/v2\/types\/post"}],"author":[{"embeddable":true,"href":"https:\/\/noticiasemdestaque.com\/cd\/index.php?rest_route=\/wp\/v2\/users\/2"}],"replies":[{"embeddable":true,"href":"https:\/\/noticiasemdestaque.com\/cd\/index.php?rest_route=%2Fwp%2Fv2%2Fcomments&post=20055"}],"version-history":[{"count":1,"href":"https:\/\/noticiasemdestaque.com\/cd\/index.php?rest_route=\/wp\/v2\/posts\/20055\/revisions"}],"predecessor-version":[{"id":20057,"href":"https:\/\/noticiasemdestaque.com\/cd\/index.php?rest_route=\/wp\/v2\/posts\/20055\/revisions\/20057"}],"wp:featuredmedia":[{"embeddable":true,"href":"https:\/\/noticiasemdestaque.com\/cd\/index.php?rest_route=\/wp\/v2\/media\/5572"}],"wp:attachment":[{"href":"https:\/\/noticiasemdestaque.com\/cd\/index.php?rest_route=%2Fwp%2Fv2%2Fmedia&parent=20055"}],"wp:term":[{"taxonomy":"category","embeddable":true,"href":"https:\/\/noticiasemdestaque.com\/cd\/index.php?rest_route=%2Fwp%2Fv2%2Fcategories&post=20055"},{"taxonomy":"post_tag","embeddable":true,"href":"https:\/\/noticiasemdestaque.com\/cd\/index.php?rest_route=%2Fwp%2Fv2%2Ftags&post=20055"}],"curies":[{"name":"wp","href":"https:\/\/api.w.org\/{rel}","templated":true}]}}