{"id":20049,"date":"2019-10-04T07:00:59","date_gmt":"2019-10-04T10:00:59","guid":{"rendered":"http:\/\/noticiasemdestaque.com\/cd\/?p=20049"},"modified":"2019-10-04T07:37:07","modified_gmt":"2019-10-04T10:37:07","slug":"sume-escola-municipal-padre-paulo-roberto-de-oliveira-realiza-a-i-mostra-do-ensino-integral","status":"publish","type":"post","link":"https:\/\/noticiasemdestaque.com\/cd\/?p=20049","title":{"rendered":"Sum\u00e9: Escola Municipal Padre Paulo Roberto de Oliveira realiza a &#8220;I Mostra do Ensino Integral&#8221;"},"content":{"rendered":"<p><a href=\"https:\/\/noticiasemdestaque.com\/cd\/wp-content\/uploads\/2019\/10\/72115862_1688344341299089_9106131373978025984_n.jpg\"><img fetchpriority=\"high\" decoding=\"async\" class=\"wp-image-20050 aligncenter\" src=\"https:\/\/noticiasemdestaque.com\/cd\/wp-content\/uploads\/2019\/10\/72115862_1688344341299089_9106131373978025984_n.jpg\" alt=\"\" width=\"487\" height=\"274\" srcset=\"https:\/\/noticiasemdestaque.com\/cd\/wp-content\/uploads\/2019\/10\/72115862_1688344341299089_9106131373978025984_n.jpg 960w, https:\/\/noticiasemdestaque.com\/cd\/wp-content\/uploads\/2019\/10\/72115862_1688344341299089_9106131373978025984_n-300x169.jpg 300w, https:\/\/noticiasemdestaque.com\/cd\/wp-content\/uploads\/2019\/10\/72115862_1688344341299089_9106131373978025984_n-768x432.jpg 768w\" sizes=\"(max-width: 487px) 100vw, 487px\" \/><\/a><\/p>\n<p>O evento foi realizado nesta ter\u00e7a-feira (01), na oportunidade, os alunos mostraram como funciona o Sistema de Ensino Integral para as turmas de 5\u00ba ano de todas as escolas da Rede, com o intuito de intensificar a import\u00e2ncia do ensino na vida dos Educandos.<\/p>\n<p>A programa\u00e7\u00e3o foi iniciada com a acolhida aos alunos visitantes, que puderam visitar os estandes, que trabalhavam os seguintes temas.<\/p>\n<p>1\u00ba Estande: Cordel professor respons\u00e1vel L\u00edvio Rodrigues;<\/p>\n<p>2\u00ba Estande: Projeto de vida professora respons\u00e1vel Rosimere;<\/p>\n<p>3\u00ba Estande: Exposi\u00e7\u00f5es das eletivas, professora respons\u00e1vel Joelma;<\/p>\n<p>4\u00ba Estande: Inicia\u00e7\u00e3o cient\u00edfica professora respons\u00e1vel Fabiana;<\/p>\n<p>5\u00ba Estande: Letramento portugu\u00eas e letramento matem\u00e1tico professores respons\u00e1veis Mayara, Nilson, Fabiana e Rosimere com aux\u00edlio dos monitores do mais educa\u00e7\u00e3o Amanda, Maria Luiza;<\/p>\n<p>6\u00ba Estande: Estudo orientado professor respons\u00e1vel Jorge;<\/p>\n<p>7\u00ba Estande: Avalia\u00e7\u00e3o semanal professor respons\u00e1vel Nilson;<\/p>\n<p>8\u00ba Estande: Exposi\u00e7\u00f5es fotogr\u00e1ficas professor respons\u00e1vel Carlos Magno;<\/p>\n<p>9\u00ba Estande: Jud\u00f4 professor respons\u00e1vel Augusto;<\/p>\n<p>10\u00ba Estande: M\u00fasica professor respons\u00e1vel Ant\u00f4nio Lino com aux\u00edlio do monitor do mais educa\u00e7\u00e3o Rodolfo;<\/p>\n<p>11\u00baEstande: Teatro professor respons\u00e1vel Zito;<\/p>\n<p>12\u00ba Estande: Educa\u00e7\u00e3o f\u00edsica professor respons\u00e1vel Davi com aux\u00edlio dos monitores Pamela e Ronivaldo.<\/p>\n<p>CONFIRA AS FOTOS:<\/p>\n<p>https:\/\/m.facebook.com\/story.php?story_fbid=1688345721298951&#038;id=1051584748308388<\/p>\n","protected":false},"excerpt":{"rendered":"<p>O evento foi realizado nesta ter\u00e7a-feira (01), na oportunidade, os alunos mostraram como funciona o Sistema de Ensino Integral para as turmas de 5\u00ba ano de todas as escolas da Rede, com o intuito de intensificar a import\u00e2ncia do ensino na vida dos Educandos. A programa\u00e7\u00e3o foi iniciada com a acolhida aos alunos visitantes, que puderam visitar os estandes, que trabalhavam os seguintes temas. 1\u00ba Estande: Cordel professor respons\u00e1vel L\u00edvio Rodrigues; 2\u00ba Estande: Projeto de vida professora respons\u00e1vel Rosimere; 3\u00ba Estande: Exposi\u00e7\u00f5es das eletivas, professora respons\u00e1vel Joelma; 4\u00ba Estande: Inicia\u00e7\u00e3o cient\u00edfica professora respons\u00e1vel Fabiana; 5\u00ba Estande: Letramento portugu\u00eas e letramento matem\u00e1tico professores respons\u00e1veis Mayara, Nilson, Fabiana e Rosimere com aux\u00edlio dos monitores do mais educa\u00e7\u00e3o Amanda, Maria Luiza; 6\u00ba Estande: Estudo orientado professor respons\u00e1vel Jorge; 7\u00ba Estande: Avalia\u00e7\u00e3o semanal professor respons\u00e1vel Nilson; 8\u00ba Estande: Exposi\u00e7\u00f5es fotogr\u00e1ficas professor respons\u00e1vel Carlos Magno; 9\u00ba Estande: Jud\u00f4 professor respons\u00e1vel Augusto; 10\u00ba Estande: M\u00fasica professor respons\u00e1vel Ant\u00f4nio Lino com aux\u00edlio do monitor do mais educa\u00e7\u00e3o Rodolfo; 11\u00baEstande: Teatro professor respons\u00e1vel Zito; 12\u00ba Estande: Educa\u00e7\u00e3o f\u00edsica professor respons\u00e1vel Davi com aux\u00edlio dos monitores Pamela e Ronivaldo. CONFIRA AS FOTOS: https:\/\/m.facebook.com\/story.php?story_fbid=1688345721298951&#038;id=1051584748308388<\/p>\n","protected":false},"author":2,"featured_media":20050,"comment_status":"closed","ping_status":"open","sticky":false,"template":"","format":"standard","meta":{"_eb_attr":"","_jetpack_memberships_contains_paid_content":false,"footnotes":""},"categories":[6],"tags":[],"class_list":["post-20049","post","type-post","status-publish","format-standard","has-post-thumbnail","hentry","category-educacao"],"yoast_head":"<!-- This site is optimized with the Yoast SEO plugin v26.5 - https:\/\/yoast.com\/wordpress\/plugins\/seo\/ -->\n<title>Sum\u00e9: Escola Municipal Padre Paulo Roberto de Oliveira realiza a &quot;I Mostra do Ensino Integral&quot; - Not&iacute;cias em Destaque<\/title>\n<meta name=\"robots\" content=\"index, follow, max-snippet:-1, max-image-preview:large, max-video-preview:-1\" \/>\n<link rel=\"canonical\" href=\"https:\/\/noticiasemdestaque.com\/cd\/?p=20049\" \/>\n<meta property=\"og:locale\" content=\"pt_BR\" \/>\n<meta property=\"og:type\" content=\"article\" \/>\n<meta property=\"og:title\" content=\"Sum\u00e9: Escola Municipal Padre Paulo Roberto de Oliveira realiza a &quot;I Mostra do Ensino Integral&quot; - Not&iacute;cias em Destaque\" \/>\n<meta property=\"og:description\" content=\"O evento foi realizado nesta ter\u00e7a-feira (01), na oportunidade, os alunos mostraram como funciona o Sistema de Ensino Integral para as turmas de 5\u00ba ano de todas as escolas da Rede, com o intuito de intensificar a import\u00e2ncia do ensino na vida dos Educandos. A programa\u00e7\u00e3o foi iniciada com a acolhida aos alunos visitantes, que puderam visitar os estandes, que trabalhavam os seguintes temas. 1\u00ba Estande: Cordel professor respons\u00e1vel L\u00edvio Rodrigues; 2\u00ba Estande: Projeto de vida professora respons\u00e1vel Rosimere; 3\u00ba Estande: Exposi\u00e7\u00f5es das eletivas, professora respons\u00e1vel Joelma; 4\u00ba Estande: Inicia\u00e7\u00e3o cient\u00edfica professora respons\u00e1vel Fabiana; 5\u00ba Estande: Letramento portugu\u00eas e letramento matem\u00e1tico professores respons\u00e1veis Mayara, Nilson, Fabiana e Rosimere com aux\u00edlio dos monitores do mais educa\u00e7\u00e3o Amanda, Maria Luiza; 6\u00ba Estande: Estudo orientado professor respons\u00e1vel Jorge; 7\u00ba Estande: Avalia\u00e7\u00e3o semanal professor respons\u00e1vel Nilson; 8\u00ba Estande: Exposi\u00e7\u00f5es fotogr\u00e1ficas professor respons\u00e1vel Carlos Magno; 9\u00ba Estande: Jud\u00f4 professor respons\u00e1vel Augusto; 10\u00ba Estande: M\u00fasica professor respons\u00e1vel Ant\u00f4nio Lino com aux\u00edlio do monitor do mais educa\u00e7\u00e3o Rodolfo; 11\u00baEstande: Teatro professor respons\u00e1vel Zito; 12\u00ba Estande: Educa\u00e7\u00e3o f\u00edsica professor respons\u00e1vel Davi com aux\u00edlio dos monitores Pamela e Ronivaldo. CONFIRA AS FOTOS: https:\/\/m.facebook.com\/story.php?story_fbid=1688345721298951&#038;id=1051584748308388\" \/>\n<meta property=\"og:url\" content=\"https:\/\/noticiasemdestaque.com\/cd\/?p=20049\" \/>\n<meta property=\"og:site_name\" content=\"Not&iacute;cias em Destaque\" \/>\n<meta property=\"article:published_time\" content=\"2019-10-04T10:00:59+00:00\" \/>\n<meta property=\"article:modified_time\" content=\"2019-10-04T10:37:07+00:00\" \/>\n<meta property=\"og:image\" content=\"https:\/\/noticiasemdestaque.com\/cd\/wp-content\/uploads\/2019\/10\/72115862_1688344341299089_9106131373978025984_n.jpg\" \/>\n\t<meta property=\"og:image:width\" content=\"960\" \/>\n\t<meta property=\"og:image:height\" content=\"540\" \/>\n\t<meta property=\"og:image:type\" content=\"image\/jpeg\" \/>\n<meta name=\"author\" content=\"Not\u00edcias em Destaque\" \/>\n<meta name=\"twitter:card\" content=\"summary_large_image\" \/>\n<meta name=\"twitter:label1\" content=\"Escrito por\" \/>\n\t<meta name=\"twitter:data1\" content=\"Not\u00edcias em Destaque\" \/>\n\t<meta name=\"twitter:label2\" content=\"Est. tempo de leitura\" \/>\n\t<meta name=\"twitter:data2\" content=\"1 minuto\" \/>\n<script type=\"application\/ld+json\" class=\"yoast-schema-graph\">{\"@context\":\"https:\/\/schema.org\",\"@graph\":[{\"@type\":\"Article\",\"@id\":\"https:\/\/noticiasemdestaque.com\/cd\/?p=20049#article\",\"isPartOf\":{\"@id\":\"https:\/\/noticiasemdestaque.com\/cd\/?p=20049\"},\"author\":{\"name\":\"Not\u00edcias em Destaque\",\"@id\":\"https:\/\/noticiasemdestaque.com\/cd\/#\/schema\/person\/3e6ba396ff5664a69c392f09a8e1504c\"},\"headline\":\"Sum\u00e9: Escola Municipal Padre Paulo Roberto de Oliveira realiza a &#8220;I Mostra do Ensino Integral&#8221;\",\"datePublished\":\"2019-10-04T10:00:59+00:00\",\"dateModified\":\"2019-10-04T10:37:07+00:00\",\"mainEntityOfPage\":{\"@id\":\"https:\/\/noticiasemdestaque.com\/cd\/?p=20049\"},\"wordCount\":228,\"publisher\":{\"@id\":\"https:\/\/noticiasemdestaque.com\/cd\/#organization\"},\"image\":{\"@id\":\"https:\/\/noticiasemdestaque.com\/cd\/?p=20049#primaryimage\"},\"thumbnailUrl\":\"https:\/\/noticiasemdestaque.com\/cd\/wp-content\/uploads\/2019\/10\/72115862_1688344341299089_9106131373978025984_n.jpg\",\"articleSection\":[\"Educa\u00e7\u00e3o\"],\"inLanguage\":\"pt-BR\"},{\"@type\":\"WebPage\",\"@id\":\"https:\/\/noticiasemdestaque.com\/cd\/?p=20049\",\"url\":\"https:\/\/noticiasemdestaque.com\/cd\/?p=20049\",\"name\":\"Sum\u00e9: Escola Municipal Padre Paulo Roberto de Oliveira realiza a \\\"I Mostra do Ensino Integral\\\" - Not&iacute;cias em Destaque\",\"isPartOf\":{\"@id\":\"https:\/\/noticiasemdestaque.com\/cd\/#website\"},\"primaryImageOfPage\":{\"@id\":\"https:\/\/noticiasemdestaque.com\/cd\/?p=20049#primaryimage\"},\"image\":{\"@id\":\"https:\/\/noticiasemdestaque.com\/cd\/?p=20049#primaryimage\"},\"thumbnailUrl\":\"https:\/\/noticiasemdestaque.com\/cd\/wp-content\/uploads\/2019\/10\/72115862_1688344341299089_9106131373978025984_n.jpg\",\"datePublished\":\"2019-10-04T10:00:59+00:00\",\"dateModified\":\"2019-10-04T10:37:07+00:00\",\"breadcrumb\":{\"@id\":\"https:\/\/noticiasemdestaque.com\/cd\/?p=20049#breadcrumb\"},\"inLanguage\":\"pt-BR\",\"potentialAction\":[{\"@type\":\"ReadAction\",\"target\":[\"https:\/\/noticiasemdestaque.com\/cd\/?p=20049\"]}]},{\"@type\":\"ImageObject\",\"inLanguage\":\"pt-BR\",\"@id\":\"https:\/\/noticiasemdestaque.com\/cd\/?p=20049#primaryimage\",\"url\":\"https:\/\/noticiasemdestaque.com\/cd\/wp-content\/uploads\/2019\/10\/72115862_1688344341299089_9106131373978025984_n.jpg\",\"contentUrl\":\"https:\/\/noticiasemdestaque.com\/cd\/wp-content\/uploads\/2019\/10\/72115862_1688344341299089_9106131373978025984_n.jpg\",\"width\":960,\"height\":540},{\"@type\":\"BreadcrumbList\",\"@id\":\"https:\/\/noticiasemdestaque.com\/cd\/?p=20049#breadcrumb\",\"itemListElement\":[{\"@type\":\"ListItem\",\"position\":1,\"name\":\"In\u00edcio\",\"item\":\"https:\/\/noticiasemdestaque.com\/cd\/\"},{\"@type\":\"ListItem\",\"position\":2,\"name\":\"Sum\u00e9: Escola Municipal Padre Paulo Roberto de Oliveira realiza a &#8220;I Mostra do Ensino Integral&#8221;\"}]},{\"@type\":\"WebSite\",\"@id\":\"https:\/\/noticiasemdestaque.com\/cd\/#website\",\"url\":\"https:\/\/noticiasemdestaque.com\/cd\/\",\"name\":\"Not&iacute;cias em Destaque\",\"description\":\"\",\"publisher\":{\"@id\":\"https:\/\/noticiasemdestaque.com\/cd\/#organization\"},\"potentialAction\":[{\"@type\":\"SearchAction\",\"target\":{\"@type\":\"EntryPoint\",\"urlTemplate\":\"https:\/\/noticiasemdestaque.com\/cd\/?s={search_term_string}\"},\"query-input\":{\"@type\":\"PropertyValueSpecification\",\"valueRequired\":true,\"valueName\":\"search_term_string\"}}],\"inLanguage\":\"pt-BR\"},{\"@type\":\"Organization\",\"@id\":\"https:\/\/noticiasemdestaque.com\/cd\/#organization\",\"name\":\"Not\u00edcias em Destaque\",\"url\":\"https:\/\/noticiasemdestaque.com\/cd\/\",\"logo\":{\"@type\":\"ImageObject\",\"inLanguage\":\"pt-BR\",\"@id\":\"https:\/\/noticiasemdestaque.com\/cd\/#\/schema\/logo\/image\/\",\"url\":\"https:\/\/noticiasemdestaque.com\/cd\/wp-content\/uploads\/2022\/05\/imagem-base-noticiasemdestaque.png\",\"contentUrl\":\"https:\/\/noticiasemdestaque.com\/cd\/wp-content\/uploads\/2022\/05\/imagem-base-noticiasemdestaque.png\",\"width\":1200,\"height\":630,\"caption\":\"Not\u00edcias em Destaque\"},\"image\":{\"@id\":\"https:\/\/noticiasemdestaque.com\/cd\/#\/schema\/logo\/image\/\"}},{\"@type\":\"Person\",\"@id\":\"https:\/\/noticiasemdestaque.com\/cd\/#\/schema\/person\/3e6ba396ff5664a69c392f09a8e1504c\",\"name\":\"Not\u00edcias em Destaque\",\"url\":\"https:\/\/noticiasemdestaque.com\/cd\/?author=2\"}]}<\/script>\n<!-- \/ Yoast SEO plugin. -->","yoast_head_json":{"title":"Sum\u00e9: Escola Municipal Padre Paulo Roberto de Oliveira realiza a \"I Mostra do Ensino Integral\" - Not&iacute;cias em Destaque","robots":{"index":"index","follow":"follow","max-snippet":"max-snippet:-1","max-image-preview":"max-image-preview:large","max-video-preview":"max-video-preview:-1"},"canonical":"https:\/\/noticiasemdestaque.com\/cd\/?p=20049","og_locale":"pt_BR","og_type":"article","og_title":"Sum\u00e9: Escola Municipal Padre Paulo Roberto de Oliveira realiza a \"I Mostra do Ensino Integral\" - Not&iacute;cias em Destaque","og_description":"O evento foi realizado nesta ter\u00e7a-feira (01), na oportunidade, os alunos mostraram como funciona o Sistema de Ensino Integral para as turmas de 5\u00ba ano de todas as escolas da Rede, com o intuito de intensificar a import\u00e2ncia do ensino na vida dos Educandos. A programa\u00e7\u00e3o foi iniciada com a acolhida aos alunos visitantes, que puderam visitar os estandes, que trabalhavam os seguintes temas. 1\u00ba Estande: Cordel professor respons\u00e1vel L\u00edvio Rodrigues; 2\u00ba Estande: Projeto de vida professora respons\u00e1vel Rosimere; 3\u00ba Estande: Exposi\u00e7\u00f5es das eletivas, professora respons\u00e1vel Joelma; 4\u00ba Estande: Inicia\u00e7\u00e3o cient\u00edfica professora respons\u00e1vel Fabiana; 5\u00ba Estande: Letramento portugu\u00eas e letramento matem\u00e1tico professores respons\u00e1veis Mayara, Nilson, Fabiana e Rosimere com aux\u00edlio dos monitores do mais educa\u00e7\u00e3o Amanda, Maria Luiza; 6\u00ba Estande: Estudo orientado professor respons\u00e1vel Jorge; 7\u00ba Estande: Avalia\u00e7\u00e3o semanal professor respons\u00e1vel Nilson; 8\u00ba Estande: Exposi\u00e7\u00f5es fotogr\u00e1ficas professor respons\u00e1vel Carlos Magno; 9\u00ba Estande: Jud\u00f4 professor respons\u00e1vel Augusto; 10\u00ba Estande: M\u00fasica professor respons\u00e1vel Ant\u00f4nio Lino com aux\u00edlio do monitor do mais educa\u00e7\u00e3o Rodolfo; 11\u00baEstande: Teatro professor respons\u00e1vel Zito; 12\u00ba Estande: Educa\u00e7\u00e3o f\u00edsica professor respons\u00e1vel Davi com aux\u00edlio dos monitores Pamela e Ronivaldo. CONFIRA AS FOTOS: https:\/\/m.facebook.com\/story.php?story_fbid=1688345721298951&#038;id=1051584748308388","og_url":"https:\/\/noticiasemdestaque.com\/cd\/?p=20049","og_site_name":"Not&iacute;cias em Destaque","article_published_time":"2019-10-04T10:00:59+00:00","article_modified_time":"2019-10-04T10:37:07+00:00","og_image":[{"width":960,"height":540,"url":"https:\/\/noticiasemdestaque.com\/cd\/wp-content\/uploads\/2019\/10\/72115862_1688344341299089_9106131373978025984_n.jpg","type":"image\/jpeg"}],"author":"Not\u00edcias em Destaque","twitter_card":"summary_large_image","twitter_misc":{"Escrito por":"Not\u00edcias em Destaque","Est. tempo de leitura":"1 minuto"},"schema":{"@context":"https:\/\/schema.org","@graph":[{"@type":"Article","@id":"https:\/\/noticiasemdestaque.com\/cd\/?p=20049#article","isPartOf":{"@id":"https:\/\/noticiasemdestaque.com\/cd\/?p=20049"},"author":{"name":"Not\u00edcias em Destaque","@id":"https:\/\/noticiasemdestaque.com\/cd\/#\/schema\/person\/3e6ba396ff5664a69c392f09a8e1504c"},"headline":"Sum\u00e9: Escola Municipal Padre Paulo Roberto de Oliveira realiza a &#8220;I Mostra do Ensino Integral&#8221;","datePublished":"2019-10-04T10:00:59+00:00","dateModified":"2019-10-04T10:37:07+00:00","mainEntityOfPage":{"@id":"https:\/\/noticiasemdestaque.com\/cd\/?p=20049"},"wordCount":228,"publisher":{"@id":"https:\/\/noticiasemdestaque.com\/cd\/#organization"},"image":{"@id":"https:\/\/noticiasemdestaque.com\/cd\/?p=20049#primaryimage"},"thumbnailUrl":"https:\/\/noticiasemdestaque.com\/cd\/wp-content\/uploads\/2019\/10\/72115862_1688344341299089_9106131373978025984_n.jpg","articleSection":["Educa\u00e7\u00e3o"],"inLanguage":"pt-BR"},{"@type":"WebPage","@id":"https:\/\/noticiasemdestaque.com\/cd\/?p=20049","url":"https:\/\/noticiasemdestaque.com\/cd\/?p=20049","name":"Sum\u00e9: Escola Municipal Padre Paulo Roberto de Oliveira realiza a \"I Mostra do Ensino Integral\" - Not&iacute;cias em Destaque","isPartOf":{"@id":"https:\/\/noticiasemdestaque.com\/cd\/#website"},"primaryImageOfPage":{"@id":"https:\/\/noticiasemdestaque.com\/cd\/?p=20049#primaryimage"},"image":{"@id":"https:\/\/noticiasemdestaque.com\/cd\/?p=20049#primaryimage"},"thumbnailUrl":"https:\/\/noticiasemdestaque.com\/cd\/wp-content\/uploads\/2019\/10\/72115862_1688344341299089_9106131373978025984_n.jpg","datePublished":"2019-10-04T10:00:59+00:00","dateModified":"2019-10-04T10:37:07+00:00","breadcrumb":{"@id":"https:\/\/noticiasemdestaque.com\/cd\/?p=20049#breadcrumb"},"inLanguage":"pt-BR","potentialAction":[{"@type":"ReadAction","target":["https:\/\/noticiasemdestaque.com\/cd\/?p=20049"]}]},{"@type":"ImageObject","inLanguage":"pt-BR","@id":"https:\/\/noticiasemdestaque.com\/cd\/?p=20049#primaryimage","url":"https:\/\/noticiasemdestaque.com\/cd\/wp-content\/uploads\/2019\/10\/72115862_1688344341299089_9106131373978025984_n.jpg","contentUrl":"https:\/\/noticiasemdestaque.com\/cd\/wp-content\/uploads\/2019\/10\/72115862_1688344341299089_9106131373978025984_n.jpg","width":960,"height":540},{"@type":"BreadcrumbList","@id":"https:\/\/noticiasemdestaque.com\/cd\/?p=20049#breadcrumb","itemListElement":[{"@type":"ListItem","position":1,"name":"In\u00edcio","item":"https:\/\/noticiasemdestaque.com\/cd\/"},{"@type":"ListItem","position":2,"name":"Sum\u00e9: Escola Municipal Padre Paulo Roberto de Oliveira realiza a &#8220;I Mostra do Ensino Integral&#8221;"}]},{"@type":"WebSite","@id":"https:\/\/noticiasemdestaque.com\/cd\/#website","url":"https:\/\/noticiasemdestaque.com\/cd\/","name":"Not&iacute;cias em Destaque","description":"","publisher":{"@id":"https:\/\/noticiasemdestaque.com\/cd\/#organization"},"potentialAction":[{"@type":"SearchAction","target":{"@type":"EntryPoint","urlTemplate":"https:\/\/noticiasemdestaque.com\/cd\/?s={search_term_string}"},"query-input":{"@type":"PropertyValueSpecification","valueRequired":true,"valueName":"search_term_string"}}],"inLanguage":"pt-BR"},{"@type":"Organization","@id":"https:\/\/noticiasemdestaque.com\/cd\/#organization","name":"Not\u00edcias em Destaque","url":"https:\/\/noticiasemdestaque.com\/cd\/","logo":{"@type":"ImageObject","inLanguage":"pt-BR","@id":"https:\/\/noticiasemdestaque.com\/cd\/#\/schema\/logo\/image\/","url":"https:\/\/noticiasemdestaque.com\/cd\/wp-content\/uploads\/2022\/05\/imagem-base-noticiasemdestaque.png","contentUrl":"https:\/\/noticiasemdestaque.com\/cd\/wp-content\/uploads\/2022\/05\/imagem-base-noticiasemdestaque.png","width":1200,"height":630,"caption":"Not\u00edcias em Destaque"},"image":{"@id":"https:\/\/noticiasemdestaque.com\/cd\/#\/schema\/logo\/image\/"}},{"@type":"Person","@id":"https:\/\/noticiasemdestaque.com\/cd\/#\/schema\/person\/3e6ba396ff5664a69c392f09a8e1504c","name":"Not\u00edcias em Destaque","url":"https:\/\/noticiasemdestaque.com\/cd\/?author=2"}]}},"jetpack_featured_media_url":"https:\/\/noticiasemdestaque.com\/cd\/wp-content\/uploads\/2019\/10\/72115862_1688344341299089_9106131373978025984_n.jpg","jetpack_sharing_enabled":true,"_links":{"self":[{"href":"https:\/\/noticiasemdestaque.com\/cd\/index.php?rest_route=\/wp\/v2\/posts\/20049","targetHints":{"allow":["GET"]}}],"collection":[{"href":"https:\/\/noticiasemdestaque.com\/cd\/index.php?rest_route=\/wp\/v2\/posts"}],"about":[{"href":"https:\/\/noticiasemdestaque.com\/cd\/index.php?rest_route=\/wp\/v2\/types\/post"}],"author":[{"embeddable":true,"href":"https:\/\/noticiasemdestaque.com\/cd\/index.php?rest_route=\/wp\/v2\/users\/2"}],"replies":[{"embeddable":true,"href":"https:\/\/noticiasemdestaque.com\/cd\/index.php?rest_route=%2Fwp%2Fv2%2Fcomments&post=20049"}],"version-history":[{"count":2,"href":"https:\/\/noticiasemdestaque.com\/cd\/index.php?rest_route=\/wp\/v2\/posts\/20049\/revisions"}],"predecessor-version":[{"id":20052,"href":"https:\/\/noticiasemdestaque.com\/cd\/index.php?rest_route=\/wp\/v2\/posts\/20049\/revisions\/20052"}],"wp:featuredmedia":[{"embeddable":true,"href":"https:\/\/noticiasemdestaque.com\/cd\/index.php?rest_route=\/wp\/v2\/media\/20050"}],"wp:attachment":[{"href":"https:\/\/noticiasemdestaque.com\/cd\/index.php?rest_route=%2Fwp%2Fv2%2Fmedia&parent=20049"}],"wp:term":[{"taxonomy":"category","embeddable":true,"href":"https:\/\/noticiasemdestaque.com\/cd\/index.php?rest_route=%2Fwp%2Fv2%2Fcategories&post=20049"},{"taxonomy":"post_tag","embeddable":true,"href":"https:\/\/noticiasemdestaque.com\/cd\/index.php?rest_route=%2Fwp%2Fv2%2Ftags&post=20049"}],"curies":[{"name":"wp","href":"https:\/\/api.w.org\/{rel}","templated":true}]}}