{"id":20041,"date":"2019-10-03T21:06:47","date_gmt":"2019-10-04T00:06:47","guid":{"rendered":"http:\/\/noticiasemdestaque.com\/cd\/?p=20041"},"modified":"2019-10-03T21:15:29","modified_gmt":"2019-10-04T00:15:29","slug":"prefeito-eden-assina-ordem-de-servico-da-obra-de-esgotamento-sanitario-do-municipio-de-sume-%f0%9f%9a%a7%e2%9b%8f-o-prefeito-eden-duarte-assinou-nesta-quinta-feira-03-10-a-ordem-de-servico-da-obra","status":"publish","type":"post","link":"https:\/\/noticiasemdestaque.com\/cd\/?p=20041","title":{"rendered":"Prefeito \u00c9den assina ordem de servi\u00e7o da obra de esgotamento sanit\u00e1rio do munic\u00edpio de Sum\u00e9"},"content":{"rendered":"<p><a href=\"https:\/\/noticiasemdestaque.com\/cd\/wp-content\/uploads\/2019\/10\/IMG-20191003-WA0020.jpg\"><img fetchpriority=\"high\" decoding=\"async\" class=\"wp-image-20043 aligncenter\" src=\"https:\/\/noticiasemdestaque.com\/cd\/wp-content\/uploads\/2019\/10\/IMG-20191003-WA0020-1024x682.jpg\" alt=\"\" width=\"527\" height=\"351\" srcset=\"https:\/\/noticiasemdestaque.com\/cd\/wp-content\/uploads\/2019\/10\/IMG-20191003-WA0020-1024x682.jpg 1024w, https:\/\/noticiasemdestaque.com\/cd\/wp-content\/uploads\/2019\/10\/IMG-20191003-WA0020-300x200.jpg 300w, https:\/\/noticiasemdestaque.com\/cd\/wp-content\/uploads\/2019\/10\/IMG-20191003-WA0020-768x512.jpg 768w, https:\/\/noticiasemdestaque.com\/cd\/wp-content\/uploads\/2019\/10\/IMG-20191003-WA0020-480x320.jpg 480w, https:\/\/noticiasemdestaque.com\/cd\/wp-content\/uploads\/2019\/10\/IMG-20191003-WA0020.jpg 1280w\" sizes=\"(max-width: 527px) 100vw, 527px\" \/><\/a><\/p>\n<p>O prefeito \u00c9den Duarte assinou nesta quinta-feira (03\/10), a ordem de servi\u00e7o da obra de esgotamento sanit\u00e1rio do munic\u00edpio de Sum\u00e9.<\/p>\n<p>A assinatura aconteceu no gabinete do prefeito e contou com a presen\u00e7a do l\u00edder do governo na C\u00e2mara, vereador Ant\u00f4nio Carlos Sarmento e tamb\u00e9m t\u00e9cnicos da Prefeitura.<\/p>\n<p>Esta ser\u00e1 a segunda etapa da obra de esgotamento sanit\u00e1rio, executada em conv\u00eanio com a Funasa. Est\u00e1 or\u00e7ada no valor de quase R$ 3 milh\u00f5es, parte dos recursos j\u00e1 est\u00e3o em conta.<\/p>\n<p>Inicialmente os servi\u00e7os ser\u00e3o executados na Avenida Primeiro de Abril e na esta\u00e7\u00e3o elevat\u00f3ria para que alguns trechos da primeira etapa da obra possam ter funcionalidade plena. Ap\u00f3s esse servi\u00e7o, a obra ser\u00e1 realizada no bairro do Alto Alegre.<\/p>\n<p><a href=\"https:\/\/noticiasemdestaque.com\/cd\/wp-content\/uploads\/2019\/10\/cdc37daa-5148-41a6-acf4-1f30d3729a32.jpg\"><img decoding=\"async\" class=\"wp-image-20042 aligncenter\" src=\"https:\/\/noticiasemdestaque.com\/cd\/wp-content\/uploads\/2019\/10\/cdc37daa-5148-41a6-acf4-1f30d3729a32-1024x935.jpg\" alt=\"\" width=\"326\" height=\"298\" srcset=\"https:\/\/noticiasemdestaque.com\/cd\/wp-content\/uploads\/2019\/10\/cdc37daa-5148-41a6-acf4-1f30d3729a32-1024x935.jpg 1024w, https:\/\/noticiasemdestaque.com\/cd\/wp-content\/uploads\/2019\/10\/cdc37daa-5148-41a6-acf4-1f30d3729a32-300x274.jpg 300w, https:\/\/noticiasemdestaque.com\/cd\/wp-content\/uploads\/2019\/10\/cdc37daa-5148-41a6-acf4-1f30d3729a32-768x701.jpg 768w, https:\/\/noticiasemdestaque.com\/cd\/wp-content\/uploads\/2019\/10\/cdc37daa-5148-41a6-acf4-1f30d3729a32.jpg 1280w\" sizes=\"(max-width: 326px) 100vw, 326px\" \/><\/a><\/p>\n<p>\u201c\u00c9 uma obra dif\u00edcil de fazer, porque tem que interditar ruas, cavar buracos, fazer sinaliza\u00e7\u00e3o, mas que traz resultados positivos em termos de sa\u00fade e ainda vai gerar empregos para a popula\u00e7\u00e3o\u201d, avaliou o prefeito.A Prefeitura firmou um termo de coopera\u00e7\u00e3o com a Cagepa para auxiliar na fiscaliza\u00e7\u00e3o da obra, juntamente com a Secretaria de Obras.<\/p>\n<p>Na mesma solenidade, o prefeito \u00c9den declarou que a Funasa tem sido uma grande parceira da Prefeitura de Sum\u00e9. Ele agradeceu todo o empenho do senador Veneziano Vital e da superintendente da Funasa na Para\u00edba, Virg\u00ednia Peixoto, para que fosse revisto o cancelamento de um conv\u00eanio no valor de R$ 400 mil, para investimento em abastecimento d\u2019\u00e1gua nas comunidades de Santo Agostinho, Jaguaribe, 5 Vacas e Assentamento Cigana.<\/p>\n<p>Ascom\/PMS<\/p>\n<p>&nbsp;<\/p>\n","protected":false},"excerpt":{"rendered":"<p>O prefeito \u00c9den Duarte assinou nesta quinta-feira (03\/10), a ordem de servi\u00e7o da obra de esgotamento sanit\u00e1rio do munic\u00edpio de Sum\u00e9. A assinatura aconteceu no gabinete do prefeito e contou com a presen\u00e7a do l\u00edder do governo na C\u00e2mara, vereador Ant\u00f4nio Carlos Sarmento e tamb\u00e9m t\u00e9cnicos da Prefeitura. Esta ser\u00e1 a segunda etapa da obra de esgotamento sanit\u00e1rio, executada em conv\u00eanio com a Funasa. Est\u00e1 or\u00e7ada no valor de quase R$ 3 milh\u00f5es, parte dos recursos j\u00e1 est\u00e3o em conta. Inicialmente os servi\u00e7os ser\u00e3o executados na Avenida Primeiro de Abril e na esta\u00e7\u00e3o elevat\u00f3ria para que alguns trechos da primeira etapa da obra possam ter funcionalidade plena. Ap\u00f3s esse servi\u00e7o, a obra ser\u00e1 realizada no bairro do Alto Alegre. \u201c\u00c9 uma obra dif\u00edcil de fazer, porque tem que interditar ruas, cavar buracos, fazer sinaliza\u00e7\u00e3o, mas que traz resultados positivos em termos de sa\u00fade e ainda vai gerar empregos para a popula\u00e7\u00e3o\u201d, avaliou o prefeito.A Prefeitura firmou um termo de coopera\u00e7\u00e3o com a Cagepa para auxiliar na fiscaliza\u00e7\u00e3o da obra, juntamente com a Secretaria de Obras. Na mesma solenidade, o prefeito \u00c9den declarou que a Funasa tem sido uma grande parceira da Prefeitura de Sum\u00e9. Ele agradeceu todo o empenho do senador Veneziano Vital e da superintendente da Funasa na Para\u00edba, Virg\u00ednia Peixoto, para que fosse revisto o cancelamento de um conv\u00eanio no valor de R$ 400 mil, para investimento em abastecimento d\u2019\u00e1gua nas comunidades de Santo Agostinho, Jaguaribe, 5 Vacas e Assentamento Cigana. Ascom\/PMS &nbsp;<\/p>\n","protected":false},"author":2,"featured_media":20043,"comment_status":"closed","ping_status":"open","sticky":false,"template":"","format":"standard","meta":{"_eb_attr":"","_jetpack_memberships_contains_paid_content":false,"footnotes":""},"categories":[4],"tags":[],"class_list":["post-20041","post","type-post","status-publish","format-standard","has-post-thumbnail","hentry","category-politica"],"yoast_head":"<!-- This site is optimized with the Yoast SEO plugin v26.5 - https:\/\/yoast.com\/wordpress\/plugins\/seo\/ -->\n<title>Prefeito \u00c9den assina ordem de servi\u00e7o da obra de esgotamento sanit\u00e1rio do munic\u00edpio de Sum\u00e9 - Not&iacute;cias em Destaque<\/title>\n<meta name=\"robots\" content=\"index, follow, max-snippet:-1, max-image-preview:large, max-video-preview:-1\" \/>\n<link rel=\"canonical\" href=\"https:\/\/noticiasemdestaque.com\/cd\/?p=20041\" \/>\n<meta property=\"og:locale\" content=\"pt_BR\" \/>\n<meta property=\"og:type\" content=\"article\" \/>\n<meta property=\"og:title\" content=\"Prefeito \u00c9den assina ordem de servi\u00e7o da obra de esgotamento sanit\u00e1rio do munic\u00edpio de Sum\u00e9 - Not&iacute;cias em Destaque\" \/>\n<meta property=\"og:description\" content=\"O prefeito \u00c9den Duarte assinou nesta quinta-feira (03\/10), a ordem de servi\u00e7o da obra de esgotamento sanit\u00e1rio do munic\u00edpio de Sum\u00e9. A assinatura aconteceu no gabinete do prefeito e contou com a presen\u00e7a do l\u00edder do governo na C\u00e2mara, vereador Ant\u00f4nio Carlos Sarmento e tamb\u00e9m t\u00e9cnicos da Prefeitura. Esta ser\u00e1 a segunda etapa da obra de esgotamento sanit\u00e1rio, executada em conv\u00eanio com a Funasa. Est\u00e1 or\u00e7ada no valor de quase R$ 3 milh\u00f5es, parte dos recursos j\u00e1 est\u00e3o em conta. Inicialmente os servi\u00e7os ser\u00e3o executados na Avenida Primeiro de Abril e na esta\u00e7\u00e3o elevat\u00f3ria para que alguns trechos da primeira etapa da obra possam ter funcionalidade plena. Ap\u00f3s esse servi\u00e7o, a obra ser\u00e1 realizada no bairro do Alto Alegre. \u201c\u00c9 uma obra dif\u00edcil de fazer, porque tem que interditar ruas, cavar buracos, fazer sinaliza\u00e7\u00e3o, mas que traz resultados positivos em termos de sa\u00fade e ainda vai gerar empregos para a popula\u00e7\u00e3o\u201d, avaliou o prefeito.A Prefeitura firmou um termo de coopera\u00e7\u00e3o com a Cagepa para auxiliar na fiscaliza\u00e7\u00e3o da obra, juntamente com a Secretaria de Obras. Na mesma solenidade, o prefeito \u00c9den declarou que a Funasa tem sido uma grande parceira da Prefeitura de Sum\u00e9. Ele agradeceu todo o empenho do senador Veneziano Vital e da superintendente da Funasa na Para\u00edba, Virg\u00ednia Peixoto, para que fosse revisto o cancelamento de um conv\u00eanio no valor de R$ 400 mil, para investimento em abastecimento d\u2019\u00e1gua nas comunidades de Santo Agostinho, Jaguaribe, 5 Vacas e Assentamento Cigana. Ascom\/PMS &nbsp;\" \/>\n<meta property=\"og:url\" content=\"https:\/\/noticiasemdestaque.com\/cd\/?p=20041\" \/>\n<meta property=\"og:site_name\" content=\"Not&iacute;cias em Destaque\" \/>\n<meta property=\"article:published_time\" content=\"2019-10-04T00:06:47+00:00\" \/>\n<meta property=\"article:modified_time\" content=\"2019-10-04T00:15:29+00:00\" \/>\n<meta property=\"og:image\" content=\"https:\/\/noticiasemdestaque.com\/cd\/wp-content\/uploads\/2019\/10\/IMG-20191003-WA0020.jpg\" \/>\n\t<meta property=\"og:image:width\" content=\"1280\" \/>\n\t<meta property=\"og:image:height\" content=\"853\" \/>\n\t<meta property=\"og:image:type\" content=\"image\/jpeg\" \/>\n<meta name=\"author\" content=\"Not\u00edcias em Destaque\" \/>\n<meta name=\"twitter:card\" content=\"summary_large_image\" \/>\n<meta name=\"twitter:label1\" content=\"Escrito por\" \/>\n\t<meta name=\"twitter:data1\" content=\"Not\u00edcias em Destaque\" \/>\n\t<meta name=\"twitter:label2\" content=\"Est. tempo de leitura\" \/>\n\t<meta name=\"twitter:data2\" content=\"1 minuto\" \/>\n<script type=\"application\/ld+json\" class=\"yoast-schema-graph\">{\"@context\":\"https:\/\/schema.org\",\"@graph\":[{\"@type\":\"Article\",\"@id\":\"https:\/\/noticiasemdestaque.com\/cd\/?p=20041#article\",\"isPartOf\":{\"@id\":\"https:\/\/noticiasemdestaque.com\/cd\/?p=20041\"},\"author\":{\"name\":\"Not\u00edcias em Destaque\",\"@id\":\"https:\/\/noticiasemdestaque.com\/cd\/#\/schema\/person\/3e6ba396ff5664a69c392f09a8e1504c\"},\"headline\":\"Prefeito \u00c9den assina ordem de servi\u00e7o da obra de esgotamento sanit\u00e1rio do munic\u00edpio de Sum\u00e9\",\"datePublished\":\"2019-10-04T00:06:47+00:00\",\"dateModified\":\"2019-10-04T00:15:29+00:00\",\"mainEntityOfPage\":{\"@id\":\"https:\/\/noticiasemdestaque.com\/cd\/?p=20041\"},\"wordCount\":290,\"publisher\":{\"@id\":\"https:\/\/noticiasemdestaque.com\/cd\/#organization\"},\"image\":{\"@id\":\"https:\/\/noticiasemdestaque.com\/cd\/?p=20041#primaryimage\"},\"thumbnailUrl\":\"https:\/\/noticiasemdestaque.com\/cd\/wp-content\/uploads\/2019\/10\/IMG-20191003-WA0020.jpg\",\"articleSection\":[\"Pol\u00edtica\"],\"inLanguage\":\"pt-BR\"},{\"@type\":\"WebPage\",\"@id\":\"https:\/\/noticiasemdestaque.com\/cd\/?p=20041\",\"url\":\"https:\/\/noticiasemdestaque.com\/cd\/?p=20041\",\"name\":\"Prefeito \u00c9den assina ordem de servi\u00e7o da obra de esgotamento sanit\u00e1rio do munic\u00edpio de Sum\u00e9 - Not&iacute;cias em Destaque\",\"isPartOf\":{\"@id\":\"https:\/\/noticiasemdestaque.com\/cd\/#website\"},\"primaryImageOfPage\":{\"@id\":\"https:\/\/noticiasemdestaque.com\/cd\/?p=20041#primaryimage\"},\"image\":{\"@id\":\"https:\/\/noticiasemdestaque.com\/cd\/?p=20041#primaryimage\"},\"thumbnailUrl\":\"https:\/\/noticiasemdestaque.com\/cd\/wp-content\/uploads\/2019\/10\/IMG-20191003-WA0020.jpg\",\"datePublished\":\"2019-10-04T00:06:47+00:00\",\"dateModified\":\"2019-10-04T00:15:29+00:00\",\"breadcrumb\":{\"@id\":\"https:\/\/noticiasemdestaque.com\/cd\/?p=20041#breadcrumb\"},\"inLanguage\":\"pt-BR\",\"potentialAction\":[{\"@type\":\"ReadAction\",\"target\":[\"https:\/\/noticiasemdestaque.com\/cd\/?p=20041\"]}]},{\"@type\":\"ImageObject\",\"inLanguage\":\"pt-BR\",\"@id\":\"https:\/\/noticiasemdestaque.com\/cd\/?p=20041#primaryimage\",\"url\":\"https:\/\/noticiasemdestaque.com\/cd\/wp-content\/uploads\/2019\/10\/IMG-20191003-WA0020.jpg\",\"contentUrl\":\"https:\/\/noticiasemdestaque.com\/cd\/wp-content\/uploads\/2019\/10\/IMG-20191003-WA0020.jpg\",\"width\":1280,\"height\":853},{\"@type\":\"BreadcrumbList\",\"@id\":\"https:\/\/noticiasemdestaque.com\/cd\/?p=20041#breadcrumb\",\"itemListElement\":[{\"@type\":\"ListItem\",\"position\":1,\"name\":\"In\u00edcio\",\"item\":\"https:\/\/noticiasemdestaque.com\/cd\/\"},{\"@type\":\"ListItem\",\"position\":2,\"name\":\"Prefeito \u00c9den assina ordem de servi\u00e7o da obra de esgotamento sanit\u00e1rio do munic\u00edpio de Sum\u00e9\"}]},{\"@type\":\"WebSite\",\"@id\":\"https:\/\/noticiasemdestaque.com\/cd\/#website\",\"url\":\"https:\/\/noticiasemdestaque.com\/cd\/\",\"name\":\"Not&iacute;cias em Destaque\",\"description\":\"\",\"publisher\":{\"@id\":\"https:\/\/noticiasemdestaque.com\/cd\/#organization\"},\"potentialAction\":[{\"@type\":\"SearchAction\",\"target\":{\"@type\":\"EntryPoint\",\"urlTemplate\":\"https:\/\/noticiasemdestaque.com\/cd\/?s={search_term_string}\"},\"query-input\":{\"@type\":\"PropertyValueSpecification\",\"valueRequired\":true,\"valueName\":\"search_term_string\"}}],\"inLanguage\":\"pt-BR\"},{\"@type\":\"Organization\",\"@id\":\"https:\/\/noticiasemdestaque.com\/cd\/#organization\",\"name\":\"Not\u00edcias em Destaque\",\"url\":\"https:\/\/noticiasemdestaque.com\/cd\/\",\"logo\":{\"@type\":\"ImageObject\",\"inLanguage\":\"pt-BR\",\"@id\":\"https:\/\/noticiasemdestaque.com\/cd\/#\/schema\/logo\/image\/\",\"url\":\"https:\/\/noticiasemdestaque.com\/cd\/wp-content\/uploads\/2022\/05\/imagem-base-noticiasemdestaque.png\",\"contentUrl\":\"https:\/\/noticiasemdestaque.com\/cd\/wp-content\/uploads\/2022\/05\/imagem-base-noticiasemdestaque.png\",\"width\":1200,\"height\":630,\"caption\":\"Not\u00edcias em Destaque\"},\"image\":{\"@id\":\"https:\/\/noticiasemdestaque.com\/cd\/#\/schema\/logo\/image\/\"}},{\"@type\":\"Person\",\"@id\":\"https:\/\/noticiasemdestaque.com\/cd\/#\/schema\/person\/3e6ba396ff5664a69c392f09a8e1504c\",\"name\":\"Not\u00edcias em Destaque\",\"url\":\"https:\/\/noticiasemdestaque.com\/cd\/?author=2\"}]}<\/script>\n<!-- \/ Yoast SEO plugin. -->","yoast_head_json":{"title":"Prefeito \u00c9den assina ordem de servi\u00e7o da obra de esgotamento sanit\u00e1rio do munic\u00edpio de Sum\u00e9 - Not&iacute;cias em Destaque","robots":{"index":"index","follow":"follow","max-snippet":"max-snippet:-1","max-image-preview":"max-image-preview:large","max-video-preview":"max-video-preview:-1"},"canonical":"https:\/\/noticiasemdestaque.com\/cd\/?p=20041","og_locale":"pt_BR","og_type":"article","og_title":"Prefeito \u00c9den assina ordem de servi\u00e7o da obra de esgotamento sanit\u00e1rio do munic\u00edpio de Sum\u00e9 - Not&iacute;cias em Destaque","og_description":"O prefeito \u00c9den Duarte assinou nesta quinta-feira (03\/10), a ordem de servi\u00e7o da obra de esgotamento sanit\u00e1rio do munic\u00edpio de Sum\u00e9. A assinatura aconteceu no gabinete do prefeito e contou com a presen\u00e7a do l\u00edder do governo na C\u00e2mara, vereador Ant\u00f4nio Carlos Sarmento e tamb\u00e9m t\u00e9cnicos da Prefeitura. Esta ser\u00e1 a segunda etapa da obra de esgotamento sanit\u00e1rio, executada em conv\u00eanio com a Funasa. Est\u00e1 or\u00e7ada no valor de quase R$ 3 milh\u00f5es, parte dos recursos j\u00e1 est\u00e3o em conta. Inicialmente os servi\u00e7os ser\u00e3o executados na Avenida Primeiro de Abril e na esta\u00e7\u00e3o elevat\u00f3ria para que alguns trechos da primeira etapa da obra possam ter funcionalidade plena. Ap\u00f3s esse servi\u00e7o, a obra ser\u00e1 realizada no bairro do Alto Alegre. \u201c\u00c9 uma obra dif\u00edcil de fazer, porque tem que interditar ruas, cavar buracos, fazer sinaliza\u00e7\u00e3o, mas que traz resultados positivos em termos de sa\u00fade e ainda vai gerar empregos para a popula\u00e7\u00e3o\u201d, avaliou o prefeito.A Prefeitura firmou um termo de coopera\u00e7\u00e3o com a Cagepa para auxiliar na fiscaliza\u00e7\u00e3o da obra, juntamente com a Secretaria de Obras. Na mesma solenidade, o prefeito \u00c9den declarou que a Funasa tem sido uma grande parceira da Prefeitura de Sum\u00e9. Ele agradeceu todo o empenho do senador Veneziano Vital e da superintendente da Funasa na Para\u00edba, Virg\u00ednia Peixoto, para que fosse revisto o cancelamento de um conv\u00eanio no valor de R$ 400 mil, para investimento em abastecimento d\u2019\u00e1gua nas comunidades de Santo Agostinho, Jaguaribe, 5 Vacas e Assentamento Cigana. Ascom\/PMS &nbsp;","og_url":"https:\/\/noticiasemdestaque.com\/cd\/?p=20041","og_site_name":"Not&iacute;cias em Destaque","article_published_time":"2019-10-04T00:06:47+00:00","article_modified_time":"2019-10-04T00:15:29+00:00","og_image":[{"width":1280,"height":853,"url":"https:\/\/noticiasemdestaque.com\/cd\/wp-content\/uploads\/2019\/10\/IMG-20191003-WA0020.jpg","type":"image\/jpeg"}],"author":"Not\u00edcias em Destaque","twitter_card":"summary_large_image","twitter_misc":{"Escrito por":"Not\u00edcias em Destaque","Est. tempo de leitura":"1 minuto"},"schema":{"@context":"https:\/\/schema.org","@graph":[{"@type":"Article","@id":"https:\/\/noticiasemdestaque.com\/cd\/?p=20041#article","isPartOf":{"@id":"https:\/\/noticiasemdestaque.com\/cd\/?p=20041"},"author":{"name":"Not\u00edcias em Destaque","@id":"https:\/\/noticiasemdestaque.com\/cd\/#\/schema\/person\/3e6ba396ff5664a69c392f09a8e1504c"},"headline":"Prefeito \u00c9den assina ordem de servi\u00e7o da obra de esgotamento sanit\u00e1rio do munic\u00edpio de Sum\u00e9","datePublished":"2019-10-04T00:06:47+00:00","dateModified":"2019-10-04T00:15:29+00:00","mainEntityOfPage":{"@id":"https:\/\/noticiasemdestaque.com\/cd\/?p=20041"},"wordCount":290,"publisher":{"@id":"https:\/\/noticiasemdestaque.com\/cd\/#organization"},"image":{"@id":"https:\/\/noticiasemdestaque.com\/cd\/?p=20041#primaryimage"},"thumbnailUrl":"https:\/\/noticiasemdestaque.com\/cd\/wp-content\/uploads\/2019\/10\/IMG-20191003-WA0020.jpg","articleSection":["Pol\u00edtica"],"inLanguage":"pt-BR"},{"@type":"WebPage","@id":"https:\/\/noticiasemdestaque.com\/cd\/?p=20041","url":"https:\/\/noticiasemdestaque.com\/cd\/?p=20041","name":"Prefeito \u00c9den assina ordem de servi\u00e7o da obra de esgotamento sanit\u00e1rio do munic\u00edpio de Sum\u00e9 - Not&iacute;cias em Destaque","isPartOf":{"@id":"https:\/\/noticiasemdestaque.com\/cd\/#website"},"primaryImageOfPage":{"@id":"https:\/\/noticiasemdestaque.com\/cd\/?p=20041#primaryimage"},"image":{"@id":"https:\/\/noticiasemdestaque.com\/cd\/?p=20041#primaryimage"},"thumbnailUrl":"https:\/\/noticiasemdestaque.com\/cd\/wp-content\/uploads\/2019\/10\/IMG-20191003-WA0020.jpg","datePublished":"2019-10-04T00:06:47+00:00","dateModified":"2019-10-04T00:15:29+00:00","breadcrumb":{"@id":"https:\/\/noticiasemdestaque.com\/cd\/?p=20041#breadcrumb"},"inLanguage":"pt-BR","potentialAction":[{"@type":"ReadAction","target":["https:\/\/noticiasemdestaque.com\/cd\/?p=20041"]}]},{"@type":"ImageObject","inLanguage":"pt-BR","@id":"https:\/\/noticiasemdestaque.com\/cd\/?p=20041#primaryimage","url":"https:\/\/noticiasemdestaque.com\/cd\/wp-content\/uploads\/2019\/10\/IMG-20191003-WA0020.jpg","contentUrl":"https:\/\/noticiasemdestaque.com\/cd\/wp-content\/uploads\/2019\/10\/IMG-20191003-WA0020.jpg","width":1280,"height":853},{"@type":"BreadcrumbList","@id":"https:\/\/noticiasemdestaque.com\/cd\/?p=20041#breadcrumb","itemListElement":[{"@type":"ListItem","position":1,"name":"In\u00edcio","item":"https:\/\/noticiasemdestaque.com\/cd\/"},{"@type":"ListItem","position":2,"name":"Prefeito \u00c9den assina ordem de servi\u00e7o da obra de esgotamento sanit\u00e1rio do munic\u00edpio de Sum\u00e9"}]},{"@type":"WebSite","@id":"https:\/\/noticiasemdestaque.com\/cd\/#website","url":"https:\/\/noticiasemdestaque.com\/cd\/","name":"Not&iacute;cias em Destaque","description":"","publisher":{"@id":"https:\/\/noticiasemdestaque.com\/cd\/#organization"},"potentialAction":[{"@type":"SearchAction","target":{"@type":"EntryPoint","urlTemplate":"https:\/\/noticiasemdestaque.com\/cd\/?s={search_term_string}"},"query-input":{"@type":"PropertyValueSpecification","valueRequired":true,"valueName":"search_term_string"}}],"inLanguage":"pt-BR"},{"@type":"Organization","@id":"https:\/\/noticiasemdestaque.com\/cd\/#organization","name":"Not\u00edcias em Destaque","url":"https:\/\/noticiasemdestaque.com\/cd\/","logo":{"@type":"ImageObject","inLanguage":"pt-BR","@id":"https:\/\/noticiasemdestaque.com\/cd\/#\/schema\/logo\/image\/","url":"https:\/\/noticiasemdestaque.com\/cd\/wp-content\/uploads\/2022\/05\/imagem-base-noticiasemdestaque.png","contentUrl":"https:\/\/noticiasemdestaque.com\/cd\/wp-content\/uploads\/2022\/05\/imagem-base-noticiasemdestaque.png","width":1200,"height":630,"caption":"Not\u00edcias em Destaque"},"image":{"@id":"https:\/\/noticiasemdestaque.com\/cd\/#\/schema\/logo\/image\/"}},{"@type":"Person","@id":"https:\/\/noticiasemdestaque.com\/cd\/#\/schema\/person\/3e6ba396ff5664a69c392f09a8e1504c","name":"Not\u00edcias em Destaque","url":"https:\/\/noticiasemdestaque.com\/cd\/?author=2"}]}},"jetpack_featured_media_url":"https:\/\/noticiasemdestaque.com\/cd\/wp-content\/uploads\/2019\/10\/IMG-20191003-WA0020.jpg","jetpack_sharing_enabled":true,"_links":{"self":[{"href":"https:\/\/noticiasemdestaque.com\/cd\/index.php?rest_route=\/wp\/v2\/posts\/20041","targetHints":{"allow":["GET"]}}],"collection":[{"href":"https:\/\/noticiasemdestaque.com\/cd\/index.php?rest_route=\/wp\/v2\/posts"}],"about":[{"href":"https:\/\/noticiasemdestaque.com\/cd\/index.php?rest_route=\/wp\/v2\/types\/post"}],"author":[{"embeddable":true,"href":"https:\/\/noticiasemdestaque.com\/cd\/index.php?rest_route=\/wp\/v2\/users\/2"}],"replies":[{"embeddable":true,"href":"https:\/\/noticiasemdestaque.com\/cd\/index.php?rest_route=%2Fwp%2Fv2%2Fcomments&post=20041"}],"version-history":[{"count":2,"href":"https:\/\/noticiasemdestaque.com\/cd\/index.php?rest_route=\/wp\/v2\/posts\/20041\/revisions"}],"predecessor-version":[{"id":20045,"href":"https:\/\/noticiasemdestaque.com\/cd\/index.php?rest_route=\/wp\/v2\/posts\/20041\/revisions\/20045"}],"wp:featuredmedia":[{"embeddable":true,"href":"https:\/\/noticiasemdestaque.com\/cd\/index.php?rest_route=\/wp\/v2\/media\/20043"}],"wp:attachment":[{"href":"https:\/\/noticiasemdestaque.com\/cd\/index.php?rest_route=%2Fwp%2Fv2%2Fmedia&parent=20041"}],"wp:term":[{"taxonomy":"category","embeddable":true,"href":"https:\/\/noticiasemdestaque.com\/cd\/index.php?rest_route=%2Fwp%2Fv2%2Fcategories&post=20041"},{"taxonomy":"post_tag","embeddable":true,"href":"https:\/\/noticiasemdestaque.com\/cd\/index.php?rest_route=%2Fwp%2Fv2%2Ftags&post=20041"}],"curies":[{"name":"wp","href":"https:\/\/api.w.org\/{rel}","templated":true}]}}