{"id":20037,"date":"2019-10-03T07:43:41","date_gmt":"2019-10-03T10:43:41","guid":{"rendered":"http:\/\/noticiasemdestaque.com\/cd\/?p=20037"},"modified":"2019-10-03T07:43:41","modified_gmt":"2019-10-03T10:43:41","slug":"prefeitura-de-amparo-realizara-o-i-ciclo-itinerante-de-atendimento-nas-comunidades-rurais","status":"publish","type":"post","link":"https:\/\/noticiasemdestaque.com\/cd\/?p=20037","title":{"rendered":"Prefeitura de Amparo realizar\u00e1 o I Ciclo Itinerante de Atendimento nas comunidades Rurais"},"content":{"rendered":"<p><a href=\"https:\/\/noticiasemdestaque.com\/cd\/wp-content\/uploads\/2019\/01\/IMG_8917-1024x683-1-768x512.jpg\"><img fetchpriority=\"high\" decoding=\"async\" class=\"wp-image-14745 aligncenter\" src=\"https:\/\/noticiasemdestaque.com\/cd\/wp-content\/uploads\/2019\/01\/IMG_8917-1024x683-1-768x512.jpg\" alt=\"\" width=\"406\" height=\"271\" srcset=\"https:\/\/noticiasemdestaque.com\/cd\/wp-content\/uploads\/2019\/01\/IMG_8917-1024x683-1-768x512.jpg 768w, https:\/\/noticiasemdestaque.com\/cd\/wp-content\/uploads\/2019\/01\/IMG_8917-1024x683-1-768x512-300x200.jpg 300w, https:\/\/noticiasemdestaque.com\/cd\/wp-content\/uploads\/2019\/01\/IMG_8917-1024x683-1-768x512-480x320.jpg 480w\" sizes=\"(max-width: 406px) 100vw, 406px\" \/><\/a><\/p>\n<p>A Prefeitura de Amparo atrav\u00e9s das Secretarias Municipais de Sa\u00fade, Assist\u00eancia Social e Agricultura estar\u00e3o realizando o I Ciclo Itinerante de Atendimento.Todas as Comunidades Rurais de Amparo ir\u00e3o receber esses atendimentos em datas espec\u00edficas, a come\u00e7ar nessa quinta-feira (03).<\/p>\n<p>Os Servi\u00e7os de Sa\u00fade s\u00e3o NASF\/Aten\u00e7\u00e3o B\u00e1sica (M\u00e9dico, enfermeiro, dentista e vacinadora), de Assist\u00eancia Social s\u00e3o Programas Sociais, Assistente Social e Psic\u00f3logo e de Agricultura s\u00e3o diversos servi\u00e7os ligados \u00e0 secretaria.<\/p>\n<p>Confira as datas e locais de Atendimento:03.10.19 \u2013 Pelel\u00ea + Pau Leite\/Mata\/Riacho do Cariri\/Cruz da Mo\u00e7a;17.10.19 \u2013 Po\u00e7o do boi + Nanico\/Cai\u00e7ara\/Po\u00e7o Escuro;30.10.19 \u2013 Serrote Agudo;14.11.19 \u2013 Olho D\u2019\u00c1gua + Olho D\u2019\u00c1gua dos Caboclos\/Ros\u00e1rio\/Jatob\u00e1 de Maria de Alfredo\/ Genuino;28.11.19 \u2013 Salgadinho + Amparinho\/Cacimba de Baixo.<\/p>\n<p>O principal foco desse Projeto \u00e9 ouvir de perto os apelos da popula\u00e7\u00e3o, al\u00e9m de levar atendimentos de sa\u00fade e oferta de v\u00e1rias a\u00e7\u00f5es e outros servi\u00e7os coordenados pelas Secretarias de Agricultura e Assist\u00eancia Social.<\/p>\n<p>Amparo Ligado<\/p>\n","protected":false},"excerpt":{"rendered":"<p>A Prefeitura de Amparo atrav\u00e9s das Secretarias Municipais de Sa\u00fade, Assist\u00eancia Social e Agricultura estar\u00e3o realizando o I Ciclo Itinerante de Atendimento.Todas as Comunidades Rurais de Amparo ir\u00e3o receber esses atendimentos em datas espec\u00edficas, a come\u00e7ar nessa quinta-feira (03). Os Servi\u00e7os de Sa\u00fade s\u00e3o NASF\/Aten\u00e7\u00e3o B\u00e1sica (M\u00e9dico, enfermeiro, dentista e vacinadora), de Assist\u00eancia Social s\u00e3o Programas Sociais, Assistente Social e Psic\u00f3logo e de Agricultura s\u00e3o diversos servi\u00e7os ligados \u00e0 secretaria. Confira as datas e locais de Atendimento:03.10.19 \u2013 Pelel\u00ea + Pau Leite\/Mata\/Riacho do Cariri\/Cruz da Mo\u00e7a;17.10.19 \u2013 Po\u00e7o do boi + Nanico\/Cai\u00e7ara\/Po\u00e7o Escuro;30.10.19 \u2013 Serrote Agudo;14.11.19 \u2013 Olho D\u2019\u00c1gua + Olho D\u2019\u00c1gua dos Caboclos\/Ros\u00e1rio\/Jatob\u00e1 de Maria de Alfredo\/ Genuino;28.11.19 \u2013 Salgadinho + Amparinho\/Cacimba de Baixo. O principal foco desse Projeto \u00e9 ouvir de perto os apelos da popula\u00e7\u00e3o, al\u00e9m de levar atendimentos de sa\u00fade e oferta de v\u00e1rias a\u00e7\u00f5es e outros servi\u00e7os coordenados pelas Secretarias de Agricultura e Assist\u00eancia Social. Amparo Ligado<\/p>\n","protected":false},"author":2,"featured_media":14745,"comment_status":"closed","ping_status":"open","sticky":false,"template":"","format":"standard","meta":{"_eb_attr":"","_jetpack_memberships_contains_paid_content":false,"footnotes":""},"categories":[4],"tags":[],"class_list":["post-20037","post","type-post","status-publish","format-standard","has-post-thumbnail","hentry","category-politica"],"yoast_head":"<!-- This site is optimized with the Yoast SEO plugin v26.5 - https:\/\/yoast.com\/wordpress\/plugins\/seo\/ -->\n<title>Prefeitura de Amparo realizar\u00e1 o I Ciclo Itinerante de Atendimento nas comunidades Rurais - Not&iacute;cias em Destaque<\/title>\n<meta name=\"robots\" content=\"index, follow, max-snippet:-1, max-image-preview:large, max-video-preview:-1\" \/>\n<link rel=\"canonical\" href=\"https:\/\/noticiasemdestaque.com\/cd\/?p=20037\" \/>\n<meta property=\"og:locale\" content=\"pt_BR\" \/>\n<meta property=\"og:type\" content=\"article\" \/>\n<meta property=\"og:title\" content=\"Prefeitura de Amparo realizar\u00e1 o I Ciclo Itinerante de Atendimento nas comunidades Rurais - Not&iacute;cias em Destaque\" \/>\n<meta property=\"og:description\" content=\"A Prefeitura de Amparo atrav\u00e9s das Secretarias Municipais de Sa\u00fade, Assist\u00eancia Social e Agricultura estar\u00e3o realizando o I Ciclo Itinerante de Atendimento.Todas as Comunidades Rurais de Amparo ir\u00e3o receber esses atendimentos em datas espec\u00edficas, a come\u00e7ar nessa quinta-feira (03). Os Servi\u00e7os de Sa\u00fade s\u00e3o NASF\/Aten\u00e7\u00e3o B\u00e1sica (M\u00e9dico, enfermeiro, dentista e vacinadora), de Assist\u00eancia Social s\u00e3o Programas Sociais, Assistente Social e Psic\u00f3logo e de Agricultura s\u00e3o diversos servi\u00e7os ligados \u00e0 secretaria. Confira as datas e locais de Atendimento:03.10.19 \u2013 Pelel\u00ea + Pau Leite\/Mata\/Riacho do Cariri\/Cruz da Mo\u00e7a;17.10.19 \u2013 Po\u00e7o do boi + Nanico\/Cai\u00e7ara\/Po\u00e7o Escuro;30.10.19 \u2013 Serrote Agudo;14.11.19 \u2013 Olho D\u2019\u00c1gua + Olho D\u2019\u00c1gua dos Caboclos\/Ros\u00e1rio\/Jatob\u00e1 de Maria de Alfredo\/ Genuino;28.11.19 \u2013 Salgadinho + Amparinho\/Cacimba de Baixo. O principal foco desse Projeto \u00e9 ouvir de perto os apelos da popula\u00e7\u00e3o, al\u00e9m de levar atendimentos de sa\u00fade e oferta de v\u00e1rias a\u00e7\u00f5es e outros servi\u00e7os coordenados pelas Secretarias de Agricultura e Assist\u00eancia Social. Amparo Ligado\" \/>\n<meta property=\"og:url\" content=\"https:\/\/noticiasemdestaque.com\/cd\/?p=20037\" \/>\n<meta property=\"og:site_name\" content=\"Not&iacute;cias em Destaque\" \/>\n<meta property=\"article:published_time\" content=\"2019-10-03T10:43:41+00:00\" \/>\n<meta property=\"og:image\" content=\"https:\/\/noticiasemdestaque.com\/cd\/wp-content\/uploads\/2019\/01\/IMG_8917-1024x683-1-768x512.jpg\" \/>\n\t<meta property=\"og:image:width\" content=\"768\" \/>\n\t<meta property=\"og:image:height\" content=\"512\" \/>\n\t<meta property=\"og:image:type\" content=\"image\/jpeg\" \/>\n<meta name=\"author\" content=\"Not\u00edcias em Destaque\" \/>\n<meta name=\"twitter:card\" content=\"summary_large_image\" \/>\n<meta name=\"twitter:label1\" content=\"Escrito por\" \/>\n\t<meta name=\"twitter:data1\" content=\"Not\u00edcias em Destaque\" \/>\n\t<meta name=\"twitter:label2\" content=\"Est. tempo de leitura\" \/>\n\t<meta name=\"twitter:data2\" content=\"1 minuto\" \/>\n<script type=\"application\/ld+json\" class=\"yoast-schema-graph\">{\"@context\":\"https:\/\/schema.org\",\"@graph\":[{\"@type\":\"Article\",\"@id\":\"https:\/\/noticiasemdestaque.com\/cd\/?p=20037#article\",\"isPartOf\":{\"@id\":\"https:\/\/noticiasemdestaque.com\/cd\/?p=20037\"},\"author\":{\"name\":\"Not\u00edcias em Destaque\",\"@id\":\"https:\/\/noticiasemdestaque.com\/cd\/#\/schema\/person\/3e6ba396ff5664a69c392f09a8e1504c\"},\"headline\":\"Prefeitura de Amparo realizar\u00e1 o I Ciclo Itinerante de Atendimento nas comunidades Rurais\",\"datePublished\":\"2019-10-03T10:43:41+00:00\",\"mainEntityOfPage\":{\"@id\":\"https:\/\/noticiasemdestaque.com\/cd\/?p=20037\"},\"wordCount\":195,\"publisher\":{\"@id\":\"https:\/\/noticiasemdestaque.com\/cd\/#organization\"},\"image\":{\"@id\":\"https:\/\/noticiasemdestaque.com\/cd\/?p=20037#primaryimage\"},\"thumbnailUrl\":\"https:\/\/noticiasemdestaque.com\/cd\/wp-content\/uploads\/2019\/01\/IMG_8917-1024x683-1-768x512.jpg\",\"articleSection\":[\"Pol\u00edtica\"],\"inLanguage\":\"pt-BR\"},{\"@type\":\"WebPage\",\"@id\":\"https:\/\/noticiasemdestaque.com\/cd\/?p=20037\",\"url\":\"https:\/\/noticiasemdestaque.com\/cd\/?p=20037\",\"name\":\"Prefeitura de Amparo realizar\u00e1 o I Ciclo Itinerante de Atendimento nas comunidades Rurais - Not&iacute;cias em Destaque\",\"isPartOf\":{\"@id\":\"https:\/\/noticiasemdestaque.com\/cd\/#website\"},\"primaryImageOfPage\":{\"@id\":\"https:\/\/noticiasemdestaque.com\/cd\/?p=20037#primaryimage\"},\"image\":{\"@id\":\"https:\/\/noticiasemdestaque.com\/cd\/?p=20037#primaryimage\"},\"thumbnailUrl\":\"https:\/\/noticiasemdestaque.com\/cd\/wp-content\/uploads\/2019\/01\/IMG_8917-1024x683-1-768x512.jpg\",\"datePublished\":\"2019-10-03T10:43:41+00:00\",\"breadcrumb\":{\"@id\":\"https:\/\/noticiasemdestaque.com\/cd\/?p=20037#breadcrumb\"},\"inLanguage\":\"pt-BR\",\"potentialAction\":[{\"@type\":\"ReadAction\",\"target\":[\"https:\/\/noticiasemdestaque.com\/cd\/?p=20037\"]}]},{\"@type\":\"ImageObject\",\"inLanguage\":\"pt-BR\",\"@id\":\"https:\/\/noticiasemdestaque.com\/cd\/?p=20037#primaryimage\",\"url\":\"https:\/\/noticiasemdestaque.com\/cd\/wp-content\/uploads\/2019\/01\/IMG_8917-1024x683-1-768x512.jpg\",\"contentUrl\":\"https:\/\/noticiasemdestaque.com\/cd\/wp-content\/uploads\/2019\/01\/IMG_8917-1024x683-1-768x512.jpg\",\"width\":768,\"height\":512},{\"@type\":\"BreadcrumbList\",\"@id\":\"https:\/\/noticiasemdestaque.com\/cd\/?p=20037#breadcrumb\",\"itemListElement\":[{\"@type\":\"ListItem\",\"position\":1,\"name\":\"In\u00edcio\",\"item\":\"https:\/\/noticiasemdestaque.com\/cd\/\"},{\"@type\":\"ListItem\",\"position\":2,\"name\":\"Prefeitura de Amparo realizar\u00e1 o I Ciclo Itinerante de Atendimento nas comunidades Rurais\"}]},{\"@type\":\"WebSite\",\"@id\":\"https:\/\/noticiasemdestaque.com\/cd\/#website\",\"url\":\"https:\/\/noticiasemdestaque.com\/cd\/\",\"name\":\"Not&iacute;cias em Destaque\",\"description\":\"\",\"publisher\":{\"@id\":\"https:\/\/noticiasemdestaque.com\/cd\/#organization\"},\"potentialAction\":[{\"@type\":\"SearchAction\",\"target\":{\"@type\":\"EntryPoint\",\"urlTemplate\":\"https:\/\/noticiasemdestaque.com\/cd\/?s={search_term_string}\"},\"query-input\":{\"@type\":\"PropertyValueSpecification\",\"valueRequired\":true,\"valueName\":\"search_term_string\"}}],\"inLanguage\":\"pt-BR\"},{\"@type\":\"Organization\",\"@id\":\"https:\/\/noticiasemdestaque.com\/cd\/#organization\",\"name\":\"Not\u00edcias em Destaque\",\"url\":\"https:\/\/noticiasemdestaque.com\/cd\/\",\"logo\":{\"@type\":\"ImageObject\",\"inLanguage\":\"pt-BR\",\"@id\":\"https:\/\/noticiasemdestaque.com\/cd\/#\/schema\/logo\/image\/\",\"url\":\"https:\/\/noticiasemdestaque.com\/cd\/wp-content\/uploads\/2022\/05\/imagem-base-noticiasemdestaque.png\",\"contentUrl\":\"https:\/\/noticiasemdestaque.com\/cd\/wp-content\/uploads\/2022\/05\/imagem-base-noticiasemdestaque.png\",\"width\":1200,\"height\":630,\"caption\":\"Not\u00edcias em Destaque\"},\"image\":{\"@id\":\"https:\/\/noticiasemdestaque.com\/cd\/#\/schema\/logo\/image\/\"}},{\"@type\":\"Person\",\"@id\":\"https:\/\/noticiasemdestaque.com\/cd\/#\/schema\/person\/3e6ba396ff5664a69c392f09a8e1504c\",\"name\":\"Not\u00edcias em Destaque\",\"url\":\"https:\/\/noticiasemdestaque.com\/cd\/?author=2\"}]}<\/script>\n<!-- \/ Yoast SEO plugin. -->","yoast_head_json":{"title":"Prefeitura de Amparo realizar\u00e1 o I Ciclo Itinerante de Atendimento nas comunidades Rurais - Not&iacute;cias em Destaque","robots":{"index":"index","follow":"follow","max-snippet":"max-snippet:-1","max-image-preview":"max-image-preview:large","max-video-preview":"max-video-preview:-1"},"canonical":"https:\/\/noticiasemdestaque.com\/cd\/?p=20037","og_locale":"pt_BR","og_type":"article","og_title":"Prefeitura de Amparo realizar\u00e1 o I Ciclo Itinerante de Atendimento nas comunidades Rurais - Not&iacute;cias em Destaque","og_description":"A Prefeitura de Amparo atrav\u00e9s das Secretarias Municipais de Sa\u00fade, Assist\u00eancia Social e Agricultura estar\u00e3o realizando o I Ciclo Itinerante de Atendimento.Todas as Comunidades Rurais de Amparo ir\u00e3o receber esses atendimentos em datas espec\u00edficas, a come\u00e7ar nessa quinta-feira (03). Os Servi\u00e7os de Sa\u00fade s\u00e3o NASF\/Aten\u00e7\u00e3o B\u00e1sica (M\u00e9dico, enfermeiro, dentista e vacinadora), de Assist\u00eancia Social s\u00e3o Programas Sociais, Assistente Social e Psic\u00f3logo e de Agricultura s\u00e3o diversos servi\u00e7os ligados \u00e0 secretaria. Confira as datas e locais de Atendimento:03.10.19 \u2013 Pelel\u00ea + Pau Leite\/Mata\/Riacho do Cariri\/Cruz da Mo\u00e7a;17.10.19 \u2013 Po\u00e7o do boi + Nanico\/Cai\u00e7ara\/Po\u00e7o Escuro;30.10.19 \u2013 Serrote Agudo;14.11.19 \u2013 Olho D\u2019\u00c1gua + Olho D\u2019\u00c1gua dos Caboclos\/Ros\u00e1rio\/Jatob\u00e1 de Maria de Alfredo\/ Genuino;28.11.19 \u2013 Salgadinho + Amparinho\/Cacimba de Baixo. O principal foco desse Projeto \u00e9 ouvir de perto os apelos da popula\u00e7\u00e3o, al\u00e9m de levar atendimentos de sa\u00fade e oferta de v\u00e1rias a\u00e7\u00f5es e outros servi\u00e7os coordenados pelas Secretarias de Agricultura e Assist\u00eancia Social. Amparo Ligado","og_url":"https:\/\/noticiasemdestaque.com\/cd\/?p=20037","og_site_name":"Not&iacute;cias em Destaque","article_published_time":"2019-10-03T10:43:41+00:00","og_image":[{"width":768,"height":512,"url":"https:\/\/noticiasemdestaque.com\/cd\/wp-content\/uploads\/2019\/01\/IMG_8917-1024x683-1-768x512.jpg","type":"image\/jpeg"}],"author":"Not\u00edcias em Destaque","twitter_card":"summary_large_image","twitter_misc":{"Escrito por":"Not\u00edcias em Destaque","Est. tempo de leitura":"1 minuto"},"schema":{"@context":"https:\/\/schema.org","@graph":[{"@type":"Article","@id":"https:\/\/noticiasemdestaque.com\/cd\/?p=20037#article","isPartOf":{"@id":"https:\/\/noticiasemdestaque.com\/cd\/?p=20037"},"author":{"name":"Not\u00edcias em Destaque","@id":"https:\/\/noticiasemdestaque.com\/cd\/#\/schema\/person\/3e6ba396ff5664a69c392f09a8e1504c"},"headline":"Prefeitura de Amparo realizar\u00e1 o I Ciclo Itinerante de Atendimento nas comunidades Rurais","datePublished":"2019-10-03T10:43:41+00:00","mainEntityOfPage":{"@id":"https:\/\/noticiasemdestaque.com\/cd\/?p=20037"},"wordCount":195,"publisher":{"@id":"https:\/\/noticiasemdestaque.com\/cd\/#organization"},"image":{"@id":"https:\/\/noticiasemdestaque.com\/cd\/?p=20037#primaryimage"},"thumbnailUrl":"https:\/\/noticiasemdestaque.com\/cd\/wp-content\/uploads\/2019\/01\/IMG_8917-1024x683-1-768x512.jpg","articleSection":["Pol\u00edtica"],"inLanguage":"pt-BR"},{"@type":"WebPage","@id":"https:\/\/noticiasemdestaque.com\/cd\/?p=20037","url":"https:\/\/noticiasemdestaque.com\/cd\/?p=20037","name":"Prefeitura de Amparo realizar\u00e1 o I Ciclo Itinerante de Atendimento nas comunidades Rurais - Not&iacute;cias em Destaque","isPartOf":{"@id":"https:\/\/noticiasemdestaque.com\/cd\/#website"},"primaryImageOfPage":{"@id":"https:\/\/noticiasemdestaque.com\/cd\/?p=20037#primaryimage"},"image":{"@id":"https:\/\/noticiasemdestaque.com\/cd\/?p=20037#primaryimage"},"thumbnailUrl":"https:\/\/noticiasemdestaque.com\/cd\/wp-content\/uploads\/2019\/01\/IMG_8917-1024x683-1-768x512.jpg","datePublished":"2019-10-03T10:43:41+00:00","breadcrumb":{"@id":"https:\/\/noticiasemdestaque.com\/cd\/?p=20037#breadcrumb"},"inLanguage":"pt-BR","potentialAction":[{"@type":"ReadAction","target":["https:\/\/noticiasemdestaque.com\/cd\/?p=20037"]}]},{"@type":"ImageObject","inLanguage":"pt-BR","@id":"https:\/\/noticiasemdestaque.com\/cd\/?p=20037#primaryimage","url":"https:\/\/noticiasemdestaque.com\/cd\/wp-content\/uploads\/2019\/01\/IMG_8917-1024x683-1-768x512.jpg","contentUrl":"https:\/\/noticiasemdestaque.com\/cd\/wp-content\/uploads\/2019\/01\/IMG_8917-1024x683-1-768x512.jpg","width":768,"height":512},{"@type":"BreadcrumbList","@id":"https:\/\/noticiasemdestaque.com\/cd\/?p=20037#breadcrumb","itemListElement":[{"@type":"ListItem","position":1,"name":"In\u00edcio","item":"https:\/\/noticiasemdestaque.com\/cd\/"},{"@type":"ListItem","position":2,"name":"Prefeitura de Amparo realizar\u00e1 o I Ciclo Itinerante de Atendimento nas comunidades Rurais"}]},{"@type":"WebSite","@id":"https:\/\/noticiasemdestaque.com\/cd\/#website","url":"https:\/\/noticiasemdestaque.com\/cd\/","name":"Not&iacute;cias em Destaque","description":"","publisher":{"@id":"https:\/\/noticiasemdestaque.com\/cd\/#organization"},"potentialAction":[{"@type":"SearchAction","target":{"@type":"EntryPoint","urlTemplate":"https:\/\/noticiasemdestaque.com\/cd\/?s={search_term_string}"},"query-input":{"@type":"PropertyValueSpecification","valueRequired":true,"valueName":"search_term_string"}}],"inLanguage":"pt-BR"},{"@type":"Organization","@id":"https:\/\/noticiasemdestaque.com\/cd\/#organization","name":"Not\u00edcias em Destaque","url":"https:\/\/noticiasemdestaque.com\/cd\/","logo":{"@type":"ImageObject","inLanguage":"pt-BR","@id":"https:\/\/noticiasemdestaque.com\/cd\/#\/schema\/logo\/image\/","url":"https:\/\/noticiasemdestaque.com\/cd\/wp-content\/uploads\/2022\/05\/imagem-base-noticiasemdestaque.png","contentUrl":"https:\/\/noticiasemdestaque.com\/cd\/wp-content\/uploads\/2022\/05\/imagem-base-noticiasemdestaque.png","width":1200,"height":630,"caption":"Not\u00edcias em Destaque"},"image":{"@id":"https:\/\/noticiasemdestaque.com\/cd\/#\/schema\/logo\/image\/"}},{"@type":"Person","@id":"https:\/\/noticiasemdestaque.com\/cd\/#\/schema\/person\/3e6ba396ff5664a69c392f09a8e1504c","name":"Not\u00edcias em Destaque","url":"https:\/\/noticiasemdestaque.com\/cd\/?author=2"}]}},"jetpack_featured_media_url":"https:\/\/noticiasemdestaque.com\/cd\/wp-content\/uploads\/2019\/01\/IMG_8917-1024x683-1-768x512.jpg","jetpack_sharing_enabled":true,"_links":{"self":[{"href":"https:\/\/noticiasemdestaque.com\/cd\/index.php?rest_route=\/wp\/v2\/posts\/20037","targetHints":{"allow":["GET"]}}],"collection":[{"href":"https:\/\/noticiasemdestaque.com\/cd\/index.php?rest_route=\/wp\/v2\/posts"}],"about":[{"href":"https:\/\/noticiasemdestaque.com\/cd\/index.php?rest_route=\/wp\/v2\/types\/post"}],"author":[{"embeddable":true,"href":"https:\/\/noticiasemdestaque.com\/cd\/index.php?rest_route=\/wp\/v2\/users\/2"}],"replies":[{"embeddable":true,"href":"https:\/\/noticiasemdestaque.com\/cd\/index.php?rest_route=%2Fwp%2Fv2%2Fcomments&post=20037"}],"version-history":[{"count":1,"href":"https:\/\/noticiasemdestaque.com\/cd\/index.php?rest_route=\/wp\/v2\/posts\/20037\/revisions"}],"predecessor-version":[{"id":20038,"href":"https:\/\/noticiasemdestaque.com\/cd\/index.php?rest_route=\/wp\/v2\/posts\/20037\/revisions\/20038"}],"wp:featuredmedia":[{"embeddable":true,"href":"https:\/\/noticiasemdestaque.com\/cd\/index.php?rest_route=\/wp\/v2\/media\/14745"}],"wp:attachment":[{"href":"https:\/\/noticiasemdestaque.com\/cd\/index.php?rest_route=%2Fwp%2Fv2%2Fmedia&parent=20037"}],"wp:term":[{"taxonomy":"category","embeddable":true,"href":"https:\/\/noticiasemdestaque.com\/cd\/index.php?rest_route=%2Fwp%2Fv2%2Fcategories&post=20037"},{"taxonomy":"post_tag","embeddable":true,"href":"https:\/\/noticiasemdestaque.com\/cd\/index.php?rest_route=%2Fwp%2Fv2%2Ftags&post=20037"}],"curies":[{"name":"wp","href":"https:\/\/api.w.org\/{rel}","templated":true}]}}