{"id":20034,"date":"2019-10-03T07:39:21","date_gmt":"2019-10-03T10:39:21","guid":{"rendered":"http:\/\/noticiasemdestaque.com\/cd\/?p=20034"},"modified":"2019-10-03T07:39:21","modified_gmt":"2019-10-03T10:39:21","slug":"vereador-do-psb-confirma-que-disputara-prefeitura-de-sao-joao-do-cariri-em-2020","status":"publish","type":"post","link":"https:\/\/noticiasemdestaque.com\/cd\/?p=20034","title":{"rendered":"Vereador do PSB confirma que disputar\u00e1 prefeitura de S\u00e3o Jo\u00e3o do Cariri em 2020"},"content":{"rendered":"<p><a href=\"https:\/\/noticiasemdestaque.com\/cd\/wp-content\/uploads\/2019\/10\/georgeaquino_tribuna-600x398.jpg\"><img fetchpriority=\"high\" decoding=\"async\" class=\"alignnone size-full wp-image-20035\" src=\"https:\/\/noticiasemdestaque.com\/cd\/wp-content\/uploads\/2019\/10\/georgeaquino_tribuna-600x398.jpg\" alt=\"\" width=\"600\" height=\"398\" srcset=\"https:\/\/noticiasemdestaque.com\/cd\/wp-content\/uploads\/2019\/10\/georgeaquino_tribuna-600x398.jpg 600w, https:\/\/noticiasemdestaque.com\/cd\/wp-content\/uploads\/2019\/10\/georgeaquino_tribuna-600x398-300x199.jpg 300w\" sizes=\"(max-width: 600px) 100vw, 600px\" \/><\/a><\/p>\n<p>O vereador e presidente municipal do PSB de S\u00e3o Jo\u00e3o do Cariri, George Aquino, confirmou seu interesse em disputar a prefeitura de S\u00e3o Jo\u00e3o do Cariri nas pr\u00f3ximas elei\u00e7\u00f5es. Em contato com a imprensa na manh\u00e3 desta quarta-feira (02), o parlamentar fez uma an\u00e1lise da conjuntura pol\u00edtica local.<\/p>\n<p>\u201cAno que vem irei colocar o meu nome a disposi\u00e7\u00e3o da popula\u00e7\u00e3o para disputar a prefeitura de S\u00e3o Jo\u00e3o do Cariri e vou contribuir para eleger o maior n\u00famero de vereadores que estejam ao nosso lado e prego a uni\u00e3o das oposi\u00e7\u00f5es contra tudo que est\u00e1 a\u00ed maquiado de boa administra\u00e7\u00e3o, e tenho do meu lado amigos fi\u00e9is, uma milit\u00e2ncia aguerrida ao meu lado, o governador Jo\u00e3o Azev\u00eado, que em v\u00e1rios momentos demostrou o seu apoio a meu nome\u201d, disse o vereador.<\/p>\n<p>O vereador George ainda fez uma an\u00e1lise da atual gest\u00e3o de S\u00e3o Jo\u00e3o do Cariri, e lamentou que a cidade continua sofrendo com a falta de uma pol\u00edtica verdadeiramente justa e correta.<\/p>\n<p>\u201cO que est\u00e1 acontecendo atualmente em S\u00e3o Jo\u00e3o do Cariri \u00e9 muita propaganda para pouco resultados. Se faz propaganda at\u00e9 para uma campanha de vacina\u00e7\u00e3o que o Governo Federal organiza, fazem propaganda de l\u00e2mpadas de LED onde hoje em dia isso \u00e9 uma coisa natural, propaganda de pagagamento em dia, que \u00e9 uma obriga\u00e7\u00e3o do gestor, entre outras. Mais o povo est\u00e1 vendo tudo isso, esta vendo que s\u00f3 uma panelinha se beneficia e que n\u00f3s vereadores de oposi\u00e7\u00e3o n\u00e3o conseguimos uma entrevista numa r\u00e1dio local para falar a verdade para popula\u00e7\u00e3o. N\u00e3o adianta inventar o novo com pr\u00e1ticas velhas\u201d, afirmou George.<\/p>\n<p>George disse que tem um projeto novo, e que pensa em beneficiar a popula\u00e7\u00e3o como um todo. \u201cNosso projeto \u00e9 para beneficiar a todos, n\u00e3o s\u00f3 uma minoria. Estou numa luta para pavimenta\u00e7\u00e3o da estrada que liga a BR-412 at\u00e9 o Distrito de Malhada de Ro\u00e7a, beneficiando toda aquela regi\u00e3o, travamos uma luta pela perman\u00eancia do Posto do Detran em S\u00e3o Jo\u00e3o, enquanto as velhas raposas pol\u00edticas n\u00e3o se movimentaram em prol disso, ent\u00e3o, o que n\u00f3s queremos \u00e9 apresentar o novo e fazer mais\u201d, finalizou.<\/p>\n","protected":false},"excerpt":{"rendered":"<p>O vereador e presidente municipal do PSB de S\u00e3o Jo\u00e3o do Cariri, George Aquino, confirmou seu interesse em disputar a prefeitura de S\u00e3o Jo\u00e3o do Cariri nas pr\u00f3ximas elei\u00e7\u00f5es. Em contato com a imprensa na manh\u00e3 desta quarta-feira (02), o parlamentar fez uma an\u00e1lise da conjuntura pol\u00edtica local. \u201cAno que vem irei colocar o meu nome a disposi\u00e7\u00e3o da popula\u00e7\u00e3o para disputar a prefeitura de S\u00e3o Jo\u00e3o do Cariri e vou contribuir para eleger o maior n\u00famero de vereadores que estejam ao nosso lado e prego a uni\u00e3o das oposi\u00e7\u00f5es contra tudo que est\u00e1 a\u00ed maquiado de boa administra\u00e7\u00e3o, e tenho do meu lado amigos fi\u00e9is, uma milit\u00e2ncia aguerrida ao meu lado, o governador Jo\u00e3o Azev\u00eado, que em v\u00e1rios momentos demostrou o seu apoio a meu nome\u201d, disse o vereador. O vereador George ainda fez uma an\u00e1lise da atual gest\u00e3o de S\u00e3o Jo\u00e3o do Cariri, e lamentou que a cidade continua sofrendo com a falta de uma pol\u00edtica verdadeiramente justa e correta. \u201cO que est\u00e1 acontecendo atualmente em S\u00e3o Jo\u00e3o do Cariri \u00e9 muita propaganda para pouco resultados. Se faz propaganda at\u00e9 para uma campanha de vacina\u00e7\u00e3o que o Governo Federal organiza, fazem propaganda de l\u00e2mpadas de LED onde hoje em dia isso \u00e9 uma coisa natural, propaganda de pagagamento em dia, que \u00e9 uma obriga\u00e7\u00e3o do gestor, entre outras. Mais o povo est\u00e1 vendo tudo isso, esta vendo que s\u00f3 uma panelinha se beneficia e que n\u00f3s vereadores de oposi\u00e7\u00e3o n\u00e3o conseguimos uma entrevista numa r\u00e1dio local para falar a verdade para popula\u00e7\u00e3o. N\u00e3o adianta inventar o novo com pr\u00e1ticas velhas\u201d, afirmou George. George disse que tem um projeto novo, e que pensa em beneficiar a popula\u00e7\u00e3o como um todo. \u201cNosso projeto \u00e9 para beneficiar a todos, n\u00e3o s\u00f3 uma minoria. Estou numa luta para pavimenta\u00e7\u00e3o da estrada que liga a BR-412 at\u00e9 o Distrito de Malhada de Ro\u00e7a, beneficiando toda aquela regi\u00e3o, travamos uma luta pela perman\u00eancia do Posto do Detran em S\u00e3o Jo\u00e3o, enquanto as velhas raposas pol\u00edticas n\u00e3o se movimentaram em prol disso, ent\u00e3o, o que n\u00f3s queremos \u00e9 apresentar o novo e fazer mais\u201d, finalizou.<\/p>\n","protected":false},"author":2,"featured_media":20035,"comment_status":"closed","ping_status":"open","sticky":false,"template":"","format":"standard","meta":{"_eb_attr":"","_jetpack_memberships_contains_paid_content":false,"footnotes":""},"categories":[4],"tags":[],"class_list":["post-20034","post","type-post","status-publish","format-standard","has-post-thumbnail","hentry","category-politica"],"yoast_head":"<!-- This site is optimized with the Yoast SEO plugin v26.5 - https:\/\/yoast.com\/wordpress\/plugins\/seo\/ -->\n<title>Vereador do PSB confirma que disputar\u00e1 prefeitura de S\u00e3o Jo\u00e3o do Cariri em 2020 - Not&iacute;cias em Destaque<\/title>\n<meta name=\"robots\" content=\"index, follow, max-snippet:-1, max-image-preview:large, max-video-preview:-1\" \/>\n<link rel=\"canonical\" href=\"https:\/\/noticiasemdestaque.com\/cd\/?p=20034\" \/>\n<meta property=\"og:locale\" content=\"pt_BR\" \/>\n<meta property=\"og:type\" content=\"article\" \/>\n<meta property=\"og:title\" content=\"Vereador do PSB confirma que disputar\u00e1 prefeitura de S\u00e3o Jo\u00e3o do Cariri em 2020 - Not&iacute;cias em Destaque\" \/>\n<meta property=\"og:description\" content=\"O vereador e presidente municipal do PSB de S\u00e3o Jo\u00e3o do Cariri, George Aquino, confirmou seu interesse em disputar a prefeitura de S\u00e3o Jo\u00e3o do Cariri nas pr\u00f3ximas elei\u00e7\u00f5es. Em contato com a imprensa na manh\u00e3 desta quarta-feira (02), o parlamentar fez uma an\u00e1lise da conjuntura pol\u00edtica local. \u201cAno que vem irei colocar o meu nome a disposi\u00e7\u00e3o da popula\u00e7\u00e3o para disputar a prefeitura de S\u00e3o Jo\u00e3o do Cariri e vou contribuir para eleger o maior n\u00famero de vereadores que estejam ao nosso lado e prego a uni\u00e3o das oposi\u00e7\u00f5es contra tudo que est\u00e1 a\u00ed maquiado de boa administra\u00e7\u00e3o, e tenho do meu lado amigos fi\u00e9is, uma milit\u00e2ncia aguerrida ao meu lado, o governador Jo\u00e3o Azev\u00eado, que em v\u00e1rios momentos demostrou o seu apoio a meu nome\u201d, disse o vereador. O vereador George ainda fez uma an\u00e1lise da atual gest\u00e3o de S\u00e3o Jo\u00e3o do Cariri, e lamentou que a cidade continua sofrendo com a falta de uma pol\u00edtica verdadeiramente justa e correta. \u201cO que est\u00e1 acontecendo atualmente em S\u00e3o Jo\u00e3o do Cariri \u00e9 muita propaganda para pouco resultados. Se faz propaganda at\u00e9 para uma campanha de vacina\u00e7\u00e3o que o Governo Federal organiza, fazem propaganda de l\u00e2mpadas de LED onde hoje em dia isso \u00e9 uma coisa natural, propaganda de pagagamento em dia, que \u00e9 uma obriga\u00e7\u00e3o do gestor, entre outras. Mais o povo est\u00e1 vendo tudo isso, esta vendo que s\u00f3 uma panelinha se beneficia e que n\u00f3s vereadores de oposi\u00e7\u00e3o n\u00e3o conseguimos uma entrevista numa r\u00e1dio local para falar a verdade para popula\u00e7\u00e3o. N\u00e3o adianta inventar o novo com pr\u00e1ticas velhas\u201d, afirmou George. George disse que tem um projeto novo, e que pensa em beneficiar a popula\u00e7\u00e3o como um todo. \u201cNosso projeto \u00e9 para beneficiar a todos, n\u00e3o s\u00f3 uma minoria. Estou numa luta para pavimenta\u00e7\u00e3o da estrada que liga a BR-412 at\u00e9 o Distrito de Malhada de Ro\u00e7a, beneficiando toda aquela regi\u00e3o, travamos uma luta pela perman\u00eancia do Posto do Detran em S\u00e3o Jo\u00e3o, enquanto as velhas raposas pol\u00edticas n\u00e3o se movimentaram em prol disso, ent\u00e3o, o que n\u00f3s queremos \u00e9 apresentar o novo e fazer mais\u201d, finalizou.\" \/>\n<meta property=\"og:url\" content=\"https:\/\/noticiasemdestaque.com\/cd\/?p=20034\" \/>\n<meta property=\"og:site_name\" content=\"Not&iacute;cias em Destaque\" \/>\n<meta property=\"article:published_time\" content=\"2019-10-03T10:39:21+00:00\" \/>\n<meta property=\"og:image\" content=\"https:\/\/noticiasemdestaque.com\/cd\/wp-content\/uploads\/2019\/10\/georgeaquino_tribuna-600x398.jpg\" \/>\n\t<meta property=\"og:image:width\" content=\"600\" \/>\n\t<meta property=\"og:image:height\" content=\"398\" \/>\n\t<meta property=\"og:image:type\" content=\"image\/jpeg\" \/>\n<meta name=\"author\" content=\"Not\u00edcias em Destaque\" \/>\n<meta name=\"twitter:card\" content=\"summary_large_image\" \/>\n<meta name=\"twitter:label1\" content=\"Escrito por\" \/>\n\t<meta name=\"twitter:data1\" content=\"Not\u00edcias em Destaque\" \/>\n\t<meta name=\"twitter:label2\" content=\"Est. tempo de leitura\" \/>\n\t<meta name=\"twitter:data2\" content=\"2 minutos\" \/>\n<script type=\"application\/ld+json\" class=\"yoast-schema-graph\">{\"@context\":\"https:\/\/schema.org\",\"@graph\":[{\"@type\":\"Article\",\"@id\":\"https:\/\/noticiasemdestaque.com\/cd\/?p=20034#article\",\"isPartOf\":{\"@id\":\"https:\/\/noticiasemdestaque.com\/cd\/?p=20034\"},\"author\":{\"name\":\"Not\u00edcias em Destaque\",\"@id\":\"https:\/\/noticiasemdestaque.com\/cd\/#\/schema\/person\/3e6ba396ff5664a69c392f09a8e1504c\"},\"headline\":\"Vereador do PSB confirma que disputar\u00e1 prefeitura de S\u00e3o Jo\u00e3o do Cariri em 2020\",\"datePublished\":\"2019-10-03T10:39:21+00:00\",\"mainEntityOfPage\":{\"@id\":\"https:\/\/noticiasemdestaque.com\/cd\/?p=20034\"},\"wordCount\":409,\"publisher\":{\"@id\":\"https:\/\/noticiasemdestaque.com\/cd\/#organization\"},\"image\":{\"@id\":\"https:\/\/noticiasemdestaque.com\/cd\/?p=20034#primaryimage\"},\"thumbnailUrl\":\"https:\/\/noticiasemdestaque.com\/cd\/wp-content\/uploads\/2019\/10\/georgeaquino_tribuna-600x398.jpg\",\"articleSection\":[\"Pol\u00edtica\"],\"inLanguage\":\"pt-BR\"},{\"@type\":\"WebPage\",\"@id\":\"https:\/\/noticiasemdestaque.com\/cd\/?p=20034\",\"url\":\"https:\/\/noticiasemdestaque.com\/cd\/?p=20034\",\"name\":\"Vereador do PSB confirma que disputar\u00e1 prefeitura de S\u00e3o Jo\u00e3o do Cariri em 2020 - Not&iacute;cias em Destaque\",\"isPartOf\":{\"@id\":\"https:\/\/noticiasemdestaque.com\/cd\/#website\"},\"primaryImageOfPage\":{\"@id\":\"https:\/\/noticiasemdestaque.com\/cd\/?p=20034#primaryimage\"},\"image\":{\"@id\":\"https:\/\/noticiasemdestaque.com\/cd\/?p=20034#primaryimage\"},\"thumbnailUrl\":\"https:\/\/noticiasemdestaque.com\/cd\/wp-content\/uploads\/2019\/10\/georgeaquino_tribuna-600x398.jpg\",\"datePublished\":\"2019-10-03T10:39:21+00:00\",\"breadcrumb\":{\"@id\":\"https:\/\/noticiasemdestaque.com\/cd\/?p=20034#breadcrumb\"},\"inLanguage\":\"pt-BR\",\"potentialAction\":[{\"@type\":\"ReadAction\",\"target\":[\"https:\/\/noticiasemdestaque.com\/cd\/?p=20034\"]}]},{\"@type\":\"ImageObject\",\"inLanguage\":\"pt-BR\",\"@id\":\"https:\/\/noticiasemdestaque.com\/cd\/?p=20034#primaryimage\",\"url\":\"https:\/\/noticiasemdestaque.com\/cd\/wp-content\/uploads\/2019\/10\/georgeaquino_tribuna-600x398.jpg\",\"contentUrl\":\"https:\/\/noticiasemdestaque.com\/cd\/wp-content\/uploads\/2019\/10\/georgeaquino_tribuna-600x398.jpg\",\"width\":600,\"height\":398},{\"@type\":\"BreadcrumbList\",\"@id\":\"https:\/\/noticiasemdestaque.com\/cd\/?p=20034#breadcrumb\",\"itemListElement\":[{\"@type\":\"ListItem\",\"position\":1,\"name\":\"In\u00edcio\",\"item\":\"https:\/\/noticiasemdestaque.com\/cd\/\"},{\"@type\":\"ListItem\",\"position\":2,\"name\":\"Vereador do PSB confirma que disputar\u00e1 prefeitura de S\u00e3o Jo\u00e3o do Cariri em 2020\"}]},{\"@type\":\"WebSite\",\"@id\":\"https:\/\/noticiasemdestaque.com\/cd\/#website\",\"url\":\"https:\/\/noticiasemdestaque.com\/cd\/\",\"name\":\"Not&iacute;cias em Destaque\",\"description\":\"\",\"publisher\":{\"@id\":\"https:\/\/noticiasemdestaque.com\/cd\/#organization\"},\"potentialAction\":[{\"@type\":\"SearchAction\",\"target\":{\"@type\":\"EntryPoint\",\"urlTemplate\":\"https:\/\/noticiasemdestaque.com\/cd\/?s={search_term_string}\"},\"query-input\":{\"@type\":\"PropertyValueSpecification\",\"valueRequired\":true,\"valueName\":\"search_term_string\"}}],\"inLanguage\":\"pt-BR\"},{\"@type\":\"Organization\",\"@id\":\"https:\/\/noticiasemdestaque.com\/cd\/#organization\",\"name\":\"Not\u00edcias em Destaque\",\"url\":\"https:\/\/noticiasemdestaque.com\/cd\/\",\"logo\":{\"@type\":\"ImageObject\",\"inLanguage\":\"pt-BR\",\"@id\":\"https:\/\/noticiasemdestaque.com\/cd\/#\/schema\/logo\/image\/\",\"url\":\"https:\/\/noticiasemdestaque.com\/cd\/wp-content\/uploads\/2022\/05\/imagem-base-noticiasemdestaque.png\",\"contentUrl\":\"https:\/\/noticiasemdestaque.com\/cd\/wp-content\/uploads\/2022\/05\/imagem-base-noticiasemdestaque.png\",\"width\":1200,\"height\":630,\"caption\":\"Not\u00edcias em Destaque\"},\"image\":{\"@id\":\"https:\/\/noticiasemdestaque.com\/cd\/#\/schema\/logo\/image\/\"}},{\"@type\":\"Person\",\"@id\":\"https:\/\/noticiasemdestaque.com\/cd\/#\/schema\/person\/3e6ba396ff5664a69c392f09a8e1504c\",\"name\":\"Not\u00edcias em Destaque\",\"url\":\"https:\/\/noticiasemdestaque.com\/cd\/?author=2\"}]}<\/script>\n<!-- \/ Yoast SEO plugin. -->","yoast_head_json":{"title":"Vereador do PSB confirma que disputar\u00e1 prefeitura de S\u00e3o Jo\u00e3o do Cariri em 2020 - Not&iacute;cias em Destaque","robots":{"index":"index","follow":"follow","max-snippet":"max-snippet:-1","max-image-preview":"max-image-preview:large","max-video-preview":"max-video-preview:-1"},"canonical":"https:\/\/noticiasemdestaque.com\/cd\/?p=20034","og_locale":"pt_BR","og_type":"article","og_title":"Vereador do PSB confirma que disputar\u00e1 prefeitura de S\u00e3o Jo\u00e3o do Cariri em 2020 - Not&iacute;cias em Destaque","og_description":"O vereador e presidente municipal do PSB de S\u00e3o Jo\u00e3o do Cariri, George Aquino, confirmou seu interesse em disputar a prefeitura de S\u00e3o Jo\u00e3o do Cariri nas pr\u00f3ximas elei\u00e7\u00f5es. Em contato com a imprensa na manh\u00e3 desta quarta-feira (02), o parlamentar fez uma an\u00e1lise da conjuntura pol\u00edtica local. \u201cAno que vem irei colocar o meu nome a disposi\u00e7\u00e3o da popula\u00e7\u00e3o para disputar a prefeitura de S\u00e3o Jo\u00e3o do Cariri e vou contribuir para eleger o maior n\u00famero de vereadores que estejam ao nosso lado e prego a uni\u00e3o das oposi\u00e7\u00f5es contra tudo que est\u00e1 a\u00ed maquiado de boa administra\u00e7\u00e3o, e tenho do meu lado amigos fi\u00e9is, uma milit\u00e2ncia aguerrida ao meu lado, o governador Jo\u00e3o Azev\u00eado, que em v\u00e1rios momentos demostrou o seu apoio a meu nome\u201d, disse o vereador. O vereador George ainda fez uma an\u00e1lise da atual gest\u00e3o de S\u00e3o Jo\u00e3o do Cariri, e lamentou que a cidade continua sofrendo com a falta de uma pol\u00edtica verdadeiramente justa e correta. \u201cO que est\u00e1 acontecendo atualmente em S\u00e3o Jo\u00e3o do Cariri \u00e9 muita propaganda para pouco resultados. Se faz propaganda at\u00e9 para uma campanha de vacina\u00e7\u00e3o que o Governo Federal organiza, fazem propaganda de l\u00e2mpadas de LED onde hoje em dia isso \u00e9 uma coisa natural, propaganda de pagagamento em dia, que \u00e9 uma obriga\u00e7\u00e3o do gestor, entre outras. Mais o povo est\u00e1 vendo tudo isso, esta vendo que s\u00f3 uma panelinha se beneficia e que n\u00f3s vereadores de oposi\u00e7\u00e3o n\u00e3o conseguimos uma entrevista numa r\u00e1dio local para falar a verdade para popula\u00e7\u00e3o. N\u00e3o adianta inventar o novo com pr\u00e1ticas velhas\u201d, afirmou George. George disse que tem um projeto novo, e que pensa em beneficiar a popula\u00e7\u00e3o como um todo. \u201cNosso projeto \u00e9 para beneficiar a todos, n\u00e3o s\u00f3 uma minoria. Estou numa luta para pavimenta\u00e7\u00e3o da estrada que liga a BR-412 at\u00e9 o Distrito de Malhada de Ro\u00e7a, beneficiando toda aquela regi\u00e3o, travamos uma luta pela perman\u00eancia do Posto do Detran em S\u00e3o Jo\u00e3o, enquanto as velhas raposas pol\u00edticas n\u00e3o se movimentaram em prol disso, ent\u00e3o, o que n\u00f3s queremos \u00e9 apresentar o novo e fazer mais\u201d, finalizou.","og_url":"https:\/\/noticiasemdestaque.com\/cd\/?p=20034","og_site_name":"Not&iacute;cias em Destaque","article_published_time":"2019-10-03T10:39:21+00:00","og_image":[{"width":600,"height":398,"url":"https:\/\/noticiasemdestaque.com\/cd\/wp-content\/uploads\/2019\/10\/georgeaquino_tribuna-600x398.jpg","type":"image\/jpeg"}],"author":"Not\u00edcias em Destaque","twitter_card":"summary_large_image","twitter_misc":{"Escrito por":"Not\u00edcias em Destaque","Est. tempo de leitura":"2 minutos"},"schema":{"@context":"https:\/\/schema.org","@graph":[{"@type":"Article","@id":"https:\/\/noticiasemdestaque.com\/cd\/?p=20034#article","isPartOf":{"@id":"https:\/\/noticiasemdestaque.com\/cd\/?p=20034"},"author":{"name":"Not\u00edcias em Destaque","@id":"https:\/\/noticiasemdestaque.com\/cd\/#\/schema\/person\/3e6ba396ff5664a69c392f09a8e1504c"},"headline":"Vereador do PSB confirma que disputar\u00e1 prefeitura de S\u00e3o Jo\u00e3o do Cariri em 2020","datePublished":"2019-10-03T10:39:21+00:00","mainEntityOfPage":{"@id":"https:\/\/noticiasemdestaque.com\/cd\/?p=20034"},"wordCount":409,"publisher":{"@id":"https:\/\/noticiasemdestaque.com\/cd\/#organization"},"image":{"@id":"https:\/\/noticiasemdestaque.com\/cd\/?p=20034#primaryimage"},"thumbnailUrl":"https:\/\/noticiasemdestaque.com\/cd\/wp-content\/uploads\/2019\/10\/georgeaquino_tribuna-600x398.jpg","articleSection":["Pol\u00edtica"],"inLanguage":"pt-BR"},{"@type":"WebPage","@id":"https:\/\/noticiasemdestaque.com\/cd\/?p=20034","url":"https:\/\/noticiasemdestaque.com\/cd\/?p=20034","name":"Vereador do PSB confirma que disputar\u00e1 prefeitura de S\u00e3o Jo\u00e3o do Cariri em 2020 - Not&iacute;cias em Destaque","isPartOf":{"@id":"https:\/\/noticiasemdestaque.com\/cd\/#website"},"primaryImageOfPage":{"@id":"https:\/\/noticiasemdestaque.com\/cd\/?p=20034#primaryimage"},"image":{"@id":"https:\/\/noticiasemdestaque.com\/cd\/?p=20034#primaryimage"},"thumbnailUrl":"https:\/\/noticiasemdestaque.com\/cd\/wp-content\/uploads\/2019\/10\/georgeaquino_tribuna-600x398.jpg","datePublished":"2019-10-03T10:39:21+00:00","breadcrumb":{"@id":"https:\/\/noticiasemdestaque.com\/cd\/?p=20034#breadcrumb"},"inLanguage":"pt-BR","potentialAction":[{"@type":"ReadAction","target":["https:\/\/noticiasemdestaque.com\/cd\/?p=20034"]}]},{"@type":"ImageObject","inLanguage":"pt-BR","@id":"https:\/\/noticiasemdestaque.com\/cd\/?p=20034#primaryimage","url":"https:\/\/noticiasemdestaque.com\/cd\/wp-content\/uploads\/2019\/10\/georgeaquino_tribuna-600x398.jpg","contentUrl":"https:\/\/noticiasemdestaque.com\/cd\/wp-content\/uploads\/2019\/10\/georgeaquino_tribuna-600x398.jpg","width":600,"height":398},{"@type":"BreadcrumbList","@id":"https:\/\/noticiasemdestaque.com\/cd\/?p=20034#breadcrumb","itemListElement":[{"@type":"ListItem","position":1,"name":"In\u00edcio","item":"https:\/\/noticiasemdestaque.com\/cd\/"},{"@type":"ListItem","position":2,"name":"Vereador do PSB confirma que disputar\u00e1 prefeitura de S\u00e3o Jo\u00e3o do Cariri em 2020"}]},{"@type":"WebSite","@id":"https:\/\/noticiasemdestaque.com\/cd\/#website","url":"https:\/\/noticiasemdestaque.com\/cd\/","name":"Not&iacute;cias em Destaque","description":"","publisher":{"@id":"https:\/\/noticiasemdestaque.com\/cd\/#organization"},"potentialAction":[{"@type":"SearchAction","target":{"@type":"EntryPoint","urlTemplate":"https:\/\/noticiasemdestaque.com\/cd\/?s={search_term_string}"},"query-input":{"@type":"PropertyValueSpecification","valueRequired":true,"valueName":"search_term_string"}}],"inLanguage":"pt-BR"},{"@type":"Organization","@id":"https:\/\/noticiasemdestaque.com\/cd\/#organization","name":"Not\u00edcias em Destaque","url":"https:\/\/noticiasemdestaque.com\/cd\/","logo":{"@type":"ImageObject","inLanguage":"pt-BR","@id":"https:\/\/noticiasemdestaque.com\/cd\/#\/schema\/logo\/image\/","url":"https:\/\/noticiasemdestaque.com\/cd\/wp-content\/uploads\/2022\/05\/imagem-base-noticiasemdestaque.png","contentUrl":"https:\/\/noticiasemdestaque.com\/cd\/wp-content\/uploads\/2022\/05\/imagem-base-noticiasemdestaque.png","width":1200,"height":630,"caption":"Not\u00edcias em Destaque"},"image":{"@id":"https:\/\/noticiasemdestaque.com\/cd\/#\/schema\/logo\/image\/"}},{"@type":"Person","@id":"https:\/\/noticiasemdestaque.com\/cd\/#\/schema\/person\/3e6ba396ff5664a69c392f09a8e1504c","name":"Not\u00edcias em Destaque","url":"https:\/\/noticiasemdestaque.com\/cd\/?author=2"}]}},"jetpack_featured_media_url":"https:\/\/noticiasemdestaque.com\/cd\/wp-content\/uploads\/2019\/10\/georgeaquino_tribuna-600x398.jpg","jetpack_sharing_enabled":true,"_links":{"self":[{"href":"https:\/\/noticiasemdestaque.com\/cd\/index.php?rest_route=\/wp\/v2\/posts\/20034","targetHints":{"allow":["GET"]}}],"collection":[{"href":"https:\/\/noticiasemdestaque.com\/cd\/index.php?rest_route=\/wp\/v2\/posts"}],"about":[{"href":"https:\/\/noticiasemdestaque.com\/cd\/index.php?rest_route=\/wp\/v2\/types\/post"}],"author":[{"embeddable":true,"href":"https:\/\/noticiasemdestaque.com\/cd\/index.php?rest_route=\/wp\/v2\/users\/2"}],"replies":[{"embeddable":true,"href":"https:\/\/noticiasemdestaque.com\/cd\/index.php?rest_route=%2Fwp%2Fv2%2Fcomments&post=20034"}],"version-history":[{"count":1,"href":"https:\/\/noticiasemdestaque.com\/cd\/index.php?rest_route=\/wp\/v2\/posts\/20034\/revisions"}],"predecessor-version":[{"id":20036,"href":"https:\/\/noticiasemdestaque.com\/cd\/index.php?rest_route=\/wp\/v2\/posts\/20034\/revisions\/20036"}],"wp:featuredmedia":[{"embeddable":true,"href":"https:\/\/noticiasemdestaque.com\/cd\/index.php?rest_route=\/wp\/v2\/media\/20035"}],"wp:attachment":[{"href":"https:\/\/noticiasemdestaque.com\/cd\/index.php?rest_route=%2Fwp%2Fv2%2Fmedia&parent=20034"}],"wp:term":[{"taxonomy":"category","embeddable":true,"href":"https:\/\/noticiasemdestaque.com\/cd\/index.php?rest_route=%2Fwp%2Fv2%2Fcategories&post=20034"},{"taxonomy":"post_tag","embeddable":true,"href":"https:\/\/noticiasemdestaque.com\/cd\/index.php?rest_route=%2Fwp%2Fv2%2Ftags&post=20034"}],"curies":[{"name":"wp","href":"https:\/\/api.w.org\/{rel}","templated":true}]}}