{"id":19958,"date":"2019-10-01T07:28:53","date_gmt":"2019-10-01T10:28:53","guid":{"rendered":"http:\/\/noticiasemdestaque.com\/cd\/?p=19958"},"modified":"2019-10-01T07:28:53","modified_gmt":"2019-10-01T10:28:53","slug":"curso-de-extensao-sobre-seguranca-publica-inicia-na-quarta-no-cdsa","status":"publish","type":"post","link":"https:\/\/noticiasemdestaque.com\/cd\/?p=19958","title":{"rendered":"Curso de extens\u00e3o sobre seguran\u00e7a p\u00fablica inicia na quarta no CDSA"},"content":{"rendered":"<p><a href=\"https:\/\/noticiasemdestaque.com\/cd\/wp-content\/uploads\/2019\/04\/cdsa-sume.jpg\"><img fetchpriority=\"high\" decoding=\"async\" class=\"size-full wp-image-16794 aligncenter\" src=\"https:\/\/noticiasemdestaque.com\/cd\/wp-content\/uploads\/2019\/04\/cdsa-sume.jpg\" alt=\"\" width=\"960\" height=\"540\" srcset=\"https:\/\/noticiasemdestaque.com\/cd\/wp-content\/uploads\/2019\/04\/cdsa-sume.jpg 960w, https:\/\/noticiasemdestaque.com\/cd\/wp-content\/uploads\/2019\/04\/cdsa-sume-300x169.jpg 300w, https:\/\/noticiasemdestaque.com\/cd\/wp-content\/uploads\/2019\/04\/cdsa-sume-768x432.jpg 768w\" sizes=\"(max-width: 960px) 100vw, 960px\" \/><\/a><\/p>\n<p>Ser\u00e1 iniciado na quarta-feira, 2 de outubro,\u00a0\u00e0s 10h, na sala 14 da Central de Aulas 1, do Centro de Desenvolvimento Sustent\u00e1vel do Semi\u00e1rido da UFCG, o curso de extens\u00e3o sobre seguran\u00e7a p\u00fablica, promovido pelo professor da Unidade Acad\u00eamica de Gest\u00e3o P\u00fablica e coordenador do N\u00facleo de Estudos da Viol\u00eancia da UFCG (NEVU), Jos\u00e9 Maria Pereira da N\u00f3brega J\u00fanior.<\/p>\n<p>O material did\u00e1tico b\u00e1sico para o curso ser\u00e1 o livro &#8221; Democracia, Viol\u00eancia e Seguran\u00e7a P\u00fablica no Brasil&#8221;, dispon\u00edvel no endere\u00e7o:\u00a0<a href=\"https:\/\/editora.ufcg.edu.br\/ebooks\/151\/view_bl\/65\/publicacoes-2019\/62\/democracia-violencia-e-seguranca-publica-no-brasil.html?tab=getmybooksTab&amp;is_show_data=1\">https:\/\/editora.ufcg.edu.br\/ebooks\/151\/view_bl\/65\/publicacoes-2019\/62\/democracia-violencia-e-seguranca-publica-no-brasil.html?tab=getmybooksTab&amp;is_show_data=1<\/a>.<\/p>\n<p>Acesse\u00a0<a href=\"http:\/\/www.cdsa.ufcg.edu.br\/cdsa\/publicacoes\/category\/15-arquivos-aulas.html?download=696:curso-de-extens%C3%A3o-em-seguran%C3%A7a-p%C3%BAblica-rela%C3%A7%C3%A3o-dos-alunos-selecionados\" target=\"_blank\" rel=\"noopener noreferrer\">aqui<\/a>\u00a0a lista dos alunos selecionados para o curso.<\/p>\n<p>Assimp CDSA\/UFCG<\/p>\n<p>&nbsp;<\/p>\n","protected":false},"excerpt":{"rendered":"<p>Ser\u00e1 iniciado na quarta-feira, 2 de outubro,\u00a0\u00e0s 10h, na sala 14 da Central de Aulas 1, do Centro de Desenvolvimento Sustent\u00e1vel do Semi\u00e1rido da UFCG, o curso de extens\u00e3o sobre seguran\u00e7a p\u00fablica, promovido pelo professor da Unidade Acad\u00eamica de Gest\u00e3o P\u00fablica e coordenador do N\u00facleo de Estudos da Viol\u00eancia da UFCG (NEVU), Jos\u00e9 Maria Pereira da N\u00f3brega J\u00fanior. O material did\u00e1tico b\u00e1sico para o curso ser\u00e1 o livro &#8221; Democracia, Viol\u00eancia e Seguran\u00e7a P\u00fablica no Brasil&#8221;, dispon\u00edvel no endere\u00e7o:\u00a0https:\/\/editora.ufcg.edu.br\/ebooks\/151\/view_bl\/65\/publicacoes-2019\/62\/democracia-violencia-e-seguranca-publica-no-brasil.html?tab=getmybooksTab&amp;is_show_data=1. Acesse\u00a0aqui\u00a0a lista dos alunos selecionados para o curso. Assimp CDSA\/UFCG &nbsp;<\/p>\n","protected":false},"author":2,"featured_media":16794,"comment_status":"closed","ping_status":"open","sticky":false,"template":"","format":"standard","meta":{"_eb_attr":"","_jetpack_memberships_contains_paid_content":false,"footnotes":""},"categories":[6],"tags":[],"class_list":["post-19958","post","type-post","status-publish","format-standard","has-post-thumbnail","hentry","category-educacao"],"yoast_head":"<!-- This site is optimized with the Yoast SEO plugin v26.5 - https:\/\/yoast.com\/wordpress\/plugins\/seo\/ -->\n<title>Curso de extens\u00e3o sobre seguran\u00e7a p\u00fablica inicia na quarta no CDSA - Not&iacute;cias em Destaque<\/title>\n<meta name=\"robots\" content=\"index, follow, max-snippet:-1, max-image-preview:large, max-video-preview:-1\" \/>\n<link rel=\"canonical\" href=\"https:\/\/noticiasemdestaque.com\/cd\/?p=19958\" \/>\n<meta property=\"og:locale\" content=\"pt_BR\" \/>\n<meta property=\"og:type\" content=\"article\" \/>\n<meta property=\"og:title\" content=\"Curso de extens\u00e3o sobre seguran\u00e7a p\u00fablica inicia na quarta no CDSA - Not&iacute;cias em Destaque\" \/>\n<meta property=\"og:description\" content=\"Ser\u00e1 iniciado na quarta-feira, 2 de outubro,\u00a0\u00e0s 10h, na sala 14 da Central de Aulas 1, do Centro de Desenvolvimento Sustent\u00e1vel do Semi\u00e1rido da UFCG, o curso de extens\u00e3o sobre seguran\u00e7a p\u00fablica, promovido pelo professor da Unidade Acad\u00eamica de Gest\u00e3o P\u00fablica e coordenador do N\u00facleo de Estudos da Viol\u00eancia da UFCG (NEVU), Jos\u00e9 Maria Pereira da N\u00f3brega J\u00fanior. O material did\u00e1tico b\u00e1sico para o curso ser\u00e1 o livro &#8221; Democracia, Viol\u00eancia e Seguran\u00e7a P\u00fablica no Brasil&#8221;, dispon\u00edvel no endere\u00e7o:\u00a0https:\/\/editora.ufcg.edu.br\/ebooks\/151\/view_bl\/65\/publicacoes-2019\/62\/democracia-violencia-e-seguranca-publica-no-brasil.html?tab=getmybooksTab&amp;is_show_data=1. Acesse\u00a0aqui\u00a0a lista dos alunos selecionados para o curso. Assimp CDSA\/UFCG &nbsp;\" \/>\n<meta property=\"og:url\" content=\"https:\/\/noticiasemdestaque.com\/cd\/?p=19958\" \/>\n<meta property=\"og:site_name\" content=\"Not&iacute;cias em Destaque\" \/>\n<meta property=\"article:published_time\" content=\"2019-10-01T10:28:53+00:00\" \/>\n<meta property=\"og:image\" content=\"https:\/\/noticiasemdestaque.com\/cd\/wp-content\/uploads\/2019\/04\/cdsa-sume.jpg\" \/>\n\t<meta property=\"og:image:width\" content=\"960\" \/>\n\t<meta property=\"og:image:height\" content=\"540\" \/>\n\t<meta property=\"og:image:type\" content=\"image\/jpeg\" \/>\n<meta name=\"author\" content=\"Not\u00edcias em Destaque\" \/>\n<meta name=\"twitter:card\" content=\"summary_large_image\" \/>\n<meta name=\"twitter:label1\" content=\"Escrito por\" \/>\n\t<meta name=\"twitter:data1\" content=\"Not\u00edcias em Destaque\" \/>\n\t<meta name=\"twitter:label2\" content=\"Est. tempo de leitura\" \/>\n\t<meta name=\"twitter:data2\" content=\"1 minuto\" \/>\n<script type=\"application\/ld+json\" class=\"yoast-schema-graph\">{\"@context\":\"https:\/\/schema.org\",\"@graph\":[{\"@type\":\"Article\",\"@id\":\"https:\/\/noticiasemdestaque.com\/cd\/?p=19958#article\",\"isPartOf\":{\"@id\":\"https:\/\/noticiasemdestaque.com\/cd\/?p=19958\"},\"author\":{\"name\":\"Not\u00edcias em Destaque\",\"@id\":\"https:\/\/noticiasemdestaque.com\/cd\/#\/schema\/person\/21320b03a7e8bb90128938dafc9b908a\"},\"headline\":\"Curso de extens\u00e3o sobre seguran\u00e7a p\u00fablica inicia na quarta no CDSA\",\"datePublished\":\"2019-10-01T10:28:53+00:00\",\"mainEntityOfPage\":{\"@id\":\"https:\/\/noticiasemdestaque.com\/cd\/?p=19958\"},\"wordCount\":140,\"publisher\":{\"@id\":\"https:\/\/noticiasemdestaque.com\/cd\/#organization\"},\"image\":{\"@id\":\"https:\/\/noticiasemdestaque.com\/cd\/?p=19958#primaryimage\"},\"thumbnailUrl\":\"https:\/\/noticiasemdestaque.com\/cd\/wp-content\/uploads\/2019\/04\/cdsa-sume.jpg\",\"articleSection\":[\"Educa\u00e7\u00e3o\"],\"inLanguage\":\"pt-BR\"},{\"@type\":\"WebPage\",\"@id\":\"https:\/\/noticiasemdestaque.com\/cd\/?p=19958\",\"url\":\"https:\/\/noticiasemdestaque.com\/cd\/?p=19958\",\"name\":\"Curso de extens\u00e3o sobre seguran\u00e7a p\u00fablica inicia na quarta no CDSA - Not&iacute;cias em Destaque\",\"isPartOf\":{\"@id\":\"https:\/\/noticiasemdestaque.com\/cd\/#website\"},\"primaryImageOfPage\":{\"@id\":\"https:\/\/noticiasemdestaque.com\/cd\/?p=19958#primaryimage\"},\"image\":{\"@id\":\"https:\/\/noticiasemdestaque.com\/cd\/?p=19958#primaryimage\"},\"thumbnailUrl\":\"https:\/\/noticiasemdestaque.com\/cd\/wp-content\/uploads\/2019\/04\/cdsa-sume.jpg\",\"datePublished\":\"2019-10-01T10:28:53+00:00\",\"breadcrumb\":{\"@id\":\"https:\/\/noticiasemdestaque.com\/cd\/?p=19958#breadcrumb\"},\"inLanguage\":\"pt-BR\",\"potentialAction\":[{\"@type\":\"ReadAction\",\"target\":[\"https:\/\/noticiasemdestaque.com\/cd\/?p=19958\"]}]},{\"@type\":\"ImageObject\",\"inLanguage\":\"pt-BR\",\"@id\":\"https:\/\/noticiasemdestaque.com\/cd\/?p=19958#primaryimage\",\"url\":\"https:\/\/noticiasemdestaque.com\/cd\/wp-content\/uploads\/2019\/04\/cdsa-sume.jpg\",\"contentUrl\":\"https:\/\/noticiasemdestaque.com\/cd\/wp-content\/uploads\/2019\/04\/cdsa-sume.jpg\",\"width\":960,\"height\":540},{\"@type\":\"BreadcrumbList\",\"@id\":\"https:\/\/noticiasemdestaque.com\/cd\/?p=19958#breadcrumb\",\"itemListElement\":[{\"@type\":\"ListItem\",\"position\":1,\"name\":\"In\u00edcio\",\"item\":\"https:\/\/noticiasemdestaque.com\/cd\/\"},{\"@type\":\"ListItem\",\"position\":2,\"name\":\"Curso de extens\u00e3o sobre seguran\u00e7a p\u00fablica inicia na quarta no CDSA\"}]},{\"@type\":\"WebSite\",\"@id\":\"https:\/\/noticiasemdestaque.com\/cd\/#website\",\"url\":\"https:\/\/noticiasemdestaque.com\/cd\/\",\"name\":\"Not&iacute;cias em Destaque\",\"description\":\"\",\"publisher\":{\"@id\":\"https:\/\/noticiasemdestaque.com\/cd\/#organization\"},\"potentialAction\":[{\"@type\":\"SearchAction\",\"target\":{\"@type\":\"EntryPoint\",\"urlTemplate\":\"https:\/\/noticiasemdestaque.com\/cd\/?s={search_term_string}\"},\"query-input\":{\"@type\":\"PropertyValueSpecification\",\"valueRequired\":true,\"valueName\":\"search_term_string\"}}],\"inLanguage\":\"pt-BR\"},{\"@type\":\"Organization\",\"@id\":\"https:\/\/noticiasemdestaque.com\/cd\/#organization\",\"name\":\"Not\u00edcias em Destaque\",\"url\":\"https:\/\/noticiasemdestaque.com\/cd\/\",\"logo\":{\"@type\":\"ImageObject\",\"inLanguage\":\"pt-BR\",\"@id\":\"https:\/\/noticiasemdestaque.com\/cd\/#\/schema\/logo\/image\/\",\"url\":\"https:\/\/noticiasemdestaque.com\/cd\/wp-content\/uploads\/2022\/05\/imagem-base-noticiasemdestaque.png\",\"contentUrl\":\"https:\/\/noticiasemdestaque.com\/cd\/wp-content\/uploads\/2022\/05\/imagem-base-noticiasemdestaque.png\",\"width\":1200,\"height\":630,\"caption\":\"Not\u00edcias em Destaque\"},\"image\":{\"@id\":\"https:\/\/noticiasemdestaque.com\/cd\/#\/schema\/logo\/image\/\"}},{\"@type\":\"Person\",\"@id\":\"https:\/\/noticiasemdestaque.com\/cd\/#\/schema\/person\/21320b03a7e8bb90128938dafc9b908a\",\"name\":\"Not\u00edcias em Destaque\",\"url\":\"https:\/\/noticiasemdestaque.com\/cd\/?author=2\"}]}<\/script>\n<!-- \/ Yoast SEO plugin. -->","yoast_head_json":{"title":"Curso de extens\u00e3o sobre seguran\u00e7a p\u00fablica inicia na quarta no CDSA - Not&iacute;cias em Destaque","robots":{"index":"index","follow":"follow","max-snippet":"max-snippet:-1","max-image-preview":"max-image-preview:large","max-video-preview":"max-video-preview:-1"},"canonical":"https:\/\/noticiasemdestaque.com\/cd\/?p=19958","og_locale":"pt_BR","og_type":"article","og_title":"Curso de extens\u00e3o sobre seguran\u00e7a p\u00fablica inicia na quarta no CDSA - Not&iacute;cias em Destaque","og_description":"Ser\u00e1 iniciado na quarta-feira, 2 de outubro,\u00a0\u00e0s 10h, na sala 14 da Central de Aulas 1, do Centro de Desenvolvimento Sustent\u00e1vel do Semi\u00e1rido da UFCG, o curso de extens\u00e3o sobre seguran\u00e7a p\u00fablica, promovido pelo professor da Unidade Acad\u00eamica de Gest\u00e3o P\u00fablica e coordenador do N\u00facleo de Estudos da Viol\u00eancia da UFCG (NEVU), Jos\u00e9 Maria Pereira da N\u00f3brega J\u00fanior. O material did\u00e1tico b\u00e1sico para o curso ser\u00e1 o livro &#8221; Democracia, Viol\u00eancia e Seguran\u00e7a P\u00fablica no Brasil&#8221;, dispon\u00edvel no endere\u00e7o:\u00a0https:\/\/editora.ufcg.edu.br\/ebooks\/151\/view_bl\/65\/publicacoes-2019\/62\/democracia-violencia-e-seguranca-publica-no-brasil.html?tab=getmybooksTab&amp;is_show_data=1. Acesse\u00a0aqui\u00a0a lista dos alunos selecionados para o curso. Assimp CDSA\/UFCG &nbsp;","og_url":"https:\/\/noticiasemdestaque.com\/cd\/?p=19958","og_site_name":"Not&iacute;cias em Destaque","article_published_time":"2019-10-01T10:28:53+00:00","og_image":[{"width":960,"height":540,"url":"https:\/\/noticiasemdestaque.com\/cd\/wp-content\/uploads\/2019\/04\/cdsa-sume.jpg","type":"image\/jpeg"}],"author":"Not\u00edcias em Destaque","twitter_card":"summary_large_image","twitter_misc":{"Escrito por":"Not\u00edcias em Destaque","Est. tempo de leitura":"1 minuto"},"schema":{"@context":"https:\/\/schema.org","@graph":[{"@type":"Article","@id":"https:\/\/noticiasemdestaque.com\/cd\/?p=19958#article","isPartOf":{"@id":"https:\/\/noticiasemdestaque.com\/cd\/?p=19958"},"author":{"name":"Not\u00edcias em Destaque","@id":"https:\/\/noticiasemdestaque.com\/cd\/#\/schema\/person\/21320b03a7e8bb90128938dafc9b908a"},"headline":"Curso de extens\u00e3o sobre seguran\u00e7a p\u00fablica inicia na quarta no CDSA","datePublished":"2019-10-01T10:28:53+00:00","mainEntityOfPage":{"@id":"https:\/\/noticiasemdestaque.com\/cd\/?p=19958"},"wordCount":140,"publisher":{"@id":"https:\/\/noticiasemdestaque.com\/cd\/#organization"},"image":{"@id":"https:\/\/noticiasemdestaque.com\/cd\/?p=19958#primaryimage"},"thumbnailUrl":"https:\/\/noticiasemdestaque.com\/cd\/wp-content\/uploads\/2019\/04\/cdsa-sume.jpg","articleSection":["Educa\u00e7\u00e3o"],"inLanguage":"pt-BR"},{"@type":"WebPage","@id":"https:\/\/noticiasemdestaque.com\/cd\/?p=19958","url":"https:\/\/noticiasemdestaque.com\/cd\/?p=19958","name":"Curso de extens\u00e3o sobre seguran\u00e7a p\u00fablica inicia na quarta no CDSA - Not&iacute;cias em Destaque","isPartOf":{"@id":"https:\/\/noticiasemdestaque.com\/cd\/#website"},"primaryImageOfPage":{"@id":"https:\/\/noticiasemdestaque.com\/cd\/?p=19958#primaryimage"},"image":{"@id":"https:\/\/noticiasemdestaque.com\/cd\/?p=19958#primaryimage"},"thumbnailUrl":"https:\/\/noticiasemdestaque.com\/cd\/wp-content\/uploads\/2019\/04\/cdsa-sume.jpg","datePublished":"2019-10-01T10:28:53+00:00","breadcrumb":{"@id":"https:\/\/noticiasemdestaque.com\/cd\/?p=19958#breadcrumb"},"inLanguage":"pt-BR","potentialAction":[{"@type":"ReadAction","target":["https:\/\/noticiasemdestaque.com\/cd\/?p=19958"]}]},{"@type":"ImageObject","inLanguage":"pt-BR","@id":"https:\/\/noticiasemdestaque.com\/cd\/?p=19958#primaryimage","url":"https:\/\/noticiasemdestaque.com\/cd\/wp-content\/uploads\/2019\/04\/cdsa-sume.jpg","contentUrl":"https:\/\/noticiasemdestaque.com\/cd\/wp-content\/uploads\/2019\/04\/cdsa-sume.jpg","width":960,"height":540},{"@type":"BreadcrumbList","@id":"https:\/\/noticiasemdestaque.com\/cd\/?p=19958#breadcrumb","itemListElement":[{"@type":"ListItem","position":1,"name":"In\u00edcio","item":"https:\/\/noticiasemdestaque.com\/cd\/"},{"@type":"ListItem","position":2,"name":"Curso de extens\u00e3o sobre seguran\u00e7a p\u00fablica inicia na quarta no CDSA"}]},{"@type":"WebSite","@id":"https:\/\/noticiasemdestaque.com\/cd\/#website","url":"https:\/\/noticiasemdestaque.com\/cd\/","name":"Not&iacute;cias em Destaque","description":"","publisher":{"@id":"https:\/\/noticiasemdestaque.com\/cd\/#organization"},"potentialAction":[{"@type":"SearchAction","target":{"@type":"EntryPoint","urlTemplate":"https:\/\/noticiasemdestaque.com\/cd\/?s={search_term_string}"},"query-input":{"@type":"PropertyValueSpecification","valueRequired":true,"valueName":"search_term_string"}}],"inLanguage":"pt-BR"},{"@type":"Organization","@id":"https:\/\/noticiasemdestaque.com\/cd\/#organization","name":"Not\u00edcias em Destaque","url":"https:\/\/noticiasemdestaque.com\/cd\/","logo":{"@type":"ImageObject","inLanguage":"pt-BR","@id":"https:\/\/noticiasemdestaque.com\/cd\/#\/schema\/logo\/image\/","url":"https:\/\/noticiasemdestaque.com\/cd\/wp-content\/uploads\/2022\/05\/imagem-base-noticiasemdestaque.png","contentUrl":"https:\/\/noticiasemdestaque.com\/cd\/wp-content\/uploads\/2022\/05\/imagem-base-noticiasemdestaque.png","width":1200,"height":630,"caption":"Not\u00edcias em Destaque"},"image":{"@id":"https:\/\/noticiasemdestaque.com\/cd\/#\/schema\/logo\/image\/"}},{"@type":"Person","@id":"https:\/\/noticiasemdestaque.com\/cd\/#\/schema\/person\/21320b03a7e8bb90128938dafc9b908a","name":"Not\u00edcias em Destaque","url":"https:\/\/noticiasemdestaque.com\/cd\/?author=2"}]}},"jetpack_featured_media_url":"https:\/\/noticiasemdestaque.com\/cd\/wp-content\/uploads\/2019\/04\/cdsa-sume.jpg","jetpack_sharing_enabled":true,"_links":{"self":[{"href":"https:\/\/noticiasemdestaque.com\/cd\/index.php?rest_route=\/wp\/v2\/posts\/19958","targetHints":{"allow":["GET"]}}],"collection":[{"href":"https:\/\/noticiasemdestaque.com\/cd\/index.php?rest_route=\/wp\/v2\/posts"}],"about":[{"href":"https:\/\/noticiasemdestaque.com\/cd\/index.php?rest_route=\/wp\/v2\/types\/post"}],"author":[{"embeddable":true,"href":"https:\/\/noticiasemdestaque.com\/cd\/index.php?rest_route=\/wp\/v2\/users\/2"}],"replies":[{"embeddable":true,"href":"https:\/\/noticiasemdestaque.com\/cd\/index.php?rest_route=%2Fwp%2Fv2%2Fcomments&post=19958"}],"version-history":[{"count":1,"href":"https:\/\/noticiasemdestaque.com\/cd\/index.php?rest_route=\/wp\/v2\/posts\/19958\/revisions"}],"predecessor-version":[{"id":19960,"href":"https:\/\/noticiasemdestaque.com\/cd\/index.php?rest_route=\/wp\/v2\/posts\/19958\/revisions\/19960"}],"wp:featuredmedia":[{"embeddable":true,"href":"https:\/\/noticiasemdestaque.com\/cd\/index.php?rest_route=\/wp\/v2\/media\/16794"}],"wp:attachment":[{"href":"https:\/\/noticiasemdestaque.com\/cd\/index.php?rest_route=%2Fwp%2Fv2%2Fmedia&parent=19958"}],"wp:term":[{"taxonomy":"category","embeddable":true,"href":"https:\/\/noticiasemdestaque.com\/cd\/index.php?rest_route=%2Fwp%2Fv2%2Fcategories&post=19958"},{"taxonomy":"post_tag","embeddable":true,"href":"https:\/\/noticiasemdestaque.com\/cd\/index.php?rest_route=%2Fwp%2Fv2%2Ftags&post=19958"}],"curies":[{"name":"wp","href":"https:\/\/api.w.org\/{rel}","templated":true}]}}