{"id":1982,"date":"2017-07-18T11:32:40","date_gmt":"2017-07-18T14:32:40","guid":{"rendered":"http:\/\/caririemdestaque.com\/cd\/?p=1982"},"modified":"2017-07-18T11:32:40","modified_gmt":"2017-07-18T14:32:40","slug":"sai-resultado-parcial-do-processo-seletivo-para-o-programa-crianca-feliz","status":"publish","type":"post","link":"https:\/\/noticiasemdestaque.com\/cd\/?p=1982","title":{"rendered":"Sai resultado parcial do Processo Seletivo para o Programa Crian\u00e7a Feliz"},"content":{"rendered":"<p><a href=\"http:\/\/caririemdestaque.com\/cd\/wp-content\/uploads\/2017\/07\/Imagens-de-DESTAQUE-s\u00f3-existe-deitada-107.jpg\"><img fetchpriority=\"high\" decoding=\"async\" class=\"size-medium wp-image-1983 alignleft\" src=\"http:\/\/caririemdestaque.com\/cd\/wp-content\/uploads\/2017\/07\/Imagens-de-DESTAQUE-s\u00f3-existe-deitada-107-300x225.jpg\" alt=\"\" width=\"300\" height=\"225\" srcset=\"https:\/\/noticiasemdestaque.com\/cd\/wp-content\/uploads\/2017\/07\/Imagens-de-DESTAQUE-s\u00f3-existe-deitada-107-300x225.jpg 300w, https:\/\/noticiasemdestaque.com\/cd\/wp-content\/uploads\/2017\/07\/Imagens-de-DESTAQUE-s\u00f3-existe-deitada-107-768x576.jpg 768w, https:\/\/noticiasemdestaque.com\/cd\/wp-content\/uploads\/2017\/07\/Imagens-de-DESTAQUE-s\u00f3-existe-deitada-107-640x480.jpg 640w, https:\/\/noticiasemdestaque.com\/cd\/wp-content\/uploads\/2017\/07\/Imagens-de-DESTAQUE-s\u00f3-existe-deitada-107.jpg 800w\" sizes=\"(max-width: 300px) 100vw, 300px\" \/><\/a>A Prefeitura de Sum\u00e9 divulgou nesta ter\u00e7a-feira (18\/070, o resultado parcial do Processo Seletivo P\u00fablico Simplificado com vistas \u00e0 contrata\u00e7\u00e3o de pessoal para o Programa Crian\u00e7a Feliz.<\/p>\n<p>O processo de sele\u00e7\u00e3o \u00e9 constitu\u00eddo em uma \u00fanica etapa (an\u00e1lise curricular), com pontua\u00e7\u00e3o que vai de zero a dez.<\/p>\n<p>Com a divulga\u00e7\u00e3o do resultado parcial, os candidatos que quiserem interpor recursos tem o prazo at\u00e9 esta quarta-feira (19\/07), das 08h \u00e0s 14h, para entregar o recurso \u00e0 Comiss\u00e3o de Fiscaliza\u00e7\u00e3o e Avalia\u00e7\u00e3o do Processo. Somente ser\u00e3o apreciados os recursos interpostos conforme as instru\u00e7\u00f5es contidas no Edital de Abertura, item 7.<\/p>\n<p>O resultado final do Processo Seletivo do Programa Crian\u00e7a Feliz ser\u00e1 publicado no pr\u00f3ximo dia 20 de julho.<\/p>\n<p>Est\u00e3o sendo oferecidas tr\u00eas vagas para o cargo de visitador com sal\u00e1rio de R$ 937,00 e carga hor\u00e1ria de 40 horas.<\/p>\n<p>O resultado parcial est\u00e1 publicado no Boletim Oficial do Munic\u00edpio do dia 18 de julho.<\/p>\n<p>Confira o resultado parcial:<\/p>\n<p><strong><a href=\"http:\/\/www.sume.pb.gov.br\/wp-content\/uploads\/2017\/07\/Resultado-Parcial-do-PSS-003.2017_Programa-Crian%C3%A7a-Feliz.pdf\">Resultado Parcial do PSS 003.2017_Programa Crian\u00e7a Feliz<\/a><\/strong><\/p>\n<p><strong>Cariri em Destaque<\/strong><\/p>\n<p>Com Ascom\/PMS<\/p>\n","protected":false},"excerpt":{"rendered":"<p>A Prefeitura de Sum\u00e9 divulgou nesta ter\u00e7a-feira (18\/070, o resultado parcial do Processo Seletivo P\u00fablico Simplificado com vistas \u00e0 contrata\u00e7\u00e3o de pessoal para o Programa Crian\u00e7a Feliz. O processo de sele\u00e7\u00e3o \u00e9 constitu\u00eddo em uma \u00fanica etapa (an\u00e1lise curricular), com pontua\u00e7\u00e3o que vai de zero a dez. Com a divulga\u00e7\u00e3o do resultado parcial, os candidatos que quiserem interpor recursos tem o prazo at\u00e9 esta quarta-feira (19\/07), das 08h \u00e0s 14h, para entregar o recurso \u00e0 Comiss\u00e3o de Fiscaliza\u00e7\u00e3o e Avalia\u00e7\u00e3o do Processo. Somente ser\u00e3o apreciados os recursos interpostos conforme as instru\u00e7\u00f5es contidas no Edital de Abertura, item 7. O resultado final do Processo Seletivo do Programa Crian\u00e7a Feliz ser\u00e1 publicado no pr\u00f3ximo dia 20 de julho. Est\u00e3o sendo oferecidas tr\u00eas vagas para o cargo de visitador com sal\u00e1rio de R$ 937,00 e carga hor\u00e1ria de 40 horas. O resultado parcial est\u00e1 publicado no Boletim Oficial do Munic\u00edpio do dia 18 de julho. Confira o resultado parcial: Resultado Parcial do PSS 003.2017_Programa Crian\u00e7a Feliz Cariri em Destaque Com Ascom\/PMS<\/p>\n","protected":false},"author":2,"featured_media":1983,"comment_status":"closed","ping_status":"open","sticky":false,"template":"","format":"standard","meta":{"_eb_attr":"","_jetpack_memberships_contains_paid_content":false,"footnotes":""},"categories":[3],"tags":[],"class_list":["post-1982","post","type-post","status-publish","format-standard","has-post-thumbnail","hentry","category-cidades"],"yoast_head":"<!-- This site is optimized with the Yoast SEO plugin v26.5 - https:\/\/yoast.com\/wordpress\/plugins\/seo\/ -->\n<title>Sai resultado parcial do Processo Seletivo para o Programa Crian\u00e7a Feliz - Not&iacute;cias em Destaque<\/title>\n<meta name=\"robots\" content=\"index, follow, max-snippet:-1, max-image-preview:large, max-video-preview:-1\" \/>\n<link rel=\"canonical\" href=\"https:\/\/noticiasemdestaque.com\/cd\/?p=1982\" \/>\n<meta property=\"og:locale\" content=\"pt_BR\" \/>\n<meta property=\"og:type\" content=\"article\" \/>\n<meta property=\"og:title\" content=\"Sai resultado parcial do Processo Seletivo para o Programa Crian\u00e7a Feliz - Not&iacute;cias em Destaque\" \/>\n<meta property=\"og:description\" content=\"A Prefeitura de Sum\u00e9 divulgou nesta ter\u00e7a-feira (18\/070, o resultado parcial do Processo Seletivo P\u00fablico Simplificado com vistas \u00e0 contrata\u00e7\u00e3o de pessoal para o Programa Crian\u00e7a Feliz. O processo de sele\u00e7\u00e3o \u00e9 constitu\u00eddo em uma \u00fanica etapa (an\u00e1lise curricular), com pontua\u00e7\u00e3o que vai de zero a dez. Com a divulga\u00e7\u00e3o do resultado parcial, os candidatos que quiserem interpor recursos tem o prazo at\u00e9 esta quarta-feira (19\/07), das 08h \u00e0s 14h, para entregar o recurso \u00e0 Comiss\u00e3o de Fiscaliza\u00e7\u00e3o e Avalia\u00e7\u00e3o do Processo. Somente ser\u00e3o apreciados os recursos interpostos conforme as instru\u00e7\u00f5es contidas no Edital de Abertura, item 7. O resultado final do Processo Seletivo do Programa Crian\u00e7a Feliz ser\u00e1 publicado no pr\u00f3ximo dia 20 de julho. Est\u00e3o sendo oferecidas tr\u00eas vagas para o cargo de visitador com sal\u00e1rio de R$ 937,00 e carga hor\u00e1ria de 40 horas. O resultado parcial est\u00e1 publicado no Boletim Oficial do Munic\u00edpio do dia 18 de julho. Confira o resultado parcial: Resultado Parcial do PSS 003.2017_Programa Crian\u00e7a Feliz Cariri em Destaque Com Ascom\/PMS\" \/>\n<meta property=\"og:url\" content=\"https:\/\/noticiasemdestaque.com\/cd\/?p=1982\" \/>\n<meta property=\"og:site_name\" content=\"Not&iacute;cias em Destaque\" \/>\n<meta property=\"article:published_time\" content=\"2017-07-18T14:32:40+00:00\" \/>\n<meta property=\"og:image\" content=\"https:\/\/noticiasemdestaque.com\/cd\/wp-content\/uploads\/2017\/07\/Imagens-de-DESTAQUE-s\u00f3-existe-deitada-107.jpg\" \/>\n\t<meta property=\"og:image:width\" content=\"800\" \/>\n\t<meta property=\"og:image:height\" content=\"600\" \/>\n\t<meta property=\"og:image:type\" content=\"image\/jpeg\" \/>\n<meta name=\"author\" content=\"Not\u00edcias em Destaque\" \/>\n<meta name=\"twitter:card\" content=\"summary_large_image\" \/>\n<meta name=\"twitter:label1\" content=\"Escrito por\" \/>\n\t<meta name=\"twitter:data1\" content=\"Not\u00edcias em Destaque\" \/>\n\t<meta name=\"twitter:label2\" content=\"Est. tempo de leitura\" \/>\n\t<meta name=\"twitter:data2\" content=\"1 minuto\" \/>\n<script type=\"application\/ld+json\" class=\"yoast-schema-graph\">{\"@context\":\"https:\/\/schema.org\",\"@graph\":[{\"@type\":\"Article\",\"@id\":\"https:\/\/noticiasemdestaque.com\/cd\/?p=1982#article\",\"isPartOf\":{\"@id\":\"https:\/\/noticiasemdestaque.com\/cd\/?p=1982\"},\"author\":{\"name\":\"Not\u00edcias em Destaque\",\"@id\":\"https:\/\/noticiasemdestaque.com\/cd\/#\/schema\/person\/47f7d4f55eec17c6b2ca036c5500f6ce\"},\"headline\":\"Sai resultado parcial do Processo Seletivo para o Programa Crian\u00e7a Feliz\",\"datePublished\":\"2017-07-18T14:32:40+00:00\",\"mainEntityOfPage\":{\"@id\":\"https:\/\/noticiasemdestaque.com\/cd\/?p=1982\"},\"wordCount\":193,\"publisher\":{\"@id\":\"https:\/\/noticiasemdestaque.com\/cd\/#organization\"},\"image\":{\"@id\":\"https:\/\/noticiasemdestaque.com\/cd\/?p=1982#primaryimage\"},\"thumbnailUrl\":\"https:\/\/noticiasemdestaque.com\/cd\/wp-content\/uploads\/2017\/07\/Imagens-de-DESTAQUE-s\u00f3-existe-deitada-107.jpg\",\"articleSection\":[\"Cidades\"],\"inLanguage\":\"pt-BR\"},{\"@type\":\"WebPage\",\"@id\":\"https:\/\/noticiasemdestaque.com\/cd\/?p=1982\",\"url\":\"https:\/\/noticiasemdestaque.com\/cd\/?p=1982\",\"name\":\"Sai resultado parcial do Processo Seletivo para o Programa Crian\u00e7a Feliz - Not&iacute;cias em Destaque\",\"isPartOf\":{\"@id\":\"https:\/\/noticiasemdestaque.com\/cd\/#website\"},\"primaryImageOfPage\":{\"@id\":\"https:\/\/noticiasemdestaque.com\/cd\/?p=1982#primaryimage\"},\"image\":{\"@id\":\"https:\/\/noticiasemdestaque.com\/cd\/?p=1982#primaryimage\"},\"thumbnailUrl\":\"https:\/\/noticiasemdestaque.com\/cd\/wp-content\/uploads\/2017\/07\/Imagens-de-DESTAQUE-s\u00f3-existe-deitada-107.jpg\",\"datePublished\":\"2017-07-18T14:32:40+00:00\",\"breadcrumb\":{\"@id\":\"https:\/\/noticiasemdestaque.com\/cd\/?p=1982#breadcrumb\"},\"inLanguage\":\"pt-BR\",\"potentialAction\":[{\"@type\":\"ReadAction\",\"target\":[\"https:\/\/noticiasemdestaque.com\/cd\/?p=1982\"]}]},{\"@type\":\"ImageObject\",\"inLanguage\":\"pt-BR\",\"@id\":\"https:\/\/noticiasemdestaque.com\/cd\/?p=1982#primaryimage\",\"url\":\"https:\/\/noticiasemdestaque.com\/cd\/wp-content\/uploads\/2017\/07\/Imagens-de-DESTAQUE-s\u00f3-existe-deitada-107.jpg\",\"contentUrl\":\"https:\/\/noticiasemdestaque.com\/cd\/wp-content\/uploads\/2017\/07\/Imagens-de-DESTAQUE-s\u00f3-existe-deitada-107.jpg\",\"width\":800,\"height\":600},{\"@type\":\"BreadcrumbList\",\"@id\":\"https:\/\/noticiasemdestaque.com\/cd\/?p=1982#breadcrumb\",\"itemListElement\":[{\"@type\":\"ListItem\",\"position\":1,\"name\":\"In\u00edcio\",\"item\":\"https:\/\/noticiasemdestaque.com\/cd\/\"},{\"@type\":\"ListItem\",\"position\":2,\"name\":\"Sai resultado parcial do Processo Seletivo para o Programa Crian\u00e7a Feliz\"}]},{\"@type\":\"WebSite\",\"@id\":\"https:\/\/noticiasemdestaque.com\/cd\/#website\",\"url\":\"https:\/\/noticiasemdestaque.com\/cd\/\",\"name\":\"Not&iacute;cias em Destaque\",\"description\":\"\",\"publisher\":{\"@id\":\"https:\/\/noticiasemdestaque.com\/cd\/#organization\"},\"potentialAction\":[{\"@type\":\"SearchAction\",\"target\":{\"@type\":\"EntryPoint\",\"urlTemplate\":\"https:\/\/noticiasemdestaque.com\/cd\/?s={search_term_string}\"},\"query-input\":{\"@type\":\"PropertyValueSpecification\",\"valueRequired\":true,\"valueName\":\"search_term_string\"}}],\"inLanguage\":\"pt-BR\"},{\"@type\":\"Organization\",\"@id\":\"https:\/\/noticiasemdestaque.com\/cd\/#organization\",\"name\":\"Not\u00edcias em Destaque\",\"url\":\"https:\/\/noticiasemdestaque.com\/cd\/\",\"logo\":{\"@type\":\"ImageObject\",\"inLanguage\":\"pt-BR\",\"@id\":\"https:\/\/noticiasemdestaque.com\/cd\/#\/schema\/logo\/image\/\",\"url\":\"https:\/\/noticiasemdestaque.com\/cd\/wp-content\/uploads\/2022\/05\/imagem-base-noticiasemdestaque.png\",\"contentUrl\":\"https:\/\/noticiasemdestaque.com\/cd\/wp-content\/uploads\/2022\/05\/imagem-base-noticiasemdestaque.png\",\"width\":1200,\"height\":630,\"caption\":\"Not\u00edcias em Destaque\"},\"image\":{\"@id\":\"https:\/\/noticiasemdestaque.com\/cd\/#\/schema\/logo\/image\/\"}},{\"@type\":\"Person\",\"@id\":\"https:\/\/noticiasemdestaque.com\/cd\/#\/schema\/person\/47f7d4f55eec17c6b2ca036c5500f6ce\",\"name\":\"Not\u00edcias em Destaque\",\"url\":\"https:\/\/noticiasemdestaque.com\/cd\/?author=2\"}]}<\/script>\n<!-- \/ Yoast SEO plugin. -->","yoast_head_json":{"title":"Sai resultado parcial do Processo Seletivo para o Programa Crian\u00e7a Feliz - Not&iacute;cias em Destaque","robots":{"index":"index","follow":"follow","max-snippet":"max-snippet:-1","max-image-preview":"max-image-preview:large","max-video-preview":"max-video-preview:-1"},"canonical":"https:\/\/noticiasemdestaque.com\/cd\/?p=1982","og_locale":"pt_BR","og_type":"article","og_title":"Sai resultado parcial do Processo Seletivo para o Programa Crian\u00e7a Feliz - Not&iacute;cias em Destaque","og_description":"A Prefeitura de Sum\u00e9 divulgou nesta ter\u00e7a-feira (18\/070, o resultado parcial do Processo Seletivo P\u00fablico Simplificado com vistas \u00e0 contrata\u00e7\u00e3o de pessoal para o Programa Crian\u00e7a Feliz. O processo de sele\u00e7\u00e3o \u00e9 constitu\u00eddo em uma \u00fanica etapa (an\u00e1lise curricular), com pontua\u00e7\u00e3o que vai de zero a dez. Com a divulga\u00e7\u00e3o do resultado parcial, os candidatos que quiserem interpor recursos tem o prazo at\u00e9 esta quarta-feira (19\/07), das 08h \u00e0s 14h, para entregar o recurso \u00e0 Comiss\u00e3o de Fiscaliza\u00e7\u00e3o e Avalia\u00e7\u00e3o do Processo. Somente ser\u00e3o apreciados os recursos interpostos conforme as instru\u00e7\u00f5es contidas no Edital de Abertura, item 7. O resultado final do Processo Seletivo do Programa Crian\u00e7a Feliz ser\u00e1 publicado no pr\u00f3ximo dia 20 de julho. Est\u00e3o sendo oferecidas tr\u00eas vagas para o cargo de visitador com sal\u00e1rio de R$ 937,00 e carga hor\u00e1ria de 40 horas. O resultado parcial est\u00e1 publicado no Boletim Oficial do Munic\u00edpio do dia 18 de julho. Confira o resultado parcial: Resultado Parcial do PSS 003.2017_Programa Crian\u00e7a Feliz Cariri em Destaque Com Ascom\/PMS","og_url":"https:\/\/noticiasemdestaque.com\/cd\/?p=1982","og_site_name":"Not&iacute;cias em Destaque","article_published_time":"2017-07-18T14:32:40+00:00","og_image":[{"width":800,"height":600,"url":"https:\/\/noticiasemdestaque.com\/cd\/wp-content\/uploads\/2017\/07\/Imagens-de-DESTAQUE-s\u00f3-existe-deitada-107.jpg","type":"image\/jpeg"}],"author":"Not\u00edcias em Destaque","twitter_card":"summary_large_image","twitter_misc":{"Escrito por":"Not\u00edcias em Destaque","Est. tempo de leitura":"1 minuto"},"schema":{"@context":"https:\/\/schema.org","@graph":[{"@type":"Article","@id":"https:\/\/noticiasemdestaque.com\/cd\/?p=1982#article","isPartOf":{"@id":"https:\/\/noticiasemdestaque.com\/cd\/?p=1982"},"author":{"name":"Not\u00edcias em Destaque","@id":"https:\/\/noticiasemdestaque.com\/cd\/#\/schema\/person\/47f7d4f55eec17c6b2ca036c5500f6ce"},"headline":"Sai resultado parcial do Processo Seletivo para o Programa Crian\u00e7a Feliz","datePublished":"2017-07-18T14:32:40+00:00","mainEntityOfPage":{"@id":"https:\/\/noticiasemdestaque.com\/cd\/?p=1982"},"wordCount":193,"publisher":{"@id":"https:\/\/noticiasemdestaque.com\/cd\/#organization"},"image":{"@id":"https:\/\/noticiasemdestaque.com\/cd\/?p=1982#primaryimage"},"thumbnailUrl":"https:\/\/noticiasemdestaque.com\/cd\/wp-content\/uploads\/2017\/07\/Imagens-de-DESTAQUE-s\u00f3-existe-deitada-107.jpg","articleSection":["Cidades"],"inLanguage":"pt-BR"},{"@type":"WebPage","@id":"https:\/\/noticiasemdestaque.com\/cd\/?p=1982","url":"https:\/\/noticiasemdestaque.com\/cd\/?p=1982","name":"Sai resultado parcial do Processo Seletivo para o Programa Crian\u00e7a Feliz - Not&iacute;cias em Destaque","isPartOf":{"@id":"https:\/\/noticiasemdestaque.com\/cd\/#website"},"primaryImageOfPage":{"@id":"https:\/\/noticiasemdestaque.com\/cd\/?p=1982#primaryimage"},"image":{"@id":"https:\/\/noticiasemdestaque.com\/cd\/?p=1982#primaryimage"},"thumbnailUrl":"https:\/\/noticiasemdestaque.com\/cd\/wp-content\/uploads\/2017\/07\/Imagens-de-DESTAQUE-s\u00f3-existe-deitada-107.jpg","datePublished":"2017-07-18T14:32:40+00:00","breadcrumb":{"@id":"https:\/\/noticiasemdestaque.com\/cd\/?p=1982#breadcrumb"},"inLanguage":"pt-BR","potentialAction":[{"@type":"ReadAction","target":["https:\/\/noticiasemdestaque.com\/cd\/?p=1982"]}]},{"@type":"ImageObject","inLanguage":"pt-BR","@id":"https:\/\/noticiasemdestaque.com\/cd\/?p=1982#primaryimage","url":"https:\/\/noticiasemdestaque.com\/cd\/wp-content\/uploads\/2017\/07\/Imagens-de-DESTAQUE-s\u00f3-existe-deitada-107.jpg","contentUrl":"https:\/\/noticiasemdestaque.com\/cd\/wp-content\/uploads\/2017\/07\/Imagens-de-DESTAQUE-s\u00f3-existe-deitada-107.jpg","width":800,"height":600},{"@type":"BreadcrumbList","@id":"https:\/\/noticiasemdestaque.com\/cd\/?p=1982#breadcrumb","itemListElement":[{"@type":"ListItem","position":1,"name":"In\u00edcio","item":"https:\/\/noticiasemdestaque.com\/cd\/"},{"@type":"ListItem","position":2,"name":"Sai resultado parcial do Processo Seletivo para o Programa Crian\u00e7a Feliz"}]},{"@type":"WebSite","@id":"https:\/\/noticiasemdestaque.com\/cd\/#website","url":"https:\/\/noticiasemdestaque.com\/cd\/","name":"Not&iacute;cias em Destaque","description":"","publisher":{"@id":"https:\/\/noticiasemdestaque.com\/cd\/#organization"},"potentialAction":[{"@type":"SearchAction","target":{"@type":"EntryPoint","urlTemplate":"https:\/\/noticiasemdestaque.com\/cd\/?s={search_term_string}"},"query-input":{"@type":"PropertyValueSpecification","valueRequired":true,"valueName":"search_term_string"}}],"inLanguage":"pt-BR"},{"@type":"Organization","@id":"https:\/\/noticiasemdestaque.com\/cd\/#organization","name":"Not\u00edcias em Destaque","url":"https:\/\/noticiasemdestaque.com\/cd\/","logo":{"@type":"ImageObject","inLanguage":"pt-BR","@id":"https:\/\/noticiasemdestaque.com\/cd\/#\/schema\/logo\/image\/","url":"https:\/\/noticiasemdestaque.com\/cd\/wp-content\/uploads\/2022\/05\/imagem-base-noticiasemdestaque.png","contentUrl":"https:\/\/noticiasemdestaque.com\/cd\/wp-content\/uploads\/2022\/05\/imagem-base-noticiasemdestaque.png","width":1200,"height":630,"caption":"Not\u00edcias em Destaque"},"image":{"@id":"https:\/\/noticiasemdestaque.com\/cd\/#\/schema\/logo\/image\/"}},{"@type":"Person","@id":"https:\/\/noticiasemdestaque.com\/cd\/#\/schema\/person\/47f7d4f55eec17c6b2ca036c5500f6ce","name":"Not\u00edcias em Destaque","url":"https:\/\/noticiasemdestaque.com\/cd\/?author=2"}]}},"jetpack_featured_media_url":"https:\/\/noticiasemdestaque.com\/cd\/wp-content\/uploads\/2017\/07\/Imagens-de-DESTAQUE-s\u00f3-existe-deitada-107.jpg","jetpack_sharing_enabled":true,"_links":{"self":[{"href":"https:\/\/noticiasemdestaque.com\/cd\/index.php?rest_route=\/wp\/v2\/posts\/1982","targetHints":{"allow":["GET"]}}],"collection":[{"href":"https:\/\/noticiasemdestaque.com\/cd\/index.php?rest_route=\/wp\/v2\/posts"}],"about":[{"href":"https:\/\/noticiasemdestaque.com\/cd\/index.php?rest_route=\/wp\/v2\/types\/post"}],"author":[{"embeddable":true,"href":"https:\/\/noticiasemdestaque.com\/cd\/index.php?rest_route=\/wp\/v2\/users\/2"}],"replies":[{"embeddable":true,"href":"https:\/\/noticiasemdestaque.com\/cd\/index.php?rest_route=%2Fwp%2Fv2%2Fcomments&post=1982"}],"version-history":[{"count":1,"href":"https:\/\/noticiasemdestaque.com\/cd\/index.php?rest_route=\/wp\/v2\/posts\/1982\/revisions"}],"predecessor-version":[{"id":1984,"href":"https:\/\/noticiasemdestaque.com\/cd\/index.php?rest_route=\/wp\/v2\/posts\/1982\/revisions\/1984"}],"wp:featuredmedia":[{"embeddable":true,"href":"https:\/\/noticiasemdestaque.com\/cd\/index.php?rest_route=\/wp\/v2\/media\/1983"}],"wp:attachment":[{"href":"https:\/\/noticiasemdestaque.com\/cd\/index.php?rest_route=%2Fwp%2Fv2%2Fmedia&parent=1982"}],"wp:term":[{"taxonomy":"category","embeddable":true,"href":"https:\/\/noticiasemdestaque.com\/cd\/index.php?rest_route=%2Fwp%2Fv2%2Fcategories&post=1982"},{"taxonomy":"post_tag","embeddable":true,"href":"https:\/\/noticiasemdestaque.com\/cd\/index.php?rest_route=%2Fwp%2Fv2%2Ftags&post=1982"}],"curies":[{"name":"wp","href":"https:\/\/api.w.org\/{rel}","templated":true}]}}