{"id":198,"date":"2017-06-06T17:31:40","date_gmt":"2017-06-06T20:31:40","guid":{"rendered":"http:\/\/caririemdestaque.com\/cd\/?p=198"},"modified":"2017-06-06T20:25:43","modified_gmt":"2017-06-06T23:25:43","slug":"diretor-de-escola-estadual-do-cariri-anuncia-afastamento","status":"publish","type":"post","link":"https:\/\/noticiasemdestaque.com\/cd\/?p=198","title":{"rendered":"Diretor de Escola Estadual do Cariri anuncia afastamento"},"content":{"rendered":"<p>&nbsp;<\/p>\n<p><a href=\"http:\/\/caririemdestaque.com\/cd\/wp-content\/uploads\/2017\/06\/Sem-t\u00edtulo.png\"><img fetchpriority=\"high\" decoding=\"async\" class=\"size-medium wp-image-202 aligncenter\" src=\"http:\/\/caririemdestaque.com\/cd\/wp-content\/uploads\/2017\/06\/Sem-t\u00edtulo-300x169.png\" alt=\"\" width=\"300\" height=\"169\" srcset=\"https:\/\/noticiasemdestaque.com\/cd\/wp-content\/uploads\/2017\/06\/Sem-t\u00edtulo-300x169.png 300w, https:\/\/noticiasemdestaque.com\/cd\/wp-content\/uploads\/2017\/06\/Sem-t\u00edtulo.png 410w\" sizes=\"(max-width: 300px) 100vw, 300px\" \/><\/a>Mesias Ramos, diretor da Escola Estadual Manoel Honorato Sobrinho, em Coxixola, anuncia seu afastamento do cargo e divulga nota de agradecimento. Confira na \u00edntegra a nota, a seguir:<\/p>\n<p>NOTA DE AGRADECIMENTO<\/p>\n<p>Aos Professores, Funcion\u00e1rios, Pais e Alunos da Escola Manoel Honorato Sobrinho.<\/p>\n<p>Queridos conterr\u00e2neos, hoje anuncio meu afastamento da Dire\u00e7\u00e3o da Escola Manoel Honorato Sobrinho, de Coxixola- PB.\u00a0 Minha sa\u00edda se d\u00e1 ap\u00f3s quase dois anos \u00e0 frente da Institui\u00e7\u00e3o, cujo motivo \u00e9 para dar continuidade ao Mestrado em Sociologia na UFCG, do qual me encontro cursando.<\/p>\n<p>Feitas as devidas explica\u00e7\u00f5es, considero prudente e honesto agradecer aos muitos que me ajudaram nesse \u00ednterim.<\/p>\n<p>Em primeiro lugar, louvo a Deus pela coragem e perspic\u00e1cia que Ele me concedeu, para enfrentar os in\u00fameros desafios.\u00a0 Depois, agrade\u00e7o aos \u201ctantos\u201d que estiveram ao meu lado num conv\u00edvio extremamente saud\u00e1vel e em rela\u00e7\u00f5es t\u00e3o amig\u00e1veis. Levo comigo a lembran\u00e7a de cada momento partilhado, cada desafio superado e os in\u00fameros amigos que me foram presenteados durante minha passagem pela gest\u00e3o da escola. N\u00e3o citarei nomes, mas de forma gen\u00e9rica agrade\u00e7o aos funcion\u00e1rios, professores e alunos, que num contato pr\u00f3ximo me fizeram compreender que vale \u00e0 pena dar o suor pela causa da Educa\u00e7\u00e3o. Apesar da desvaloriza\u00e7\u00e3o e dos desafios educacionais, ainda n\u00e3o conseguiu-se apagar as marcas do legado de um professor: oferecer um mundo infinito de conhecimentos a ser desbravado.<\/p>\n<p>Agrade\u00e7o tamb\u00e9m ao Prefeito Givaldo Limeira e ao Vice-Prefeito Nanam, pela parceria concedida \u00e0 Gest\u00e3o da Escola. Foi de suma relev\u00e2ncia a atua\u00e7\u00e3o da Prefeitura Municipal na condu\u00e7\u00e3o dos processos educacionais que me foram confiados. Sem d\u00favidas, as secretarias municipais tiveram um papel fundamental na condu\u00e7\u00e3o dos desafios postos, portanto, nada mais justo que render minha gratid\u00e3o a todos.<\/p>\n<p>Sinto-me, grato, tamb\u00e9m, a 5\u00aa Ger\u00eancia Regional de Ensino, cuja refer\u00eancia em seu Gerente Ary Prata, agrade\u00e7o a todos que trabalharam comigo numa parceria t\u00e3o intensa.\u00a0 Pude compartilhar experi\u00eancias magn\u00edficas e cultivar amizades, levadas comigo.<\/p>\n<p>Al\u00e9m do sentimento de gratid\u00e3o, sinto-me honrado em poder ter deixado minha contribui\u00e7\u00e3o \u00e0 Escola. Como estudante, professor e diretor que fui, certamente registro algo para a hist\u00f3ria da Institui\u00e7\u00e3o.<\/p>\n<p>Quero crer que ap\u00f3s esse tempo, conquistamos muitos avan\u00e7os, cujo auge foi o reconhecimento da Secretaria de Educa\u00e7\u00e3o do Estado, com o pr\u00eamio \u201cEscola de Valor\u201d no ano de 2016. Para mim, muito mais que um pr\u00eamio \u00e9 a certeza de que trilhamos o caminho certo no per\u00edodo em que estive na dire\u00e7\u00e3o da escola. Com erros, certamente, mas com o desejo de aprender li\u00e7\u00f5es em cada momento vivenciado. Saio com o sentimento de \u201cdever cumprido\u201d, n\u00e3o por ter feito tudo que deveria fazer, mas por ter feito aquilo que esteve ao alcance dos meus esfor\u00e7os. Seguramente, deixo um ambiente favor\u00e1vel ao pr\u00f3ximo gestor, do qual fa\u00e7o votos de \u00eaxito nos desafios que sempre nos s\u00e3o postos quando resolvemos adentrar na educa\u00e7\u00e3o. Que nossa Escola continue avan\u00e7ando cada vez mais e possamos nos tornar refer\u00eancia naquilo que nos propomos: ensinar.<\/p>\n<p>Por fim, reitero meu sentimento de gratid\u00e3o a todos que estiveram comigo nesta empreitada. Levo comigo cada um, cada viv\u00eancia que consolidou minha experi\u00eancia de vida. Como diria a f\u00e1bula das crian\u00e7as ao mundo dos adultos:<\/p>\n<p>\u201cFoi o tempo que dedicaste \u00e0 tua rosa que a fez t\u00e3o importante\u201d.<\/p>\n<p>Com aten\u00e7\u00e3o e carinho,<\/p>\n<p>Mesias Ramos de Sousa Neves<\/p>\n","protected":false},"excerpt":{"rendered":"<p>&nbsp; Mesias Ramos, diretor da Escola Estadual Manoel Honorato Sobrinho, em Coxixola, anuncia seu afastamento do cargo e divulga nota de agradecimento. Confira na \u00edntegra a nota, a seguir: NOTA DE AGRADECIMENTO Aos Professores, Funcion\u00e1rios, Pais e Alunos da Escola Manoel Honorato Sobrinho. Queridos conterr\u00e2neos, hoje anuncio meu afastamento da Dire\u00e7\u00e3o da Escola Manoel Honorato Sobrinho, de Coxixola- PB.\u00a0 Minha sa\u00edda se d\u00e1 ap\u00f3s quase dois anos \u00e0 frente da Institui\u00e7\u00e3o, cujo motivo \u00e9 para dar continuidade ao Mestrado em Sociologia na UFCG, do qual me encontro cursando. Feitas as devidas explica\u00e7\u00f5es, considero prudente e honesto agradecer aos muitos que me ajudaram nesse \u00ednterim. Em primeiro lugar, louvo a Deus pela coragem e perspic\u00e1cia que Ele me concedeu, para enfrentar os in\u00fameros desafios.\u00a0 Depois, agrade\u00e7o aos \u201ctantos\u201d que estiveram ao meu lado num conv\u00edvio extremamente saud\u00e1vel e em rela\u00e7\u00f5es t\u00e3o amig\u00e1veis. Levo comigo a lembran\u00e7a de cada momento partilhado, cada desafio superado e os in\u00fameros amigos que me foram presenteados durante minha passagem pela gest\u00e3o da escola. N\u00e3o citarei nomes, mas de forma gen\u00e9rica agrade\u00e7o aos funcion\u00e1rios, professores e alunos, que num contato pr\u00f3ximo me fizeram compreender que vale \u00e0 pena dar o suor pela causa da Educa\u00e7\u00e3o. Apesar da desvaloriza\u00e7\u00e3o e dos desafios educacionais, ainda n\u00e3o conseguiu-se apagar as marcas do legado de um professor: oferecer um mundo infinito de conhecimentos a ser desbravado. Agrade\u00e7o tamb\u00e9m ao Prefeito Givaldo Limeira e ao Vice-Prefeito Nanam, pela parceria concedida \u00e0 Gest\u00e3o da Escola. Foi de suma relev\u00e2ncia a atua\u00e7\u00e3o da Prefeitura Municipal na condu\u00e7\u00e3o dos processos educacionais que me foram confiados. Sem d\u00favidas, as secretarias municipais tiveram um papel fundamental na condu\u00e7\u00e3o dos desafios postos, portanto, nada mais justo que render minha gratid\u00e3o a todos. Sinto-me, grato, tamb\u00e9m, a 5\u00aa Ger\u00eancia Regional de Ensino, cuja refer\u00eancia em seu Gerente Ary Prata, agrade\u00e7o a todos que trabalharam comigo numa parceria t\u00e3o intensa.\u00a0 Pude compartilhar experi\u00eancias magn\u00edficas e cultivar amizades, levadas comigo. Al\u00e9m do sentimento de gratid\u00e3o, sinto-me honrado em poder ter deixado minha contribui\u00e7\u00e3o \u00e0 Escola. Como estudante, professor e diretor que fui, certamente registro algo para a hist\u00f3ria da Institui\u00e7\u00e3o. Quero crer que ap\u00f3s esse tempo, conquistamos muitos avan\u00e7os, cujo auge foi o reconhecimento da Secretaria de Educa\u00e7\u00e3o do Estado, com o pr\u00eamio \u201cEscola de Valor\u201d no ano de 2016. Para mim, muito mais que um pr\u00eamio \u00e9 a certeza de que trilhamos o caminho certo no per\u00edodo em que estive na dire\u00e7\u00e3o da escola. Com erros, certamente, mas com o desejo de aprender li\u00e7\u00f5es em cada momento vivenciado. Saio com o sentimento de \u201cdever cumprido\u201d, n\u00e3o por ter feito tudo que deveria fazer, mas por ter feito aquilo que esteve ao alcance dos meus esfor\u00e7os. Seguramente, deixo um ambiente favor\u00e1vel ao pr\u00f3ximo gestor, do qual fa\u00e7o votos de \u00eaxito nos desafios que sempre nos s\u00e3o postos quando resolvemos adentrar na educa\u00e7\u00e3o. Que nossa Escola continue avan\u00e7ando cada vez mais e possamos nos tornar refer\u00eancia naquilo que nos propomos: ensinar. Por fim, reitero meu sentimento de gratid\u00e3o a todos que estiveram comigo nesta empreitada. Levo comigo cada um, cada viv\u00eancia que consolidou minha experi\u00eancia de vida. Como diria a f\u00e1bula das crian\u00e7as ao mundo dos adultos: \u201cFoi o tempo que dedicaste \u00e0 tua rosa que a fez t\u00e3o importante\u201d. Com aten\u00e7\u00e3o e carinho, Mesias Ramos de Sousa Neves<\/p>\n","protected":false},"author":2,"featured_media":202,"comment_status":"closed","ping_status":"open","sticky":false,"template":"","format":"standard","meta":{"_eb_attr":"","_jetpack_memberships_contains_paid_content":false,"footnotes":""},"categories":[6],"tags":[],"class_list":["post-198","post","type-post","status-publish","format-standard","has-post-thumbnail","hentry","category-educacao"],"yoast_head":"<!-- This site is optimized with the Yoast SEO plugin v26.5 - https:\/\/yoast.com\/wordpress\/plugins\/seo\/ -->\n<title>Diretor de Escola Estadual do Cariri anuncia afastamento - Not&iacute;cias em Destaque<\/title>\n<meta name=\"robots\" content=\"index, follow, max-snippet:-1, max-image-preview:large, max-video-preview:-1\" \/>\n<link rel=\"canonical\" href=\"https:\/\/noticiasemdestaque.com\/cd\/?p=198\" \/>\n<meta property=\"og:locale\" content=\"pt_BR\" \/>\n<meta property=\"og:type\" content=\"article\" \/>\n<meta property=\"og:title\" content=\"Diretor de Escola Estadual do Cariri anuncia afastamento - Not&iacute;cias em Destaque\" \/>\n<meta property=\"og:description\" content=\"&nbsp; Mesias Ramos, diretor da Escola Estadual Manoel Honorato Sobrinho, em Coxixola, anuncia seu afastamento do cargo e divulga nota de agradecimento. Confira na \u00edntegra a nota, a seguir: NOTA DE AGRADECIMENTO Aos Professores, Funcion\u00e1rios, Pais e Alunos da Escola Manoel Honorato Sobrinho. Queridos conterr\u00e2neos, hoje anuncio meu afastamento da Dire\u00e7\u00e3o da Escola Manoel Honorato Sobrinho, de Coxixola- PB.\u00a0 Minha sa\u00edda se d\u00e1 ap\u00f3s quase dois anos \u00e0 frente da Institui\u00e7\u00e3o, cujo motivo \u00e9 para dar continuidade ao Mestrado em Sociologia na UFCG, do qual me encontro cursando. Feitas as devidas explica\u00e7\u00f5es, considero prudente e honesto agradecer aos muitos que me ajudaram nesse \u00ednterim. Em primeiro lugar, louvo a Deus pela coragem e perspic\u00e1cia que Ele me concedeu, para enfrentar os in\u00fameros desafios.\u00a0 Depois, agrade\u00e7o aos \u201ctantos\u201d que estiveram ao meu lado num conv\u00edvio extremamente saud\u00e1vel e em rela\u00e7\u00f5es t\u00e3o amig\u00e1veis. Levo comigo a lembran\u00e7a de cada momento partilhado, cada desafio superado e os in\u00fameros amigos que me foram presenteados durante minha passagem pela gest\u00e3o da escola. N\u00e3o citarei nomes, mas de forma gen\u00e9rica agrade\u00e7o aos funcion\u00e1rios, professores e alunos, que num contato pr\u00f3ximo me fizeram compreender que vale \u00e0 pena dar o suor pela causa da Educa\u00e7\u00e3o. Apesar da desvaloriza\u00e7\u00e3o e dos desafios educacionais, ainda n\u00e3o conseguiu-se apagar as marcas do legado de um professor: oferecer um mundo infinito de conhecimentos a ser desbravado. Agrade\u00e7o tamb\u00e9m ao Prefeito Givaldo Limeira e ao Vice-Prefeito Nanam, pela parceria concedida \u00e0 Gest\u00e3o da Escola. Foi de suma relev\u00e2ncia a atua\u00e7\u00e3o da Prefeitura Municipal na condu\u00e7\u00e3o dos processos educacionais que me foram confiados. Sem d\u00favidas, as secretarias municipais tiveram um papel fundamental na condu\u00e7\u00e3o dos desafios postos, portanto, nada mais justo que render minha gratid\u00e3o a todos. Sinto-me, grato, tamb\u00e9m, a 5\u00aa Ger\u00eancia Regional de Ensino, cuja refer\u00eancia em seu Gerente Ary Prata, agrade\u00e7o a todos que trabalharam comigo numa parceria t\u00e3o intensa.\u00a0 Pude compartilhar experi\u00eancias magn\u00edficas e cultivar amizades, levadas comigo. Al\u00e9m do sentimento de gratid\u00e3o, sinto-me honrado em poder ter deixado minha contribui\u00e7\u00e3o \u00e0 Escola. Como estudante, professor e diretor que fui, certamente registro algo para a hist\u00f3ria da Institui\u00e7\u00e3o. Quero crer que ap\u00f3s esse tempo, conquistamos muitos avan\u00e7os, cujo auge foi o reconhecimento da Secretaria de Educa\u00e7\u00e3o do Estado, com o pr\u00eamio \u201cEscola de Valor\u201d no ano de 2016. Para mim, muito mais que um pr\u00eamio \u00e9 a certeza de que trilhamos o caminho certo no per\u00edodo em que estive na dire\u00e7\u00e3o da escola. Com erros, certamente, mas com o desejo de aprender li\u00e7\u00f5es em cada momento vivenciado. Saio com o sentimento de \u201cdever cumprido\u201d, n\u00e3o por ter feito tudo que deveria fazer, mas por ter feito aquilo que esteve ao alcance dos meus esfor\u00e7os. Seguramente, deixo um ambiente favor\u00e1vel ao pr\u00f3ximo gestor, do qual fa\u00e7o votos de \u00eaxito nos desafios que sempre nos s\u00e3o postos quando resolvemos adentrar na educa\u00e7\u00e3o. Que nossa Escola continue avan\u00e7ando cada vez mais e possamos nos tornar refer\u00eancia naquilo que nos propomos: ensinar. Por fim, reitero meu sentimento de gratid\u00e3o a todos que estiveram comigo nesta empreitada. Levo comigo cada um, cada viv\u00eancia que consolidou minha experi\u00eancia de vida. Como diria a f\u00e1bula das crian\u00e7as ao mundo dos adultos: \u201cFoi o tempo que dedicaste \u00e0 tua rosa que a fez t\u00e3o importante\u201d. Com aten\u00e7\u00e3o e carinho, Mesias Ramos de Sousa Neves\" \/>\n<meta property=\"og:url\" content=\"https:\/\/noticiasemdestaque.com\/cd\/?p=198\" \/>\n<meta property=\"og:site_name\" content=\"Not&iacute;cias em Destaque\" \/>\n<meta property=\"article:published_time\" content=\"2017-06-06T20:31:40+00:00\" \/>\n<meta property=\"article:modified_time\" content=\"2017-06-06T23:25:43+00:00\" \/>\n<meta property=\"og:image\" content=\"https:\/\/noticiasemdestaque.com\/cd\/wp-content\/uploads\/2017\/06\/Sem-t\u00edtulo.png\" \/>\n\t<meta property=\"og:image:width\" content=\"410\" \/>\n\t<meta property=\"og:image:height\" content=\"231\" \/>\n\t<meta property=\"og:image:type\" content=\"image\/png\" \/>\n<meta name=\"author\" content=\"Not\u00edcias em Destaque\" \/>\n<meta name=\"twitter:card\" content=\"summary_large_image\" \/>\n<meta name=\"twitter:label1\" content=\"Escrito por\" \/>\n\t<meta name=\"twitter:data1\" content=\"Not\u00edcias em Destaque\" \/>\n\t<meta name=\"twitter:label2\" content=\"Est. tempo de leitura\" \/>\n\t<meta name=\"twitter:data2\" content=\"3 minutos\" \/>\n<script type=\"application\/ld+json\" class=\"yoast-schema-graph\">{\"@context\":\"https:\/\/schema.org\",\"@graph\":[{\"@type\":\"Article\",\"@id\":\"https:\/\/noticiasemdestaque.com\/cd\/?p=198#article\",\"isPartOf\":{\"@id\":\"https:\/\/noticiasemdestaque.com\/cd\/?p=198\"},\"author\":{\"name\":\"Not\u00edcias em Destaque\",\"@id\":\"https:\/\/noticiasemdestaque.com\/cd\/#\/schema\/person\/47f7d4f55eec17c6b2ca036c5500f6ce\"},\"headline\":\"Diretor de Escola Estadual do Cariri anuncia afastamento\",\"datePublished\":\"2017-06-06T20:31:40+00:00\",\"dateModified\":\"2017-06-06T23:25:43+00:00\",\"mainEntityOfPage\":{\"@id\":\"https:\/\/noticiasemdestaque.com\/cd\/?p=198\"},\"wordCount\":617,\"publisher\":{\"@id\":\"https:\/\/noticiasemdestaque.com\/cd\/#organization\"},\"image\":{\"@id\":\"https:\/\/noticiasemdestaque.com\/cd\/?p=198#primaryimage\"},\"thumbnailUrl\":\"https:\/\/noticiasemdestaque.com\/cd\/wp-content\/uploads\/2017\/06\/Sem-t\u00edtulo.png\",\"articleSection\":[\"Educa\u00e7\u00e3o\"],\"inLanguage\":\"pt-BR\"},{\"@type\":\"WebPage\",\"@id\":\"https:\/\/noticiasemdestaque.com\/cd\/?p=198\",\"url\":\"https:\/\/noticiasemdestaque.com\/cd\/?p=198\",\"name\":\"Diretor de Escola Estadual do Cariri anuncia afastamento - Not&iacute;cias em Destaque\",\"isPartOf\":{\"@id\":\"https:\/\/noticiasemdestaque.com\/cd\/#website\"},\"primaryImageOfPage\":{\"@id\":\"https:\/\/noticiasemdestaque.com\/cd\/?p=198#primaryimage\"},\"image\":{\"@id\":\"https:\/\/noticiasemdestaque.com\/cd\/?p=198#primaryimage\"},\"thumbnailUrl\":\"https:\/\/noticiasemdestaque.com\/cd\/wp-content\/uploads\/2017\/06\/Sem-t\u00edtulo.png\",\"datePublished\":\"2017-06-06T20:31:40+00:00\",\"dateModified\":\"2017-06-06T23:25:43+00:00\",\"breadcrumb\":{\"@id\":\"https:\/\/noticiasemdestaque.com\/cd\/?p=198#breadcrumb\"},\"inLanguage\":\"pt-BR\",\"potentialAction\":[{\"@type\":\"ReadAction\",\"target\":[\"https:\/\/noticiasemdestaque.com\/cd\/?p=198\"]}]},{\"@type\":\"ImageObject\",\"inLanguage\":\"pt-BR\",\"@id\":\"https:\/\/noticiasemdestaque.com\/cd\/?p=198#primaryimage\",\"url\":\"https:\/\/noticiasemdestaque.com\/cd\/wp-content\/uploads\/2017\/06\/Sem-t\u00edtulo.png\",\"contentUrl\":\"https:\/\/noticiasemdestaque.com\/cd\/wp-content\/uploads\/2017\/06\/Sem-t\u00edtulo.png\",\"width\":410,\"height\":231},{\"@type\":\"BreadcrumbList\",\"@id\":\"https:\/\/noticiasemdestaque.com\/cd\/?p=198#breadcrumb\",\"itemListElement\":[{\"@type\":\"ListItem\",\"position\":1,\"name\":\"In\u00edcio\",\"item\":\"https:\/\/noticiasemdestaque.com\/cd\/\"},{\"@type\":\"ListItem\",\"position\":2,\"name\":\"Diretor de Escola Estadual do Cariri anuncia afastamento\"}]},{\"@type\":\"WebSite\",\"@id\":\"https:\/\/noticiasemdestaque.com\/cd\/#website\",\"url\":\"https:\/\/noticiasemdestaque.com\/cd\/\",\"name\":\"Not&iacute;cias em Destaque\",\"description\":\"\",\"publisher\":{\"@id\":\"https:\/\/noticiasemdestaque.com\/cd\/#organization\"},\"potentialAction\":[{\"@type\":\"SearchAction\",\"target\":{\"@type\":\"EntryPoint\",\"urlTemplate\":\"https:\/\/noticiasemdestaque.com\/cd\/?s={search_term_string}\"},\"query-input\":{\"@type\":\"PropertyValueSpecification\",\"valueRequired\":true,\"valueName\":\"search_term_string\"}}],\"inLanguage\":\"pt-BR\"},{\"@type\":\"Organization\",\"@id\":\"https:\/\/noticiasemdestaque.com\/cd\/#organization\",\"name\":\"Not\u00edcias em Destaque\",\"url\":\"https:\/\/noticiasemdestaque.com\/cd\/\",\"logo\":{\"@type\":\"ImageObject\",\"inLanguage\":\"pt-BR\",\"@id\":\"https:\/\/noticiasemdestaque.com\/cd\/#\/schema\/logo\/image\/\",\"url\":\"https:\/\/noticiasemdestaque.com\/cd\/wp-content\/uploads\/2022\/05\/imagem-base-noticiasemdestaque.png\",\"contentUrl\":\"https:\/\/noticiasemdestaque.com\/cd\/wp-content\/uploads\/2022\/05\/imagem-base-noticiasemdestaque.png\",\"width\":1200,\"height\":630,\"caption\":\"Not\u00edcias em Destaque\"},\"image\":{\"@id\":\"https:\/\/noticiasemdestaque.com\/cd\/#\/schema\/logo\/image\/\"}},{\"@type\":\"Person\",\"@id\":\"https:\/\/noticiasemdestaque.com\/cd\/#\/schema\/person\/47f7d4f55eec17c6b2ca036c5500f6ce\",\"name\":\"Not\u00edcias em Destaque\",\"url\":\"https:\/\/noticiasemdestaque.com\/cd\/?author=2\"}]}<\/script>\n<!-- \/ Yoast SEO plugin. -->","yoast_head_json":{"title":"Diretor de Escola Estadual do Cariri anuncia afastamento - Not&iacute;cias em Destaque","robots":{"index":"index","follow":"follow","max-snippet":"max-snippet:-1","max-image-preview":"max-image-preview:large","max-video-preview":"max-video-preview:-1"},"canonical":"https:\/\/noticiasemdestaque.com\/cd\/?p=198","og_locale":"pt_BR","og_type":"article","og_title":"Diretor de Escola Estadual do Cariri anuncia afastamento - Not&iacute;cias em Destaque","og_description":"&nbsp; Mesias Ramos, diretor da Escola Estadual Manoel Honorato Sobrinho, em Coxixola, anuncia seu afastamento do cargo e divulga nota de agradecimento. Confira na \u00edntegra a nota, a seguir: NOTA DE AGRADECIMENTO Aos Professores, Funcion\u00e1rios, Pais e Alunos da Escola Manoel Honorato Sobrinho. Queridos conterr\u00e2neos, hoje anuncio meu afastamento da Dire\u00e7\u00e3o da Escola Manoel Honorato Sobrinho, de Coxixola- PB.\u00a0 Minha sa\u00edda se d\u00e1 ap\u00f3s quase dois anos \u00e0 frente da Institui\u00e7\u00e3o, cujo motivo \u00e9 para dar continuidade ao Mestrado em Sociologia na UFCG, do qual me encontro cursando. Feitas as devidas explica\u00e7\u00f5es, considero prudente e honesto agradecer aos muitos que me ajudaram nesse \u00ednterim. Em primeiro lugar, louvo a Deus pela coragem e perspic\u00e1cia que Ele me concedeu, para enfrentar os in\u00fameros desafios.\u00a0 Depois, agrade\u00e7o aos \u201ctantos\u201d que estiveram ao meu lado num conv\u00edvio extremamente saud\u00e1vel e em rela\u00e7\u00f5es t\u00e3o amig\u00e1veis. Levo comigo a lembran\u00e7a de cada momento partilhado, cada desafio superado e os in\u00fameros amigos que me foram presenteados durante minha passagem pela gest\u00e3o da escola. N\u00e3o citarei nomes, mas de forma gen\u00e9rica agrade\u00e7o aos funcion\u00e1rios, professores e alunos, que num contato pr\u00f3ximo me fizeram compreender que vale \u00e0 pena dar o suor pela causa da Educa\u00e7\u00e3o. Apesar da desvaloriza\u00e7\u00e3o e dos desafios educacionais, ainda n\u00e3o conseguiu-se apagar as marcas do legado de um professor: oferecer um mundo infinito de conhecimentos a ser desbravado. Agrade\u00e7o tamb\u00e9m ao Prefeito Givaldo Limeira e ao Vice-Prefeito Nanam, pela parceria concedida \u00e0 Gest\u00e3o da Escola. Foi de suma relev\u00e2ncia a atua\u00e7\u00e3o da Prefeitura Municipal na condu\u00e7\u00e3o dos processos educacionais que me foram confiados. Sem d\u00favidas, as secretarias municipais tiveram um papel fundamental na condu\u00e7\u00e3o dos desafios postos, portanto, nada mais justo que render minha gratid\u00e3o a todos. Sinto-me, grato, tamb\u00e9m, a 5\u00aa Ger\u00eancia Regional de Ensino, cuja refer\u00eancia em seu Gerente Ary Prata, agrade\u00e7o a todos que trabalharam comigo numa parceria t\u00e3o intensa.\u00a0 Pude compartilhar experi\u00eancias magn\u00edficas e cultivar amizades, levadas comigo. Al\u00e9m do sentimento de gratid\u00e3o, sinto-me honrado em poder ter deixado minha contribui\u00e7\u00e3o \u00e0 Escola. Como estudante, professor e diretor que fui, certamente registro algo para a hist\u00f3ria da Institui\u00e7\u00e3o. Quero crer que ap\u00f3s esse tempo, conquistamos muitos avan\u00e7os, cujo auge foi o reconhecimento da Secretaria de Educa\u00e7\u00e3o do Estado, com o pr\u00eamio \u201cEscola de Valor\u201d no ano de 2016. Para mim, muito mais que um pr\u00eamio \u00e9 a certeza de que trilhamos o caminho certo no per\u00edodo em que estive na dire\u00e7\u00e3o da escola. Com erros, certamente, mas com o desejo de aprender li\u00e7\u00f5es em cada momento vivenciado. Saio com o sentimento de \u201cdever cumprido\u201d, n\u00e3o por ter feito tudo que deveria fazer, mas por ter feito aquilo que esteve ao alcance dos meus esfor\u00e7os. Seguramente, deixo um ambiente favor\u00e1vel ao pr\u00f3ximo gestor, do qual fa\u00e7o votos de \u00eaxito nos desafios que sempre nos s\u00e3o postos quando resolvemos adentrar na educa\u00e7\u00e3o. Que nossa Escola continue avan\u00e7ando cada vez mais e possamos nos tornar refer\u00eancia naquilo que nos propomos: ensinar. Por fim, reitero meu sentimento de gratid\u00e3o a todos que estiveram comigo nesta empreitada. Levo comigo cada um, cada viv\u00eancia que consolidou minha experi\u00eancia de vida. Como diria a f\u00e1bula das crian\u00e7as ao mundo dos adultos: \u201cFoi o tempo que dedicaste \u00e0 tua rosa que a fez t\u00e3o importante\u201d. Com aten\u00e7\u00e3o e carinho, Mesias Ramos de Sousa Neves","og_url":"https:\/\/noticiasemdestaque.com\/cd\/?p=198","og_site_name":"Not&iacute;cias em Destaque","article_published_time":"2017-06-06T20:31:40+00:00","article_modified_time":"2017-06-06T23:25:43+00:00","og_image":[{"width":410,"height":231,"url":"https:\/\/noticiasemdestaque.com\/cd\/wp-content\/uploads\/2017\/06\/Sem-t\u00edtulo.png","type":"image\/png"}],"author":"Not\u00edcias em Destaque","twitter_card":"summary_large_image","twitter_misc":{"Escrito por":"Not\u00edcias em Destaque","Est. tempo de leitura":"3 minutos"},"schema":{"@context":"https:\/\/schema.org","@graph":[{"@type":"Article","@id":"https:\/\/noticiasemdestaque.com\/cd\/?p=198#article","isPartOf":{"@id":"https:\/\/noticiasemdestaque.com\/cd\/?p=198"},"author":{"name":"Not\u00edcias em Destaque","@id":"https:\/\/noticiasemdestaque.com\/cd\/#\/schema\/person\/47f7d4f55eec17c6b2ca036c5500f6ce"},"headline":"Diretor de Escola Estadual do Cariri anuncia afastamento","datePublished":"2017-06-06T20:31:40+00:00","dateModified":"2017-06-06T23:25:43+00:00","mainEntityOfPage":{"@id":"https:\/\/noticiasemdestaque.com\/cd\/?p=198"},"wordCount":617,"publisher":{"@id":"https:\/\/noticiasemdestaque.com\/cd\/#organization"},"image":{"@id":"https:\/\/noticiasemdestaque.com\/cd\/?p=198#primaryimage"},"thumbnailUrl":"https:\/\/noticiasemdestaque.com\/cd\/wp-content\/uploads\/2017\/06\/Sem-t\u00edtulo.png","articleSection":["Educa\u00e7\u00e3o"],"inLanguage":"pt-BR"},{"@type":"WebPage","@id":"https:\/\/noticiasemdestaque.com\/cd\/?p=198","url":"https:\/\/noticiasemdestaque.com\/cd\/?p=198","name":"Diretor de Escola Estadual do Cariri anuncia afastamento - Not&iacute;cias em Destaque","isPartOf":{"@id":"https:\/\/noticiasemdestaque.com\/cd\/#website"},"primaryImageOfPage":{"@id":"https:\/\/noticiasemdestaque.com\/cd\/?p=198#primaryimage"},"image":{"@id":"https:\/\/noticiasemdestaque.com\/cd\/?p=198#primaryimage"},"thumbnailUrl":"https:\/\/noticiasemdestaque.com\/cd\/wp-content\/uploads\/2017\/06\/Sem-t\u00edtulo.png","datePublished":"2017-06-06T20:31:40+00:00","dateModified":"2017-06-06T23:25:43+00:00","breadcrumb":{"@id":"https:\/\/noticiasemdestaque.com\/cd\/?p=198#breadcrumb"},"inLanguage":"pt-BR","potentialAction":[{"@type":"ReadAction","target":["https:\/\/noticiasemdestaque.com\/cd\/?p=198"]}]},{"@type":"ImageObject","inLanguage":"pt-BR","@id":"https:\/\/noticiasemdestaque.com\/cd\/?p=198#primaryimage","url":"https:\/\/noticiasemdestaque.com\/cd\/wp-content\/uploads\/2017\/06\/Sem-t\u00edtulo.png","contentUrl":"https:\/\/noticiasemdestaque.com\/cd\/wp-content\/uploads\/2017\/06\/Sem-t\u00edtulo.png","width":410,"height":231},{"@type":"BreadcrumbList","@id":"https:\/\/noticiasemdestaque.com\/cd\/?p=198#breadcrumb","itemListElement":[{"@type":"ListItem","position":1,"name":"In\u00edcio","item":"https:\/\/noticiasemdestaque.com\/cd\/"},{"@type":"ListItem","position":2,"name":"Diretor de Escola Estadual do Cariri anuncia afastamento"}]},{"@type":"WebSite","@id":"https:\/\/noticiasemdestaque.com\/cd\/#website","url":"https:\/\/noticiasemdestaque.com\/cd\/","name":"Not&iacute;cias em Destaque","description":"","publisher":{"@id":"https:\/\/noticiasemdestaque.com\/cd\/#organization"},"potentialAction":[{"@type":"SearchAction","target":{"@type":"EntryPoint","urlTemplate":"https:\/\/noticiasemdestaque.com\/cd\/?s={search_term_string}"},"query-input":{"@type":"PropertyValueSpecification","valueRequired":true,"valueName":"search_term_string"}}],"inLanguage":"pt-BR"},{"@type":"Organization","@id":"https:\/\/noticiasemdestaque.com\/cd\/#organization","name":"Not\u00edcias em Destaque","url":"https:\/\/noticiasemdestaque.com\/cd\/","logo":{"@type":"ImageObject","inLanguage":"pt-BR","@id":"https:\/\/noticiasemdestaque.com\/cd\/#\/schema\/logo\/image\/","url":"https:\/\/noticiasemdestaque.com\/cd\/wp-content\/uploads\/2022\/05\/imagem-base-noticiasemdestaque.png","contentUrl":"https:\/\/noticiasemdestaque.com\/cd\/wp-content\/uploads\/2022\/05\/imagem-base-noticiasemdestaque.png","width":1200,"height":630,"caption":"Not\u00edcias em Destaque"},"image":{"@id":"https:\/\/noticiasemdestaque.com\/cd\/#\/schema\/logo\/image\/"}},{"@type":"Person","@id":"https:\/\/noticiasemdestaque.com\/cd\/#\/schema\/person\/47f7d4f55eec17c6b2ca036c5500f6ce","name":"Not\u00edcias em Destaque","url":"https:\/\/noticiasemdestaque.com\/cd\/?author=2"}]}},"jetpack_featured_media_url":"https:\/\/noticiasemdestaque.com\/cd\/wp-content\/uploads\/2017\/06\/Sem-t\u00edtulo.png","jetpack_sharing_enabled":true,"_links":{"self":[{"href":"https:\/\/noticiasemdestaque.com\/cd\/index.php?rest_route=\/wp\/v2\/posts\/198","targetHints":{"allow":["GET"]}}],"collection":[{"href":"https:\/\/noticiasemdestaque.com\/cd\/index.php?rest_route=\/wp\/v2\/posts"}],"about":[{"href":"https:\/\/noticiasemdestaque.com\/cd\/index.php?rest_route=\/wp\/v2\/types\/post"}],"author":[{"embeddable":true,"href":"https:\/\/noticiasemdestaque.com\/cd\/index.php?rest_route=\/wp\/v2\/users\/2"}],"replies":[{"embeddable":true,"href":"https:\/\/noticiasemdestaque.com\/cd\/index.php?rest_route=%2Fwp%2Fv2%2Fcomments&post=198"}],"version-history":[{"count":2,"href":"https:\/\/noticiasemdestaque.com\/cd\/index.php?rest_route=\/wp\/v2\/posts\/198\/revisions"}],"predecessor-version":[{"id":222,"href":"https:\/\/noticiasemdestaque.com\/cd\/index.php?rest_route=\/wp\/v2\/posts\/198\/revisions\/222"}],"wp:featuredmedia":[{"embeddable":true,"href":"https:\/\/noticiasemdestaque.com\/cd\/index.php?rest_route=\/wp\/v2\/media\/202"}],"wp:attachment":[{"href":"https:\/\/noticiasemdestaque.com\/cd\/index.php?rest_route=%2Fwp%2Fv2%2Fmedia&parent=198"}],"wp:term":[{"taxonomy":"category","embeddable":true,"href":"https:\/\/noticiasemdestaque.com\/cd\/index.php?rest_route=%2Fwp%2Fv2%2Fcategories&post=198"},{"taxonomy":"post_tag","embeddable":true,"href":"https:\/\/noticiasemdestaque.com\/cd\/index.php?rest_route=%2Fwp%2Fv2%2Ftags&post=198"}],"curies":[{"name":"wp","href":"https:\/\/api.w.org\/{rel}","templated":true}]}}