{"id":1976,"date":"2017-07-18T08:07:07","date_gmt":"2017-07-18T11:07:07","guid":{"rendered":"http:\/\/caririemdestaque.com\/cd\/?p=1976"},"modified":"2017-07-18T08:07:25","modified_gmt":"2017-07-18T11:07:25","slug":"vereador-afirma-que-governo-souzinha-e-pior-que-o-de-dudu-ouca","status":"publish","type":"post","link":"https:\/\/noticiasemdestaque.com\/cd\/?p=1976","title":{"rendered":"Vereador afirma que Governo Souzinha \u00e9 pior que o de Dudu; ou\u00e7a"},"content":{"rendered":"<p><a href=\"http:\/\/caririemdestaque.com\/cd\/wp-content\/uploads\/2017\/07\/maxresdefault.jpg\"><img fetchpriority=\"high\" decoding=\"async\" class=\"size-medium wp-image-1979 alignleft\" src=\"http:\/\/caririemdestaque.com\/cd\/wp-content\/uploads\/2017\/07\/maxresdefault-300x169.jpg\" alt=\"\" width=\"300\" height=\"169\" srcset=\"https:\/\/noticiasemdestaque.com\/cd\/wp-content\/uploads\/2017\/07\/maxresdefault-300x169.jpg 300w, https:\/\/noticiasemdestaque.com\/cd\/wp-content\/uploads\/2017\/07\/maxresdefault-768x432.jpg 768w, https:\/\/noticiasemdestaque.com\/cd\/wp-content\/uploads\/2017\/07\/maxresdefault-1024x576.jpg 1024w, https:\/\/noticiasemdestaque.com\/cd\/wp-content\/uploads\/2017\/07\/maxresdefault.jpg 1280w\" sizes=\"(max-width: 300px) 100vw, 300px\" \/><\/a><\/p>\n<p>Durante a edi\u00e7\u00e3o do Jornal do Cariri da 95 FM desta segunda-feira (17\/07) o vereador Guilherme Gaud\u00eancio (PSB) comentou o fato da UPA 24 horas de Serra Branca est\u00e1 h\u00e1 4 anos sem funcionar.<\/p>\n<p>O vereador explicou que a obra foi conclu\u00edda, faltando apenas realizar a licita\u00e7\u00e3o para a compra de equipamentos.<\/p>\n<p>De acordo com parlamentar R$ 529.197.91 j\u00e1 est\u00e1 em conta para compra de equipamentos, como voc\u00ea pode conferir a baixo nos dados do SAGRES.<\/p>\n<p><strong>CONFIRA O EXTRATO:<\/strong><\/p>\n<p><a href=\"http:\/\/caririemdestaque.com\/cd\/wp-content\/uploads\/2017\/07\/eb6f314d-d135-4aa1-9838-5b1060d1d11f.jpg\"><img decoding=\"async\" class=\"wp-image-1978 aligncenter\" src=\"http:\/\/caririemdestaque.com\/cd\/wp-content\/uploads\/2017\/07\/eb6f314d-d135-4aa1-9838-5b1060d1d11f-300x217.jpg\" alt=\"\" width=\"501\" height=\"362\" srcset=\"https:\/\/noticiasemdestaque.com\/cd\/wp-content\/uploads\/2017\/07\/eb6f314d-d135-4aa1-9838-5b1060d1d11f-300x217.jpg 300w, https:\/\/noticiasemdestaque.com\/cd\/wp-content\/uploads\/2017\/07\/eb6f314d-d135-4aa1-9838-5b1060d1d11f.jpg 720w\" sizes=\"(max-width: 501px) 100vw, 501px\" \/><\/a><\/p>\n<p><a href=\"http:\/\/caririemdestaque.com\/cd\/wp-content\/uploads\/2017\/07\/c4e59150-82d4-42c0-baf8-fedbae048c92.jpg\"><img decoding=\"async\" class=\"wp-image-1977 aligncenter\" src=\"http:\/\/caririemdestaque.com\/cd\/wp-content\/uploads\/2017\/07\/c4e59150-82d4-42c0-baf8-fedbae048c92-300x222.jpg\" alt=\"\" width=\"500\" height=\"370\" srcset=\"https:\/\/noticiasemdestaque.com\/cd\/wp-content\/uploads\/2017\/07\/c4e59150-82d4-42c0-baf8-fedbae048c92-300x222.jpg 300w, https:\/\/noticiasemdestaque.com\/cd\/wp-content\/uploads\/2017\/07\/c4e59150-82d4-42c0-baf8-fedbae048c92.jpg 720w\" sizes=\"(max-width: 500px) 100vw, 500px\" \/><\/a><\/p>\n<p>Guilherme afirmou que na gest\u00e3o de Souzinha, a preocupa\u00e7\u00e3o \u00e9 apenas em contratar pessoas para fazer acordos pol\u00edticos, e os servi\u00e7os b\u00e1sicos est\u00e3o sendo deixados de lado.<\/p>\n<p>O vereador afirmou ainda que, mesmo o munic\u00edpio ter recebido um aumento do FPM por conta das comunidades do Olho D\u2019\u00e1gua do Padre, Caititu e Catonho, a assist\u00eancia na zona rural, como estradas, deixam a desejar, inclusive prejudicando os transportes das escolas.<\/p>\n<p><strong>OU\u00c7A A DECLARA\u00c7\u00c3O DE GUILHERME GAUD\u00caNCIO:<\/strong><\/p>\n<p><iframe src=\"https:\/\/w.soundcloud.com\/player\/?url=https%3A\/\/api.soundcloud.com\/tracks\/333576140&amp;color=ff5500&amp;auto_play=false&amp;hide_related=false&amp;show_comments=true&amp;show_user=true&amp;show_reposts=false\" width=\"100%\" height=\"166\" frameborder=\"no\" scrolling=\"no\"><\/iframe><\/p>\n<p><em><strong>Cariri em Destaque<\/strong><\/em><\/p>\n","protected":false},"excerpt":{"rendered":"<p>Durante a edi\u00e7\u00e3o do Jornal do Cariri da 95 FM desta segunda-feira (17\/07) o vereador Guilherme Gaud\u00eancio (PSB) comentou o fato da UPA 24 horas de Serra Branca est\u00e1 h\u00e1 4 anos sem funcionar. O vereador explicou que a obra foi conclu\u00edda, faltando apenas realizar a licita\u00e7\u00e3o para a compra de equipamentos. De acordo com parlamentar R$ 529.197.91 j\u00e1 est\u00e1 em conta para compra de equipamentos, como voc\u00ea pode conferir a baixo nos dados do SAGRES. CONFIRA O EXTRATO: Guilherme afirmou que na gest\u00e3o de Souzinha, a preocupa\u00e7\u00e3o \u00e9 apenas em contratar pessoas para fazer acordos pol\u00edticos, e os servi\u00e7os b\u00e1sicos est\u00e3o sendo deixados de lado. O vereador afirmou ainda que, mesmo o munic\u00edpio ter recebido um aumento do FPM por conta das comunidades do Olho D\u2019\u00e1gua do Padre, Caititu e Catonho, a assist\u00eancia na zona rural, como estradas, deixam a desejar, inclusive prejudicando os transportes das escolas. OU\u00c7A A DECLARA\u00c7\u00c3O DE GUILHERME GAUD\u00caNCIO: Cariri em Destaque<\/p>\n","protected":false},"author":2,"featured_media":1979,"comment_status":"closed","ping_status":"open","sticky":false,"template":"","format":"standard","meta":{"_eb_attr":"","_jetpack_memberships_contains_paid_content":false,"footnotes":""},"categories":[3],"tags":[],"class_list":["post-1976","post","type-post","status-publish","format-standard","has-post-thumbnail","hentry","category-cidades"],"yoast_head":"<!-- This site is optimized with the Yoast SEO plugin v26.5 - https:\/\/yoast.com\/wordpress\/plugins\/seo\/ -->\n<title>Vereador afirma que Governo Souzinha \u00e9 pior que o de Dudu; ou\u00e7a - Not&iacute;cias em Destaque<\/title>\n<meta name=\"robots\" content=\"index, follow, max-snippet:-1, max-image-preview:large, max-video-preview:-1\" \/>\n<link rel=\"canonical\" href=\"https:\/\/noticiasemdestaque.com\/cd\/?p=1976\" \/>\n<meta property=\"og:locale\" content=\"pt_BR\" \/>\n<meta property=\"og:type\" content=\"article\" \/>\n<meta property=\"og:title\" content=\"Vereador afirma que Governo Souzinha \u00e9 pior que o de Dudu; ou\u00e7a - Not&iacute;cias em Destaque\" \/>\n<meta property=\"og:description\" content=\"Durante a edi\u00e7\u00e3o do Jornal do Cariri da 95 FM desta segunda-feira (17\/07) o vereador Guilherme Gaud\u00eancio (PSB) comentou o fato da UPA 24 horas de Serra Branca est\u00e1 h\u00e1 4 anos sem funcionar. O vereador explicou que a obra foi conclu\u00edda, faltando apenas realizar a licita\u00e7\u00e3o para a compra de equipamentos. De acordo com parlamentar R$ 529.197.91 j\u00e1 est\u00e1 em conta para compra de equipamentos, como voc\u00ea pode conferir a baixo nos dados do SAGRES. CONFIRA O EXTRATO: Guilherme afirmou que na gest\u00e3o de Souzinha, a preocupa\u00e7\u00e3o \u00e9 apenas em contratar pessoas para fazer acordos pol\u00edticos, e os servi\u00e7os b\u00e1sicos est\u00e3o sendo deixados de lado. O vereador afirmou ainda que, mesmo o munic\u00edpio ter recebido um aumento do FPM por conta das comunidades do Olho D\u2019\u00e1gua do Padre, Caititu e Catonho, a assist\u00eancia na zona rural, como estradas, deixam a desejar, inclusive prejudicando os transportes das escolas. OU\u00c7A A DECLARA\u00c7\u00c3O DE GUILHERME GAUD\u00caNCIO: Cariri em Destaque\" \/>\n<meta property=\"og:url\" content=\"https:\/\/noticiasemdestaque.com\/cd\/?p=1976\" \/>\n<meta property=\"og:site_name\" content=\"Not&iacute;cias em Destaque\" \/>\n<meta property=\"article:published_time\" content=\"2017-07-18T11:07:07+00:00\" \/>\n<meta property=\"article:modified_time\" content=\"2017-07-18T11:07:25+00:00\" \/>\n<meta property=\"og:image\" content=\"https:\/\/noticiasemdestaque.com\/cd\/wp-content\/uploads\/2017\/07\/maxresdefault.jpg\" \/>\n\t<meta property=\"og:image:width\" content=\"1280\" \/>\n\t<meta property=\"og:image:height\" content=\"720\" \/>\n\t<meta property=\"og:image:type\" content=\"image\/jpeg\" \/>\n<meta name=\"author\" content=\"Not\u00edcias em Destaque\" \/>\n<meta name=\"twitter:card\" content=\"summary_large_image\" \/>\n<meta name=\"twitter:label1\" content=\"Escrito por\" \/>\n\t<meta name=\"twitter:data1\" content=\"Not\u00edcias em Destaque\" \/>\n\t<meta name=\"twitter:label2\" content=\"Est. tempo de leitura\" \/>\n\t<meta name=\"twitter:data2\" content=\"1 minuto\" \/>\n<script type=\"application\/ld+json\" class=\"yoast-schema-graph\">{\"@context\":\"https:\/\/schema.org\",\"@graph\":[{\"@type\":\"Article\",\"@id\":\"https:\/\/noticiasemdestaque.com\/cd\/?p=1976#article\",\"isPartOf\":{\"@id\":\"https:\/\/noticiasemdestaque.com\/cd\/?p=1976\"},\"author\":{\"name\":\"Not\u00edcias em Destaque\",\"@id\":\"https:\/\/noticiasemdestaque.com\/cd\/#\/schema\/person\/47f7d4f55eec17c6b2ca036c5500f6ce\"},\"headline\":\"Vereador afirma que Governo Souzinha \u00e9 pior que o de Dudu; ou\u00e7a\",\"datePublished\":\"2017-07-18T11:07:07+00:00\",\"dateModified\":\"2017-07-18T11:07:25+00:00\",\"mainEntityOfPage\":{\"@id\":\"https:\/\/noticiasemdestaque.com\/cd\/?p=1976\"},\"wordCount\":179,\"publisher\":{\"@id\":\"https:\/\/noticiasemdestaque.com\/cd\/#organization\"},\"image\":{\"@id\":\"https:\/\/noticiasemdestaque.com\/cd\/?p=1976#primaryimage\"},\"thumbnailUrl\":\"https:\/\/noticiasemdestaque.com\/cd\/wp-content\/uploads\/2017\/07\/maxresdefault.jpg\",\"articleSection\":[\"Cidades\"],\"inLanguage\":\"pt-BR\"},{\"@type\":\"WebPage\",\"@id\":\"https:\/\/noticiasemdestaque.com\/cd\/?p=1976\",\"url\":\"https:\/\/noticiasemdestaque.com\/cd\/?p=1976\",\"name\":\"Vereador afirma que Governo Souzinha \u00e9 pior que o de Dudu; ou\u00e7a - Not&iacute;cias em Destaque\",\"isPartOf\":{\"@id\":\"https:\/\/noticiasemdestaque.com\/cd\/#website\"},\"primaryImageOfPage\":{\"@id\":\"https:\/\/noticiasemdestaque.com\/cd\/?p=1976#primaryimage\"},\"image\":{\"@id\":\"https:\/\/noticiasemdestaque.com\/cd\/?p=1976#primaryimage\"},\"thumbnailUrl\":\"https:\/\/noticiasemdestaque.com\/cd\/wp-content\/uploads\/2017\/07\/maxresdefault.jpg\",\"datePublished\":\"2017-07-18T11:07:07+00:00\",\"dateModified\":\"2017-07-18T11:07:25+00:00\",\"breadcrumb\":{\"@id\":\"https:\/\/noticiasemdestaque.com\/cd\/?p=1976#breadcrumb\"},\"inLanguage\":\"pt-BR\",\"potentialAction\":[{\"@type\":\"ReadAction\",\"target\":[\"https:\/\/noticiasemdestaque.com\/cd\/?p=1976\"]}]},{\"@type\":\"ImageObject\",\"inLanguage\":\"pt-BR\",\"@id\":\"https:\/\/noticiasemdestaque.com\/cd\/?p=1976#primaryimage\",\"url\":\"https:\/\/noticiasemdestaque.com\/cd\/wp-content\/uploads\/2017\/07\/maxresdefault.jpg\",\"contentUrl\":\"https:\/\/noticiasemdestaque.com\/cd\/wp-content\/uploads\/2017\/07\/maxresdefault.jpg\",\"width\":1280,\"height\":720},{\"@type\":\"BreadcrumbList\",\"@id\":\"https:\/\/noticiasemdestaque.com\/cd\/?p=1976#breadcrumb\",\"itemListElement\":[{\"@type\":\"ListItem\",\"position\":1,\"name\":\"In\u00edcio\",\"item\":\"https:\/\/noticiasemdestaque.com\/cd\/\"},{\"@type\":\"ListItem\",\"position\":2,\"name\":\"Vereador afirma que Governo Souzinha \u00e9 pior que o de Dudu; ou\u00e7a\"}]},{\"@type\":\"WebSite\",\"@id\":\"https:\/\/noticiasemdestaque.com\/cd\/#website\",\"url\":\"https:\/\/noticiasemdestaque.com\/cd\/\",\"name\":\"Not&iacute;cias em Destaque\",\"description\":\"\",\"publisher\":{\"@id\":\"https:\/\/noticiasemdestaque.com\/cd\/#organization\"},\"potentialAction\":[{\"@type\":\"SearchAction\",\"target\":{\"@type\":\"EntryPoint\",\"urlTemplate\":\"https:\/\/noticiasemdestaque.com\/cd\/?s={search_term_string}\"},\"query-input\":{\"@type\":\"PropertyValueSpecification\",\"valueRequired\":true,\"valueName\":\"search_term_string\"}}],\"inLanguage\":\"pt-BR\"},{\"@type\":\"Organization\",\"@id\":\"https:\/\/noticiasemdestaque.com\/cd\/#organization\",\"name\":\"Not\u00edcias em Destaque\",\"url\":\"https:\/\/noticiasemdestaque.com\/cd\/\",\"logo\":{\"@type\":\"ImageObject\",\"inLanguage\":\"pt-BR\",\"@id\":\"https:\/\/noticiasemdestaque.com\/cd\/#\/schema\/logo\/image\/\",\"url\":\"https:\/\/noticiasemdestaque.com\/cd\/wp-content\/uploads\/2022\/05\/imagem-base-noticiasemdestaque.png\",\"contentUrl\":\"https:\/\/noticiasemdestaque.com\/cd\/wp-content\/uploads\/2022\/05\/imagem-base-noticiasemdestaque.png\",\"width\":1200,\"height\":630,\"caption\":\"Not\u00edcias em Destaque\"},\"image\":{\"@id\":\"https:\/\/noticiasemdestaque.com\/cd\/#\/schema\/logo\/image\/\"}},{\"@type\":\"Person\",\"@id\":\"https:\/\/noticiasemdestaque.com\/cd\/#\/schema\/person\/47f7d4f55eec17c6b2ca036c5500f6ce\",\"name\":\"Not\u00edcias em Destaque\",\"url\":\"https:\/\/noticiasemdestaque.com\/cd\/?author=2\"}]}<\/script>\n<!-- \/ Yoast SEO plugin. -->","yoast_head_json":{"title":"Vereador afirma que Governo Souzinha \u00e9 pior que o de Dudu; ou\u00e7a - Not&iacute;cias em Destaque","robots":{"index":"index","follow":"follow","max-snippet":"max-snippet:-1","max-image-preview":"max-image-preview:large","max-video-preview":"max-video-preview:-1"},"canonical":"https:\/\/noticiasemdestaque.com\/cd\/?p=1976","og_locale":"pt_BR","og_type":"article","og_title":"Vereador afirma que Governo Souzinha \u00e9 pior que o de Dudu; ou\u00e7a - Not&iacute;cias em Destaque","og_description":"Durante a edi\u00e7\u00e3o do Jornal do Cariri da 95 FM desta segunda-feira (17\/07) o vereador Guilherme Gaud\u00eancio (PSB) comentou o fato da UPA 24 horas de Serra Branca est\u00e1 h\u00e1 4 anos sem funcionar. O vereador explicou que a obra foi conclu\u00edda, faltando apenas realizar a licita\u00e7\u00e3o para a compra de equipamentos. De acordo com parlamentar R$ 529.197.91 j\u00e1 est\u00e1 em conta para compra de equipamentos, como voc\u00ea pode conferir a baixo nos dados do SAGRES. CONFIRA O EXTRATO: Guilherme afirmou que na gest\u00e3o de Souzinha, a preocupa\u00e7\u00e3o \u00e9 apenas em contratar pessoas para fazer acordos pol\u00edticos, e os servi\u00e7os b\u00e1sicos est\u00e3o sendo deixados de lado. O vereador afirmou ainda que, mesmo o munic\u00edpio ter recebido um aumento do FPM por conta das comunidades do Olho D\u2019\u00e1gua do Padre, Caititu e Catonho, a assist\u00eancia na zona rural, como estradas, deixam a desejar, inclusive prejudicando os transportes das escolas. OU\u00c7A A DECLARA\u00c7\u00c3O DE GUILHERME GAUD\u00caNCIO: Cariri em Destaque","og_url":"https:\/\/noticiasemdestaque.com\/cd\/?p=1976","og_site_name":"Not&iacute;cias em Destaque","article_published_time":"2017-07-18T11:07:07+00:00","article_modified_time":"2017-07-18T11:07:25+00:00","og_image":[{"width":1280,"height":720,"url":"https:\/\/noticiasemdestaque.com\/cd\/wp-content\/uploads\/2017\/07\/maxresdefault.jpg","type":"image\/jpeg"}],"author":"Not\u00edcias em Destaque","twitter_card":"summary_large_image","twitter_misc":{"Escrito por":"Not\u00edcias em Destaque","Est. tempo de leitura":"1 minuto"},"schema":{"@context":"https:\/\/schema.org","@graph":[{"@type":"Article","@id":"https:\/\/noticiasemdestaque.com\/cd\/?p=1976#article","isPartOf":{"@id":"https:\/\/noticiasemdestaque.com\/cd\/?p=1976"},"author":{"name":"Not\u00edcias em Destaque","@id":"https:\/\/noticiasemdestaque.com\/cd\/#\/schema\/person\/47f7d4f55eec17c6b2ca036c5500f6ce"},"headline":"Vereador afirma que Governo Souzinha \u00e9 pior que o de Dudu; ou\u00e7a","datePublished":"2017-07-18T11:07:07+00:00","dateModified":"2017-07-18T11:07:25+00:00","mainEntityOfPage":{"@id":"https:\/\/noticiasemdestaque.com\/cd\/?p=1976"},"wordCount":179,"publisher":{"@id":"https:\/\/noticiasemdestaque.com\/cd\/#organization"},"image":{"@id":"https:\/\/noticiasemdestaque.com\/cd\/?p=1976#primaryimage"},"thumbnailUrl":"https:\/\/noticiasemdestaque.com\/cd\/wp-content\/uploads\/2017\/07\/maxresdefault.jpg","articleSection":["Cidades"],"inLanguage":"pt-BR"},{"@type":"WebPage","@id":"https:\/\/noticiasemdestaque.com\/cd\/?p=1976","url":"https:\/\/noticiasemdestaque.com\/cd\/?p=1976","name":"Vereador afirma que Governo Souzinha \u00e9 pior que o de Dudu; ou\u00e7a - Not&iacute;cias em Destaque","isPartOf":{"@id":"https:\/\/noticiasemdestaque.com\/cd\/#website"},"primaryImageOfPage":{"@id":"https:\/\/noticiasemdestaque.com\/cd\/?p=1976#primaryimage"},"image":{"@id":"https:\/\/noticiasemdestaque.com\/cd\/?p=1976#primaryimage"},"thumbnailUrl":"https:\/\/noticiasemdestaque.com\/cd\/wp-content\/uploads\/2017\/07\/maxresdefault.jpg","datePublished":"2017-07-18T11:07:07+00:00","dateModified":"2017-07-18T11:07:25+00:00","breadcrumb":{"@id":"https:\/\/noticiasemdestaque.com\/cd\/?p=1976#breadcrumb"},"inLanguage":"pt-BR","potentialAction":[{"@type":"ReadAction","target":["https:\/\/noticiasemdestaque.com\/cd\/?p=1976"]}]},{"@type":"ImageObject","inLanguage":"pt-BR","@id":"https:\/\/noticiasemdestaque.com\/cd\/?p=1976#primaryimage","url":"https:\/\/noticiasemdestaque.com\/cd\/wp-content\/uploads\/2017\/07\/maxresdefault.jpg","contentUrl":"https:\/\/noticiasemdestaque.com\/cd\/wp-content\/uploads\/2017\/07\/maxresdefault.jpg","width":1280,"height":720},{"@type":"BreadcrumbList","@id":"https:\/\/noticiasemdestaque.com\/cd\/?p=1976#breadcrumb","itemListElement":[{"@type":"ListItem","position":1,"name":"In\u00edcio","item":"https:\/\/noticiasemdestaque.com\/cd\/"},{"@type":"ListItem","position":2,"name":"Vereador afirma que Governo Souzinha \u00e9 pior que o de Dudu; ou\u00e7a"}]},{"@type":"WebSite","@id":"https:\/\/noticiasemdestaque.com\/cd\/#website","url":"https:\/\/noticiasemdestaque.com\/cd\/","name":"Not&iacute;cias em Destaque","description":"","publisher":{"@id":"https:\/\/noticiasemdestaque.com\/cd\/#organization"},"potentialAction":[{"@type":"SearchAction","target":{"@type":"EntryPoint","urlTemplate":"https:\/\/noticiasemdestaque.com\/cd\/?s={search_term_string}"},"query-input":{"@type":"PropertyValueSpecification","valueRequired":true,"valueName":"search_term_string"}}],"inLanguage":"pt-BR"},{"@type":"Organization","@id":"https:\/\/noticiasemdestaque.com\/cd\/#organization","name":"Not\u00edcias em Destaque","url":"https:\/\/noticiasemdestaque.com\/cd\/","logo":{"@type":"ImageObject","inLanguage":"pt-BR","@id":"https:\/\/noticiasemdestaque.com\/cd\/#\/schema\/logo\/image\/","url":"https:\/\/noticiasemdestaque.com\/cd\/wp-content\/uploads\/2022\/05\/imagem-base-noticiasemdestaque.png","contentUrl":"https:\/\/noticiasemdestaque.com\/cd\/wp-content\/uploads\/2022\/05\/imagem-base-noticiasemdestaque.png","width":1200,"height":630,"caption":"Not\u00edcias em Destaque"},"image":{"@id":"https:\/\/noticiasemdestaque.com\/cd\/#\/schema\/logo\/image\/"}},{"@type":"Person","@id":"https:\/\/noticiasemdestaque.com\/cd\/#\/schema\/person\/47f7d4f55eec17c6b2ca036c5500f6ce","name":"Not\u00edcias em Destaque","url":"https:\/\/noticiasemdestaque.com\/cd\/?author=2"}]}},"jetpack_featured_media_url":"https:\/\/noticiasemdestaque.com\/cd\/wp-content\/uploads\/2017\/07\/maxresdefault.jpg","jetpack_sharing_enabled":true,"_links":{"self":[{"href":"https:\/\/noticiasemdestaque.com\/cd\/index.php?rest_route=\/wp\/v2\/posts\/1976","targetHints":{"allow":["GET"]}}],"collection":[{"href":"https:\/\/noticiasemdestaque.com\/cd\/index.php?rest_route=\/wp\/v2\/posts"}],"about":[{"href":"https:\/\/noticiasemdestaque.com\/cd\/index.php?rest_route=\/wp\/v2\/types\/post"}],"author":[{"embeddable":true,"href":"https:\/\/noticiasemdestaque.com\/cd\/index.php?rest_route=\/wp\/v2\/users\/2"}],"replies":[{"embeddable":true,"href":"https:\/\/noticiasemdestaque.com\/cd\/index.php?rest_route=%2Fwp%2Fv2%2Fcomments&post=1976"}],"version-history":[{"count":1,"href":"https:\/\/noticiasemdestaque.com\/cd\/index.php?rest_route=\/wp\/v2\/posts\/1976\/revisions"}],"predecessor-version":[{"id":1980,"href":"https:\/\/noticiasemdestaque.com\/cd\/index.php?rest_route=\/wp\/v2\/posts\/1976\/revisions\/1980"}],"wp:featuredmedia":[{"embeddable":true,"href":"https:\/\/noticiasemdestaque.com\/cd\/index.php?rest_route=\/wp\/v2\/media\/1979"}],"wp:attachment":[{"href":"https:\/\/noticiasemdestaque.com\/cd\/index.php?rest_route=%2Fwp%2Fv2%2Fmedia&parent=1976"}],"wp:term":[{"taxonomy":"category","embeddable":true,"href":"https:\/\/noticiasemdestaque.com\/cd\/index.php?rest_route=%2Fwp%2Fv2%2Fcategories&post=1976"},{"taxonomy":"post_tag","embeddable":true,"href":"https:\/\/noticiasemdestaque.com\/cd\/index.php?rest_route=%2Fwp%2Fv2%2Ftags&post=1976"}],"curies":[{"name":"wp","href":"https:\/\/api.w.org\/{rel}","templated":true}]}}