{"id":1973,"date":"2017-07-18T07:46:51","date_gmt":"2017-07-18T10:46:51","guid":{"rendered":"http:\/\/caririemdestaque.com\/cd\/?p=1973"},"modified":"2017-07-18T07:46:51","modified_gmt":"2017-07-18T10:46:51","slug":"lider-do-pt-nao-descarta-retirada-de-emenda-que-poderia-beneficiar-lula","status":"publish","type":"post","link":"https:\/\/noticiasemdestaque.com\/cd\/?p=1973","title":{"rendered":"L\u00edder do PT n\u00e3o descarta retirada de emenda que poderia beneficiar Lula"},"content":{"rendered":"<figure id=\"attachment_1974\" aria-describedby=\"caption-attachment-1974\" style=\"width: 300px\" class=\"wp-caption alignleft\"><a href=\"http:\/\/caririemdestaque.com\/cd\/wp-content\/uploads\/2017\/07\/Cr\u00e9dito-da-foto-Lucio-Bernardo-Jr..jpg\"><img fetchpriority=\"high\" decoding=\"async\" class=\"wp-image-1974 size-medium\" src=\"http:\/\/caririemdestaque.com\/cd\/wp-content\/uploads\/2017\/07\/Cr\u00e9dito-da-foto-Lucio-Bernardo-Jr.-300x197.jpg\" alt=\"\" width=\"300\" height=\"197\" srcset=\"https:\/\/noticiasemdestaque.com\/cd\/wp-content\/uploads\/2017\/07\/Cr\u00e9dito-da-foto-Lucio-Bernardo-Jr.-300x197.jpg 300w, https:\/\/noticiasemdestaque.com\/cd\/wp-content\/uploads\/2017\/07\/Cr\u00e9dito-da-foto-Lucio-Bernardo-Jr.-768x503.jpg 768w, https:\/\/noticiasemdestaque.com\/cd\/wp-content\/uploads\/2017\/07\/Cr\u00e9dito-da-foto-Lucio-Bernardo-Jr.-1024x671.jpg 1024w, https:\/\/noticiasemdestaque.com\/cd\/wp-content\/uploads\/2017\/07\/Cr\u00e9dito-da-foto-Lucio-Bernardo-Jr..jpg 1600w\" sizes=\"(max-width: 300px) 100vw, 300px\" \/><\/a><figcaption id=\"caption-attachment-1974\" class=\"wp-caption-text\">Foto: Lucio Bernardo Jr<\/figcaption><\/figure>\n<p>O l\u00edder do PT na C\u00e2mara, deputado Carlos Zarattini (SP), admitiu a possibilidade de ser exclu\u00edda do relat\u00f3rio da reforma pol\u00edtica a cl\u00e1usula que impede a pris\u00e3o de candidatos cinco meses de antes das elei\u00e7\u00f5es. Segundo ele, n\u00e3o faz o \u201cmenor sentido\u201d a repercuss\u00e3o negativa que criou-se ap\u00f3s as mudan\u00e7as feitas pelo relator do texto, deputado Vicente C\u00e2ndido (PT-SP). Cr\u00edticos apontam que a altera\u00e7\u00e3o teria o objetivo de beneficiar o ex-presidente Luiz In\u00e1cio Lula da Silva, poss\u00edvel candidato \u00e0s elei\u00e7\u00f5es presidenciais de 2018 e condenado na Lava Jato a nove anos de pris\u00e3o por corrup\u00e7\u00e3o passiva e lavagem de dinheiro.<\/p>\n<p>Ap\u00f3s as controv\u00e9rsias geradas nos \u00faltimos dias, o l\u00edder petista afirmou que a altera\u00e7\u00e3o n\u00e3o \u00e9 surpresa para os integrantes da comiss\u00e3o de reforma pol\u00edtica, mas que o partido concorda com a retirada do trecho caso n\u00e3o haja consenso. Carlos Zarattini explicou que a inten\u00e7\u00e3o do relator era reestruturar o calend\u00e1rio eleitoral para que as candidaturas sejam avaliadas previamente, evitando casos como o de pol\u00edticos que s\u00e3o eleitos e, posteriormente, afastados de seus mandatos.<\/p>\n<p>\u201cIsso vale para todos os candidatos. N\u00e3o \u00e9 uma coisa para o Lula. E teve a concord\u00e2ncia de todos os partidos. Ele conversou com todo mundo sobre isso. Agora, para n\u00f3s do PT, n\u00e3o \u00e9 uma quest\u00e3o essencial, fundamental. Se n\u00e3o houver concord\u00e2ncia dos outros, n\u00f3s simplesmente vamos abandonar isso a\u00ed. Para n\u00f3s, tem outros pontos muito mais importantes que esse\u201d, disse Zarattini \u00e0 Ag\u00eancia Brasil. A reportagem procurou o relator Vicente C\u00e2ndido para comentar a pol\u00eamica, mas o deputado n\u00e3o estava dispon\u00edvel para entrevistas nesta segunda-feira.<\/p>\n<p><strong>Pris\u00e3o de candidatos<\/strong><\/p>\n<p>Atualmente, pelo C\u00f3digo Eleitoral, os candidatos n\u00e3o podem ser detidos no per\u00edodo que compreende 15 dias antes da elei\u00e7\u00e3o, salvo em casos de delitos em flagrante. De acordo com o relat\u00f3rio de C\u00e2ndido, o benef\u00edcio valeria desde o momento em que os pol\u00edticos obterem o chamado \u201cCertificado de Habilita\u00e7\u00e3o Pr\u00e9via\u201d. Institu\u00eddo pelo relator, o certificado pode ser emitido desde o dia 1\u00ba de fevereiro e validado at\u00e9 o fim de abril do ano eleitoral , o que proibiria as autoridades de prender candidatos de cinco a oito meses antes das elei\u00e7\u00f5es.<\/p>\n<p>Como a mudan\u00e7a pode, supostamente, beneficiar o ex-presidente Lula, deputados governistas criticaram a proposta. A condena\u00e7\u00e3o prev\u00ea que Lula fique ineleg\u00edvel por 19 anos e, se confirmada em segunda inst\u00e2ncia, o inabilita politicamente, conforme t\u00eam criticado seus aliados pol\u00edticos.<\/p>\n<p>\u201cEu n\u00e3o tenho d\u00favida de que \u00e9 blindagem do e x-presidente. Essa propositura \u00e9 para blindar criminosos, \u00e9 lament\u00e1vel, ao inv\u00e9s da democracia, \u00e9 para blindar criminosos a disputar a elei\u00e7\u00e3o\u201d, disse nesta segunda-feira (17) o deputado Rubens Bueno (PPS-PR). J\u00e1 Zarattini sustenta que, se condenado em segunda inst\u00e2ncia, Lula n\u00e3o poder\u00e1 ser candidato \u201cmesmo com essa emenda\u201d.<\/p>\n<p><strong>Bal\u00e3o de ensaio<\/strong><\/p>\n<p>Segundo o deputado Esperidi\u00e3o Amin (PP-SC), integrante da comiss\u00e3o, a proposta \u00e9 um \u201cbal\u00e3o de ensaio\u201d que n\u00e3o vai prosperar devido \u00e0 press\u00e3o da opini\u00e3o p\u00fablica e \u00e0 sua \u201cfalta de fundamento\u201d. \u201cN\u00e3o tem nenhum nexo, nenhuma liga\u00e7\u00e3o, justificativa para dar um prazo de seguran\u00e7a ao candidato antes de existir a sua candidatura\u201d, criticou.<\/p>\n<p>Repetindo que as altera\u00e7\u00f5es foram \u201cacordadas com outros partidos\u201d, o l\u00edder do PT disse que, se os parlamentares contr\u00e1rios \u00e0 medida prometem trabalhar contra o texto, n\u00e3o ter\u00e3o trabalho nenhum. &#8220;Se n\u00e3o houver consenso, n\u00f3s do PT somos favor\u00e1veis a retirar. Isso n\u00e3o \u00e9 para n\u00f3s, \u00e9 para todo mundo. Se todo mundo n\u00e3o est\u00e1 de acordo, n\u00e3o tem problema\u201d, declarou.<\/p>\n<p>Com Ag\u00eancia Brasil\/\u00a0Amanda Cieglinski<\/p>\n","protected":false},"excerpt":{"rendered":"<p>O l\u00edder do PT na C\u00e2mara, deputado Carlos Zarattini (SP), admitiu a possibilidade de ser exclu\u00edda do relat\u00f3rio da reforma pol\u00edtica a cl\u00e1usula que impede a pris\u00e3o de candidatos cinco meses de antes das elei\u00e7\u00f5es. Segundo ele, n\u00e3o faz o \u201cmenor sentido\u201d a repercuss\u00e3o negativa que criou-se ap\u00f3s as mudan\u00e7as feitas pelo relator do texto, deputado Vicente C\u00e2ndido (PT-SP). Cr\u00edticos apontam que a altera\u00e7\u00e3o teria o objetivo de beneficiar o ex-presidente Luiz In\u00e1cio Lula da Silva, poss\u00edvel candidato \u00e0s elei\u00e7\u00f5es presidenciais de 2018 e condenado na Lava Jato a nove anos de pris\u00e3o por corrup\u00e7\u00e3o passiva e lavagem de dinheiro. Ap\u00f3s as controv\u00e9rsias geradas nos \u00faltimos dias, o l\u00edder petista afirmou que a altera\u00e7\u00e3o n\u00e3o \u00e9 surpresa para os integrantes da comiss\u00e3o de reforma pol\u00edtica, mas que o partido concorda com a retirada do trecho caso n\u00e3o haja consenso. Carlos Zarattini explicou que a inten\u00e7\u00e3o do relator era reestruturar o calend\u00e1rio eleitoral para que as candidaturas sejam avaliadas previamente, evitando casos como o de pol\u00edticos que s\u00e3o eleitos e, posteriormente, afastados de seus mandatos. \u201cIsso vale para todos os candidatos. N\u00e3o \u00e9 uma coisa para o Lula. E teve a concord\u00e2ncia de todos os partidos. Ele conversou com todo mundo sobre isso. Agora, para n\u00f3s do PT, n\u00e3o \u00e9 uma quest\u00e3o essencial, fundamental. Se n\u00e3o houver concord\u00e2ncia dos outros, n\u00f3s simplesmente vamos abandonar isso a\u00ed. Para n\u00f3s, tem outros pontos muito mais importantes que esse\u201d, disse Zarattini \u00e0 Ag\u00eancia Brasil. A reportagem procurou o relator Vicente C\u00e2ndido para comentar a pol\u00eamica, mas o deputado n\u00e3o estava dispon\u00edvel para entrevistas nesta segunda-feira. Pris\u00e3o de candidatos Atualmente, pelo C\u00f3digo Eleitoral, os candidatos n\u00e3o podem ser detidos no per\u00edodo que compreende 15 dias antes da elei\u00e7\u00e3o, salvo em casos de delitos em flagrante. De acordo com o relat\u00f3rio de C\u00e2ndido, o benef\u00edcio valeria desde o momento em que os pol\u00edticos obterem o chamado \u201cCertificado de Habilita\u00e7\u00e3o Pr\u00e9via\u201d. Institu\u00eddo pelo relator, o certificado pode ser emitido desde o dia 1\u00ba de fevereiro e validado at\u00e9 o fim de abril do ano eleitoral , o que proibiria as autoridades de prender candidatos de cinco a oito meses antes das elei\u00e7\u00f5es. Como a mudan\u00e7a pode, supostamente, beneficiar o ex-presidente Lula, deputados governistas criticaram a proposta. A condena\u00e7\u00e3o prev\u00ea que Lula fique ineleg\u00edvel por 19 anos e, se confirmada em segunda inst\u00e2ncia, o inabilita politicamente, conforme t\u00eam criticado seus aliados pol\u00edticos. \u201cEu n\u00e3o tenho d\u00favida de que \u00e9 blindagem do e x-presidente. Essa propositura \u00e9 para blindar criminosos, \u00e9 lament\u00e1vel, ao inv\u00e9s da democracia, \u00e9 para blindar criminosos a disputar a elei\u00e7\u00e3o\u201d, disse nesta segunda-feira (17) o deputado Rubens Bueno (PPS-PR). J\u00e1 Zarattini sustenta que, se condenado em segunda inst\u00e2ncia, Lula n\u00e3o poder\u00e1 ser candidato \u201cmesmo com essa emenda\u201d. Bal\u00e3o de ensaio Segundo o deputado Esperidi\u00e3o Amin (PP-SC), integrante da comiss\u00e3o, a proposta \u00e9 um \u201cbal\u00e3o de ensaio\u201d que n\u00e3o vai prosperar devido \u00e0 press\u00e3o da opini\u00e3o p\u00fablica e \u00e0 sua \u201cfalta de fundamento\u201d. \u201cN\u00e3o tem nenhum nexo, nenhuma liga\u00e7\u00e3o, justificativa para dar um prazo de seguran\u00e7a ao candidato antes de existir a sua candidatura\u201d, criticou. Repetindo que as altera\u00e7\u00f5es foram \u201cacordadas com outros partidos\u201d, o l\u00edder do PT disse que, se os parlamentares contr\u00e1rios \u00e0 medida prometem trabalhar contra o texto, n\u00e3o ter\u00e3o trabalho nenhum. &#8220;Se n\u00e3o houver consenso, n\u00f3s do PT somos favor\u00e1veis a retirar. Isso n\u00e3o \u00e9 para n\u00f3s, \u00e9 para todo mundo. Se todo mundo n\u00e3o est\u00e1 de acordo, n\u00e3o tem problema\u201d, declarou. Com Ag\u00eancia Brasil\/\u00a0Amanda Cieglinski<\/p>\n","protected":false},"author":2,"featured_media":0,"comment_status":"closed","ping_status":"open","sticky":false,"template":"","format":"standard","meta":{"_eb_attr":"","_jetpack_memberships_contains_paid_content":false,"footnotes":""},"categories":[4],"tags":[],"class_list":["post-1973","post","type-post","status-publish","format-standard","hentry","category-politica"],"yoast_head":"<!-- This site is optimized with the Yoast SEO plugin v26.5 - https:\/\/yoast.com\/wordpress\/plugins\/seo\/ -->\n<title>L\u00edder do PT n\u00e3o descarta retirada de emenda que poderia beneficiar Lula - Not&iacute;cias em Destaque<\/title>\n<meta name=\"robots\" content=\"index, follow, max-snippet:-1, max-image-preview:large, max-video-preview:-1\" \/>\n<link rel=\"canonical\" href=\"https:\/\/noticiasemdestaque.com\/cd\/?p=1973\" \/>\n<meta property=\"og:locale\" content=\"pt_BR\" \/>\n<meta property=\"og:type\" content=\"article\" \/>\n<meta property=\"og:title\" content=\"L\u00edder do PT n\u00e3o descarta retirada de emenda que poderia beneficiar Lula - Not&iacute;cias em Destaque\" \/>\n<meta property=\"og:description\" content=\"O l\u00edder do PT na C\u00e2mara, deputado Carlos Zarattini (SP), admitiu a possibilidade de ser exclu\u00edda do relat\u00f3rio da reforma pol\u00edtica a cl\u00e1usula que impede a pris\u00e3o de candidatos cinco meses de antes das elei\u00e7\u00f5es. Segundo ele, n\u00e3o faz o \u201cmenor sentido\u201d a repercuss\u00e3o negativa que criou-se ap\u00f3s as mudan\u00e7as feitas pelo relator do texto, deputado Vicente C\u00e2ndido (PT-SP). Cr\u00edticos apontam que a altera\u00e7\u00e3o teria o objetivo de beneficiar o ex-presidente Luiz In\u00e1cio Lula da Silva, poss\u00edvel candidato \u00e0s elei\u00e7\u00f5es presidenciais de 2018 e condenado na Lava Jato a nove anos de pris\u00e3o por corrup\u00e7\u00e3o passiva e lavagem de dinheiro. Ap\u00f3s as controv\u00e9rsias geradas nos \u00faltimos dias, o l\u00edder petista afirmou que a altera\u00e7\u00e3o n\u00e3o \u00e9 surpresa para os integrantes da comiss\u00e3o de reforma pol\u00edtica, mas que o partido concorda com a retirada do trecho caso n\u00e3o haja consenso. Carlos Zarattini explicou que a inten\u00e7\u00e3o do relator era reestruturar o calend\u00e1rio eleitoral para que as candidaturas sejam avaliadas previamente, evitando casos como o de pol\u00edticos que s\u00e3o eleitos e, posteriormente, afastados de seus mandatos. \u201cIsso vale para todos os candidatos. N\u00e3o \u00e9 uma coisa para o Lula. E teve a concord\u00e2ncia de todos os partidos. Ele conversou com todo mundo sobre isso. Agora, para n\u00f3s do PT, n\u00e3o \u00e9 uma quest\u00e3o essencial, fundamental. Se n\u00e3o houver concord\u00e2ncia dos outros, n\u00f3s simplesmente vamos abandonar isso a\u00ed. Para n\u00f3s, tem outros pontos muito mais importantes que esse\u201d, disse Zarattini \u00e0 Ag\u00eancia Brasil. A reportagem procurou o relator Vicente C\u00e2ndido para comentar a pol\u00eamica, mas o deputado n\u00e3o estava dispon\u00edvel para entrevistas nesta segunda-feira. Pris\u00e3o de candidatos Atualmente, pelo C\u00f3digo Eleitoral, os candidatos n\u00e3o podem ser detidos no per\u00edodo que compreende 15 dias antes da elei\u00e7\u00e3o, salvo em casos de delitos em flagrante. De acordo com o relat\u00f3rio de C\u00e2ndido, o benef\u00edcio valeria desde o momento em que os pol\u00edticos obterem o chamado \u201cCertificado de Habilita\u00e7\u00e3o Pr\u00e9via\u201d. Institu\u00eddo pelo relator, o certificado pode ser emitido desde o dia 1\u00ba de fevereiro e validado at\u00e9 o fim de abril do ano eleitoral , o que proibiria as autoridades de prender candidatos de cinco a oito meses antes das elei\u00e7\u00f5es. Como a mudan\u00e7a pode, supostamente, beneficiar o ex-presidente Lula, deputados governistas criticaram a proposta. A condena\u00e7\u00e3o prev\u00ea que Lula fique ineleg\u00edvel por 19 anos e, se confirmada em segunda inst\u00e2ncia, o inabilita politicamente, conforme t\u00eam criticado seus aliados pol\u00edticos. \u201cEu n\u00e3o tenho d\u00favida de que \u00e9 blindagem do e x-presidente. Essa propositura \u00e9 para blindar criminosos, \u00e9 lament\u00e1vel, ao inv\u00e9s da democracia, \u00e9 para blindar criminosos a disputar a elei\u00e7\u00e3o\u201d, disse nesta segunda-feira (17) o deputado Rubens Bueno (PPS-PR). J\u00e1 Zarattini sustenta que, se condenado em segunda inst\u00e2ncia, Lula n\u00e3o poder\u00e1 ser candidato \u201cmesmo com essa emenda\u201d. Bal\u00e3o de ensaio Segundo o deputado Esperidi\u00e3o Amin (PP-SC), integrante da comiss\u00e3o, a proposta \u00e9 um \u201cbal\u00e3o de ensaio\u201d que n\u00e3o vai prosperar devido \u00e0 press\u00e3o da opini\u00e3o p\u00fablica e \u00e0 sua \u201cfalta de fundamento\u201d. \u201cN\u00e3o tem nenhum nexo, nenhuma liga\u00e7\u00e3o, justificativa para dar um prazo de seguran\u00e7a ao candidato antes de existir a sua candidatura\u201d, criticou. Repetindo que as altera\u00e7\u00f5es foram \u201cacordadas com outros partidos\u201d, o l\u00edder do PT disse que, se os parlamentares contr\u00e1rios \u00e0 medida prometem trabalhar contra o texto, n\u00e3o ter\u00e3o trabalho nenhum. &#8220;Se n\u00e3o houver consenso, n\u00f3s do PT somos favor\u00e1veis a retirar. Isso n\u00e3o \u00e9 para n\u00f3s, \u00e9 para todo mundo. Se todo mundo n\u00e3o est\u00e1 de acordo, n\u00e3o tem problema\u201d, declarou. Com Ag\u00eancia Brasil\/\u00a0Amanda Cieglinski\" \/>\n<meta property=\"og:url\" content=\"https:\/\/noticiasemdestaque.com\/cd\/?p=1973\" \/>\n<meta property=\"og:site_name\" content=\"Not&iacute;cias em Destaque\" \/>\n<meta property=\"article:published_time\" content=\"2017-07-18T10:46:51+00:00\" \/>\n<meta name=\"author\" content=\"Not\u00edcias em Destaque\" \/>\n<meta name=\"twitter:card\" content=\"summary_large_image\" \/>\n<meta name=\"twitter:label1\" content=\"Escrito por\" \/>\n\t<meta name=\"twitter:data1\" content=\"Not\u00edcias em Destaque\" \/>\n\t<meta name=\"twitter:label2\" content=\"Est. tempo de leitura\" \/>\n\t<meta name=\"twitter:data2\" content=\"3 minutos\" \/>\n<script type=\"application\/ld+json\" class=\"yoast-schema-graph\">{\"@context\":\"https:\/\/schema.org\",\"@graph\":[{\"@type\":\"Article\",\"@id\":\"https:\/\/noticiasemdestaque.com\/cd\/?p=1973#article\",\"isPartOf\":{\"@id\":\"https:\/\/noticiasemdestaque.com\/cd\/?p=1973\"},\"author\":{\"name\":\"Not\u00edcias em Destaque\",\"@id\":\"https:\/\/noticiasemdestaque.com\/cd\/#\/schema\/person\/47f7d4f55eec17c6b2ca036c5500f6ce\"},\"headline\":\"L\u00edder do PT n\u00e3o descarta retirada de emenda que poderia beneficiar Lula\",\"datePublished\":\"2017-07-18T10:46:51+00:00\",\"mainEntityOfPage\":{\"@id\":\"https:\/\/noticiasemdestaque.com\/cd\/?p=1973\"},\"wordCount\":676,\"publisher\":{\"@id\":\"https:\/\/noticiasemdestaque.com\/cd\/#organization\"},\"articleSection\":[\"Pol\u00edtica\"],\"inLanguage\":\"pt-BR\"},{\"@type\":\"WebPage\",\"@id\":\"https:\/\/noticiasemdestaque.com\/cd\/?p=1973\",\"url\":\"https:\/\/noticiasemdestaque.com\/cd\/?p=1973\",\"name\":\"L\u00edder do PT n\u00e3o descarta retirada de emenda que poderia beneficiar Lula - Not&iacute;cias em Destaque\",\"isPartOf\":{\"@id\":\"https:\/\/noticiasemdestaque.com\/cd\/#website\"},\"datePublished\":\"2017-07-18T10:46:51+00:00\",\"breadcrumb\":{\"@id\":\"https:\/\/noticiasemdestaque.com\/cd\/?p=1973#breadcrumb\"},\"inLanguage\":\"pt-BR\",\"potentialAction\":[{\"@type\":\"ReadAction\",\"target\":[\"https:\/\/noticiasemdestaque.com\/cd\/?p=1973\"]}]},{\"@type\":\"BreadcrumbList\",\"@id\":\"https:\/\/noticiasemdestaque.com\/cd\/?p=1973#breadcrumb\",\"itemListElement\":[{\"@type\":\"ListItem\",\"position\":1,\"name\":\"In\u00edcio\",\"item\":\"https:\/\/noticiasemdestaque.com\/cd\/\"},{\"@type\":\"ListItem\",\"position\":2,\"name\":\"L\u00edder do PT n\u00e3o descarta retirada de emenda que poderia beneficiar Lula\"}]},{\"@type\":\"WebSite\",\"@id\":\"https:\/\/noticiasemdestaque.com\/cd\/#website\",\"url\":\"https:\/\/noticiasemdestaque.com\/cd\/\",\"name\":\"Not&iacute;cias em Destaque\",\"description\":\"\",\"publisher\":{\"@id\":\"https:\/\/noticiasemdestaque.com\/cd\/#organization\"},\"potentialAction\":[{\"@type\":\"SearchAction\",\"target\":{\"@type\":\"EntryPoint\",\"urlTemplate\":\"https:\/\/noticiasemdestaque.com\/cd\/?s={search_term_string}\"},\"query-input\":{\"@type\":\"PropertyValueSpecification\",\"valueRequired\":true,\"valueName\":\"search_term_string\"}}],\"inLanguage\":\"pt-BR\"},{\"@type\":\"Organization\",\"@id\":\"https:\/\/noticiasemdestaque.com\/cd\/#organization\",\"name\":\"Not\u00edcias em Destaque\",\"url\":\"https:\/\/noticiasemdestaque.com\/cd\/\",\"logo\":{\"@type\":\"ImageObject\",\"inLanguage\":\"pt-BR\",\"@id\":\"https:\/\/noticiasemdestaque.com\/cd\/#\/schema\/logo\/image\/\",\"url\":\"https:\/\/noticiasemdestaque.com\/cd\/wp-content\/uploads\/2022\/05\/imagem-base-noticiasemdestaque.png\",\"contentUrl\":\"https:\/\/noticiasemdestaque.com\/cd\/wp-content\/uploads\/2022\/05\/imagem-base-noticiasemdestaque.png\",\"width\":1200,\"height\":630,\"caption\":\"Not\u00edcias em Destaque\"},\"image\":{\"@id\":\"https:\/\/noticiasemdestaque.com\/cd\/#\/schema\/logo\/image\/\"}},{\"@type\":\"Person\",\"@id\":\"https:\/\/noticiasemdestaque.com\/cd\/#\/schema\/person\/47f7d4f55eec17c6b2ca036c5500f6ce\",\"name\":\"Not\u00edcias em Destaque\",\"url\":\"https:\/\/noticiasemdestaque.com\/cd\/?author=2\"}]}<\/script>\n<!-- \/ Yoast SEO plugin. -->","yoast_head_json":{"title":"L\u00edder do PT n\u00e3o descarta retirada de emenda que poderia beneficiar Lula - Not&iacute;cias em Destaque","robots":{"index":"index","follow":"follow","max-snippet":"max-snippet:-1","max-image-preview":"max-image-preview:large","max-video-preview":"max-video-preview:-1"},"canonical":"https:\/\/noticiasemdestaque.com\/cd\/?p=1973","og_locale":"pt_BR","og_type":"article","og_title":"L\u00edder do PT n\u00e3o descarta retirada de emenda que poderia beneficiar Lula - Not&iacute;cias em Destaque","og_description":"O l\u00edder do PT na C\u00e2mara, deputado Carlos Zarattini (SP), admitiu a possibilidade de ser exclu\u00edda do relat\u00f3rio da reforma pol\u00edtica a cl\u00e1usula que impede a pris\u00e3o de candidatos cinco meses de antes das elei\u00e7\u00f5es. Segundo ele, n\u00e3o faz o \u201cmenor sentido\u201d a repercuss\u00e3o negativa que criou-se ap\u00f3s as mudan\u00e7as feitas pelo relator do texto, deputado Vicente C\u00e2ndido (PT-SP). Cr\u00edticos apontam que a altera\u00e7\u00e3o teria o objetivo de beneficiar o ex-presidente Luiz In\u00e1cio Lula da Silva, poss\u00edvel candidato \u00e0s elei\u00e7\u00f5es presidenciais de 2018 e condenado na Lava Jato a nove anos de pris\u00e3o por corrup\u00e7\u00e3o passiva e lavagem de dinheiro. Ap\u00f3s as controv\u00e9rsias geradas nos \u00faltimos dias, o l\u00edder petista afirmou que a altera\u00e7\u00e3o n\u00e3o \u00e9 surpresa para os integrantes da comiss\u00e3o de reforma pol\u00edtica, mas que o partido concorda com a retirada do trecho caso n\u00e3o haja consenso. Carlos Zarattini explicou que a inten\u00e7\u00e3o do relator era reestruturar o calend\u00e1rio eleitoral para que as candidaturas sejam avaliadas previamente, evitando casos como o de pol\u00edticos que s\u00e3o eleitos e, posteriormente, afastados de seus mandatos. \u201cIsso vale para todos os candidatos. N\u00e3o \u00e9 uma coisa para o Lula. E teve a concord\u00e2ncia de todos os partidos. Ele conversou com todo mundo sobre isso. Agora, para n\u00f3s do PT, n\u00e3o \u00e9 uma quest\u00e3o essencial, fundamental. Se n\u00e3o houver concord\u00e2ncia dos outros, n\u00f3s simplesmente vamos abandonar isso a\u00ed. Para n\u00f3s, tem outros pontos muito mais importantes que esse\u201d, disse Zarattini \u00e0 Ag\u00eancia Brasil. A reportagem procurou o relator Vicente C\u00e2ndido para comentar a pol\u00eamica, mas o deputado n\u00e3o estava dispon\u00edvel para entrevistas nesta segunda-feira. Pris\u00e3o de candidatos Atualmente, pelo C\u00f3digo Eleitoral, os candidatos n\u00e3o podem ser detidos no per\u00edodo que compreende 15 dias antes da elei\u00e7\u00e3o, salvo em casos de delitos em flagrante. De acordo com o relat\u00f3rio de C\u00e2ndido, o benef\u00edcio valeria desde o momento em que os pol\u00edticos obterem o chamado \u201cCertificado de Habilita\u00e7\u00e3o Pr\u00e9via\u201d. Institu\u00eddo pelo relator, o certificado pode ser emitido desde o dia 1\u00ba de fevereiro e validado at\u00e9 o fim de abril do ano eleitoral , o que proibiria as autoridades de prender candidatos de cinco a oito meses antes das elei\u00e7\u00f5es. Como a mudan\u00e7a pode, supostamente, beneficiar o ex-presidente Lula, deputados governistas criticaram a proposta. A condena\u00e7\u00e3o prev\u00ea que Lula fique ineleg\u00edvel por 19 anos e, se confirmada em segunda inst\u00e2ncia, o inabilita politicamente, conforme t\u00eam criticado seus aliados pol\u00edticos. \u201cEu n\u00e3o tenho d\u00favida de que \u00e9 blindagem do e x-presidente. Essa propositura \u00e9 para blindar criminosos, \u00e9 lament\u00e1vel, ao inv\u00e9s da democracia, \u00e9 para blindar criminosos a disputar a elei\u00e7\u00e3o\u201d, disse nesta segunda-feira (17) o deputado Rubens Bueno (PPS-PR). J\u00e1 Zarattini sustenta que, se condenado em segunda inst\u00e2ncia, Lula n\u00e3o poder\u00e1 ser candidato \u201cmesmo com essa emenda\u201d. Bal\u00e3o de ensaio Segundo o deputado Esperidi\u00e3o Amin (PP-SC), integrante da comiss\u00e3o, a proposta \u00e9 um \u201cbal\u00e3o de ensaio\u201d que n\u00e3o vai prosperar devido \u00e0 press\u00e3o da opini\u00e3o p\u00fablica e \u00e0 sua \u201cfalta de fundamento\u201d. \u201cN\u00e3o tem nenhum nexo, nenhuma liga\u00e7\u00e3o, justificativa para dar um prazo de seguran\u00e7a ao candidato antes de existir a sua candidatura\u201d, criticou. Repetindo que as altera\u00e7\u00f5es foram \u201cacordadas com outros partidos\u201d, o l\u00edder do PT disse que, se os parlamentares contr\u00e1rios \u00e0 medida prometem trabalhar contra o texto, n\u00e3o ter\u00e3o trabalho nenhum. &#8220;Se n\u00e3o houver consenso, n\u00f3s do PT somos favor\u00e1veis a retirar. Isso n\u00e3o \u00e9 para n\u00f3s, \u00e9 para todo mundo. Se todo mundo n\u00e3o est\u00e1 de acordo, n\u00e3o tem problema\u201d, declarou. Com Ag\u00eancia Brasil\/\u00a0Amanda Cieglinski","og_url":"https:\/\/noticiasemdestaque.com\/cd\/?p=1973","og_site_name":"Not&iacute;cias em Destaque","article_published_time":"2017-07-18T10:46:51+00:00","author":"Not\u00edcias em Destaque","twitter_card":"summary_large_image","twitter_misc":{"Escrito por":"Not\u00edcias em Destaque","Est. tempo de leitura":"3 minutos"},"schema":{"@context":"https:\/\/schema.org","@graph":[{"@type":"Article","@id":"https:\/\/noticiasemdestaque.com\/cd\/?p=1973#article","isPartOf":{"@id":"https:\/\/noticiasemdestaque.com\/cd\/?p=1973"},"author":{"name":"Not\u00edcias em Destaque","@id":"https:\/\/noticiasemdestaque.com\/cd\/#\/schema\/person\/47f7d4f55eec17c6b2ca036c5500f6ce"},"headline":"L\u00edder do PT n\u00e3o descarta retirada de emenda que poderia beneficiar Lula","datePublished":"2017-07-18T10:46:51+00:00","mainEntityOfPage":{"@id":"https:\/\/noticiasemdestaque.com\/cd\/?p=1973"},"wordCount":676,"publisher":{"@id":"https:\/\/noticiasemdestaque.com\/cd\/#organization"},"articleSection":["Pol\u00edtica"],"inLanguage":"pt-BR"},{"@type":"WebPage","@id":"https:\/\/noticiasemdestaque.com\/cd\/?p=1973","url":"https:\/\/noticiasemdestaque.com\/cd\/?p=1973","name":"L\u00edder do PT n\u00e3o descarta retirada de emenda que poderia beneficiar Lula - Not&iacute;cias em Destaque","isPartOf":{"@id":"https:\/\/noticiasemdestaque.com\/cd\/#website"},"datePublished":"2017-07-18T10:46:51+00:00","breadcrumb":{"@id":"https:\/\/noticiasemdestaque.com\/cd\/?p=1973#breadcrumb"},"inLanguage":"pt-BR","potentialAction":[{"@type":"ReadAction","target":["https:\/\/noticiasemdestaque.com\/cd\/?p=1973"]}]},{"@type":"BreadcrumbList","@id":"https:\/\/noticiasemdestaque.com\/cd\/?p=1973#breadcrumb","itemListElement":[{"@type":"ListItem","position":1,"name":"In\u00edcio","item":"https:\/\/noticiasemdestaque.com\/cd\/"},{"@type":"ListItem","position":2,"name":"L\u00edder do PT n\u00e3o descarta retirada de emenda que poderia beneficiar Lula"}]},{"@type":"WebSite","@id":"https:\/\/noticiasemdestaque.com\/cd\/#website","url":"https:\/\/noticiasemdestaque.com\/cd\/","name":"Not&iacute;cias em Destaque","description":"","publisher":{"@id":"https:\/\/noticiasemdestaque.com\/cd\/#organization"},"potentialAction":[{"@type":"SearchAction","target":{"@type":"EntryPoint","urlTemplate":"https:\/\/noticiasemdestaque.com\/cd\/?s={search_term_string}"},"query-input":{"@type":"PropertyValueSpecification","valueRequired":true,"valueName":"search_term_string"}}],"inLanguage":"pt-BR"},{"@type":"Organization","@id":"https:\/\/noticiasemdestaque.com\/cd\/#organization","name":"Not\u00edcias em Destaque","url":"https:\/\/noticiasemdestaque.com\/cd\/","logo":{"@type":"ImageObject","inLanguage":"pt-BR","@id":"https:\/\/noticiasemdestaque.com\/cd\/#\/schema\/logo\/image\/","url":"https:\/\/noticiasemdestaque.com\/cd\/wp-content\/uploads\/2022\/05\/imagem-base-noticiasemdestaque.png","contentUrl":"https:\/\/noticiasemdestaque.com\/cd\/wp-content\/uploads\/2022\/05\/imagem-base-noticiasemdestaque.png","width":1200,"height":630,"caption":"Not\u00edcias em Destaque"},"image":{"@id":"https:\/\/noticiasemdestaque.com\/cd\/#\/schema\/logo\/image\/"}},{"@type":"Person","@id":"https:\/\/noticiasemdestaque.com\/cd\/#\/schema\/person\/47f7d4f55eec17c6b2ca036c5500f6ce","name":"Not\u00edcias em Destaque","url":"https:\/\/noticiasemdestaque.com\/cd\/?author=2"}]}},"jetpack_featured_media_url":"","jetpack_sharing_enabled":true,"_links":{"self":[{"href":"https:\/\/noticiasemdestaque.com\/cd\/index.php?rest_route=\/wp\/v2\/posts\/1973","targetHints":{"allow":["GET"]}}],"collection":[{"href":"https:\/\/noticiasemdestaque.com\/cd\/index.php?rest_route=\/wp\/v2\/posts"}],"about":[{"href":"https:\/\/noticiasemdestaque.com\/cd\/index.php?rest_route=\/wp\/v2\/types\/post"}],"author":[{"embeddable":true,"href":"https:\/\/noticiasemdestaque.com\/cd\/index.php?rest_route=\/wp\/v2\/users\/2"}],"replies":[{"embeddable":true,"href":"https:\/\/noticiasemdestaque.com\/cd\/index.php?rest_route=%2Fwp%2Fv2%2Fcomments&post=1973"}],"version-history":[{"count":1,"href":"https:\/\/noticiasemdestaque.com\/cd\/index.php?rest_route=\/wp\/v2\/posts\/1973\/revisions"}],"predecessor-version":[{"id":1975,"href":"https:\/\/noticiasemdestaque.com\/cd\/index.php?rest_route=\/wp\/v2\/posts\/1973\/revisions\/1975"}],"wp:attachment":[{"href":"https:\/\/noticiasemdestaque.com\/cd\/index.php?rest_route=%2Fwp%2Fv2%2Fmedia&parent=1973"}],"wp:term":[{"taxonomy":"category","embeddable":true,"href":"https:\/\/noticiasemdestaque.com\/cd\/index.php?rest_route=%2Fwp%2Fv2%2Fcategories&post=1973"},{"taxonomy":"post_tag","embeddable":true,"href":"https:\/\/noticiasemdestaque.com\/cd\/index.php?rest_route=%2Fwp%2Fv2%2Ftags&post=1973"}],"curies":[{"name":"wp","href":"https:\/\/api.w.org\/{rel}","templated":true}]}}