{"id":1961,"date":"2017-07-17T20:59:22","date_gmt":"2017-07-17T23:59:22","guid":{"rendered":"http:\/\/caririemdestaque.com\/cd\/?p=1961"},"modified":"2017-07-17T20:59:22","modified_gmt":"2017-07-17T23:59:22","slug":"ricardo-anuncia-ciclo-de-debates-pense-para-discutir-temas-da-atualidade","status":"publish","type":"post","link":"https:\/\/noticiasemdestaque.com\/cd\/?p=1961","title":{"rendered":"Ricardo anuncia ciclo de debates \u201cPense\u201d para discutir temas da atualidade"},"content":{"rendered":"<p><a href=\"http:\/\/caririemdestaque.com\/cd\/wp-content\/uploads\/2017\/07\/RICARDO-COUTINHO.jpg\"><img fetchpriority=\"high\" decoding=\"async\" class=\"size-medium wp-image-1962 alignleft\" src=\"http:\/\/caririemdestaque.com\/cd\/wp-content\/uploads\/2017\/07\/RICARDO-COUTINHO-300x193.jpg\" alt=\"\" width=\"300\" height=\"193\" srcset=\"https:\/\/noticiasemdestaque.com\/cd\/wp-content\/uploads\/2017\/07\/RICARDO-COUTINHO-300x193.jpg 300w, https:\/\/noticiasemdestaque.com\/cd\/wp-content\/uploads\/2017\/07\/RICARDO-COUTINHO.jpg 664w\" sizes=\"(max-width: 300px) 100vw, 300px\" \/><\/a>O governador Ricardo Coutinho anunciou, nesta segunda-feira (17), a realiza\u00e7\u00e3o do Pense \u2013 Ciclo de Debates Contempor\u00e2neos da Para\u00edba, que vai reunir grandes nomes nacionais para discutir temas relevantes da atualidade. O evento vai ser realizado a partir do dia 27 de julho no Espa\u00e7o Cultural, em Jo\u00e3o Pessoa. O an\u00fancio foi feito durante o programa Fala Governador, transmitido em cadeia estadual pela R\u00e1dio Tabajara.<\/p>\n<p>Na abertura do Ciclo de Debates, o jornalista e ex-ministro Franklin Martins vai abordar o tema: M\u00eddia, Poder e Cidadania, quando discutir\u00e1 as interfer\u00eancias das m\u00eddias nos processos s\u00f3cio-pol\u00edticos no plano nacional e internacional, al\u00e9m de debater sobre a qualidade da informa\u00e7\u00e3o e o monop\u00f3lio da m\u00eddia. Outros nomes tamb\u00e9m j\u00e1 confirmaram participa\u00e7\u00e3o no \u201cPense\u201d como Mino Carta, Luis Nassif e Durval Muniz.<\/p>\n<p>O Ciclo de Debates Contempor\u00e2neos da Para\u00edba vai discutir ainda assuntos como Justi\u00e7a e Cidadania; A inven\u00e7\u00e3o e reinven\u00e7\u00e3o necess\u00e1ria do Nordeste; As veias abertas da Am\u00e9rica Latina; A na\u00e7\u00e3o sob incerteza: profundidades e sentidos da crise brasileira, entre outros temas.<\/p>\n<p>\u201cFaz tempo que quer\u00edamos fazer algo que levasse a sociedade a fazer uma reflex\u00e3o dos tempos atuais, por isso estamos organizando esse Ciclo de Debates para que as pessoas tenham acesso a informa\u00e7\u00f5es detalhadas e bem constru\u00eddas. Ser\u00e1 um evento aberto onde traremos temas important\u00edssimos para a atualidade, a exemplo da palestra de Franklin Martins sobre m\u00eddia e cidadania. Ser\u00e3o dois ciclos de debates por m\u00eas at\u00e9 dezembro\u201d, afirmou o governador Ricardo Coutinho.<\/p>\n<p><strong><em>Cariri em Destaque<\/em><\/strong><\/p>\n","protected":false},"excerpt":{"rendered":"<p>O governador Ricardo Coutinho anunciou, nesta segunda-feira (17), a realiza\u00e7\u00e3o do Pense \u2013 Ciclo de Debates Contempor\u00e2neos da Para\u00edba, que vai reunir grandes nomes nacionais para discutir temas relevantes da atualidade. O evento vai ser realizado a partir do dia 27 de julho no Espa\u00e7o Cultural, em Jo\u00e3o Pessoa. O an\u00fancio foi feito durante o programa Fala Governador, transmitido em cadeia estadual pela R\u00e1dio Tabajara. Na abertura do Ciclo de Debates, o jornalista e ex-ministro Franklin Martins vai abordar o tema: M\u00eddia, Poder e Cidadania, quando discutir\u00e1 as interfer\u00eancias das m\u00eddias nos processos s\u00f3cio-pol\u00edticos no plano nacional e internacional, al\u00e9m de debater sobre a qualidade da informa\u00e7\u00e3o e o monop\u00f3lio da m\u00eddia. Outros nomes tamb\u00e9m j\u00e1 confirmaram participa\u00e7\u00e3o no \u201cPense\u201d como Mino Carta, Luis Nassif e Durval Muniz. O Ciclo de Debates Contempor\u00e2neos da Para\u00edba vai discutir ainda assuntos como Justi\u00e7a e Cidadania; A inven\u00e7\u00e3o e reinven\u00e7\u00e3o necess\u00e1ria do Nordeste; As veias abertas da Am\u00e9rica Latina; A na\u00e7\u00e3o sob incerteza: profundidades e sentidos da crise brasileira, entre outros temas. \u201cFaz tempo que quer\u00edamos fazer algo que levasse a sociedade a fazer uma reflex\u00e3o dos tempos atuais, por isso estamos organizando esse Ciclo de Debates para que as pessoas tenham acesso a informa\u00e7\u00f5es detalhadas e bem constru\u00eddas. Ser\u00e1 um evento aberto onde traremos temas important\u00edssimos para a atualidade, a exemplo da palestra de Franklin Martins sobre m\u00eddia e cidadania. Ser\u00e3o dois ciclos de debates por m\u00eas at\u00e9 dezembro\u201d, afirmou o governador Ricardo Coutinho. Cariri em Destaque<\/p>\n","protected":false},"author":2,"featured_media":1962,"comment_status":"closed","ping_status":"open","sticky":false,"template":"","format":"standard","meta":{"_eb_attr":"","_jetpack_memberships_contains_paid_content":false,"footnotes":""},"categories":[4],"tags":[],"class_list":["post-1961","post","type-post","status-publish","format-standard","has-post-thumbnail","hentry","category-politica"],"yoast_head":"<!-- This site is optimized with the Yoast SEO plugin v26.5 - https:\/\/yoast.com\/wordpress\/plugins\/seo\/ -->\n<title>Ricardo anuncia ciclo de debates \u201cPense\u201d para discutir temas da atualidade - Not&iacute;cias em Destaque<\/title>\n<meta name=\"robots\" content=\"index, follow, max-snippet:-1, max-image-preview:large, max-video-preview:-1\" \/>\n<link rel=\"canonical\" href=\"https:\/\/noticiasemdestaque.com\/cd\/?p=1961\" \/>\n<meta property=\"og:locale\" content=\"pt_BR\" \/>\n<meta property=\"og:type\" content=\"article\" \/>\n<meta property=\"og:title\" content=\"Ricardo anuncia ciclo de debates \u201cPense\u201d para discutir temas da atualidade - Not&iacute;cias em Destaque\" \/>\n<meta property=\"og:description\" content=\"O governador Ricardo Coutinho anunciou, nesta segunda-feira (17), a realiza\u00e7\u00e3o do Pense \u2013 Ciclo de Debates Contempor\u00e2neos da Para\u00edba, que vai reunir grandes nomes nacionais para discutir temas relevantes da atualidade. O evento vai ser realizado a partir do dia 27 de julho no Espa\u00e7o Cultural, em Jo\u00e3o Pessoa. O an\u00fancio foi feito durante o programa Fala Governador, transmitido em cadeia estadual pela R\u00e1dio Tabajara. Na abertura do Ciclo de Debates, o jornalista e ex-ministro Franklin Martins vai abordar o tema: M\u00eddia, Poder e Cidadania, quando discutir\u00e1 as interfer\u00eancias das m\u00eddias nos processos s\u00f3cio-pol\u00edticos no plano nacional e internacional, al\u00e9m de debater sobre a qualidade da informa\u00e7\u00e3o e o monop\u00f3lio da m\u00eddia. Outros nomes tamb\u00e9m j\u00e1 confirmaram participa\u00e7\u00e3o no \u201cPense\u201d como Mino Carta, Luis Nassif e Durval Muniz. O Ciclo de Debates Contempor\u00e2neos da Para\u00edba vai discutir ainda assuntos como Justi\u00e7a e Cidadania; A inven\u00e7\u00e3o e reinven\u00e7\u00e3o necess\u00e1ria do Nordeste; As veias abertas da Am\u00e9rica Latina; A na\u00e7\u00e3o sob incerteza: profundidades e sentidos da crise brasileira, entre outros temas. \u201cFaz tempo que quer\u00edamos fazer algo que levasse a sociedade a fazer uma reflex\u00e3o dos tempos atuais, por isso estamos organizando esse Ciclo de Debates para que as pessoas tenham acesso a informa\u00e7\u00f5es detalhadas e bem constru\u00eddas. Ser\u00e1 um evento aberto onde traremos temas important\u00edssimos para a atualidade, a exemplo da palestra de Franklin Martins sobre m\u00eddia e cidadania. Ser\u00e3o dois ciclos de debates por m\u00eas at\u00e9 dezembro\u201d, afirmou o governador Ricardo Coutinho. Cariri em Destaque\" \/>\n<meta property=\"og:url\" content=\"https:\/\/noticiasemdestaque.com\/cd\/?p=1961\" \/>\n<meta property=\"og:site_name\" content=\"Not&iacute;cias em Destaque\" \/>\n<meta property=\"article:published_time\" content=\"2017-07-17T23:59:22+00:00\" \/>\n<meta property=\"og:image\" content=\"https:\/\/noticiasemdestaque.com\/cd\/wp-content\/uploads\/2017\/07\/RICARDO-COUTINHO.jpg\" \/>\n\t<meta property=\"og:image:width\" content=\"664\" \/>\n\t<meta property=\"og:image:height\" content=\"428\" \/>\n\t<meta property=\"og:image:type\" content=\"image\/jpeg\" \/>\n<meta name=\"author\" content=\"Not\u00edcias em Destaque\" \/>\n<meta name=\"twitter:card\" content=\"summary_large_image\" \/>\n<meta name=\"twitter:label1\" content=\"Escrito por\" \/>\n\t<meta name=\"twitter:data1\" content=\"Not\u00edcias em Destaque\" \/>\n\t<meta name=\"twitter:label2\" content=\"Est. tempo de leitura\" \/>\n\t<meta name=\"twitter:data2\" content=\"1 minuto\" \/>\n<script type=\"application\/ld+json\" class=\"yoast-schema-graph\">{\"@context\":\"https:\/\/schema.org\",\"@graph\":[{\"@type\":\"Article\",\"@id\":\"https:\/\/noticiasemdestaque.com\/cd\/?p=1961#article\",\"isPartOf\":{\"@id\":\"https:\/\/noticiasemdestaque.com\/cd\/?p=1961\"},\"author\":{\"name\":\"Not\u00edcias em Destaque\",\"@id\":\"https:\/\/noticiasemdestaque.com\/cd\/#\/schema\/person\/47f7d4f55eec17c6b2ca036c5500f6ce\"},\"headline\":\"Ricardo anuncia ciclo de debates \u201cPense\u201d para discutir temas da atualidade\",\"datePublished\":\"2017-07-17T23:59:22+00:00\",\"mainEntityOfPage\":{\"@id\":\"https:\/\/noticiasemdestaque.com\/cd\/?p=1961\"},\"wordCount\":287,\"publisher\":{\"@id\":\"https:\/\/noticiasemdestaque.com\/cd\/#organization\"},\"image\":{\"@id\":\"https:\/\/noticiasemdestaque.com\/cd\/?p=1961#primaryimage\"},\"thumbnailUrl\":\"https:\/\/noticiasemdestaque.com\/cd\/wp-content\/uploads\/2017\/07\/RICARDO-COUTINHO.jpg\",\"articleSection\":[\"Pol\u00edtica\"],\"inLanguage\":\"pt-BR\"},{\"@type\":\"WebPage\",\"@id\":\"https:\/\/noticiasemdestaque.com\/cd\/?p=1961\",\"url\":\"https:\/\/noticiasemdestaque.com\/cd\/?p=1961\",\"name\":\"Ricardo anuncia ciclo de debates \u201cPense\u201d para discutir temas da atualidade - Not&iacute;cias em Destaque\",\"isPartOf\":{\"@id\":\"https:\/\/noticiasemdestaque.com\/cd\/#website\"},\"primaryImageOfPage\":{\"@id\":\"https:\/\/noticiasemdestaque.com\/cd\/?p=1961#primaryimage\"},\"image\":{\"@id\":\"https:\/\/noticiasemdestaque.com\/cd\/?p=1961#primaryimage\"},\"thumbnailUrl\":\"https:\/\/noticiasemdestaque.com\/cd\/wp-content\/uploads\/2017\/07\/RICARDO-COUTINHO.jpg\",\"datePublished\":\"2017-07-17T23:59:22+00:00\",\"breadcrumb\":{\"@id\":\"https:\/\/noticiasemdestaque.com\/cd\/?p=1961#breadcrumb\"},\"inLanguage\":\"pt-BR\",\"potentialAction\":[{\"@type\":\"ReadAction\",\"target\":[\"https:\/\/noticiasemdestaque.com\/cd\/?p=1961\"]}]},{\"@type\":\"ImageObject\",\"inLanguage\":\"pt-BR\",\"@id\":\"https:\/\/noticiasemdestaque.com\/cd\/?p=1961#primaryimage\",\"url\":\"https:\/\/noticiasemdestaque.com\/cd\/wp-content\/uploads\/2017\/07\/RICARDO-COUTINHO.jpg\",\"contentUrl\":\"https:\/\/noticiasemdestaque.com\/cd\/wp-content\/uploads\/2017\/07\/RICARDO-COUTINHO.jpg\",\"width\":664,\"height\":428},{\"@type\":\"BreadcrumbList\",\"@id\":\"https:\/\/noticiasemdestaque.com\/cd\/?p=1961#breadcrumb\",\"itemListElement\":[{\"@type\":\"ListItem\",\"position\":1,\"name\":\"In\u00edcio\",\"item\":\"https:\/\/noticiasemdestaque.com\/cd\/\"},{\"@type\":\"ListItem\",\"position\":2,\"name\":\"Ricardo anuncia ciclo de debates \u201cPense\u201d para discutir temas da atualidade\"}]},{\"@type\":\"WebSite\",\"@id\":\"https:\/\/noticiasemdestaque.com\/cd\/#website\",\"url\":\"https:\/\/noticiasemdestaque.com\/cd\/\",\"name\":\"Not&iacute;cias em Destaque\",\"description\":\"\",\"publisher\":{\"@id\":\"https:\/\/noticiasemdestaque.com\/cd\/#organization\"},\"potentialAction\":[{\"@type\":\"SearchAction\",\"target\":{\"@type\":\"EntryPoint\",\"urlTemplate\":\"https:\/\/noticiasemdestaque.com\/cd\/?s={search_term_string}\"},\"query-input\":{\"@type\":\"PropertyValueSpecification\",\"valueRequired\":true,\"valueName\":\"search_term_string\"}}],\"inLanguage\":\"pt-BR\"},{\"@type\":\"Organization\",\"@id\":\"https:\/\/noticiasemdestaque.com\/cd\/#organization\",\"name\":\"Not\u00edcias em Destaque\",\"url\":\"https:\/\/noticiasemdestaque.com\/cd\/\",\"logo\":{\"@type\":\"ImageObject\",\"inLanguage\":\"pt-BR\",\"@id\":\"https:\/\/noticiasemdestaque.com\/cd\/#\/schema\/logo\/image\/\",\"url\":\"https:\/\/noticiasemdestaque.com\/cd\/wp-content\/uploads\/2022\/05\/imagem-base-noticiasemdestaque.png\",\"contentUrl\":\"https:\/\/noticiasemdestaque.com\/cd\/wp-content\/uploads\/2022\/05\/imagem-base-noticiasemdestaque.png\",\"width\":1200,\"height\":630,\"caption\":\"Not\u00edcias em Destaque\"},\"image\":{\"@id\":\"https:\/\/noticiasemdestaque.com\/cd\/#\/schema\/logo\/image\/\"}},{\"@type\":\"Person\",\"@id\":\"https:\/\/noticiasemdestaque.com\/cd\/#\/schema\/person\/47f7d4f55eec17c6b2ca036c5500f6ce\",\"name\":\"Not\u00edcias em Destaque\",\"url\":\"https:\/\/noticiasemdestaque.com\/cd\/?author=2\"}]}<\/script>\n<!-- \/ Yoast SEO plugin. -->","yoast_head_json":{"title":"Ricardo anuncia ciclo de debates \u201cPense\u201d para discutir temas da atualidade - Not&iacute;cias em Destaque","robots":{"index":"index","follow":"follow","max-snippet":"max-snippet:-1","max-image-preview":"max-image-preview:large","max-video-preview":"max-video-preview:-1"},"canonical":"https:\/\/noticiasemdestaque.com\/cd\/?p=1961","og_locale":"pt_BR","og_type":"article","og_title":"Ricardo anuncia ciclo de debates \u201cPense\u201d para discutir temas da atualidade - Not&iacute;cias em Destaque","og_description":"O governador Ricardo Coutinho anunciou, nesta segunda-feira (17), a realiza\u00e7\u00e3o do Pense \u2013 Ciclo de Debates Contempor\u00e2neos da Para\u00edba, que vai reunir grandes nomes nacionais para discutir temas relevantes da atualidade. O evento vai ser realizado a partir do dia 27 de julho no Espa\u00e7o Cultural, em Jo\u00e3o Pessoa. O an\u00fancio foi feito durante o programa Fala Governador, transmitido em cadeia estadual pela R\u00e1dio Tabajara. Na abertura do Ciclo de Debates, o jornalista e ex-ministro Franklin Martins vai abordar o tema: M\u00eddia, Poder e Cidadania, quando discutir\u00e1 as interfer\u00eancias das m\u00eddias nos processos s\u00f3cio-pol\u00edticos no plano nacional e internacional, al\u00e9m de debater sobre a qualidade da informa\u00e7\u00e3o e o monop\u00f3lio da m\u00eddia. Outros nomes tamb\u00e9m j\u00e1 confirmaram participa\u00e7\u00e3o no \u201cPense\u201d como Mino Carta, Luis Nassif e Durval Muniz. O Ciclo de Debates Contempor\u00e2neos da Para\u00edba vai discutir ainda assuntos como Justi\u00e7a e Cidadania; A inven\u00e7\u00e3o e reinven\u00e7\u00e3o necess\u00e1ria do Nordeste; As veias abertas da Am\u00e9rica Latina; A na\u00e7\u00e3o sob incerteza: profundidades e sentidos da crise brasileira, entre outros temas. \u201cFaz tempo que quer\u00edamos fazer algo que levasse a sociedade a fazer uma reflex\u00e3o dos tempos atuais, por isso estamos organizando esse Ciclo de Debates para que as pessoas tenham acesso a informa\u00e7\u00f5es detalhadas e bem constru\u00eddas. Ser\u00e1 um evento aberto onde traremos temas important\u00edssimos para a atualidade, a exemplo da palestra de Franklin Martins sobre m\u00eddia e cidadania. Ser\u00e3o dois ciclos de debates por m\u00eas at\u00e9 dezembro\u201d, afirmou o governador Ricardo Coutinho. Cariri em Destaque","og_url":"https:\/\/noticiasemdestaque.com\/cd\/?p=1961","og_site_name":"Not&iacute;cias em Destaque","article_published_time":"2017-07-17T23:59:22+00:00","og_image":[{"width":664,"height":428,"url":"https:\/\/noticiasemdestaque.com\/cd\/wp-content\/uploads\/2017\/07\/RICARDO-COUTINHO.jpg","type":"image\/jpeg"}],"author":"Not\u00edcias em Destaque","twitter_card":"summary_large_image","twitter_misc":{"Escrito por":"Not\u00edcias em Destaque","Est. tempo de leitura":"1 minuto"},"schema":{"@context":"https:\/\/schema.org","@graph":[{"@type":"Article","@id":"https:\/\/noticiasemdestaque.com\/cd\/?p=1961#article","isPartOf":{"@id":"https:\/\/noticiasemdestaque.com\/cd\/?p=1961"},"author":{"name":"Not\u00edcias em Destaque","@id":"https:\/\/noticiasemdestaque.com\/cd\/#\/schema\/person\/47f7d4f55eec17c6b2ca036c5500f6ce"},"headline":"Ricardo anuncia ciclo de debates \u201cPense\u201d para discutir temas da atualidade","datePublished":"2017-07-17T23:59:22+00:00","mainEntityOfPage":{"@id":"https:\/\/noticiasemdestaque.com\/cd\/?p=1961"},"wordCount":287,"publisher":{"@id":"https:\/\/noticiasemdestaque.com\/cd\/#organization"},"image":{"@id":"https:\/\/noticiasemdestaque.com\/cd\/?p=1961#primaryimage"},"thumbnailUrl":"https:\/\/noticiasemdestaque.com\/cd\/wp-content\/uploads\/2017\/07\/RICARDO-COUTINHO.jpg","articleSection":["Pol\u00edtica"],"inLanguage":"pt-BR"},{"@type":"WebPage","@id":"https:\/\/noticiasemdestaque.com\/cd\/?p=1961","url":"https:\/\/noticiasemdestaque.com\/cd\/?p=1961","name":"Ricardo anuncia ciclo de debates \u201cPense\u201d para discutir temas da atualidade - Not&iacute;cias em Destaque","isPartOf":{"@id":"https:\/\/noticiasemdestaque.com\/cd\/#website"},"primaryImageOfPage":{"@id":"https:\/\/noticiasemdestaque.com\/cd\/?p=1961#primaryimage"},"image":{"@id":"https:\/\/noticiasemdestaque.com\/cd\/?p=1961#primaryimage"},"thumbnailUrl":"https:\/\/noticiasemdestaque.com\/cd\/wp-content\/uploads\/2017\/07\/RICARDO-COUTINHO.jpg","datePublished":"2017-07-17T23:59:22+00:00","breadcrumb":{"@id":"https:\/\/noticiasemdestaque.com\/cd\/?p=1961#breadcrumb"},"inLanguage":"pt-BR","potentialAction":[{"@type":"ReadAction","target":["https:\/\/noticiasemdestaque.com\/cd\/?p=1961"]}]},{"@type":"ImageObject","inLanguage":"pt-BR","@id":"https:\/\/noticiasemdestaque.com\/cd\/?p=1961#primaryimage","url":"https:\/\/noticiasemdestaque.com\/cd\/wp-content\/uploads\/2017\/07\/RICARDO-COUTINHO.jpg","contentUrl":"https:\/\/noticiasemdestaque.com\/cd\/wp-content\/uploads\/2017\/07\/RICARDO-COUTINHO.jpg","width":664,"height":428},{"@type":"BreadcrumbList","@id":"https:\/\/noticiasemdestaque.com\/cd\/?p=1961#breadcrumb","itemListElement":[{"@type":"ListItem","position":1,"name":"In\u00edcio","item":"https:\/\/noticiasemdestaque.com\/cd\/"},{"@type":"ListItem","position":2,"name":"Ricardo anuncia ciclo de debates \u201cPense\u201d para discutir temas da atualidade"}]},{"@type":"WebSite","@id":"https:\/\/noticiasemdestaque.com\/cd\/#website","url":"https:\/\/noticiasemdestaque.com\/cd\/","name":"Not&iacute;cias em Destaque","description":"","publisher":{"@id":"https:\/\/noticiasemdestaque.com\/cd\/#organization"},"potentialAction":[{"@type":"SearchAction","target":{"@type":"EntryPoint","urlTemplate":"https:\/\/noticiasemdestaque.com\/cd\/?s={search_term_string}"},"query-input":{"@type":"PropertyValueSpecification","valueRequired":true,"valueName":"search_term_string"}}],"inLanguage":"pt-BR"},{"@type":"Organization","@id":"https:\/\/noticiasemdestaque.com\/cd\/#organization","name":"Not\u00edcias em Destaque","url":"https:\/\/noticiasemdestaque.com\/cd\/","logo":{"@type":"ImageObject","inLanguage":"pt-BR","@id":"https:\/\/noticiasemdestaque.com\/cd\/#\/schema\/logo\/image\/","url":"https:\/\/noticiasemdestaque.com\/cd\/wp-content\/uploads\/2022\/05\/imagem-base-noticiasemdestaque.png","contentUrl":"https:\/\/noticiasemdestaque.com\/cd\/wp-content\/uploads\/2022\/05\/imagem-base-noticiasemdestaque.png","width":1200,"height":630,"caption":"Not\u00edcias em Destaque"},"image":{"@id":"https:\/\/noticiasemdestaque.com\/cd\/#\/schema\/logo\/image\/"}},{"@type":"Person","@id":"https:\/\/noticiasemdestaque.com\/cd\/#\/schema\/person\/47f7d4f55eec17c6b2ca036c5500f6ce","name":"Not\u00edcias em Destaque","url":"https:\/\/noticiasemdestaque.com\/cd\/?author=2"}]}},"jetpack_featured_media_url":"https:\/\/noticiasemdestaque.com\/cd\/wp-content\/uploads\/2017\/07\/RICARDO-COUTINHO.jpg","jetpack_sharing_enabled":true,"_links":{"self":[{"href":"https:\/\/noticiasemdestaque.com\/cd\/index.php?rest_route=\/wp\/v2\/posts\/1961","targetHints":{"allow":["GET"]}}],"collection":[{"href":"https:\/\/noticiasemdestaque.com\/cd\/index.php?rest_route=\/wp\/v2\/posts"}],"about":[{"href":"https:\/\/noticiasemdestaque.com\/cd\/index.php?rest_route=\/wp\/v2\/types\/post"}],"author":[{"embeddable":true,"href":"https:\/\/noticiasemdestaque.com\/cd\/index.php?rest_route=\/wp\/v2\/users\/2"}],"replies":[{"embeddable":true,"href":"https:\/\/noticiasemdestaque.com\/cd\/index.php?rest_route=%2Fwp%2Fv2%2Fcomments&post=1961"}],"version-history":[{"count":1,"href":"https:\/\/noticiasemdestaque.com\/cd\/index.php?rest_route=\/wp\/v2\/posts\/1961\/revisions"}],"predecessor-version":[{"id":1963,"href":"https:\/\/noticiasemdestaque.com\/cd\/index.php?rest_route=\/wp\/v2\/posts\/1961\/revisions\/1963"}],"wp:featuredmedia":[{"embeddable":true,"href":"https:\/\/noticiasemdestaque.com\/cd\/index.php?rest_route=\/wp\/v2\/media\/1962"}],"wp:attachment":[{"href":"https:\/\/noticiasemdestaque.com\/cd\/index.php?rest_route=%2Fwp%2Fv2%2Fmedia&parent=1961"}],"wp:term":[{"taxonomy":"category","embeddable":true,"href":"https:\/\/noticiasemdestaque.com\/cd\/index.php?rest_route=%2Fwp%2Fv2%2Fcategories&post=1961"},{"taxonomy":"post_tag","embeddable":true,"href":"https:\/\/noticiasemdestaque.com\/cd\/index.php?rest_route=%2Fwp%2Fv2%2Ftags&post=1961"}],"curies":[{"name":"wp","href":"https:\/\/api.w.org\/{rel}","templated":true}]}}