{"id":19512,"date":"2019-09-06T07:20:06","date_gmt":"2019-09-06T10:20:06","guid":{"rendered":"http:\/\/noticiasemdestaque.com\/cd\/?p=19512"},"modified":"2019-09-06T07:20:06","modified_gmt":"2019-09-06T10:20:06","slug":"bolsonaro-assina-decreto-para-processo-de-privatizacao-da-transposicao-do-sao-francisco","status":"publish","type":"post","link":"https:\/\/noticiasemdestaque.com\/cd\/?p=19512","title":{"rendered":"Bolsonaro assina decreto para processo de privatiza\u00e7\u00e3o da Transposi\u00e7\u00e3o do S\u00e3o Francisco"},"content":{"rendered":"<p><a href=\"https:\/\/noticiasemdestaque.com\/cd\/wp-content\/uploads\/2018\/04\/transposicao_monteiro_nova-600x355.jpg\"><img fetchpriority=\"high\" decoding=\"async\" class=\"alignnone size-full wp-image-9224\" src=\"https:\/\/noticiasemdestaque.com\/cd\/wp-content\/uploads\/2018\/04\/transposicao_monteiro_nova-600x355.jpg\" alt=\"\" width=\"600\" height=\"355\" srcset=\"https:\/\/noticiasemdestaque.com\/cd\/wp-content\/uploads\/2018\/04\/transposicao_monteiro_nova-600x355.jpg 600w, https:\/\/noticiasemdestaque.com\/cd\/wp-content\/uploads\/2018\/04\/transposicao_monteiro_nova-600x355-300x178.jpg 300w\" sizes=\"(max-width: 600px) 100vw, 600px\" \/><\/a><\/p>\n<p>O presidente Jair Bolsonaro (PSL) assinou decreto, publicado na edi\u00e7\u00e3o de quinta-feira (5) do Di\u00e1rio Oficial da Uni\u00e3o (DOU), que inclui o Projeto S\u00e3o Francisco de Integra\u00e7\u00e3o de Bacias no \u00e2mbito do Programa de Parcerias de Investimentos da Presid\u00eancia da Rep\u00fablica (PPI).<\/p>\n<p>O decreto qualifica o Projeto S\u00e3o Francisco como \u201cobra estrat\u00e9gica para estudos que visem \u00e0 conclus\u00e3o de suas obras e contrato de parceria com o setor privado para sua opera\u00e7\u00e3o e manuten\u00e7\u00e3o\u201d.<\/p>\n<p>O artigo segundo do decreto presidencial diz: \u201cO Minist\u00e9rio de Minas e Energia encaminhar\u00e1 ao Conselho Nacional de Pol\u00edtica Energ\u00e9tica \u2013 CPE \u2013 proposta de medidas para realiza\u00e7\u00e3o de leil\u00e3o com vistas \u00e0 redu\u00e7\u00e3o dos custos de energia para a opera\u00e7\u00e3o do PISF\u201d (Projeto de Integra\u00e7\u00e3o do Rio S\u00e3o Francisco com Bacias Hidrogr\u00e1ficas do Nordeste Setentrional\u201d.<\/p>\n","protected":false},"excerpt":{"rendered":"<p>O presidente Jair Bolsonaro (PSL) assinou decreto, publicado na edi\u00e7\u00e3o de quinta-feira (5) do Di\u00e1rio Oficial da Uni\u00e3o (DOU), que inclui o Projeto S\u00e3o Francisco de Integra\u00e7\u00e3o de Bacias no \u00e2mbito do Programa de Parcerias de Investimentos da Presid\u00eancia da Rep\u00fablica (PPI). O decreto qualifica o Projeto S\u00e3o Francisco como \u201cobra estrat\u00e9gica para estudos que visem \u00e0 conclus\u00e3o de suas obras e contrato de parceria com o setor privado para sua opera\u00e7\u00e3o e manuten\u00e7\u00e3o\u201d. O artigo segundo do decreto presidencial diz: \u201cO Minist\u00e9rio de Minas e Energia encaminhar\u00e1 ao Conselho Nacional de Pol\u00edtica Energ\u00e9tica \u2013 CPE \u2013 proposta de medidas para realiza\u00e7\u00e3o de leil\u00e3o com vistas \u00e0 redu\u00e7\u00e3o dos custos de energia para a opera\u00e7\u00e3o do PISF\u201d (Projeto de Integra\u00e7\u00e3o do Rio S\u00e3o Francisco com Bacias Hidrogr\u00e1ficas do Nordeste Setentrional\u201d.<\/p>\n","protected":false},"author":2,"featured_media":9224,"comment_status":"closed","ping_status":"open","sticky":false,"template":"","format":"standard","meta":{"_eb_attr":"","_jetpack_memberships_contains_paid_content":false,"footnotes":""},"categories":[4],"tags":[],"class_list":["post-19512","post","type-post","status-publish","format-standard","has-post-thumbnail","hentry","category-politica"],"yoast_head":"<!-- This site is optimized with the Yoast SEO plugin v26.5 - https:\/\/yoast.com\/wordpress\/plugins\/seo\/ -->\n<title>Bolsonaro assina decreto para processo de privatiza\u00e7\u00e3o da Transposi\u00e7\u00e3o do S\u00e3o Francisco - Not&iacute;cias em Destaque<\/title>\n<meta name=\"robots\" content=\"index, follow, max-snippet:-1, max-image-preview:large, max-video-preview:-1\" \/>\n<link rel=\"canonical\" href=\"https:\/\/noticiasemdestaque.com\/cd\/?p=19512\" \/>\n<meta property=\"og:locale\" content=\"pt_BR\" \/>\n<meta property=\"og:type\" content=\"article\" \/>\n<meta property=\"og:title\" content=\"Bolsonaro assina decreto para processo de privatiza\u00e7\u00e3o da Transposi\u00e7\u00e3o do S\u00e3o Francisco - Not&iacute;cias em Destaque\" \/>\n<meta property=\"og:description\" content=\"O presidente Jair Bolsonaro (PSL) assinou decreto, publicado na edi\u00e7\u00e3o de quinta-feira (5) do Di\u00e1rio Oficial da Uni\u00e3o (DOU), que inclui o Projeto S\u00e3o Francisco de Integra\u00e7\u00e3o de Bacias no \u00e2mbito do Programa de Parcerias de Investimentos da Presid\u00eancia da Rep\u00fablica (PPI). O decreto qualifica o Projeto S\u00e3o Francisco como \u201cobra estrat\u00e9gica para estudos que visem \u00e0 conclus\u00e3o de suas obras e contrato de parceria com o setor privado para sua opera\u00e7\u00e3o e manuten\u00e7\u00e3o\u201d. O artigo segundo do decreto presidencial diz: \u201cO Minist\u00e9rio de Minas e Energia encaminhar\u00e1 ao Conselho Nacional de Pol\u00edtica Energ\u00e9tica \u2013 CPE \u2013 proposta de medidas para realiza\u00e7\u00e3o de leil\u00e3o com vistas \u00e0 redu\u00e7\u00e3o dos custos de energia para a opera\u00e7\u00e3o do PISF\u201d (Projeto de Integra\u00e7\u00e3o do Rio S\u00e3o Francisco com Bacias Hidrogr\u00e1ficas do Nordeste Setentrional\u201d.\" \/>\n<meta property=\"og:url\" content=\"https:\/\/noticiasemdestaque.com\/cd\/?p=19512\" \/>\n<meta property=\"og:site_name\" content=\"Not&iacute;cias em Destaque\" \/>\n<meta property=\"article:published_time\" content=\"2019-09-06T10:20:06+00:00\" \/>\n<meta property=\"og:image\" content=\"https:\/\/noticiasemdestaque.com\/cd\/wp-content\/uploads\/2018\/04\/transposicao_monteiro_nova-600x355.jpg\" \/>\n\t<meta property=\"og:image:width\" content=\"600\" \/>\n\t<meta property=\"og:image:height\" content=\"355\" \/>\n\t<meta property=\"og:image:type\" content=\"image\/jpeg\" \/>\n<meta name=\"author\" content=\"Not\u00edcias em Destaque\" \/>\n<meta name=\"twitter:card\" content=\"summary_large_image\" \/>\n<meta name=\"twitter:label1\" content=\"Escrito por\" \/>\n\t<meta name=\"twitter:data1\" content=\"Not\u00edcias em Destaque\" \/>\n\t<meta name=\"twitter:label2\" content=\"Est. tempo de leitura\" \/>\n\t<meta name=\"twitter:data2\" content=\"1 minuto\" \/>\n<script type=\"application\/ld+json\" class=\"yoast-schema-graph\">{\"@context\":\"https:\/\/schema.org\",\"@graph\":[{\"@type\":\"Article\",\"@id\":\"https:\/\/noticiasemdestaque.com\/cd\/?p=19512#article\",\"isPartOf\":{\"@id\":\"https:\/\/noticiasemdestaque.com\/cd\/?p=19512\"},\"author\":{\"name\":\"Not\u00edcias em Destaque\",\"@id\":\"https:\/\/noticiasemdestaque.com\/cd\/#\/schema\/person\/45ca272b3e1246ef14ebb78a48dbb218\"},\"headline\":\"Bolsonaro assina decreto para processo de privatiza\u00e7\u00e3o da Transposi\u00e7\u00e3o do S\u00e3o Francisco\",\"datePublished\":\"2019-09-06T10:20:06+00:00\",\"mainEntityOfPage\":{\"@id\":\"https:\/\/noticiasemdestaque.com\/cd\/?p=19512\"},\"wordCount\":162,\"publisher\":{\"@id\":\"https:\/\/noticiasemdestaque.com\/cd\/#organization\"},\"image\":{\"@id\":\"https:\/\/noticiasemdestaque.com\/cd\/?p=19512#primaryimage\"},\"thumbnailUrl\":\"https:\/\/noticiasemdestaque.com\/cd\/wp-content\/uploads\/2018\/04\/transposicao_monteiro_nova-600x355.jpg\",\"articleSection\":[\"Pol\u00edtica\"],\"inLanguage\":\"pt-BR\"},{\"@type\":\"WebPage\",\"@id\":\"https:\/\/noticiasemdestaque.com\/cd\/?p=19512\",\"url\":\"https:\/\/noticiasemdestaque.com\/cd\/?p=19512\",\"name\":\"Bolsonaro assina decreto para processo de privatiza\u00e7\u00e3o da Transposi\u00e7\u00e3o do S\u00e3o Francisco - Not&iacute;cias em Destaque\",\"isPartOf\":{\"@id\":\"https:\/\/noticiasemdestaque.com\/cd\/#website\"},\"primaryImageOfPage\":{\"@id\":\"https:\/\/noticiasemdestaque.com\/cd\/?p=19512#primaryimage\"},\"image\":{\"@id\":\"https:\/\/noticiasemdestaque.com\/cd\/?p=19512#primaryimage\"},\"thumbnailUrl\":\"https:\/\/noticiasemdestaque.com\/cd\/wp-content\/uploads\/2018\/04\/transposicao_monteiro_nova-600x355.jpg\",\"datePublished\":\"2019-09-06T10:20:06+00:00\",\"breadcrumb\":{\"@id\":\"https:\/\/noticiasemdestaque.com\/cd\/?p=19512#breadcrumb\"},\"inLanguage\":\"pt-BR\",\"potentialAction\":[{\"@type\":\"ReadAction\",\"target\":[\"https:\/\/noticiasemdestaque.com\/cd\/?p=19512\"]}]},{\"@type\":\"ImageObject\",\"inLanguage\":\"pt-BR\",\"@id\":\"https:\/\/noticiasemdestaque.com\/cd\/?p=19512#primaryimage\",\"url\":\"https:\/\/noticiasemdestaque.com\/cd\/wp-content\/uploads\/2018\/04\/transposicao_monteiro_nova-600x355.jpg\",\"contentUrl\":\"https:\/\/noticiasemdestaque.com\/cd\/wp-content\/uploads\/2018\/04\/transposicao_monteiro_nova-600x355.jpg\",\"width\":600,\"height\":355},{\"@type\":\"BreadcrumbList\",\"@id\":\"https:\/\/noticiasemdestaque.com\/cd\/?p=19512#breadcrumb\",\"itemListElement\":[{\"@type\":\"ListItem\",\"position\":1,\"name\":\"In\u00edcio\",\"item\":\"https:\/\/noticiasemdestaque.com\/cd\/\"},{\"@type\":\"ListItem\",\"position\":2,\"name\":\"Bolsonaro assina decreto para processo de privatiza\u00e7\u00e3o da Transposi\u00e7\u00e3o do S\u00e3o Francisco\"}]},{\"@type\":\"WebSite\",\"@id\":\"https:\/\/noticiasemdestaque.com\/cd\/#website\",\"url\":\"https:\/\/noticiasemdestaque.com\/cd\/\",\"name\":\"Not&iacute;cias em Destaque\",\"description\":\"\",\"publisher\":{\"@id\":\"https:\/\/noticiasemdestaque.com\/cd\/#organization\"},\"potentialAction\":[{\"@type\":\"SearchAction\",\"target\":{\"@type\":\"EntryPoint\",\"urlTemplate\":\"https:\/\/noticiasemdestaque.com\/cd\/?s={search_term_string}\"},\"query-input\":{\"@type\":\"PropertyValueSpecification\",\"valueRequired\":true,\"valueName\":\"search_term_string\"}}],\"inLanguage\":\"pt-BR\"},{\"@type\":\"Organization\",\"@id\":\"https:\/\/noticiasemdestaque.com\/cd\/#organization\",\"name\":\"Not\u00edcias em Destaque\",\"url\":\"https:\/\/noticiasemdestaque.com\/cd\/\",\"logo\":{\"@type\":\"ImageObject\",\"inLanguage\":\"pt-BR\",\"@id\":\"https:\/\/noticiasemdestaque.com\/cd\/#\/schema\/logo\/image\/\",\"url\":\"https:\/\/noticiasemdestaque.com\/cd\/wp-content\/uploads\/2022\/05\/imagem-base-noticiasemdestaque.png\",\"contentUrl\":\"https:\/\/noticiasemdestaque.com\/cd\/wp-content\/uploads\/2022\/05\/imagem-base-noticiasemdestaque.png\",\"width\":1200,\"height\":630,\"caption\":\"Not\u00edcias em Destaque\"},\"image\":{\"@id\":\"https:\/\/noticiasemdestaque.com\/cd\/#\/schema\/logo\/image\/\"}},{\"@type\":\"Person\",\"@id\":\"https:\/\/noticiasemdestaque.com\/cd\/#\/schema\/person\/45ca272b3e1246ef14ebb78a48dbb218\",\"name\":\"Not\u00edcias em Destaque\",\"url\":\"https:\/\/noticiasemdestaque.com\/cd\/?author=2\"}]}<\/script>\n<!-- \/ Yoast SEO plugin. -->","yoast_head_json":{"title":"Bolsonaro assina decreto para processo de privatiza\u00e7\u00e3o da Transposi\u00e7\u00e3o do S\u00e3o Francisco - Not&iacute;cias em Destaque","robots":{"index":"index","follow":"follow","max-snippet":"max-snippet:-1","max-image-preview":"max-image-preview:large","max-video-preview":"max-video-preview:-1"},"canonical":"https:\/\/noticiasemdestaque.com\/cd\/?p=19512","og_locale":"pt_BR","og_type":"article","og_title":"Bolsonaro assina decreto para processo de privatiza\u00e7\u00e3o da Transposi\u00e7\u00e3o do S\u00e3o Francisco - Not&iacute;cias em Destaque","og_description":"O presidente Jair Bolsonaro (PSL) assinou decreto, publicado na edi\u00e7\u00e3o de quinta-feira (5) do Di\u00e1rio Oficial da Uni\u00e3o (DOU), que inclui o Projeto S\u00e3o Francisco de Integra\u00e7\u00e3o de Bacias no \u00e2mbito do Programa de Parcerias de Investimentos da Presid\u00eancia da Rep\u00fablica (PPI). O decreto qualifica o Projeto S\u00e3o Francisco como \u201cobra estrat\u00e9gica para estudos que visem \u00e0 conclus\u00e3o de suas obras e contrato de parceria com o setor privado para sua opera\u00e7\u00e3o e manuten\u00e7\u00e3o\u201d. O artigo segundo do decreto presidencial diz: \u201cO Minist\u00e9rio de Minas e Energia encaminhar\u00e1 ao Conselho Nacional de Pol\u00edtica Energ\u00e9tica \u2013 CPE \u2013 proposta de medidas para realiza\u00e7\u00e3o de leil\u00e3o com vistas \u00e0 redu\u00e7\u00e3o dos custos de energia para a opera\u00e7\u00e3o do PISF\u201d (Projeto de Integra\u00e7\u00e3o do Rio S\u00e3o Francisco com Bacias Hidrogr\u00e1ficas do Nordeste Setentrional\u201d.","og_url":"https:\/\/noticiasemdestaque.com\/cd\/?p=19512","og_site_name":"Not&iacute;cias em Destaque","article_published_time":"2019-09-06T10:20:06+00:00","og_image":[{"width":600,"height":355,"url":"https:\/\/noticiasemdestaque.com\/cd\/wp-content\/uploads\/2018\/04\/transposicao_monteiro_nova-600x355.jpg","type":"image\/jpeg"}],"author":"Not\u00edcias em Destaque","twitter_card":"summary_large_image","twitter_misc":{"Escrito por":"Not\u00edcias em Destaque","Est. tempo de leitura":"1 minuto"},"schema":{"@context":"https:\/\/schema.org","@graph":[{"@type":"Article","@id":"https:\/\/noticiasemdestaque.com\/cd\/?p=19512#article","isPartOf":{"@id":"https:\/\/noticiasemdestaque.com\/cd\/?p=19512"},"author":{"name":"Not\u00edcias em Destaque","@id":"https:\/\/noticiasemdestaque.com\/cd\/#\/schema\/person\/45ca272b3e1246ef14ebb78a48dbb218"},"headline":"Bolsonaro assina decreto para processo de privatiza\u00e7\u00e3o da Transposi\u00e7\u00e3o do S\u00e3o Francisco","datePublished":"2019-09-06T10:20:06+00:00","mainEntityOfPage":{"@id":"https:\/\/noticiasemdestaque.com\/cd\/?p=19512"},"wordCount":162,"publisher":{"@id":"https:\/\/noticiasemdestaque.com\/cd\/#organization"},"image":{"@id":"https:\/\/noticiasemdestaque.com\/cd\/?p=19512#primaryimage"},"thumbnailUrl":"https:\/\/noticiasemdestaque.com\/cd\/wp-content\/uploads\/2018\/04\/transposicao_monteiro_nova-600x355.jpg","articleSection":["Pol\u00edtica"],"inLanguage":"pt-BR"},{"@type":"WebPage","@id":"https:\/\/noticiasemdestaque.com\/cd\/?p=19512","url":"https:\/\/noticiasemdestaque.com\/cd\/?p=19512","name":"Bolsonaro assina decreto para processo de privatiza\u00e7\u00e3o da Transposi\u00e7\u00e3o do S\u00e3o Francisco - Not&iacute;cias em Destaque","isPartOf":{"@id":"https:\/\/noticiasemdestaque.com\/cd\/#website"},"primaryImageOfPage":{"@id":"https:\/\/noticiasemdestaque.com\/cd\/?p=19512#primaryimage"},"image":{"@id":"https:\/\/noticiasemdestaque.com\/cd\/?p=19512#primaryimage"},"thumbnailUrl":"https:\/\/noticiasemdestaque.com\/cd\/wp-content\/uploads\/2018\/04\/transposicao_monteiro_nova-600x355.jpg","datePublished":"2019-09-06T10:20:06+00:00","breadcrumb":{"@id":"https:\/\/noticiasemdestaque.com\/cd\/?p=19512#breadcrumb"},"inLanguage":"pt-BR","potentialAction":[{"@type":"ReadAction","target":["https:\/\/noticiasemdestaque.com\/cd\/?p=19512"]}]},{"@type":"ImageObject","inLanguage":"pt-BR","@id":"https:\/\/noticiasemdestaque.com\/cd\/?p=19512#primaryimage","url":"https:\/\/noticiasemdestaque.com\/cd\/wp-content\/uploads\/2018\/04\/transposicao_monteiro_nova-600x355.jpg","contentUrl":"https:\/\/noticiasemdestaque.com\/cd\/wp-content\/uploads\/2018\/04\/transposicao_monteiro_nova-600x355.jpg","width":600,"height":355},{"@type":"BreadcrumbList","@id":"https:\/\/noticiasemdestaque.com\/cd\/?p=19512#breadcrumb","itemListElement":[{"@type":"ListItem","position":1,"name":"In\u00edcio","item":"https:\/\/noticiasemdestaque.com\/cd\/"},{"@type":"ListItem","position":2,"name":"Bolsonaro assina decreto para processo de privatiza\u00e7\u00e3o da Transposi\u00e7\u00e3o do S\u00e3o Francisco"}]},{"@type":"WebSite","@id":"https:\/\/noticiasemdestaque.com\/cd\/#website","url":"https:\/\/noticiasemdestaque.com\/cd\/","name":"Not&iacute;cias em Destaque","description":"","publisher":{"@id":"https:\/\/noticiasemdestaque.com\/cd\/#organization"},"potentialAction":[{"@type":"SearchAction","target":{"@type":"EntryPoint","urlTemplate":"https:\/\/noticiasemdestaque.com\/cd\/?s={search_term_string}"},"query-input":{"@type":"PropertyValueSpecification","valueRequired":true,"valueName":"search_term_string"}}],"inLanguage":"pt-BR"},{"@type":"Organization","@id":"https:\/\/noticiasemdestaque.com\/cd\/#organization","name":"Not\u00edcias em Destaque","url":"https:\/\/noticiasemdestaque.com\/cd\/","logo":{"@type":"ImageObject","inLanguage":"pt-BR","@id":"https:\/\/noticiasemdestaque.com\/cd\/#\/schema\/logo\/image\/","url":"https:\/\/noticiasemdestaque.com\/cd\/wp-content\/uploads\/2022\/05\/imagem-base-noticiasemdestaque.png","contentUrl":"https:\/\/noticiasemdestaque.com\/cd\/wp-content\/uploads\/2022\/05\/imagem-base-noticiasemdestaque.png","width":1200,"height":630,"caption":"Not\u00edcias em Destaque"},"image":{"@id":"https:\/\/noticiasemdestaque.com\/cd\/#\/schema\/logo\/image\/"}},{"@type":"Person","@id":"https:\/\/noticiasemdestaque.com\/cd\/#\/schema\/person\/45ca272b3e1246ef14ebb78a48dbb218","name":"Not\u00edcias em Destaque","url":"https:\/\/noticiasemdestaque.com\/cd\/?author=2"}]}},"jetpack_featured_media_url":"https:\/\/noticiasemdestaque.com\/cd\/wp-content\/uploads\/2018\/04\/transposicao_monteiro_nova-600x355.jpg","jetpack_sharing_enabled":true,"_links":{"self":[{"href":"https:\/\/noticiasemdestaque.com\/cd\/index.php?rest_route=\/wp\/v2\/posts\/19512","targetHints":{"allow":["GET"]}}],"collection":[{"href":"https:\/\/noticiasemdestaque.com\/cd\/index.php?rest_route=\/wp\/v2\/posts"}],"about":[{"href":"https:\/\/noticiasemdestaque.com\/cd\/index.php?rest_route=\/wp\/v2\/types\/post"}],"author":[{"embeddable":true,"href":"https:\/\/noticiasemdestaque.com\/cd\/index.php?rest_route=\/wp\/v2\/users\/2"}],"replies":[{"embeddable":true,"href":"https:\/\/noticiasemdestaque.com\/cd\/index.php?rest_route=%2Fwp%2Fv2%2Fcomments&post=19512"}],"version-history":[{"count":1,"href":"https:\/\/noticiasemdestaque.com\/cd\/index.php?rest_route=\/wp\/v2\/posts\/19512\/revisions"}],"predecessor-version":[{"id":19513,"href":"https:\/\/noticiasemdestaque.com\/cd\/index.php?rest_route=\/wp\/v2\/posts\/19512\/revisions\/19513"}],"wp:featuredmedia":[{"embeddable":true,"href":"https:\/\/noticiasemdestaque.com\/cd\/index.php?rest_route=\/wp\/v2\/media\/9224"}],"wp:attachment":[{"href":"https:\/\/noticiasemdestaque.com\/cd\/index.php?rest_route=%2Fwp%2Fv2%2Fmedia&parent=19512"}],"wp:term":[{"taxonomy":"category","embeddable":true,"href":"https:\/\/noticiasemdestaque.com\/cd\/index.php?rest_route=%2Fwp%2Fv2%2Fcategories&post=19512"},{"taxonomy":"post_tag","embeddable":true,"href":"https:\/\/noticiasemdestaque.com\/cd\/index.php?rest_route=%2Fwp%2Fv2%2Ftags&post=19512"}],"curies":[{"name":"wp","href":"https:\/\/api.w.org\/{rel}","templated":true}]}}