{"id":1949,"date":"2017-07-17T20:09:03","date_gmt":"2017-07-17T23:09:03","guid":{"rendered":"http:\/\/caririemdestaque.com\/cd\/?p=1949"},"modified":"2017-07-17T20:09:03","modified_gmt":"2017-07-17T23:09:03","slug":"curso-de-maquiagem-do-cras-de-sume-foi-realizado-com-sucesso","status":"publish","type":"post","link":"https:\/\/noticiasemdestaque.com\/cd\/?p=1949","title":{"rendered":"Curso de maquiagem do CRAS de Sum\u00e9 foi realizado com sucesso"},"content":{"rendered":"<p><a href=\"http:\/\/caririemdestaque.com\/cd\/wp-content\/uploads\/2017\/07\/timthumb-9.jpg\"><img fetchpriority=\"high\" decoding=\"async\" class=\"size-medium wp-image-1950 alignleft\" src=\"http:\/\/caririemdestaque.com\/cd\/wp-content\/uploads\/2017\/07\/timthumb-9-300x218.jpg\" alt=\"\" width=\"300\" height=\"218\" srcset=\"https:\/\/noticiasemdestaque.com\/cd\/wp-content\/uploads\/2017\/07\/timthumb-9-300x218.jpg 300w, https:\/\/noticiasemdestaque.com\/cd\/wp-content\/uploads\/2017\/07\/timthumb-9.jpg 547w\" sizes=\"(max-width: 300px) 100vw, 300px\" \/><\/a>O Centro de Refer\u00eancia em Assist\u00eancia Social de Sum\u00e9 (CRAS), atrav\u00e9s da Secretaria de Assist\u00eancia Social, promoveu na \u00faltima sexta-feira e s\u00e1bado, o Curso Profissionalizante de Maquiagem.<\/p>\n<p>Com cerca de 90 alunas, o curso aconteceu em duas etapas, na sexta-feira (14) foi realizado no audit\u00f3rio da Secretaria de Educa\u00e7\u00e3o, direcionado para a maquiagem l\u00fadica, que consiste em um trabalho para atividade de entretenimento, brincadeiras e jogos.<\/p>\n<p>No s\u00e1bado (15), foi trabalhado a maquiagem social, projetada para eventos sociais como casamentos, formaturas, festas, anivers\u00e1rios entre outros.<\/p>\n<p>O curso foi oferecido preferencialmente para mulheres benefici\u00e1rias do Programa Bolsa Fam\u00edlia e ministrado pela profissional Maria de F\u00e1tima Ara\u00fajo.<\/p>\n<p>F\u00e1tima, que tamb\u00e9m \u00e9 escritora, aproveitou a oportunidade para fazer o lan\u00e7amento do seu livro de poesias \u201cN\u00e3o deixe o amor passar\u201d, editora Metanoia.<\/p>\n<p>O lan\u00e7amento aconteceu durante a entrega de certificados das alunas participantes do curso, no s\u00e1bado \u00e0 noite.<\/p>\n<p><strong><em>Cariri em Destaque<\/em><\/strong><\/p>\n<p>Com Ascom\/PMS<\/p>\n","protected":false},"excerpt":{"rendered":"<p>O Centro de Refer\u00eancia em Assist\u00eancia Social de Sum\u00e9 (CRAS), atrav\u00e9s da Secretaria de Assist\u00eancia Social, promoveu na \u00faltima sexta-feira e s\u00e1bado, o Curso Profissionalizante de Maquiagem. Com cerca de 90 alunas, o curso aconteceu em duas etapas, na sexta-feira (14) foi realizado no audit\u00f3rio da Secretaria de Educa\u00e7\u00e3o, direcionado para a maquiagem l\u00fadica, que consiste em um trabalho para atividade de entretenimento, brincadeiras e jogos. No s\u00e1bado (15), foi trabalhado a maquiagem social, projetada para eventos sociais como casamentos, formaturas, festas, anivers\u00e1rios entre outros. O curso foi oferecido preferencialmente para mulheres benefici\u00e1rias do Programa Bolsa Fam\u00edlia e ministrado pela profissional Maria de F\u00e1tima Ara\u00fajo. F\u00e1tima, que tamb\u00e9m \u00e9 escritora, aproveitou a oportunidade para fazer o lan\u00e7amento do seu livro de poesias \u201cN\u00e3o deixe o amor passar\u201d, editora Metanoia. O lan\u00e7amento aconteceu durante a entrega de certificados das alunas participantes do curso, no s\u00e1bado \u00e0 noite. Cariri em Destaque Com Ascom\/PMS<\/p>\n","protected":false},"author":2,"featured_media":1950,"comment_status":"closed","ping_status":"open","sticky":false,"template":"","format":"standard","meta":{"_eb_attr":"","_jetpack_memberships_contains_paid_content":false,"footnotes":""},"categories":[6],"tags":[],"class_list":["post-1949","post","type-post","status-publish","format-standard","has-post-thumbnail","hentry","category-educacao"],"yoast_head":"<!-- This site is optimized with the Yoast SEO plugin v26.5 - https:\/\/yoast.com\/wordpress\/plugins\/seo\/ -->\n<title>Curso de maquiagem do CRAS de Sum\u00e9 foi realizado com sucesso - Not&iacute;cias em Destaque<\/title>\n<meta name=\"robots\" content=\"index, follow, max-snippet:-1, max-image-preview:large, max-video-preview:-1\" \/>\n<link rel=\"canonical\" href=\"https:\/\/noticiasemdestaque.com\/cd\/?p=1949\" \/>\n<meta property=\"og:locale\" content=\"pt_BR\" \/>\n<meta property=\"og:type\" content=\"article\" \/>\n<meta property=\"og:title\" content=\"Curso de maquiagem do CRAS de Sum\u00e9 foi realizado com sucesso - Not&iacute;cias em Destaque\" \/>\n<meta property=\"og:description\" content=\"O Centro de Refer\u00eancia em Assist\u00eancia Social de Sum\u00e9 (CRAS), atrav\u00e9s da Secretaria de Assist\u00eancia Social, promoveu na \u00faltima sexta-feira e s\u00e1bado, o Curso Profissionalizante de Maquiagem. Com cerca de 90 alunas, o curso aconteceu em duas etapas, na sexta-feira (14) foi realizado no audit\u00f3rio da Secretaria de Educa\u00e7\u00e3o, direcionado para a maquiagem l\u00fadica, que consiste em um trabalho para atividade de entretenimento, brincadeiras e jogos. No s\u00e1bado (15), foi trabalhado a maquiagem social, projetada para eventos sociais como casamentos, formaturas, festas, anivers\u00e1rios entre outros. O curso foi oferecido preferencialmente para mulheres benefici\u00e1rias do Programa Bolsa Fam\u00edlia e ministrado pela profissional Maria de F\u00e1tima Ara\u00fajo. F\u00e1tima, que tamb\u00e9m \u00e9 escritora, aproveitou a oportunidade para fazer o lan\u00e7amento do seu livro de poesias \u201cN\u00e3o deixe o amor passar\u201d, editora Metanoia. O lan\u00e7amento aconteceu durante a entrega de certificados das alunas participantes do curso, no s\u00e1bado \u00e0 noite. Cariri em Destaque Com Ascom\/PMS\" \/>\n<meta property=\"og:url\" content=\"https:\/\/noticiasemdestaque.com\/cd\/?p=1949\" \/>\n<meta property=\"og:site_name\" content=\"Not&iacute;cias em Destaque\" \/>\n<meta property=\"article:published_time\" content=\"2017-07-17T23:09:03+00:00\" \/>\n<meta property=\"og:image\" content=\"https:\/\/noticiasemdestaque.com\/cd\/wp-content\/uploads\/2017\/07\/timthumb-9.jpg\" \/>\n\t<meta property=\"og:image:width\" content=\"547\" \/>\n\t<meta property=\"og:image:height\" content=\"398\" \/>\n\t<meta property=\"og:image:type\" content=\"image\/jpeg\" \/>\n<meta name=\"author\" content=\"Not\u00edcias em Destaque\" \/>\n<meta name=\"twitter:card\" content=\"summary_large_image\" \/>\n<meta name=\"twitter:label1\" content=\"Escrito por\" \/>\n\t<meta name=\"twitter:data1\" content=\"Not\u00edcias em Destaque\" \/>\n\t<meta name=\"twitter:label2\" content=\"Est. tempo de leitura\" \/>\n\t<meta name=\"twitter:data2\" content=\"1 minuto\" \/>\n<script type=\"application\/ld+json\" class=\"yoast-schema-graph\">{\"@context\":\"https:\/\/schema.org\",\"@graph\":[{\"@type\":\"Article\",\"@id\":\"https:\/\/noticiasemdestaque.com\/cd\/?p=1949#article\",\"isPartOf\":{\"@id\":\"https:\/\/noticiasemdestaque.com\/cd\/?p=1949\"},\"author\":{\"name\":\"Not\u00edcias em Destaque\",\"@id\":\"https:\/\/noticiasemdestaque.com\/cd\/#\/schema\/person\/47f7d4f55eec17c6b2ca036c5500f6ce\"},\"headline\":\"Curso de maquiagem do CRAS de Sum\u00e9 foi realizado com sucesso\",\"datePublished\":\"2017-07-17T23:09:03+00:00\",\"mainEntityOfPage\":{\"@id\":\"https:\/\/noticiasemdestaque.com\/cd\/?p=1949\"},\"wordCount\":178,\"publisher\":{\"@id\":\"https:\/\/noticiasemdestaque.com\/cd\/#organization\"},\"image\":{\"@id\":\"https:\/\/noticiasemdestaque.com\/cd\/?p=1949#primaryimage\"},\"thumbnailUrl\":\"https:\/\/noticiasemdestaque.com\/cd\/wp-content\/uploads\/2017\/07\/timthumb-9.jpg\",\"articleSection\":[\"Educa\u00e7\u00e3o\"],\"inLanguage\":\"pt-BR\"},{\"@type\":\"WebPage\",\"@id\":\"https:\/\/noticiasemdestaque.com\/cd\/?p=1949\",\"url\":\"https:\/\/noticiasemdestaque.com\/cd\/?p=1949\",\"name\":\"Curso de maquiagem do CRAS de Sum\u00e9 foi realizado com sucesso - Not&iacute;cias em Destaque\",\"isPartOf\":{\"@id\":\"https:\/\/noticiasemdestaque.com\/cd\/#website\"},\"primaryImageOfPage\":{\"@id\":\"https:\/\/noticiasemdestaque.com\/cd\/?p=1949#primaryimage\"},\"image\":{\"@id\":\"https:\/\/noticiasemdestaque.com\/cd\/?p=1949#primaryimage\"},\"thumbnailUrl\":\"https:\/\/noticiasemdestaque.com\/cd\/wp-content\/uploads\/2017\/07\/timthumb-9.jpg\",\"datePublished\":\"2017-07-17T23:09:03+00:00\",\"breadcrumb\":{\"@id\":\"https:\/\/noticiasemdestaque.com\/cd\/?p=1949#breadcrumb\"},\"inLanguage\":\"pt-BR\",\"potentialAction\":[{\"@type\":\"ReadAction\",\"target\":[\"https:\/\/noticiasemdestaque.com\/cd\/?p=1949\"]}]},{\"@type\":\"ImageObject\",\"inLanguage\":\"pt-BR\",\"@id\":\"https:\/\/noticiasemdestaque.com\/cd\/?p=1949#primaryimage\",\"url\":\"https:\/\/noticiasemdestaque.com\/cd\/wp-content\/uploads\/2017\/07\/timthumb-9.jpg\",\"contentUrl\":\"https:\/\/noticiasemdestaque.com\/cd\/wp-content\/uploads\/2017\/07\/timthumb-9.jpg\",\"width\":547,\"height\":398},{\"@type\":\"BreadcrumbList\",\"@id\":\"https:\/\/noticiasemdestaque.com\/cd\/?p=1949#breadcrumb\",\"itemListElement\":[{\"@type\":\"ListItem\",\"position\":1,\"name\":\"In\u00edcio\",\"item\":\"https:\/\/noticiasemdestaque.com\/cd\/\"},{\"@type\":\"ListItem\",\"position\":2,\"name\":\"Curso de maquiagem do CRAS de Sum\u00e9 foi realizado com sucesso\"}]},{\"@type\":\"WebSite\",\"@id\":\"https:\/\/noticiasemdestaque.com\/cd\/#website\",\"url\":\"https:\/\/noticiasemdestaque.com\/cd\/\",\"name\":\"Not&iacute;cias em Destaque\",\"description\":\"\",\"publisher\":{\"@id\":\"https:\/\/noticiasemdestaque.com\/cd\/#organization\"},\"potentialAction\":[{\"@type\":\"SearchAction\",\"target\":{\"@type\":\"EntryPoint\",\"urlTemplate\":\"https:\/\/noticiasemdestaque.com\/cd\/?s={search_term_string}\"},\"query-input\":{\"@type\":\"PropertyValueSpecification\",\"valueRequired\":true,\"valueName\":\"search_term_string\"}}],\"inLanguage\":\"pt-BR\"},{\"@type\":\"Organization\",\"@id\":\"https:\/\/noticiasemdestaque.com\/cd\/#organization\",\"name\":\"Not\u00edcias em Destaque\",\"url\":\"https:\/\/noticiasemdestaque.com\/cd\/\",\"logo\":{\"@type\":\"ImageObject\",\"inLanguage\":\"pt-BR\",\"@id\":\"https:\/\/noticiasemdestaque.com\/cd\/#\/schema\/logo\/image\/\",\"url\":\"https:\/\/noticiasemdestaque.com\/cd\/wp-content\/uploads\/2022\/05\/imagem-base-noticiasemdestaque.png\",\"contentUrl\":\"https:\/\/noticiasemdestaque.com\/cd\/wp-content\/uploads\/2022\/05\/imagem-base-noticiasemdestaque.png\",\"width\":1200,\"height\":630,\"caption\":\"Not\u00edcias em Destaque\"},\"image\":{\"@id\":\"https:\/\/noticiasemdestaque.com\/cd\/#\/schema\/logo\/image\/\"}},{\"@type\":\"Person\",\"@id\":\"https:\/\/noticiasemdestaque.com\/cd\/#\/schema\/person\/47f7d4f55eec17c6b2ca036c5500f6ce\",\"name\":\"Not\u00edcias em Destaque\",\"url\":\"https:\/\/noticiasemdestaque.com\/cd\/?author=2\"}]}<\/script>\n<!-- \/ Yoast SEO plugin. -->","yoast_head_json":{"title":"Curso de maquiagem do CRAS de Sum\u00e9 foi realizado com sucesso - Not&iacute;cias em Destaque","robots":{"index":"index","follow":"follow","max-snippet":"max-snippet:-1","max-image-preview":"max-image-preview:large","max-video-preview":"max-video-preview:-1"},"canonical":"https:\/\/noticiasemdestaque.com\/cd\/?p=1949","og_locale":"pt_BR","og_type":"article","og_title":"Curso de maquiagem do CRAS de Sum\u00e9 foi realizado com sucesso - Not&iacute;cias em Destaque","og_description":"O Centro de Refer\u00eancia em Assist\u00eancia Social de Sum\u00e9 (CRAS), atrav\u00e9s da Secretaria de Assist\u00eancia Social, promoveu na \u00faltima sexta-feira e s\u00e1bado, o Curso Profissionalizante de Maquiagem. Com cerca de 90 alunas, o curso aconteceu em duas etapas, na sexta-feira (14) foi realizado no audit\u00f3rio da Secretaria de Educa\u00e7\u00e3o, direcionado para a maquiagem l\u00fadica, que consiste em um trabalho para atividade de entretenimento, brincadeiras e jogos. No s\u00e1bado (15), foi trabalhado a maquiagem social, projetada para eventos sociais como casamentos, formaturas, festas, anivers\u00e1rios entre outros. O curso foi oferecido preferencialmente para mulheres benefici\u00e1rias do Programa Bolsa Fam\u00edlia e ministrado pela profissional Maria de F\u00e1tima Ara\u00fajo. F\u00e1tima, que tamb\u00e9m \u00e9 escritora, aproveitou a oportunidade para fazer o lan\u00e7amento do seu livro de poesias \u201cN\u00e3o deixe o amor passar\u201d, editora Metanoia. O lan\u00e7amento aconteceu durante a entrega de certificados das alunas participantes do curso, no s\u00e1bado \u00e0 noite. Cariri em Destaque Com Ascom\/PMS","og_url":"https:\/\/noticiasemdestaque.com\/cd\/?p=1949","og_site_name":"Not&iacute;cias em Destaque","article_published_time":"2017-07-17T23:09:03+00:00","og_image":[{"width":547,"height":398,"url":"https:\/\/noticiasemdestaque.com\/cd\/wp-content\/uploads\/2017\/07\/timthumb-9.jpg","type":"image\/jpeg"}],"author":"Not\u00edcias em Destaque","twitter_card":"summary_large_image","twitter_misc":{"Escrito por":"Not\u00edcias em Destaque","Est. tempo de leitura":"1 minuto"},"schema":{"@context":"https:\/\/schema.org","@graph":[{"@type":"Article","@id":"https:\/\/noticiasemdestaque.com\/cd\/?p=1949#article","isPartOf":{"@id":"https:\/\/noticiasemdestaque.com\/cd\/?p=1949"},"author":{"name":"Not\u00edcias em Destaque","@id":"https:\/\/noticiasemdestaque.com\/cd\/#\/schema\/person\/47f7d4f55eec17c6b2ca036c5500f6ce"},"headline":"Curso de maquiagem do CRAS de Sum\u00e9 foi realizado com sucesso","datePublished":"2017-07-17T23:09:03+00:00","mainEntityOfPage":{"@id":"https:\/\/noticiasemdestaque.com\/cd\/?p=1949"},"wordCount":178,"publisher":{"@id":"https:\/\/noticiasemdestaque.com\/cd\/#organization"},"image":{"@id":"https:\/\/noticiasemdestaque.com\/cd\/?p=1949#primaryimage"},"thumbnailUrl":"https:\/\/noticiasemdestaque.com\/cd\/wp-content\/uploads\/2017\/07\/timthumb-9.jpg","articleSection":["Educa\u00e7\u00e3o"],"inLanguage":"pt-BR"},{"@type":"WebPage","@id":"https:\/\/noticiasemdestaque.com\/cd\/?p=1949","url":"https:\/\/noticiasemdestaque.com\/cd\/?p=1949","name":"Curso de maquiagem do CRAS de Sum\u00e9 foi realizado com sucesso - Not&iacute;cias em Destaque","isPartOf":{"@id":"https:\/\/noticiasemdestaque.com\/cd\/#website"},"primaryImageOfPage":{"@id":"https:\/\/noticiasemdestaque.com\/cd\/?p=1949#primaryimage"},"image":{"@id":"https:\/\/noticiasemdestaque.com\/cd\/?p=1949#primaryimage"},"thumbnailUrl":"https:\/\/noticiasemdestaque.com\/cd\/wp-content\/uploads\/2017\/07\/timthumb-9.jpg","datePublished":"2017-07-17T23:09:03+00:00","breadcrumb":{"@id":"https:\/\/noticiasemdestaque.com\/cd\/?p=1949#breadcrumb"},"inLanguage":"pt-BR","potentialAction":[{"@type":"ReadAction","target":["https:\/\/noticiasemdestaque.com\/cd\/?p=1949"]}]},{"@type":"ImageObject","inLanguage":"pt-BR","@id":"https:\/\/noticiasemdestaque.com\/cd\/?p=1949#primaryimage","url":"https:\/\/noticiasemdestaque.com\/cd\/wp-content\/uploads\/2017\/07\/timthumb-9.jpg","contentUrl":"https:\/\/noticiasemdestaque.com\/cd\/wp-content\/uploads\/2017\/07\/timthumb-9.jpg","width":547,"height":398},{"@type":"BreadcrumbList","@id":"https:\/\/noticiasemdestaque.com\/cd\/?p=1949#breadcrumb","itemListElement":[{"@type":"ListItem","position":1,"name":"In\u00edcio","item":"https:\/\/noticiasemdestaque.com\/cd\/"},{"@type":"ListItem","position":2,"name":"Curso de maquiagem do CRAS de Sum\u00e9 foi realizado com sucesso"}]},{"@type":"WebSite","@id":"https:\/\/noticiasemdestaque.com\/cd\/#website","url":"https:\/\/noticiasemdestaque.com\/cd\/","name":"Not&iacute;cias em Destaque","description":"","publisher":{"@id":"https:\/\/noticiasemdestaque.com\/cd\/#organization"},"potentialAction":[{"@type":"SearchAction","target":{"@type":"EntryPoint","urlTemplate":"https:\/\/noticiasemdestaque.com\/cd\/?s={search_term_string}"},"query-input":{"@type":"PropertyValueSpecification","valueRequired":true,"valueName":"search_term_string"}}],"inLanguage":"pt-BR"},{"@type":"Organization","@id":"https:\/\/noticiasemdestaque.com\/cd\/#organization","name":"Not\u00edcias em Destaque","url":"https:\/\/noticiasemdestaque.com\/cd\/","logo":{"@type":"ImageObject","inLanguage":"pt-BR","@id":"https:\/\/noticiasemdestaque.com\/cd\/#\/schema\/logo\/image\/","url":"https:\/\/noticiasemdestaque.com\/cd\/wp-content\/uploads\/2022\/05\/imagem-base-noticiasemdestaque.png","contentUrl":"https:\/\/noticiasemdestaque.com\/cd\/wp-content\/uploads\/2022\/05\/imagem-base-noticiasemdestaque.png","width":1200,"height":630,"caption":"Not\u00edcias em Destaque"},"image":{"@id":"https:\/\/noticiasemdestaque.com\/cd\/#\/schema\/logo\/image\/"}},{"@type":"Person","@id":"https:\/\/noticiasemdestaque.com\/cd\/#\/schema\/person\/47f7d4f55eec17c6b2ca036c5500f6ce","name":"Not\u00edcias em Destaque","url":"https:\/\/noticiasemdestaque.com\/cd\/?author=2"}]}},"jetpack_featured_media_url":"https:\/\/noticiasemdestaque.com\/cd\/wp-content\/uploads\/2017\/07\/timthumb-9.jpg","jetpack_sharing_enabled":true,"_links":{"self":[{"href":"https:\/\/noticiasemdestaque.com\/cd\/index.php?rest_route=\/wp\/v2\/posts\/1949","targetHints":{"allow":["GET"]}}],"collection":[{"href":"https:\/\/noticiasemdestaque.com\/cd\/index.php?rest_route=\/wp\/v2\/posts"}],"about":[{"href":"https:\/\/noticiasemdestaque.com\/cd\/index.php?rest_route=\/wp\/v2\/types\/post"}],"author":[{"embeddable":true,"href":"https:\/\/noticiasemdestaque.com\/cd\/index.php?rest_route=\/wp\/v2\/users\/2"}],"replies":[{"embeddable":true,"href":"https:\/\/noticiasemdestaque.com\/cd\/index.php?rest_route=%2Fwp%2Fv2%2Fcomments&post=1949"}],"version-history":[{"count":1,"href":"https:\/\/noticiasemdestaque.com\/cd\/index.php?rest_route=\/wp\/v2\/posts\/1949\/revisions"}],"predecessor-version":[{"id":1951,"href":"https:\/\/noticiasemdestaque.com\/cd\/index.php?rest_route=\/wp\/v2\/posts\/1949\/revisions\/1951"}],"wp:featuredmedia":[{"embeddable":true,"href":"https:\/\/noticiasemdestaque.com\/cd\/index.php?rest_route=\/wp\/v2\/media\/1950"}],"wp:attachment":[{"href":"https:\/\/noticiasemdestaque.com\/cd\/index.php?rest_route=%2Fwp%2Fv2%2Fmedia&parent=1949"}],"wp:term":[{"taxonomy":"category","embeddable":true,"href":"https:\/\/noticiasemdestaque.com\/cd\/index.php?rest_route=%2Fwp%2Fv2%2Fcategories&post=1949"},{"taxonomy":"post_tag","embeddable":true,"href":"https:\/\/noticiasemdestaque.com\/cd\/index.php?rest_route=%2Fwp%2Fv2%2Ftags&post=1949"}],"curies":[{"name":"wp","href":"https:\/\/api.w.org\/{rel}","templated":true}]}}